{"id":10831,"date":"2026-09-03T04:07:10","date_gmt":"2026-09-03T07:07:10","guid":{"rendered":"https:\/\/radioportoseguro.com.br\/site\/2026\/09\/03\/eleicoes-2026-entidades-evangelicas-declaram-apoio-a-reeleicao-de-lula\/"},"modified":"2026-09-03T04:07:10","modified_gmt":"2026-09-03T07:07:10","slug":"eleicoes-2026-entidades-evangelicas-declaram-apoio-a-reeleicao-de-lula","status":"publish","type":"post","link":"https:\/\/radioportoseguro.com.br\/site\/2026\/09\/03\/eleicoes-2026-entidades-evangelicas-declaram-apoio-a-reeleicao-de-lula\/","title":{"rendered":"Elei\u00e7\u00f5es 2026: Entidades evang\u00e9licas declaram apoio \u00e0 reelei\u00e7\u00e3o de Lula"},"content":{"rendered":"<p><br \/>\n<\/p>\n<div>\n<div class=\"td-post-featured-image\">\n<figure><figcaption class=\"wp-caption-text\">Presidente Luiz In\u00e1cio Lula da Silva (Foto: Marcelo Camargo\/Ag\u00eancia Brasil)<\/figcaption><\/figure>\n<\/div>\n<p> <!-- A generated by theme --> <\/p>\n<p> <!-- end A --> <\/p>\n<p class=\"wp-block-paragraph\">A campanha pela reelei\u00e7\u00e3o do presidente Luiz In\u00e1cio Lula da Silva recebeu o apoio formal de tr\u00eas importantes organiza\u00e7\u00f5es evang\u00e9licas do Rio de Janeiro. Em carta aberta publicada em 31 de agosto de 2026, as entidades justificaram a decis\u00e3o associando o compromisso social do governo aos ensinamentos b\u00edblicos de amparo aos mais necessitados.<\/p>\n<p class=\"wp-block-paragraph\">O manifesto foi assinado pela Associa\u00e7\u00e3o das Igrejas e Templos Evang\u00e9licos de M\u00e9dio e Pequeno Portes do Estado do Rio de Janeiro (<strong>AITEMPERJ<\/strong>), pela Associa\u00e7\u00e3o de Mulheres Evang\u00e9licas com Cristo e Pela Vida (<strong>AMEVIDA<\/strong>) e pelo Movimento Jesus Libertador (<strong>MJL-RJ<\/strong>). O grupo defende que cuidar dos mais vulner\u00e1veis \u00e9 uma express\u00e3o direta da f\u00e9 crist\u00e3.<\/p>\n<h2 class=\"wp-block-heading\">A fundamenta\u00e7\u00e3o b\u00edblica e o foco nas pol\u00edticas sociais<\/h2>\n<p class=\"wp-block-paragraph\">No documento conjunto, as lideran\u00e7as evang\u00e9licas sustentam que f\u00e9 e compromisso social andam lado a lado. A argumenta\u00e7\u00e3o cita passagens b\u00edblicas tradicionais, como Prov\u00e9rbios 31:8-9 e Isa\u00edas 1:17, que exortam a defesa dos direitos dos pobres, necessitados e oprimidos. O texto tamb\u00e9m destaca Mateus 5:6 ao citar a busca pela justi\u00e7a divina na Terra.<\/p>\n<p class=\"wp-block-paragraph\">A partir dessa interpreta\u00e7\u00e3o, as associa\u00e7\u00f5es listam programas sociais como reflexos pr\u00e1ticos do amor ao pr\u00f3ximo. Entre os destaques est\u00e3o o Bolsa Fam\u00edlia, o Minha Casa Minha Vida, o Farm\u00e1cia Popular, o P\u00e9-de-Meia e o fortalecimento do Sistema \u00danico de Sa\u00fade (SUS).<\/p>\n<p class=\"wp-block-paragraph\">O documento destaca ainda o programa G\u00e1s do Povo, que em 2026 tornou-se pol\u00edtica p\u00fablica permanente por meio da Lei n\u00ba 15.348, assegurando a gratuidade da recarga do g\u00e1s de cozinha para as fam\u00edlias de baixa renda eleg\u00edveis.<\/p>\n<h2 class=\"wp-block-heading\">Leis hist\u00f3ricas que regulamentam a presen\u00e7a evang\u00e9lica no pa\u00eds<\/h2>\n<p class=\"wp-block-paragraph\">Al\u00e9m da agenda de assist\u00eancia social, as entidades ressaltam que os governos de Lula foram respons\u00e1veis pela san\u00e7\u00e3o de legisla\u00e7\u00f5es cruciais para o reconhecimento e funcionamento das institui\u00e7\u00f5es religiosas no Brasil. A carta elenca as seguintes medidas como provas de respeito \u00e0 liberdade de culto:<\/p>\n<p> <!-- A generated by theme --> <\/p>\n<p> <!-- end A --> <\/p>\n<ul class=\"wp-block-list\">\n<li><strong>Lei n\u00ba 10.825\/2003:<\/strong> Garantiu personalidade jur\u00eddica pr\u00f3pria \u00e0s organiza\u00e7\u00f5es religiosas, assegurando liberdade de cria\u00e7\u00e3o e funcionamento interno.<\/li>\n<li><strong>Lei n\u00ba 12.025\/2009:<\/strong> Criou o Dia Nacional da Marcha para Jesus.<\/li>\n<li><strong>Lei n\u00ba 12.328\/2010:<\/strong> Instituiu o Dia Nacional do Evang\u00e9lico, celebrado em 30 de novembro.<\/li>\n<li><strong>Lei n\u00ba 14.970\/2024:<\/strong> Estabeleceu o Dia Nacional da Pastora Evang\u00e9lica e do Pastor Evang\u00e9lico.<\/li>\n<li><strong>Lei n\u00ba 14.969\/2024:<\/strong> Reconheceu as express\u00f5es art\u00edsticas crist\u00e3s e as influ\u00eancias do cristianismo como manifesta\u00e7\u00e3o cultural brasileira.<\/li>\n<\/ul>\n<p class=\"wp-block-paragraph\">Para as associa\u00e7\u00f5es, esse conjunto de leis mostra que os evang\u00e9licos s\u00e3o parte ativa do desenvolvimento do pa\u00eds e t\u00eam sua liberdade de cren\u00e7a e express\u00e3o plenamente respeitadas sob a atual gest\u00e3o federal.<\/p>\n<h2 class=\"wp-block-heading\">O impacto estrat\u00e9gico na disputa eleitoral de 2026<\/h2>\n<p class=\"wp-block-paragraph\">Apesar de o manifesto carregar um forte simbolismo, analistas apontam que a influ\u00eancia direta dessas tr\u00eas entidades \u00e9 restrita, concentrando-se no estado do Rio de Janeiro. A manifesta\u00e7\u00e3o n\u00e3o representa uma ades\u00e3o autom\u00e1tica de todo o eleitorado evang\u00e9lico, que \u00e9 plural, descentralizado e composto por diferentes correntes teol\u00f3gicas.<\/p>\n<p class=\"wp-block-paragraph\">De acordo com dados do Censo de 2022, o segmento evang\u00e9lico no Brasil soma 47,4 milh\u00f5es de pessoas, correspondendo a 26,9% da popula\u00e7\u00e3o com 10 anos ou mais. Esse peso demogr\u00e1fico torna o grupo um dos principais focos de disputa nas campanhas presidenciais.<\/p>\n<p class=\"wp-block-paragraph\">Pesquisas recentes indicam que a maioria do p\u00fablico evang\u00e9lico mant\u00e9m maior proximidade com candidaturas de direita, registrando vantagem de Fl\u00e1vio Bolsonaro (PL) sobre Lula. \u00c9 diante desse cen\u00e1rio que a campanha governista intensifica o di\u00e1logo com setores progressistas da igreja, buscando demonstrar que os valores crist\u00e3os tamb\u00e9m dialogam com a justi\u00e7a social e o combate \u00e0 fome.<\/p>\n<p class=\"wp-block-paragraph\">O apoio dessas entidades fluminenses n\u00e3o se limita ao Executivo. O documento oficial tamb\u00e9m declara voto na deputada Benedita da Silva (PT) para o Senado, refor\u00e7ando a mobiliza\u00e7\u00e3o em torno de uma plataforma comum. Na reta final da mensagem, as organiza\u00e7\u00f5es convocam os fi\u00e9is a orarem por um processo eleitoral pac\u00edfico, seguro e democr\u00e1tico para todos os brasileiros.<\/p>\n<h2 class=\"wp-block-heading\">Leia a carta na \u00edntegra<\/h2>\n<p class=\"wp-block-paragraph\"><em>\u201cAITEMPERJ, AMEVIDA E MOVIMENTO JESUS LIBERTADOR DECLARAM APOIO A REELEI\u00c7\u00c3O DO PRESIDENTE LULA<\/em><\/p>\n<p class=\"wp-block-paragraph\"><em>A Associa\u00e7\u00e3o das Igrejas e Templos Evang\u00e9licos de M\u00e9dio e Pequeno Portes do Estado do Rio de Janeiro \u2013 AITEMPERJ, reunindo pastores, pastoras, lideran\u00e7as, igrejas e templos evang\u00e9licos, a Associa\u00e7\u00e3o de Mulheres Evang\u00e9licas com Cristo e Pela Vida \u2013 AMEVIDA e o Movimento Jesus Libertador (MJL-RJ), v\u00eam a p\u00fablico manifestar seu apoio \u00e0 reelei\u00e7\u00e3o do Presidente Luiz In\u00e1cio Lula da Silva, por entendermos que seu compromisso com a vida, a dignidade e os direitos do povo brasileiro, especialmente das pessoas mais vulner\u00e1veis, dialoga com valores fundamentais da f\u00e9 crist\u00e3.<\/em><\/p>\n<p class=\"wp-block-paragraph\"><em>Nossa posi\u00e7\u00e3o nasce da compreens\u00e3o de que f\u00e9 e compromisso social n\u00e3o s\u00e3o caminhos separados. O Evangelho de Jesus Cristo nos chama a amar o pr\u00f3ximo, defender os que sofrem, combater a injusti\u00e7a e cuidar daqueles que mais precisam.<\/em><\/p>\n<p class=\"wp-block-paragraph\"><em>A B\u00edblia nos ensina:<\/em><br \/><em>\u201cDefenda os direitos dos que n\u00e3o podem se defender, dos que est\u00e3o desamparados. Fale e julgue com justi\u00e7a; defenda os direitos dos pobres e necessitados.\u201d Prov\u00e9rbios 31:8-9.<\/em><\/p>\n<p class=\"wp-block-paragraph\"><em>E tamb\u00e9m:<\/em><br \/><em>\u201cAprendam a fazer o bem; busquem a justi\u00e7a, socorram o oprimido, fa\u00e7am justi\u00e7a aos \u00f3rf\u00e3os, pleiteiem a causa das vi\u00favas.\u201d Isa\u00edas 1:17.<\/em><\/p>\n<p class=\"wp-block-paragraph\"><em>\u00c9 nessa perspectiva que reconhecemos a import\u00e2ncia das pol\u00edticas p\u00fablicas implementadas e fortalecidas nos governos do Presidente Lula, entre elas o Bolsa Fam\u00edlia, Minha Casa Minha Vida, Farm\u00e1cia Popular, P\u00e9-de-Meia, o fortalecimento do Sistema \u00danico de Sa\u00fade \u2013 SUS e o G\u00e1s do Povo, entre tantas outras iniciativas voltadas \u00e0 prote\u00e7\u00e3o social, \u00e0 redu\u00e7\u00e3o das desigualdades e \u00e0 promo\u00e7\u00e3o da dignidade humana.<\/em><\/p>\n<p class=\"wp-block-paragraph\"><em>O G\u00e1s do Povo, por exemplo, tornou-se pol\u00edtica p\u00fablica permanente em 2026 por meio da Lei n\u00ba 15.348, garantindo a gratuidade da recarga de g\u00e1s de cozinha para fam\u00edlias de baixa renda eleg\u00edveis.<\/em><\/p>\n<p class=\"wp-block-paragraph\"><em>Para n\u00f3s, cuidar dos pobres, alimentar quem tem fome, proteger as fam\u00edlias, ampliar o acesso \u00e0 sa\u00fade, garantir moradia e criar oportunidades para a juventude s\u00e3o tamb\u00e9m express\u00f5es concretas do amor ao pr\u00f3ximo e da busca pela justi\u00e7a, valores presentes no verdadeiro Evangelho de Jesus Cristo.<\/em><\/p>\n<p class=\"wp-block-paragraph\"><em>O RESPEITO E A VALORIZA\u00c7\u00c3O DO POVO EVANG\u00c9LICO<\/em><\/p>\n<p class=\"wp-block-paragraph\"><em>Tamb\u00e9m reconhecemos que, durante os governos do Presidente Lula, foram sancionadas importantes leis relacionadas \u00e0 valoriza\u00e7\u00e3o e ao reconhecimento da presen\u00e7a evang\u00e9lica e crist\u00e3 na sociedade brasileira.<\/em><\/p>\n<p class=\"wp-block-paragraph\"><em>Entre elas, destacamos:<\/em><\/p>\n<p class=\"wp-block-paragraph\"><em>Lei n\u00ba 10.825\/2003, que reconheceu as organiza\u00e7\u00f5es religiosas como pessoas jur\u00eddicas de direito privado e assegurou liberdade para sua cria\u00e7\u00e3o, organiza\u00e7\u00e3o, estrutura\u00e7\u00e3o interna e funcionamento.<\/em><\/p>\n<p class=\"wp-block-paragraph\"><em>Lei n\u00ba 12.025\/2009, que instituiu o Dia Nacional da Marcha para Jesus.<\/em><\/p>\n<p class=\"wp-block-paragraph\"><em>Lei n\u00ba 12.328\/2010, que instituiu o Dia Nacional do Evang\u00e9lico, celebrado em 30 de novembro.<\/em><\/p>\n<p class=\"wp-block-paragraph\"><em>Lei n\u00ba 14.970\/2024, que instituiu o Dia Nacional da Pastora Evang\u00e9lica e do Pastor Evang\u00e9lico.<\/em><\/p>\n<p class=\"wp-block-paragraph\"><em>Lei n\u00ba 14.969\/2024, que reconheceu as express\u00f5es art\u00edsticas crist\u00e3s e as influ\u00eancias do cristianismo como manifesta\u00e7\u00e3o cultural nacional.<\/em><\/p>\n<p class=\"wp-block-paragraph\"><em>Essas conquistas demonstram que o povo evang\u00e9lico faz parte da constru\u00e7\u00e3o do Brasil e merece ser respeitado em sua diversidade, liberdade de culto, express\u00e3o de f\u00e9 e participa\u00e7\u00e3o cidad\u00e3.<\/em><\/p>\n<p class=\"wp-block-paragraph\"><em>UM COMPROMISSO COM A FAM\u00cdLIA, A DEMOCRACIA E A SOBERANIA<\/em><\/p>\n<p class=\"wp-block-paragraph\"><em>A AITEMPERJ, a AMEVIDA e o MOVIMENTO JESUS LIBERTADOR tamb\u00e9m reconhecem no Presidente Lula um compromisso com a defesa das fam\u00edlias brasileiras, com o respeito \u00e0s diferentes religi\u00f5es e a todas as express\u00f5es de f\u00e9, com a democracia, com a conviv\u00eancia entre diferentes e com a soberania nacional.<\/em><\/p>\n<p class=\"wp-block-paragraph\"><em>Defendemos um Brasil onde ningu\u00e9m seja perseguido por sua f\u00e9, onde todas as religi\u00f5es possam exercer livremente sua miss\u00e3o e onde o Estado respeite a liberdade religiosa garantida pela Constitui\u00e7\u00e3o.<\/em><\/p>\n<p class=\"wp-block-paragraph\"><em>Queremos um Brasil onde a pol\u00edtica esteja a servi\u00e7o da vida, da justi\u00e7a, da paz, da dignidade humana e do bem comum.<\/em><\/p>\n<p class=\"wp-block-paragraph\"><em>ORAMOS E TRABALHAMOS POR UM BRASIL JUSTO!<\/em><\/p>\n<p class=\"wp-block-paragraph\"><em>Por tudo isso, a AITEMPERJ, a AMEVIDA e o MOVIMENTO JESUS LIBERTADOR declaram seu apoio \u00e0 reelei\u00e7\u00e3o do Presidente Lula.<\/em><\/p>\n<p class=\"wp-block-paragraph\"><em>N\u00e3o fazemos isso apenas por uma escolha pol\u00edtica, mas por entendermos que orar tamb\u00e9m \u00e9 assumir responsabilidades diante da realidade que nos cerca.<\/em><\/p>\n<p class=\"wp-block-paragraph\"><em>Oramos por elei\u00e7\u00f5es limpas, democr\u00e1ticas e pac\u00edficas. Oramos pela vida e pela seguran\u00e7a de todas as candidatas e de todos os candidatos. Oramos para que Deus d\u00ea sabedoria ao povo brasileiro em suas escolhas. Oramos para que o Brasil continue avan\u00e7ando na supera\u00e7\u00e3o da fome, da pobreza, das desigualdades e de toda forma de exclus\u00e3o.<\/em><\/p>\n<p class=\"wp-block-paragraph\"><em>E oramos pela vit\u00f3ria do Presidente Lula e tamb\u00e9m da nossa irm\u00e3 Benedita da Silva para o Senado, na convic\u00e7\u00e3o de que, para n\u00f3s, a vit\u00f3ria de um projeto comprometido com a vida e com os mais vulner\u00e1veis tamb\u00e9m representa uma vit\u00f3ria do nosso povo.<\/em><\/p>\n<p class=\"wp-block-paragraph\"><em>Como crist\u00e3os e crist\u00e3s, seguiremos orando e trabalhando por um Brasil justo, onde a justi\u00e7a n\u00e3o seja apenas uma palavra, mas uma pr\u00e1tica cotidiana.<\/em><br \/><em>\u201cBem-aventurados os que t\u00eam fome e sede de justi\u00e7a, porque ser\u00e3o fartos.\u201d Mateus 5:6.<\/em><\/p>\n<p class=\"wp-block-paragraph\"><em>Rio de Janeiro, 31 de agosto de 2026.<\/em><\/p>\n<p class=\"wp-block-paragraph\"><em>AITEMPERJ \u2013 Associa\u00e7\u00e3o das Igrejas e Templos Evang\u00e9licos de M\u00e9dio e Pequeno Portes do Estado do Rio de Janeiro.<\/em><\/p>\n<p class=\"wp-block-paragraph\"><em>AMEVIDA \u2013 Associa\u00e7\u00e3o de Mulheres Evang\u00e9licas com Cristo e Pela Vida.<\/em><\/p>\n<p class=\"wp-block-paragraph\"><em>MJL \u2013 Movimento Jesus Libertador\/RJ.\u201d<\/em><\/p>\n<p> <!-- A generated by theme --> <\/p>\n<p> <!-- end A --> <\/p><\/div>\n<p><script>(function (d, s, id) {\n                var js, fjs = d.getElementsByTagName(s)[0];\n                if (d.getElementById(id)) return;\n                js = d.createElement(s);\n                js.id = id;\n                js.src=\"https:\/\/connect.facebook.net\/pt_BR\/sdk.js#xfbml=1&version=v2.11&appId=264312870658742&autoLogAppEvents=1\";\n                fjs.parentNode.insertBefore(js, fjs);\n            }(document, 'script', 'facebook-jssdk'));<\/script><br \/>\n<br \/><br \/>\n<br \/>Fonte: Folha Gospel<\/p>\n","protected":false},"excerpt":{"rendered":"<p>Presidente Luiz In\u00e1cio Lula da Silva (Foto: Marcelo Camargo\/Ag\u00eancia Brasil) A campanha pela reelei\u00e7\u00e3o do presidente Luiz In\u00e1cio Lula da Silva recebeu o apoio formal de tr\u00eas importantes organiza\u00e7\u00f5es evang\u00e9licas do Rio de Janeiro. Em carta aberta publicada em 31 de agosto de 2026, as entidades justificaram a decis\u00e3o associando o compromisso social do governo [&hellip;]<\/p>\n","protected":false},"author":1,"featured_media":6228,"comment_status":"","ping_status":"open","sticky":false,"template":"","format":"standard","meta":{"footnotes":""},"categories":[3],"tags":[],"class_list":["post-10831","post","type-post","status-publish","format-standard","has-post-thumbnail","hentry","category-gospel"],"yoast_head":"<!-- This site is optimized with the Yoast SEO plugin v26.8 - https:\/\/yoast.com\/product\/yoast-seo-wordpress\/ -->\n<title>Elei\u00e7\u00f5es 2026: Entidades evang\u00e9licas declaram apoio \u00e0 reelei\u00e7\u00e3o de Lula - R\u00e1dio Porto Seguro<\/title>\n<meta name=\"robots\" content=\"index, follow, max-snippet:-1, max-image-preview:large, max-video-preview:-1\" \/>\n<link rel=\"canonical\" href=\"https:\/\/radioportoseguro.com.br\/site\/2026\/09\/03\/eleicoes-2026-entidades-evangelicas-declaram-apoio-a-reeleicao-de-lula\/\" \/>\n<meta property=\"og:locale\" content=\"pt_BR\" \/>\n<meta property=\"og:type\" content=\"article\" \/>\n<meta property=\"og:title\" content=\"Elei\u00e7\u00f5es 2026: Entidades evang\u00e9licas declaram apoio \u00e0 reelei\u00e7\u00e3o de Lula - R\u00e1dio Porto Seguro\" \/>\n<meta property=\"og:description\" content=\"Presidente Luiz In\u00e1cio Lula da Silva (Foto: Marcelo Camargo\/Ag\u00eancia Brasil) A campanha pela reelei\u00e7\u00e3o do presidente Luiz In\u00e1cio Lula da Silva recebeu o apoio formal de tr\u00eas importantes organiza\u00e7\u00f5es evang\u00e9licas do Rio de Janeiro. Em carta aberta publicada em 31 de agosto de 2026, as entidades justificaram a decis\u00e3o associando o compromisso social do governo [&hellip;]\" \/>\n<meta property=\"og:url\" content=\"https:\/\/radioportoseguro.com.br\/site\/2026\/09\/03\/eleicoes-2026-entidades-evangelicas-declaram-apoio-a-reeleicao-de-lula\/\" \/>\n<meta property=\"og:site_name\" content=\"R\u00e1dio Porto Seguro\" \/>\n<meta property=\"article:published_time\" content=\"2026-09-03T07:07:10+00:00\" \/>\n<meta property=\"og:image\" content=\"https:\/\/i0.wp.com\/folhagospel.com\/wp-content\/uploads\/2024\/03\/lula-presidente.webp?resize=696%2C522&amp;ssl=1\" \/>\n<meta name=\"author\" content=\"admin\" \/>\n<meta name=\"twitter:card\" content=\"summary_large_image\" \/>\n<meta name=\"twitter:label1\" content=\"Escrito por\" \/>\n\t<meta name=\"twitter:data1\" content=\"admin\" \/>\n\t<meta name=\"twitter:label2\" content=\"Est. tempo de leitura\" \/>\n\t<meta name=\"twitter:data2\" content=\"8 minutos\" \/>\n<script type=\"application\/ld+json\" class=\"yoast-schema-graph\">{\"@context\":\"https:\/\/schema.org\",\"@graph\":[{\"@type\":\"Article\",\"@id\":\"https:\/\/radioportoseguro.com.br\/site\/2026\/09\/03\/eleicoes-2026-entidades-evangelicas-declaram-apoio-a-reeleicao-de-lula\/#article\",\"isPartOf\":{\"@id\":\"https:\/\/radioportoseguro.com.br\/site\/2026\/09\/03\/eleicoes-2026-entidades-evangelicas-declaram-apoio-a-reeleicao-de-lula\/\"},\"author\":{\"name\":\"admin\",\"@id\":\"https:\/\/radioportoseguro.com.br\/site\/#\/schema\/person\/7630acdc320186f13639d3c067ec089b\"},\"headline\":\"Elei\u00e7\u00f5es 2026: Entidades evang\u00e9licas declaram apoio \u00e0 reelei\u00e7\u00e3o de Lula\",\"datePublished\":\"2026-09-03T07:07:10+00:00\",\"mainEntityOfPage\":{\"@id\":\"https:\/\/radioportoseguro.com.br\/site\/2026\/09\/03\/eleicoes-2026-entidades-evangelicas-declaram-apoio-a-reeleicao-de-lula\/\"},\"wordCount\":1664,\"image\":{\"@id\":\"https:\/\/radioportoseguro.com.br\/site\/2026\/09\/03\/eleicoes-2026-entidades-evangelicas-declaram-apoio-a-reeleicao-de-lula\/#primaryimage\"},\"thumbnailUrl\":\"https:\/\/radioportoseguro.com.br\/site\/wp-content\/uploads\/2026\/04\/lula-presidente.webp.webp\",\"articleSection\":[\"Gospel\"],\"inLanguage\":\"pt-BR\"},{\"@type\":\"WebPage\",\"@id\":\"https:\/\/radioportoseguro.com.br\/site\/2026\/09\/03\/eleicoes-2026-entidades-evangelicas-declaram-apoio-a-reeleicao-de-lula\/\",\"url\":\"https:\/\/radioportoseguro.com.br\/site\/2026\/09\/03\/eleicoes-2026-entidades-evangelicas-declaram-apoio-a-reeleicao-de-lula\/\",\"name\":\"Elei\u00e7\u00f5es 2026: Entidades evang\u00e9licas declaram apoio \u00e0 reelei\u00e7\u00e3o de Lula - R\u00e1dio Porto Seguro\",\"isPartOf\":{\"@id\":\"https:\/\/radioportoseguro.com.br\/site\/#website\"},\"primaryImageOfPage\":{\"@id\":\"https:\/\/radioportoseguro.com.br\/site\/2026\/09\/03\/eleicoes-2026-entidades-evangelicas-declaram-apoio-a-reeleicao-de-lula\/#primaryimage\"},\"image\":{\"@id\":\"https:\/\/radioportoseguro.com.br\/site\/2026\/09\/03\/eleicoes-2026-entidades-evangelicas-declaram-apoio-a-reeleicao-de-lula\/#primaryimage\"},\"thumbnailUrl\":\"https:\/\/radioportoseguro.com.br\/site\/wp-content\/uploads\/2026\/04\/lula-presidente.webp.webp\",\"datePublished\":\"2026-09-03T07:07:10+00:00\",\"author\":{\"@id\":\"https:\/\/radioportoseguro.com.br\/site\/#\/schema\/person\/7630acdc320186f13639d3c067ec089b\"},\"breadcrumb\":{\"@id\":\"https:\/\/radioportoseguro.com.br\/site\/2026\/09\/03\/eleicoes-2026-entidades-evangelicas-declaram-apoio-a-reeleicao-de-lula\/#breadcrumb\"},\"inLanguage\":\"pt-BR\",\"potentialAction\":[{\"@type\":\"ReadAction\",\"target\":[\"https:\/\/radioportoseguro.com.br\/site\/2026\/09\/03\/eleicoes-2026-entidades-evangelicas-declaram-apoio-a-reeleicao-de-lula\/\"]}]},{\"@type\":\"ImageObject\",\"inLanguage\":\"pt-BR\",\"@id\":\"https:\/\/radioportoseguro.com.br\/site\/2026\/09\/03\/eleicoes-2026-entidades-evangelicas-declaram-apoio-a-reeleicao-de-lula\/#primaryimage\",\"url\":\"https:\/\/radioportoseguro.com.br\/site\/wp-content\/uploads\/2026\/04\/lula-presidente.webp.webp\",\"contentUrl\":\"https:\/\/radioportoseguro.com.br\/site\/wp-content\/uploads\/2026\/04\/lula-presidente.webp.webp\",\"width\":1024,\"height\":768},{\"@type\":\"BreadcrumbList\",\"@id\":\"https:\/\/radioportoseguro.com.br\/site\/2026\/09\/03\/eleicoes-2026-entidades-evangelicas-declaram-apoio-a-reeleicao-de-lula\/#breadcrumb\",\"itemListElement\":[{\"@type\":\"ListItem\",\"position\":1,\"name\":\"In\u00edcio\",\"item\":\"https:\/\/radioportoseguro.com.br\/site\/\"},{\"@type\":\"ListItem\",\"position\":2,\"name\":\"Elei\u00e7\u00f5es 2026: Entidades evang\u00e9licas declaram apoio \u00e0 reelei\u00e7\u00e3o de Lula\"}]},{\"@type\":\"WebSite\",\"@id\":\"https:\/\/radioportoseguro.com.br\/site\/#website\",\"url\":\"https:\/\/radioportoseguro.com.br\/site\/\",\"name\":\"R\u00e1dio Porto Seguro\",\"description\":\"\",\"potentialAction\":[{\"@type\":\"SearchAction\",\"target\":{\"@type\":\"EntryPoint\",\"urlTemplate\":\"https:\/\/radioportoseguro.com.br\/site\/?s={search_term_string}\"},\"query-input\":{\"@type\":\"PropertyValueSpecification\",\"valueRequired\":true,\"valueName\":\"search_term_string\"}}],\"inLanguage\":\"pt-BR\"},{\"@type\":\"Person\",\"@id\":\"https:\/\/radioportoseguro.com.br\/site\/#\/schema\/person\/7630acdc320186f13639d3c067ec089b\",\"name\":\"admin\",\"image\":{\"@type\":\"ImageObject\",\"inLanguage\":\"pt-BR\",\"@id\":\"https:\/\/radioportoseguro.com.br\/site\/#\/schema\/person\/image\/\",\"url\":\"https:\/\/secure.gravatar.com\/avatar\/caacf4dc1eedb68fab0df8e1ed46c448e578b2466351bbcb61e47d2ac0caaef0?s=96&d=mm&r=g\",\"contentUrl\":\"https:\/\/secure.gravatar.com\/avatar\/caacf4dc1eedb68fab0df8e1ed46c448e578b2466351bbcb61e47d2ac0caaef0?s=96&d=mm&r=g\",\"caption\":\"admin\"},\"sameAs\":[\"https:\/\/radioportoseguro.com.br\/site\"],\"url\":\"https:\/\/radioportoseguro.com.br\/site\/author\/hezio\/\"}]}<\/script>\n<!-- \/ Yoast SEO plugin. -->","yoast_head_json":{"title":"Elei\u00e7\u00f5es 2026: Entidades evang\u00e9licas declaram apoio \u00e0 reelei\u00e7\u00e3o de Lula - R\u00e1dio Porto Seguro","robots":{"index":"index","follow":"follow","max-snippet":"max-snippet:-1","max-image-preview":"max-image-preview:large","max-video-preview":"max-video-preview:-1"},"canonical":"https:\/\/radioportoseguro.com.br\/site\/2026\/09\/03\/eleicoes-2026-entidades-evangelicas-declaram-apoio-a-reeleicao-de-lula\/","og_locale":"pt_BR","og_type":"article","og_title":"Elei\u00e7\u00f5es 2026: Entidades evang\u00e9licas declaram apoio \u00e0 reelei\u00e7\u00e3o de Lula - R\u00e1dio Porto Seguro","og_description":"Presidente Luiz In\u00e1cio Lula da Silva (Foto: Marcelo Camargo\/Ag\u00eancia Brasil) A campanha pela reelei\u00e7\u00e3o do presidente Luiz In\u00e1cio Lula da Silva recebeu o apoio formal de tr\u00eas importantes organiza\u00e7\u00f5es evang\u00e9licas do Rio de Janeiro. Em carta aberta publicada em 31 de agosto de 2026, as entidades justificaram a decis\u00e3o associando o compromisso social do governo [&hellip;]","og_url":"https:\/\/radioportoseguro.com.br\/site\/2026\/09\/03\/eleicoes-2026-entidades-evangelicas-declaram-apoio-a-reeleicao-de-lula\/","og_site_name":"R\u00e1dio Porto Seguro","article_published_time":"2026-09-03T07:07:10+00:00","og_image":[{"url":"https:\/\/i0.wp.com\/folhagospel.com\/wp-content\/uploads\/2024\/03\/lula-presidente.webp?resize=696%2C522&amp;ssl=1","type":"","width":"","height":""}],"author":"admin","twitter_card":"summary_large_image","twitter_misc":{"Escrito por":"admin","Est. tempo de leitura":"8 minutos"},"schema":{"@context":"https:\/\/schema.org","@graph":[{"@type":"Article","@id":"https:\/\/radioportoseguro.com.br\/site\/2026\/09\/03\/eleicoes-2026-entidades-evangelicas-declaram-apoio-a-reeleicao-de-lula\/#article","isPartOf":{"@id":"https:\/\/radioportoseguro.com.br\/site\/2026\/09\/03\/eleicoes-2026-entidades-evangelicas-declaram-apoio-a-reeleicao-de-lula\/"},"author":{"name":"admin","@id":"https:\/\/radioportoseguro.com.br\/site\/#\/schema\/person\/7630acdc320186f13639d3c067ec089b"},"headline":"Elei\u00e7\u00f5es 2026: Entidades evang\u00e9licas declaram apoio \u00e0 reelei\u00e7\u00e3o de Lula","datePublished":"2026-09-03T07:07:10+00:00","mainEntityOfPage":{"@id":"https:\/\/radioportoseguro.com.br\/site\/2026\/09\/03\/eleicoes-2026-entidades-evangelicas-declaram-apoio-a-reeleicao-de-lula\/"},"wordCount":1664,"image":{"@id":"https:\/\/radioportoseguro.com.br\/site\/2026\/09\/03\/eleicoes-2026-entidades-evangelicas-declaram-apoio-a-reeleicao-de-lula\/#primaryimage"},"thumbnailUrl":"https:\/\/radioportoseguro.com.br\/site\/wp-content\/uploads\/2026\/04\/lula-presidente.webp.webp","articleSection":["Gospel"],"inLanguage":"pt-BR"},{"@type":"WebPage","@id":"https:\/\/radioportoseguro.com.br\/site\/2026\/09\/03\/eleicoes-2026-entidades-evangelicas-declaram-apoio-a-reeleicao-de-lula\/","url":"https:\/\/radioportoseguro.com.br\/site\/2026\/09\/03\/eleicoes-2026-entidades-evangelicas-declaram-apoio-a-reeleicao-de-lula\/","name":"Elei\u00e7\u00f5es 2026: Entidades evang\u00e9licas declaram apoio \u00e0 reelei\u00e7\u00e3o de Lula - R\u00e1dio Porto Seguro","isPartOf":{"@id":"https:\/\/radioportoseguro.com.br\/site\/#website"},"primaryImageOfPage":{"@id":"https:\/\/radioportoseguro.com.br\/site\/2026\/09\/03\/eleicoes-2026-entidades-evangelicas-declaram-apoio-a-reeleicao-de-lula\/#primaryimage"},"image":{"@id":"https:\/\/radioportoseguro.com.br\/site\/2026\/09\/03\/eleicoes-2026-entidades-evangelicas-declaram-apoio-a-reeleicao-de-lula\/#primaryimage"},"thumbnailUrl":"https:\/\/radioportoseguro.com.br\/site\/wp-content\/uploads\/2026\/04\/lula-presidente.webp.webp","datePublished":"2026-09-03T07:07:10+00:00","author":{"@id":"https:\/\/radioportoseguro.com.br\/site\/#\/schema\/person\/7630acdc320186f13639d3c067ec089b"},"breadcrumb":{"@id":"https:\/\/radioportoseguro.com.br\/site\/2026\/09\/03\/eleicoes-2026-entidades-evangelicas-declaram-apoio-a-reeleicao-de-lula\/#breadcrumb"},"inLanguage":"pt-BR","potentialAction":[{"@type":"ReadAction","target":["https:\/\/radioportoseguro.com.br\/site\/2026\/09\/03\/eleicoes-2026-entidades-evangelicas-declaram-apoio-a-reeleicao-de-lula\/"]}]},{"@type":"ImageObject","inLanguage":"pt-BR","@id":"https:\/\/radioportoseguro.com.br\/site\/2026\/09\/03\/eleicoes-2026-entidades-evangelicas-declaram-apoio-a-reeleicao-de-lula\/#primaryimage","url":"https:\/\/radioportoseguro.com.br\/site\/wp-content\/uploads\/2026\/04\/lula-presidente.webp.webp","contentUrl":"https:\/\/radioportoseguro.com.br\/site\/wp-content\/uploads\/2026\/04\/lula-presidente.webp.webp","width":1024,"height":768},{"@type":"BreadcrumbList","@id":"https:\/\/radioportoseguro.com.br\/site\/2026\/09\/03\/eleicoes-2026-entidades-evangelicas-declaram-apoio-a-reeleicao-de-lula\/#breadcrumb","itemListElement":[{"@type":"ListItem","position":1,"name":"In\u00edcio","item":"https:\/\/radioportoseguro.com.br\/site\/"},{"@type":"ListItem","position":2,"name":"Elei\u00e7\u00f5es 2026: Entidades evang\u00e9licas declaram apoio \u00e0 reelei\u00e7\u00e3o de Lula"}]},{"@type":"WebSite","@id":"https:\/\/radioportoseguro.com.br\/site\/#website","url":"https:\/\/radioportoseguro.com.br\/site\/","name":"R\u00e1dio Porto Seguro","description":"","potentialAction":[{"@type":"SearchAction","target":{"@type":"EntryPoint","urlTemplate":"https:\/\/radioportoseguro.com.br\/site\/?s={search_term_string}"},"query-input":{"@type":"PropertyValueSpecification","valueRequired":true,"valueName":"search_term_string"}}],"inLanguage":"pt-BR"},{"@type":"Person","@id":"https:\/\/radioportoseguro.com.br\/site\/#\/schema\/person\/7630acdc320186f13639d3c067ec089b","name":"admin","image":{"@type":"ImageObject","inLanguage":"pt-BR","@id":"https:\/\/radioportoseguro.com.br\/site\/#\/schema\/person\/image\/","url":"https:\/\/secure.gravatar.com\/avatar\/caacf4dc1eedb68fab0df8e1ed46c448e578b2466351bbcb61e47d2ac0caaef0?s=96&d=mm&r=g","contentUrl":"https:\/\/secure.gravatar.com\/avatar\/caacf4dc1eedb68fab0df8e1ed46c448e578b2466351bbcb61e47d2ac0caaef0?s=96&d=mm&r=g","caption":"admin"},"sameAs":["https:\/\/radioportoseguro.com.br\/site"],"url":"https:\/\/radioportoseguro.com.br\/site\/author\/hezio\/"}]}},"_links":{"self":[{"href":"https:\/\/radioportoseguro.com.br\/site\/wp-json\/wp\/v2\/posts\/10831","targetHints":{"allow":["GET"]}}],"collection":[{"href":"https:\/\/radioportoseguro.com.br\/site\/wp-json\/wp\/v2\/posts"}],"about":[{"href":"https:\/\/radioportoseguro.com.br\/site\/wp-json\/wp\/v2\/types\/post"}],"author":[{"embeddable":true,"href":"https:\/\/radioportoseguro.com.br\/site\/wp-json\/wp\/v2\/users\/1"}],"replies":[{"embeddable":true,"href":"https:\/\/radioportoseguro.com.br\/site\/wp-json\/wp\/v2\/comments?post=10831"}],"version-history":[{"count":0,"href":"https:\/\/radioportoseguro.com.br\/site\/wp-json\/wp\/v2\/posts\/10831\/revisions"}],"wp:featuredmedia":[{"embeddable":true,"href":"https:\/\/radioportoseguro.com.br\/site\/wp-json\/wp\/v2\/media\/6228"}],"wp:attachment":[{"href":"https:\/\/radioportoseguro.com.br\/site\/wp-json\/wp\/v2\/media?parent=10831"}],"wp:term":[{"taxonomy":"category","embeddable":true,"href":"https:\/\/radioportoseguro.com.br\/site\/wp-json\/wp\/v2\/categories?post=10831"},{"taxonomy":"post_tag","embeddable":true,"href":"https:\/\/radioportoseguro.com.br\/site\/wp-json\/wp\/v2\/tags?post=10831"}],"curies":[{"name":"wp","href":"https:\/\/api.w.org\/{rel}","templated":true}]}}