{"id":10861,"date":"2026-09-04T00:14:52","date_gmt":"2026-09-04T03:14:52","guid":{"rendered":"https:\/\/radioportoseguro.com.br\/site\/2026\/09\/04\/maioria-dos-jovens-apoia-restricao-de-acesso-a-redes-sociais-para-menores-na-alemanha\/"},"modified":"2026-09-04T00:14:52","modified_gmt":"2026-09-04T03:14:52","slug":"maioria-dos-jovens-apoia-restricao-de-acesso-a-redes-sociais-para-menores-na-alemanha","status":"publish","type":"post","link":"https:\/\/radioportoseguro.com.br\/site\/2026\/09\/04\/maioria-dos-jovens-apoia-restricao-de-acesso-a-redes-sociais-para-menores-na-alemanha\/","title":{"rendered":"Maioria dos jovens apoia restri\u00e7\u00e3o de acesso a redes sociais para menores na Alemanha"},"content":{"rendered":"<p><br \/>\n<\/p>\n<div>\n<div class=\"td-post-featured-image\">\n<figure><figcaption class=\"wp-caption-text\">Redes sociais em um smartphone (Foto: reprodu\u00e7\u00e3o)<\/figcaption><\/figure>\n<\/div>\n<p> <!-- A generated by theme --> <\/p>\n<p> <!-- end A --> <\/p>\n<h2 class=\"wp-block-heading\">Pesquisa revela que mais da metade dos menores na Alemanha quer limites de idade para o uso das plataformas, embora a maioria aprove o impacto delas em suas vidas.<\/h2>\n<p class=\"wp-block-paragraph\">Uma parcela de 55% dos jovens alem\u00e3es com idade entre 12 e 17 anos apoia a aplica\u00e7\u00e3o de restri\u00e7\u00f5es no acesso de menores de idade \u00e0s redes sociais. O dado contrasta com a percep\u00e7\u00e3o de que a maioria considera essas m\u00eddias ben\u00e9ficas para o cotidiano, aponta um estudo publicado em Berlim pela seguradora de sa\u00fade Techniker Krankenkasse.<\/p>\n<p class=\"wp-block-paragraph\">Entre os entrevistados favor\u00e1veis a algum tipo de interven\u00e7\u00e3o, 8% defendem uma proibi\u00e7\u00e3o completa para crian\u00e7as e adolescentes, enquanto 47% preferem o veto at\u00e9 uma determinada faixa et\u00e1ria, sugerindo uma idade m\u00e9dia limite de 14 anos. Por outro lado, 39% rejeitam totalmente qualquer restri\u00e7\u00e3o de acesso.<\/p>\n<p class=\"wp-block-paragraph\">Apesar do apoio expressivo a medidas restritivas, 80% do p\u00fablico infanto-juvenil declarou que as plataformas trazem consequ\u00eancias positivas para suas vidas. O presidente do conselho executivo da seguradora, Jens Baas, destacou que os jovens valorizam os canais digitais pela facilidade de contato com amigos e pelo acesso a ideias e informa\u00e7\u00f5es.<\/p>\n<p class=\"wp-block-paragraph\">\u201cAo mesmo tempo, no entanto, eles tamb\u00e9m est\u00e3o cientes das desvantagens, como not\u00edcias falsas, cyberbullying e outros conte\u00fados que s\u00e3o mentalmente desgastantes.\u201d<\/p>\n<p class=\"wp-block-paragraph\">Entre os fatores que mais geram inc\u00f4modo ou estresse, a publicidade excessiva lidera com 57% das men\u00e7\u00f5es. A propaga\u00e7\u00e3o de desinforma\u00e7\u00e3o aparece em seguida com 52%, seguida pelo tempo excessivo de conex\u00e3o com 36%, humilha\u00e7\u00f5es e insultos com 35%, e materiais impr\u00f3prios, como cenas de viol\u00eancia, com 31% das respostas.<\/p>\n<h3 class=\"wp-block-heading\">Uso intenso e impacto no bem-estar<\/h3>\n<p class=\"wp-block-paragraph\">O levantamento comparou jovens que utilizam as m\u00eddias por quatro ou mais horas di\u00e1rias com aqueles que navegam por uma a duas horas. Embora os dados n\u00e3o estabele\u00e7am um nexo de causalidade direta, eles exp\u00f5em disparidades constantes no estado emocional e f\u00edsico dos entrevistados.<\/p>\n<p> <!-- A generated by theme --> <\/p>\n<p> <!-- end A --> <\/p>\n<p class=\"wp-block-paragraph\">No grupo de uso intensivo, 49% relataram mau humor frequente ou constante, contra 20% do grupo de uso moderado. Padr\u00f5es parecidos surgem em rela\u00e7\u00e3o a sentimentos de inseguran\u00e7a e d\u00favida (41% contra 22%), insatisfa\u00e7\u00e3o pessoal (40% contra 22%), irritabilidade ou raiva (39% contra 14%), inquieta\u00e7\u00e3o interna (39% contra 17%) e esgotamento (39% contra 22%).<\/p>\n<p class=\"wp-block-paragraph\">Os problemas f\u00edsicos acompanham a mesma tend\u00eancia de disparidade. Dist\u00farbios do sono afetam 38% dos usu\u00e1rios frequentes, em compara\u00e7\u00e3o com 14% dos moderados. As queixas de dores de cabe\u00e7a ou enxaquecas atingem 37% contra 12%, seguidas por tens\u00f5es musculares ou dores nas costas (30% contra 17%), dores abdominais (28% contra 12%) e olhos irritados (22% contra 8%).<\/p>\n<p class=\"wp-block-paragraph\">Baas lembrou que as pesquisas cient\u00edficas dispon\u00edveis apontam para o mesmo diagn\u00f3stico. Depress\u00e3o, ansiedade, insatisfa\u00e7\u00e3o corporal e problemas de sono s\u00e3o efeitos recorrentemente associados ao uso excessivo de redes sociais.<\/p>\n<h3 class=\"wp-block-heading\">Educa\u00e7\u00e3o digital como alternativa \u00e0s proibi\u00e7\u00f5es<\/h3>\n<p class=\"wp-block-paragraph\">Para a seguradora de sa\u00fade, as proibi\u00e7\u00f5es absolutas n\u00e3o resolvem de forma adequada os riscos mapeados no documento. O executivo defende que a sociedade precisa cobrar responsabilidade das empresas de tecnologia.<\/p>\n<p class=\"wp-block-paragraph\">\u201cEm nossa opini\u00e3o, uma proibi\u00e7\u00e3o geral das redes sociais para proteger crian\u00e7as e jovens dos riscos online n\u00e3o vai longe o suficiente. Vivemos em um mundo digital \u2014 para que as crian\u00e7as e os jovens consigam lidar com as redes sociais de forma saud\u00e1vel a longo prazo, a literacia medi\u00e1tica \u00e9 decisiva.\u201d<\/p>\n<p class=\"wp-block-paragraph\">O presidente acrescentou que as plataformas devem disponibilizar vers\u00f5es adaptadas para o p\u00fablico jovem, livres de an\u00fancios e de algoritmos que estimulem o uso compulsivo.<\/p>\n<p class=\"wp-block-paragraph\">Lilli Berthold, secret\u00e1ria-geral adjunta da Bundessch\u00fcler*innenkonferenz, associa\u00e7\u00e3o que representa os estudantes na Alemanha, argumentou que muitos jovens n\u00e3o conseguem reduzir o tempo de tela por conta pr\u00f3pria. Ela avalia que os vetos legais devem ser o \u00faltimo recurso, priorizando-se o desenvolvimento de habilidades cr\u00edticas em casa e na escola.<\/p>\n<p class=\"wp-block-paragraph\">Ao serem questionados sobre o que facilitaria a navega\u00e7\u00e3o segura, 48% dos menores apontaram v\u00eddeos educativos nas pr\u00f3prias m\u00eddias sobre os perigos digitais. Outros 46% sugeriram a presen\u00e7a de conselheiros capacitados nas escolas, 43% desejam mais di\u00e1logo com os pais e 42% preferem a realiza\u00e7\u00e3o de oficinas e projetos tem\u00e1ticos. Apenas 12% disseram n\u00e3o precisar de suporte.<\/p>\n<p class=\"wp-block-paragraph\">Valentin Dander, representante da associa\u00e7\u00e3o alem\u00e3 de educa\u00e7\u00e3o para m\u00eddia Gesellschaft f\u00fcr Medienp\u00e4dagogik und Kommunikationskultur, sugeriu que o processo comece no ambiente familiar. O especialista recomenda o acompanhamento cr\u00edtico do uso das telas, a defini\u00e7\u00e3o conjunta de limites e o incentivo a atividades f\u00edsicas e sociais fora da internet.<\/p>\n<h3 class=\"wp-block-heading\">Expans\u00e3o de limites legais no cen\u00e1rio global<\/h3>\n<p class=\"wp-block-paragraph\">A discuss\u00e3o ocorre em meio a um movimento internacional de governos para impor barreiras regulat\u00f3rias. No fim de 2024, a Austr\u00e1lia aprovou uma legisla\u00e7\u00e3o que veta o acesso de menores de 16 anos a redes sociais, prevendo multas de at\u00e9 50 milh\u00f5es de d\u00f3lares australianos para as empresas infratoras, sem exce\u00e7\u00f5es para contas preexistentes ou consentimento dos pais. Na ocasi\u00e3o, o primeiro-ministro Anthony Albanese justificou que o objetivo era preservar a inf\u00e2ncia dos cidad\u00e3os e dar tranquilidade aos pais.<\/p>\n<p class=\"wp-block-paragraph\">Pesquisadores da \u00e1rea digital, por\u00e9m, questionaram a efic\u00e1cia dos sistemas de verifica\u00e7\u00e3o de idade e alertaram que as normas podem ser burladas.<\/p>\n<p class=\"wp-block-paragraph\">Seguindo a iniciativa australiana, o governo brit\u00e2nico anunciou em junho que pretende vetar menores de 16 anos de plataformas como Snapchat, TikTok, YouTube, Instagram, Facebook e X. Mark Gilmore, assessor de pol\u00edticas da alian\u00e7a crist\u00e3 UK Evangelical Alliance, ponderou sobre a viabilidade pr\u00e1tica da medida.<\/p>\n<p class=\"wp-block-paragraph\">\u201cUma proibi\u00e7\u00e3o de m\u00eddia social n\u00e3o \u00e9 uma bala de prata, e muitos jovens encontrar\u00e3o maneiras de contorn\u00e1-la. Mas as m\u00eddias sociais causaram danos reais ao bem-estar, aos relacionamentos e \u00e0 seguran\u00e7a das crian\u00e7as.\u201d<\/p>\n<p class=\"wp-block-paragraph\">Diversas na\u00e7\u00f5es tamb\u00e9m implementaram restri\u00e7\u00f5es ao uso infantojuvenil de m\u00eddias online. A press\u00e3o judicial sobre o modelo de neg\u00f3cios das Big Techs tamb\u00e9m cresceu. Em agosto, a Meta fechou um acordo bilion\u00e1rio nos Estados Unidos para encerrar processos de dezenas de estados que acusavam a empresa de projetar o Facebook e o Instagram para viciar crian\u00e7as.<\/p>\n<p class=\"wp-block-paragraph\">No entendimento firmado com a justi\u00e7a americana, a empresa aceitou adotar limites di\u00e1rios de tempo para adolescentes, silenciar notifica\u00e7\u00f5es em hor\u00e1rios escolares e noturnos, interromper a rolagem infinita e restringir filtros de apar\u00eancia e a contagem p\u00fablica de curtidas.<\/p>\n<p> <!-- A generated by theme --> <\/p>\n<p> <!-- end A --> <\/p><\/div>\n<p><script>(function (d, s, id) {\n                var js, fjs = d.getElementsByTagName(s)[0];\n                if (d.getElementById(id)) return;\n                js = d.createElement(s);\n                js.id = id;\n                js.src=\"https:\/\/connect.facebook.net\/pt_BR\/sdk.js#xfbml=1&version=v2.11&appId=264312870658742&autoLogAppEvents=1\";\n                fjs.parentNode.insertBefore(js, fjs);\n            }(document, 'script', 'facebook-jssdk'));<\/script><br \/>\n<br \/><br \/>\n<br \/>Fonte: Folha Gospel<\/p>\n","protected":false},"excerpt":{"rendered":"<p>Redes sociais em um smartphone (Foto: reprodu\u00e7\u00e3o) Pesquisa revela que mais da metade dos menores na Alemanha quer limites de idade para o uso das plataformas, embora a maioria aprove o impacto delas em suas vidas. Uma parcela de 55% dos jovens alem\u00e3es com idade entre 12 e 17 anos apoia a aplica\u00e7\u00e3o de restri\u00e7\u00f5es [&hellip;]<\/p>\n","protected":false},"author":1,"featured_media":10862,"comment_status":"","ping_status":"open","sticky":false,"template":"","format":"standard","meta":{"footnotes":""},"categories":[3],"tags":[],"class_list":["post-10861","post","type-post","status-publish","format-standard","has-post-thumbnail","hentry","category-gospel"],"yoast_head":"<!-- This site is optimized with the Yoast SEO plugin v26.8 - https:\/\/yoast.com\/product\/yoast-seo-wordpress\/ -->\n<title>Maioria dos jovens apoia restri\u00e7\u00e3o de acesso a redes sociais para menores na Alemanha - R\u00e1dio Porto Seguro<\/title>\n<meta name=\"robots\" content=\"index, follow, max-snippet:-1, max-image-preview:large, max-video-preview:-1\" \/>\n<link rel=\"canonical\" href=\"https:\/\/radioportoseguro.com.br\/site\/2026\/09\/04\/maioria-dos-jovens-apoia-restricao-de-acesso-a-redes-sociais-para-menores-na-alemanha\/\" \/>\n<meta property=\"og:locale\" content=\"pt_BR\" \/>\n<meta property=\"og:type\" content=\"article\" \/>\n<meta property=\"og:title\" content=\"Maioria dos jovens apoia restri\u00e7\u00e3o de acesso a redes sociais para menores na Alemanha - R\u00e1dio Porto Seguro\" \/>\n<meta property=\"og:description\" content=\"Redes sociais em um smartphone (Foto: reprodu\u00e7\u00e3o) Pesquisa revela que mais da metade dos menores na Alemanha quer limites de idade para o uso das plataformas, embora a maioria aprove o impacto delas em suas vidas. Uma parcela de 55% dos jovens alem\u00e3es com idade entre 12 e 17 anos apoia a aplica\u00e7\u00e3o de restri\u00e7\u00f5es [&hellip;]\" \/>\n<meta property=\"og:url\" content=\"https:\/\/radioportoseguro.com.br\/site\/2026\/09\/04\/maioria-dos-jovens-apoia-restricao-de-acesso-a-redes-sociais-para-menores-na-alemanha\/\" \/>\n<meta property=\"og:site_name\" content=\"R\u00e1dio Porto Seguro\" \/>\n<meta property=\"article:published_time\" content=\"2026-09-04T03:14:52+00:00\" \/>\n<meta property=\"og:image\" content=\"https:\/\/i0.wp.com\/folhagospel.com\/wp-content\/uploads\/2026\/01\/image-26.png?resize=696%2C170&amp;ssl=1\" \/>\n<meta name=\"author\" content=\"admin\" \/>\n<meta name=\"twitter:card\" content=\"summary_large_image\" \/>\n<meta name=\"twitter:label1\" content=\"Escrito por\" \/>\n\t<meta name=\"twitter:data1\" content=\"admin\" \/>\n\t<meta name=\"twitter:label2\" content=\"Est. tempo de leitura\" \/>\n\t<meta name=\"twitter:data2\" content=\"5 minutos\" \/>\n<script type=\"application\/ld+json\" class=\"yoast-schema-graph\">{\"@context\":\"https:\/\/schema.org\",\"@graph\":[{\"@type\":\"Article\",\"@id\":\"https:\/\/radioportoseguro.com.br\/site\/2026\/09\/04\/maioria-dos-jovens-apoia-restricao-de-acesso-a-redes-sociais-para-menores-na-alemanha\/#article\",\"isPartOf\":{\"@id\":\"https:\/\/radioportoseguro.com.br\/site\/2026\/09\/04\/maioria-dos-jovens-apoia-restricao-de-acesso-a-redes-sociais-para-menores-na-alemanha\/\"},\"author\":{\"name\":\"admin\",\"@id\":\"https:\/\/radioportoseguro.com.br\/site\/#\/schema\/person\/7630acdc320186f13639d3c067ec089b\"},\"headline\":\"Maioria dos jovens apoia restri\u00e7\u00e3o de acesso a redes sociais para menores na Alemanha\",\"datePublished\":\"2026-09-04T03:14:52+00:00\",\"mainEntityOfPage\":{\"@id\":\"https:\/\/radioportoseguro.com.br\/site\/2026\/09\/04\/maioria-dos-jovens-apoia-restricao-de-acesso-a-redes-sociais-para-menores-na-alemanha\/\"},\"wordCount\":1113,\"image\":{\"@id\":\"https:\/\/radioportoseguro.com.br\/site\/2026\/09\/04\/maioria-dos-jovens-apoia-restricao-de-acesso-a-redes-sociais-para-menores-na-alemanha\/#primaryimage\"},\"thumbnailUrl\":\"https:\/\/radioportoseguro.com.br\/site\/wp-content\/uploads\/2026\/09\/image-26.png\",\"articleSection\":[\"Gospel\"],\"inLanguage\":\"pt-BR\"},{\"@type\":\"WebPage\",\"@id\":\"https:\/\/radioportoseguro.com.br\/site\/2026\/09\/04\/maioria-dos-jovens-apoia-restricao-de-acesso-a-redes-sociais-para-menores-na-alemanha\/\",\"url\":\"https:\/\/radioportoseguro.com.br\/site\/2026\/09\/04\/maioria-dos-jovens-apoia-restricao-de-acesso-a-redes-sociais-para-menores-na-alemanha\/\",\"name\":\"Maioria dos jovens apoia restri\u00e7\u00e3o de acesso a redes sociais para menores na Alemanha - R\u00e1dio Porto Seguro\",\"isPartOf\":{\"@id\":\"https:\/\/radioportoseguro.com.br\/site\/#website\"},\"primaryImageOfPage\":{\"@id\":\"https:\/\/radioportoseguro.com.br\/site\/2026\/09\/04\/maioria-dos-jovens-apoia-restricao-de-acesso-a-redes-sociais-para-menores-na-alemanha\/#primaryimage\"},\"image\":{\"@id\":\"https:\/\/radioportoseguro.com.br\/site\/2026\/09\/04\/maioria-dos-jovens-apoia-restricao-de-acesso-a-redes-sociais-para-menores-na-alemanha\/#primaryimage\"},\"thumbnailUrl\":\"https:\/\/radioportoseguro.com.br\/site\/wp-content\/uploads\/2026\/09\/image-26.png\",\"datePublished\":\"2026-09-04T03:14:52+00:00\",\"author\":{\"@id\":\"https:\/\/radioportoseguro.com.br\/site\/#\/schema\/person\/7630acdc320186f13639d3c067ec089b\"},\"breadcrumb\":{\"@id\":\"https:\/\/radioportoseguro.com.br\/site\/2026\/09\/04\/maioria-dos-jovens-apoia-restricao-de-acesso-a-redes-sociais-para-menores-na-alemanha\/#breadcrumb\"},\"inLanguage\":\"pt-BR\",\"potentialAction\":[{\"@type\":\"ReadAction\",\"target\":[\"https:\/\/radioportoseguro.com.br\/site\/2026\/09\/04\/maioria-dos-jovens-apoia-restricao-de-acesso-a-redes-sociais-para-menores-na-alemanha\/\"]}]},{\"@type\":\"ImageObject\",\"inLanguage\":\"pt-BR\",\"@id\":\"https:\/\/radioportoseguro.com.br\/site\/2026\/09\/04\/maioria-dos-jovens-apoia-restricao-de-acesso-a-redes-sociais-para-menores-na-alemanha\/#primaryimage\",\"url\":\"https:\/\/radioportoseguro.com.br\/site\/wp-content\/uploads\/2026\/09\/image-26.png\",\"contentUrl\":\"https:\/\/radioportoseguro.com.br\/site\/wp-content\/uploads\/2026\/09\/image-26.png\",\"width\":1600,\"height\":392},{\"@type\":\"BreadcrumbList\",\"@id\":\"https:\/\/radioportoseguro.com.br\/site\/2026\/09\/04\/maioria-dos-jovens-apoia-restricao-de-acesso-a-redes-sociais-para-menores-na-alemanha\/#breadcrumb\",\"itemListElement\":[{\"@type\":\"ListItem\",\"position\":1,\"name\":\"In\u00edcio\",\"item\":\"https:\/\/radioportoseguro.com.br\/site\/\"},{\"@type\":\"ListItem\",\"position\":2,\"name\":\"Maioria dos jovens apoia restri\u00e7\u00e3o de acesso a redes sociais para menores na Alemanha\"}]},{\"@type\":\"WebSite\",\"@id\":\"https:\/\/radioportoseguro.com.br\/site\/#website\",\"url\":\"https:\/\/radioportoseguro.com.br\/site\/\",\"name\":\"R\u00e1dio Porto Seguro\",\"description\":\"\",\"potentialAction\":[{\"@type\":\"SearchAction\",\"target\":{\"@type\":\"EntryPoint\",\"urlTemplate\":\"https:\/\/radioportoseguro.com.br\/site\/?s={search_term_string}\"},\"query-input\":{\"@type\":\"PropertyValueSpecification\",\"valueRequired\":true,\"valueName\":\"search_term_string\"}}],\"inLanguage\":\"pt-BR\"},{\"@type\":\"Person\",\"@id\":\"https:\/\/radioportoseguro.com.br\/site\/#\/schema\/person\/7630acdc320186f13639d3c067ec089b\",\"name\":\"admin\",\"image\":{\"@type\":\"ImageObject\",\"inLanguage\":\"pt-BR\",\"@id\":\"https:\/\/radioportoseguro.com.br\/site\/#\/schema\/person\/image\/\",\"url\":\"https:\/\/secure.gravatar.com\/avatar\/caacf4dc1eedb68fab0df8e1ed46c448e578b2466351bbcb61e47d2ac0caaef0?s=96&d=mm&r=g\",\"contentUrl\":\"https:\/\/secure.gravatar.com\/avatar\/caacf4dc1eedb68fab0df8e1ed46c448e578b2466351bbcb61e47d2ac0caaef0?s=96&d=mm&r=g\",\"caption\":\"admin\"},\"sameAs\":[\"https:\/\/radioportoseguro.com.br\/site\"],\"url\":\"https:\/\/radioportoseguro.com.br\/site\/author\/hezio\/\"}]}<\/script>\n<!-- \/ Yoast SEO plugin. -->","yoast_head_json":{"title":"Maioria dos jovens apoia restri\u00e7\u00e3o de acesso a redes sociais para menores na Alemanha - R\u00e1dio Porto Seguro","robots":{"index":"index","follow":"follow","max-snippet":"max-snippet:-1","max-image-preview":"max-image-preview:large","max-video-preview":"max-video-preview:-1"},"canonical":"https:\/\/radioportoseguro.com.br\/site\/2026\/09\/04\/maioria-dos-jovens-apoia-restricao-de-acesso-a-redes-sociais-para-menores-na-alemanha\/","og_locale":"pt_BR","og_type":"article","og_title":"Maioria dos jovens apoia restri\u00e7\u00e3o de acesso a redes sociais para menores na Alemanha - R\u00e1dio Porto Seguro","og_description":"Redes sociais em um smartphone (Foto: reprodu\u00e7\u00e3o) Pesquisa revela que mais da metade dos menores na Alemanha quer limites de idade para o uso das plataformas, embora a maioria aprove o impacto delas em suas vidas. Uma parcela de 55% dos jovens alem\u00e3es com idade entre 12 e 17 anos apoia a aplica\u00e7\u00e3o de restri\u00e7\u00f5es [&hellip;]","og_url":"https:\/\/radioportoseguro.com.br\/site\/2026\/09\/04\/maioria-dos-jovens-apoia-restricao-de-acesso-a-redes-sociais-para-menores-na-alemanha\/","og_site_name":"R\u00e1dio Porto Seguro","article_published_time":"2026-09-04T03:14:52+00:00","og_image":[{"url":"https:\/\/i0.wp.com\/folhagospel.com\/wp-content\/uploads\/2026\/01\/image-26.png?resize=696%2C170&amp;ssl=1","type":"","width":"","height":""}],"author":"admin","twitter_card":"summary_large_image","twitter_misc":{"Escrito por":"admin","Est. tempo de leitura":"5 minutos"},"schema":{"@context":"https:\/\/schema.org","@graph":[{"@type":"Article","@id":"https:\/\/radioportoseguro.com.br\/site\/2026\/09\/04\/maioria-dos-jovens-apoia-restricao-de-acesso-a-redes-sociais-para-menores-na-alemanha\/#article","isPartOf":{"@id":"https:\/\/radioportoseguro.com.br\/site\/2026\/09\/04\/maioria-dos-jovens-apoia-restricao-de-acesso-a-redes-sociais-para-menores-na-alemanha\/"},"author":{"name":"admin","@id":"https:\/\/radioportoseguro.com.br\/site\/#\/schema\/person\/7630acdc320186f13639d3c067ec089b"},"headline":"Maioria dos jovens apoia restri\u00e7\u00e3o de acesso a redes sociais para menores na Alemanha","datePublished":"2026-09-04T03:14:52+00:00","mainEntityOfPage":{"@id":"https:\/\/radioportoseguro.com.br\/site\/2026\/09\/04\/maioria-dos-jovens-apoia-restricao-de-acesso-a-redes-sociais-para-menores-na-alemanha\/"},"wordCount":1113,"image":{"@id":"https:\/\/radioportoseguro.com.br\/site\/2026\/09\/04\/maioria-dos-jovens-apoia-restricao-de-acesso-a-redes-sociais-para-menores-na-alemanha\/#primaryimage"},"thumbnailUrl":"https:\/\/radioportoseguro.com.br\/site\/wp-content\/uploads\/2026\/09\/image-26.png","articleSection":["Gospel"],"inLanguage":"pt-BR"},{"@type":"WebPage","@id":"https:\/\/radioportoseguro.com.br\/site\/2026\/09\/04\/maioria-dos-jovens-apoia-restricao-de-acesso-a-redes-sociais-para-menores-na-alemanha\/","url":"https:\/\/radioportoseguro.com.br\/site\/2026\/09\/04\/maioria-dos-jovens-apoia-restricao-de-acesso-a-redes-sociais-para-menores-na-alemanha\/","name":"Maioria dos jovens apoia restri\u00e7\u00e3o de acesso a redes sociais para menores na Alemanha - R\u00e1dio Porto Seguro","isPartOf":{"@id":"https:\/\/radioportoseguro.com.br\/site\/#website"},"primaryImageOfPage":{"@id":"https:\/\/radioportoseguro.com.br\/site\/2026\/09\/04\/maioria-dos-jovens-apoia-restricao-de-acesso-a-redes-sociais-para-menores-na-alemanha\/#primaryimage"},"image":{"@id":"https:\/\/radioportoseguro.com.br\/site\/2026\/09\/04\/maioria-dos-jovens-apoia-restricao-de-acesso-a-redes-sociais-para-menores-na-alemanha\/#primaryimage"},"thumbnailUrl":"https:\/\/radioportoseguro.com.br\/site\/wp-content\/uploads\/2026\/09\/image-26.png","datePublished":"2026-09-04T03:14:52+00:00","author":{"@id":"https:\/\/radioportoseguro.com.br\/site\/#\/schema\/person\/7630acdc320186f13639d3c067ec089b"},"breadcrumb":{"@id":"https:\/\/radioportoseguro.com.br\/site\/2026\/09\/04\/maioria-dos-jovens-apoia-restricao-de-acesso-a-redes-sociais-para-menores-na-alemanha\/#breadcrumb"},"inLanguage":"pt-BR","potentialAction":[{"@type":"ReadAction","target":["https:\/\/radioportoseguro.com.br\/site\/2026\/09\/04\/maioria-dos-jovens-apoia-restricao-de-acesso-a-redes-sociais-para-menores-na-alemanha\/"]}]},{"@type":"ImageObject","inLanguage":"pt-BR","@id":"https:\/\/radioportoseguro.com.br\/site\/2026\/09\/04\/maioria-dos-jovens-apoia-restricao-de-acesso-a-redes-sociais-para-menores-na-alemanha\/#primaryimage","url":"https:\/\/radioportoseguro.com.br\/site\/wp-content\/uploads\/2026\/09\/image-26.png","contentUrl":"https:\/\/radioportoseguro.com.br\/site\/wp-content\/uploads\/2026\/09\/image-26.png","width":1600,"height":392},{"@type":"BreadcrumbList","@id":"https:\/\/radioportoseguro.com.br\/site\/2026\/09\/04\/maioria-dos-jovens-apoia-restricao-de-acesso-a-redes-sociais-para-menores-na-alemanha\/#breadcrumb","itemListElement":[{"@type":"ListItem","position":1,"name":"In\u00edcio","item":"https:\/\/radioportoseguro.com.br\/site\/"},{"@type":"ListItem","position":2,"name":"Maioria dos jovens apoia restri\u00e7\u00e3o de acesso a redes sociais para menores na Alemanha"}]},{"@type":"WebSite","@id":"https:\/\/radioportoseguro.com.br\/site\/#website","url":"https:\/\/radioportoseguro.com.br\/site\/","name":"R\u00e1dio Porto Seguro","description":"","potentialAction":[{"@type":"SearchAction","target":{"@type":"EntryPoint","urlTemplate":"https:\/\/radioportoseguro.com.br\/site\/?s={search_term_string}"},"query-input":{"@type":"PropertyValueSpecification","valueRequired":true,"valueName":"search_term_string"}}],"inLanguage":"pt-BR"},{"@type":"Person","@id":"https:\/\/radioportoseguro.com.br\/site\/#\/schema\/person\/7630acdc320186f13639d3c067ec089b","name":"admin","image":{"@type":"ImageObject","inLanguage":"pt-BR","@id":"https:\/\/radioportoseguro.com.br\/site\/#\/schema\/person\/image\/","url":"https:\/\/secure.gravatar.com\/avatar\/caacf4dc1eedb68fab0df8e1ed46c448e578b2466351bbcb61e47d2ac0caaef0?s=96&d=mm&r=g","contentUrl":"https:\/\/secure.gravatar.com\/avatar\/caacf4dc1eedb68fab0df8e1ed46c448e578b2466351bbcb61e47d2ac0caaef0?s=96&d=mm&r=g","caption":"admin"},"sameAs":["https:\/\/radioportoseguro.com.br\/site"],"url":"https:\/\/radioportoseguro.com.br\/site\/author\/hezio\/"}]}},"_links":{"self":[{"href":"https:\/\/radioportoseguro.com.br\/site\/wp-json\/wp\/v2\/posts\/10861","targetHints":{"allow":["GET"]}}],"collection":[{"href":"https:\/\/radioportoseguro.com.br\/site\/wp-json\/wp\/v2\/posts"}],"about":[{"href":"https:\/\/radioportoseguro.com.br\/site\/wp-json\/wp\/v2\/types\/post"}],"author":[{"embeddable":true,"href":"https:\/\/radioportoseguro.com.br\/site\/wp-json\/wp\/v2\/users\/1"}],"replies":[{"embeddable":true,"href":"https:\/\/radioportoseguro.com.br\/site\/wp-json\/wp\/v2\/comments?post=10861"}],"version-history":[{"count":0,"href":"https:\/\/radioportoseguro.com.br\/site\/wp-json\/wp\/v2\/posts\/10861\/revisions"}],"wp:featuredmedia":[{"embeddable":true,"href":"https:\/\/radioportoseguro.com.br\/site\/wp-json\/wp\/v2\/media\/10862"}],"wp:attachment":[{"href":"https:\/\/radioportoseguro.com.br\/site\/wp-json\/wp\/v2\/media?parent=10861"}],"wp:term":[{"taxonomy":"category","embeddable":true,"href":"https:\/\/radioportoseguro.com.br\/site\/wp-json\/wp\/v2\/categories?post=10861"},{"taxonomy":"post_tag","embeddable":true,"href":"https:\/\/radioportoseguro.com.br\/site\/wp-json\/wp\/v2\/tags?post=10861"}],"curies":[{"name":"wp","href":"https:\/\/api.w.org\/{rel}","templated":true}]}}