{"id":10865,"date":"2026-09-04T00:42:40","date_gmt":"2026-09-04T03:42:40","guid":{"rendered":"https:\/\/radioportoseguro.com.br\/site\/2026\/09\/04\/agustin-fernandez-diz-estar-orando-para-que-lagoinha-alphaville-feche-exibir-gospel\/"},"modified":"2026-09-04T00:42:40","modified_gmt":"2026-09-04T03:42:40","slug":"agustin-fernandez-diz-estar-orando-para-que-lagoinha-alphaville-feche-exibir-gospel","status":"publish","type":"post","link":"https:\/\/radioportoseguro.com.br\/site\/2026\/09\/04\/agustin-fernandez-diz-estar-orando-para-que-lagoinha-alphaville-feche-exibir-gospel\/","title":{"rendered":"Agustin Fernandez diz estar orando para que Lagoinha Alphaville feche \u2013 Exibir Gospel"},"content":{"rendered":"<p><br \/>\n<\/p>\n<div>\n<p>O maquiador e empres\u00e1rio Agustin Fernandez afirmou, em v\u00eddeo publicado nas redes sociais nesta quinta-feira (3), que est\u00e1 orando para que a Lagoinha Alphaville, em S\u00e3o Paulo, encerre as atividades. A declara\u00e7\u00e3o gerou repercuss\u00e3o entre crist\u00e3os nas redes sociais.<\/p>\n<p>Fernandez, que \u00e9 membro da Assembleia de Deus Alphaville, liderada pelo casal Jairinho Manhaes e Cassiane, contou que voltou a frequentar igrejas depois de enfrentar uma experi\u00eancia que, segundo ele, causou avers\u00e3o ao meio evang\u00e9lico.<\/p>\n<p>O empres\u00e1rio tamb\u00e9m criticou a forma como teria sido conduzido um culto na Lagoinha Alphaville. Segundo ele, a experi\u00eancia n\u00e3o correspondeu ao que esperava de uma igreja crist\u00e3.<\/p>\n<p>\u201cQuando eu botei o p\u00e9 naquele lugar, eu n\u00e3o senti que eu estava entrando numa igreja pra fazer parte do corpo de Cristo. Eu senti que eu estava entrando numa casa de show. Numa casa de show sertanejo, sabe? Bem isso.\u201d<\/p>\n<p>Fernandez afirmou ainda que considerou a prega\u00e7\u00e3o inadequada e disse ter sa\u00eddo do culto mais incomodado do que havia chegado. Ele criticou o que classificou como falta de B\u00edblia, Palavra de Deus e apelo durante a reuni\u00e3o.<\/p>\n<p>Na sequ\u00eancia, o maquiador relacionou sua cr\u00edtica a uma declara\u00e7\u00e3o atribu\u00edda ao pastor Andr\u00e9 Valad\u00e3o sobre quem poderia frequentar a igreja. Fernandez tamb\u00e9m mencionou o caso de Guilherme de P\u00e1dua, condenado pela morte de Daniella Perez, filha da atriz Gl\u00f3ria Perez, e sua posterior atua\u00e7\u00e3o como pastor na mesma denomina\u00e7\u00e3o, que, segundo Valad\u00e3o, homossexuais n\u00e3o eram bem-vindos.<\/p>\n<p>Segundo Fernandez, que \u00e9 homossexual, a experi\u00eancia recente fez com que ele mudasse a forma de enxergar a Lagoinha Alphaville. Ele disse que sua cr\u00edtica n\u00e3o seria motivada por um trauma pessoal, mas por quest\u00f5es que considera relacionadas \u00e0 sua f\u00e9.<\/p>\n<p>\u201cE por que eu estou orando a Deus pra fechar as portas desse lugar? T\u00e1 ferido ainda? N\u00e3o superou? N\u00e3o, j\u00e1 superei tem muito tempo. Eu t\u00f4 a\u00ed lendo a B\u00edblia, que \u00e9 pior do que se eu estivesse ferido.\u201d<\/p>\n<p>O empres\u00e1rio tamb\u00e9m fez acusa\u00e7\u00f5es sobre a administra\u00e7\u00e3o e integrantes da igreja. Ele citou supostos problemas envolvendo Banco Master, INSS, disputas judiciais, aluguel, prestadores de servi\u00e7o, funcion\u00e1rios e ofertas. As afirma\u00e7\u00f5es foram feitas por Fernandez no v\u00eddeo, sem apresenta\u00e7\u00e3o, na grava\u00e7\u00e3o, de documentos que comprovassem as acusa\u00e7\u00f5es.<\/p>\n<p>\u201cEu n\u00e3o consigo nem chamar de igreja, porque isso a\u00ed n\u00e3o \u00e9 uma igreja. N\u00e3o \u00e9 uma igreja. N\u00e3o tem honra entre os irm\u00e3os, que \u00e9 um processando o outro\u201d, disse ele, deixando a entender que falava dos irm\u00e3os Ana Paula, Mariana e Andr\u00e9 Valad\u00e3o.<\/p>\n<p>Fernandez disse que teme que situa\u00e7\u00f5es como as que relatou prejudiquem a evangeliza\u00e7\u00e3o. Para ele, pessoas que ainda n\u00e3o conhecem Jesus podem associar o comportamento de l\u00edderes religiosos ao cristianismo.<\/p>\n<p>\u201cEu sei que muitas pessoas n\u00e3o v\u00e3o entender o que eu estou dizendo, muitas pessoas v\u00e3o criticar o que eu estou falando, porque a igreja tem essa cultura de ficar calado, de n\u00e3o denunciar.\u201d<\/p>\n<p>Ao final, o maquiador afirmou que n\u00e3o considera sua fala um ataque a todos os frequentadores da Lagoinha Alphaville. Ele desejou que os membros tenham \u201csabedoria\u201d e \u201cdiscernimento\u201d e destacou a import\u00e2ncia da honra dentro da f\u00e9 crist\u00e3.<\/p>\n<p>\u201cE esse lugar n\u00e3o tem honra. [\u2026] Como que a gente faz pra explicar pra uma pessoa que o car\u00e1ter de Cristo n\u00e3o \u00e9 o car\u00e1ter do Andr\u00e9 Valad\u00e3o? Que a palavra de Deus, os valores, o que \u00e9 importante para Deus n\u00e3o \u00e9 o comportamento desse lugar? N\u00e3o tem como.\u201d<\/p>\n<p>Assista:<br \/><u>https:\/\/www.instagram.com\/p\/Dc2EidIA3Jd\/<\/u>\u00a0<\/p>\n<p>Portal Exiir Gospel <\/p>\n<\/div>\n<p><script async src=\"\/\/www.instagram.com\/embed.js\"><\/script><br \/>\n<br \/><br \/>\n<br \/>Fonte: Exibir Gospel<\/p>\n","protected":false},"excerpt":{"rendered":"<p>O maquiador e empres\u00e1rio Agustin Fernandez afirmou, em v\u00eddeo publicado nas redes sociais nesta quinta-feira (3), que est\u00e1 orando para que a Lagoinha Alphaville, em S\u00e3o Paulo, encerre as atividades. A declara\u00e7\u00e3o gerou repercuss\u00e3o entre crist\u00e3os nas redes sociais. Fernandez, que \u00e9 membro da Assembleia de Deus Alphaville, liderada pelo casal Jairinho Manhaes e Cassiane, [&hellip;]<\/p>\n","protected":false},"author":1,"featured_media":10866,"comment_status":"","ping_status":"open","sticky":false,"template":"","format":"standard","meta":{"footnotes":""},"categories":[4],"tags":[],"class_list":["post-10865","post","type-post","status-publish","format-standard","has-post-thumbnail","hentry","category-musica"],"yoast_head":"<!-- This site is optimized with the Yoast SEO plugin v26.8 - https:\/\/yoast.com\/product\/yoast-seo-wordpress\/ -->\n<title>Agustin Fernandez diz estar orando para que Lagoinha Alphaville feche \u2013 Exibir Gospel - R\u00e1dio Porto Seguro<\/title>\n<meta name=\"robots\" content=\"index, follow, max-snippet:-1, max-image-preview:large, max-video-preview:-1\" \/>\n<link rel=\"canonical\" href=\"https:\/\/radioportoseguro.com.br\/site\/2026\/09\/04\/agustin-fernandez-diz-estar-orando-para-que-lagoinha-alphaville-feche-exibir-gospel\/\" \/>\n<meta property=\"og:locale\" content=\"pt_BR\" \/>\n<meta property=\"og:type\" content=\"article\" \/>\n<meta property=\"og:title\" content=\"Agustin Fernandez diz estar orando para que Lagoinha Alphaville feche \u2013 Exibir Gospel - R\u00e1dio Porto Seguro\" \/>\n<meta property=\"og:description\" content=\"O maquiador e empres\u00e1rio Agustin Fernandez afirmou, em v\u00eddeo publicado nas redes sociais nesta quinta-feira (3), que est\u00e1 orando para que a Lagoinha Alphaville, em S\u00e3o Paulo, encerre as atividades. A declara\u00e7\u00e3o gerou repercuss\u00e3o entre crist\u00e3os nas redes sociais. Fernandez, que \u00e9 membro da Assembleia de Deus Alphaville, liderada pelo casal Jairinho Manhaes e Cassiane, [&hellip;]\" \/>\n<meta property=\"og:url\" content=\"https:\/\/radioportoseguro.com.br\/site\/2026\/09\/04\/agustin-fernandez-diz-estar-orando-para-que-lagoinha-alphaville-feche-exibir-gospel\/\" \/>\n<meta property=\"og:site_name\" content=\"R\u00e1dio Porto Seguro\" \/>\n<meta property=\"article:published_time\" content=\"2026-09-04T03:42:40+00:00\" \/>\n<meta name=\"author\" content=\"admin\" \/>\n<meta name=\"twitter:card\" content=\"summary_large_image\" \/>\n<meta name=\"twitter:label1\" content=\"Escrito por\" \/>\n\t<meta name=\"twitter:data1\" content=\"admin\" \/>\n\t<meta name=\"twitter:label2\" content=\"Est. tempo de leitura\" \/>\n\t<meta name=\"twitter:data2\" content=\"3 minutos\" \/>\n<script type=\"application\/ld+json\" class=\"yoast-schema-graph\">{\"@context\":\"https:\/\/schema.org\",\"@graph\":[{\"@type\":\"Article\",\"@id\":\"https:\/\/radioportoseguro.com.br\/site\/2026\/09\/04\/agustin-fernandez-diz-estar-orando-para-que-lagoinha-alphaville-feche-exibir-gospel\/#article\",\"isPartOf\":{\"@id\":\"https:\/\/radioportoseguro.com.br\/site\/2026\/09\/04\/agustin-fernandez-diz-estar-orando-para-que-lagoinha-alphaville-feche-exibir-gospel\/\"},\"author\":{\"name\":\"admin\",\"@id\":\"https:\/\/radioportoseguro.com.br\/site\/#\/schema\/person\/7630acdc320186f13639d3c067ec089b\"},\"headline\":\"Agustin Fernandez diz estar orando para que Lagoinha Alphaville feche \u2013 Exibir Gospel\",\"datePublished\":\"2026-09-04T03:42:40+00:00\",\"mainEntityOfPage\":{\"@id\":\"https:\/\/radioportoseguro.com.br\/site\/2026\/09\/04\/agustin-fernandez-diz-estar-orando-para-que-lagoinha-alphaville-feche-exibir-gospel\/\"},\"wordCount\":652,\"image\":{\"@id\":\"https:\/\/radioportoseguro.com.br\/site\/2026\/09\/04\/agustin-fernandez-diz-estar-orando-para-que-lagoinha-alphaville-feche-exibir-gospel\/#primaryimage\"},\"thumbnailUrl\":\"https:\/\/radioportoseguro.com.br\/site\/wp-content\/uploads\/2026\/09\/WhatsApp-Image-2026-09-03-at-23.37.03.jpeg\",\"articleSection\":[\"M\u00fasica\"],\"inLanguage\":\"pt-BR\"},{\"@type\":\"WebPage\",\"@id\":\"https:\/\/radioportoseguro.com.br\/site\/2026\/09\/04\/agustin-fernandez-diz-estar-orando-para-que-lagoinha-alphaville-feche-exibir-gospel\/\",\"url\":\"https:\/\/radioportoseguro.com.br\/site\/2026\/09\/04\/agustin-fernandez-diz-estar-orando-para-que-lagoinha-alphaville-feche-exibir-gospel\/\",\"name\":\"Agustin Fernandez diz estar orando para que Lagoinha Alphaville feche \u2013 Exibir Gospel - R\u00e1dio Porto Seguro\",\"isPartOf\":{\"@id\":\"https:\/\/radioportoseguro.com.br\/site\/#website\"},\"primaryImageOfPage\":{\"@id\":\"https:\/\/radioportoseguro.com.br\/site\/2026\/09\/04\/agustin-fernandez-diz-estar-orando-para-que-lagoinha-alphaville-feche-exibir-gospel\/#primaryimage\"},\"image\":{\"@id\":\"https:\/\/radioportoseguro.com.br\/site\/2026\/09\/04\/agustin-fernandez-diz-estar-orando-para-que-lagoinha-alphaville-feche-exibir-gospel\/#primaryimage\"},\"thumbnailUrl\":\"https:\/\/radioportoseguro.com.br\/site\/wp-content\/uploads\/2026\/09\/WhatsApp-Image-2026-09-03-at-23.37.03.jpeg\",\"datePublished\":\"2026-09-04T03:42:40+00:00\",\"author\":{\"@id\":\"https:\/\/radioportoseguro.com.br\/site\/#\/schema\/person\/7630acdc320186f13639d3c067ec089b\"},\"breadcrumb\":{\"@id\":\"https:\/\/radioportoseguro.com.br\/site\/2026\/09\/04\/agustin-fernandez-diz-estar-orando-para-que-lagoinha-alphaville-feche-exibir-gospel\/#breadcrumb\"},\"inLanguage\":\"pt-BR\",\"potentialAction\":[{\"@type\":\"ReadAction\",\"target\":[\"https:\/\/radioportoseguro.com.br\/site\/2026\/09\/04\/agustin-fernandez-diz-estar-orando-para-que-lagoinha-alphaville-feche-exibir-gospel\/\"]}]},{\"@type\":\"ImageObject\",\"inLanguage\":\"pt-BR\",\"@id\":\"https:\/\/radioportoseguro.com.br\/site\/2026\/09\/04\/agustin-fernandez-diz-estar-orando-para-que-lagoinha-alphaville-feche-exibir-gospel\/#primaryimage\",\"url\":\"https:\/\/radioportoseguro.com.br\/site\/wp-content\/uploads\/2026\/09\/WhatsApp-Image-2026-09-03-at-23.37.03.jpeg\",\"contentUrl\":\"https:\/\/radioportoseguro.com.br\/site\/wp-content\/uploads\/2026\/09\/WhatsApp-Image-2026-09-03-at-23.37.03.jpeg\",\"width\":640,\"height\":400},{\"@type\":\"BreadcrumbList\",\"@id\":\"https:\/\/radioportoseguro.com.br\/site\/2026\/09\/04\/agustin-fernandez-diz-estar-orando-para-que-lagoinha-alphaville-feche-exibir-gospel\/#breadcrumb\",\"itemListElement\":[{\"@type\":\"ListItem\",\"position\":1,\"name\":\"In\u00edcio\",\"item\":\"https:\/\/radioportoseguro.com.br\/site\/\"},{\"@type\":\"ListItem\",\"position\":2,\"name\":\"Agustin Fernandez diz estar orando para que Lagoinha Alphaville feche \u2013 Exibir Gospel\"}]},{\"@type\":\"WebSite\",\"@id\":\"https:\/\/radioportoseguro.com.br\/site\/#website\",\"url\":\"https:\/\/radioportoseguro.com.br\/site\/\",\"name\":\"R\u00e1dio Porto Seguro\",\"description\":\"\",\"potentialAction\":[{\"@type\":\"SearchAction\",\"target\":{\"@type\":\"EntryPoint\",\"urlTemplate\":\"https:\/\/radioportoseguro.com.br\/site\/?s={search_term_string}\"},\"query-input\":{\"@type\":\"PropertyValueSpecification\",\"valueRequired\":true,\"valueName\":\"search_term_string\"}}],\"inLanguage\":\"pt-BR\"},{\"@type\":\"Person\",\"@id\":\"https:\/\/radioportoseguro.com.br\/site\/#\/schema\/person\/7630acdc320186f13639d3c067ec089b\",\"name\":\"admin\",\"image\":{\"@type\":\"ImageObject\",\"inLanguage\":\"pt-BR\",\"@id\":\"https:\/\/radioportoseguro.com.br\/site\/#\/schema\/person\/image\/\",\"url\":\"https:\/\/secure.gravatar.com\/avatar\/caacf4dc1eedb68fab0df8e1ed46c448e578b2466351bbcb61e47d2ac0caaef0?s=96&d=mm&r=g\",\"contentUrl\":\"https:\/\/secure.gravatar.com\/avatar\/caacf4dc1eedb68fab0df8e1ed46c448e578b2466351bbcb61e47d2ac0caaef0?s=96&d=mm&r=g\",\"caption\":\"admin\"},\"sameAs\":[\"https:\/\/radioportoseguro.com.br\/site\"],\"url\":\"https:\/\/radioportoseguro.com.br\/site\/author\/hezio\/\"}]}<\/script>\n<!-- \/ Yoast SEO plugin. -->","yoast_head_json":{"title":"Agustin Fernandez diz estar orando para que Lagoinha Alphaville feche \u2013 Exibir Gospel - R\u00e1dio Porto Seguro","robots":{"index":"index","follow":"follow","max-snippet":"max-snippet:-1","max-image-preview":"max-image-preview:large","max-video-preview":"max-video-preview:-1"},"canonical":"https:\/\/radioportoseguro.com.br\/site\/2026\/09\/04\/agustin-fernandez-diz-estar-orando-para-que-lagoinha-alphaville-feche-exibir-gospel\/","og_locale":"pt_BR","og_type":"article","og_title":"Agustin Fernandez diz estar orando para que Lagoinha Alphaville feche \u2013 Exibir Gospel - R\u00e1dio Porto Seguro","og_description":"O maquiador e empres\u00e1rio Agustin Fernandez afirmou, em v\u00eddeo publicado nas redes sociais nesta quinta-feira (3), que est\u00e1 orando para que a Lagoinha Alphaville, em S\u00e3o Paulo, encerre as atividades. A declara\u00e7\u00e3o gerou repercuss\u00e3o entre crist\u00e3os nas redes sociais. Fernandez, que \u00e9 membro da Assembleia de Deus Alphaville, liderada pelo casal Jairinho Manhaes e Cassiane, [&hellip;]","og_url":"https:\/\/radioportoseguro.com.br\/site\/2026\/09\/04\/agustin-fernandez-diz-estar-orando-para-que-lagoinha-alphaville-feche-exibir-gospel\/","og_site_name":"R\u00e1dio Porto Seguro","article_published_time":"2026-09-04T03:42:40+00:00","author":"admin","twitter_card":"summary_large_image","twitter_misc":{"Escrito por":"admin","Est. tempo de leitura":"3 minutos"},"schema":{"@context":"https:\/\/schema.org","@graph":[{"@type":"Article","@id":"https:\/\/radioportoseguro.com.br\/site\/2026\/09\/04\/agustin-fernandez-diz-estar-orando-para-que-lagoinha-alphaville-feche-exibir-gospel\/#article","isPartOf":{"@id":"https:\/\/radioportoseguro.com.br\/site\/2026\/09\/04\/agustin-fernandez-diz-estar-orando-para-que-lagoinha-alphaville-feche-exibir-gospel\/"},"author":{"name":"admin","@id":"https:\/\/radioportoseguro.com.br\/site\/#\/schema\/person\/7630acdc320186f13639d3c067ec089b"},"headline":"Agustin Fernandez diz estar orando para que Lagoinha Alphaville feche \u2013 Exibir Gospel","datePublished":"2026-09-04T03:42:40+00:00","mainEntityOfPage":{"@id":"https:\/\/radioportoseguro.com.br\/site\/2026\/09\/04\/agustin-fernandez-diz-estar-orando-para-que-lagoinha-alphaville-feche-exibir-gospel\/"},"wordCount":652,"image":{"@id":"https:\/\/radioportoseguro.com.br\/site\/2026\/09\/04\/agustin-fernandez-diz-estar-orando-para-que-lagoinha-alphaville-feche-exibir-gospel\/#primaryimage"},"thumbnailUrl":"https:\/\/radioportoseguro.com.br\/site\/wp-content\/uploads\/2026\/09\/WhatsApp-Image-2026-09-03-at-23.37.03.jpeg","articleSection":["M\u00fasica"],"inLanguage":"pt-BR"},{"@type":"WebPage","@id":"https:\/\/radioportoseguro.com.br\/site\/2026\/09\/04\/agustin-fernandez-diz-estar-orando-para-que-lagoinha-alphaville-feche-exibir-gospel\/","url":"https:\/\/radioportoseguro.com.br\/site\/2026\/09\/04\/agustin-fernandez-diz-estar-orando-para-que-lagoinha-alphaville-feche-exibir-gospel\/","name":"Agustin Fernandez diz estar orando para que Lagoinha Alphaville feche \u2013 Exibir Gospel - R\u00e1dio Porto Seguro","isPartOf":{"@id":"https:\/\/radioportoseguro.com.br\/site\/#website"},"primaryImageOfPage":{"@id":"https:\/\/radioportoseguro.com.br\/site\/2026\/09\/04\/agustin-fernandez-diz-estar-orando-para-que-lagoinha-alphaville-feche-exibir-gospel\/#primaryimage"},"image":{"@id":"https:\/\/radioportoseguro.com.br\/site\/2026\/09\/04\/agustin-fernandez-diz-estar-orando-para-que-lagoinha-alphaville-feche-exibir-gospel\/#primaryimage"},"thumbnailUrl":"https:\/\/radioportoseguro.com.br\/site\/wp-content\/uploads\/2026\/09\/WhatsApp-Image-2026-09-03-at-23.37.03.jpeg","datePublished":"2026-09-04T03:42:40+00:00","author":{"@id":"https:\/\/radioportoseguro.com.br\/site\/#\/schema\/person\/7630acdc320186f13639d3c067ec089b"},"breadcrumb":{"@id":"https:\/\/radioportoseguro.com.br\/site\/2026\/09\/04\/agustin-fernandez-diz-estar-orando-para-que-lagoinha-alphaville-feche-exibir-gospel\/#breadcrumb"},"inLanguage":"pt-BR","potentialAction":[{"@type":"ReadAction","target":["https:\/\/radioportoseguro.com.br\/site\/2026\/09\/04\/agustin-fernandez-diz-estar-orando-para-que-lagoinha-alphaville-feche-exibir-gospel\/"]}]},{"@type":"ImageObject","inLanguage":"pt-BR","@id":"https:\/\/radioportoseguro.com.br\/site\/2026\/09\/04\/agustin-fernandez-diz-estar-orando-para-que-lagoinha-alphaville-feche-exibir-gospel\/#primaryimage","url":"https:\/\/radioportoseguro.com.br\/site\/wp-content\/uploads\/2026\/09\/WhatsApp-Image-2026-09-03-at-23.37.03.jpeg","contentUrl":"https:\/\/radioportoseguro.com.br\/site\/wp-content\/uploads\/2026\/09\/WhatsApp-Image-2026-09-03-at-23.37.03.jpeg","width":640,"height":400},{"@type":"BreadcrumbList","@id":"https:\/\/radioportoseguro.com.br\/site\/2026\/09\/04\/agustin-fernandez-diz-estar-orando-para-que-lagoinha-alphaville-feche-exibir-gospel\/#breadcrumb","itemListElement":[{"@type":"ListItem","position":1,"name":"In\u00edcio","item":"https:\/\/radioportoseguro.com.br\/site\/"},{"@type":"ListItem","position":2,"name":"Agustin Fernandez diz estar orando para que Lagoinha Alphaville feche \u2013 Exibir Gospel"}]},{"@type":"WebSite","@id":"https:\/\/radioportoseguro.com.br\/site\/#website","url":"https:\/\/radioportoseguro.com.br\/site\/","name":"R\u00e1dio Porto Seguro","description":"","potentialAction":[{"@type":"SearchAction","target":{"@type":"EntryPoint","urlTemplate":"https:\/\/radioportoseguro.com.br\/site\/?s={search_term_string}"},"query-input":{"@type":"PropertyValueSpecification","valueRequired":true,"valueName":"search_term_string"}}],"inLanguage":"pt-BR"},{"@type":"Person","@id":"https:\/\/radioportoseguro.com.br\/site\/#\/schema\/person\/7630acdc320186f13639d3c067ec089b","name":"admin","image":{"@type":"ImageObject","inLanguage":"pt-BR","@id":"https:\/\/radioportoseguro.com.br\/site\/#\/schema\/person\/image\/","url":"https:\/\/secure.gravatar.com\/avatar\/caacf4dc1eedb68fab0df8e1ed46c448e578b2466351bbcb61e47d2ac0caaef0?s=96&d=mm&r=g","contentUrl":"https:\/\/secure.gravatar.com\/avatar\/caacf4dc1eedb68fab0df8e1ed46c448e578b2466351bbcb61e47d2ac0caaef0?s=96&d=mm&r=g","caption":"admin"},"sameAs":["https:\/\/radioportoseguro.com.br\/site"],"url":"https:\/\/radioportoseguro.com.br\/site\/author\/hezio\/"}]}},"_links":{"self":[{"href":"https:\/\/radioportoseguro.com.br\/site\/wp-json\/wp\/v2\/posts\/10865","targetHints":{"allow":["GET"]}}],"collection":[{"href":"https:\/\/radioportoseguro.com.br\/site\/wp-json\/wp\/v2\/posts"}],"about":[{"href":"https:\/\/radioportoseguro.com.br\/site\/wp-json\/wp\/v2\/types\/post"}],"author":[{"embeddable":true,"href":"https:\/\/radioportoseguro.com.br\/site\/wp-json\/wp\/v2\/users\/1"}],"replies":[{"embeddable":true,"href":"https:\/\/radioportoseguro.com.br\/site\/wp-json\/wp\/v2\/comments?post=10865"}],"version-history":[{"count":0,"href":"https:\/\/radioportoseguro.com.br\/site\/wp-json\/wp\/v2\/posts\/10865\/revisions"}],"wp:featuredmedia":[{"embeddable":true,"href":"https:\/\/radioportoseguro.com.br\/site\/wp-json\/wp\/v2\/media\/10866"}],"wp:attachment":[{"href":"https:\/\/radioportoseguro.com.br\/site\/wp-json\/wp\/v2\/media?parent=10865"}],"wp:term":[{"taxonomy":"category","embeddable":true,"href":"https:\/\/radioportoseguro.com.br\/site\/wp-json\/wp\/v2\/categories?post=10865"},{"taxonomy":"post_tag","embeddable":true,"href":"https:\/\/radioportoseguro.com.br\/site\/wp-json\/wp\/v2\/tags?post=10865"}],"curies":[{"name":"wp","href":"https:\/\/api.w.org\/{rel}","templated":true}]}}