{"id":10871,"date":"2026-09-04T03:44:04","date_gmt":"2026-09-04T06:44:04","guid":{"rendered":"https:\/\/radioportoseguro.com.br\/site\/2026\/09\/04\/frente-evangelica-contesta-valor-citado-de-emenda-do-senador-marcos-rogerio-para-museu-da-biblia-exibir-gospel\/"},"modified":"2026-09-04T03:44:04","modified_gmt":"2026-09-04T06:44:04","slug":"frente-evangelica-contesta-valor-citado-de-emenda-do-senador-marcos-rogerio-para-museu-da-biblia-exibir-gospel","status":"publish","type":"post","link":"https:\/\/radioportoseguro.com.br\/site\/2026\/09\/04\/frente-evangelica-contesta-valor-citado-de-emenda-do-senador-marcos-rogerio-para-museu-da-biblia-exibir-gospel\/","title":{"rendered":"Frente Evang\u00e9lica contesta valor citado de emenda do senador Marcos Rog\u00e9rio para Museu da B\u00edblia \u2013 Exibir Gospel"},"content":{"rendered":"<p><br \/>\n<\/p>\n<div>\n<p>A Frente Parlamentar Evang\u00e9lica (FPE) defendeu, nesta quarta-feira (2), o senador Marcos Rog\u00e9rio (PL-RO) ap\u00f3s cr\u00edticas feitas durante debate entre candidatos ao Governo de Rond\u00f4nia, realizado na Rema TV. A entidade contestou a informa\u00e7\u00e3o de que o parlamentar teria destinado <em>R$ 14 milh\u00f5es para o Museu da B\u00edblia.<\/em><\/p>\n<p>Segundo a FPE, o valor destinado por Marcos Rog\u00e9rio ao projeto foi de aproximadamente R$ 480 mil. Documentos citados pela entidade apontam que a emenda do senador foi de R$ 483.214,19.<\/p>\n<p>A discuss\u00e3o ocorreu durante o debate realizado na segunda-feira (1\u00ba), quando o candidato Adailton F\u00faria (PSD) questionou Marcos Rog\u00e9rio sobre recursos destinados ao empreendimento em Bras\u00edlia. O advers\u00e1rio afirmou que os recursos poderiam ter sido usados em outras \u00e1reas.<\/p>\n<p>Em nota, a Frente Parlamentar Evang\u00e9lica explicou que os mais de R$ 14 milh\u00f5es mencionados no debate correspondem \u00e0 participa\u00e7\u00e3o conjunta de diferentes parlamentares. O montante faz parte do Contrato de Repasse n\u00ba 903915\/2020, firmado em dezembro de 2020.<\/p>\n<p>O contrato re\u00fane R$ 14,125 milh\u00f5es para a primeira etapa do projeto. A iniciativa recebeu emendas de parlamentares de diferentes estados, incluindo integrantes da pr\u00f3pria Frente Parlamentar Evang\u00e9lica.<\/p>\n<p>A entidade tamb\u00e9m destacou a finalidade do empreendimento, apresentado como um espa\u00e7o voltado \u00e0 preserva\u00e7\u00e3o do patrim\u00f4nio hist\u00f3rico, religioso e cultural relacionado \u00e0 B\u00edblia.<\/p>\n<p>A nota foi assinada pelo deputado federal Gilberto Nascimento, presidente da FPE. Al\u00e9m de contestar o valor atribu\u00eddo a Marcos Rog\u00e9rio, ele manifestou apoio \u00e0 candidatura do senador ao Governo de Rond\u00f4nia.<\/p>\n<p>A Frente citou ainda a atua\u00e7\u00e3o de Marcos Rog\u00e9rio em temas ligados \u00e0 f\u00e9, \u00e0 fam\u00edlia e \u00e0 liberdade religiosa. Esses assuntos tamb\u00e9m aparecem no Plano de Governo 2027\u20132030 apresentado pelo candidato.<\/p>\n<p>O Museu da B\u00edblia, por\u00e9m, ainda n\u00e3o come\u00e7ou a ser constru\u00eddo. O projeto passou por mudan\u00e7as ao longo dos anos e atualmente existem tratativas para uma nova reformula\u00e7\u00e3o, com a possibilidade de o espa\u00e7o ser chamado de Memorial Nacional da B\u00edblia.<\/p>\n<p>Tamb\u00e9m n\u00e3o houve pagamento referente ao contrato citado. Conforme as informa\u00e7\u00f5es apresentadas, o processo possui pend\u00eancias documentais e depende de provid\u00eancias do Governo do Distrito Federal para avan\u00e7ar.<\/p>\n<p>Portal Exibir Gospel <\/p>\n<\/div>\n<p><br \/>\n<br \/>Fonte: Exibir Gospel<\/p>\n","protected":false},"excerpt":{"rendered":"<p>A Frente Parlamentar Evang\u00e9lica (FPE) defendeu, nesta quarta-feira (2), o senador Marcos Rog\u00e9rio (PL-RO) ap\u00f3s cr\u00edticas feitas durante debate entre candidatos ao Governo de Rond\u00f4nia, realizado na Rema TV. A entidade contestou a informa\u00e7\u00e3o de que o parlamentar teria destinado R$ 14 milh\u00f5es para o Museu da B\u00edblia. Segundo a FPE, o valor destinado por [&hellip;]<\/p>\n","protected":false},"author":1,"featured_media":10872,"comment_status":"","ping_status":"open","sticky":false,"template":"","format":"standard","meta":{"footnotes":""},"categories":[4],"tags":[],"class_list":["post-10871","post","type-post","status-publish","format-standard","has-post-thumbnail","hentry","category-musica"],"yoast_head":"<!-- This site is optimized with the Yoast SEO plugin v26.8 - https:\/\/yoast.com\/product\/yoast-seo-wordpress\/ -->\n<title>Frente Evang\u00e9lica contesta valor citado de emenda do senador Marcos Rog\u00e9rio para Museu da B\u00edblia \u2013 Exibir Gospel - R\u00e1dio Porto Seguro<\/title>\n<meta name=\"robots\" content=\"index, follow, max-snippet:-1, max-image-preview:large, max-video-preview:-1\" \/>\n<link rel=\"canonical\" href=\"https:\/\/radioportoseguro.com.br\/site\/2026\/09\/04\/frente-evangelica-contesta-valor-citado-de-emenda-do-senador-marcos-rogerio-para-museu-da-biblia-exibir-gospel\/\" \/>\n<meta property=\"og:locale\" content=\"pt_BR\" \/>\n<meta property=\"og:type\" content=\"article\" \/>\n<meta property=\"og:title\" content=\"Frente Evang\u00e9lica contesta valor citado de emenda do senador Marcos Rog\u00e9rio para Museu da B\u00edblia \u2013 Exibir Gospel - R\u00e1dio Porto Seguro\" \/>\n<meta property=\"og:description\" content=\"A Frente Parlamentar Evang\u00e9lica (FPE) defendeu, nesta quarta-feira (2), o senador Marcos Rog\u00e9rio (PL-RO) ap\u00f3s cr\u00edticas feitas durante debate entre candidatos ao Governo de Rond\u00f4nia, realizado na Rema TV. A entidade contestou a informa\u00e7\u00e3o de que o parlamentar teria destinado R$ 14 milh\u00f5es para o Museu da B\u00edblia. Segundo a FPE, o valor destinado por [&hellip;]\" \/>\n<meta property=\"og:url\" content=\"https:\/\/radioportoseguro.com.br\/site\/2026\/09\/04\/frente-evangelica-contesta-valor-citado-de-emenda-do-senador-marcos-rogerio-para-museu-da-biblia-exibir-gospel\/\" \/>\n<meta property=\"og:site_name\" content=\"R\u00e1dio Porto Seguro\" \/>\n<meta property=\"article:published_time\" content=\"2026-09-04T06:44:04+00:00\" \/>\n<meta name=\"author\" content=\"admin\" \/>\n<meta name=\"twitter:card\" content=\"summary_large_image\" \/>\n<meta name=\"twitter:label1\" content=\"Escrito por\" \/>\n\t<meta name=\"twitter:data1\" content=\"admin\" \/>\n\t<meta name=\"twitter:label2\" content=\"Est. tempo de leitura\" \/>\n\t<meta name=\"twitter:data2\" content=\"2 minutos\" \/>\n<script type=\"application\/ld+json\" class=\"yoast-schema-graph\">{\"@context\":\"https:\/\/schema.org\",\"@graph\":[{\"@type\":\"Article\",\"@id\":\"https:\/\/radioportoseguro.com.br\/site\/2026\/09\/04\/frente-evangelica-contesta-valor-citado-de-emenda-do-senador-marcos-rogerio-para-museu-da-biblia-exibir-gospel\/#article\",\"isPartOf\":{\"@id\":\"https:\/\/radioportoseguro.com.br\/site\/2026\/09\/04\/frente-evangelica-contesta-valor-citado-de-emenda-do-senador-marcos-rogerio-para-museu-da-biblia-exibir-gospel\/\"},\"author\":{\"name\":\"admin\",\"@id\":\"https:\/\/radioportoseguro.com.br\/site\/#\/schema\/person\/7630acdc320186f13639d3c067ec089b\"},\"headline\":\"Frente Evang\u00e9lica contesta valor citado de emenda do senador Marcos Rog\u00e9rio para Museu da B\u00edblia \u2013 Exibir Gospel\",\"datePublished\":\"2026-09-04T06:44:04+00:00\",\"mainEntityOfPage\":{\"@id\":\"https:\/\/radioportoseguro.com.br\/site\/2026\/09\/04\/frente-evangelica-contesta-valor-citado-de-emenda-do-senador-marcos-rogerio-para-museu-da-biblia-exibir-gospel\/\"},\"wordCount\":403,\"image\":{\"@id\":\"https:\/\/radioportoseguro.com.br\/site\/2026\/09\/04\/frente-evangelica-contesta-valor-citado-de-emenda-do-senador-marcos-rogerio-para-museu-da-biblia-exibir-gospel\/#primaryimage\"},\"thumbnailUrl\":\"https:\/\/radioportoseguro.com.br\/site\/wp-content\/uploads\/2026\/09\/WhatsApp-Image-2026-09-02-at-22.51.10.jpeg\",\"articleSection\":[\"M\u00fasica\"],\"inLanguage\":\"pt-BR\"},{\"@type\":\"WebPage\",\"@id\":\"https:\/\/radioportoseguro.com.br\/site\/2026\/09\/04\/frente-evangelica-contesta-valor-citado-de-emenda-do-senador-marcos-rogerio-para-museu-da-biblia-exibir-gospel\/\",\"url\":\"https:\/\/radioportoseguro.com.br\/site\/2026\/09\/04\/frente-evangelica-contesta-valor-citado-de-emenda-do-senador-marcos-rogerio-para-museu-da-biblia-exibir-gospel\/\",\"name\":\"Frente Evang\u00e9lica contesta valor citado de emenda do senador Marcos Rog\u00e9rio para Museu da B\u00edblia \u2013 Exibir Gospel - R\u00e1dio Porto Seguro\",\"isPartOf\":{\"@id\":\"https:\/\/radioportoseguro.com.br\/site\/#website\"},\"primaryImageOfPage\":{\"@id\":\"https:\/\/radioportoseguro.com.br\/site\/2026\/09\/04\/frente-evangelica-contesta-valor-citado-de-emenda-do-senador-marcos-rogerio-para-museu-da-biblia-exibir-gospel\/#primaryimage\"},\"image\":{\"@id\":\"https:\/\/radioportoseguro.com.br\/site\/2026\/09\/04\/frente-evangelica-contesta-valor-citado-de-emenda-do-senador-marcos-rogerio-para-museu-da-biblia-exibir-gospel\/#primaryimage\"},\"thumbnailUrl\":\"https:\/\/radioportoseguro.com.br\/site\/wp-content\/uploads\/2026\/09\/WhatsApp-Image-2026-09-02-at-22.51.10.jpeg\",\"datePublished\":\"2026-09-04T06:44:04+00:00\",\"author\":{\"@id\":\"https:\/\/radioportoseguro.com.br\/site\/#\/schema\/person\/7630acdc320186f13639d3c067ec089b\"},\"breadcrumb\":{\"@id\":\"https:\/\/radioportoseguro.com.br\/site\/2026\/09\/04\/frente-evangelica-contesta-valor-citado-de-emenda-do-senador-marcos-rogerio-para-museu-da-biblia-exibir-gospel\/#breadcrumb\"},\"inLanguage\":\"pt-BR\",\"potentialAction\":[{\"@type\":\"ReadAction\",\"target\":[\"https:\/\/radioportoseguro.com.br\/site\/2026\/09\/04\/frente-evangelica-contesta-valor-citado-de-emenda-do-senador-marcos-rogerio-para-museu-da-biblia-exibir-gospel\/\"]}]},{\"@type\":\"ImageObject\",\"inLanguage\":\"pt-BR\",\"@id\":\"https:\/\/radioportoseguro.com.br\/site\/2026\/09\/04\/frente-evangelica-contesta-valor-citado-de-emenda-do-senador-marcos-rogerio-para-museu-da-biblia-exibir-gospel\/#primaryimage\",\"url\":\"https:\/\/radioportoseguro.com.br\/site\/wp-content\/uploads\/2026\/09\/WhatsApp-Image-2026-09-02-at-22.51.10.jpeg\",\"contentUrl\":\"https:\/\/radioportoseguro.com.br\/site\/wp-content\/uploads\/2026\/09\/WhatsApp-Image-2026-09-02-at-22.51.10.jpeg\",\"width\":640,\"height\":427},{\"@type\":\"BreadcrumbList\",\"@id\":\"https:\/\/radioportoseguro.com.br\/site\/2026\/09\/04\/frente-evangelica-contesta-valor-citado-de-emenda-do-senador-marcos-rogerio-para-museu-da-biblia-exibir-gospel\/#breadcrumb\",\"itemListElement\":[{\"@type\":\"ListItem\",\"position\":1,\"name\":\"In\u00edcio\",\"item\":\"https:\/\/radioportoseguro.com.br\/site\/\"},{\"@type\":\"ListItem\",\"position\":2,\"name\":\"Frente Evang\u00e9lica contesta valor citado de emenda do senador Marcos Rog\u00e9rio para Museu da B\u00edblia \u2013 Exibir Gospel\"}]},{\"@type\":\"WebSite\",\"@id\":\"https:\/\/radioportoseguro.com.br\/site\/#website\",\"url\":\"https:\/\/radioportoseguro.com.br\/site\/\",\"name\":\"R\u00e1dio Porto Seguro\",\"description\":\"\",\"potentialAction\":[{\"@type\":\"SearchAction\",\"target\":{\"@type\":\"EntryPoint\",\"urlTemplate\":\"https:\/\/radioportoseguro.com.br\/site\/?s={search_term_string}\"},\"query-input\":{\"@type\":\"PropertyValueSpecification\",\"valueRequired\":true,\"valueName\":\"search_term_string\"}}],\"inLanguage\":\"pt-BR\"},{\"@type\":\"Person\",\"@id\":\"https:\/\/radioportoseguro.com.br\/site\/#\/schema\/person\/7630acdc320186f13639d3c067ec089b\",\"name\":\"admin\",\"image\":{\"@type\":\"ImageObject\",\"inLanguage\":\"pt-BR\",\"@id\":\"https:\/\/radioportoseguro.com.br\/site\/#\/schema\/person\/image\/\",\"url\":\"https:\/\/secure.gravatar.com\/avatar\/caacf4dc1eedb68fab0df8e1ed46c448e578b2466351bbcb61e47d2ac0caaef0?s=96&d=mm&r=g\",\"contentUrl\":\"https:\/\/secure.gravatar.com\/avatar\/caacf4dc1eedb68fab0df8e1ed46c448e578b2466351bbcb61e47d2ac0caaef0?s=96&d=mm&r=g\",\"caption\":\"admin\"},\"sameAs\":[\"https:\/\/radioportoseguro.com.br\/site\"],\"url\":\"https:\/\/radioportoseguro.com.br\/site\/author\/hezio\/\"}]}<\/script>\n<!-- \/ Yoast SEO plugin. -->","yoast_head_json":{"title":"Frente Evang\u00e9lica contesta valor citado de emenda do senador Marcos Rog\u00e9rio para Museu da B\u00edblia \u2013 Exibir Gospel - R\u00e1dio Porto Seguro","robots":{"index":"index","follow":"follow","max-snippet":"max-snippet:-1","max-image-preview":"max-image-preview:large","max-video-preview":"max-video-preview:-1"},"canonical":"https:\/\/radioportoseguro.com.br\/site\/2026\/09\/04\/frente-evangelica-contesta-valor-citado-de-emenda-do-senador-marcos-rogerio-para-museu-da-biblia-exibir-gospel\/","og_locale":"pt_BR","og_type":"article","og_title":"Frente Evang\u00e9lica contesta valor citado de emenda do senador Marcos Rog\u00e9rio para Museu da B\u00edblia \u2013 Exibir Gospel - R\u00e1dio Porto Seguro","og_description":"A Frente Parlamentar Evang\u00e9lica (FPE) defendeu, nesta quarta-feira (2), o senador Marcos Rog\u00e9rio (PL-RO) ap\u00f3s cr\u00edticas feitas durante debate entre candidatos ao Governo de Rond\u00f4nia, realizado na Rema TV. A entidade contestou a informa\u00e7\u00e3o de que o parlamentar teria destinado R$ 14 milh\u00f5es para o Museu da B\u00edblia. Segundo a FPE, o valor destinado por [&hellip;]","og_url":"https:\/\/radioportoseguro.com.br\/site\/2026\/09\/04\/frente-evangelica-contesta-valor-citado-de-emenda-do-senador-marcos-rogerio-para-museu-da-biblia-exibir-gospel\/","og_site_name":"R\u00e1dio Porto Seguro","article_published_time":"2026-09-04T06:44:04+00:00","author":"admin","twitter_card":"summary_large_image","twitter_misc":{"Escrito por":"admin","Est. tempo de leitura":"2 minutos"},"schema":{"@context":"https:\/\/schema.org","@graph":[{"@type":"Article","@id":"https:\/\/radioportoseguro.com.br\/site\/2026\/09\/04\/frente-evangelica-contesta-valor-citado-de-emenda-do-senador-marcos-rogerio-para-museu-da-biblia-exibir-gospel\/#article","isPartOf":{"@id":"https:\/\/radioportoseguro.com.br\/site\/2026\/09\/04\/frente-evangelica-contesta-valor-citado-de-emenda-do-senador-marcos-rogerio-para-museu-da-biblia-exibir-gospel\/"},"author":{"name":"admin","@id":"https:\/\/radioportoseguro.com.br\/site\/#\/schema\/person\/7630acdc320186f13639d3c067ec089b"},"headline":"Frente Evang\u00e9lica contesta valor citado de emenda do senador Marcos Rog\u00e9rio para Museu da B\u00edblia \u2013 Exibir Gospel","datePublished":"2026-09-04T06:44:04+00:00","mainEntityOfPage":{"@id":"https:\/\/radioportoseguro.com.br\/site\/2026\/09\/04\/frente-evangelica-contesta-valor-citado-de-emenda-do-senador-marcos-rogerio-para-museu-da-biblia-exibir-gospel\/"},"wordCount":403,"image":{"@id":"https:\/\/radioportoseguro.com.br\/site\/2026\/09\/04\/frente-evangelica-contesta-valor-citado-de-emenda-do-senador-marcos-rogerio-para-museu-da-biblia-exibir-gospel\/#primaryimage"},"thumbnailUrl":"https:\/\/radioportoseguro.com.br\/site\/wp-content\/uploads\/2026\/09\/WhatsApp-Image-2026-09-02-at-22.51.10.jpeg","articleSection":["M\u00fasica"],"inLanguage":"pt-BR"},{"@type":"WebPage","@id":"https:\/\/radioportoseguro.com.br\/site\/2026\/09\/04\/frente-evangelica-contesta-valor-citado-de-emenda-do-senador-marcos-rogerio-para-museu-da-biblia-exibir-gospel\/","url":"https:\/\/radioportoseguro.com.br\/site\/2026\/09\/04\/frente-evangelica-contesta-valor-citado-de-emenda-do-senador-marcos-rogerio-para-museu-da-biblia-exibir-gospel\/","name":"Frente Evang\u00e9lica contesta valor citado de emenda do senador Marcos Rog\u00e9rio para Museu da B\u00edblia \u2013 Exibir Gospel - R\u00e1dio Porto Seguro","isPartOf":{"@id":"https:\/\/radioportoseguro.com.br\/site\/#website"},"primaryImageOfPage":{"@id":"https:\/\/radioportoseguro.com.br\/site\/2026\/09\/04\/frente-evangelica-contesta-valor-citado-de-emenda-do-senador-marcos-rogerio-para-museu-da-biblia-exibir-gospel\/#primaryimage"},"image":{"@id":"https:\/\/radioportoseguro.com.br\/site\/2026\/09\/04\/frente-evangelica-contesta-valor-citado-de-emenda-do-senador-marcos-rogerio-para-museu-da-biblia-exibir-gospel\/#primaryimage"},"thumbnailUrl":"https:\/\/radioportoseguro.com.br\/site\/wp-content\/uploads\/2026\/09\/WhatsApp-Image-2026-09-02-at-22.51.10.jpeg","datePublished":"2026-09-04T06:44:04+00:00","author":{"@id":"https:\/\/radioportoseguro.com.br\/site\/#\/schema\/person\/7630acdc320186f13639d3c067ec089b"},"breadcrumb":{"@id":"https:\/\/radioportoseguro.com.br\/site\/2026\/09\/04\/frente-evangelica-contesta-valor-citado-de-emenda-do-senador-marcos-rogerio-para-museu-da-biblia-exibir-gospel\/#breadcrumb"},"inLanguage":"pt-BR","potentialAction":[{"@type":"ReadAction","target":["https:\/\/radioportoseguro.com.br\/site\/2026\/09\/04\/frente-evangelica-contesta-valor-citado-de-emenda-do-senador-marcos-rogerio-para-museu-da-biblia-exibir-gospel\/"]}]},{"@type":"ImageObject","inLanguage":"pt-BR","@id":"https:\/\/radioportoseguro.com.br\/site\/2026\/09\/04\/frente-evangelica-contesta-valor-citado-de-emenda-do-senador-marcos-rogerio-para-museu-da-biblia-exibir-gospel\/#primaryimage","url":"https:\/\/radioportoseguro.com.br\/site\/wp-content\/uploads\/2026\/09\/WhatsApp-Image-2026-09-02-at-22.51.10.jpeg","contentUrl":"https:\/\/radioportoseguro.com.br\/site\/wp-content\/uploads\/2026\/09\/WhatsApp-Image-2026-09-02-at-22.51.10.jpeg","width":640,"height":427},{"@type":"BreadcrumbList","@id":"https:\/\/radioportoseguro.com.br\/site\/2026\/09\/04\/frente-evangelica-contesta-valor-citado-de-emenda-do-senador-marcos-rogerio-para-museu-da-biblia-exibir-gospel\/#breadcrumb","itemListElement":[{"@type":"ListItem","position":1,"name":"In\u00edcio","item":"https:\/\/radioportoseguro.com.br\/site\/"},{"@type":"ListItem","position":2,"name":"Frente Evang\u00e9lica contesta valor citado de emenda do senador Marcos Rog\u00e9rio para Museu da B\u00edblia \u2013 Exibir Gospel"}]},{"@type":"WebSite","@id":"https:\/\/radioportoseguro.com.br\/site\/#website","url":"https:\/\/radioportoseguro.com.br\/site\/","name":"R\u00e1dio Porto Seguro","description":"","potentialAction":[{"@type":"SearchAction","target":{"@type":"EntryPoint","urlTemplate":"https:\/\/radioportoseguro.com.br\/site\/?s={search_term_string}"},"query-input":{"@type":"PropertyValueSpecification","valueRequired":true,"valueName":"search_term_string"}}],"inLanguage":"pt-BR"},{"@type":"Person","@id":"https:\/\/radioportoseguro.com.br\/site\/#\/schema\/person\/7630acdc320186f13639d3c067ec089b","name":"admin","image":{"@type":"ImageObject","inLanguage":"pt-BR","@id":"https:\/\/radioportoseguro.com.br\/site\/#\/schema\/person\/image\/","url":"https:\/\/secure.gravatar.com\/avatar\/caacf4dc1eedb68fab0df8e1ed46c448e578b2466351bbcb61e47d2ac0caaef0?s=96&d=mm&r=g","contentUrl":"https:\/\/secure.gravatar.com\/avatar\/caacf4dc1eedb68fab0df8e1ed46c448e578b2466351bbcb61e47d2ac0caaef0?s=96&d=mm&r=g","caption":"admin"},"sameAs":["https:\/\/radioportoseguro.com.br\/site"],"url":"https:\/\/radioportoseguro.com.br\/site\/author\/hezio\/"}]}},"_links":{"self":[{"href":"https:\/\/radioportoseguro.com.br\/site\/wp-json\/wp\/v2\/posts\/10871","targetHints":{"allow":["GET"]}}],"collection":[{"href":"https:\/\/radioportoseguro.com.br\/site\/wp-json\/wp\/v2\/posts"}],"about":[{"href":"https:\/\/radioportoseguro.com.br\/site\/wp-json\/wp\/v2\/types\/post"}],"author":[{"embeddable":true,"href":"https:\/\/radioportoseguro.com.br\/site\/wp-json\/wp\/v2\/users\/1"}],"replies":[{"embeddable":true,"href":"https:\/\/radioportoseguro.com.br\/site\/wp-json\/wp\/v2\/comments?post=10871"}],"version-history":[{"count":0,"href":"https:\/\/radioportoseguro.com.br\/site\/wp-json\/wp\/v2\/posts\/10871\/revisions"}],"wp:featuredmedia":[{"embeddable":true,"href":"https:\/\/radioportoseguro.com.br\/site\/wp-json\/wp\/v2\/media\/10872"}],"wp:attachment":[{"href":"https:\/\/radioportoseguro.com.br\/site\/wp-json\/wp\/v2\/media?parent=10871"}],"wp:term":[{"taxonomy":"category","embeddable":true,"href":"https:\/\/radioportoseguro.com.br\/site\/wp-json\/wp\/v2\/categories?post=10871"},{"taxonomy":"post_tag","embeddable":true,"href":"https:\/\/radioportoseguro.com.br\/site\/wp-json\/wp\/v2\/tags?post=10871"}],"curies":[{"name":"wp","href":"https:\/\/api.w.org\/{rel}","templated":true}]}}