{"id":10873,"date":"2026-09-04T04:16:13","date_gmt":"2026-09-04T07:16:13","guid":{"rendered":"https:\/\/radioportoseguro.com.br\/site\/2026\/09\/04\/dois-cristaos-foram-presos-no-paquistao-sob-a-acusacao-de-blasfemia\/"},"modified":"2026-09-04T04:16:13","modified_gmt":"2026-09-04T07:16:13","slug":"dois-cristaos-foram-presos-no-paquistao-sob-a-acusacao-de-blasfemia","status":"publish","type":"post","link":"https:\/\/radioportoseguro.com.br\/site\/2026\/09\/04\/dois-cristaos-foram-presos-no-paquistao-sob-a-acusacao-de-blasfemia\/","title":{"rendered":"Dois crist\u00e3os foram presos no Paquist\u00e3o sob a acusa\u00e7\u00e3o de blasf\u00eamia"},"content":{"rendered":"<p><br \/>\n<\/p>\n<div>\n<div class=\"td-post-featured-image\">\n<figure><figcaption class=\"wp-caption-text\">Bandeira do Paquist\u00e3o (Foto: Folha Gospel\/Canva)<\/figcaption><\/figure>\n<\/div>\n<p> <!-- A generated by theme --> <\/p>\n<p> <!-- end A --> <\/p>\n<h2 class=\"wp-block-heading\">As leis de blasf\u00eamia do Paquist\u00e3o s\u00e3o alvo de cr\u00edticas h\u00e1 muito tempo por parte de organiza\u00e7\u00f5es de direitos humanos e especialistas jur\u00eddicos<\/h2>\n<p class=\"wp-block-paragraph\">Um crist\u00e3o no Paquist\u00e3o foi preso e acusado de blasf\u00eamia no s\u00e1bado (29 de agosto), e outro enfrentou a mesma acusa\u00e7\u00e3o em 11 de agosto, de acordo com leis que preveem pena de morte, disseram fontes.<\/p>\n<p class=\"wp-block-paragraph\">No s\u00e1bado, a pol\u00edcia prendeu Samuel Arif, de 26 anos, na \u00e1rea de Muslim Town, em Lahore, na prov\u00edncia de Punjab, depois que um mu\u00e7ulmano o acusou de fazer coment\u00e1rios depreciativos sobre Maom\u00e9 e a esposa do profeta isl\u00e2mico, Aisha, e de supostamente assediar suas filhas menores.<\/p>\n<p class=\"wp-block-paragraph\">Muhammad Umair Alam Khan alegou em um Boletim de Ocorr\u00eancia (BO) que o incidente ocorreu na noite de sexta-feira (28 de agosto) na Col\u00f4nia de Funcion\u00e1rios da Universidade de Punjab.<\/p>\n<p class=\"wp-block-paragraph\">\u201cO acusado disse \u00e0s minhas filhas que o Profeta Maom\u00e9 havia aparecido em seu sonho e lhe pedido que se casasse com as duas meninas\u201d, alegou Khan na queixa-crime. \u201cEle tamb\u00e9m usou palavras provocativas contra o profeta e sua esposa, Aisha.\u201d<\/p>\n<p class=\"wp-block-paragraph\">Khan alegou que Arif aplicou uma subst\u00e2ncia n\u00e3o identificada nas m\u00e3os e tentou pass\u00e1-la no rosto das meninas, mas que elas fugiram. Ele disse que Arif as seguiu at\u00e9 a casa delas e que o incidente foi gravado por uma c\u00e2mera de seguran\u00e7a.<\/p>\n<p class=\"wp-block-paragraph\">A pol\u00edcia registrou o caso sob a Se\u00e7\u00e3o 295-C do C\u00f3digo Penal do Paquist\u00e3o, que criminaliza coment\u00e1rios depreciativos contra Maom\u00e9 e prev\u00ea pena de morte, e a Se\u00e7\u00e3o 298-A, que pro\u00edbe coment\u00e1rios depreciativos sobre as esposas, familiares e companheiros de Maom\u00e9 e prev\u00ea pena de pris\u00e3o de at\u00e9 tr\u00eas anos, de acordo com a legisla\u00e7\u00e3o vigente.<\/p>\n<p> <!-- A generated by theme --> <\/p>\n<p> <!-- end A --> <\/p>\n<p class=\"wp-block-paragraph\">Sohail Habil, do grupo de ajuda humanit\u00e1ria HARDS Pakistan, afirmou que a fam\u00edlia de Arif negou as acusa\u00e7\u00f5es e acredita que ele possa ter sido falsamente incriminado devido a uma desaven\u00e7a pessoal.<\/p>\n<p class=\"wp-block-paragraph\">A fam\u00edlia de Arif morou na col\u00f4nia de funcion\u00e1rios por mais de 10 anos, quando seu pai, Arif Masih, trabalhava na universidade como zelador, contou Habil ao Christian Daily International-Morning Star News. A fam\u00edlia se mudou para a Col\u00f4nia de Santa Maria em Gulberg ap\u00f3s a morte do pai, mas Arif continuou visitando a col\u00f4nia de funcion\u00e1rios para encontrar os amigos.<\/p>\n<p class=\"wp-block-paragraph\">\u201c\u00c9 poss\u00edvel que algu\u00e9m tenha armado uma cilada para o jovem para acertar contas pessoais, mas as coisas ficar\u00e3o mais claras quando o encontrarmos na pris\u00e3o\u201d, disse Habil.<\/p>\n<h2 class=\"wp-block-heading\">Segundo crist\u00e3o preso<\/h2>\n<p class=\"wp-block-paragraph\">No dia 11 de agosto, a pol\u00edcia prendeu Amir Masih, um trabalhador de 30 anos de Dhala Sharif, no distrito de Gujranwala, por supostamente ter publicado um v\u00eddeo nas redes sociais que comparava Cristo e Maom\u00e9.<\/p>\n<p class=\"wp-block-paragraph\">Masih foi acusado com base na Se\u00e7\u00e3o 295-C, bem como na Se\u00e7\u00e3o 295-A, que criminaliza atos deliberados e maliciosos com a inten\u00e7\u00e3o de ultrajar sentimentos religiosos e prev\u00ea pena de pris\u00e3o de at\u00e9 10 anos, e na Se\u00e7\u00e3o 298, que abrange atos deliberados com a inten\u00e7\u00e3o de ferir sentimentos religiosos e prev\u00ea pena de pris\u00e3o de at\u00e9 um ano.<\/p>\n<p class=\"wp-block-paragraph\">As repetidas tentativas de contato com a fam\u00edlia de Masih ap\u00f3s sua pris\u00e3o foram infrut\u00edferas. Um pastor local familiarizado com o caso disse que a pol\u00edcia colocou os familiares de Masih sob cust\u00f3dia protetiva quando ele foi preso e, posteriormente, eles se esconderam ap\u00f3s sua transfer\u00eancia para a pris\u00e3o distrital de Gujranwala, onde ele foi transferido para cust\u00f3dia judicial.<\/p>\n<p class=\"wp-block-paragraph\">\u201cMasih \u00e9 casado, mas n\u00e3o tem filhos. N\u00e3o h\u00e1 mais informa\u00e7\u00f5es dispon\u00edveis sobre o paradeiro de sua fam\u00edlia\u201d, disse o pastor sob condi\u00e7\u00e3o de anonimato por motivos de seguran\u00e7a.<\/p>\n<p class=\"wp-block-paragraph\">A organiza\u00e7\u00e3o Human Rights Focus Pakistan (HRFP) apelou no s\u00e1bado (29 de agosto) \u00e0s autoridades para que garantam a Masih um julgamento justo e a prote\u00e7\u00e3o dele e de sua fam\u00edlia. A organiza\u00e7\u00e3o afirmou que Masih foi preso no mesmo dia em que as comunidades minorit\u00e1rias celebravam o Dia Nacional das Minorias.<\/p>\n<p class=\"wp-block-paragraph\">Segundo a HRFP, tr\u00eas mu\u00e7ulmanos apresentaram uma queixa acusando Masih de ferir seus sentimentos religiosos por meio de uma suposta compara\u00e7\u00e3o entre o Isl\u00e3 e o Cristianismo. A organiza\u00e7\u00e3o afirmou que sua equipe de investiga\u00e7\u00e3o concluiu que Masih, um trabalhador escravizado em situa\u00e7\u00e3o de pobreza, pode ter sido falsamente incriminado e levantou d\u00favidas sobre a autenticidade da conta de m\u00eddia social de onde o v\u00eddeo teria sido publicado.<\/p>\n<p class=\"wp-block-paragraph\">\u201cA apresenta\u00e7\u00e3o de uma queixa n\u00e3o constitui prova de culpa\u201d, afirmou a HRFP, instando as autoridades a conduzirem uma investiga\u00e7\u00e3o independente.<\/p>\n<p class=\"wp-block-paragraph\">De acordo com a HRFP, v\u00e1rias fam\u00edlias crist\u00e3s fugiram de suas casas por medo de viol\u00eancia coletiva devido \u00e0 acusa\u00e7\u00e3o. Fontes locais contestaram essa afirma\u00e7\u00e3o, dizendo que, embora as tens\u00f5es religiosas tenham aumentado inicialmente na regi\u00e3o, a situa\u00e7\u00e3o voltou ao normal ap\u00f3s a pris\u00e3o de Masih.<\/p>\n<p class=\"wp-block-paragraph\">\u201cO caso de Amir Masih, como todos os casos que envolvem alega\u00e7\u00f5es de ofensa religiosa, exige cuidado, transpar\u00eancia e imparcialidade especiais\u201d, disse o presidente da HRFP, Naveed Walter, em comunicado. \u201cTais alega\u00e7\u00f5es podem rapidamente criar tens\u00f5es e colocar comunidades inteiras em risco. As autoridades devem garantir o devido processo legal, a igualdade perante a lei e a seguran\u00e7a de todos os afetados.\u201d<\/p>\n<p class=\"wp-block-paragraph\">As leis de blasf\u00eamia do Paquist\u00e3o s\u00e3o alvo de cr\u00edticas h\u00e1 muito tempo por parte de organiza\u00e7\u00f5es de direitos humanos e especialistas jur\u00eddicos, que afirmam que as leis s\u00e3o vulner\u00e1veis \u200b\u200ba abusos em disputas pessoais e outros conflitos, al\u00e9m de terem sido usadas contra minorias religiosas. Embora o Paquist\u00e3o n\u00e3o tenha realizado nenhuma execu\u00e7\u00e3o estatal por blasf\u00eamia, as acusa\u00e7\u00f5es t\u00eam levado repetidamente a ataques de multid\u00f5es, execu\u00e7\u00f5es extrajudiciais e deten\u00e7\u00e3o prolongada de suspeitos aguardando julgamento.<\/p>\n<p class=\"wp-block-paragraph\">Em 8 de julho, funcion\u00e1rios do governo disseram a uma comiss\u00e3o parlamentar que a maioria dos 333 casos de blasf\u00eamia registrados nos \u00faltimos cinco anos em quatro prov\u00edncias eram falsos.<\/p>\n<p class=\"wp-block-paragraph\">Secret\u00e1rios de seguran\u00e7a p\u00fablica provinciais e altos funcion\u00e1rios da pol\u00edcia disseram \u00e0 Comiss\u00e3o Funcional de Direitos Humanos do Senado que os casos fabricados inclu\u00edam alega\u00e7\u00f5es contra crist\u00e3os e membros de outras minorias religiosas. A reuni\u00e3o, presidida pela senadora Samina Mumtaz Zehri em Islamabad, analisou dados oficiais sobre casos de blasf\u00eamia registrados nas prov\u00edncias de Punjab, Sindh, Khyber Pakhtunkhwa e Baluchist\u00e3o.<\/p>\n<p class=\"wp-block-paragraph\">O Punjab registrou o maior n\u00famero de casos sob a Se\u00e7\u00e3o 295-C, com 116 casos registrados durante o per\u00edodo de cinco anos. Autoridades informaram que 56% dos acusados \u200b\u200beram mu\u00e7ulmanos e 14% pertenciam a comunidades religiosas minorit\u00e1rias. Sindh registrou 96 casos sob a Se\u00e7\u00e3o 295-B, referentes \u00e0 suposta profana\u00e7\u00e3o do Alcor\u00e3o, e 29 casos sob a Se\u00e7\u00e3o 295-C.<\/p>\n<p class=\"wp-block-paragraph\">A pol\u00edcia informou \u00e0 comiss\u00e3o que, dos 29 casos do Artigo 295-C registrados em Sindh entre 2023 e junho, den\u00fancias foram apresentadas em 22 casos, dois permanecem sob investiga\u00e7\u00e3o, tr\u00eas envolvem suspeitos n\u00e3o identificados e dois boletins de ocorr\u00eancia foram anulados devido a defici\u00eancias legais ou processuais.<\/p>\n<p class=\"wp-block-paragraph\">Dos 96 casos da Se\u00e7\u00e3o 295-B, os promotores apresentaram den\u00fancias em 69, enquanto seis permanecem sob investiga\u00e7\u00e3o, quatro foram arquivados e 17 foram registrados contra suspeitos n\u00e3o identificados.<\/p>\n<p class=\"wp-block-paragraph\">Khyber Pakhtunkhwa registrou mais de 90 casos de blasf\u00eamia durante o per\u00edodo, enquanto o Baluchist\u00e3o registrou 28, de acordo com os dados apresentados \u00e0 comiss\u00e3o.<\/p>\n<p class=\"wp-block-paragraph\">Autoridades provinciais reconheceram que vingan\u00e7as pessoais, disputas familiares e outros conflitos privados frequentemente estavam por tr\u00e1s das acusa\u00e7\u00f5es de blasf\u00eamia. Em alguns casos, disseram as autoridades, as investiga\u00e7\u00f5es n\u00e3o conseguiram encontrar provas que corroborassem as acusa\u00e7\u00f5es, resultando no arquivamento dos casos.<\/p>\n<p class=\"wp-block-paragraph\">A organiza\u00e7\u00e3o Portas Abertas classificou o Paquist\u00e3o em oitavo lugar na sua Lista Mundial da Persegui\u00e7\u00e3o 2026, que relaciona os 50 pa\u00edses onde os crist\u00e3os enfrentam a persegui\u00e7\u00e3o mais severa. A organiza\u00e7\u00e3o citou discrimina\u00e7\u00e3o sist\u00eamica, viol\u00eancia de multid\u00f5es, convers\u00f5es for\u00e7adas, trabalho escravo e viol\u00eancia de g\u00eanero, e afirmou que a fragilidade da aplica\u00e7\u00e3o da lei e a impunidade generalizada permitiram que os perpetradores de viol\u00eancia anticrist\u00e3 escapassem da responsabiliza\u00e7\u00e3o.<\/p>\n<p class=\"wp-block-paragraph\"><strong>Folha Gospel com informa\u00e7\u00f5es de Christian Daily<\/strong><\/p>\n<p> <!-- A generated by theme --> <\/p>\n<p> <!-- end A --> <\/p><\/div>\n<p><script>(function (d, s, id) {\n                var js, fjs = d.getElementsByTagName(s)[0];\n                if (d.getElementById(id)) return;\n                js = d.createElement(s);\n                js.id = id;\n                js.src=\"https:\/\/connect.facebook.net\/pt_BR\/sdk.js#xfbml=1&version=v2.11&appId=264312870658742&autoLogAppEvents=1\";\n                fjs.parentNode.insertBefore(js, fjs);\n            }(document, 'script', 'facebook-jssdk'));<\/script><br \/>\n<br \/><br \/>\n<br \/>Fonte: Folha Gospel<\/p>\n","protected":false},"excerpt":{"rendered":"<p>Bandeira do Paquist\u00e3o (Foto: Folha Gospel\/Canva) As leis de blasf\u00eamia do Paquist\u00e3o s\u00e3o alvo de cr\u00edticas h\u00e1 muito tempo por parte de organiza\u00e7\u00f5es de direitos humanos e especialistas jur\u00eddicos Um crist\u00e3o no Paquist\u00e3o foi preso e acusado de blasf\u00eamia no s\u00e1bado (29 de agosto), e outro enfrentou a mesma acusa\u00e7\u00e3o em 11 de agosto, de [&hellip;]<\/p>\n","protected":false},"author":1,"featured_media":5003,"comment_status":"","ping_status":"open","sticky":false,"template":"","format":"standard","meta":{"footnotes":""},"categories":[3],"tags":[],"class_list":["post-10873","post","type-post","status-publish","format-standard","has-post-thumbnail","hentry","category-gospel"],"yoast_head":"<!-- This site is optimized with the Yoast SEO plugin v26.8 - https:\/\/yoast.com\/product\/yoast-seo-wordpress\/ -->\n<title>Dois crist\u00e3os foram presos no Paquist\u00e3o sob a acusa\u00e7\u00e3o de blasf\u00eamia - R\u00e1dio Porto Seguro<\/title>\n<meta name=\"robots\" content=\"index, follow, max-snippet:-1, max-image-preview:large, max-video-preview:-1\" \/>\n<link rel=\"canonical\" href=\"https:\/\/radioportoseguro.com.br\/site\/2026\/09\/04\/dois-cristaos-foram-presos-no-paquistao-sob-a-acusacao-de-blasfemia\/\" \/>\n<meta property=\"og:locale\" content=\"pt_BR\" \/>\n<meta property=\"og:type\" content=\"article\" \/>\n<meta property=\"og:title\" content=\"Dois crist\u00e3os foram presos no Paquist\u00e3o sob a acusa\u00e7\u00e3o de blasf\u00eamia - R\u00e1dio Porto Seguro\" \/>\n<meta property=\"og:description\" content=\"Bandeira do Paquist\u00e3o (Foto: Folha Gospel\/Canva) As leis de blasf\u00eamia do Paquist\u00e3o s\u00e3o alvo de cr\u00edticas h\u00e1 muito tempo por parte de organiza\u00e7\u00f5es de direitos humanos e especialistas jur\u00eddicos Um crist\u00e3o no Paquist\u00e3o foi preso e acusado de blasf\u00eamia no s\u00e1bado (29 de agosto), e outro enfrentou a mesma acusa\u00e7\u00e3o em 11 de agosto, de [&hellip;]\" \/>\n<meta property=\"og:url\" content=\"https:\/\/radioportoseguro.com.br\/site\/2026\/09\/04\/dois-cristaos-foram-presos-no-paquistao-sob-a-acusacao-de-blasfemia\/\" \/>\n<meta property=\"og:site_name\" content=\"R\u00e1dio Porto Seguro\" \/>\n<meta property=\"article:published_time\" content=\"2026-09-04T07:16:13+00:00\" \/>\n<meta property=\"og:image\" content=\"https:\/\/i0.wp.com\/folhagospel.com\/wp-content\/uploads\/2025\/12\/Bandeira-do-Paquistao-Foto-Folha-GospelCanva.jpg?resize=696%2C497&amp;ssl=1\" \/>\n<meta name=\"author\" content=\"admin\" \/>\n<meta name=\"twitter:card\" content=\"summary_large_image\" \/>\n<meta name=\"twitter:label1\" content=\"Escrito por\" \/>\n\t<meta name=\"twitter:data1\" content=\"admin\" \/>\n\t<meta name=\"twitter:label2\" content=\"Est. tempo de leitura\" \/>\n\t<meta name=\"twitter:data2\" content=\"7 minutos\" \/>\n<script type=\"application\/ld+json\" class=\"yoast-schema-graph\">{\"@context\":\"https:\/\/schema.org\",\"@graph\":[{\"@type\":\"Article\",\"@id\":\"https:\/\/radioportoseguro.com.br\/site\/2026\/09\/04\/dois-cristaos-foram-presos-no-paquistao-sob-a-acusacao-de-blasfemia\/#article\",\"isPartOf\":{\"@id\":\"https:\/\/radioportoseguro.com.br\/site\/2026\/09\/04\/dois-cristaos-foram-presos-no-paquistao-sob-a-acusacao-de-blasfemia\/\"},\"author\":{\"name\":\"admin\",\"@id\":\"https:\/\/radioportoseguro.com.br\/site\/#\/schema\/person\/7630acdc320186f13639d3c067ec089b\"},\"headline\":\"Dois crist\u00e3os foram presos no Paquist\u00e3o sob a acusa\u00e7\u00e3o de blasf\u00eamia\",\"datePublished\":\"2026-09-04T07:16:13+00:00\",\"mainEntityOfPage\":{\"@id\":\"https:\/\/radioportoseguro.com.br\/site\/2026\/09\/04\/dois-cristaos-foram-presos-no-paquistao-sob-a-acusacao-de-blasfemia\/\"},\"wordCount\":1467,\"image\":{\"@id\":\"https:\/\/radioportoseguro.com.br\/site\/2026\/09\/04\/dois-cristaos-foram-presos-no-paquistao-sob-a-acusacao-de-blasfemia\/#primaryimage\"},\"thumbnailUrl\":\"https:\/\/radioportoseguro.com.br\/site\/wp-content\/uploads\/2026\/03\/Bandeira-do-Paquistao-Foto-Folha-GospelCanva.jpg\",\"articleSection\":[\"Gospel\"],\"inLanguage\":\"pt-BR\"},{\"@type\":\"WebPage\",\"@id\":\"https:\/\/radioportoseguro.com.br\/site\/2026\/09\/04\/dois-cristaos-foram-presos-no-paquistao-sob-a-acusacao-de-blasfemia\/\",\"url\":\"https:\/\/radioportoseguro.com.br\/site\/2026\/09\/04\/dois-cristaos-foram-presos-no-paquistao-sob-a-acusacao-de-blasfemia\/\",\"name\":\"Dois crist\u00e3os foram presos no Paquist\u00e3o sob a acusa\u00e7\u00e3o de blasf\u00eamia - R\u00e1dio Porto Seguro\",\"isPartOf\":{\"@id\":\"https:\/\/radioportoseguro.com.br\/site\/#website\"},\"primaryImageOfPage\":{\"@id\":\"https:\/\/radioportoseguro.com.br\/site\/2026\/09\/04\/dois-cristaos-foram-presos-no-paquistao-sob-a-acusacao-de-blasfemia\/#primaryimage\"},\"image\":{\"@id\":\"https:\/\/radioportoseguro.com.br\/site\/2026\/09\/04\/dois-cristaos-foram-presos-no-paquistao-sob-a-acusacao-de-blasfemia\/#primaryimage\"},\"thumbnailUrl\":\"https:\/\/radioportoseguro.com.br\/site\/wp-content\/uploads\/2026\/03\/Bandeira-do-Paquistao-Foto-Folha-GospelCanva.jpg\",\"datePublished\":\"2026-09-04T07:16:13+00:00\",\"author\":{\"@id\":\"https:\/\/radioportoseguro.com.br\/site\/#\/schema\/person\/7630acdc320186f13639d3c067ec089b\"},\"breadcrumb\":{\"@id\":\"https:\/\/radioportoseguro.com.br\/site\/2026\/09\/04\/dois-cristaos-foram-presos-no-paquistao-sob-a-acusacao-de-blasfemia\/#breadcrumb\"},\"inLanguage\":\"pt-BR\",\"potentialAction\":[{\"@type\":\"ReadAction\",\"target\":[\"https:\/\/radioportoseguro.com.br\/site\/2026\/09\/04\/dois-cristaos-foram-presos-no-paquistao-sob-a-acusacao-de-blasfemia\/\"]}]},{\"@type\":\"ImageObject\",\"inLanguage\":\"pt-BR\",\"@id\":\"https:\/\/radioportoseguro.com.br\/site\/2026\/09\/04\/dois-cristaos-foram-presos-no-paquistao-sob-a-acusacao-de-blasfemia\/#primaryimage\",\"url\":\"https:\/\/radioportoseguro.com.br\/site\/wp-content\/uploads\/2026\/03\/Bandeira-do-Paquistao-Foto-Folha-GospelCanva.jpg\",\"contentUrl\":\"https:\/\/radioportoseguro.com.br\/site\/wp-content\/uploads\/2026\/03\/Bandeira-do-Paquistao-Foto-Folha-GospelCanva.jpg\",\"width\":700,\"height\":500},{\"@type\":\"BreadcrumbList\",\"@id\":\"https:\/\/radioportoseguro.com.br\/site\/2026\/09\/04\/dois-cristaos-foram-presos-no-paquistao-sob-a-acusacao-de-blasfemia\/#breadcrumb\",\"itemListElement\":[{\"@type\":\"ListItem\",\"position\":1,\"name\":\"In\u00edcio\",\"item\":\"https:\/\/radioportoseguro.com.br\/site\/\"},{\"@type\":\"ListItem\",\"position\":2,\"name\":\"Dois crist\u00e3os foram presos no Paquist\u00e3o sob a acusa\u00e7\u00e3o de blasf\u00eamia\"}]},{\"@type\":\"WebSite\",\"@id\":\"https:\/\/radioportoseguro.com.br\/site\/#website\",\"url\":\"https:\/\/radioportoseguro.com.br\/site\/\",\"name\":\"R\u00e1dio Porto Seguro\",\"description\":\"\",\"potentialAction\":[{\"@type\":\"SearchAction\",\"target\":{\"@type\":\"EntryPoint\",\"urlTemplate\":\"https:\/\/radioportoseguro.com.br\/site\/?s={search_term_string}\"},\"query-input\":{\"@type\":\"PropertyValueSpecification\",\"valueRequired\":true,\"valueName\":\"search_term_string\"}}],\"inLanguage\":\"pt-BR\"},{\"@type\":\"Person\",\"@id\":\"https:\/\/radioportoseguro.com.br\/site\/#\/schema\/person\/7630acdc320186f13639d3c067ec089b\",\"name\":\"admin\",\"image\":{\"@type\":\"ImageObject\",\"inLanguage\":\"pt-BR\",\"@id\":\"https:\/\/radioportoseguro.com.br\/site\/#\/schema\/person\/image\/\",\"url\":\"https:\/\/secure.gravatar.com\/avatar\/caacf4dc1eedb68fab0df8e1ed46c448e578b2466351bbcb61e47d2ac0caaef0?s=96&d=mm&r=g\",\"contentUrl\":\"https:\/\/secure.gravatar.com\/avatar\/caacf4dc1eedb68fab0df8e1ed46c448e578b2466351bbcb61e47d2ac0caaef0?s=96&d=mm&r=g\",\"caption\":\"admin\"},\"sameAs\":[\"https:\/\/radioportoseguro.com.br\/site\"],\"url\":\"https:\/\/radioportoseguro.com.br\/site\/author\/hezio\/\"}]}<\/script>\n<!-- \/ Yoast SEO plugin. -->","yoast_head_json":{"title":"Dois crist\u00e3os foram presos no Paquist\u00e3o sob a acusa\u00e7\u00e3o de blasf\u00eamia - R\u00e1dio Porto Seguro","robots":{"index":"index","follow":"follow","max-snippet":"max-snippet:-1","max-image-preview":"max-image-preview:large","max-video-preview":"max-video-preview:-1"},"canonical":"https:\/\/radioportoseguro.com.br\/site\/2026\/09\/04\/dois-cristaos-foram-presos-no-paquistao-sob-a-acusacao-de-blasfemia\/","og_locale":"pt_BR","og_type":"article","og_title":"Dois crist\u00e3os foram presos no Paquist\u00e3o sob a acusa\u00e7\u00e3o de blasf\u00eamia - R\u00e1dio Porto Seguro","og_description":"Bandeira do Paquist\u00e3o (Foto: Folha Gospel\/Canva) As leis de blasf\u00eamia do Paquist\u00e3o s\u00e3o alvo de cr\u00edticas h\u00e1 muito tempo por parte de organiza\u00e7\u00f5es de direitos humanos e especialistas jur\u00eddicos Um crist\u00e3o no Paquist\u00e3o foi preso e acusado de blasf\u00eamia no s\u00e1bado (29 de agosto), e outro enfrentou a mesma acusa\u00e7\u00e3o em 11 de agosto, de [&hellip;]","og_url":"https:\/\/radioportoseguro.com.br\/site\/2026\/09\/04\/dois-cristaos-foram-presos-no-paquistao-sob-a-acusacao-de-blasfemia\/","og_site_name":"R\u00e1dio Porto Seguro","article_published_time":"2026-09-04T07:16:13+00:00","og_image":[{"url":"https:\/\/i0.wp.com\/folhagospel.com\/wp-content\/uploads\/2025\/12\/Bandeira-do-Paquistao-Foto-Folha-GospelCanva.jpg?resize=696%2C497&amp;ssl=1","type":"","width":"","height":""}],"author":"admin","twitter_card":"summary_large_image","twitter_misc":{"Escrito por":"admin","Est. tempo de leitura":"7 minutos"},"schema":{"@context":"https:\/\/schema.org","@graph":[{"@type":"Article","@id":"https:\/\/radioportoseguro.com.br\/site\/2026\/09\/04\/dois-cristaos-foram-presos-no-paquistao-sob-a-acusacao-de-blasfemia\/#article","isPartOf":{"@id":"https:\/\/radioportoseguro.com.br\/site\/2026\/09\/04\/dois-cristaos-foram-presos-no-paquistao-sob-a-acusacao-de-blasfemia\/"},"author":{"name":"admin","@id":"https:\/\/radioportoseguro.com.br\/site\/#\/schema\/person\/7630acdc320186f13639d3c067ec089b"},"headline":"Dois crist\u00e3os foram presos no Paquist\u00e3o sob a acusa\u00e7\u00e3o de blasf\u00eamia","datePublished":"2026-09-04T07:16:13+00:00","mainEntityOfPage":{"@id":"https:\/\/radioportoseguro.com.br\/site\/2026\/09\/04\/dois-cristaos-foram-presos-no-paquistao-sob-a-acusacao-de-blasfemia\/"},"wordCount":1467,"image":{"@id":"https:\/\/radioportoseguro.com.br\/site\/2026\/09\/04\/dois-cristaos-foram-presos-no-paquistao-sob-a-acusacao-de-blasfemia\/#primaryimage"},"thumbnailUrl":"https:\/\/radioportoseguro.com.br\/site\/wp-content\/uploads\/2026\/03\/Bandeira-do-Paquistao-Foto-Folha-GospelCanva.jpg","articleSection":["Gospel"],"inLanguage":"pt-BR"},{"@type":"WebPage","@id":"https:\/\/radioportoseguro.com.br\/site\/2026\/09\/04\/dois-cristaos-foram-presos-no-paquistao-sob-a-acusacao-de-blasfemia\/","url":"https:\/\/radioportoseguro.com.br\/site\/2026\/09\/04\/dois-cristaos-foram-presos-no-paquistao-sob-a-acusacao-de-blasfemia\/","name":"Dois crist\u00e3os foram presos no Paquist\u00e3o sob a acusa\u00e7\u00e3o de blasf\u00eamia - R\u00e1dio Porto Seguro","isPartOf":{"@id":"https:\/\/radioportoseguro.com.br\/site\/#website"},"primaryImageOfPage":{"@id":"https:\/\/radioportoseguro.com.br\/site\/2026\/09\/04\/dois-cristaos-foram-presos-no-paquistao-sob-a-acusacao-de-blasfemia\/#primaryimage"},"image":{"@id":"https:\/\/radioportoseguro.com.br\/site\/2026\/09\/04\/dois-cristaos-foram-presos-no-paquistao-sob-a-acusacao-de-blasfemia\/#primaryimage"},"thumbnailUrl":"https:\/\/radioportoseguro.com.br\/site\/wp-content\/uploads\/2026\/03\/Bandeira-do-Paquistao-Foto-Folha-GospelCanva.jpg","datePublished":"2026-09-04T07:16:13+00:00","author":{"@id":"https:\/\/radioportoseguro.com.br\/site\/#\/schema\/person\/7630acdc320186f13639d3c067ec089b"},"breadcrumb":{"@id":"https:\/\/radioportoseguro.com.br\/site\/2026\/09\/04\/dois-cristaos-foram-presos-no-paquistao-sob-a-acusacao-de-blasfemia\/#breadcrumb"},"inLanguage":"pt-BR","potentialAction":[{"@type":"ReadAction","target":["https:\/\/radioportoseguro.com.br\/site\/2026\/09\/04\/dois-cristaos-foram-presos-no-paquistao-sob-a-acusacao-de-blasfemia\/"]}]},{"@type":"ImageObject","inLanguage":"pt-BR","@id":"https:\/\/radioportoseguro.com.br\/site\/2026\/09\/04\/dois-cristaos-foram-presos-no-paquistao-sob-a-acusacao-de-blasfemia\/#primaryimage","url":"https:\/\/radioportoseguro.com.br\/site\/wp-content\/uploads\/2026\/03\/Bandeira-do-Paquistao-Foto-Folha-GospelCanva.jpg","contentUrl":"https:\/\/radioportoseguro.com.br\/site\/wp-content\/uploads\/2026\/03\/Bandeira-do-Paquistao-Foto-Folha-GospelCanva.jpg","width":700,"height":500},{"@type":"BreadcrumbList","@id":"https:\/\/radioportoseguro.com.br\/site\/2026\/09\/04\/dois-cristaos-foram-presos-no-paquistao-sob-a-acusacao-de-blasfemia\/#breadcrumb","itemListElement":[{"@type":"ListItem","position":1,"name":"In\u00edcio","item":"https:\/\/radioportoseguro.com.br\/site\/"},{"@type":"ListItem","position":2,"name":"Dois crist\u00e3os foram presos no Paquist\u00e3o sob a acusa\u00e7\u00e3o de blasf\u00eamia"}]},{"@type":"WebSite","@id":"https:\/\/radioportoseguro.com.br\/site\/#website","url":"https:\/\/radioportoseguro.com.br\/site\/","name":"R\u00e1dio Porto Seguro","description":"","potentialAction":[{"@type":"SearchAction","target":{"@type":"EntryPoint","urlTemplate":"https:\/\/radioportoseguro.com.br\/site\/?s={search_term_string}"},"query-input":{"@type":"PropertyValueSpecification","valueRequired":true,"valueName":"search_term_string"}}],"inLanguage":"pt-BR"},{"@type":"Person","@id":"https:\/\/radioportoseguro.com.br\/site\/#\/schema\/person\/7630acdc320186f13639d3c067ec089b","name":"admin","image":{"@type":"ImageObject","inLanguage":"pt-BR","@id":"https:\/\/radioportoseguro.com.br\/site\/#\/schema\/person\/image\/","url":"https:\/\/secure.gravatar.com\/avatar\/caacf4dc1eedb68fab0df8e1ed46c448e578b2466351bbcb61e47d2ac0caaef0?s=96&d=mm&r=g","contentUrl":"https:\/\/secure.gravatar.com\/avatar\/caacf4dc1eedb68fab0df8e1ed46c448e578b2466351bbcb61e47d2ac0caaef0?s=96&d=mm&r=g","caption":"admin"},"sameAs":["https:\/\/radioportoseguro.com.br\/site"],"url":"https:\/\/radioportoseguro.com.br\/site\/author\/hezio\/"}]}},"_links":{"self":[{"href":"https:\/\/radioportoseguro.com.br\/site\/wp-json\/wp\/v2\/posts\/10873","targetHints":{"allow":["GET"]}}],"collection":[{"href":"https:\/\/radioportoseguro.com.br\/site\/wp-json\/wp\/v2\/posts"}],"about":[{"href":"https:\/\/radioportoseguro.com.br\/site\/wp-json\/wp\/v2\/types\/post"}],"author":[{"embeddable":true,"href":"https:\/\/radioportoseguro.com.br\/site\/wp-json\/wp\/v2\/users\/1"}],"replies":[{"embeddable":true,"href":"https:\/\/radioportoseguro.com.br\/site\/wp-json\/wp\/v2\/comments?post=10873"}],"version-history":[{"count":0,"href":"https:\/\/radioportoseguro.com.br\/site\/wp-json\/wp\/v2\/posts\/10873\/revisions"}],"wp:featuredmedia":[{"embeddable":true,"href":"https:\/\/radioportoseguro.com.br\/site\/wp-json\/wp\/v2\/media\/5003"}],"wp:attachment":[{"href":"https:\/\/radioportoseguro.com.br\/site\/wp-json\/wp\/v2\/media?parent=10873"}],"wp:term":[{"taxonomy":"category","embeddable":true,"href":"https:\/\/radioportoseguro.com.br\/site\/wp-json\/wp\/v2\/categories?post=10873"},{"taxonomy":"post_tag","embeddable":true,"href":"https:\/\/radioportoseguro.com.br\/site\/wp-json\/wp\/v2\/tags?post=10873"}],"curies":[{"name":"wp","href":"https:\/\/api.w.org\/{rel}","templated":true}]}}