{"id":10874,"date":"2026-09-04T05:21:09","date_gmt":"2026-09-04T08:21:09","guid":{"rendered":"https:\/\/radioportoseguro.com.br\/site\/2026\/09\/04\/moradora-de-rua-que-andava-encurvada-e-curada-apos-oracao-no-japao\/"},"modified":"2026-09-04T05:21:09","modified_gmt":"2026-09-04T08:21:09","slug":"moradora-de-rua-que-andava-encurvada-e-curada-apos-oracao-no-japao","status":"publish","type":"post","link":"https:\/\/radioportoseguro.com.br\/site\/2026\/09\/04\/moradora-de-rua-que-andava-encurvada-e-curada-apos-oracao-no-japao\/","title":{"rendered":"Moradora de rua que andava encurvada \u00e9 curada ap\u00f3s ora\u00e7\u00e3o no Jap\u00e3o"},"content":{"rendered":"<p><br \/>\n<br \/><\/p>\n<div>\n<p><span style=\"font-weight: 400;\">Uma idosa de mais de 80 anos que vive em situa\u00e7\u00e3o de rua foi curada durante um batismo realizado pelo ex-lutador de boxe e evangelista brasileiro <\/span><span style=\"color: #993300;\"><strong>Marcos Sogabe<\/strong><\/span><span style=\"font-weight: 400;\">, no Jap\u00e3o.\u00a0<\/span><\/p>\n<p><span style=\"font-weight: 400;\">Em 22 de agosto, Marcos e sua equipe da igreja itinerante \u201cGym Church\u201d batizaram alguns sem-teto em uma praia no pa\u00eds.\u00a0<\/span><\/p>\n<p><span style=\"font-weight: 400;\">A idosa Suzuki-san chegou ao local completamente encurvada e pediu para ser batizada. Por\u00e9m, Marcos explicou:<\/span><\/p>\n<p><span style=\"font-weight: 400;\">\u201cO batismo dela n\u00e3o estava planejado. Mas, quando chegou o momento e eu perguntei se ela cria em Jesus Cristo como Senhor e Salvador da sua vida, percebemos que ainda havia d\u00favidas em seu cora\u00e7\u00e3o. Ent\u00e3o, n\u00f3s decidimos n\u00e3o insistir. Respeitamos o tempo dela\u201d.<\/span><\/p>\n<blockquote class=\"instagram-media\" style=\"background: #FFF; border: 0; border-radius: 3px; box-shadow: 0 0 1px 0 rgba(0,0,0,0.5),0 1px 10px 0 rgba(0,0,0,0.15); margin: 1px; max-width: 540px; min-width: 326px; padding: 0; width: calc(100% - 2px);\" data-instgrm-permalink=\"https:\/\/www.instagram.com\/reel\/DcXoNsOSl55\/?utm_source=ig_embed&amp;utm_campaign=loading\" data-instgrm-version=\"14\"><p>&#13;<br \/>\n&#13;\n<\/p><\/blockquote>\n<p><span style=\"font-weight: 400;\">Como Suzuki-san tamb\u00e9m enfrentava problemas de sa\u00fade, os crist\u00e3os decidiram orar para que Deus a curasse.<\/span><\/p>\n<p><span style=\"font-weight: 400;\">\u201cSentimos no cora\u00e7\u00e3o que dever\u00edamos orar. Oramos para que Deus tocasse sua vida, trouxesse cura e mostrasse a ela o seu poder. Para que ela pudesse crer e, no tempo certo, tomar sua decis\u00e3o com convic\u00e7\u00e3o\u201d, relatou Marcos.<\/span><\/p>\n<p><strong>\u2018Manifesta\u00e7\u00e3o do poder de Deus\u2019<\/strong><\/p>\n<p><span style=\"font-weight: 400;\">Ap\u00f3s a ora\u00e7\u00e3o, enquanto os crist\u00e3os ainda estavam na praia, a equipe foi surpreendida ao olhar para a idosa.<\/span><\/p>\n<p><span style=\"font-weight: 400;\">\u201cPresenciamos algo que jamais vamos esquecer. Pouco tempo depois, algu\u00e9m me chamou: \u2018Marcos, olha como ela est\u00e1\u2019. Quando olhei, aquela senhora que havia chegado completamente curvada estava andando reta, com o peito erguido e cheia de alegria\u201d, disse o mission\u00e1rio.<\/span><\/p>\n<p><span style=\"font-weight: 400;\">\u201cDiante dos nossos olhos, pudemos presenciar aquilo que cremos ter sido uma manifesta\u00e7\u00e3o do poder de Deus sobre a vida dela. E essa hist\u00f3ria ainda n\u00e3o terminou\u201d, acrescentou.<\/span><\/p>\n<p><span style=\"font-weight: 400;\">Marcos passou de atleta profissional no Jap\u00e3o a mission\u00e1rio, transformando seu foco nos ringues para o cuidado pr\u00e1tico e espiritual com vulner\u00e1veis.\u00a0<\/span><\/p>\n<p><span style=\"font-weight: 400;\">Desde ent\u00e3o, ele tem promovido evangelismos e a\u00e7\u00f5es sociais com sem-teto.<\/span><\/p>\n<p><span style=\"font-weight: 400;\">O evangelista j\u00e1 batizou muitos japoneses no pa\u00eds por meio do trabalho na <\/span><span style=\"color: #993300;\"><strong>Gym Church<\/strong><\/span><span style=\"font-weight: 400;\">, uma academia de boxe, liderada por Marcos, um ex-morador de rua japon\u00eas e volunt\u00e1rios de diversas igrejas.<\/span><\/p>\n<p><span style=\"font-weight: 400;\">Segundo ele, os novos convertidos passam primeiro por um discipulado at\u00e9 estarem prontos para o batismo.<\/span><\/p>\n<p><span style=\"font-weight: 400;\">\u201cEstamos unidos com um mesmo prop\u00f3sito: levar o Evangelho e servir aqueles que muitas vezes s\u00e3o esquecidos pela sociedade\u201d, disse Marcos.<\/span><\/p>\n<p><span style=\"font-weight: 400;\">\u201cTemos muitos outros testemunhos para contar sobre aquilo que Deus tem feito entre moradores de rua e japoneses em situa\u00e7\u00e3o de extrema pobreza aqui no Jap\u00e3o\u201d, concluiu.<\/span><\/p>\n<\/div>\n<p><script async src=\"\/\/www.instagram.com\/embed.js\"><\/script><br \/>\n<br \/><br \/>\n<br \/>Fonte: Guiame <\/p>\n","protected":false},"excerpt":{"rendered":"<p>Uma idosa de mais de 80 anos que vive em situa\u00e7\u00e3o de rua foi curada durante um batismo realizado pelo ex-lutador de boxe e evangelista brasileiro Marcos Sogabe, no Jap\u00e3o.\u00a0 Em 22 de agosto, Marcos e sua equipe da igreja itinerante \u201cGym Church\u201d batizaram alguns sem-teto em uma praia no pa\u00eds.\u00a0 A idosa Suzuki-san chegou [&hellip;]<\/p>\n","protected":false},"author":1,"featured_media":10875,"comment_status":"","ping_status":"open","sticky":false,"template":"","format":"standard","meta":{"footnotes":""},"categories":[43],"tags":[],"class_list":["post-10874","post","type-post","status-publish","format-standard","has-post-thumbnail","hentry","category-destaques"],"yoast_head":"<!-- This site is optimized with the Yoast SEO plugin v26.8 - https:\/\/yoast.com\/product\/yoast-seo-wordpress\/ -->\n<title>Moradora de rua que andava encurvada \u00e9 curada ap\u00f3s ora\u00e7\u00e3o no Jap\u00e3o - R\u00e1dio Porto Seguro<\/title>\n<meta name=\"robots\" content=\"index, follow, max-snippet:-1, max-image-preview:large, max-video-preview:-1\" \/>\n<link rel=\"canonical\" href=\"https:\/\/radioportoseguro.com.br\/site\/2026\/09\/04\/moradora-de-rua-que-andava-encurvada-e-curada-apos-oracao-no-japao\/\" \/>\n<meta property=\"og:locale\" content=\"pt_BR\" \/>\n<meta property=\"og:type\" content=\"article\" \/>\n<meta property=\"og:title\" content=\"Moradora de rua que andava encurvada \u00e9 curada ap\u00f3s ora\u00e7\u00e3o no Jap\u00e3o - R\u00e1dio Porto Seguro\" \/>\n<meta property=\"og:description\" content=\"Uma idosa de mais de 80 anos que vive em situa\u00e7\u00e3o de rua foi curada durante um batismo realizado pelo ex-lutador de boxe e evangelista brasileiro Marcos Sogabe, no Jap\u00e3o.\u00a0 Em 22 de agosto, Marcos e sua equipe da igreja itinerante \u201cGym Church\u201d batizaram alguns sem-teto em uma praia no pa\u00eds.\u00a0 A idosa Suzuki-san chegou [&hellip;]\" \/>\n<meta property=\"og:url\" content=\"https:\/\/radioportoseguro.com.br\/site\/2026\/09\/04\/moradora-de-rua-que-andava-encurvada-e-curada-apos-oracao-no-japao\/\" \/>\n<meta property=\"og:site_name\" content=\"R\u00e1dio Porto Seguro\" \/>\n<meta property=\"article:published_time\" content=\"2026-09-04T08:21:09+00:00\" \/>\n<meta property=\"og:image\" content=\"https:\/\/media.guiame.com.br\/archives\/2026\/09\/01\/1578350893-idosa-chegou-ao-local-encurvada-e-saiu-de-pe.jpeg\" \/>\n<meta name=\"author\" content=\"admin\" \/>\n<meta name=\"twitter:card\" content=\"summary_large_image\" \/>\n<meta name=\"twitter:label1\" content=\"Escrito por\" \/>\n\t<meta name=\"twitter:data1\" content=\"admin\" \/>\n\t<meta name=\"twitter:label2\" content=\"Est. tempo de leitura\" \/>\n\t<meta name=\"twitter:data2\" content=\"2 minutos\" \/>\n<script type=\"application\/ld+json\" class=\"yoast-schema-graph\">{\"@context\":\"https:\/\/schema.org\",\"@graph\":[{\"@type\":\"Article\",\"@id\":\"https:\/\/radioportoseguro.com.br\/site\/2026\/09\/04\/moradora-de-rua-que-andava-encurvada-e-curada-apos-oracao-no-japao\/#article\",\"isPartOf\":{\"@id\":\"https:\/\/radioportoseguro.com.br\/site\/2026\/09\/04\/moradora-de-rua-que-andava-encurvada-e-curada-apos-oracao-no-japao\/\"},\"author\":{\"name\":\"admin\",\"@id\":\"https:\/\/radioportoseguro.com.br\/site\/#\/schema\/person\/7630acdc320186f13639d3c067ec089b\"},\"headline\":\"Moradora de rua que andava encurvada \u00e9 curada ap\u00f3s ora\u00e7\u00e3o no Jap\u00e3o\",\"datePublished\":\"2026-09-04T08:21:09+00:00\",\"mainEntityOfPage\":{\"@id\":\"https:\/\/radioportoseguro.com.br\/site\/2026\/09\/04\/moradora-de-rua-que-andava-encurvada-e-curada-apos-oracao-no-japao\/\"},\"wordCount\":441,\"image\":{\"@id\":\"https:\/\/radioportoseguro.com.br\/site\/2026\/09\/04\/moradora-de-rua-que-andava-encurvada-e-curada-apos-oracao-no-japao\/#primaryimage\"},\"thumbnailUrl\":\"https:\/\/radioportoseguro.com.br\/site\/wp-content\/uploads\/2026\/09\/1578350893-idosa-chegou-ao-local-encurvada-e-saiu-de-pe.jpeg\",\"articleSection\":[\"Destaques\"],\"inLanguage\":\"pt-BR\"},{\"@type\":\"WebPage\",\"@id\":\"https:\/\/radioportoseguro.com.br\/site\/2026\/09\/04\/moradora-de-rua-que-andava-encurvada-e-curada-apos-oracao-no-japao\/\",\"url\":\"https:\/\/radioportoseguro.com.br\/site\/2026\/09\/04\/moradora-de-rua-que-andava-encurvada-e-curada-apos-oracao-no-japao\/\",\"name\":\"Moradora de rua que andava encurvada \u00e9 curada ap\u00f3s ora\u00e7\u00e3o no Jap\u00e3o - R\u00e1dio Porto Seguro\",\"isPartOf\":{\"@id\":\"https:\/\/radioportoseguro.com.br\/site\/#website\"},\"primaryImageOfPage\":{\"@id\":\"https:\/\/radioportoseguro.com.br\/site\/2026\/09\/04\/moradora-de-rua-que-andava-encurvada-e-curada-apos-oracao-no-japao\/#primaryimage\"},\"image\":{\"@id\":\"https:\/\/radioportoseguro.com.br\/site\/2026\/09\/04\/moradora-de-rua-que-andava-encurvada-e-curada-apos-oracao-no-japao\/#primaryimage\"},\"thumbnailUrl\":\"https:\/\/radioportoseguro.com.br\/site\/wp-content\/uploads\/2026\/09\/1578350893-idosa-chegou-ao-local-encurvada-e-saiu-de-pe.jpeg\",\"datePublished\":\"2026-09-04T08:21:09+00:00\",\"author\":{\"@id\":\"https:\/\/radioportoseguro.com.br\/site\/#\/schema\/person\/7630acdc320186f13639d3c067ec089b\"},\"breadcrumb\":{\"@id\":\"https:\/\/radioportoseguro.com.br\/site\/2026\/09\/04\/moradora-de-rua-que-andava-encurvada-e-curada-apos-oracao-no-japao\/#breadcrumb\"},\"inLanguage\":\"pt-BR\",\"potentialAction\":[{\"@type\":\"ReadAction\",\"target\":[\"https:\/\/radioportoseguro.com.br\/site\/2026\/09\/04\/moradora-de-rua-que-andava-encurvada-e-curada-apos-oracao-no-japao\/\"]}]},{\"@type\":\"ImageObject\",\"inLanguage\":\"pt-BR\",\"@id\":\"https:\/\/radioportoseguro.com.br\/site\/2026\/09\/04\/moradora-de-rua-que-andava-encurvada-e-curada-apos-oracao-no-japao\/#primaryimage\",\"url\":\"https:\/\/radioportoseguro.com.br\/site\/wp-content\/uploads\/2026\/09\/1578350893-idosa-chegou-ao-local-encurvada-e-saiu-de-pe.jpeg\",\"contentUrl\":\"https:\/\/radioportoseguro.com.br\/site\/wp-content\/uploads\/2026\/09\/1578350893-idosa-chegou-ao-local-encurvada-e-saiu-de-pe.jpeg\",\"width\":1200,\"height\":600},{\"@type\":\"BreadcrumbList\",\"@id\":\"https:\/\/radioportoseguro.com.br\/site\/2026\/09\/04\/moradora-de-rua-que-andava-encurvada-e-curada-apos-oracao-no-japao\/#breadcrumb\",\"itemListElement\":[{\"@type\":\"ListItem\",\"position\":1,\"name\":\"In\u00edcio\",\"item\":\"https:\/\/radioportoseguro.com.br\/site\/\"},{\"@type\":\"ListItem\",\"position\":2,\"name\":\"Moradora de rua que andava encurvada \u00e9 curada ap\u00f3s ora\u00e7\u00e3o no Jap\u00e3o\"}]},{\"@type\":\"WebSite\",\"@id\":\"https:\/\/radioportoseguro.com.br\/site\/#website\",\"url\":\"https:\/\/radioportoseguro.com.br\/site\/\",\"name\":\"R\u00e1dio Porto Seguro\",\"description\":\"\",\"potentialAction\":[{\"@type\":\"SearchAction\",\"target\":{\"@type\":\"EntryPoint\",\"urlTemplate\":\"https:\/\/radioportoseguro.com.br\/site\/?s={search_term_string}\"},\"query-input\":{\"@type\":\"PropertyValueSpecification\",\"valueRequired\":true,\"valueName\":\"search_term_string\"}}],\"inLanguage\":\"pt-BR\"},{\"@type\":\"Person\",\"@id\":\"https:\/\/radioportoseguro.com.br\/site\/#\/schema\/person\/7630acdc320186f13639d3c067ec089b\",\"name\":\"admin\",\"image\":{\"@type\":\"ImageObject\",\"inLanguage\":\"pt-BR\",\"@id\":\"https:\/\/radioportoseguro.com.br\/site\/#\/schema\/person\/image\/\",\"url\":\"https:\/\/secure.gravatar.com\/avatar\/caacf4dc1eedb68fab0df8e1ed46c448e578b2466351bbcb61e47d2ac0caaef0?s=96&d=mm&r=g\",\"contentUrl\":\"https:\/\/secure.gravatar.com\/avatar\/caacf4dc1eedb68fab0df8e1ed46c448e578b2466351bbcb61e47d2ac0caaef0?s=96&d=mm&r=g\",\"caption\":\"admin\"},\"sameAs\":[\"https:\/\/radioportoseguro.com.br\/site\"],\"url\":\"https:\/\/radioportoseguro.com.br\/site\/author\/hezio\/\"}]}<\/script>\n<!-- \/ Yoast SEO plugin. -->","yoast_head_json":{"title":"Moradora de rua que andava encurvada \u00e9 curada ap\u00f3s ora\u00e7\u00e3o no Jap\u00e3o - R\u00e1dio Porto Seguro","robots":{"index":"index","follow":"follow","max-snippet":"max-snippet:-1","max-image-preview":"max-image-preview:large","max-video-preview":"max-video-preview:-1"},"canonical":"https:\/\/radioportoseguro.com.br\/site\/2026\/09\/04\/moradora-de-rua-que-andava-encurvada-e-curada-apos-oracao-no-japao\/","og_locale":"pt_BR","og_type":"article","og_title":"Moradora de rua que andava encurvada \u00e9 curada ap\u00f3s ora\u00e7\u00e3o no Jap\u00e3o - R\u00e1dio Porto Seguro","og_description":"Uma idosa de mais de 80 anos que vive em situa\u00e7\u00e3o de rua foi curada durante um batismo realizado pelo ex-lutador de boxe e evangelista brasileiro Marcos Sogabe, no Jap\u00e3o.\u00a0 Em 22 de agosto, Marcos e sua equipe da igreja itinerante \u201cGym Church\u201d batizaram alguns sem-teto em uma praia no pa\u00eds.\u00a0 A idosa Suzuki-san chegou [&hellip;]","og_url":"https:\/\/radioportoseguro.com.br\/site\/2026\/09\/04\/moradora-de-rua-que-andava-encurvada-e-curada-apos-oracao-no-japao\/","og_site_name":"R\u00e1dio Porto Seguro","article_published_time":"2026-09-04T08:21:09+00:00","og_image":[{"url":"https:\/\/media.guiame.com.br\/archives\/2026\/09\/01\/1578350893-idosa-chegou-ao-local-encurvada-e-saiu-de-pe.jpeg","type":"","width":"","height":""}],"author":"admin","twitter_card":"summary_large_image","twitter_misc":{"Escrito por":"admin","Est. tempo de leitura":"2 minutos"},"schema":{"@context":"https:\/\/schema.org","@graph":[{"@type":"Article","@id":"https:\/\/radioportoseguro.com.br\/site\/2026\/09\/04\/moradora-de-rua-que-andava-encurvada-e-curada-apos-oracao-no-japao\/#article","isPartOf":{"@id":"https:\/\/radioportoseguro.com.br\/site\/2026\/09\/04\/moradora-de-rua-que-andava-encurvada-e-curada-apos-oracao-no-japao\/"},"author":{"name":"admin","@id":"https:\/\/radioportoseguro.com.br\/site\/#\/schema\/person\/7630acdc320186f13639d3c067ec089b"},"headline":"Moradora de rua que andava encurvada \u00e9 curada ap\u00f3s ora\u00e7\u00e3o no Jap\u00e3o","datePublished":"2026-09-04T08:21:09+00:00","mainEntityOfPage":{"@id":"https:\/\/radioportoseguro.com.br\/site\/2026\/09\/04\/moradora-de-rua-que-andava-encurvada-e-curada-apos-oracao-no-japao\/"},"wordCount":441,"image":{"@id":"https:\/\/radioportoseguro.com.br\/site\/2026\/09\/04\/moradora-de-rua-que-andava-encurvada-e-curada-apos-oracao-no-japao\/#primaryimage"},"thumbnailUrl":"https:\/\/radioportoseguro.com.br\/site\/wp-content\/uploads\/2026\/09\/1578350893-idosa-chegou-ao-local-encurvada-e-saiu-de-pe.jpeg","articleSection":["Destaques"],"inLanguage":"pt-BR"},{"@type":"WebPage","@id":"https:\/\/radioportoseguro.com.br\/site\/2026\/09\/04\/moradora-de-rua-que-andava-encurvada-e-curada-apos-oracao-no-japao\/","url":"https:\/\/radioportoseguro.com.br\/site\/2026\/09\/04\/moradora-de-rua-que-andava-encurvada-e-curada-apos-oracao-no-japao\/","name":"Moradora de rua que andava encurvada \u00e9 curada ap\u00f3s ora\u00e7\u00e3o no Jap\u00e3o - R\u00e1dio Porto Seguro","isPartOf":{"@id":"https:\/\/radioportoseguro.com.br\/site\/#website"},"primaryImageOfPage":{"@id":"https:\/\/radioportoseguro.com.br\/site\/2026\/09\/04\/moradora-de-rua-que-andava-encurvada-e-curada-apos-oracao-no-japao\/#primaryimage"},"image":{"@id":"https:\/\/radioportoseguro.com.br\/site\/2026\/09\/04\/moradora-de-rua-que-andava-encurvada-e-curada-apos-oracao-no-japao\/#primaryimage"},"thumbnailUrl":"https:\/\/radioportoseguro.com.br\/site\/wp-content\/uploads\/2026\/09\/1578350893-idosa-chegou-ao-local-encurvada-e-saiu-de-pe.jpeg","datePublished":"2026-09-04T08:21:09+00:00","author":{"@id":"https:\/\/radioportoseguro.com.br\/site\/#\/schema\/person\/7630acdc320186f13639d3c067ec089b"},"breadcrumb":{"@id":"https:\/\/radioportoseguro.com.br\/site\/2026\/09\/04\/moradora-de-rua-que-andava-encurvada-e-curada-apos-oracao-no-japao\/#breadcrumb"},"inLanguage":"pt-BR","potentialAction":[{"@type":"ReadAction","target":["https:\/\/radioportoseguro.com.br\/site\/2026\/09\/04\/moradora-de-rua-que-andava-encurvada-e-curada-apos-oracao-no-japao\/"]}]},{"@type":"ImageObject","inLanguage":"pt-BR","@id":"https:\/\/radioportoseguro.com.br\/site\/2026\/09\/04\/moradora-de-rua-que-andava-encurvada-e-curada-apos-oracao-no-japao\/#primaryimage","url":"https:\/\/radioportoseguro.com.br\/site\/wp-content\/uploads\/2026\/09\/1578350893-idosa-chegou-ao-local-encurvada-e-saiu-de-pe.jpeg","contentUrl":"https:\/\/radioportoseguro.com.br\/site\/wp-content\/uploads\/2026\/09\/1578350893-idosa-chegou-ao-local-encurvada-e-saiu-de-pe.jpeg","width":1200,"height":600},{"@type":"BreadcrumbList","@id":"https:\/\/radioportoseguro.com.br\/site\/2026\/09\/04\/moradora-de-rua-que-andava-encurvada-e-curada-apos-oracao-no-japao\/#breadcrumb","itemListElement":[{"@type":"ListItem","position":1,"name":"In\u00edcio","item":"https:\/\/radioportoseguro.com.br\/site\/"},{"@type":"ListItem","position":2,"name":"Moradora de rua que andava encurvada \u00e9 curada ap\u00f3s ora\u00e7\u00e3o no Jap\u00e3o"}]},{"@type":"WebSite","@id":"https:\/\/radioportoseguro.com.br\/site\/#website","url":"https:\/\/radioportoseguro.com.br\/site\/","name":"R\u00e1dio Porto Seguro","description":"","potentialAction":[{"@type":"SearchAction","target":{"@type":"EntryPoint","urlTemplate":"https:\/\/radioportoseguro.com.br\/site\/?s={search_term_string}"},"query-input":{"@type":"PropertyValueSpecification","valueRequired":true,"valueName":"search_term_string"}}],"inLanguage":"pt-BR"},{"@type":"Person","@id":"https:\/\/radioportoseguro.com.br\/site\/#\/schema\/person\/7630acdc320186f13639d3c067ec089b","name":"admin","image":{"@type":"ImageObject","inLanguage":"pt-BR","@id":"https:\/\/radioportoseguro.com.br\/site\/#\/schema\/person\/image\/","url":"https:\/\/secure.gravatar.com\/avatar\/caacf4dc1eedb68fab0df8e1ed46c448e578b2466351bbcb61e47d2ac0caaef0?s=96&d=mm&r=g","contentUrl":"https:\/\/secure.gravatar.com\/avatar\/caacf4dc1eedb68fab0df8e1ed46c448e578b2466351bbcb61e47d2ac0caaef0?s=96&d=mm&r=g","caption":"admin"},"sameAs":["https:\/\/radioportoseguro.com.br\/site"],"url":"https:\/\/radioportoseguro.com.br\/site\/author\/hezio\/"}]}},"_links":{"self":[{"href":"https:\/\/radioportoseguro.com.br\/site\/wp-json\/wp\/v2\/posts\/10874","targetHints":{"allow":["GET"]}}],"collection":[{"href":"https:\/\/radioportoseguro.com.br\/site\/wp-json\/wp\/v2\/posts"}],"about":[{"href":"https:\/\/radioportoseguro.com.br\/site\/wp-json\/wp\/v2\/types\/post"}],"author":[{"embeddable":true,"href":"https:\/\/radioportoseguro.com.br\/site\/wp-json\/wp\/v2\/users\/1"}],"replies":[{"embeddable":true,"href":"https:\/\/radioportoseguro.com.br\/site\/wp-json\/wp\/v2\/comments?post=10874"}],"version-history":[{"count":0,"href":"https:\/\/radioportoseguro.com.br\/site\/wp-json\/wp\/v2\/posts\/10874\/revisions"}],"wp:featuredmedia":[{"embeddable":true,"href":"https:\/\/radioportoseguro.com.br\/site\/wp-json\/wp\/v2\/media\/10875"}],"wp:attachment":[{"href":"https:\/\/radioportoseguro.com.br\/site\/wp-json\/wp\/v2\/media?parent=10874"}],"wp:term":[{"taxonomy":"category","embeddable":true,"href":"https:\/\/radioportoseguro.com.br\/site\/wp-json\/wp\/v2\/categories?post=10874"},{"taxonomy":"post_tag","embeddable":true,"href":"https:\/\/radioportoseguro.com.br\/site\/wp-json\/wp\/v2\/tags?post=10874"}],"curies":[{"name":"wp","href":"https:\/\/api.w.org\/{rel}","templated":true}]}}