{"id":10876,"date":"2026-09-04T06:23:16","date_gmt":"2026-09-04T09:23:16","guid":{"rendered":"https:\/\/radioportoseguro.com.br\/site\/2026\/09\/04\/desmaios-frequentes-acendem-alerta-para-doencas-ocultas-do-coracao\/"},"modified":"2026-09-04T06:23:16","modified_gmt":"2026-09-04T09:23:16","slug":"desmaios-frequentes-acendem-alerta-para-doencas-ocultas-do-coracao","status":"publish","type":"post","link":"https:\/\/radioportoseguro.com.br\/site\/2026\/09\/04\/desmaios-frequentes-acendem-alerta-para-doencas-ocultas-do-coracao\/","title":{"rendered":"Desmaios frequentes acendem alerta para doen\u00e7as ocultas do cora\u00e7\u00e3o"},"content":{"rendered":"<p><br \/>\n<br \/><\/p>\n<div>\n<p><span class=\"news_capital_letter\">A<\/span> sensa\u00e7\u00e3o de tontura, a vista escurecendo e, em alguns casos, a perda s\u00fabita da consci\u00eancia \u2014 conhecida na medicina como s\u00edncope \u2014 est\u00e3o entre os motivos mais frequentes de busca por atendimento m\u00e9dico de urg\u00eancia nos prontos-socorros brasileiros. Embora o desmaio muitas vezes seja associado a epis\u00f3dios banais, como calor excessivo ou longos per\u00edodos em jejum, ele \u00e9 um sintoma e nunca uma doen\u00e7a isolada, podendo indicar desde altera\u00e7\u00f5es vasculares simples at\u00e9 condi\u00e7\u00f5es card\u00edacas graves.<\/p>\n<p>De acordo com o Dr. Ricardo Ferreira da Silva, cardiologista do Centro Cardiol\u00f3gico, a s\u00edncope ocorre devido a uma redu\u00e7\u00e3o tempor\u00e1ria e s\u00fabita do fluxo sangu\u00edneo para o c\u00e9rebro e de sua oxigena\u00e7\u00e3o. <span class=\"news_italic news_bold\">\u201cO desmaio \u00e9 um mecanismo de defesa do pr\u00f3prio corpo. Quando o c\u00e9rebro percebe a falta de oxig\u00eanio ou de press\u00e3o adequada, ele obriga o organismo a &#8216;desligar&#8217; e tombar na horizontal para que o sangue volte a fluir mais facilmente em dire\u00e7\u00e3o \u00e0 cabe\u00e7a\u201d<\/span>, explica o m\u00e9dico.<\/p>\n<p>Na maioria dos casos, o epis\u00f3dio \u00e9 causado pela s\u00edncope vasovagal, um desajuste tempor\u00e1rio no sistema nervoso que reduz os batimentos card\u00edacos e a press\u00e3o arterial diante de gatilhos como dor, estresse emocional ou muito tempo em p\u00e9. No entanto, o especialista refor\u00e7a que as causas card\u00edacas s\u00e3o as que mais preocupam e exigem diagn\u00f3stico r\u00e1pido. Arritmias, falhas em v\u00e1lvulas do cora\u00e7\u00e3o, obstru\u00e7\u00e3o de art\u00e9rias e cardiomiopatias podem diminuir drasticamente a capacidade de bombeamento do sangue, provocando o desmaio.<\/p>\n<p>A aten\u00e7\u00e3o aos sinais de alerta (chamados de pr\u00f3dromos) \u00e9 fundamental para diferenciar um evento benigno de uma emerg\u00eancia de alto risco. O Dr. Ricardo destaca que desmaios que ocorrem durante o esfor\u00e7o f\u00edsico, enquanto a pessoa est\u00e1 deitada ou que s\u00e3o acompanhados de dor no peito e palpita\u00e7\u00f5es devem ser investigados imediatamente. <span class=\"news_bold news_italic\">\u201cA aus\u00eancia de avisos pr\u00e9vios \u2014 quando o indiv\u00edduo simplesmente &#8216;apaga&#8217; sem sentir tontura, suor frio ou n\u00e1usea antes \u2014 tamb\u00e9m \u00e9 um forte ind\u00edcio de causa card\u00edaca\u201d<\/span>, alerta.<\/p>\n<p>Para evitar novas crises e afastar riscos \u00e0 vida, o especialista pondera que pacientes com epis\u00f3dios recorrentes devem passar por uma avalia\u00e7\u00e3o cardiol\u00f3gica detalhada. Exames como o eletrocardiograma, o Holter de 24 horas, o ecocardiograma e o teste de inclina\u00e7\u00e3o (Tilt Test) ajudam a mapear a origem do problema. <span class=\"news_bold news_italic\">\u201cIdentificar a causa exata \u00e9 o que garante o tratamento correto, que pode ir desde simples ajustes na hidrata\u00e7\u00e3o e na medica\u00e7\u00e3o at\u00e9 a implanta\u00e7\u00e3o de um marca-passo\u201d<\/span>, conclui.<\/p>\n<p>Leia Tamb\u00e9m: 5 sinais na boca que n\u00e3o devem ser ignorados<\/p>\n<\/p><\/div>\n<p><br \/>\n<br \/>Fonte: Not\u00edcias Ao Minuto<\/p>\n","protected":false},"excerpt":{"rendered":"<p>A sensa\u00e7\u00e3o de tontura, a vista escurecendo e, em alguns casos, a perda s\u00fabita da consci\u00eancia \u2014 conhecida na medicina como s\u00edncope \u2014 est\u00e3o entre os motivos mais frequentes de busca por atendimento m\u00e9dico de urg\u00eancia nos prontos-socorros brasileiros. Embora o desmaio muitas vezes seja associado a epis\u00f3dios banais, como calor excessivo ou longos per\u00edodos [&hellip;]<\/p>\n","protected":false},"author":1,"featured_media":8297,"comment_status":"","ping_status":"open","sticky":false,"template":"","format":"standard","meta":{"footnotes":""},"categories":[44],"tags":[],"class_list":["post-10876","post","type-post","status-publish","format-standard","has-post-thumbnail","hentry","category-vida-estilo"],"yoast_head":"<!-- This site is optimized with the Yoast SEO plugin v26.8 - https:\/\/yoast.com\/product\/yoast-seo-wordpress\/ -->\n<title>Desmaios frequentes acendem alerta para doen\u00e7as ocultas do cora\u00e7\u00e3o - R\u00e1dio Porto Seguro<\/title>\n<meta name=\"robots\" content=\"index, follow, max-snippet:-1, max-image-preview:large, max-video-preview:-1\" \/>\n<link rel=\"canonical\" href=\"https:\/\/radioportoseguro.com.br\/site\/2026\/09\/04\/desmaios-frequentes-acendem-alerta-para-doencas-ocultas-do-coracao\/\" \/>\n<meta property=\"og:locale\" content=\"pt_BR\" \/>\n<meta property=\"og:type\" content=\"article\" \/>\n<meta property=\"og:title\" content=\"Desmaios frequentes acendem alerta para doen\u00e7as ocultas do cora\u00e7\u00e3o - R\u00e1dio Porto Seguro\" \/>\n<meta property=\"og:description\" content=\"A sensa\u00e7\u00e3o de tontura, a vista escurecendo e, em alguns casos, a perda s\u00fabita da consci\u00eancia \u2014 conhecida na medicina como s\u00edncope \u2014 est\u00e3o entre os motivos mais frequentes de busca por atendimento m\u00e9dico de urg\u00eancia nos prontos-socorros brasileiros. Embora o desmaio muitas vezes seja associado a epis\u00f3dios banais, como calor excessivo ou longos per\u00edodos [&hellip;]\" \/>\n<meta property=\"og:url\" content=\"https:\/\/radioportoseguro.com.br\/site\/2026\/09\/04\/desmaios-frequentes-acendem-alerta-para-doencas-ocultas-do-coracao\/\" \/>\n<meta property=\"og:site_name\" content=\"R\u00e1dio Porto Seguro\" \/>\n<meta property=\"article:published_time\" content=\"2026-09-04T09:23:16+00:00\" \/>\n<meta property=\"og:image\" content=\"https:\/\/media-manager.noticiasaominuto.com.br\/640\/naom_5c87adb7358c0.webp\" \/>\n<meta name=\"author\" content=\"admin\" \/>\n<meta name=\"twitter:card\" content=\"summary_large_image\" \/>\n<meta name=\"twitter:label1\" content=\"Escrito por\" \/>\n\t<meta name=\"twitter:data1\" content=\"admin\" \/>\n\t<meta name=\"twitter:label2\" content=\"Est. tempo de leitura\" \/>\n\t<meta name=\"twitter:data2\" content=\"2 minutos\" \/>\n<script type=\"application\/ld+json\" class=\"yoast-schema-graph\">{\"@context\":\"https:\/\/schema.org\",\"@graph\":[{\"@type\":\"Article\",\"@id\":\"https:\/\/radioportoseguro.com.br\/site\/2026\/09\/04\/desmaios-frequentes-acendem-alerta-para-doencas-ocultas-do-coracao\/#article\",\"isPartOf\":{\"@id\":\"https:\/\/radioportoseguro.com.br\/site\/2026\/09\/04\/desmaios-frequentes-acendem-alerta-para-doencas-ocultas-do-coracao\/\"},\"author\":{\"name\":\"admin\",\"@id\":\"https:\/\/radioportoseguro.com.br\/site\/#\/schema\/person\/7630acdc320186f13639d3c067ec089b\"},\"headline\":\"Desmaios frequentes acendem alerta para doen\u00e7as ocultas do cora\u00e7\u00e3o\",\"datePublished\":\"2026-09-04T09:23:16+00:00\",\"mainEntityOfPage\":{\"@id\":\"https:\/\/radioportoseguro.com.br\/site\/2026\/09\/04\/desmaios-frequentes-acendem-alerta-para-doencas-ocultas-do-coracao\/\"},\"wordCount\":476,\"image\":{\"@id\":\"https:\/\/radioportoseguro.com.br\/site\/2026\/09\/04\/desmaios-frequentes-acendem-alerta-para-doencas-ocultas-do-coracao\/#primaryimage\"},\"thumbnailUrl\":\"https:\/\/radioportoseguro.com.br\/site\/wp-content\/uploads\/2026\/06\/naom_5c87adb7358c0.webp.webp\",\"articleSection\":[\"Vida &amp; Estilo\"],\"inLanguage\":\"pt-BR\"},{\"@type\":\"WebPage\",\"@id\":\"https:\/\/radioportoseguro.com.br\/site\/2026\/09\/04\/desmaios-frequentes-acendem-alerta-para-doencas-ocultas-do-coracao\/\",\"url\":\"https:\/\/radioportoseguro.com.br\/site\/2026\/09\/04\/desmaios-frequentes-acendem-alerta-para-doencas-ocultas-do-coracao\/\",\"name\":\"Desmaios frequentes acendem alerta para doen\u00e7as ocultas do cora\u00e7\u00e3o - R\u00e1dio Porto Seguro\",\"isPartOf\":{\"@id\":\"https:\/\/radioportoseguro.com.br\/site\/#website\"},\"primaryImageOfPage\":{\"@id\":\"https:\/\/radioportoseguro.com.br\/site\/2026\/09\/04\/desmaios-frequentes-acendem-alerta-para-doencas-ocultas-do-coracao\/#primaryimage\"},\"image\":{\"@id\":\"https:\/\/radioportoseguro.com.br\/site\/2026\/09\/04\/desmaios-frequentes-acendem-alerta-para-doencas-ocultas-do-coracao\/#primaryimage\"},\"thumbnailUrl\":\"https:\/\/radioportoseguro.com.br\/site\/wp-content\/uploads\/2026\/06\/naom_5c87adb7358c0.webp.webp\",\"datePublished\":\"2026-09-04T09:23:16+00:00\",\"author\":{\"@id\":\"https:\/\/radioportoseguro.com.br\/site\/#\/schema\/person\/7630acdc320186f13639d3c067ec089b\"},\"breadcrumb\":{\"@id\":\"https:\/\/radioportoseguro.com.br\/site\/2026\/09\/04\/desmaios-frequentes-acendem-alerta-para-doencas-ocultas-do-coracao\/#breadcrumb\"},\"inLanguage\":\"pt-BR\",\"potentialAction\":[{\"@type\":\"ReadAction\",\"target\":[\"https:\/\/radioportoseguro.com.br\/site\/2026\/09\/04\/desmaios-frequentes-acendem-alerta-para-doencas-ocultas-do-coracao\/\"]}]},{\"@type\":\"ImageObject\",\"inLanguage\":\"pt-BR\",\"@id\":\"https:\/\/radioportoseguro.com.br\/site\/2026\/09\/04\/desmaios-frequentes-acendem-alerta-para-doencas-ocultas-do-coracao\/#primaryimage\",\"url\":\"https:\/\/radioportoseguro.com.br\/site\/wp-content\/uploads\/2026\/06\/naom_5c87adb7358c0.webp.webp\",\"contentUrl\":\"https:\/\/radioportoseguro.com.br\/site\/wp-content\/uploads\/2026\/06\/naom_5c87adb7358c0.webp.webp\",\"width\":960,\"height\":540},{\"@type\":\"BreadcrumbList\",\"@id\":\"https:\/\/radioportoseguro.com.br\/site\/2026\/09\/04\/desmaios-frequentes-acendem-alerta-para-doencas-ocultas-do-coracao\/#breadcrumb\",\"itemListElement\":[{\"@type\":\"ListItem\",\"position\":1,\"name\":\"In\u00edcio\",\"item\":\"https:\/\/radioportoseguro.com.br\/site\/\"},{\"@type\":\"ListItem\",\"position\":2,\"name\":\"Desmaios frequentes acendem alerta para doen\u00e7as ocultas do cora\u00e7\u00e3o\"}]},{\"@type\":\"WebSite\",\"@id\":\"https:\/\/radioportoseguro.com.br\/site\/#website\",\"url\":\"https:\/\/radioportoseguro.com.br\/site\/\",\"name\":\"R\u00e1dio Porto Seguro\",\"description\":\"\",\"potentialAction\":[{\"@type\":\"SearchAction\",\"target\":{\"@type\":\"EntryPoint\",\"urlTemplate\":\"https:\/\/radioportoseguro.com.br\/site\/?s={search_term_string}\"},\"query-input\":{\"@type\":\"PropertyValueSpecification\",\"valueRequired\":true,\"valueName\":\"search_term_string\"}}],\"inLanguage\":\"pt-BR\"},{\"@type\":\"Person\",\"@id\":\"https:\/\/radioportoseguro.com.br\/site\/#\/schema\/person\/7630acdc320186f13639d3c067ec089b\",\"name\":\"admin\",\"image\":{\"@type\":\"ImageObject\",\"inLanguage\":\"pt-BR\",\"@id\":\"https:\/\/radioportoseguro.com.br\/site\/#\/schema\/person\/image\/\",\"url\":\"https:\/\/secure.gravatar.com\/avatar\/caacf4dc1eedb68fab0df8e1ed46c448e578b2466351bbcb61e47d2ac0caaef0?s=96&d=mm&r=g\",\"contentUrl\":\"https:\/\/secure.gravatar.com\/avatar\/caacf4dc1eedb68fab0df8e1ed46c448e578b2466351bbcb61e47d2ac0caaef0?s=96&d=mm&r=g\",\"caption\":\"admin\"},\"sameAs\":[\"https:\/\/radioportoseguro.com.br\/site\"],\"url\":\"https:\/\/radioportoseguro.com.br\/site\/author\/hezio\/\"}]}<\/script>\n<!-- \/ Yoast SEO plugin. -->","yoast_head_json":{"title":"Desmaios frequentes acendem alerta para doen\u00e7as ocultas do cora\u00e7\u00e3o - R\u00e1dio Porto Seguro","robots":{"index":"index","follow":"follow","max-snippet":"max-snippet:-1","max-image-preview":"max-image-preview:large","max-video-preview":"max-video-preview:-1"},"canonical":"https:\/\/radioportoseguro.com.br\/site\/2026\/09\/04\/desmaios-frequentes-acendem-alerta-para-doencas-ocultas-do-coracao\/","og_locale":"pt_BR","og_type":"article","og_title":"Desmaios frequentes acendem alerta para doen\u00e7as ocultas do cora\u00e7\u00e3o - R\u00e1dio Porto Seguro","og_description":"A sensa\u00e7\u00e3o de tontura, a vista escurecendo e, em alguns casos, a perda s\u00fabita da consci\u00eancia \u2014 conhecida na medicina como s\u00edncope \u2014 est\u00e3o entre os motivos mais frequentes de busca por atendimento m\u00e9dico de urg\u00eancia nos prontos-socorros brasileiros. Embora o desmaio muitas vezes seja associado a epis\u00f3dios banais, como calor excessivo ou longos per\u00edodos [&hellip;]","og_url":"https:\/\/radioportoseguro.com.br\/site\/2026\/09\/04\/desmaios-frequentes-acendem-alerta-para-doencas-ocultas-do-coracao\/","og_site_name":"R\u00e1dio Porto Seguro","article_published_time":"2026-09-04T09:23:16+00:00","og_image":[{"url":"https:\/\/media-manager.noticiasaominuto.com.br\/640\/naom_5c87adb7358c0.webp","type":"","width":"","height":""}],"author":"admin","twitter_card":"summary_large_image","twitter_misc":{"Escrito por":"admin","Est. tempo de leitura":"2 minutos"},"schema":{"@context":"https:\/\/schema.org","@graph":[{"@type":"Article","@id":"https:\/\/radioportoseguro.com.br\/site\/2026\/09\/04\/desmaios-frequentes-acendem-alerta-para-doencas-ocultas-do-coracao\/#article","isPartOf":{"@id":"https:\/\/radioportoseguro.com.br\/site\/2026\/09\/04\/desmaios-frequentes-acendem-alerta-para-doencas-ocultas-do-coracao\/"},"author":{"name":"admin","@id":"https:\/\/radioportoseguro.com.br\/site\/#\/schema\/person\/7630acdc320186f13639d3c067ec089b"},"headline":"Desmaios frequentes acendem alerta para doen\u00e7as ocultas do cora\u00e7\u00e3o","datePublished":"2026-09-04T09:23:16+00:00","mainEntityOfPage":{"@id":"https:\/\/radioportoseguro.com.br\/site\/2026\/09\/04\/desmaios-frequentes-acendem-alerta-para-doencas-ocultas-do-coracao\/"},"wordCount":476,"image":{"@id":"https:\/\/radioportoseguro.com.br\/site\/2026\/09\/04\/desmaios-frequentes-acendem-alerta-para-doencas-ocultas-do-coracao\/#primaryimage"},"thumbnailUrl":"https:\/\/radioportoseguro.com.br\/site\/wp-content\/uploads\/2026\/06\/naom_5c87adb7358c0.webp.webp","articleSection":["Vida &amp; Estilo"],"inLanguage":"pt-BR"},{"@type":"WebPage","@id":"https:\/\/radioportoseguro.com.br\/site\/2026\/09\/04\/desmaios-frequentes-acendem-alerta-para-doencas-ocultas-do-coracao\/","url":"https:\/\/radioportoseguro.com.br\/site\/2026\/09\/04\/desmaios-frequentes-acendem-alerta-para-doencas-ocultas-do-coracao\/","name":"Desmaios frequentes acendem alerta para doen\u00e7as ocultas do cora\u00e7\u00e3o - R\u00e1dio Porto Seguro","isPartOf":{"@id":"https:\/\/radioportoseguro.com.br\/site\/#website"},"primaryImageOfPage":{"@id":"https:\/\/radioportoseguro.com.br\/site\/2026\/09\/04\/desmaios-frequentes-acendem-alerta-para-doencas-ocultas-do-coracao\/#primaryimage"},"image":{"@id":"https:\/\/radioportoseguro.com.br\/site\/2026\/09\/04\/desmaios-frequentes-acendem-alerta-para-doencas-ocultas-do-coracao\/#primaryimage"},"thumbnailUrl":"https:\/\/radioportoseguro.com.br\/site\/wp-content\/uploads\/2026\/06\/naom_5c87adb7358c0.webp.webp","datePublished":"2026-09-04T09:23:16+00:00","author":{"@id":"https:\/\/radioportoseguro.com.br\/site\/#\/schema\/person\/7630acdc320186f13639d3c067ec089b"},"breadcrumb":{"@id":"https:\/\/radioportoseguro.com.br\/site\/2026\/09\/04\/desmaios-frequentes-acendem-alerta-para-doencas-ocultas-do-coracao\/#breadcrumb"},"inLanguage":"pt-BR","potentialAction":[{"@type":"ReadAction","target":["https:\/\/radioportoseguro.com.br\/site\/2026\/09\/04\/desmaios-frequentes-acendem-alerta-para-doencas-ocultas-do-coracao\/"]}]},{"@type":"ImageObject","inLanguage":"pt-BR","@id":"https:\/\/radioportoseguro.com.br\/site\/2026\/09\/04\/desmaios-frequentes-acendem-alerta-para-doencas-ocultas-do-coracao\/#primaryimage","url":"https:\/\/radioportoseguro.com.br\/site\/wp-content\/uploads\/2026\/06\/naom_5c87adb7358c0.webp.webp","contentUrl":"https:\/\/radioportoseguro.com.br\/site\/wp-content\/uploads\/2026\/06\/naom_5c87adb7358c0.webp.webp","width":960,"height":540},{"@type":"BreadcrumbList","@id":"https:\/\/radioportoseguro.com.br\/site\/2026\/09\/04\/desmaios-frequentes-acendem-alerta-para-doencas-ocultas-do-coracao\/#breadcrumb","itemListElement":[{"@type":"ListItem","position":1,"name":"In\u00edcio","item":"https:\/\/radioportoseguro.com.br\/site\/"},{"@type":"ListItem","position":2,"name":"Desmaios frequentes acendem alerta para doen\u00e7as ocultas do cora\u00e7\u00e3o"}]},{"@type":"WebSite","@id":"https:\/\/radioportoseguro.com.br\/site\/#website","url":"https:\/\/radioportoseguro.com.br\/site\/","name":"R\u00e1dio Porto Seguro","description":"","potentialAction":[{"@type":"SearchAction","target":{"@type":"EntryPoint","urlTemplate":"https:\/\/radioportoseguro.com.br\/site\/?s={search_term_string}"},"query-input":{"@type":"PropertyValueSpecification","valueRequired":true,"valueName":"search_term_string"}}],"inLanguage":"pt-BR"},{"@type":"Person","@id":"https:\/\/radioportoseguro.com.br\/site\/#\/schema\/person\/7630acdc320186f13639d3c067ec089b","name":"admin","image":{"@type":"ImageObject","inLanguage":"pt-BR","@id":"https:\/\/radioportoseguro.com.br\/site\/#\/schema\/person\/image\/","url":"https:\/\/secure.gravatar.com\/avatar\/caacf4dc1eedb68fab0df8e1ed46c448e578b2466351bbcb61e47d2ac0caaef0?s=96&d=mm&r=g","contentUrl":"https:\/\/secure.gravatar.com\/avatar\/caacf4dc1eedb68fab0df8e1ed46c448e578b2466351bbcb61e47d2ac0caaef0?s=96&d=mm&r=g","caption":"admin"},"sameAs":["https:\/\/radioportoseguro.com.br\/site"],"url":"https:\/\/radioportoseguro.com.br\/site\/author\/hezio\/"}]}},"_links":{"self":[{"href":"https:\/\/radioportoseguro.com.br\/site\/wp-json\/wp\/v2\/posts\/10876","targetHints":{"allow":["GET"]}}],"collection":[{"href":"https:\/\/radioportoseguro.com.br\/site\/wp-json\/wp\/v2\/posts"}],"about":[{"href":"https:\/\/radioportoseguro.com.br\/site\/wp-json\/wp\/v2\/types\/post"}],"author":[{"embeddable":true,"href":"https:\/\/radioportoseguro.com.br\/site\/wp-json\/wp\/v2\/users\/1"}],"replies":[{"embeddable":true,"href":"https:\/\/radioportoseguro.com.br\/site\/wp-json\/wp\/v2\/comments?post=10876"}],"version-history":[{"count":0,"href":"https:\/\/radioportoseguro.com.br\/site\/wp-json\/wp\/v2\/posts\/10876\/revisions"}],"wp:featuredmedia":[{"embeddable":true,"href":"https:\/\/radioportoseguro.com.br\/site\/wp-json\/wp\/v2\/media\/8297"}],"wp:attachment":[{"href":"https:\/\/radioportoseguro.com.br\/site\/wp-json\/wp\/v2\/media?parent=10876"}],"wp:term":[{"taxonomy":"category","embeddable":true,"href":"https:\/\/radioportoseguro.com.br\/site\/wp-json\/wp\/v2\/categories?post=10876"},{"taxonomy":"post_tag","embeddable":true,"href":"https:\/\/radioportoseguro.com.br\/site\/wp-json\/wp\/v2\/tags?post=10876"}],"curies":[{"name":"wp","href":"https:\/\/api.w.org\/{rel}","templated":true}]}}