{"id":10877,"date":"2026-09-04T06:45:41","date_gmt":"2026-09-04T09:45:41","guid":{"rendered":"https:\/\/radioportoseguro.com.br\/site\/2026\/09\/04\/evangelicos-nao-determinados-sao-maiores-que-pentecostais-pela-primeira-vez-no-brasil-exibir-gospel\/"},"modified":"2026-09-04T06:45:41","modified_gmt":"2026-09-04T09:45:41","slug":"evangelicos-nao-determinados-sao-maiores-que-pentecostais-pela-primeira-vez-no-brasil-exibir-gospel","status":"publish","type":"post","link":"https:\/\/radioportoseguro.com.br\/site\/2026\/09\/04\/evangelicos-nao-determinados-sao-maiores-que-pentecostais-pela-primeira-vez-no-brasil-exibir-gospel\/","title":{"rendered":"Evang\u00e9licos \u201cn\u00e3o determinados\u201d s\u00e3o maiores que pentecostais pela primeira vez no Brasil \u2013 Exibir Gospel"},"content":{"rendered":"<p><br \/>\n<\/p>\n<div>\n<p>Na segunda-feira (31), o Instituto Brasileiro de Geografia e Estat\u00edstica (IBGE) divulgou novos dados do Censo 2022 que detalham a filia\u00e7\u00e3o religiosa no Brasil. Pela primeira vez, os evang\u00e9licos \u201cn\u00e3o determinados\u201d aparecem como o maior grupo dentro da religi\u00e3o.<\/p>\n<p>Esse grupo re\u00fane pessoas que se declararam apenas como \u201cevang\u00e9licas\u201d ou \u201ccrentes\u201d, sem informar uma denomina\u00e7\u00e3o espec\u00edfica, isso n\u00e3o quer dizer que n\u00e3o v\u00e3o \u00e0 igreja, apenas que n\u00e3o identificam se v\u00e3o e em qual v\u00e3o. Essas pessoas representam 15,6% da popula\u00e7\u00e3o brasileira com 10 anos ou mais.<\/p>\n<p>Os pentecostais aparecem em seguida, com 14,3 milh\u00f5es de pessoas, o equivalente a 8,1% dos 176,6 milh\u00f5es de brasileiros nessa faixa et\u00e1ria. Na classifica\u00e7\u00e3o do IBGE est\u00e3o denomina\u00e7\u00f5es como Assembleia de Deus e Igreja Universal do Reino de Deus.<\/p>\n<p>Os chamados evang\u00e9licos de miss\u00e3o, ligados a tradi\u00e7\u00f5es protestantes hist\u00f3ricas, somam 5,6 milh\u00f5es de pessoas, ou 3,2% da popula\u00e7\u00e3o. Entre eles est\u00e3o presbiterianos e metodistas.<\/p>\n<p>O levantamento tamb\u00e9m registrou 139 pessoas que declararam seguir \u201cigrejas evang\u00e9licas ind\u00edgenas\u201d. O n\u00famero representa menos de 0,1% da popula\u00e7\u00e3o e foi considerado estatisticamente irrelevante.<\/p>\n<p>Os dados, por\u00e9m, precisam ser analisados com cautela. Uma mudan\u00e7a na metodologia adotada pelo IBGE dificultou a identifica\u00e7\u00e3o detalhada das denomina\u00e7\u00f5es evang\u00e9licas e pode ter reduzido a dimens\u00e3o registrada do grupo pentecostal.<\/p>\n<p>Entre os cat\u00f3licos, a queda de participa\u00e7\u00e3o continua. O grupo passou de 74,4% da popula\u00e7\u00e3o em 2000 para 65,5% em 2010 e chegou a 57% em 2022, reunindo 100,6 milh\u00f5es de pessoas.<\/p>\n<p>O Censo identificou tr\u00eas grupos dentro do catolicismo. Os apost\u00f3licos romanos concentram quase todos os fi\u00e9is. Os ortodoxos somam cerca de 21 mil pessoas, enquanto os apost\u00f3licos brasileiros re\u00fanem 386 mil seguidores, ou 0,2%.<\/p>\n<p>A presen\u00e7a cat\u00f3lica no pa\u00eds \u00e9 hist\u00f3rica. No primeiro Censo, realizado em 1872, 99,7% dos quase 10 milh\u00f5es de habitantes foram registrados como cat\u00f3licos. Na \u00e9poca, o catolicismo era a religi\u00e3o oficial do Imp\u00e9rio.<\/p>\n<p>Esse cen\u00e1rio come\u00e7ou a mudar ap\u00f3s a Proclama\u00e7\u00e3o da Rep\u00fablica, em 1890, quando a religi\u00e3o cat\u00f3lica deixou de ter status oficial. A queda na propor\u00e7\u00e3o de cat\u00f3licos se tornou mais evidente a partir dos anos 1970.<\/p>\n<p>Apesar das mudan\u00e7as, o Brasil permanece majoritariamente crist\u00e3o. Al\u00e9m de cat\u00f3licos e evang\u00e9licos, o Censo registrou 3,9 milh\u00f5es de pessoas em \u201coutras religiosidades crist\u00e3s\u201d, 1,2 milh\u00e3o de testemunhas de Jeov\u00e1 e 148 mil m\u00f3rmons.<\/p>\n<p>Somados, os diferentes grupos crist\u00e3os representam 86,9% da popula\u00e7\u00e3o com 10 anos ou mais registrada pelo Censo 2022.<\/p>\n<p>Portal Exibir Gospel <\/p>\n<\/div>\n<p><br \/>\n<br \/>Fonte: Exibir Gospel<\/p>\n","protected":false},"excerpt":{"rendered":"<p>Na segunda-feira (31), o Instituto Brasileiro de Geografia e Estat\u00edstica (IBGE) divulgou novos dados do Censo 2022 que detalham a filia\u00e7\u00e3o religiosa no Brasil. Pela primeira vez, os evang\u00e9licos \u201cn\u00e3o determinados\u201d aparecem como o maior grupo dentro da religi\u00e3o. Esse grupo re\u00fane pessoas que se declararam apenas como \u201cevang\u00e9licas\u201d ou \u201ccrentes\u201d, sem informar uma denomina\u00e7\u00e3o [&hellip;]<\/p>\n","protected":false},"author":1,"featured_media":10878,"comment_status":"","ping_status":"open","sticky":false,"template":"","format":"standard","meta":{"footnotes":""},"categories":[4],"tags":[],"class_list":["post-10877","post","type-post","status-publish","format-standard","has-post-thumbnail","hentry","category-musica"],"yoast_head":"<!-- This site is optimized with the Yoast SEO plugin v26.8 - https:\/\/yoast.com\/product\/yoast-seo-wordpress\/ -->\n<title>Evang\u00e9licos \u201cn\u00e3o determinados\u201d s\u00e3o maiores que pentecostais pela primeira vez no Brasil \u2013 Exibir Gospel - R\u00e1dio Porto Seguro<\/title>\n<meta name=\"robots\" content=\"index, follow, max-snippet:-1, max-image-preview:large, max-video-preview:-1\" \/>\n<link rel=\"canonical\" href=\"https:\/\/radioportoseguro.com.br\/site\/2026\/09\/04\/evangelicos-nao-determinados-sao-maiores-que-pentecostais-pela-primeira-vez-no-brasil-exibir-gospel\/\" \/>\n<meta property=\"og:locale\" content=\"pt_BR\" \/>\n<meta property=\"og:type\" content=\"article\" \/>\n<meta property=\"og:title\" content=\"Evang\u00e9licos \u201cn\u00e3o determinados\u201d s\u00e3o maiores que pentecostais pela primeira vez no Brasil \u2013 Exibir Gospel - R\u00e1dio Porto Seguro\" \/>\n<meta property=\"og:description\" content=\"Na segunda-feira (31), o Instituto Brasileiro de Geografia e Estat\u00edstica (IBGE) divulgou novos dados do Censo 2022 que detalham a filia\u00e7\u00e3o religiosa no Brasil. Pela primeira vez, os evang\u00e9licos \u201cn\u00e3o determinados\u201d aparecem como o maior grupo dentro da religi\u00e3o. Esse grupo re\u00fane pessoas que se declararam apenas como \u201cevang\u00e9licas\u201d ou \u201ccrentes\u201d, sem informar uma denomina\u00e7\u00e3o [&hellip;]\" \/>\n<meta property=\"og:url\" content=\"https:\/\/radioportoseguro.com.br\/site\/2026\/09\/04\/evangelicos-nao-determinados-sao-maiores-que-pentecostais-pela-primeira-vez-no-brasil-exibir-gospel\/\" \/>\n<meta property=\"og:site_name\" content=\"R\u00e1dio Porto Seguro\" \/>\n<meta property=\"article:published_time\" content=\"2026-09-04T09:45:41+00:00\" \/>\n<meta name=\"author\" content=\"admin\" \/>\n<meta name=\"twitter:card\" content=\"summary_large_image\" \/>\n<meta name=\"twitter:label1\" content=\"Escrito por\" \/>\n\t<meta name=\"twitter:data1\" content=\"admin\" \/>\n\t<meta name=\"twitter:label2\" content=\"Est. tempo de leitura\" \/>\n\t<meta name=\"twitter:data2\" content=\"2 minutos\" \/>\n<script type=\"application\/ld+json\" class=\"yoast-schema-graph\">{\"@context\":\"https:\/\/schema.org\",\"@graph\":[{\"@type\":\"Article\",\"@id\":\"https:\/\/radioportoseguro.com.br\/site\/2026\/09\/04\/evangelicos-nao-determinados-sao-maiores-que-pentecostais-pela-primeira-vez-no-brasil-exibir-gospel\/#article\",\"isPartOf\":{\"@id\":\"https:\/\/radioportoseguro.com.br\/site\/2026\/09\/04\/evangelicos-nao-determinados-sao-maiores-que-pentecostais-pela-primeira-vez-no-brasil-exibir-gospel\/\"},\"author\":{\"name\":\"admin\",\"@id\":\"https:\/\/radioportoseguro.com.br\/site\/#\/schema\/person\/7630acdc320186f13639d3c067ec089b\"},\"headline\":\"Evang\u00e9licos \u201cn\u00e3o determinados\u201d s\u00e3o maiores que pentecostais pela primeira vez no Brasil \u2013 Exibir Gospel\",\"datePublished\":\"2026-09-04T09:45:41+00:00\",\"mainEntityOfPage\":{\"@id\":\"https:\/\/radioportoseguro.com.br\/site\/2026\/09\/04\/evangelicos-nao-determinados-sao-maiores-que-pentecostais-pela-primeira-vez-no-brasil-exibir-gospel\/\"},\"wordCount\":464,\"image\":{\"@id\":\"https:\/\/radioportoseguro.com.br\/site\/2026\/09\/04\/evangelicos-nao-determinados-sao-maiores-que-pentecostais-pela-primeira-vez-no-brasil-exibir-gospel\/#primaryimage\"},\"thumbnailUrl\":\"https:\/\/radioportoseguro.com.br\/site\/wp-content\/uploads\/2026\/09\/WhatsApp-Image-2026-09-02-at-23.15.07.jpeg\",\"articleSection\":[\"M\u00fasica\"],\"inLanguage\":\"pt-BR\"},{\"@type\":\"WebPage\",\"@id\":\"https:\/\/radioportoseguro.com.br\/site\/2026\/09\/04\/evangelicos-nao-determinados-sao-maiores-que-pentecostais-pela-primeira-vez-no-brasil-exibir-gospel\/\",\"url\":\"https:\/\/radioportoseguro.com.br\/site\/2026\/09\/04\/evangelicos-nao-determinados-sao-maiores-que-pentecostais-pela-primeira-vez-no-brasil-exibir-gospel\/\",\"name\":\"Evang\u00e9licos \u201cn\u00e3o determinados\u201d s\u00e3o maiores que pentecostais pela primeira vez no Brasil \u2013 Exibir Gospel - R\u00e1dio Porto Seguro\",\"isPartOf\":{\"@id\":\"https:\/\/radioportoseguro.com.br\/site\/#website\"},\"primaryImageOfPage\":{\"@id\":\"https:\/\/radioportoseguro.com.br\/site\/2026\/09\/04\/evangelicos-nao-determinados-sao-maiores-que-pentecostais-pela-primeira-vez-no-brasil-exibir-gospel\/#primaryimage\"},\"image\":{\"@id\":\"https:\/\/radioportoseguro.com.br\/site\/2026\/09\/04\/evangelicos-nao-determinados-sao-maiores-que-pentecostais-pela-primeira-vez-no-brasil-exibir-gospel\/#primaryimage\"},\"thumbnailUrl\":\"https:\/\/radioportoseguro.com.br\/site\/wp-content\/uploads\/2026\/09\/WhatsApp-Image-2026-09-02-at-23.15.07.jpeg\",\"datePublished\":\"2026-09-04T09:45:41+00:00\",\"author\":{\"@id\":\"https:\/\/radioportoseguro.com.br\/site\/#\/schema\/person\/7630acdc320186f13639d3c067ec089b\"},\"breadcrumb\":{\"@id\":\"https:\/\/radioportoseguro.com.br\/site\/2026\/09\/04\/evangelicos-nao-determinados-sao-maiores-que-pentecostais-pela-primeira-vez-no-brasil-exibir-gospel\/#breadcrumb\"},\"inLanguage\":\"pt-BR\",\"potentialAction\":[{\"@type\":\"ReadAction\",\"target\":[\"https:\/\/radioportoseguro.com.br\/site\/2026\/09\/04\/evangelicos-nao-determinados-sao-maiores-que-pentecostais-pela-primeira-vez-no-brasil-exibir-gospel\/\"]}]},{\"@type\":\"ImageObject\",\"inLanguage\":\"pt-BR\",\"@id\":\"https:\/\/radioportoseguro.com.br\/site\/2026\/09\/04\/evangelicos-nao-determinados-sao-maiores-que-pentecostais-pela-primeira-vez-no-brasil-exibir-gospel\/#primaryimage\",\"url\":\"https:\/\/radioportoseguro.com.br\/site\/wp-content\/uploads\/2026\/09\/WhatsApp-Image-2026-09-02-at-23.15.07.jpeg\",\"contentUrl\":\"https:\/\/radioportoseguro.com.br\/site\/wp-content\/uploads\/2026\/09\/WhatsApp-Image-2026-09-02-at-23.15.07.jpeg\",\"width\":640,\"height\":400},{\"@type\":\"BreadcrumbList\",\"@id\":\"https:\/\/radioportoseguro.com.br\/site\/2026\/09\/04\/evangelicos-nao-determinados-sao-maiores-que-pentecostais-pela-primeira-vez-no-brasil-exibir-gospel\/#breadcrumb\",\"itemListElement\":[{\"@type\":\"ListItem\",\"position\":1,\"name\":\"In\u00edcio\",\"item\":\"https:\/\/radioportoseguro.com.br\/site\/\"},{\"@type\":\"ListItem\",\"position\":2,\"name\":\"Evang\u00e9licos \u201cn\u00e3o determinados\u201d s\u00e3o maiores que pentecostais pela primeira vez no Brasil \u2013 Exibir Gospel\"}]},{\"@type\":\"WebSite\",\"@id\":\"https:\/\/radioportoseguro.com.br\/site\/#website\",\"url\":\"https:\/\/radioportoseguro.com.br\/site\/\",\"name\":\"R\u00e1dio Porto Seguro\",\"description\":\"\",\"potentialAction\":[{\"@type\":\"SearchAction\",\"target\":{\"@type\":\"EntryPoint\",\"urlTemplate\":\"https:\/\/radioportoseguro.com.br\/site\/?s={search_term_string}\"},\"query-input\":{\"@type\":\"PropertyValueSpecification\",\"valueRequired\":true,\"valueName\":\"search_term_string\"}}],\"inLanguage\":\"pt-BR\"},{\"@type\":\"Person\",\"@id\":\"https:\/\/radioportoseguro.com.br\/site\/#\/schema\/person\/7630acdc320186f13639d3c067ec089b\",\"name\":\"admin\",\"image\":{\"@type\":\"ImageObject\",\"inLanguage\":\"pt-BR\",\"@id\":\"https:\/\/radioportoseguro.com.br\/site\/#\/schema\/person\/image\/\",\"url\":\"https:\/\/secure.gravatar.com\/avatar\/caacf4dc1eedb68fab0df8e1ed46c448e578b2466351bbcb61e47d2ac0caaef0?s=96&d=mm&r=g\",\"contentUrl\":\"https:\/\/secure.gravatar.com\/avatar\/caacf4dc1eedb68fab0df8e1ed46c448e578b2466351bbcb61e47d2ac0caaef0?s=96&d=mm&r=g\",\"caption\":\"admin\"},\"sameAs\":[\"https:\/\/radioportoseguro.com.br\/site\"],\"url\":\"https:\/\/radioportoseguro.com.br\/site\/author\/hezio\/\"}]}<\/script>\n<!-- \/ Yoast SEO plugin. -->","yoast_head_json":{"title":"Evang\u00e9licos \u201cn\u00e3o determinados\u201d s\u00e3o maiores que pentecostais pela primeira vez no Brasil \u2013 Exibir Gospel - R\u00e1dio Porto Seguro","robots":{"index":"index","follow":"follow","max-snippet":"max-snippet:-1","max-image-preview":"max-image-preview:large","max-video-preview":"max-video-preview:-1"},"canonical":"https:\/\/radioportoseguro.com.br\/site\/2026\/09\/04\/evangelicos-nao-determinados-sao-maiores-que-pentecostais-pela-primeira-vez-no-brasil-exibir-gospel\/","og_locale":"pt_BR","og_type":"article","og_title":"Evang\u00e9licos \u201cn\u00e3o determinados\u201d s\u00e3o maiores que pentecostais pela primeira vez no Brasil \u2013 Exibir Gospel - R\u00e1dio Porto Seguro","og_description":"Na segunda-feira (31), o Instituto Brasileiro de Geografia e Estat\u00edstica (IBGE) divulgou novos dados do Censo 2022 que detalham a filia\u00e7\u00e3o religiosa no Brasil. Pela primeira vez, os evang\u00e9licos \u201cn\u00e3o determinados\u201d aparecem como o maior grupo dentro da religi\u00e3o. Esse grupo re\u00fane pessoas que se declararam apenas como \u201cevang\u00e9licas\u201d ou \u201ccrentes\u201d, sem informar uma denomina\u00e7\u00e3o [&hellip;]","og_url":"https:\/\/radioportoseguro.com.br\/site\/2026\/09\/04\/evangelicos-nao-determinados-sao-maiores-que-pentecostais-pela-primeira-vez-no-brasil-exibir-gospel\/","og_site_name":"R\u00e1dio Porto Seguro","article_published_time":"2026-09-04T09:45:41+00:00","author":"admin","twitter_card":"summary_large_image","twitter_misc":{"Escrito por":"admin","Est. tempo de leitura":"2 minutos"},"schema":{"@context":"https:\/\/schema.org","@graph":[{"@type":"Article","@id":"https:\/\/radioportoseguro.com.br\/site\/2026\/09\/04\/evangelicos-nao-determinados-sao-maiores-que-pentecostais-pela-primeira-vez-no-brasil-exibir-gospel\/#article","isPartOf":{"@id":"https:\/\/radioportoseguro.com.br\/site\/2026\/09\/04\/evangelicos-nao-determinados-sao-maiores-que-pentecostais-pela-primeira-vez-no-brasil-exibir-gospel\/"},"author":{"name":"admin","@id":"https:\/\/radioportoseguro.com.br\/site\/#\/schema\/person\/7630acdc320186f13639d3c067ec089b"},"headline":"Evang\u00e9licos \u201cn\u00e3o determinados\u201d s\u00e3o maiores que pentecostais pela primeira vez no Brasil \u2013 Exibir Gospel","datePublished":"2026-09-04T09:45:41+00:00","mainEntityOfPage":{"@id":"https:\/\/radioportoseguro.com.br\/site\/2026\/09\/04\/evangelicos-nao-determinados-sao-maiores-que-pentecostais-pela-primeira-vez-no-brasil-exibir-gospel\/"},"wordCount":464,"image":{"@id":"https:\/\/radioportoseguro.com.br\/site\/2026\/09\/04\/evangelicos-nao-determinados-sao-maiores-que-pentecostais-pela-primeira-vez-no-brasil-exibir-gospel\/#primaryimage"},"thumbnailUrl":"https:\/\/radioportoseguro.com.br\/site\/wp-content\/uploads\/2026\/09\/WhatsApp-Image-2026-09-02-at-23.15.07.jpeg","articleSection":["M\u00fasica"],"inLanguage":"pt-BR"},{"@type":"WebPage","@id":"https:\/\/radioportoseguro.com.br\/site\/2026\/09\/04\/evangelicos-nao-determinados-sao-maiores-que-pentecostais-pela-primeira-vez-no-brasil-exibir-gospel\/","url":"https:\/\/radioportoseguro.com.br\/site\/2026\/09\/04\/evangelicos-nao-determinados-sao-maiores-que-pentecostais-pela-primeira-vez-no-brasil-exibir-gospel\/","name":"Evang\u00e9licos \u201cn\u00e3o determinados\u201d s\u00e3o maiores que pentecostais pela primeira vez no Brasil \u2013 Exibir Gospel - R\u00e1dio Porto Seguro","isPartOf":{"@id":"https:\/\/radioportoseguro.com.br\/site\/#website"},"primaryImageOfPage":{"@id":"https:\/\/radioportoseguro.com.br\/site\/2026\/09\/04\/evangelicos-nao-determinados-sao-maiores-que-pentecostais-pela-primeira-vez-no-brasil-exibir-gospel\/#primaryimage"},"image":{"@id":"https:\/\/radioportoseguro.com.br\/site\/2026\/09\/04\/evangelicos-nao-determinados-sao-maiores-que-pentecostais-pela-primeira-vez-no-brasil-exibir-gospel\/#primaryimage"},"thumbnailUrl":"https:\/\/radioportoseguro.com.br\/site\/wp-content\/uploads\/2026\/09\/WhatsApp-Image-2026-09-02-at-23.15.07.jpeg","datePublished":"2026-09-04T09:45:41+00:00","author":{"@id":"https:\/\/radioportoseguro.com.br\/site\/#\/schema\/person\/7630acdc320186f13639d3c067ec089b"},"breadcrumb":{"@id":"https:\/\/radioportoseguro.com.br\/site\/2026\/09\/04\/evangelicos-nao-determinados-sao-maiores-que-pentecostais-pela-primeira-vez-no-brasil-exibir-gospel\/#breadcrumb"},"inLanguage":"pt-BR","potentialAction":[{"@type":"ReadAction","target":["https:\/\/radioportoseguro.com.br\/site\/2026\/09\/04\/evangelicos-nao-determinados-sao-maiores-que-pentecostais-pela-primeira-vez-no-brasil-exibir-gospel\/"]}]},{"@type":"ImageObject","inLanguage":"pt-BR","@id":"https:\/\/radioportoseguro.com.br\/site\/2026\/09\/04\/evangelicos-nao-determinados-sao-maiores-que-pentecostais-pela-primeira-vez-no-brasil-exibir-gospel\/#primaryimage","url":"https:\/\/radioportoseguro.com.br\/site\/wp-content\/uploads\/2026\/09\/WhatsApp-Image-2026-09-02-at-23.15.07.jpeg","contentUrl":"https:\/\/radioportoseguro.com.br\/site\/wp-content\/uploads\/2026\/09\/WhatsApp-Image-2026-09-02-at-23.15.07.jpeg","width":640,"height":400},{"@type":"BreadcrumbList","@id":"https:\/\/radioportoseguro.com.br\/site\/2026\/09\/04\/evangelicos-nao-determinados-sao-maiores-que-pentecostais-pela-primeira-vez-no-brasil-exibir-gospel\/#breadcrumb","itemListElement":[{"@type":"ListItem","position":1,"name":"In\u00edcio","item":"https:\/\/radioportoseguro.com.br\/site\/"},{"@type":"ListItem","position":2,"name":"Evang\u00e9licos \u201cn\u00e3o determinados\u201d s\u00e3o maiores que pentecostais pela primeira vez no Brasil \u2013 Exibir Gospel"}]},{"@type":"WebSite","@id":"https:\/\/radioportoseguro.com.br\/site\/#website","url":"https:\/\/radioportoseguro.com.br\/site\/","name":"R\u00e1dio Porto Seguro","description":"","potentialAction":[{"@type":"SearchAction","target":{"@type":"EntryPoint","urlTemplate":"https:\/\/radioportoseguro.com.br\/site\/?s={search_term_string}"},"query-input":{"@type":"PropertyValueSpecification","valueRequired":true,"valueName":"search_term_string"}}],"inLanguage":"pt-BR"},{"@type":"Person","@id":"https:\/\/radioportoseguro.com.br\/site\/#\/schema\/person\/7630acdc320186f13639d3c067ec089b","name":"admin","image":{"@type":"ImageObject","inLanguage":"pt-BR","@id":"https:\/\/radioportoseguro.com.br\/site\/#\/schema\/person\/image\/","url":"https:\/\/secure.gravatar.com\/avatar\/caacf4dc1eedb68fab0df8e1ed46c448e578b2466351bbcb61e47d2ac0caaef0?s=96&d=mm&r=g","contentUrl":"https:\/\/secure.gravatar.com\/avatar\/caacf4dc1eedb68fab0df8e1ed46c448e578b2466351bbcb61e47d2ac0caaef0?s=96&d=mm&r=g","caption":"admin"},"sameAs":["https:\/\/radioportoseguro.com.br\/site"],"url":"https:\/\/radioportoseguro.com.br\/site\/author\/hezio\/"}]}},"_links":{"self":[{"href":"https:\/\/radioportoseguro.com.br\/site\/wp-json\/wp\/v2\/posts\/10877","targetHints":{"allow":["GET"]}}],"collection":[{"href":"https:\/\/radioportoseguro.com.br\/site\/wp-json\/wp\/v2\/posts"}],"about":[{"href":"https:\/\/radioportoseguro.com.br\/site\/wp-json\/wp\/v2\/types\/post"}],"author":[{"embeddable":true,"href":"https:\/\/radioportoseguro.com.br\/site\/wp-json\/wp\/v2\/users\/1"}],"replies":[{"embeddable":true,"href":"https:\/\/radioportoseguro.com.br\/site\/wp-json\/wp\/v2\/comments?post=10877"}],"version-history":[{"count":0,"href":"https:\/\/radioportoseguro.com.br\/site\/wp-json\/wp\/v2\/posts\/10877\/revisions"}],"wp:featuredmedia":[{"embeddable":true,"href":"https:\/\/radioportoseguro.com.br\/site\/wp-json\/wp\/v2\/media\/10878"}],"wp:attachment":[{"href":"https:\/\/radioportoseguro.com.br\/site\/wp-json\/wp\/v2\/media?parent=10877"}],"wp:term":[{"taxonomy":"category","embeddable":true,"href":"https:\/\/radioportoseguro.com.br\/site\/wp-json\/wp\/v2\/categories?post=10877"},{"taxonomy":"post_tag","embeddable":true,"href":"https:\/\/radioportoseguro.com.br\/site\/wp-json\/wp\/v2\/tags?post=10877"}],"curies":[{"name":"wp","href":"https:\/\/api.w.org\/{rel}","templated":true}]}}