{"id":10881,"date":"2026-09-04T08:21:45","date_gmt":"2026-09-04T11:21:45","guid":{"rendered":"https:\/\/radioportoseguro.com.br\/site\/2026\/09\/04\/governo-da-venezuela-liberta-bispo-anglicano-apos-cinco-anos-de-prisao\/"},"modified":"2026-09-04T08:21:45","modified_gmt":"2026-09-04T11:21:45","slug":"governo-da-venezuela-liberta-bispo-anglicano-apos-cinco-anos-de-prisao","status":"publish","type":"post","link":"https:\/\/radioportoseguro.com.br\/site\/2026\/09\/04\/governo-da-venezuela-liberta-bispo-anglicano-apos-cinco-anos-de-prisao\/","title":{"rendered":"Governo da Venezuela liberta bispo anglicano ap\u00f3s cinco anos de pris\u00e3o"},"content":{"rendered":"<p><br \/>\n<\/p>\n<div>\n<div class=\"td-post-featured-image\">\n<figure><figcaption class=\"wp-caption-text\">Bispo anglicano independente Jylman Red Jurado Farf\u00e1n (Foto: Reprodu\u00e7\u00e3o)<\/figcaption><\/figure>\n<\/div>\n<p> <!-- A generated by theme --> <\/p>\n<p> <!-- end A --> <\/p>\n<h2 class=\"wp-block-heading\">Relato de agress\u00f5es f\u00edsicas com eletricidade e arrancada de unhas marca a soltura de Jylman Red Jurado Farf\u00e1n de penitenci\u00e1ria na Venezuela<\/h2>\n<p class=\"wp-block-paragraph\">O bispo anglicano independente Jylman Red Jurado Farf\u00e1n foi libertado do complexo penitenci\u00e1rio de Rodeo III, na Venezuela, ap\u00f3s permanecer mais de cinco anos detido sob acusa\u00e7\u00f5es de terrorismo e sofrer graves epis\u00f3dios de tortura f\u00edsica. A soltura ocorreu em uma a\u00e7\u00e3o que abrangeu dezenas de presos pol\u00edticos, conforme informa\u00e7\u00f5es divulgadas pela organiza\u00e7\u00e3o Christian Solidarity Worldwide (CSW).<\/p>\n<p class=\"wp-block-paragraph\">Farf\u00e1n atua na Arquidiocese da Venezuela do Esp\u00edrito Santo, uma institui\u00e7\u00e3o vinculada \u00e0 Igreja Anglicana Latino-Americana independente e sediada em Caracas. Jesus Marcano, coordenador do Foro Penal, validou a soltura do cl\u00e9rigo. Embora a gest\u00e3o estatal venezuelana mencione a libera\u00e7\u00e3o de 131 custodiados sem detalhar as identidades, a entidade civil realiza a verifica\u00e7\u00e3o cruzada com dados de familiares para mapear os beneficiados.<\/p>\n<p class=\"wp-block-paragraph\">O cl\u00e9rigo manifestou seu agradecimento pelo desfecho do caso e pelo apoio recebido durante os cinco anos e quinze dias de confinamento.<\/p>\n<p class=\"wp-block-paragraph\">\u201cAben\u00e7oo a Deus pelo sentimento e pelo desejo que colocou em seus cora\u00e7\u00f5es para que esta liberta\u00e7\u00e3o fosse poss\u00edvel, onde o Senhor quebrou as correntes da opress\u00e3o, do medo, da tortura, e nos deu a liberdade f\u00edsica.\u201d<\/p>\n<h3 class=\"wp-block-heading\">Hist\u00f3rico de acusa\u00e7\u00f5es infundadas e deteriora\u00e7\u00e3o de sa\u00fade<\/h3>\n<p class=\"wp-block-paragraph\">O processo contra o l\u00edder religioso teve in\u00edcio em 30 de julho de 2021, ap\u00f3s uma convoca\u00e7\u00e3o baseada em falsos pretextos. Ele acabou denunciado por associa\u00e7\u00e3o criminosa, conspira\u00e7\u00e3o e terrorismo sob a alega\u00e7\u00e3o de que suas fun\u00e7\u00f5es religiosas amea\u00e7avam a estabilidade do pa\u00eds. Os autos permaneceram em segredo de Justi\u00e7a por cerca de dez meses e o julgamento acabou suspenso devido \u00e0 falta de evid\u00eancias substanciais por parte dos promotores ap\u00f3s quase dois anos de audi\u00eancias.<\/p>\n<p class=\"wp-block-paragraph\">Durante o c\u00e1rcere, o estado f\u00edsico do bispo deteriorou-se drasticamente, culminando em diagn\u00f3sticos de pneumonia at\u00edpica, hemorragias no sistema digestivo e neurite intercostal em junho de 2026. O coordenador de direitos humanos exp\u00f4s agress\u00f5es f\u00edsicas graves relatadas pelo pr\u00f3prio religioso durante o per\u00edodo em que esteve sob cust\u00f3dia.<\/p>\n<p> <!-- A generated by theme --> <\/p>\n<p> <!-- end A --> <\/p>\n<p class=\"wp-block-paragraph\">\u201cArrancaram as unhas dos meus p\u00e9s\u201d e \u201cabriram uma ferida de queimadura no meu peito com eletricidade.\u201d<\/p>\n<h3 class=\"wp-block-heading\">Cen\u00e1rio de persegui\u00e7\u00e3o e transi\u00e7\u00e3o pol\u00edtica<\/h3>\n<p class=\"wp-block-paragraph\">A diretora de advocacia da CSW, Anna Lee Stangl, repudiou veementemente a deten\u00e7\u00e3o e o tratamento m\u00e9dico inadequado fornecido ao cl\u00e9rigo no per\u00edodo em que esteve preso.<\/p>\n<p class=\"wp-block-paragraph\">\u201cCondenamos veementemente a tortura que ele sofreu e a falha das autoridades em garantir que recebesse tratamento adequado para suas condi\u00e7\u00f5es m\u00e9dicas.\u201d<\/p>\n<p class=\"wp-block-paragraph\">O cen\u00e1rio pol\u00edtico venezuelano passou por transforma\u00e7\u00f5es recentes ap\u00f3s a deposi\u00e7\u00e3o do ex-presidente Nicol\u00e1s Maduro em janeiro de 2026, cujo partido realizou a\u00e7\u00f5es contra comunidades crist\u00e3s ao longo da \u00faltima d\u00e9cada. As medidas governamentais anteriores inclu\u00edam o bloqueio de autoriza\u00e7\u00f5es de resid\u00eancia para mission\u00e1rios estrangeiros e tentativas de substituir ora\u00e7\u00f5es tradicionais por vers\u00f5es alinhadas ao governo.<\/p>\n<p> <!-- A generated by theme --> <\/p>\n<p> <!-- end A --> <\/p><\/div>\n<p><script>(function (d, s, id) {\n                var js, fjs = d.getElementsByTagName(s)[0];\n                if (d.getElementById(id)) return;\n                js = d.createElement(s);\n                js.id = id;\n                js.src=\"https:\/\/connect.facebook.net\/pt_BR\/sdk.js#xfbml=1&version=v2.11&appId=264312870658742&autoLogAppEvents=1\";\n                fjs.parentNode.insertBefore(js, fjs);\n            }(document, 'script', 'facebook-jssdk'));<\/script><br \/>\n<br \/><br \/>\n<br \/>Fonte: Folha Gospel<\/p>\n","protected":false},"excerpt":{"rendered":"<p>Bispo anglicano independente Jylman Red Jurado Farf\u00e1n (Foto: Reprodu\u00e7\u00e3o) Relato de agress\u00f5es f\u00edsicas com eletricidade e arrancada de unhas marca a soltura de Jylman Red Jurado Farf\u00e1n de penitenci\u00e1ria na Venezuela O bispo anglicano independente Jylman Red Jurado Farf\u00e1n foi libertado do complexo penitenci\u00e1rio de Rodeo III, na Venezuela, ap\u00f3s permanecer mais de cinco anos [&hellip;]<\/p>\n","protected":false},"author":1,"featured_media":10882,"comment_status":"","ping_status":"open","sticky":false,"template":"","format":"standard","meta":{"footnotes":""},"categories":[3],"tags":[],"class_list":["post-10881","post","type-post","status-publish","format-standard","has-post-thumbnail","hentry","category-gospel"],"yoast_head":"<!-- This site is optimized with the Yoast SEO plugin v26.8 - https:\/\/yoast.com\/product\/yoast-seo-wordpress\/ -->\n<title>Governo da Venezuela liberta bispo anglicano ap\u00f3s cinco anos de pris\u00e3o - R\u00e1dio Porto Seguro<\/title>\n<meta name=\"robots\" content=\"index, follow, max-snippet:-1, max-image-preview:large, max-video-preview:-1\" \/>\n<link rel=\"canonical\" href=\"https:\/\/radioportoseguro.com.br\/site\/2026\/09\/04\/governo-da-venezuela-liberta-bispo-anglicano-apos-cinco-anos-de-prisao\/\" \/>\n<meta property=\"og:locale\" content=\"pt_BR\" \/>\n<meta property=\"og:type\" content=\"article\" \/>\n<meta property=\"og:title\" content=\"Governo da Venezuela liberta bispo anglicano ap\u00f3s cinco anos de pris\u00e3o - R\u00e1dio Porto Seguro\" \/>\n<meta property=\"og:description\" content=\"Bispo anglicano independente Jylman Red Jurado Farf\u00e1n (Foto: Reprodu\u00e7\u00e3o) Relato de agress\u00f5es f\u00edsicas com eletricidade e arrancada de unhas marca a soltura de Jylman Red Jurado Farf\u00e1n de penitenci\u00e1ria na Venezuela O bispo anglicano independente Jylman Red Jurado Farf\u00e1n foi libertado do complexo penitenci\u00e1rio de Rodeo III, na Venezuela, ap\u00f3s permanecer mais de cinco anos [&hellip;]\" \/>\n<meta property=\"og:url\" content=\"https:\/\/radioportoseguro.com.br\/site\/2026\/09\/04\/governo-da-venezuela-liberta-bispo-anglicano-apos-cinco-anos-de-prisao\/\" \/>\n<meta property=\"og:site_name\" content=\"R\u00e1dio Porto Seguro\" \/>\n<meta property=\"article:published_time\" content=\"2026-09-04T11:21:45+00:00\" \/>\n<meta property=\"og:image\" content=\"https:\/\/i0.wp.com\/folhagospel.com\/wp-content\/uploads\/2026\/09\/bispo-venezuelano-libertado-cinco-anos-prisao.webp?resize=662%2C491&amp;ssl=1\" \/>\n<meta name=\"author\" content=\"admin\" \/>\n<meta name=\"twitter:card\" content=\"summary_large_image\" \/>\n<meta name=\"twitter:label1\" content=\"Escrito por\" \/>\n\t<meta name=\"twitter:data1\" content=\"admin\" \/>\n\t<meta name=\"twitter:label2\" content=\"Est. tempo de leitura\" \/>\n\t<meta name=\"twitter:data2\" content=\"3 minutos\" \/>\n<script type=\"application\/ld+json\" class=\"yoast-schema-graph\">{\"@context\":\"https:\/\/schema.org\",\"@graph\":[{\"@type\":\"Article\",\"@id\":\"https:\/\/radioportoseguro.com.br\/site\/2026\/09\/04\/governo-da-venezuela-liberta-bispo-anglicano-apos-cinco-anos-de-prisao\/#article\",\"isPartOf\":{\"@id\":\"https:\/\/radioportoseguro.com.br\/site\/2026\/09\/04\/governo-da-venezuela-liberta-bispo-anglicano-apos-cinco-anos-de-prisao\/\"},\"author\":{\"name\":\"admin\",\"@id\":\"https:\/\/radioportoseguro.com.br\/site\/#\/schema\/person\/7630acdc320186f13639d3c067ec089b\"},\"headline\":\"Governo da Venezuela liberta bispo anglicano ap\u00f3s cinco anos de pris\u00e3o\",\"datePublished\":\"2026-09-04T11:21:45+00:00\",\"mainEntityOfPage\":{\"@id\":\"https:\/\/radioportoseguro.com.br\/site\/2026\/09\/04\/governo-da-venezuela-liberta-bispo-anglicano-apos-cinco-anos-de-prisao\/\"},\"wordCount\":564,\"image\":{\"@id\":\"https:\/\/radioportoseguro.com.br\/site\/2026\/09\/04\/governo-da-venezuela-liberta-bispo-anglicano-apos-cinco-anos-de-prisao\/#primaryimage\"},\"thumbnailUrl\":\"https:\/\/radioportoseguro.com.br\/site\/wp-content\/uploads\/2026\/09\/bispo-venezuelano-libertado-cinco-anos-prisao.webp.webp\",\"articleSection\":[\"Gospel\"],\"inLanguage\":\"pt-BR\"},{\"@type\":\"WebPage\",\"@id\":\"https:\/\/radioportoseguro.com.br\/site\/2026\/09\/04\/governo-da-venezuela-liberta-bispo-anglicano-apos-cinco-anos-de-prisao\/\",\"url\":\"https:\/\/radioportoseguro.com.br\/site\/2026\/09\/04\/governo-da-venezuela-liberta-bispo-anglicano-apos-cinco-anos-de-prisao\/\",\"name\":\"Governo da Venezuela liberta bispo anglicano ap\u00f3s cinco anos de pris\u00e3o - R\u00e1dio Porto Seguro\",\"isPartOf\":{\"@id\":\"https:\/\/radioportoseguro.com.br\/site\/#website\"},\"primaryImageOfPage\":{\"@id\":\"https:\/\/radioportoseguro.com.br\/site\/2026\/09\/04\/governo-da-venezuela-liberta-bispo-anglicano-apos-cinco-anos-de-prisao\/#primaryimage\"},\"image\":{\"@id\":\"https:\/\/radioportoseguro.com.br\/site\/2026\/09\/04\/governo-da-venezuela-liberta-bispo-anglicano-apos-cinco-anos-de-prisao\/#primaryimage\"},\"thumbnailUrl\":\"https:\/\/radioportoseguro.com.br\/site\/wp-content\/uploads\/2026\/09\/bispo-venezuelano-libertado-cinco-anos-prisao.webp.webp\",\"datePublished\":\"2026-09-04T11:21:45+00:00\",\"author\":{\"@id\":\"https:\/\/radioportoseguro.com.br\/site\/#\/schema\/person\/7630acdc320186f13639d3c067ec089b\"},\"breadcrumb\":{\"@id\":\"https:\/\/radioportoseguro.com.br\/site\/2026\/09\/04\/governo-da-venezuela-liberta-bispo-anglicano-apos-cinco-anos-de-prisao\/#breadcrumb\"},\"inLanguage\":\"pt-BR\",\"potentialAction\":[{\"@type\":\"ReadAction\",\"target\":[\"https:\/\/radioportoseguro.com.br\/site\/2026\/09\/04\/governo-da-venezuela-liberta-bispo-anglicano-apos-cinco-anos-de-prisao\/\"]}]},{\"@type\":\"ImageObject\",\"inLanguage\":\"pt-BR\",\"@id\":\"https:\/\/radioportoseguro.com.br\/site\/2026\/09\/04\/governo-da-venezuela-liberta-bispo-anglicano-apos-cinco-anos-de-prisao\/#primaryimage\",\"url\":\"https:\/\/radioportoseguro.com.br\/site\/wp-content\/uploads\/2026\/09\/bispo-venezuelano-libertado-cinco-anos-prisao.webp.webp\",\"contentUrl\":\"https:\/\/radioportoseguro.com.br\/site\/wp-content\/uploads\/2026\/09\/bispo-venezuelano-libertado-cinco-anos-prisao.webp.webp\",\"width\":662,\"height\":491},{\"@type\":\"BreadcrumbList\",\"@id\":\"https:\/\/radioportoseguro.com.br\/site\/2026\/09\/04\/governo-da-venezuela-liberta-bispo-anglicano-apos-cinco-anos-de-prisao\/#breadcrumb\",\"itemListElement\":[{\"@type\":\"ListItem\",\"position\":1,\"name\":\"In\u00edcio\",\"item\":\"https:\/\/radioportoseguro.com.br\/site\/\"},{\"@type\":\"ListItem\",\"position\":2,\"name\":\"Governo da Venezuela liberta bispo anglicano ap\u00f3s cinco anos de pris\u00e3o\"}]},{\"@type\":\"WebSite\",\"@id\":\"https:\/\/radioportoseguro.com.br\/site\/#website\",\"url\":\"https:\/\/radioportoseguro.com.br\/site\/\",\"name\":\"R\u00e1dio Porto Seguro\",\"description\":\"\",\"potentialAction\":[{\"@type\":\"SearchAction\",\"target\":{\"@type\":\"EntryPoint\",\"urlTemplate\":\"https:\/\/radioportoseguro.com.br\/site\/?s={search_term_string}\"},\"query-input\":{\"@type\":\"PropertyValueSpecification\",\"valueRequired\":true,\"valueName\":\"search_term_string\"}}],\"inLanguage\":\"pt-BR\"},{\"@type\":\"Person\",\"@id\":\"https:\/\/radioportoseguro.com.br\/site\/#\/schema\/person\/7630acdc320186f13639d3c067ec089b\",\"name\":\"admin\",\"image\":{\"@type\":\"ImageObject\",\"inLanguage\":\"pt-BR\",\"@id\":\"https:\/\/radioportoseguro.com.br\/site\/#\/schema\/person\/image\/\",\"url\":\"https:\/\/secure.gravatar.com\/avatar\/caacf4dc1eedb68fab0df8e1ed46c448e578b2466351bbcb61e47d2ac0caaef0?s=96&d=mm&r=g\",\"contentUrl\":\"https:\/\/secure.gravatar.com\/avatar\/caacf4dc1eedb68fab0df8e1ed46c448e578b2466351bbcb61e47d2ac0caaef0?s=96&d=mm&r=g\",\"caption\":\"admin\"},\"sameAs\":[\"https:\/\/radioportoseguro.com.br\/site\"],\"url\":\"https:\/\/radioportoseguro.com.br\/site\/author\/hezio\/\"}]}<\/script>\n<!-- \/ Yoast SEO plugin. -->","yoast_head_json":{"title":"Governo da Venezuela liberta bispo anglicano ap\u00f3s cinco anos de pris\u00e3o - R\u00e1dio Porto Seguro","robots":{"index":"index","follow":"follow","max-snippet":"max-snippet:-1","max-image-preview":"max-image-preview:large","max-video-preview":"max-video-preview:-1"},"canonical":"https:\/\/radioportoseguro.com.br\/site\/2026\/09\/04\/governo-da-venezuela-liberta-bispo-anglicano-apos-cinco-anos-de-prisao\/","og_locale":"pt_BR","og_type":"article","og_title":"Governo da Venezuela liberta bispo anglicano ap\u00f3s cinco anos de pris\u00e3o - R\u00e1dio Porto Seguro","og_description":"Bispo anglicano independente Jylman Red Jurado Farf\u00e1n (Foto: Reprodu\u00e7\u00e3o) Relato de agress\u00f5es f\u00edsicas com eletricidade e arrancada de unhas marca a soltura de Jylman Red Jurado Farf\u00e1n de penitenci\u00e1ria na Venezuela O bispo anglicano independente Jylman Red Jurado Farf\u00e1n foi libertado do complexo penitenci\u00e1rio de Rodeo III, na Venezuela, ap\u00f3s permanecer mais de cinco anos [&hellip;]","og_url":"https:\/\/radioportoseguro.com.br\/site\/2026\/09\/04\/governo-da-venezuela-liberta-bispo-anglicano-apos-cinco-anos-de-prisao\/","og_site_name":"R\u00e1dio Porto Seguro","article_published_time":"2026-09-04T11:21:45+00:00","og_image":[{"url":"https:\/\/i0.wp.com\/folhagospel.com\/wp-content\/uploads\/2026\/09\/bispo-venezuelano-libertado-cinco-anos-prisao.webp?resize=662%2C491&amp;ssl=1","type":"","width":"","height":""}],"author":"admin","twitter_card":"summary_large_image","twitter_misc":{"Escrito por":"admin","Est. tempo de leitura":"3 minutos"},"schema":{"@context":"https:\/\/schema.org","@graph":[{"@type":"Article","@id":"https:\/\/radioportoseguro.com.br\/site\/2026\/09\/04\/governo-da-venezuela-liberta-bispo-anglicano-apos-cinco-anos-de-prisao\/#article","isPartOf":{"@id":"https:\/\/radioportoseguro.com.br\/site\/2026\/09\/04\/governo-da-venezuela-liberta-bispo-anglicano-apos-cinco-anos-de-prisao\/"},"author":{"name":"admin","@id":"https:\/\/radioportoseguro.com.br\/site\/#\/schema\/person\/7630acdc320186f13639d3c067ec089b"},"headline":"Governo da Venezuela liberta bispo anglicano ap\u00f3s cinco anos de pris\u00e3o","datePublished":"2026-09-04T11:21:45+00:00","mainEntityOfPage":{"@id":"https:\/\/radioportoseguro.com.br\/site\/2026\/09\/04\/governo-da-venezuela-liberta-bispo-anglicano-apos-cinco-anos-de-prisao\/"},"wordCount":564,"image":{"@id":"https:\/\/radioportoseguro.com.br\/site\/2026\/09\/04\/governo-da-venezuela-liberta-bispo-anglicano-apos-cinco-anos-de-prisao\/#primaryimage"},"thumbnailUrl":"https:\/\/radioportoseguro.com.br\/site\/wp-content\/uploads\/2026\/09\/bispo-venezuelano-libertado-cinco-anos-prisao.webp.webp","articleSection":["Gospel"],"inLanguage":"pt-BR"},{"@type":"WebPage","@id":"https:\/\/radioportoseguro.com.br\/site\/2026\/09\/04\/governo-da-venezuela-liberta-bispo-anglicano-apos-cinco-anos-de-prisao\/","url":"https:\/\/radioportoseguro.com.br\/site\/2026\/09\/04\/governo-da-venezuela-liberta-bispo-anglicano-apos-cinco-anos-de-prisao\/","name":"Governo da Venezuela liberta bispo anglicano ap\u00f3s cinco anos de pris\u00e3o - R\u00e1dio Porto Seguro","isPartOf":{"@id":"https:\/\/radioportoseguro.com.br\/site\/#website"},"primaryImageOfPage":{"@id":"https:\/\/radioportoseguro.com.br\/site\/2026\/09\/04\/governo-da-venezuela-liberta-bispo-anglicano-apos-cinco-anos-de-prisao\/#primaryimage"},"image":{"@id":"https:\/\/radioportoseguro.com.br\/site\/2026\/09\/04\/governo-da-venezuela-liberta-bispo-anglicano-apos-cinco-anos-de-prisao\/#primaryimage"},"thumbnailUrl":"https:\/\/radioportoseguro.com.br\/site\/wp-content\/uploads\/2026\/09\/bispo-venezuelano-libertado-cinco-anos-prisao.webp.webp","datePublished":"2026-09-04T11:21:45+00:00","author":{"@id":"https:\/\/radioportoseguro.com.br\/site\/#\/schema\/person\/7630acdc320186f13639d3c067ec089b"},"breadcrumb":{"@id":"https:\/\/radioportoseguro.com.br\/site\/2026\/09\/04\/governo-da-venezuela-liberta-bispo-anglicano-apos-cinco-anos-de-prisao\/#breadcrumb"},"inLanguage":"pt-BR","potentialAction":[{"@type":"ReadAction","target":["https:\/\/radioportoseguro.com.br\/site\/2026\/09\/04\/governo-da-venezuela-liberta-bispo-anglicano-apos-cinco-anos-de-prisao\/"]}]},{"@type":"ImageObject","inLanguage":"pt-BR","@id":"https:\/\/radioportoseguro.com.br\/site\/2026\/09\/04\/governo-da-venezuela-liberta-bispo-anglicano-apos-cinco-anos-de-prisao\/#primaryimage","url":"https:\/\/radioportoseguro.com.br\/site\/wp-content\/uploads\/2026\/09\/bispo-venezuelano-libertado-cinco-anos-prisao.webp.webp","contentUrl":"https:\/\/radioportoseguro.com.br\/site\/wp-content\/uploads\/2026\/09\/bispo-venezuelano-libertado-cinco-anos-prisao.webp.webp","width":662,"height":491},{"@type":"BreadcrumbList","@id":"https:\/\/radioportoseguro.com.br\/site\/2026\/09\/04\/governo-da-venezuela-liberta-bispo-anglicano-apos-cinco-anos-de-prisao\/#breadcrumb","itemListElement":[{"@type":"ListItem","position":1,"name":"In\u00edcio","item":"https:\/\/radioportoseguro.com.br\/site\/"},{"@type":"ListItem","position":2,"name":"Governo da Venezuela liberta bispo anglicano ap\u00f3s cinco anos de pris\u00e3o"}]},{"@type":"WebSite","@id":"https:\/\/radioportoseguro.com.br\/site\/#website","url":"https:\/\/radioportoseguro.com.br\/site\/","name":"R\u00e1dio Porto Seguro","description":"","potentialAction":[{"@type":"SearchAction","target":{"@type":"EntryPoint","urlTemplate":"https:\/\/radioportoseguro.com.br\/site\/?s={search_term_string}"},"query-input":{"@type":"PropertyValueSpecification","valueRequired":true,"valueName":"search_term_string"}}],"inLanguage":"pt-BR"},{"@type":"Person","@id":"https:\/\/radioportoseguro.com.br\/site\/#\/schema\/person\/7630acdc320186f13639d3c067ec089b","name":"admin","image":{"@type":"ImageObject","inLanguage":"pt-BR","@id":"https:\/\/radioportoseguro.com.br\/site\/#\/schema\/person\/image\/","url":"https:\/\/secure.gravatar.com\/avatar\/caacf4dc1eedb68fab0df8e1ed46c448e578b2466351bbcb61e47d2ac0caaef0?s=96&d=mm&r=g","contentUrl":"https:\/\/secure.gravatar.com\/avatar\/caacf4dc1eedb68fab0df8e1ed46c448e578b2466351bbcb61e47d2ac0caaef0?s=96&d=mm&r=g","caption":"admin"},"sameAs":["https:\/\/radioportoseguro.com.br\/site"],"url":"https:\/\/radioportoseguro.com.br\/site\/author\/hezio\/"}]}},"_links":{"self":[{"href":"https:\/\/radioportoseguro.com.br\/site\/wp-json\/wp\/v2\/posts\/10881","targetHints":{"allow":["GET"]}}],"collection":[{"href":"https:\/\/radioportoseguro.com.br\/site\/wp-json\/wp\/v2\/posts"}],"about":[{"href":"https:\/\/radioportoseguro.com.br\/site\/wp-json\/wp\/v2\/types\/post"}],"author":[{"embeddable":true,"href":"https:\/\/radioportoseguro.com.br\/site\/wp-json\/wp\/v2\/users\/1"}],"replies":[{"embeddable":true,"href":"https:\/\/radioportoseguro.com.br\/site\/wp-json\/wp\/v2\/comments?post=10881"}],"version-history":[{"count":0,"href":"https:\/\/radioportoseguro.com.br\/site\/wp-json\/wp\/v2\/posts\/10881\/revisions"}],"wp:featuredmedia":[{"embeddable":true,"href":"https:\/\/radioportoseguro.com.br\/site\/wp-json\/wp\/v2\/media\/10882"}],"wp:attachment":[{"href":"https:\/\/radioportoseguro.com.br\/site\/wp-json\/wp\/v2\/media?parent=10881"}],"wp:term":[{"taxonomy":"category","embeddable":true,"href":"https:\/\/radioportoseguro.com.br\/site\/wp-json\/wp\/v2\/categories?post=10881"},{"taxonomy":"post_tag","embeddable":true,"href":"https:\/\/radioportoseguro.com.br\/site\/wp-json\/wp\/v2\/tags?post=10881"}],"curies":[{"name":"wp","href":"https:\/\/api.w.org\/{rel}","templated":true}]}}