{"id":10883,"date":"2026-09-04T09:33:40","date_gmt":"2026-09-04T12:33:40","guid":{"rendered":"https:\/\/radioportoseguro.com.br\/site\/2026\/09\/04\/muculmano-que-planejava-incendiar-igreja-com-cristaos-se-converte-apos-sonhar-com-jesus\/"},"modified":"2026-09-04T09:33:40","modified_gmt":"2026-09-04T12:33:40","slug":"muculmano-que-planejava-incendiar-igreja-com-cristaos-se-converte-apos-sonhar-com-jesus","status":"publish","type":"post","link":"https:\/\/radioportoseguro.com.br\/site\/2026\/09\/04\/muculmano-que-planejava-incendiar-igreja-com-cristaos-se-converte-apos-sonhar-com-jesus\/","title":{"rendered":"Mu\u00e7ulmano que planejava incendiar igreja com crist\u00e3os se converte ap\u00f3s sonhar com Jesus"},"content":{"rendered":"<p><br \/>\n<br \/><\/p>\n<div>\n<p><span style=\"font-weight: 400;\">Um ex-l\u00edder <\/span><span style=\"color: #993300;\"><strong>mu\u00e7ulmano<\/strong><\/span><span style=\"font-weight: 400;\"> que chegou a planejar incendiar uma igreja se converteu ao cristianismo ap\u00f3s sonhar com Jesus. Hoje, ele dedica sua vida a falar de Cristo nas redes sociais e a evangelizar outros mu\u00e7ulmanos.\u00a0<\/span><\/p>\n<p><span style=\"font-weight: 400;\">H\u00e1 17 anos, Abdu* era um l\u00edder mu\u00e7ulmano (im\u00e3)\u00a0<\/span><span style=\"font-weight: 400;\">e acreditava que os crist\u00e3os eram seus inimigos. Motivado a matar os seguidores de Jesus, ele e outros homens de sua comunidade planejaram colocar fogo em uma igreja local enquanto os crist\u00e3os estivessem dentro.<\/span><\/p>\n<p><span style=\"font-weight: 400;\">No entanto, poucos dias antes de executar o plano, Abdu teve um sonho que mudou completamente sua vida.<\/span><\/p>\n<p><span style=\"font-weight: 400;\">No sonho, Jesus lhe fez perguntas em \u00e1rabe sobre o Alcor\u00e3o. Mesmo sendo um l\u00edder e professor, Abdu n\u00e3o conseguiu responder \u00e0s perguntas.\u00a0<\/span><\/p>\n<p><span style=\"font-weight: 400;\">Depois disso, ele come\u00e7ou a buscar respostas e passou a estudar a B\u00edblia. Tempos depois, Abdu se rendeu a Jesus. Por\u00e9m, precisava manter a f\u00e9 em segredo.<\/span><\/p>\n<p><span style=\"font-weight: 400;\">\u201cSe minha f\u00e9 se tornasse conhecida, eu poderia ser morto\u201c, disse ele \u00e0 miss\u00e3o <\/span><span style=\"color: #993300;\"><strong>Portas Abertas<\/strong><\/span><span style=\"font-weight: 400;\">.<\/span><\/p>\n<p><strong>De im\u00e3 a seguidor de Jesus<\/strong><\/p>\n<p><span style=\"font-weight: 400;\">Mesmo depois de sua convers\u00e3o, Abdu continuou atuando como im\u00e3 por um per\u00edodo para evitar suspeitas. Mas sua mudan\u00e7a come\u00e7ou a aparecer nas prega\u00e7\u00f5es nas mesquitas.<\/span><\/p>\n<p><span style=\"font-weight: 400;\">Ele passou a falar sobre Isa, nome de Jesus no Alcor\u00e3o, de uma maneira diferente, despertando a curiosidade dos mu\u00e7ulmanos que o ouviam.<\/span><\/p>\n<p><span style=\"font-weight: 400;\">Segundo Abdu, alguns de seus pr\u00f3prios alunos come\u00e7aram a conhecer o cristianismo depois de ouvir suas mensagens.<\/span><\/p>\n<p><span style=\"font-weight: 400;\">\u201c\u00c0s sextas-feiras, eu pregava e, aos domingos, eles iam \u00e0s igrejas movidos pela curiosidade. Em quatro meses, 62 dos meus alunos de Alcor\u00e3o passaram a crer em Jesus\u201d, afirmou ele.<\/span><span style=\"font-weight: 400;\"><br \/><\/span><\/p>\n<p><span style=\"font-weight: 400;\">\u00c0 medida que mais mu\u00e7ulmanos se buscavam saber mais sobre Jesus, o risco de Abdu ser descoberto aumentava. Para se proteger, ele chegou a fugir para o Qu\u00eania, mas decidiu retornar pouco tempo depois para contar \u00e0 fam\u00edlia que havia se tornado crist\u00e3o.<\/span><\/p>\n<p><span style=\"font-weight: 400;\">Ao ouvirem seu testemunho, 36 familiares decidiram seguir a Jesus. Com o tempo, o testemunho de Abdu chamou a aten\u00e7\u00e3o da comunidade.<\/span><\/p>\n<p><span style=\"font-weight: 400;\">\u201cAgira, a \u00e1rea onde moramos \u00e9 conhecida como o \u2018bairro crist\u00e3o\u2019\u201d, relatou ele.<\/span><\/p>\n<p><strong>\u2018Tenho uma responsabilidade com Jesus\u2019<\/strong><\/p>\n<p><span style=\"font-weight: 400;\">Apesar dos frutos, a transforma\u00e7\u00e3o de Abdu tamb\u00e9m provocou uma onda de viol\u00eancia na comunidade. Depois que sua convers\u00e3o se tornou conhecida, ele passou a sofrer agress\u00f5es, amea\u00e7as e persegui\u00e7\u00e3o.<\/span><\/p>\n<p><span style=\"font-weight: 400;\">\u201cQuando descobriram que eu havia me convertido ao cristianismo, eles me bateram com varas. Perdi a conta de quantas vezes\u201d, contou ele.\u00a0<\/span><\/p>\n<p><span style=\"font-weight: 400;\">E continuou: \u201cV\u00e1rias vezes, eles me prenderam sob falsas acusa\u00e7\u00f5es. Eles vieram \u00e0 minha casa e levaram meus pertences. Incitaram meu assassinato no r\u00e1dio. Publicaram minha foto e meu n\u00famero de telefone no Facebook para que as pessoas pudessem me matar\u201d.<\/span><\/p>\n<p><span style=\"font-weight: 400;\">Mesmo diante das amea\u00e7as, Abdu n\u00e3o deixou de falar sobre Jesus. H\u00e1 oito anos, ele atua como evangelista nas redes sociais.\u00a0<\/span><\/p>\n<p><span style=\"font-weight: 400;\">Atualmente, o TikTok se tornou uma das principais ferramentas usadas por Abdu para pregar o Evangelho e atrair mu\u00e7ulmanos.<\/span><\/p>\n<p><span style=\"font-weight: 400;\">Com um conte\u00fado simples e sem grandes produ\u00e7\u00f5es ou recursos elaborados, ele alcan\u00e7a milhares de pessoas.<\/span><\/p>\n<p><span style=\"font-weight: 400;\">Hoje, ele tem mais de 150 mil seguidores na plataforma e afirma: \u201cTodos os dias, as pessoas entram em contato comigo e dizem: \u2018Por meio do seu testemunho, encontrei Jesus\u2019 ou \u2018Mostrei seu v\u00eddeo aos meus pais, \u00e0 minha fam\u00edlia, e eles aceitaram Jesus\u2019\u201d.<\/span><\/p>\n<p><span style=\"font-weight: 400;\">Ele acredita que mais de 10 mil mu\u00e7ulmanos tenham aceitado Jesus por meio de seu testemunho.\u00a0<\/span><\/p>\n<p><span style=\"font-weight: 400;\">A exposi\u00e7\u00e3o nas redes sociais, tamb\u00e9m aumentou os riscos para se manter em seguran\u00e7a. Por isso, quando est\u00e1 em p\u00fablico, Abdu esconde sua identidade.<\/span><\/p>\n<p><span style=\"font-weight: 400;\">Mesmo enfrentando agress\u00f5es e amea\u00e7as, ele continua viajando para discipular crist\u00e3os de origem mu\u00e7ulmana e treinar novos l\u00edderes.\u00a0<\/span><\/p>\n<p><span style=\"font-weight: 400;\">Al\u00e9m disso, Abdu tamb\u00e9m lidera uma equipe que envia evangelistas para diferentes regi\u00f5es de maioria mu\u00e7ulmana.<\/span><\/p>\n<p><span style=\"font-weight: 400;\">\u201cEspero ser morto todos os dias. Mas, se eu parar meu minist\u00e9rio, pessoas se perder\u00e3o. Tenho uma responsabilidade com Jesus\u201d, concluiu.<\/span><\/p>\n<\/div>\n<p><br \/>\n<br \/>Fonte: Guiame <\/p>\n","protected":false},"excerpt":{"rendered":"<p>Um ex-l\u00edder mu\u00e7ulmano que chegou a planejar incendiar uma igreja se converteu ao cristianismo ap\u00f3s sonhar com Jesus. Hoje, ele dedica sua vida a falar de Cristo nas redes sociais e a evangelizar outros mu\u00e7ulmanos.\u00a0 H\u00e1 17 anos, Abdu* era um l\u00edder mu\u00e7ulmano (im\u00e3)\u00a0e acreditava que os crist\u00e3os eram seus inimigos. Motivado a matar os [&hellip;]<\/p>\n","protected":false},"author":1,"featured_media":10884,"comment_status":"","ping_status":"open","sticky":false,"template":"","format":"standard","meta":{"footnotes":""},"categories":[43],"tags":[],"class_list":["post-10883","post","type-post","status-publish","format-standard","has-post-thumbnail","hentry","category-destaques"],"yoast_head":"<!-- This site is optimized with the Yoast SEO plugin v26.8 - https:\/\/yoast.com\/product\/yoast-seo-wordpress\/ -->\n<title>Mu\u00e7ulmano que planejava incendiar igreja com crist\u00e3os se converte ap\u00f3s sonhar com Jesus - R\u00e1dio Porto Seguro<\/title>\n<meta name=\"robots\" content=\"index, follow, max-snippet:-1, max-image-preview:large, max-video-preview:-1\" \/>\n<link rel=\"canonical\" href=\"https:\/\/radioportoseguro.com.br\/site\/2026\/09\/04\/muculmano-que-planejava-incendiar-igreja-com-cristaos-se-converte-apos-sonhar-com-jesus\/\" \/>\n<meta property=\"og:locale\" content=\"pt_BR\" \/>\n<meta property=\"og:type\" content=\"article\" \/>\n<meta property=\"og:title\" content=\"Mu\u00e7ulmano que planejava incendiar igreja com crist\u00e3os se converte ap\u00f3s sonhar com Jesus - R\u00e1dio Porto Seguro\" \/>\n<meta property=\"og:description\" content=\"Um ex-l\u00edder mu\u00e7ulmano que chegou a planejar incendiar uma igreja se converteu ao cristianismo ap\u00f3s sonhar com Jesus. Hoje, ele dedica sua vida a falar de Cristo nas redes sociais e a evangelizar outros mu\u00e7ulmanos.\u00a0 H\u00e1 17 anos, Abdu* era um l\u00edder mu\u00e7ulmano (im\u00e3)\u00a0e acreditava que os crist\u00e3os eram seus inimigos. Motivado a matar os [&hellip;]\" \/>\n<meta property=\"og:url\" content=\"https:\/\/radioportoseguro.com.br\/site\/2026\/09\/04\/muculmano-que-planejava-incendiar-igreja-com-cristaos-se-converte-apos-sonhar-com-jesus\/\" \/>\n<meta property=\"og:site_name\" content=\"R\u00e1dio Porto Seguro\" \/>\n<meta property=\"article:published_time\" content=\"2026-09-04T12:33:40+00:00\" \/>\n<meta property=\"og:image\" content=\"https:\/\/media.guiame.com.br\/archives\/2026\/09\/01\/1245765198-abdu.jpeg\" \/>\n<meta name=\"author\" content=\"admin\" \/>\n<meta name=\"twitter:card\" content=\"summary_large_image\" \/>\n<meta name=\"twitter:label1\" content=\"Escrito por\" \/>\n\t<meta name=\"twitter:data1\" content=\"admin\" \/>\n\t<meta name=\"twitter:label2\" content=\"Est. tempo de leitura\" \/>\n\t<meta name=\"twitter:data2\" content=\"3 minutos\" \/>\n<script type=\"application\/ld+json\" class=\"yoast-schema-graph\">{\"@context\":\"https:\/\/schema.org\",\"@graph\":[{\"@type\":\"Article\",\"@id\":\"https:\/\/radioportoseguro.com.br\/site\/2026\/09\/04\/muculmano-que-planejava-incendiar-igreja-com-cristaos-se-converte-apos-sonhar-com-jesus\/#article\",\"isPartOf\":{\"@id\":\"https:\/\/radioportoseguro.com.br\/site\/2026\/09\/04\/muculmano-que-planejava-incendiar-igreja-com-cristaos-se-converte-apos-sonhar-com-jesus\/\"},\"author\":{\"name\":\"admin\",\"@id\":\"https:\/\/radioportoseguro.com.br\/site\/#\/schema\/person\/7630acdc320186f13639d3c067ec089b\"},\"headline\":\"Mu\u00e7ulmano que planejava incendiar igreja com crist\u00e3os se converte ap\u00f3s sonhar com Jesus\",\"datePublished\":\"2026-09-04T12:33:40+00:00\",\"mainEntityOfPage\":{\"@id\":\"https:\/\/radioportoseguro.com.br\/site\/2026\/09\/04\/muculmano-que-planejava-incendiar-igreja-com-cristaos-se-converte-apos-sonhar-com-jesus\/\"},\"wordCount\":710,\"image\":{\"@id\":\"https:\/\/radioportoseguro.com.br\/site\/2026\/09\/04\/muculmano-que-planejava-incendiar-igreja-com-cristaos-se-converte-apos-sonhar-com-jesus\/#primaryimage\"},\"thumbnailUrl\":\"https:\/\/radioportoseguro.com.br\/site\/wp-content\/uploads\/2026\/09\/1245765198-abdu.jpeg\",\"articleSection\":[\"Destaques\"],\"inLanguage\":\"pt-BR\"},{\"@type\":\"WebPage\",\"@id\":\"https:\/\/radioportoseguro.com.br\/site\/2026\/09\/04\/muculmano-que-planejava-incendiar-igreja-com-cristaos-se-converte-apos-sonhar-com-jesus\/\",\"url\":\"https:\/\/radioportoseguro.com.br\/site\/2026\/09\/04\/muculmano-que-planejava-incendiar-igreja-com-cristaos-se-converte-apos-sonhar-com-jesus\/\",\"name\":\"Mu\u00e7ulmano que planejava incendiar igreja com crist\u00e3os se converte ap\u00f3s sonhar com Jesus - R\u00e1dio Porto Seguro\",\"isPartOf\":{\"@id\":\"https:\/\/radioportoseguro.com.br\/site\/#website\"},\"primaryImageOfPage\":{\"@id\":\"https:\/\/radioportoseguro.com.br\/site\/2026\/09\/04\/muculmano-que-planejava-incendiar-igreja-com-cristaos-se-converte-apos-sonhar-com-jesus\/#primaryimage\"},\"image\":{\"@id\":\"https:\/\/radioportoseguro.com.br\/site\/2026\/09\/04\/muculmano-que-planejava-incendiar-igreja-com-cristaos-se-converte-apos-sonhar-com-jesus\/#primaryimage\"},\"thumbnailUrl\":\"https:\/\/radioportoseguro.com.br\/site\/wp-content\/uploads\/2026\/09\/1245765198-abdu.jpeg\",\"datePublished\":\"2026-09-04T12:33:40+00:00\",\"author\":{\"@id\":\"https:\/\/radioportoseguro.com.br\/site\/#\/schema\/person\/7630acdc320186f13639d3c067ec089b\"},\"breadcrumb\":{\"@id\":\"https:\/\/radioportoseguro.com.br\/site\/2026\/09\/04\/muculmano-que-planejava-incendiar-igreja-com-cristaos-se-converte-apos-sonhar-com-jesus\/#breadcrumb\"},\"inLanguage\":\"pt-BR\",\"potentialAction\":[{\"@type\":\"ReadAction\",\"target\":[\"https:\/\/radioportoseguro.com.br\/site\/2026\/09\/04\/muculmano-que-planejava-incendiar-igreja-com-cristaos-se-converte-apos-sonhar-com-jesus\/\"]}]},{\"@type\":\"ImageObject\",\"inLanguage\":\"pt-BR\",\"@id\":\"https:\/\/radioportoseguro.com.br\/site\/2026\/09\/04\/muculmano-que-planejava-incendiar-igreja-com-cristaos-se-converte-apos-sonhar-com-jesus\/#primaryimage\",\"url\":\"https:\/\/radioportoseguro.com.br\/site\/wp-content\/uploads\/2026\/09\/1245765198-abdu.jpeg\",\"contentUrl\":\"https:\/\/radioportoseguro.com.br\/site\/wp-content\/uploads\/2026\/09\/1245765198-abdu.jpeg\",\"width\":1200,\"height\":600},{\"@type\":\"BreadcrumbList\",\"@id\":\"https:\/\/radioportoseguro.com.br\/site\/2026\/09\/04\/muculmano-que-planejava-incendiar-igreja-com-cristaos-se-converte-apos-sonhar-com-jesus\/#breadcrumb\",\"itemListElement\":[{\"@type\":\"ListItem\",\"position\":1,\"name\":\"In\u00edcio\",\"item\":\"https:\/\/radioportoseguro.com.br\/site\/\"},{\"@type\":\"ListItem\",\"position\":2,\"name\":\"Mu\u00e7ulmano que planejava incendiar igreja com crist\u00e3os se converte ap\u00f3s sonhar com Jesus\"}]},{\"@type\":\"WebSite\",\"@id\":\"https:\/\/radioportoseguro.com.br\/site\/#website\",\"url\":\"https:\/\/radioportoseguro.com.br\/site\/\",\"name\":\"R\u00e1dio Porto Seguro\",\"description\":\"\",\"potentialAction\":[{\"@type\":\"SearchAction\",\"target\":{\"@type\":\"EntryPoint\",\"urlTemplate\":\"https:\/\/radioportoseguro.com.br\/site\/?s={search_term_string}\"},\"query-input\":{\"@type\":\"PropertyValueSpecification\",\"valueRequired\":true,\"valueName\":\"search_term_string\"}}],\"inLanguage\":\"pt-BR\"},{\"@type\":\"Person\",\"@id\":\"https:\/\/radioportoseguro.com.br\/site\/#\/schema\/person\/7630acdc320186f13639d3c067ec089b\",\"name\":\"admin\",\"image\":{\"@type\":\"ImageObject\",\"inLanguage\":\"pt-BR\",\"@id\":\"https:\/\/radioportoseguro.com.br\/site\/#\/schema\/person\/image\/\",\"url\":\"https:\/\/secure.gravatar.com\/avatar\/caacf4dc1eedb68fab0df8e1ed46c448e578b2466351bbcb61e47d2ac0caaef0?s=96&d=mm&r=g\",\"contentUrl\":\"https:\/\/secure.gravatar.com\/avatar\/caacf4dc1eedb68fab0df8e1ed46c448e578b2466351bbcb61e47d2ac0caaef0?s=96&d=mm&r=g\",\"caption\":\"admin\"},\"sameAs\":[\"https:\/\/radioportoseguro.com.br\/site\"],\"url\":\"https:\/\/radioportoseguro.com.br\/site\/author\/hezio\/\"}]}<\/script>\n<!-- \/ Yoast SEO plugin. -->","yoast_head_json":{"title":"Mu\u00e7ulmano que planejava incendiar igreja com crist\u00e3os se converte ap\u00f3s sonhar com Jesus - R\u00e1dio Porto Seguro","robots":{"index":"index","follow":"follow","max-snippet":"max-snippet:-1","max-image-preview":"max-image-preview:large","max-video-preview":"max-video-preview:-1"},"canonical":"https:\/\/radioportoseguro.com.br\/site\/2026\/09\/04\/muculmano-que-planejava-incendiar-igreja-com-cristaos-se-converte-apos-sonhar-com-jesus\/","og_locale":"pt_BR","og_type":"article","og_title":"Mu\u00e7ulmano que planejava incendiar igreja com crist\u00e3os se converte ap\u00f3s sonhar com Jesus - R\u00e1dio Porto Seguro","og_description":"Um ex-l\u00edder mu\u00e7ulmano que chegou a planejar incendiar uma igreja se converteu ao cristianismo ap\u00f3s sonhar com Jesus. Hoje, ele dedica sua vida a falar de Cristo nas redes sociais e a evangelizar outros mu\u00e7ulmanos.\u00a0 H\u00e1 17 anos, Abdu* era um l\u00edder mu\u00e7ulmano (im\u00e3)\u00a0e acreditava que os crist\u00e3os eram seus inimigos. Motivado a matar os [&hellip;]","og_url":"https:\/\/radioportoseguro.com.br\/site\/2026\/09\/04\/muculmano-que-planejava-incendiar-igreja-com-cristaos-se-converte-apos-sonhar-com-jesus\/","og_site_name":"R\u00e1dio Porto Seguro","article_published_time":"2026-09-04T12:33:40+00:00","og_image":[{"url":"https:\/\/media.guiame.com.br\/archives\/2026\/09\/01\/1245765198-abdu.jpeg","type":"","width":"","height":""}],"author":"admin","twitter_card":"summary_large_image","twitter_misc":{"Escrito por":"admin","Est. tempo de leitura":"3 minutos"},"schema":{"@context":"https:\/\/schema.org","@graph":[{"@type":"Article","@id":"https:\/\/radioportoseguro.com.br\/site\/2026\/09\/04\/muculmano-que-planejava-incendiar-igreja-com-cristaos-se-converte-apos-sonhar-com-jesus\/#article","isPartOf":{"@id":"https:\/\/radioportoseguro.com.br\/site\/2026\/09\/04\/muculmano-que-planejava-incendiar-igreja-com-cristaos-se-converte-apos-sonhar-com-jesus\/"},"author":{"name":"admin","@id":"https:\/\/radioportoseguro.com.br\/site\/#\/schema\/person\/7630acdc320186f13639d3c067ec089b"},"headline":"Mu\u00e7ulmano que planejava incendiar igreja com crist\u00e3os se converte ap\u00f3s sonhar com Jesus","datePublished":"2026-09-04T12:33:40+00:00","mainEntityOfPage":{"@id":"https:\/\/radioportoseguro.com.br\/site\/2026\/09\/04\/muculmano-que-planejava-incendiar-igreja-com-cristaos-se-converte-apos-sonhar-com-jesus\/"},"wordCount":710,"image":{"@id":"https:\/\/radioportoseguro.com.br\/site\/2026\/09\/04\/muculmano-que-planejava-incendiar-igreja-com-cristaos-se-converte-apos-sonhar-com-jesus\/#primaryimage"},"thumbnailUrl":"https:\/\/radioportoseguro.com.br\/site\/wp-content\/uploads\/2026\/09\/1245765198-abdu.jpeg","articleSection":["Destaques"],"inLanguage":"pt-BR"},{"@type":"WebPage","@id":"https:\/\/radioportoseguro.com.br\/site\/2026\/09\/04\/muculmano-que-planejava-incendiar-igreja-com-cristaos-se-converte-apos-sonhar-com-jesus\/","url":"https:\/\/radioportoseguro.com.br\/site\/2026\/09\/04\/muculmano-que-planejava-incendiar-igreja-com-cristaos-se-converte-apos-sonhar-com-jesus\/","name":"Mu\u00e7ulmano que planejava incendiar igreja com crist\u00e3os se converte ap\u00f3s sonhar com Jesus - R\u00e1dio Porto Seguro","isPartOf":{"@id":"https:\/\/radioportoseguro.com.br\/site\/#website"},"primaryImageOfPage":{"@id":"https:\/\/radioportoseguro.com.br\/site\/2026\/09\/04\/muculmano-que-planejava-incendiar-igreja-com-cristaos-se-converte-apos-sonhar-com-jesus\/#primaryimage"},"image":{"@id":"https:\/\/radioportoseguro.com.br\/site\/2026\/09\/04\/muculmano-que-planejava-incendiar-igreja-com-cristaos-se-converte-apos-sonhar-com-jesus\/#primaryimage"},"thumbnailUrl":"https:\/\/radioportoseguro.com.br\/site\/wp-content\/uploads\/2026\/09\/1245765198-abdu.jpeg","datePublished":"2026-09-04T12:33:40+00:00","author":{"@id":"https:\/\/radioportoseguro.com.br\/site\/#\/schema\/person\/7630acdc320186f13639d3c067ec089b"},"breadcrumb":{"@id":"https:\/\/radioportoseguro.com.br\/site\/2026\/09\/04\/muculmano-que-planejava-incendiar-igreja-com-cristaos-se-converte-apos-sonhar-com-jesus\/#breadcrumb"},"inLanguage":"pt-BR","potentialAction":[{"@type":"ReadAction","target":["https:\/\/radioportoseguro.com.br\/site\/2026\/09\/04\/muculmano-que-planejava-incendiar-igreja-com-cristaos-se-converte-apos-sonhar-com-jesus\/"]}]},{"@type":"ImageObject","inLanguage":"pt-BR","@id":"https:\/\/radioportoseguro.com.br\/site\/2026\/09\/04\/muculmano-que-planejava-incendiar-igreja-com-cristaos-se-converte-apos-sonhar-com-jesus\/#primaryimage","url":"https:\/\/radioportoseguro.com.br\/site\/wp-content\/uploads\/2026\/09\/1245765198-abdu.jpeg","contentUrl":"https:\/\/radioportoseguro.com.br\/site\/wp-content\/uploads\/2026\/09\/1245765198-abdu.jpeg","width":1200,"height":600},{"@type":"BreadcrumbList","@id":"https:\/\/radioportoseguro.com.br\/site\/2026\/09\/04\/muculmano-que-planejava-incendiar-igreja-com-cristaos-se-converte-apos-sonhar-com-jesus\/#breadcrumb","itemListElement":[{"@type":"ListItem","position":1,"name":"In\u00edcio","item":"https:\/\/radioportoseguro.com.br\/site\/"},{"@type":"ListItem","position":2,"name":"Mu\u00e7ulmano que planejava incendiar igreja com crist\u00e3os se converte ap\u00f3s sonhar com Jesus"}]},{"@type":"WebSite","@id":"https:\/\/radioportoseguro.com.br\/site\/#website","url":"https:\/\/radioportoseguro.com.br\/site\/","name":"R\u00e1dio Porto Seguro","description":"","potentialAction":[{"@type":"SearchAction","target":{"@type":"EntryPoint","urlTemplate":"https:\/\/radioportoseguro.com.br\/site\/?s={search_term_string}"},"query-input":{"@type":"PropertyValueSpecification","valueRequired":true,"valueName":"search_term_string"}}],"inLanguage":"pt-BR"},{"@type":"Person","@id":"https:\/\/radioportoseguro.com.br\/site\/#\/schema\/person\/7630acdc320186f13639d3c067ec089b","name":"admin","image":{"@type":"ImageObject","inLanguage":"pt-BR","@id":"https:\/\/radioportoseguro.com.br\/site\/#\/schema\/person\/image\/","url":"https:\/\/secure.gravatar.com\/avatar\/caacf4dc1eedb68fab0df8e1ed46c448e578b2466351bbcb61e47d2ac0caaef0?s=96&d=mm&r=g","contentUrl":"https:\/\/secure.gravatar.com\/avatar\/caacf4dc1eedb68fab0df8e1ed46c448e578b2466351bbcb61e47d2ac0caaef0?s=96&d=mm&r=g","caption":"admin"},"sameAs":["https:\/\/radioportoseguro.com.br\/site"],"url":"https:\/\/radioportoseguro.com.br\/site\/author\/hezio\/"}]}},"_links":{"self":[{"href":"https:\/\/radioportoseguro.com.br\/site\/wp-json\/wp\/v2\/posts\/10883","targetHints":{"allow":["GET"]}}],"collection":[{"href":"https:\/\/radioportoseguro.com.br\/site\/wp-json\/wp\/v2\/posts"}],"about":[{"href":"https:\/\/radioportoseguro.com.br\/site\/wp-json\/wp\/v2\/types\/post"}],"author":[{"embeddable":true,"href":"https:\/\/radioportoseguro.com.br\/site\/wp-json\/wp\/v2\/users\/1"}],"replies":[{"embeddable":true,"href":"https:\/\/radioportoseguro.com.br\/site\/wp-json\/wp\/v2\/comments?post=10883"}],"version-history":[{"count":0,"href":"https:\/\/radioportoseguro.com.br\/site\/wp-json\/wp\/v2\/posts\/10883\/revisions"}],"wp:featuredmedia":[{"embeddable":true,"href":"https:\/\/radioportoseguro.com.br\/site\/wp-json\/wp\/v2\/media\/10884"}],"wp:attachment":[{"href":"https:\/\/radioportoseguro.com.br\/site\/wp-json\/wp\/v2\/media?parent=10883"}],"wp:term":[{"taxonomy":"category","embeddable":true,"href":"https:\/\/radioportoseguro.com.br\/site\/wp-json\/wp\/v2\/categories?post=10883"},{"taxonomy":"post_tag","embeddable":true,"href":"https:\/\/radioportoseguro.com.br\/site\/wp-json\/wp\/v2\/tags?post=10883"}],"curies":[{"name":"wp","href":"https:\/\/api.w.org\/{rel}","templated":true}]}}