{"id":10924,"date":"2026-09-05T13:53:25","date_gmt":"2026-09-05T16:53:25","guid":{"rendered":"https:\/\/radioportoseguro.com.br\/site\/2026\/09\/05\/entre-a-ansiedade-e-a-abertura-ao-misterio\/"},"modified":"2026-09-05T13:53:25","modified_gmt":"2026-09-05T16:53:25","slug":"entre-a-ansiedade-e-a-abertura-ao-misterio","status":"publish","type":"post","link":"https:\/\/radioportoseguro.com.br\/site\/2026\/09\/05\/entre-a-ansiedade-e-a-abertura-ao-misterio\/","title":{"rendered":"Entre a ansiedade e a abertura ao mist\u00e9rio"},"content":{"rendered":"<p><br \/>\n<br \/><\/p>\n<div>\n<p>H\u00e1 uma diferen\u00e7a delicada entre viver antecipando o futuro e viver aberto ao que vem. Na ansiedade, nossa consci\u00eancia parece abandonar o presente para habitar futuros imaginados. O \u201ceu\u201d tenta prever acontecimentos, calcular possibilidades, evitar perdas e preparar respostas para aquilo que ainda nem chegou. O amanh\u00e3 torna-se uma preocupa\u00e7\u00e3o experimentada hoje. Assim, paradoxalmente, na tentativa de controlar a vida, podemos deixar de viv\u00ea-la.<\/p>\n<p>Outra postura existencial torna-se poss\u00edvel quando consentimos em permanecer no presente e reconhecemos que nem tudo o que nos acontece pode ser previsto, explicado ou controlado. Trata-se de uma abertura ao novo, ao inesperado, ao inimaginado. \u00c9 uma abertura para o novo e para o desconhecido, ampliando uma exist\u00eancia mais aut\u00eantica e integrada. Quando essa postura \u00e9 ativada em n\u00f3s algo desperta para a abertura a mudan\u00e7as, ressignifica\u00e7\u00f5es e transforma\u00e7\u00f5es.<\/p>\n<p>Nesse horizonte, acontece uma passagem sutil do \u201ceu\u201d para o \u201cme\u201d. O \u201ceu\u201d deseja ser protagonista: articula, planeja, controla, interpreta e performa. Mas a vida tamb\u00e9m se apresenta de outra maneira, para muito al\u00e9m do protagonismo do \u201ceu\u201d, pois: algo \u201cme\u201d acontece. Algo chega a mim independente de nomea\u00e7\u00e3o, classifica\u00e7\u00e3o, quantifica\u00e7\u00e3o, qualifica\u00e7\u00e3o, compara\u00e7\u00e3o ou encaixe em alguma categoria conhecida.<\/p>\n<p>Essa abertura n\u00e3o significa passividade nem abandono da responsabilidade. Significa reconhecer humildemente os limites do controle e entregar-se relaxadamente para receber o novo que est\u00e1 a caminho. \u00c9 permanecer inteiro diante do instante e permitir que a realidade tamb\u00e9m tenha iniciativa sobre n\u00f3s. N\u00e3o \u00e9 o \u201ceu\u201d que ir\u00e1 resolver no hoje tudo que est\u00e1 no futuro. No agora, algo \u201c me\u201d acontece como evento de gra\u00e7a.<\/p>\n<p>Talvez viver plenamente seja justamente aprender essa confian\u00e7a: n\u00e3o exigir que o futuro se torne conhecido antes de chegar, mas estar presente para receb\u00ea-lo \u00e0 medida que chega. O mist\u00e9rio, ent\u00e3o, deixa de ser amea\u00e7a a ser dominada e torna-se horizonte a ser descoberto. E o presente deixa de ser apenas passagem para transformar-se no lugar onde a vida, verdadeiramente, acontece.<\/p>\n<p>____<\/p>\n<p><em>Texto de Carlos Jos\u00e9 Hern\u00e1ndez (psiquiatra argentino, doutor em medicina) e Clarice Ebert (psic\u00f3loga &#8211; CRP08-14-038, terapeuta familiar e de casais e mestre em teologia).<\/em><\/p>\n<p>\u00a0<\/p>\n<p><strong>Clarice Ebert<\/strong> (@clariceebert) \u00e9 psic\u00f3loga (CRP0814038), Terapeuta Familiar, Mestre em Teologia, Professora, Palestrante, Escritora. S\u00f3cia do Instituto Phileo de Psicologia, onde atua como profissional da psicologia em atendimentos presenciais e online (individual, de casal e de fam\u00edlia). Membro e docente de EIRENE do Brasil.<\/p>\n<p><em>* O conte\u00fado do texto acima \u00e9 uma colabora\u00e7\u00e3o volunt\u00e1ria, de total responsabilidade do autor e n\u00e3o reflete necessariamente a opini\u00e3o do Portal Guiame.<\/em><\/p>\n<p>Leia o artigo anterior: <span style=\"color: #800000;\"><strong>Quando a f\u00e9 \u00e9 usada para justificar o abuso<\/strong><\/span><\/p>\n<\/div>\n<p><br \/>\n<br \/>Fonte: Guiame <\/p>\n","protected":false},"excerpt":{"rendered":"<p>H\u00e1 uma diferen\u00e7a delicada entre viver antecipando o futuro e viver aberto ao que vem. Na ansiedade, nossa consci\u00eancia parece abandonar o presente para habitar futuros imaginados. O \u201ceu\u201d tenta prever acontecimentos, calcular possibilidades, evitar perdas e preparar respostas para aquilo que ainda nem chegou. O amanh\u00e3 torna-se uma preocupa\u00e7\u00e3o experimentada hoje. Assim, paradoxalmente, na [&hellip;]<\/p>\n","protected":false},"author":1,"featured_media":10925,"comment_status":"","ping_status":"open","sticky":false,"template":"","format":"standard","meta":{"footnotes":""},"categories":[43],"tags":[],"class_list":["post-10924","post","type-post","status-publish","format-standard","has-post-thumbnail","hentry","category-destaques"],"yoast_head":"<!-- This site is optimized with the Yoast SEO plugin v26.8 - https:\/\/yoast.com\/product\/yoast-seo-wordpress\/ -->\n<title>Entre a ansiedade e a abertura ao mist\u00e9rio - R\u00e1dio Porto Seguro<\/title>\n<meta name=\"robots\" content=\"index, follow, max-snippet:-1, max-image-preview:large, max-video-preview:-1\" \/>\n<link rel=\"canonical\" href=\"https:\/\/radioportoseguro.com.br\/site\/2026\/09\/05\/entre-a-ansiedade-e-a-abertura-ao-misterio\/\" \/>\n<meta property=\"og:locale\" content=\"pt_BR\" \/>\n<meta property=\"og:type\" content=\"article\" \/>\n<meta property=\"og:title\" content=\"Entre a ansiedade e a abertura ao mist\u00e9rio - R\u00e1dio Porto Seguro\" \/>\n<meta property=\"og:description\" content=\"H\u00e1 uma diferen\u00e7a delicada entre viver antecipando o futuro e viver aberto ao que vem. Na ansiedade, nossa consci\u00eancia parece abandonar o presente para habitar futuros imaginados. O \u201ceu\u201d tenta prever acontecimentos, calcular possibilidades, evitar perdas e preparar respostas para aquilo que ainda nem chegou. O amanh\u00e3 torna-se uma preocupa\u00e7\u00e3o experimentada hoje. Assim, paradoxalmente, na [&hellip;]\" \/>\n<meta property=\"og:url\" content=\"https:\/\/radioportoseguro.com.br\/site\/2026\/09\/05\/entre-a-ansiedade-e-a-abertura-ao-misterio\/\" \/>\n<meta property=\"og:site_name\" content=\"R\u00e1dio Porto Seguro\" \/>\n<meta property=\"article:published_time\" content=\"2026-09-05T16:53:25+00:00\" \/>\n<meta property=\"og:image\" content=\"https:\/\/media.guiame.com.br\/archives\/2026\/09\/04\/1718273148-futuro.png\" \/>\n<meta name=\"author\" content=\"admin\" \/>\n<meta name=\"twitter:card\" content=\"summary_large_image\" \/>\n<meta name=\"twitter:label1\" content=\"Escrito por\" \/>\n\t<meta name=\"twitter:data1\" content=\"admin\" \/>\n\t<meta name=\"twitter:label2\" content=\"Est. tempo de leitura\" \/>\n\t<meta name=\"twitter:data2\" content=\"2 minutos\" \/>\n<script type=\"application\/ld+json\" class=\"yoast-schema-graph\">{\"@context\":\"https:\/\/schema.org\",\"@graph\":[{\"@type\":\"Article\",\"@id\":\"https:\/\/radioportoseguro.com.br\/site\/2026\/09\/05\/entre-a-ansiedade-e-a-abertura-ao-misterio\/#article\",\"isPartOf\":{\"@id\":\"https:\/\/radioportoseguro.com.br\/site\/2026\/09\/05\/entre-a-ansiedade-e-a-abertura-ao-misterio\/\"},\"author\":{\"name\":\"admin\",\"@id\":\"https:\/\/radioportoseguro.com.br\/site\/#\/schema\/person\/7630acdc320186f13639d3c067ec089b\"},\"headline\":\"Entre a ansiedade e a abertura ao mist\u00e9rio\",\"datePublished\":\"2026-09-05T16:53:25+00:00\",\"mainEntityOfPage\":{\"@id\":\"https:\/\/radioportoseguro.com.br\/site\/2026\/09\/05\/entre-a-ansiedade-e-a-abertura-ao-misterio\/\"},\"wordCount\":471,\"image\":{\"@id\":\"https:\/\/radioportoseguro.com.br\/site\/2026\/09\/05\/entre-a-ansiedade-e-a-abertura-ao-misterio\/#primaryimage\"},\"thumbnailUrl\":\"https:\/\/radioportoseguro.com.br\/site\/wp-content\/uploads\/2026\/09\/1718273148-futuro.png\",\"articleSection\":[\"Destaques\"],\"inLanguage\":\"pt-BR\"},{\"@type\":\"WebPage\",\"@id\":\"https:\/\/radioportoseguro.com.br\/site\/2026\/09\/05\/entre-a-ansiedade-e-a-abertura-ao-misterio\/\",\"url\":\"https:\/\/radioportoseguro.com.br\/site\/2026\/09\/05\/entre-a-ansiedade-e-a-abertura-ao-misterio\/\",\"name\":\"Entre a ansiedade e a abertura ao mist\u00e9rio - R\u00e1dio Porto Seguro\",\"isPartOf\":{\"@id\":\"https:\/\/radioportoseguro.com.br\/site\/#website\"},\"primaryImageOfPage\":{\"@id\":\"https:\/\/radioportoseguro.com.br\/site\/2026\/09\/05\/entre-a-ansiedade-e-a-abertura-ao-misterio\/#primaryimage\"},\"image\":{\"@id\":\"https:\/\/radioportoseguro.com.br\/site\/2026\/09\/05\/entre-a-ansiedade-e-a-abertura-ao-misterio\/#primaryimage\"},\"thumbnailUrl\":\"https:\/\/radioportoseguro.com.br\/site\/wp-content\/uploads\/2026\/09\/1718273148-futuro.png\",\"datePublished\":\"2026-09-05T16:53:25+00:00\",\"author\":{\"@id\":\"https:\/\/radioportoseguro.com.br\/site\/#\/schema\/person\/7630acdc320186f13639d3c067ec089b\"},\"breadcrumb\":{\"@id\":\"https:\/\/radioportoseguro.com.br\/site\/2026\/09\/05\/entre-a-ansiedade-e-a-abertura-ao-misterio\/#breadcrumb\"},\"inLanguage\":\"pt-BR\",\"potentialAction\":[{\"@type\":\"ReadAction\",\"target\":[\"https:\/\/radioportoseguro.com.br\/site\/2026\/09\/05\/entre-a-ansiedade-e-a-abertura-ao-misterio\/\"]}]},{\"@type\":\"ImageObject\",\"inLanguage\":\"pt-BR\",\"@id\":\"https:\/\/radioportoseguro.com.br\/site\/2026\/09\/05\/entre-a-ansiedade-e-a-abertura-ao-misterio\/#primaryimage\",\"url\":\"https:\/\/radioportoseguro.com.br\/site\/wp-content\/uploads\/2026\/09\/1718273148-futuro.png\",\"contentUrl\":\"https:\/\/radioportoseguro.com.br\/site\/wp-content\/uploads\/2026\/09\/1718273148-futuro.png\",\"width\":1200,\"height\":600},{\"@type\":\"BreadcrumbList\",\"@id\":\"https:\/\/radioportoseguro.com.br\/site\/2026\/09\/05\/entre-a-ansiedade-e-a-abertura-ao-misterio\/#breadcrumb\",\"itemListElement\":[{\"@type\":\"ListItem\",\"position\":1,\"name\":\"In\u00edcio\",\"item\":\"https:\/\/radioportoseguro.com.br\/site\/\"},{\"@type\":\"ListItem\",\"position\":2,\"name\":\"Entre a ansiedade e a abertura ao mist\u00e9rio\"}]},{\"@type\":\"WebSite\",\"@id\":\"https:\/\/radioportoseguro.com.br\/site\/#website\",\"url\":\"https:\/\/radioportoseguro.com.br\/site\/\",\"name\":\"R\u00e1dio Porto Seguro\",\"description\":\"\",\"potentialAction\":[{\"@type\":\"SearchAction\",\"target\":{\"@type\":\"EntryPoint\",\"urlTemplate\":\"https:\/\/radioportoseguro.com.br\/site\/?s={search_term_string}\"},\"query-input\":{\"@type\":\"PropertyValueSpecification\",\"valueRequired\":true,\"valueName\":\"search_term_string\"}}],\"inLanguage\":\"pt-BR\"},{\"@type\":\"Person\",\"@id\":\"https:\/\/radioportoseguro.com.br\/site\/#\/schema\/person\/7630acdc320186f13639d3c067ec089b\",\"name\":\"admin\",\"image\":{\"@type\":\"ImageObject\",\"inLanguage\":\"pt-BR\",\"@id\":\"https:\/\/radioportoseguro.com.br\/site\/#\/schema\/person\/image\/\",\"url\":\"https:\/\/secure.gravatar.com\/avatar\/caacf4dc1eedb68fab0df8e1ed46c448e578b2466351bbcb61e47d2ac0caaef0?s=96&d=mm&r=g\",\"contentUrl\":\"https:\/\/secure.gravatar.com\/avatar\/caacf4dc1eedb68fab0df8e1ed46c448e578b2466351bbcb61e47d2ac0caaef0?s=96&d=mm&r=g\",\"caption\":\"admin\"},\"sameAs\":[\"https:\/\/radioportoseguro.com.br\/site\"],\"url\":\"https:\/\/radioportoseguro.com.br\/site\/author\/hezio\/\"}]}<\/script>\n<!-- \/ Yoast SEO plugin. -->","yoast_head_json":{"title":"Entre a ansiedade e a abertura ao mist\u00e9rio - R\u00e1dio Porto Seguro","robots":{"index":"index","follow":"follow","max-snippet":"max-snippet:-1","max-image-preview":"max-image-preview:large","max-video-preview":"max-video-preview:-1"},"canonical":"https:\/\/radioportoseguro.com.br\/site\/2026\/09\/05\/entre-a-ansiedade-e-a-abertura-ao-misterio\/","og_locale":"pt_BR","og_type":"article","og_title":"Entre a ansiedade e a abertura ao mist\u00e9rio - R\u00e1dio Porto Seguro","og_description":"H\u00e1 uma diferen\u00e7a delicada entre viver antecipando o futuro e viver aberto ao que vem. Na ansiedade, nossa consci\u00eancia parece abandonar o presente para habitar futuros imaginados. O \u201ceu\u201d tenta prever acontecimentos, calcular possibilidades, evitar perdas e preparar respostas para aquilo que ainda nem chegou. O amanh\u00e3 torna-se uma preocupa\u00e7\u00e3o experimentada hoje. Assim, paradoxalmente, na [&hellip;]","og_url":"https:\/\/radioportoseguro.com.br\/site\/2026\/09\/05\/entre-a-ansiedade-e-a-abertura-ao-misterio\/","og_site_name":"R\u00e1dio Porto Seguro","article_published_time":"2026-09-05T16:53:25+00:00","og_image":[{"url":"https:\/\/media.guiame.com.br\/archives\/2026\/09\/04\/1718273148-futuro.png","type":"","width":"","height":""}],"author":"admin","twitter_card":"summary_large_image","twitter_misc":{"Escrito por":"admin","Est. tempo de leitura":"2 minutos"},"schema":{"@context":"https:\/\/schema.org","@graph":[{"@type":"Article","@id":"https:\/\/radioportoseguro.com.br\/site\/2026\/09\/05\/entre-a-ansiedade-e-a-abertura-ao-misterio\/#article","isPartOf":{"@id":"https:\/\/radioportoseguro.com.br\/site\/2026\/09\/05\/entre-a-ansiedade-e-a-abertura-ao-misterio\/"},"author":{"name":"admin","@id":"https:\/\/radioportoseguro.com.br\/site\/#\/schema\/person\/7630acdc320186f13639d3c067ec089b"},"headline":"Entre a ansiedade e a abertura ao mist\u00e9rio","datePublished":"2026-09-05T16:53:25+00:00","mainEntityOfPage":{"@id":"https:\/\/radioportoseguro.com.br\/site\/2026\/09\/05\/entre-a-ansiedade-e-a-abertura-ao-misterio\/"},"wordCount":471,"image":{"@id":"https:\/\/radioportoseguro.com.br\/site\/2026\/09\/05\/entre-a-ansiedade-e-a-abertura-ao-misterio\/#primaryimage"},"thumbnailUrl":"https:\/\/radioportoseguro.com.br\/site\/wp-content\/uploads\/2026\/09\/1718273148-futuro.png","articleSection":["Destaques"],"inLanguage":"pt-BR"},{"@type":"WebPage","@id":"https:\/\/radioportoseguro.com.br\/site\/2026\/09\/05\/entre-a-ansiedade-e-a-abertura-ao-misterio\/","url":"https:\/\/radioportoseguro.com.br\/site\/2026\/09\/05\/entre-a-ansiedade-e-a-abertura-ao-misterio\/","name":"Entre a ansiedade e a abertura ao mist\u00e9rio - R\u00e1dio Porto Seguro","isPartOf":{"@id":"https:\/\/radioportoseguro.com.br\/site\/#website"},"primaryImageOfPage":{"@id":"https:\/\/radioportoseguro.com.br\/site\/2026\/09\/05\/entre-a-ansiedade-e-a-abertura-ao-misterio\/#primaryimage"},"image":{"@id":"https:\/\/radioportoseguro.com.br\/site\/2026\/09\/05\/entre-a-ansiedade-e-a-abertura-ao-misterio\/#primaryimage"},"thumbnailUrl":"https:\/\/radioportoseguro.com.br\/site\/wp-content\/uploads\/2026\/09\/1718273148-futuro.png","datePublished":"2026-09-05T16:53:25+00:00","author":{"@id":"https:\/\/radioportoseguro.com.br\/site\/#\/schema\/person\/7630acdc320186f13639d3c067ec089b"},"breadcrumb":{"@id":"https:\/\/radioportoseguro.com.br\/site\/2026\/09\/05\/entre-a-ansiedade-e-a-abertura-ao-misterio\/#breadcrumb"},"inLanguage":"pt-BR","potentialAction":[{"@type":"ReadAction","target":["https:\/\/radioportoseguro.com.br\/site\/2026\/09\/05\/entre-a-ansiedade-e-a-abertura-ao-misterio\/"]}]},{"@type":"ImageObject","inLanguage":"pt-BR","@id":"https:\/\/radioportoseguro.com.br\/site\/2026\/09\/05\/entre-a-ansiedade-e-a-abertura-ao-misterio\/#primaryimage","url":"https:\/\/radioportoseguro.com.br\/site\/wp-content\/uploads\/2026\/09\/1718273148-futuro.png","contentUrl":"https:\/\/radioportoseguro.com.br\/site\/wp-content\/uploads\/2026\/09\/1718273148-futuro.png","width":1200,"height":600},{"@type":"BreadcrumbList","@id":"https:\/\/radioportoseguro.com.br\/site\/2026\/09\/05\/entre-a-ansiedade-e-a-abertura-ao-misterio\/#breadcrumb","itemListElement":[{"@type":"ListItem","position":1,"name":"In\u00edcio","item":"https:\/\/radioportoseguro.com.br\/site\/"},{"@type":"ListItem","position":2,"name":"Entre a ansiedade e a abertura ao mist\u00e9rio"}]},{"@type":"WebSite","@id":"https:\/\/radioportoseguro.com.br\/site\/#website","url":"https:\/\/radioportoseguro.com.br\/site\/","name":"R\u00e1dio Porto Seguro","description":"","potentialAction":[{"@type":"SearchAction","target":{"@type":"EntryPoint","urlTemplate":"https:\/\/radioportoseguro.com.br\/site\/?s={search_term_string}"},"query-input":{"@type":"PropertyValueSpecification","valueRequired":true,"valueName":"search_term_string"}}],"inLanguage":"pt-BR"},{"@type":"Person","@id":"https:\/\/radioportoseguro.com.br\/site\/#\/schema\/person\/7630acdc320186f13639d3c067ec089b","name":"admin","image":{"@type":"ImageObject","inLanguage":"pt-BR","@id":"https:\/\/radioportoseguro.com.br\/site\/#\/schema\/person\/image\/","url":"https:\/\/secure.gravatar.com\/avatar\/caacf4dc1eedb68fab0df8e1ed46c448e578b2466351bbcb61e47d2ac0caaef0?s=96&d=mm&r=g","contentUrl":"https:\/\/secure.gravatar.com\/avatar\/caacf4dc1eedb68fab0df8e1ed46c448e578b2466351bbcb61e47d2ac0caaef0?s=96&d=mm&r=g","caption":"admin"},"sameAs":["https:\/\/radioportoseguro.com.br\/site"],"url":"https:\/\/radioportoseguro.com.br\/site\/author\/hezio\/"}]}},"_links":{"self":[{"href":"https:\/\/radioportoseguro.com.br\/site\/wp-json\/wp\/v2\/posts\/10924","targetHints":{"allow":["GET"]}}],"collection":[{"href":"https:\/\/radioportoseguro.com.br\/site\/wp-json\/wp\/v2\/posts"}],"about":[{"href":"https:\/\/radioportoseguro.com.br\/site\/wp-json\/wp\/v2\/types\/post"}],"author":[{"embeddable":true,"href":"https:\/\/radioportoseguro.com.br\/site\/wp-json\/wp\/v2\/users\/1"}],"replies":[{"embeddable":true,"href":"https:\/\/radioportoseguro.com.br\/site\/wp-json\/wp\/v2\/comments?post=10924"}],"version-history":[{"count":0,"href":"https:\/\/radioportoseguro.com.br\/site\/wp-json\/wp\/v2\/posts\/10924\/revisions"}],"wp:featuredmedia":[{"embeddable":true,"href":"https:\/\/radioportoseguro.com.br\/site\/wp-json\/wp\/v2\/media\/10925"}],"wp:attachment":[{"href":"https:\/\/radioportoseguro.com.br\/site\/wp-json\/wp\/v2\/media?parent=10924"}],"wp:term":[{"taxonomy":"category","embeddable":true,"href":"https:\/\/radioportoseguro.com.br\/site\/wp-json\/wp\/v2\/categories?post=10924"},{"taxonomy":"post_tag","embeddable":true,"href":"https:\/\/radioportoseguro.com.br\/site\/wp-json\/wp\/v2\/tags?post=10924"}],"curies":[{"name":"wp","href":"https:\/\/api.w.org\/{rel}","templated":true}]}}