{"id":2639,"date":"2026-01-14T18:39:34","date_gmt":"2026-01-14T21:39:34","guid":{"rendered":"https:\/\/radioportoseguro.com.br\/site\/2026\/01\/14\/homem-que-estava-ha-20-anos-de-muletas-e-curado-no-rj-poder-de-deus-agindo\/"},"modified":"2026-01-14T18:39:34","modified_gmt":"2026-01-14T21:39:34","slug":"homem-que-estava-ha-20-anos-de-muletas-e-curado-no-rj-poder-de-deus-agindo","status":"publish","type":"post","link":"https:\/\/radioportoseguro.com.br\/site\/2026\/01\/14\/homem-que-estava-ha-20-anos-de-muletas-e-curado-no-rj-poder-de-deus-agindo\/","title":{"rendered":"Homem que estava h\u00e1 20 anos de muletas \u00e9 curado no RJ: \u201cPoder de Deus agindo\u201d"},"content":{"rendered":"<p><br \/>\n<br \/><img decoding=\"async\" src=\"https:\/\/media.guiame.com.br\/archives\/2026\/01\/12\/4061402729-cura.jpeg\" \/><\/p>\n<div>\n<p><span style=\"font-weight: 400;\">Um grupo de crist\u00e3os se reuniu nos Arcos da Lapa, na cidade do <\/span><span style=\"color: #800000;\"><strong>Rio de Janeiro<\/strong><\/span><span style=\"font-weight: 400;\">, para adorar a Deus e <\/span><span style=\"color: #800000;\"><strong>evangelizar<\/strong><\/span><span style=\"font-weight: 400;\">, na tarde de s\u00e1bado (10).<\/span><\/p>\n<p><span style=\"font-weight: 400;\">O evento de adora\u00e7\u00e3o p\u00fablica foi promovido pelo evangelista Rafael Santmour e contou com momento de louvor no ponto tur\u00edstico.\u00a0<\/span><\/p>\n<p><span style=\"font-weight: 400;\">\u201cUma multid\u00e3o se levantou nos Arcos da Lapa para proclamar Jesus\u201d, contou Rafael, em postagem no Instagram.<\/span><\/p>\n<blockquote class=\"instagram-media\" style=\"background: #FFF; border: 0; border-radius: 3px; box-shadow: 0 0 1px 0 rgba(0,0,0,0.5),0 1px 10px 0 rgba(0,0,0,0.15); margin: 1px; max-width: 540px; min-width: 326px; padding: 0; width: calc(100% - 2px);\" data-instgrm-captioned=\"\" data-instgrm-permalink=\"https:\/\/www.instagram.com\/reel\/DTV9EXrEYz6\/?utm_source=ig_embed&amp;utm_campaign=loading\" data-instgrm-version=\"14\"><p>&#13;<br \/>\n&#13;\n<\/p><\/blockquote>\n<p><span style=\"font-weight: 400;\">O culto ao ar livre contou com a presen\u00e7a do evangelista <\/span><span style=\"color: #800000;\"><strong>Lucas Sandoval<\/strong><\/span><span style=\"font-weight: 400;\">, l\u00edder da miss\u00e3o internacional Greater Works Worldwide.<\/span><\/p>\n<p><span style=\"font-weight: 400;\">Os crist\u00e3os ainda pregaram as Boas Novas no local. \u201cA Lapa viu algo que n\u00e3o se explica s\u00f3 com palavras. Onde muitos veem improv\u00e1vel, Deus levantou um altar. O Evangelho foi anunciado, B\u00edblias foram entregues, pessoas ouviram, creram, se renderam\u201d, testemunhou Rafael.<\/span><\/p>\n<p><span style=\"font-weight: 400;\">Eles tamb\u00e9m oraram por cura durante a a\u00e7\u00e3o evangel\u00edstica e testemunharam milagres. Um homem que dependeu de muletas para se movimentar por 21 anos, ap\u00f3s sofrer um grave acidente de carro, foi curado.<\/span><\/p>\n<p><span style=\"font-weight: 400;\">Logo ap\u00f3s receber ora\u00e7\u00e3o, ele passou a andar normalmente sem precisar da ajuda das muletas.\u00a0<\/span><\/p>\n<p><span style=\"font-weight: 400;\">\u201cBoa tarde, meus amigos! Eu recebi ora\u00e7\u00e3o e, gra\u00e7as a Deus, estou sem dor e estou andando\u201d, testemunhou o homem, com as muletas erguidas para o c\u00e9u.<\/span><\/p>\n<blockquote class=\"instagram-media\" style=\"background: #FFF; border: 0; border-radius: 3px; box-shadow: 0 0 1px 0 rgba(0,0,0,0.5),0 1px 10px 0 rgba(0,0,0,0.15); margin: 1px; max-width: 540px; min-width: 326px; padding: 0; width: calc(100% - 2px);\" data-instgrm-captioned=\"\" data-instgrm-permalink=\"https:\/\/www.instagram.com\/reel\/DTYtL8PkTi0\/?utm_source=ig_embed&amp;utm_campaign=loading\" data-instgrm-version=\"14\"><p>&#13;<br \/>\n&#13;\n<\/p><\/blockquote>\n<p><span style=\"font-weight: 400;\">O evangelista Rafael destacou: \u201cN\u00e3o foi emo\u00e7\u00e3o, foi o poder de Deus agindo. Jesus continua curando, restaurando vidas e mudando hist\u00f3rias tamb\u00e9m nas ruas. Toda gl\u00f3ria seja dada a Ele\u201d.<\/span><\/p>\n<p><span style=\"font-weight: 400;\">Um jovem surdo tamb\u00e9m foi curado por Jesus e teve a audi\u00e7\u00e3o restaurada. Al\u00e9m disso, o evangelismo resultou em convers\u00f5es e liberta\u00e7\u00f5es.<\/span><\/p>\n<p><span style=\"font-weight: 400;\">\u201cHouve liberta\u00e7\u00e3o, ren\u00fancia a \u00eddolos, e um s\u00f3 nome foi exaltado: Jesus. A Lapa n\u00e3o foi palco, foi testemunha. Quando o povo de Deus se posiciona, ruas se tornam altares.\u00a0<\/span><span style=\"font-weight: 400;\">Jesus \u00e9 o Senhor, ontem, hoje e para sempre\u201d, declarou Rafael.<\/span><\/p>\n<blockquote class=\"instagram-media\" style=\"background: #FFF; border: 0; border-radius: 3px; box-shadow: 0 0 1px 0 rgba(0,0,0,0.5),0 1px 10px 0 rgba(0,0,0,0.15); margin: 1px; max-width: 540px; min-width: 326px; padding: 0; width: calc(100% - 2px);\" data-instgrm-captioned=\"\" data-instgrm-permalink=\"https:\/\/www.instagram.com\/p\/DTX6K9VkXz6\/?utm_source=ig_embed&amp;utm_campaign=loading\" data-instgrm-version=\"14\"><p>&#13;<br \/>\n&#13;\n<\/p><\/blockquote>\n<\/div>\n<p><script async src=\"\/\/www.instagram.com\/embed.js\"><\/script><br \/>\n<br \/><br \/>\n<br \/>Fonte: Guiame <\/p>\n","protected":false},"excerpt":{"rendered":"<p>Um grupo de crist\u00e3os se reuniu nos Arcos da Lapa, na cidade do Rio de Janeiro, para adorar a Deus e evangelizar, na tarde de s\u00e1bado (10). O evento de adora\u00e7\u00e3o p\u00fablica foi promovido pelo evangelista Rafael Santmour e contou com momento de louvor no ponto tur\u00edstico.\u00a0 \u201cUma multid\u00e3o se levantou nos Arcos da Lapa [&hellip;]<\/p>\n","protected":false},"author":1,"featured_media":2640,"comment_status":"open","ping_status":"open","sticky":false,"template":"","format":"standard","meta":{"footnotes":""},"categories":[43],"tags":[],"class_list":["post-2639","post","type-post","status-publish","format-standard","has-post-thumbnail","hentry","category-destaques"],"yoast_head":"<!-- This site is optimized with the Yoast SEO plugin v26.8 - https:\/\/yoast.com\/product\/yoast-seo-wordpress\/ -->\n<title>Homem que estava h\u00e1 20 anos de muletas \u00e9 curado no RJ: \u201cPoder de Deus agindo\u201d - R\u00e1dio Porto Seguro<\/title>\n<meta name=\"robots\" content=\"index, follow, max-snippet:-1, max-image-preview:large, max-video-preview:-1\" \/>\n<link rel=\"canonical\" href=\"https:\/\/radioportoseguro.com.br\/site\/2026\/01\/14\/homem-que-estava-ha-20-anos-de-muletas-e-curado-no-rj-poder-de-deus-agindo\/\" \/>\n<meta property=\"og:locale\" content=\"pt_BR\" \/>\n<meta property=\"og:type\" content=\"article\" \/>\n<meta property=\"og:title\" content=\"Homem que estava h\u00e1 20 anos de muletas \u00e9 curado no RJ: \u201cPoder de Deus agindo\u201d - R\u00e1dio Porto Seguro\" \/>\n<meta property=\"og:description\" content=\"Um grupo de crist\u00e3os se reuniu nos Arcos da Lapa, na cidade do Rio de Janeiro, para adorar a Deus e evangelizar, na tarde de s\u00e1bado (10). O evento de adora\u00e7\u00e3o p\u00fablica foi promovido pelo evangelista Rafael Santmour e contou com momento de louvor no ponto tur\u00edstico.\u00a0 \u201cUma multid\u00e3o se levantou nos Arcos da Lapa [&hellip;]\" \/>\n<meta property=\"og:url\" content=\"https:\/\/radioportoseguro.com.br\/site\/2026\/01\/14\/homem-que-estava-ha-20-anos-de-muletas-e-curado-no-rj-poder-de-deus-agindo\/\" \/>\n<meta property=\"og:site_name\" content=\"R\u00e1dio Porto Seguro\" \/>\n<meta property=\"article:published_time\" content=\"2026-01-14T21:39:34+00:00\" \/>\n<meta property=\"og:image\" content=\"https:\/\/radioportoseguro.com.br\/site\/wp-content\/uploads\/2026\/01\/4061402729-cura.jpeg\" \/>\n\t<meta property=\"og:image:width\" content=\"1200\" \/>\n\t<meta property=\"og:image:height\" content=\"600\" \/>\n\t<meta property=\"og:image:type\" content=\"image\/jpeg\" \/>\n<meta name=\"author\" content=\"admin\" \/>\n<meta name=\"twitter:card\" content=\"summary_large_image\" \/>\n<meta name=\"twitter:label1\" content=\"Escrito por\" \/>\n\t<meta name=\"twitter:data1\" content=\"admin\" \/>\n\t<meta name=\"twitter:label2\" content=\"Est. tempo de leitura\" \/>\n\t<meta name=\"twitter:data2\" content=\"2 minutos\" \/>\n<script type=\"application\/ld+json\" class=\"yoast-schema-graph\">{\"@context\":\"https:\/\/schema.org\",\"@graph\":[{\"@type\":\"Article\",\"@id\":\"https:\/\/radioportoseguro.com.br\/site\/2026\/01\/14\/homem-que-estava-ha-20-anos-de-muletas-e-curado-no-rj-poder-de-deus-agindo\/#article\",\"isPartOf\":{\"@id\":\"https:\/\/radioportoseguro.com.br\/site\/2026\/01\/14\/homem-que-estava-ha-20-anos-de-muletas-e-curado-no-rj-poder-de-deus-agindo\/\"},\"author\":{\"name\":\"admin\",\"@id\":\"https:\/\/radioportoseguro.com.br\/site\/#\/schema\/person\/7630acdc320186f13639d3c067ec089b\"},\"headline\":\"Homem que estava h\u00e1 20 anos de muletas \u00e9 curado no RJ: \u201cPoder de Deus agindo\u201d\",\"datePublished\":\"2026-01-14T21:39:34+00:00\",\"mainEntityOfPage\":{\"@id\":\"https:\/\/radioportoseguro.com.br\/site\/2026\/01\/14\/homem-que-estava-ha-20-anos-de-muletas-e-curado-no-rj-poder-de-deus-agindo\/\"},\"wordCount\":344,\"commentCount\":0,\"image\":{\"@id\":\"https:\/\/radioportoseguro.com.br\/site\/2026\/01\/14\/homem-que-estava-ha-20-anos-de-muletas-e-curado-no-rj-poder-de-deus-agindo\/#primaryimage\"},\"thumbnailUrl\":\"https:\/\/radioportoseguro.com.br\/site\/wp-content\/uploads\/2026\/01\/4061402729-cura.jpeg\",\"articleSection\":[\"Destaques\"],\"inLanguage\":\"pt-BR\",\"potentialAction\":[{\"@type\":\"CommentAction\",\"name\":\"Comment\",\"target\":[\"https:\/\/radioportoseguro.com.br\/site\/2026\/01\/14\/homem-que-estava-ha-20-anos-de-muletas-e-curado-no-rj-poder-de-deus-agindo\/#respond\"]}]},{\"@type\":\"WebPage\",\"@id\":\"https:\/\/radioportoseguro.com.br\/site\/2026\/01\/14\/homem-que-estava-ha-20-anos-de-muletas-e-curado-no-rj-poder-de-deus-agindo\/\",\"url\":\"https:\/\/radioportoseguro.com.br\/site\/2026\/01\/14\/homem-que-estava-ha-20-anos-de-muletas-e-curado-no-rj-poder-de-deus-agindo\/\",\"name\":\"Homem que estava h\u00e1 20 anos de muletas \u00e9 curado no RJ: \u201cPoder de Deus agindo\u201d - R\u00e1dio Porto Seguro\",\"isPartOf\":{\"@id\":\"https:\/\/radioportoseguro.com.br\/site\/#website\"},\"primaryImageOfPage\":{\"@id\":\"https:\/\/radioportoseguro.com.br\/site\/2026\/01\/14\/homem-que-estava-ha-20-anos-de-muletas-e-curado-no-rj-poder-de-deus-agindo\/#primaryimage\"},\"image\":{\"@id\":\"https:\/\/radioportoseguro.com.br\/site\/2026\/01\/14\/homem-que-estava-ha-20-anos-de-muletas-e-curado-no-rj-poder-de-deus-agindo\/#primaryimage\"},\"thumbnailUrl\":\"https:\/\/radioportoseguro.com.br\/site\/wp-content\/uploads\/2026\/01\/4061402729-cura.jpeg\",\"datePublished\":\"2026-01-14T21:39:34+00:00\",\"author\":{\"@id\":\"https:\/\/radioportoseguro.com.br\/site\/#\/schema\/person\/7630acdc320186f13639d3c067ec089b\"},\"breadcrumb\":{\"@id\":\"https:\/\/radioportoseguro.com.br\/site\/2026\/01\/14\/homem-que-estava-ha-20-anos-de-muletas-e-curado-no-rj-poder-de-deus-agindo\/#breadcrumb\"},\"inLanguage\":\"pt-BR\",\"potentialAction\":[{\"@type\":\"ReadAction\",\"target\":[\"https:\/\/radioportoseguro.com.br\/site\/2026\/01\/14\/homem-que-estava-ha-20-anos-de-muletas-e-curado-no-rj-poder-de-deus-agindo\/\"]}]},{\"@type\":\"ImageObject\",\"inLanguage\":\"pt-BR\",\"@id\":\"https:\/\/radioportoseguro.com.br\/site\/2026\/01\/14\/homem-que-estava-ha-20-anos-de-muletas-e-curado-no-rj-poder-de-deus-agindo\/#primaryimage\",\"url\":\"https:\/\/radioportoseguro.com.br\/site\/wp-content\/uploads\/2026\/01\/4061402729-cura.jpeg\",\"contentUrl\":\"https:\/\/radioportoseguro.com.br\/site\/wp-content\/uploads\/2026\/01\/4061402729-cura.jpeg\",\"width\":1200,\"height\":600},{\"@type\":\"BreadcrumbList\",\"@id\":\"https:\/\/radioportoseguro.com.br\/site\/2026\/01\/14\/homem-que-estava-ha-20-anos-de-muletas-e-curado-no-rj-poder-de-deus-agindo\/#breadcrumb\",\"itemListElement\":[{\"@type\":\"ListItem\",\"position\":1,\"name\":\"In\u00edcio\",\"item\":\"https:\/\/radioportoseguro.com.br\/site\/\"},{\"@type\":\"ListItem\",\"position\":2,\"name\":\"Homem que estava h\u00e1 20 anos de muletas \u00e9 curado no RJ: \u201cPoder de Deus agindo\u201d\"}]},{\"@type\":\"WebSite\",\"@id\":\"https:\/\/radioportoseguro.com.br\/site\/#website\",\"url\":\"https:\/\/radioportoseguro.com.br\/site\/\",\"name\":\"R\u00e1dio Porto Seguro\",\"description\":\"\",\"potentialAction\":[{\"@type\":\"SearchAction\",\"target\":{\"@type\":\"EntryPoint\",\"urlTemplate\":\"https:\/\/radioportoseguro.com.br\/site\/?s={search_term_string}\"},\"query-input\":{\"@type\":\"PropertyValueSpecification\",\"valueRequired\":true,\"valueName\":\"search_term_string\"}}],\"inLanguage\":\"pt-BR\"},{\"@type\":\"Person\",\"@id\":\"https:\/\/radioportoseguro.com.br\/site\/#\/schema\/person\/7630acdc320186f13639d3c067ec089b\",\"name\":\"admin\",\"image\":{\"@type\":\"ImageObject\",\"inLanguage\":\"pt-BR\",\"@id\":\"https:\/\/radioportoseguro.com.br\/site\/#\/schema\/person\/image\/\",\"url\":\"https:\/\/secure.gravatar.com\/avatar\/caacf4dc1eedb68fab0df8e1ed46c448e578b2466351bbcb61e47d2ac0caaef0?s=96&d=mm&r=g\",\"contentUrl\":\"https:\/\/secure.gravatar.com\/avatar\/caacf4dc1eedb68fab0df8e1ed46c448e578b2466351bbcb61e47d2ac0caaef0?s=96&d=mm&r=g\",\"caption\":\"admin\"},\"sameAs\":[\"https:\/\/radioportoseguro.com.br\/site\"],\"url\":\"https:\/\/radioportoseguro.com.br\/site\/author\/hezio\/\"}]}<\/script>\n<!-- \/ Yoast SEO plugin. -->","yoast_head_json":{"title":"Homem que estava h\u00e1 20 anos de muletas \u00e9 curado no RJ: \u201cPoder de Deus agindo\u201d - R\u00e1dio Porto Seguro","robots":{"index":"index","follow":"follow","max-snippet":"max-snippet:-1","max-image-preview":"max-image-preview:large","max-video-preview":"max-video-preview:-1"},"canonical":"https:\/\/radioportoseguro.com.br\/site\/2026\/01\/14\/homem-que-estava-ha-20-anos-de-muletas-e-curado-no-rj-poder-de-deus-agindo\/","og_locale":"pt_BR","og_type":"article","og_title":"Homem que estava h\u00e1 20 anos de muletas \u00e9 curado no RJ: \u201cPoder de Deus agindo\u201d - R\u00e1dio Porto Seguro","og_description":"Um grupo de crist\u00e3os se reuniu nos Arcos da Lapa, na cidade do Rio de Janeiro, para adorar a Deus e evangelizar, na tarde de s\u00e1bado (10). O evento de adora\u00e7\u00e3o p\u00fablica foi promovido pelo evangelista Rafael Santmour e contou com momento de louvor no ponto tur\u00edstico.\u00a0 \u201cUma multid\u00e3o se levantou nos Arcos da Lapa [&hellip;]","og_url":"https:\/\/radioportoseguro.com.br\/site\/2026\/01\/14\/homem-que-estava-ha-20-anos-de-muletas-e-curado-no-rj-poder-de-deus-agindo\/","og_site_name":"R\u00e1dio Porto Seguro","article_published_time":"2026-01-14T21:39:34+00:00","og_image":[{"width":1200,"height":600,"url":"https:\/\/radioportoseguro.com.br\/site\/wp-content\/uploads\/2026\/01\/4061402729-cura.jpeg","type":"image\/jpeg"}],"author":"admin","twitter_card":"summary_large_image","twitter_misc":{"Escrito por":"admin","Est. tempo de leitura":"2 minutos"},"schema":{"@context":"https:\/\/schema.org","@graph":[{"@type":"Article","@id":"https:\/\/radioportoseguro.com.br\/site\/2026\/01\/14\/homem-que-estava-ha-20-anos-de-muletas-e-curado-no-rj-poder-de-deus-agindo\/#article","isPartOf":{"@id":"https:\/\/radioportoseguro.com.br\/site\/2026\/01\/14\/homem-que-estava-ha-20-anos-de-muletas-e-curado-no-rj-poder-de-deus-agindo\/"},"author":{"name":"admin","@id":"https:\/\/radioportoseguro.com.br\/site\/#\/schema\/person\/7630acdc320186f13639d3c067ec089b"},"headline":"Homem que estava h\u00e1 20 anos de muletas \u00e9 curado no RJ: \u201cPoder de Deus agindo\u201d","datePublished":"2026-01-14T21:39:34+00:00","mainEntityOfPage":{"@id":"https:\/\/radioportoseguro.com.br\/site\/2026\/01\/14\/homem-que-estava-ha-20-anos-de-muletas-e-curado-no-rj-poder-de-deus-agindo\/"},"wordCount":344,"commentCount":0,"image":{"@id":"https:\/\/radioportoseguro.com.br\/site\/2026\/01\/14\/homem-que-estava-ha-20-anos-de-muletas-e-curado-no-rj-poder-de-deus-agindo\/#primaryimage"},"thumbnailUrl":"https:\/\/radioportoseguro.com.br\/site\/wp-content\/uploads\/2026\/01\/4061402729-cura.jpeg","articleSection":["Destaques"],"inLanguage":"pt-BR","potentialAction":[{"@type":"CommentAction","name":"Comment","target":["https:\/\/radioportoseguro.com.br\/site\/2026\/01\/14\/homem-que-estava-ha-20-anos-de-muletas-e-curado-no-rj-poder-de-deus-agindo\/#respond"]}]},{"@type":"WebPage","@id":"https:\/\/radioportoseguro.com.br\/site\/2026\/01\/14\/homem-que-estava-ha-20-anos-de-muletas-e-curado-no-rj-poder-de-deus-agindo\/","url":"https:\/\/radioportoseguro.com.br\/site\/2026\/01\/14\/homem-que-estava-ha-20-anos-de-muletas-e-curado-no-rj-poder-de-deus-agindo\/","name":"Homem que estava h\u00e1 20 anos de muletas \u00e9 curado no RJ: \u201cPoder de Deus agindo\u201d - R\u00e1dio Porto Seguro","isPartOf":{"@id":"https:\/\/radioportoseguro.com.br\/site\/#website"},"primaryImageOfPage":{"@id":"https:\/\/radioportoseguro.com.br\/site\/2026\/01\/14\/homem-que-estava-ha-20-anos-de-muletas-e-curado-no-rj-poder-de-deus-agindo\/#primaryimage"},"image":{"@id":"https:\/\/radioportoseguro.com.br\/site\/2026\/01\/14\/homem-que-estava-ha-20-anos-de-muletas-e-curado-no-rj-poder-de-deus-agindo\/#primaryimage"},"thumbnailUrl":"https:\/\/radioportoseguro.com.br\/site\/wp-content\/uploads\/2026\/01\/4061402729-cura.jpeg","datePublished":"2026-01-14T21:39:34+00:00","author":{"@id":"https:\/\/radioportoseguro.com.br\/site\/#\/schema\/person\/7630acdc320186f13639d3c067ec089b"},"breadcrumb":{"@id":"https:\/\/radioportoseguro.com.br\/site\/2026\/01\/14\/homem-que-estava-ha-20-anos-de-muletas-e-curado-no-rj-poder-de-deus-agindo\/#breadcrumb"},"inLanguage":"pt-BR","potentialAction":[{"@type":"ReadAction","target":["https:\/\/radioportoseguro.com.br\/site\/2026\/01\/14\/homem-que-estava-ha-20-anos-de-muletas-e-curado-no-rj-poder-de-deus-agindo\/"]}]},{"@type":"ImageObject","inLanguage":"pt-BR","@id":"https:\/\/radioportoseguro.com.br\/site\/2026\/01\/14\/homem-que-estava-ha-20-anos-de-muletas-e-curado-no-rj-poder-de-deus-agindo\/#primaryimage","url":"https:\/\/radioportoseguro.com.br\/site\/wp-content\/uploads\/2026\/01\/4061402729-cura.jpeg","contentUrl":"https:\/\/radioportoseguro.com.br\/site\/wp-content\/uploads\/2026\/01\/4061402729-cura.jpeg","width":1200,"height":600},{"@type":"BreadcrumbList","@id":"https:\/\/radioportoseguro.com.br\/site\/2026\/01\/14\/homem-que-estava-ha-20-anos-de-muletas-e-curado-no-rj-poder-de-deus-agindo\/#breadcrumb","itemListElement":[{"@type":"ListItem","position":1,"name":"In\u00edcio","item":"https:\/\/radioportoseguro.com.br\/site\/"},{"@type":"ListItem","position":2,"name":"Homem que estava h\u00e1 20 anos de muletas \u00e9 curado no RJ: \u201cPoder de Deus agindo\u201d"}]},{"@type":"WebSite","@id":"https:\/\/radioportoseguro.com.br\/site\/#website","url":"https:\/\/radioportoseguro.com.br\/site\/","name":"R\u00e1dio Porto Seguro","description":"","potentialAction":[{"@type":"SearchAction","target":{"@type":"EntryPoint","urlTemplate":"https:\/\/radioportoseguro.com.br\/site\/?s={search_term_string}"},"query-input":{"@type":"PropertyValueSpecification","valueRequired":true,"valueName":"search_term_string"}}],"inLanguage":"pt-BR"},{"@type":"Person","@id":"https:\/\/radioportoseguro.com.br\/site\/#\/schema\/person\/7630acdc320186f13639d3c067ec089b","name":"admin","image":{"@type":"ImageObject","inLanguage":"pt-BR","@id":"https:\/\/radioportoseguro.com.br\/site\/#\/schema\/person\/image\/","url":"https:\/\/secure.gravatar.com\/avatar\/caacf4dc1eedb68fab0df8e1ed46c448e578b2466351bbcb61e47d2ac0caaef0?s=96&d=mm&r=g","contentUrl":"https:\/\/secure.gravatar.com\/avatar\/caacf4dc1eedb68fab0df8e1ed46c448e578b2466351bbcb61e47d2ac0caaef0?s=96&d=mm&r=g","caption":"admin"},"sameAs":["https:\/\/radioportoseguro.com.br\/site"],"url":"https:\/\/radioportoseguro.com.br\/site\/author\/hezio\/"}]}},"_links":{"self":[{"href":"https:\/\/radioportoseguro.com.br\/site\/wp-json\/wp\/v2\/posts\/2639","targetHints":{"allow":["GET"]}}],"collection":[{"href":"https:\/\/radioportoseguro.com.br\/site\/wp-json\/wp\/v2\/posts"}],"about":[{"href":"https:\/\/radioportoseguro.com.br\/site\/wp-json\/wp\/v2\/types\/post"}],"author":[{"embeddable":true,"href":"https:\/\/radioportoseguro.com.br\/site\/wp-json\/wp\/v2\/users\/1"}],"replies":[{"embeddable":true,"href":"https:\/\/radioportoseguro.com.br\/site\/wp-json\/wp\/v2\/comments?post=2639"}],"version-history":[{"count":0,"href":"https:\/\/radioportoseguro.com.br\/site\/wp-json\/wp\/v2\/posts\/2639\/revisions"}],"wp:featuredmedia":[{"embeddable":true,"href":"https:\/\/radioportoseguro.com.br\/site\/wp-json\/wp\/v2\/media\/2640"}],"wp:attachment":[{"href":"https:\/\/radioportoseguro.com.br\/site\/wp-json\/wp\/v2\/media?parent=2639"}],"wp:term":[{"taxonomy":"category","embeddable":true,"href":"https:\/\/radioportoseguro.com.br\/site\/wp-json\/wp\/v2\/categories?post=2639"},{"taxonomy":"post_tag","embeddable":true,"href":"https:\/\/radioportoseguro.com.br\/site\/wp-json\/wp\/v2\/tags?post=2639"}],"curies":[{"name":"wp","href":"https:\/\/api.w.org\/{rel}","templated":true}]}}