{"id":2732,"date":"2026-01-14T20:03:18","date_gmt":"2026-01-14T23:03:18","guid":{"rendered":"https:\/\/radioportoseguro.com.br\/site\/2026\/01\/14\/isadora-pompeo-lanca-ultima-faixa-do-album-processo\/"},"modified":"2026-01-14T20:03:18","modified_gmt":"2026-01-14T23:03:18","slug":"isadora-pompeo-lanca-ultima-faixa-do-album-processo","status":"publish","type":"post","link":"https:\/\/radioportoseguro.com.br\/site\/2026\/01\/14\/isadora-pompeo-lanca-ultima-faixa-do-album-processo\/","title":{"rendered":"Isadora Pompeo lan\u00e7a \u00faltima faixa do \u00e1lbum &#8220;Processo&#8221;"},"content":{"rendered":"<p><br \/>\n<\/p>\n<div>\n<p>A cantora Isadora Pompeo lan\u00e7ou nesta quinta-feira, 03 de dezembro, a m\u00fasica\u00a0<em>Sua Paz<\/em>, que est\u00e1 dispon\u00edvel nas plataformas digitais com distribui\u00e7\u00e3o da Musile Records, e tamb\u00e9m h\u00e1 um clipe\u00a0no canal da gravadora no YouTube. A letra da m\u00fasica est\u00e1 no final deste\u00a0<em>post<\/em>.<\/p>\n<p>Esta \u00e9 a \u00faltima faixa do \u00e1lbum \u201cProcesso\u201d, que foi concebido para tratar de assuntos n\u00e3o muito discutidos no meio crist\u00e3o, como a ansiedade e depress\u00e3o, entre outros problemas emocionais.\u00a0 \u201cA m\u00fasica Sua Paz \u00e9 a \u00faltima desse projeto que foi t\u00e3o marcante pra mim. \u00c9 uma composi\u00e7\u00e3o muito especial\u201d, comentou a artista.<\/p>\n<p>Isadora Pompeo adiantou que j\u00e1 est\u00e1 trabalhando a todo vapor em novas can\u00e7\u00f5es, depois de ter amplificado seu trabalho com a divulga\u00e7\u00e3o em programas de TV, como o <em>\u00c9 de Casa<\/em> e <em>Encontro com F\u00e1tima Bernardes<\/em>, da <em>TV Globo<\/em>.<\/p>\n<p>Conforme informa\u00e7\u00f5es da assessoria de imprensa da gravadora, Isadora Pompeo recebeu diversos testemunhos de crist\u00e3os que passaram ou est\u00e3o passando pela depress\u00e3o e se identificaram com o registro dessas can\u00e7\u00f5es: \u201cA minha expectativa \u00e9 que as pessoas certas, que precisem, que o Esp\u00edrito Santo queira resgatar, escutem cada uma dessas m\u00fasicas\u201d, concluiu a cantora.<\/p>\n<h2>\u2018Sua Paz\u2019<\/h2>\n<div class=\"ose-youtube ose-uid-ab562ca1f78268460bf47a5da135063c ose-embedpress-responsive\" style=\"width:600px; height:600px; max-height:600px; max-width:100%; display:inline-block;\" data-embed-type=\"Youtube\"><iframe allowFullScreen=\"true\" title=\"Isadora Pompeo - Sua Paz\" width=\"600\" height=\"600\" src=\"https:\/\/www.youtube.com\/embed\/1gugliwkeGQ?feature=oembed&color=red&rel=0&controls=1&start=&end=&fs=0&iv_load_policy=0&autoplay=0&mute=0&modestbranding=0&cc_load_policy=1&playsinline=1\" frameborder=\"0\" allow=\"accelerometer; encrypted-media;accelerometer;autoplay;clipboard-write;gyroscope;picture-in-picture clipboard-write; encrypted-media; gyroscope; picture-in-picture; web-share\" referrerpolicy=\"strict-origin-when-cross-origin\" allowfullscreen><\/iframe><\/div>\n<p><em>Deus, me leve pra um lugar <\/em><br \/><em>Que eu possa me esconder<\/em><br \/><em>Eu queria tanto um tempo com Voc\u00ea<\/em><br \/><em>Deus, s\u00f3 por um momento me esconda da luta<\/em><br \/><em>Deixa eu Te ouvir um pouco mais, Deus<\/em><\/p>\n<p><em>E eu prometo que eu vou voltar mais forte<\/em><br \/><em>Dependendo de Ti e n\u00e3o da minha sorte<\/em><br \/><em>Nesse momento me traga abrigo<\/em><br \/><em>Eu preciso tanto da Sua paz<\/em><\/p>\n<p><em>Derrame a Sua paz sobre a minha cabe\u00e7a<\/em><br \/><em>Tendo a Sua paz eu tenho a certeza<\/em><br \/><em>Que estou andando no caminho certo<\/em><br \/><em>Enquanto eu Te louvo, eu Te sinto perto<\/em><\/p>\n<p><em>Me traga paz, um momento de paz<\/em><br \/><em>Eu e Voc\u00ea<\/em><br \/><em>E nada mais vai importar, Deus<\/em><\/p>\n<p><em>Autora: Isadora Pompeo<\/em><\/p>\n<p><!-- CONTENT END 1 --><\/p><\/div>\n<p><br \/>\n<br \/>Fonte: Gospel +<\/p>\n","protected":false},"excerpt":{"rendered":"<p>A cantora Isadora Pompeo lan\u00e7ou nesta quinta-feira, 03 de dezembro, a m\u00fasica\u00a0Sua Paz, que est\u00e1 dispon\u00edvel nas plataformas digitais com distribui\u00e7\u00e3o da Musile Records, e tamb\u00e9m h\u00e1 um clipe\u00a0no canal da gravadora no YouTube. A letra da m\u00fasica est\u00e1 no final deste\u00a0post. Esta \u00e9 a \u00faltima faixa do \u00e1lbum \u201cProcesso\u201d, que foi concebido para tratar [&hellip;]<\/p>\n","protected":false},"author":1,"featured_media":2733,"comment_status":"open","ping_status":"open","sticky":false,"template":"","format":"standard","meta":{"footnotes":""},"categories":[4],"tags":[],"class_list":["post-2732","post","type-post","status-publish","format-standard","has-post-thumbnail","hentry","category-musica"],"yoast_head":"<!-- This site is optimized with the Yoast SEO plugin v26.8 - https:\/\/yoast.com\/product\/yoast-seo-wordpress\/ -->\n<title>Isadora Pompeo lan\u00e7a \u00faltima faixa do \u00e1lbum &quot;Processo&quot; - R\u00e1dio Porto Seguro<\/title>\n<meta name=\"robots\" content=\"index, follow, max-snippet:-1, max-image-preview:large, max-video-preview:-1\" \/>\n<link rel=\"canonical\" href=\"https:\/\/radioportoseguro.com.br\/site\/2026\/01\/14\/isadora-pompeo-lanca-ultima-faixa-do-album-processo\/\" \/>\n<meta property=\"og:locale\" content=\"pt_BR\" \/>\n<meta property=\"og:type\" content=\"article\" \/>\n<meta property=\"og:title\" content=\"Isadora Pompeo lan\u00e7a \u00faltima faixa do \u00e1lbum &quot;Processo&quot; - R\u00e1dio Porto Seguro\" \/>\n<meta property=\"og:description\" content=\"A cantora Isadora Pompeo lan\u00e7ou nesta quinta-feira, 03 de dezembro, a m\u00fasica\u00a0Sua Paz, que est\u00e1 dispon\u00edvel nas plataformas digitais com distribui\u00e7\u00e3o da Musile Records, e tamb\u00e9m h\u00e1 um clipe\u00a0no canal da gravadora no YouTube. A letra da m\u00fasica est\u00e1 no final deste\u00a0post. Esta \u00e9 a \u00faltima faixa do \u00e1lbum \u201cProcesso\u201d, que foi concebido para tratar [&hellip;]\" \/>\n<meta property=\"og:url\" content=\"https:\/\/radioportoseguro.com.br\/site\/2026\/01\/14\/isadora-pompeo-lanca-ultima-faixa-do-album-processo\/\" \/>\n<meta property=\"og:site_name\" content=\"R\u00e1dio Porto Seguro\" \/>\n<meta property=\"article:published_time\" content=\"2026-01-14T23:03:18+00:00\" \/>\n<meta property=\"og:image\" content=\"https:\/\/radioportoseguro.com.br\/site\/wp-content\/uploads\/2026\/01\/Isadora-Pompeo-Sua-Paz.jpg\" \/>\n\t<meta property=\"og:image:width\" content=\"1405\" \/>\n\t<meta property=\"og:image:height\" content=\"1206\" \/>\n\t<meta property=\"og:image:type\" content=\"image\/jpeg\" \/>\n<meta name=\"author\" content=\"admin\" \/>\n<meta name=\"twitter:card\" content=\"summary_large_image\" \/>\n<meta name=\"twitter:label1\" content=\"Escrito por\" \/>\n\t<meta name=\"twitter:data1\" content=\"admin\" \/>\n\t<meta name=\"twitter:label2\" content=\"Est. tempo de leitura\" \/>\n\t<meta name=\"twitter:data2\" content=\"2 minutos\" \/>\n<script type=\"application\/ld+json\" class=\"yoast-schema-graph\">{\"@context\":\"https:\/\/schema.org\",\"@graph\":[{\"@type\":\"Article\",\"@id\":\"https:\/\/radioportoseguro.com.br\/site\/2026\/01\/14\/isadora-pompeo-lanca-ultima-faixa-do-album-processo\/#article\",\"isPartOf\":{\"@id\":\"https:\/\/radioportoseguro.com.br\/site\/2026\/01\/14\/isadora-pompeo-lanca-ultima-faixa-do-album-processo\/\"},\"author\":{\"name\":\"admin\",\"@id\":\"https:\/\/radioportoseguro.com.br\/site\/#\/schema\/person\/7630acdc320186f13639d3c067ec089b\"},\"headline\":\"Isadora Pompeo lan\u00e7a \u00faltima faixa do \u00e1lbum &#8220;Processo&#8221;\",\"datePublished\":\"2026-01-14T23:03:18+00:00\",\"mainEntityOfPage\":{\"@id\":\"https:\/\/radioportoseguro.com.br\/site\/2026\/01\/14\/isadora-pompeo-lanca-ultima-faixa-do-album-processo\/\"},\"wordCount\":345,\"commentCount\":0,\"image\":{\"@id\":\"https:\/\/radioportoseguro.com.br\/site\/2026\/01\/14\/isadora-pompeo-lanca-ultima-faixa-do-album-processo\/#primaryimage\"},\"thumbnailUrl\":\"https:\/\/radioportoseguro.com.br\/site\/wp-content\/uploads\/2026\/01\/Isadora-Pompeo-Sua-Paz.jpg\",\"articleSection\":[\"M\u00fasica\"],\"inLanguage\":\"pt-BR\",\"potentialAction\":[{\"@type\":\"CommentAction\",\"name\":\"Comment\",\"target\":[\"https:\/\/radioportoseguro.com.br\/site\/2026\/01\/14\/isadora-pompeo-lanca-ultima-faixa-do-album-processo\/#respond\"]}]},{\"@type\":\"WebPage\",\"@id\":\"https:\/\/radioportoseguro.com.br\/site\/2026\/01\/14\/isadora-pompeo-lanca-ultima-faixa-do-album-processo\/\",\"url\":\"https:\/\/radioportoseguro.com.br\/site\/2026\/01\/14\/isadora-pompeo-lanca-ultima-faixa-do-album-processo\/\",\"name\":\"Isadora Pompeo lan\u00e7a \u00faltima faixa do \u00e1lbum \\\"Processo\\\" - R\u00e1dio Porto Seguro\",\"isPartOf\":{\"@id\":\"https:\/\/radioportoseguro.com.br\/site\/#website\"},\"primaryImageOfPage\":{\"@id\":\"https:\/\/radioportoseguro.com.br\/site\/2026\/01\/14\/isadora-pompeo-lanca-ultima-faixa-do-album-processo\/#primaryimage\"},\"image\":{\"@id\":\"https:\/\/radioportoseguro.com.br\/site\/2026\/01\/14\/isadora-pompeo-lanca-ultima-faixa-do-album-processo\/#primaryimage\"},\"thumbnailUrl\":\"https:\/\/radioportoseguro.com.br\/site\/wp-content\/uploads\/2026\/01\/Isadora-Pompeo-Sua-Paz.jpg\",\"datePublished\":\"2026-01-14T23:03:18+00:00\",\"author\":{\"@id\":\"https:\/\/radioportoseguro.com.br\/site\/#\/schema\/person\/7630acdc320186f13639d3c067ec089b\"},\"breadcrumb\":{\"@id\":\"https:\/\/radioportoseguro.com.br\/site\/2026\/01\/14\/isadora-pompeo-lanca-ultima-faixa-do-album-processo\/#breadcrumb\"},\"inLanguage\":\"pt-BR\",\"potentialAction\":[{\"@type\":\"ReadAction\",\"target\":[\"https:\/\/radioportoseguro.com.br\/site\/2026\/01\/14\/isadora-pompeo-lanca-ultima-faixa-do-album-processo\/\"]}]},{\"@type\":\"ImageObject\",\"inLanguage\":\"pt-BR\",\"@id\":\"https:\/\/radioportoseguro.com.br\/site\/2026\/01\/14\/isadora-pompeo-lanca-ultima-faixa-do-album-processo\/#primaryimage\",\"url\":\"https:\/\/radioportoseguro.com.br\/site\/wp-content\/uploads\/2026\/01\/Isadora-Pompeo-Sua-Paz.jpg\",\"contentUrl\":\"https:\/\/radioportoseguro.com.br\/site\/wp-content\/uploads\/2026\/01\/Isadora-Pompeo-Sua-Paz.jpg\",\"width\":1405,\"height\":1206},{\"@type\":\"BreadcrumbList\",\"@id\":\"https:\/\/radioportoseguro.com.br\/site\/2026\/01\/14\/isadora-pompeo-lanca-ultima-faixa-do-album-processo\/#breadcrumb\",\"itemListElement\":[{\"@type\":\"ListItem\",\"position\":1,\"name\":\"In\u00edcio\",\"item\":\"https:\/\/radioportoseguro.com.br\/site\/\"},{\"@type\":\"ListItem\",\"position\":2,\"name\":\"Isadora Pompeo lan\u00e7a \u00faltima faixa do \u00e1lbum &#8220;Processo&#8221;\"}]},{\"@type\":\"WebSite\",\"@id\":\"https:\/\/radioportoseguro.com.br\/site\/#website\",\"url\":\"https:\/\/radioportoseguro.com.br\/site\/\",\"name\":\"R\u00e1dio Porto Seguro\",\"description\":\"\",\"potentialAction\":[{\"@type\":\"SearchAction\",\"target\":{\"@type\":\"EntryPoint\",\"urlTemplate\":\"https:\/\/radioportoseguro.com.br\/site\/?s={search_term_string}\"},\"query-input\":{\"@type\":\"PropertyValueSpecification\",\"valueRequired\":true,\"valueName\":\"search_term_string\"}}],\"inLanguage\":\"pt-BR\"},{\"@type\":\"Person\",\"@id\":\"https:\/\/radioportoseguro.com.br\/site\/#\/schema\/person\/7630acdc320186f13639d3c067ec089b\",\"name\":\"admin\",\"image\":{\"@type\":\"ImageObject\",\"inLanguage\":\"pt-BR\",\"@id\":\"https:\/\/radioportoseguro.com.br\/site\/#\/schema\/person\/image\/\",\"url\":\"https:\/\/secure.gravatar.com\/avatar\/caacf4dc1eedb68fab0df8e1ed46c448e578b2466351bbcb61e47d2ac0caaef0?s=96&d=mm&r=g\",\"contentUrl\":\"https:\/\/secure.gravatar.com\/avatar\/caacf4dc1eedb68fab0df8e1ed46c448e578b2466351bbcb61e47d2ac0caaef0?s=96&d=mm&r=g\",\"caption\":\"admin\"},\"sameAs\":[\"https:\/\/radioportoseguro.com.br\/site\"],\"url\":\"https:\/\/radioportoseguro.com.br\/site\/author\/hezio\/\"}]}<\/script>\n<!-- \/ Yoast SEO plugin. -->","yoast_head_json":{"title":"Isadora Pompeo lan\u00e7a \u00faltima faixa do \u00e1lbum \"Processo\" - R\u00e1dio Porto Seguro","robots":{"index":"index","follow":"follow","max-snippet":"max-snippet:-1","max-image-preview":"max-image-preview:large","max-video-preview":"max-video-preview:-1"},"canonical":"https:\/\/radioportoseguro.com.br\/site\/2026\/01\/14\/isadora-pompeo-lanca-ultima-faixa-do-album-processo\/","og_locale":"pt_BR","og_type":"article","og_title":"Isadora Pompeo lan\u00e7a \u00faltima faixa do \u00e1lbum \"Processo\" - R\u00e1dio Porto Seguro","og_description":"A cantora Isadora Pompeo lan\u00e7ou nesta quinta-feira, 03 de dezembro, a m\u00fasica\u00a0Sua Paz, que est\u00e1 dispon\u00edvel nas plataformas digitais com distribui\u00e7\u00e3o da Musile Records, e tamb\u00e9m h\u00e1 um clipe\u00a0no canal da gravadora no YouTube. A letra da m\u00fasica est\u00e1 no final deste\u00a0post. Esta \u00e9 a \u00faltima faixa do \u00e1lbum \u201cProcesso\u201d, que foi concebido para tratar [&hellip;]","og_url":"https:\/\/radioportoseguro.com.br\/site\/2026\/01\/14\/isadora-pompeo-lanca-ultima-faixa-do-album-processo\/","og_site_name":"R\u00e1dio Porto Seguro","article_published_time":"2026-01-14T23:03:18+00:00","og_image":[{"width":1405,"height":1206,"url":"https:\/\/radioportoseguro.com.br\/site\/wp-content\/uploads\/2026\/01\/Isadora-Pompeo-Sua-Paz.jpg","type":"image\/jpeg"}],"author":"admin","twitter_card":"summary_large_image","twitter_misc":{"Escrito por":"admin","Est. tempo de leitura":"2 minutos"},"schema":{"@context":"https:\/\/schema.org","@graph":[{"@type":"Article","@id":"https:\/\/radioportoseguro.com.br\/site\/2026\/01\/14\/isadora-pompeo-lanca-ultima-faixa-do-album-processo\/#article","isPartOf":{"@id":"https:\/\/radioportoseguro.com.br\/site\/2026\/01\/14\/isadora-pompeo-lanca-ultima-faixa-do-album-processo\/"},"author":{"name":"admin","@id":"https:\/\/radioportoseguro.com.br\/site\/#\/schema\/person\/7630acdc320186f13639d3c067ec089b"},"headline":"Isadora Pompeo lan\u00e7a \u00faltima faixa do \u00e1lbum &#8220;Processo&#8221;","datePublished":"2026-01-14T23:03:18+00:00","mainEntityOfPage":{"@id":"https:\/\/radioportoseguro.com.br\/site\/2026\/01\/14\/isadora-pompeo-lanca-ultima-faixa-do-album-processo\/"},"wordCount":345,"commentCount":0,"image":{"@id":"https:\/\/radioportoseguro.com.br\/site\/2026\/01\/14\/isadora-pompeo-lanca-ultima-faixa-do-album-processo\/#primaryimage"},"thumbnailUrl":"https:\/\/radioportoseguro.com.br\/site\/wp-content\/uploads\/2026\/01\/Isadora-Pompeo-Sua-Paz.jpg","articleSection":["M\u00fasica"],"inLanguage":"pt-BR","potentialAction":[{"@type":"CommentAction","name":"Comment","target":["https:\/\/radioportoseguro.com.br\/site\/2026\/01\/14\/isadora-pompeo-lanca-ultima-faixa-do-album-processo\/#respond"]}]},{"@type":"WebPage","@id":"https:\/\/radioportoseguro.com.br\/site\/2026\/01\/14\/isadora-pompeo-lanca-ultima-faixa-do-album-processo\/","url":"https:\/\/radioportoseguro.com.br\/site\/2026\/01\/14\/isadora-pompeo-lanca-ultima-faixa-do-album-processo\/","name":"Isadora Pompeo lan\u00e7a \u00faltima faixa do \u00e1lbum \"Processo\" - R\u00e1dio Porto Seguro","isPartOf":{"@id":"https:\/\/radioportoseguro.com.br\/site\/#website"},"primaryImageOfPage":{"@id":"https:\/\/radioportoseguro.com.br\/site\/2026\/01\/14\/isadora-pompeo-lanca-ultima-faixa-do-album-processo\/#primaryimage"},"image":{"@id":"https:\/\/radioportoseguro.com.br\/site\/2026\/01\/14\/isadora-pompeo-lanca-ultima-faixa-do-album-processo\/#primaryimage"},"thumbnailUrl":"https:\/\/radioportoseguro.com.br\/site\/wp-content\/uploads\/2026\/01\/Isadora-Pompeo-Sua-Paz.jpg","datePublished":"2026-01-14T23:03:18+00:00","author":{"@id":"https:\/\/radioportoseguro.com.br\/site\/#\/schema\/person\/7630acdc320186f13639d3c067ec089b"},"breadcrumb":{"@id":"https:\/\/radioportoseguro.com.br\/site\/2026\/01\/14\/isadora-pompeo-lanca-ultima-faixa-do-album-processo\/#breadcrumb"},"inLanguage":"pt-BR","potentialAction":[{"@type":"ReadAction","target":["https:\/\/radioportoseguro.com.br\/site\/2026\/01\/14\/isadora-pompeo-lanca-ultima-faixa-do-album-processo\/"]}]},{"@type":"ImageObject","inLanguage":"pt-BR","@id":"https:\/\/radioportoseguro.com.br\/site\/2026\/01\/14\/isadora-pompeo-lanca-ultima-faixa-do-album-processo\/#primaryimage","url":"https:\/\/radioportoseguro.com.br\/site\/wp-content\/uploads\/2026\/01\/Isadora-Pompeo-Sua-Paz.jpg","contentUrl":"https:\/\/radioportoseguro.com.br\/site\/wp-content\/uploads\/2026\/01\/Isadora-Pompeo-Sua-Paz.jpg","width":1405,"height":1206},{"@type":"BreadcrumbList","@id":"https:\/\/radioportoseguro.com.br\/site\/2026\/01\/14\/isadora-pompeo-lanca-ultima-faixa-do-album-processo\/#breadcrumb","itemListElement":[{"@type":"ListItem","position":1,"name":"In\u00edcio","item":"https:\/\/radioportoseguro.com.br\/site\/"},{"@type":"ListItem","position":2,"name":"Isadora Pompeo lan\u00e7a \u00faltima faixa do \u00e1lbum &#8220;Processo&#8221;"}]},{"@type":"WebSite","@id":"https:\/\/radioportoseguro.com.br\/site\/#website","url":"https:\/\/radioportoseguro.com.br\/site\/","name":"R\u00e1dio Porto Seguro","description":"","potentialAction":[{"@type":"SearchAction","target":{"@type":"EntryPoint","urlTemplate":"https:\/\/radioportoseguro.com.br\/site\/?s={search_term_string}"},"query-input":{"@type":"PropertyValueSpecification","valueRequired":true,"valueName":"search_term_string"}}],"inLanguage":"pt-BR"},{"@type":"Person","@id":"https:\/\/radioportoseguro.com.br\/site\/#\/schema\/person\/7630acdc320186f13639d3c067ec089b","name":"admin","image":{"@type":"ImageObject","inLanguage":"pt-BR","@id":"https:\/\/radioportoseguro.com.br\/site\/#\/schema\/person\/image\/","url":"https:\/\/secure.gravatar.com\/avatar\/caacf4dc1eedb68fab0df8e1ed46c448e578b2466351bbcb61e47d2ac0caaef0?s=96&d=mm&r=g","contentUrl":"https:\/\/secure.gravatar.com\/avatar\/caacf4dc1eedb68fab0df8e1ed46c448e578b2466351bbcb61e47d2ac0caaef0?s=96&d=mm&r=g","caption":"admin"},"sameAs":["https:\/\/radioportoseguro.com.br\/site"],"url":"https:\/\/radioportoseguro.com.br\/site\/author\/hezio\/"}]}},"_links":{"self":[{"href":"https:\/\/radioportoseguro.com.br\/site\/wp-json\/wp\/v2\/posts\/2732","targetHints":{"allow":["GET"]}}],"collection":[{"href":"https:\/\/radioportoseguro.com.br\/site\/wp-json\/wp\/v2\/posts"}],"about":[{"href":"https:\/\/radioportoseguro.com.br\/site\/wp-json\/wp\/v2\/types\/post"}],"author":[{"embeddable":true,"href":"https:\/\/radioportoseguro.com.br\/site\/wp-json\/wp\/v2\/users\/1"}],"replies":[{"embeddable":true,"href":"https:\/\/radioportoseguro.com.br\/site\/wp-json\/wp\/v2\/comments?post=2732"}],"version-history":[{"count":0,"href":"https:\/\/radioportoseguro.com.br\/site\/wp-json\/wp\/v2\/posts\/2732\/revisions"}],"wp:featuredmedia":[{"embeddable":true,"href":"https:\/\/radioportoseguro.com.br\/site\/wp-json\/wp\/v2\/media\/2733"}],"wp:attachment":[{"href":"https:\/\/radioportoseguro.com.br\/site\/wp-json\/wp\/v2\/media?parent=2732"}],"wp:term":[{"taxonomy":"category","embeddable":true,"href":"https:\/\/radioportoseguro.com.br\/site\/wp-json\/wp\/v2\/categories?post=2732"},{"taxonomy":"post_tag","embeddable":true,"href":"https:\/\/radioportoseguro.com.br\/site\/wp-json\/wp\/v2\/tags?post=2732"}],"curies":[{"name":"wp","href":"https:\/\/api.w.org\/{rel}","templated":true}]}}