{"id":2734,"date":"2026-01-14T20:03:32","date_gmt":"2026-01-14T23:03:32","guid":{"rendered":"https:\/\/radioportoseguro.com.br\/site\/2026\/01\/14\/letra-e-musica-ouca-som-das-aguas-de-julia-vitoria\/"},"modified":"2026-01-14T20:03:32","modified_gmt":"2026-01-14T23:03:32","slug":"letra-e-musica-ouca-som-das-aguas-de-julia-vitoria","status":"publish","type":"post","link":"https:\/\/radioportoseguro.com.br\/site\/2026\/01\/14\/letra-e-musica-ouca-som-das-aguas-de-julia-vitoria\/","title":{"rendered":"Letra e m\u00fasica: ou\u00e7a \u2018Som das \u00c1guas\u2019, de Julia Vitoria"},"content":{"rendered":"<p><br \/>\n<\/p>\n<div>\n<p>A cantora Julia Vit\u00f3ria lan\u00e7ou a can\u00e7\u00e3o\u00a0<em>Som das \u00c1guas<\/em> na \u00faltima quinta-feira, 19 de novembro. A m\u00fasica est\u00e1 dispon\u00edvel nas plataformas digitais e tamb\u00e9m no canal da Musile Records no YouTube. Ao final desse\u00a0<em>post<\/em>\u00a0voc\u00ea confere a letra da m\u00fasica.<\/p>\n<p><em>Som das \u00c1guas<\/em> \u00e9 a primeira faixa de um novo projeto de Julia Vit\u00f3ria em parceria com a gravadora. De acordo com a nota de divulga\u00e7\u00e3o, a m\u00fasica \u201ctraz toda a influ\u00eancia norte-americana para essa obra, que conta com a participa\u00e7\u00e3o de mais de 70 vozes do coral One Service Project e nos remete \u00e0s apresenta\u00e7\u00f5es de Tasha Cobbs e Kirk Franklin\u201d.<\/p>\n<p><strong>Julia Vit\u00f3ria<\/strong> comentou o lan\u00e7amento: \u201cO processo de composi\u00e7\u00e3o foi muito legal, porque essa m\u00fasica \u00e9 super diferente de todo o projeto que est\u00e1 por vir e \u00e9 um convite para as pessoas \u2018Venham, experimentem aquilo que Jesus tem para oferecer, que \u00e9 melhor do que qualquer coisa que voc\u00ea vai ver na sua vida\u2019 e estou com altas expectativas\u201d, explicou.<\/p>\n<h2><strong>\u2018Som das \u00c1guas\u2019<\/strong><\/h2>\n<div class=\"ose-youtube ose-uid-501d6f2bb1162db97a184797d7525fdd ose-embedpress-responsive\" style=\"width:600px; height:600px; max-height:600px; max-width:100%; display:inline-block;\" data-embed-type=\"Youtube\"><iframe allowFullScreen=\"true\" title=\"Julia Vitoria - Som Das \u00c1guas (Ao Vivo)\" width=\"600\" height=\"600\" src=\"https:\/\/www.youtube.com\/embed\/ibNM_UhAYPc?feature=oembed&color=red&rel=0&controls=1&start=&end=&fs=0&iv_load_policy=0&autoplay=0&mute=0&modestbranding=0&cc_load_policy=1&playsinline=1\" frameborder=\"0\" allow=\"accelerometer; encrypted-media;accelerometer;autoplay;clipboard-write;gyroscope;picture-in-picture clipboard-write; encrypted-media; gyroscope; picture-in-picture; web-share\" referrerpolicy=\"strict-origin-when-cross-origin\" allowfullscreen><\/iframe><\/div>\n<p><em>Venho a Ti<\/em><br \/><em>Deixo todo o fardo aos Teus p\u00e9s<\/em><br \/><em>Venho a Ti<\/em><br \/><em>Pois ouvi falar de quem Tu \u00e9s<\/em><\/p>\n<p><em>Estou aqui<\/em><br \/><em>Os meus medos quero entregar<\/em><br \/><em>Estou aqui<\/em><br \/><em>A minha sede podes saciar<\/em><\/p>\n<p><em>Venham as \u00e1guas<\/em><br \/><em>Bebam da fonte de \u00e1guas vivas<\/em><br \/><em>Ao som das \u00e1guas<\/em><br \/><em>O que estava morto volta \u00e0 vida<\/em><\/p>\n<p><em>Venham a mim<\/em><br \/><em>Eu troco o seu fardo pelo meu<\/em><br \/><em>Venham a mim<\/em><br \/><em>Vai e vede que Eu sou teu Deus<\/em><\/p>\n<p><em>Estou aqui<\/em><br \/><em>O meu perfeito amor vai te curar<\/em><br \/><em>Estou aqui<\/em><br \/><em>A sua sede posso saciar<\/em><\/p>\n<p><em>Venham as \u00e1guas<\/em><br \/><em>Bebam da fonte de \u00e1guas vivas<\/em><br \/><em>Ao som das \u00e1guas<\/em><br \/><em>O que estava morto volta \u00e0 vida<\/em><\/p>\n<p><em>Eu Sou o que Sou<\/em><br \/><em>O Deus de Israel<\/em><br \/><em>E todos meus pensamentos<\/em><br \/><em>Superam os seus<\/em><\/p>\n<p><em>Eu vou saciar<\/em><br \/><em>Aquele que beber<\/em><br \/><em>Ir\u00e1 viver para sempre<\/em><\/p>\n<p><em>Pra sempre<\/em><br \/><em>Pra sempre<\/em><br \/><em>Pra sempre<\/em><\/p>\n<p><em>Autores: Julia Vit\u00f3ria e Hananiel Eduardo<\/em><\/p>\n<p><!-- CONTENT END 1 --><\/p><\/div>\n<p><br \/>\n<br \/>Fonte: Gospel +<\/p>\n","protected":false},"excerpt":{"rendered":"<p>A cantora Julia Vit\u00f3ria lan\u00e7ou a can\u00e7\u00e3o\u00a0Som das \u00c1guas na \u00faltima quinta-feira, 19 de novembro. A m\u00fasica est\u00e1 dispon\u00edvel nas plataformas digitais e tamb\u00e9m no canal da Musile Records no YouTube. Ao final desse\u00a0post\u00a0voc\u00ea confere a letra da m\u00fasica. Som das \u00c1guas \u00e9 a primeira faixa de um novo projeto de Julia Vit\u00f3ria em parceria [&hellip;]<\/p>\n","protected":false},"author":1,"featured_media":2735,"comment_status":"open","ping_status":"open","sticky":false,"template":"","format":"standard","meta":{"footnotes":""},"categories":[4],"tags":[],"class_list":["post-2734","post","type-post","status-publish","format-standard","has-post-thumbnail","hentry","category-musica"],"yoast_head":"<!-- This site is optimized with the Yoast SEO plugin v26.8 - https:\/\/yoast.com\/product\/yoast-seo-wordpress\/ -->\n<title>Letra e m\u00fasica: ou\u00e7a \u2018Som das \u00c1guas\u2019, de Julia Vitoria - R\u00e1dio Porto Seguro<\/title>\n<meta name=\"robots\" content=\"index, follow, max-snippet:-1, max-image-preview:large, max-video-preview:-1\" \/>\n<link rel=\"canonical\" href=\"https:\/\/radioportoseguro.com.br\/site\/2026\/01\/14\/letra-e-musica-ouca-som-das-aguas-de-julia-vitoria\/\" \/>\n<meta property=\"og:locale\" content=\"pt_BR\" \/>\n<meta property=\"og:type\" content=\"article\" \/>\n<meta property=\"og:title\" content=\"Letra e m\u00fasica: ou\u00e7a \u2018Som das \u00c1guas\u2019, de Julia Vitoria - R\u00e1dio Porto Seguro\" \/>\n<meta property=\"og:description\" content=\"A cantora Julia Vit\u00f3ria lan\u00e7ou a can\u00e7\u00e3o\u00a0Som das \u00c1guas na \u00faltima quinta-feira, 19 de novembro. A m\u00fasica est\u00e1 dispon\u00edvel nas plataformas digitais e tamb\u00e9m no canal da Musile Records no YouTube. Ao final desse\u00a0post\u00a0voc\u00ea confere a letra da m\u00fasica. Som das \u00c1guas \u00e9 a primeira faixa de um novo projeto de Julia Vit\u00f3ria em parceria [&hellip;]\" \/>\n<meta property=\"og:url\" content=\"https:\/\/radioportoseguro.com.br\/site\/2026\/01\/14\/letra-e-musica-ouca-som-das-aguas-de-julia-vitoria\/\" \/>\n<meta property=\"og:site_name\" content=\"R\u00e1dio Porto Seguro\" \/>\n<meta property=\"article:published_time\" content=\"2026-01-14T23:03:32+00:00\" \/>\n<meta property=\"og:image\" content=\"https:\/\/radioportoseguro.com.br\/site\/wp-content\/uploads\/2026\/01\/Julia-Vitoria-Som-das-Aguas-scaled.jpg\" \/>\n\t<meta property=\"og:image:width\" content=\"2560\" \/>\n\t<meta property=\"og:image:height\" content=\"2281\" \/>\n\t<meta property=\"og:image:type\" content=\"image\/jpeg\" \/>\n<meta name=\"author\" content=\"admin\" \/>\n<meta name=\"twitter:card\" content=\"summary_large_image\" \/>\n<meta name=\"twitter:label1\" content=\"Escrito por\" \/>\n\t<meta name=\"twitter:data1\" content=\"admin\" \/>\n\t<meta name=\"twitter:label2\" content=\"Est. tempo de leitura\" \/>\n\t<meta name=\"twitter:data2\" content=\"2 minutos\" \/>\n<script type=\"application\/ld+json\" class=\"yoast-schema-graph\">{\"@context\":\"https:\/\/schema.org\",\"@graph\":[{\"@type\":\"Article\",\"@id\":\"https:\/\/radioportoseguro.com.br\/site\/2026\/01\/14\/letra-e-musica-ouca-som-das-aguas-de-julia-vitoria\/#article\",\"isPartOf\":{\"@id\":\"https:\/\/radioportoseguro.com.br\/site\/2026\/01\/14\/letra-e-musica-ouca-som-das-aguas-de-julia-vitoria\/\"},\"author\":{\"name\":\"admin\",\"@id\":\"https:\/\/radioportoseguro.com.br\/site\/#\/schema\/person\/7630acdc320186f13639d3c067ec089b\"},\"headline\":\"Letra e m\u00fasica: ou\u00e7a \u2018Som das \u00c1guas\u2019, de Julia Vitoria\",\"datePublished\":\"2026-01-14T23:03:32+00:00\",\"mainEntityOfPage\":{\"@id\":\"https:\/\/radioportoseguro.com.br\/site\/2026\/01\/14\/letra-e-musica-ouca-som-das-aguas-de-julia-vitoria\/\"},\"wordCount\":354,\"commentCount\":0,\"image\":{\"@id\":\"https:\/\/radioportoseguro.com.br\/site\/2026\/01\/14\/letra-e-musica-ouca-som-das-aguas-de-julia-vitoria\/#primaryimage\"},\"thumbnailUrl\":\"https:\/\/radioportoseguro.com.br\/site\/wp-content\/uploads\/2026\/01\/Julia-Vitoria-Som-das-Aguas-scaled.jpg\",\"articleSection\":[\"M\u00fasica\"],\"inLanguage\":\"pt-BR\",\"potentialAction\":[{\"@type\":\"CommentAction\",\"name\":\"Comment\",\"target\":[\"https:\/\/radioportoseguro.com.br\/site\/2026\/01\/14\/letra-e-musica-ouca-som-das-aguas-de-julia-vitoria\/#respond\"]}]},{\"@type\":\"WebPage\",\"@id\":\"https:\/\/radioportoseguro.com.br\/site\/2026\/01\/14\/letra-e-musica-ouca-som-das-aguas-de-julia-vitoria\/\",\"url\":\"https:\/\/radioportoseguro.com.br\/site\/2026\/01\/14\/letra-e-musica-ouca-som-das-aguas-de-julia-vitoria\/\",\"name\":\"Letra e m\u00fasica: ou\u00e7a \u2018Som das \u00c1guas\u2019, de Julia Vitoria - R\u00e1dio Porto Seguro\",\"isPartOf\":{\"@id\":\"https:\/\/radioportoseguro.com.br\/site\/#website\"},\"primaryImageOfPage\":{\"@id\":\"https:\/\/radioportoseguro.com.br\/site\/2026\/01\/14\/letra-e-musica-ouca-som-das-aguas-de-julia-vitoria\/#primaryimage\"},\"image\":{\"@id\":\"https:\/\/radioportoseguro.com.br\/site\/2026\/01\/14\/letra-e-musica-ouca-som-das-aguas-de-julia-vitoria\/#primaryimage\"},\"thumbnailUrl\":\"https:\/\/radioportoseguro.com.br\/site\/wp-content\/uploads\/2026\/01\/Julia-Vitoria-Som-das-Aguas-scaled.jpg\",\"datePublished\":\"2026-01-14T23:03:32+00:00\",\"author\":{\"@id\":\"https:\/\/radioportoseguro.com.br\/site\/#\/schema\/person\/7630acdc320186f13639d3c067ec089b\"},\"breadcrumb\":{\"@id\":\"https:\/\/radioportoseguro.com.br\/site\/2026\/01\/14\/letra-e-musica-ouca-som-das-aguas-de-julia-vitoria\/#breadcrumb\"},\"inLanguage\":\"pt-BR\",\"potentialAction\":[{\"@type\":\"ReadAction\",\"target\":[\"https:\/\/radioportoseguro.com.br\/site\/2026\/01\/14\/letra-e-musica-ouca-som-das-aguas-de-julia-vitoria\/\"]}]},{\"@type\":\"ImageObject\",\"inLanguage\":\"pt-BR\",\"@id\":\"https:\/\/radioportoseguro.com.br\/site\/2026\/01\/14\/letra-e-musica-ouca-som-das-aguas-de-julia-vitoria\/#primaryimage\",\"url\":\"https:\/\/radioportoseguro.com.br\/site\/wp-content\/uploads\/2026\/01\/Julia-Vitoria-Som-das-Aguas-scaled.jpg\",\"contentUrl\":\"https:\/\/radioportoseguro.com.br\/site\/wp-content\/uploads\/2026\/01\/Julia-Vitoria-Som-das-Aguas-scaled.jpg\",\"width\":2560,\"height\":2281},{\"@type\":\"BreadcrumbList\",\"@id\":\"https:\/\/radioportoseguro.com.br\/site\/2026\/01\/14\/letra-e-musica-ouca-som-das-aguas-de-julia-vitoria\/#breadcrumb\",\"itemListElement\":[{\"@type\":\"ListItem\",\"position\":1,\"name\":\"In\u00edcio\",\"item\":\"https:\/\/radioportoseguro.com.br\/site\/\"},{\"@type\":\"ListItem\",\"position\":2,\"name\":\"Letra e m\u00fasica: ou\u00e7a \u2018Som das \u00c1guas\u2019, de Julia Vitoria\"}]},{\"@type\":\"WebSite\",\"@id\":\"https:\/\/radioportoseguro.com.br\/site\/#website\",\"url\":\"https:\/\/radioportoseguro.com.br\/site\/\",\"name\":\"R\u00e1dio Porto Seguro\",\"description\":\"\",\"potentialAction\":[{\"@type\":\"SearchAction\",\"target\":{\"@type\":\"EntryPoint\",\"urlTemplate\":\"https:\/\/radioportoseguro.com.br\/site\/?s={search_term_string}\"},\"query-input\":{\"@type\":\"PropertyValueSpecification\",\"valueRequired\":true,\"valueName\":\"search_term_string\"}}],\"inLanguage\":\"pt-BR\"},{\"@type\":\"Person\",\"@id\":\"https:\/\/radioportoseguro.com.br\/site\/#\/schema\/person\/7630acdc320186f13639d3c067ec089b\",\"name\":\"admin\",\"image\":{\"@type\":\"ImageObject\",\"inLanguage\":\"pt-BR\",\"@id\":\"https:\/\/radioportoseguro.com.br\/site\/#\/schema\/person\/image\/\",\"url\":\"https:\/\/secure.gravatar.com\/avatar\/caacf4dc1eedb68fab0df8e1ed46c448e578b2466351bbcb61e47d2ac0caaef0?s=96&d=mm&r=g\",\"contentUrl\":\"https:\/\/secure.gravatar.com\/avatar\/caacf4dc1eedb68fab0df8e1ed46c448e578b2466351bbcb61e47d2ac0caaef0?s=96&d=mm&r=g\",\"caption\":\"admin\"},\"sameAs\":[\"https:\/\/radioportoseguro.com.br\/site\"],\"url\":\"https:\/\/radioportoseguro.com.br\/site\/author\/hezio\/\"}]}<\/script>\n<!-- \/ Yoast SEO plugin. -->","yoast_head_json":{"title":"Letra e m\u00fasica: ou\u00e7a \u2018Som das \u00c1guas\u2019, de Julia Vitoria - R\u00e1dio Porto Seguro","robots":{"index":"index","follow":"follow","max-snippet":"max-snippet:-1","max-image-preview":"max-image-preview:large","max-video-preview":"max-video-preview:-1"},"canonical":"https:\/\/radioportoseguro.com.br\/site\/2026\/01\/14\/letra-e-musica-ouca-som-das-aguas-de-julia-vitoria\/","og_locale":"pt_BR","og_type":"article","og_title":"Letra e m\u00fasica: ou\u00e7a \u2018Som das \u00c1guas\u2019, de Julia Vitoria - R\u00e1dio Porto Seguro","og_description":"A cantora Julia Vit\u00f3ria lan\u00e7ou a can\u00e7\u00e3o\u00a0Som das \u00c1guas na \u00faltima quinta-feira, 19 de novembro. A m\u00fasica est\u00e1 dispon\u00edvel nas plataformas digitais e tamb\u00e9m no canal da Musile Records no YouTube. Ao final desse\u00a0post\u00a0voc\u00ea confere a letra da m\u00fasica. Som das \u00c1guas \u00e9 a primeira faixa de um novo projeto de Julia Vit\u00f3ria em parceria [&hellip;]","og_url":"https:\/\/radioportoseguro.com.br\/site\/2026\/01\/14\/letra-e-musica-ouca-som-das-aguas-de-julia-vitoria\/","og_site_name":"R\u00e1dio Porto Seguro","article_published_time":"2026-01-14T23:03:32+00:00","og_image":[{"width":2560,"height":2281,"url":"https:\/\/radioportoseguro.com.br\/site\/wp-content\/uploads\/2026\/01\/Julia-Vitoria-Som-das-Aguas-scaled.jpg","type":"image\/jpeg"}],"author":"admin","twitter_card":"summary_large_image","twitter_misc":{"Escrito por":"admin","Est. tempo de leitura":"2 minutos"},"schema":{"@context":"https:\/\/schema.org","@graph":[{"@type":"Article","@id":"https:\/\/radioportoseguro.com.br\/site\/2026\/01\/14\/letra-e-musica-ouca-som-das-aguas-de-julia-vitoria\/#article","isPartOf":{"@id":"https:\/\/radioportoseguro.com.br\/site\/2026\/01\/14\/letra-e-musica-ouca-som-das-aguas-de-julia-vitoria\/"},"author":{"name":"admin","@id":"https:\/\/radioportoseguro.com.br\/site\/#\/schema\/person\/7630acdc320186f13639d3c067ec089b"},"headline":"Letra e m\u00fasica: ou\u00e7a \u2018Som das \u00c1guas\u2019, de Julia Vitoria","datePublished":"2026-01-14T23:03:32+00:00","mainEntityOfPage":{"@id":"https:\/\/radioportoseguro.com.br\/site\/2026\/01\/14\/letra-e-musica-ouca-som-das-aguas-de-julia-vitoria\/"},"wordCount":354,"commentCount":0,"image":{"@id":"https:\/\/radioportoseguro.com.br\/site\/2026\/01\/14\/letra-e-musica-ouca-som-das-aguas-de-julia-vitoria\/#primaryimage"},"thumbnailUrl":"https:\/\/radioportoseguro.com.br\/site\/wp-content\/uploads\/2026\/01\/Julia-Vitoria-Som-das-Aguas-scaled.jpg","articleSection":["M\u00fasica"],"inLanguage":"pt-BR","potentialAction":[{"@type":"CommentAction","name":"Comment","target":["https:\/\/radioportoseguro.com.br\/site\/2026\/01\/14\/letra-e-musica-ouca-som-das-aguas-de-julia-vitoria\/#respond"]}]},{"@type":"WebPage","@id":"https:\/\/radioportoseguro.com.br\/site\/2026\/01\/14\/letra-e-musica-ouca-som-das-aguas-de-julia-vitoria\/","url":"https:\/\/radioportoseguro.com.br\/site\/2026\/01\/14\/letra-e-musica-ouca-som-das-aguas-de-julia-vitoria\/","name":"Letra e m\u00fasica: ou\u00e7a \u2018Som das \u00c1guas\u2019, de Julia Vitoria - R\u00e1dio Porto Seguro","isPartOf":{"@id":"https:\/\/radioportoseguro.com.br\/site\/#website"},"primaryImageOfPage":{"@id":"https:\/\/radioportoseguro.com.br\/site\/2026\/01\/14\/letra-e-musica-ouca-som-das-aguas-de-julia-vitoria\/#primaryimage"},"image":{"@id":"https:\/\/radioportoseguro.com.br\/site\/2026\/01\/14\/letra-e-musica-ouca-som-das-aguas-de-julia-vitoria\/#primaryimage"},"thumbnailUrl":"https:\/\/radioportoseguro.com.br\/site\/wp-content\/uploads\/2026\/01\/Julia-Vitoria-Som-das-Aguas-scaled.jpg","datePublished":"2026-01-14T23:03:32+00:00","author":{"@id":"https:\/\/radioportoseguro.com.br\/site\/#\/schema\/person\/7630acdc320186f13639d3c067ec089b"},"breadcrumb":{"@id":"https:\/\/radioportoseguro.com.br\/site\/2026\/01\/14\/letra-e-musica-ouca-som-das-aguas-de-julia-vitoria\/#breadcrumb"},"inLanguage":"pt-BR","potentialAction":[{"@type":"ReadAction","target":["https:\/\/radioportoseguro.com.br\/site\/2026\/01\/14\/letra-e-musica-ouca-som-das-aguas-de-julia-vitoria\/"]}]},{"@type":"ImageObject","inLanguage":"pt-BR","@id":"https:\/\/radioportoseguro.com.br\/site\/2026\/01\/14\/letra-e-musica-ouca-som-das-aguas-de-julia-vitoria\/#primaryimage","url":"https:\/\/radioportoseguro.com.br\/site\/wp-content\/uploads\/2026\/01\/Julia-Vitoria-Som-das-Aguas-scaled.jpg","contentUrl":"https:\/\/radioportoseguro.com.br\/site\/wp-content\/uploads\/2026\/01\/Julia-Vitoria-Som-das-Aguas-scaled.jpg","width":2560,"height":2281},{"@type":"BreadcrumbList","@id":"https:\/\/radioportoseguro.com.br\/site\/2026\/01\/14\/letra-e-musica-ouca-som-das-aguas-de-julia-vitoria\/#breadcrumb","itemListElement":[{"@type":"ListItem","position":1,"name":"In\u00edcio","item":"https:\/\/radioportoseguro.com.br\/site\/"},{"@type":"ListItem","position":2,"name":"Letra e m\u00fasica: ou\u00e7a \u2018Som das \u00c1guas\u2019, de Julia Vitoria"}]},{"@type":"WebSite","@id":"https:\/\/radioportoseguro.com.br\/site\/#website","url":"https:\/\/radioportoseguro.com.br\/site\/","name":"R\u00e1dio Porto Seguro","description":"","potentialAction":[{"@type":"SearchAction","target":{"@type":"EntryPoint","urlTemplate":"https:\/\/radioportoseguro.com.br\/site\/?s={search_term_string}"},"query-input":{"@type":"PropertyValueSpecification","valueRequired":true,"valueName":"search_term_string"}}],"inLanguage":"pt-BR"},{"@type":"Person","@id":"https:\/\/radioportoseguro.com.br\/site\/#\/schema\/person\/7630acdc320186f13639d3c067ec089b","name":"admin","image":{"@type":"ImageObject","inLanguage":"pt-BR","@id":"https:\/\/radioportoseguro.com.br\/site\/#\/schema\/person\/image\/","url":"https:\/\/secure.gravatar.com\/avatar\/caacf4dc1eedb68fab0df8e1ed46c448e578b2466351bbcb61e47d2ac0caaef0?s=96&d=mm&r=g","contentUrl":"https:\/\/secure.gravatar.com\/avatar\/caacf4dc1eedb68fab0df8e1ed46c448e578b2466351bbcb61e47d2ac0caaef0?s=96&d=mm&r=g","caption":"admin"},"sameAs":["https:\/\/radioportoseguro.com.br\/site"],"url":"https:\/\/radioportoseguro.com.br\/site\/author\/hezio\/"}]}},"_links":{"self":[{"href":"https:\/\/radioportoseguro.com.br\/site\/wp-json\/wp\/v2\/posts\/2734","targetHints":{"allow":["GET"]}}],"collection":[{"href":"https:\/\/radioportoseguro.com.br\/site\/wp-json\/wp\/v2\/posts"}],"about":[{"href":"https:\/\/radioportoseguro.com.br\/site\/wp-json\/wp\/v2\/types\/post"}],"author":[{"embeddable":true,"href":"https:\/\/radioportoseguro.com.br\/site\/wp-json\/wp\/v2\/users\/1"}],"replies":[{"embeddable":true,"href":"https:\/\/radioportoseguro.com.br\/site\/wp-json\/wp\/v2\/comments?post=2734"}],"version-history":[{"count":0,"href":"https:\/\/radioportoseguro.com.br\/site\/wp-json\/wp\/v2\/posts\/2734\/revisions"}],"wp:featuredmedia":[{"embeddable":true,"href":"https:\/\/radioportoseguro.com.br\/site\/wp-json\/wp\/v2\/media\/2735"}],"wp:attachment":[{"href":"https:\/\/radioportoseguro.com.br\/site\/wp-json\/wp\/v2\/media?parent=2734"}],"wp:term":[{"taxonomy":"category","embeddable":true,"href":"https:\/\/radioportoseguro.com.br\/site\/wp-json\/wp\/v2\/categories?post=2734"},{"taxonomy":"post_tag","embeddable":true,"href":"https:\/\/radioportoseguro.com.br\/site\/wp-json\/wp\/v2\/tags?post=2734"}],"curies":[{"name":"wp","href":"https:\/\/api.w.org\/{rel}","templated":true}]}}