{"id":2736,"date":"2026-01-14T20:03:54","date_gmt":"2026-01-14T23:03:54","guid":{"rendered":"https:\/\/radioportoseguro.com.br\/site\/2026\/01\/14\/ouca-voce-nao-cansa-de-isadora-pompeo\/"},"modified":"2026-01-14T20:03:54","modified_gmt":"2026-01-14T23:03:54","slug":"ouca-voce-nao-cansa-de-isadora-pompeo","status":"publish","type":"post","link":"https:\/\/radioportoseguro.com.br\/site\/2026\/01\/14\/ouca-voce-nao-cansa-de-isadora-pompeo\/","title":{"rendered":"ou\u00e7a \u2018Voc\u00ea N\u00e3o Cansa\u2019, de Isadora Pompeo"},"content":{"rendered":"<p><br \/>\n<\/p>\n<div>\n<p>A cantora Isadora Pompeo lan\u00e7ou nesta quinta-feira, 12 de novembro, a m\u00fasica\u00a0<em>Voc\u00ea n\u00e3o Cansa<\/em>, que est\u00e1 dispon\u00edvel nas plataformas digitais com distribui\u00e7\u00e3o da Musile Records, e tamb\u00e9m h\u00e1 um clipe\u00a0no canal da gravadora no YouTube. A letra da m\u00fasica est\u00e1 no final deste\u00a0<em>post<\/em>.<\/p>\n<p>A nota de divulga\u00e7\u00e3o destaca que Isadora Pompeo \u201cescolheu o ano de 2020 para compartilhar o \u00e1lbum \u2018Processo\u2019, que conta as experi\u00eancias vividas por ela durante a busca por cura emocional e, agora, lan\u00e7a a sexta faixa\u201d.<\/p>\n<p><em>Voc\u00ea N\u00e3o Cansa<\/em> \u00e9 uma m\u00fasica que \u201cfala sobre recome\u00e7os e a import\u00e2ncia de correr aos bra\u00e7os do Pai, independente da situa\u00e7\u00e3o em que esteja\u201d, acrescenta a assessoria de imprensa da Musile Records.<\/p>\n<p>\u201cEstou muito animada para este lan\u00e7amento e, principalmente, ansiosa para que voc\u00eas confiram na \u00edntegra cada uma das sete faixas\u201d, conta Isadora. Al\u00e9m da nova faixa, outras cinco j\u00e1 foram apresentadas: <em>Hist\u00f3ria<\/em>, <strong><em>Seja Forte<\/em><\/strong>, <em>M\u00e1scaras<\/em>, <em>Processo<\/em> e <strong><em>Em Troca<\/em><\/strong>. Em breve, a \u00faltima faixa do \u00e1lbum ser\u00e1 lan\u00e7ada pela gravadora.<\/p>\n<h2>\u2018Voc\u00ea n\u00e3o Cansa\u2019<\/h2>\n<div class=\"ose-youtube ose-uid-9c45e2d2ad53f7bbafa00546ed2a1dba ose-embedpress-responsive\" style=\"width:600px; height:600px; max-height:600px; max-width:100%; display:inline-block;\" data-embed-type=\"Youtube\"><iframe allowFullScreen=\"true\" title=\"Isadora Pompeo - Voc\u00ea N\u00e3o Cansa\" width=\"600\" height=\"600\" src=\"https:\/\/www.youtube.com\/embed\/zORHuBvBloI?feature=oembed&color=red&rel=0&controls=1&start=&end=&fs=0&iv_load_policy=0&autoplay=0&mute=0&modestbranding=0&cc_load_policy=1&playsinline=1\" frameborder=\"0\" allow=\"accelerometer; encrypted-media;accelerometer;autoplay;clipboard-write;gyroscope;picture-in-picture clipboard-write; encrypted-media; gyroscope; picture-in-picture; web-share\" referrerpolicy=\"strict-origin-when-cross-origin\" allowfullscreen><\/iframe><\/div>\n<p><em>Pai, eu Te prometi<\/em><br \/><em>Nunca mais cair<\/em><br \/><em>E olha onde eu estou<\/em><\/p>\n<p><em>Meu Pai, eu disse estar ali<\/em><br \/><em>Pronto a permanecer<\/em><br \/><em>E olha onde eu estou<\/em><\/p>\n<p><em>Pai, quantas vezes eu falhei<\/em><br \/><em>Em n\u00e3o ouvir a Sua voz<\/em><br \/><em>E olha onde eu estou<\/em><\/p>\n<p><em>Pai, eu confiei em mim<\/em><br \/><em>E me esqueci de n\u00f3s<\/em><br \/><em>E olha onde eu estou<\/em><\/p>\n<p><em>Voc\u00ea n\u00e3o cansa de me receber<\/em><br \/><em>Voc\u00ea n\u00e3o cansa de me acolher<\/em><br \/><em>E eu corro pros Teus bra\u00e7os<\/em><br \/><em>E eu corro pros Teus bra\u00e7os<\/em><br \/><em>Meu lugar, \u00e9 o meu lugar<\/em><\/p>\n<p><!-- CONTENT END 1 --><\/p><\/div>\n<p><br \/>\n<br \/>Fonte: Gospel +<\/p>\n","protected":false},"excerpt":{"rendered":"<p>A cantora Isadora Pompeo lan\u00e7ou nesta quinta-feira, 12 de novembro, a m\u00fasica\u00a0Voc\u00ea n\u00e3o Cansa, que est\u00e1 dispon\u00edvel nas plataformas digitais com distribui\u00e7\u00e3o da Musile Records, e tamb\u00e9m h\u00e1 um clipe\u00a0no canal da gravadora no YouTube. A letra da m\u00fasica est\u00e1 no final deste\u00a0post. A nota de divulga\u00e7\u00e3o destaca que Isadora Pompeo \u201cescolheu o ano de [&hellip;]<\/p>\n","protected":false},"author":1,"featured_media":2737,"comment_status":"open","ping_status":"open","sticky":false,"template":"","format":"standard","meta":{"footnotes":""},"categories":[4],"tags":[],"class_list":["post-2736","post","type-post","status-publish","format-standard","has-post-thumbnail","hentry","category-musica"],"yoast_head":"<!-- This site is optimized with the Yoast SEO plugin v26.8 - https:\/\/yoast.com\/product\/yoast-seo-wordpress\/ -->\n<title>ou\u00e7a \u2018Voc\u00ea N\u00e3o Cansa\u2019, de Isadora Pompeo - R\u00e1dio Porto Seguro<\/title>\n<meta name=\"robots\" content=\"index, follow, max-snippet:-1, max-image-preview:large, max-video-preview:-1\" \/>\n<link rel=\"canonical\" href=\"https:\/\/radioportoseguro.com.br\/site\/2026\/01\/14\/ouca-voce-nao-cansa-de-isadora-pompeo\/\" \/>\n<meta property=\"og:locale\" content=\"pt_BR\" \/>\n<meta property=\"og:type\" content=\"article\" \/>\n<meta property=\"og:title\" content=\"ou\u00e7a \u2018Voc\u00ea N\u00e3o Cansa\u2019, de Isadora Pompeo - R\u00e1dio Porto Seguro\" \/>\n<meta property=\"og:description\" content=\"A cantora Isadora Pompeo lan\u00e7ou nesta quinta-feira, 12 de novembro, a m\u00fasica\u00a0Voc\u00ea n\u00e3o Cansa, que est\u00e1 dispon\u00edvel nas plataformas digitais com distribui\u00e7\u00e3o da Musile Records, e tamb\u00e9m h\u00e1 um clipe\u00a0no canal da gravadora no YouTube. A letra da m\u00fasica est\u00e1 no final deste\u00a0post. A nota de divulga\u00e7\u00e3o destaca que Isadora Pompeo \u201cescolheu o ano de [&hellip;]\" \/>\n<meta property=\"og:url\" content=\"https:\/\/radioportoseguro.com.br\/site\/2026\/01\/14\/ouca-voce-nao-cansa-de-isadora-pompeo\/\" \/>\n<meta property=\"og:site_name\" content=\"R\u00e1dio Porto Seguro\" \/>\n<meta property=\"article:published_time\" content=\"2026-01-14T23:03:54+00:00\" \/>\n<meta property=\"og:image\" content=\"https:\/\/radioportoseguro.com.br\/site\/wp-content\/uploads\/2026\/01\/Isadora-Pompeo-Voce-Nao-Cansa.jpg\" \/>\n\t<meta property=\"og:image:width\" content=\"1405\" \/>\n\t<meta property=\"og:image:height\" content=\"1265\" \/>\n\t<meta property=\"og:image:type\" content=\"image\/jpeg\" \/>\n<meta name=\"author\" content=\"admin\" \/>\n<meta name=\"twitter:card\" content=\"summary_large_image\" \/>\n<meta name=\"twitter:label1\" content=\"Escrito por\" \/>\n\t<meta name=\"twitter:data1\" content=\"admin\" \/>\n\t<meta name=\"twitter:label2\" content=\"Est. tempo de leitura\" \/>\n\t<meta name=\"twitter:data2\" content=\"1 minuto\" \/>\n<script type=\"application\/ld+json\" class=\"yoast-schema-graph\">{\"@context\":\"https:\/\/schema.org\",\"@graph\":[{\"@type\":\"Article\",\"@id\":\"https:\/\/radioportoseguro.com.br\/site\/2026\/01\/14\/ouca-voce-nao-cansa-de-isadora-pompeo\/#article\",\"isPartOf\":{\"@id\":\"https:\/\/radioportoseguro.com.br\/site\/2026\/01\/14\/ouca-voce-nao-cansa-de-isadora-pompeo\/\"},\"author\":{\"name\":\"admin\",\"@id\":\"https:\/\/radioportoseguro.com.br\/site\/#\/schema\/person\/7630acdc320186f13639d3c067ec089b\"},\"headline\":\"ou\u00e7a \u2018Voc\u00ea N\u00e3o Cansa\u2019, de Isadora Pompeo\",\"datePublished\":\"2026-01-14T23:03:54+00:00\",\"mainEntityOfPage\":{\"@id\":\"https:\/\/radioportoseguro.com.br\/site\/2026\/01\/14\/ouca-voce-nao-cansa-de-isadora-pompeo\/\"},\"wordCount\":303,\"commentCount\":0,\"image\":{\"@id\":\"https:\/\/radioportoseguro.com.br\/site\/2026\/01\/14\/ouca-voce-nao-cansa-de-isadora-pompeo\/#primaryimage\"},\"thumbnailUrl\":\"https:\/\/radioportoseguro.com.br\/site\/wp-content\/uploads\/2026\/01\/Isadora-Pompeo-Voce-Nao-Cansa.jpg\",\"articleSection\":[\"M\u00fasica\"],\"inLanguage\":\"pt-BR\",\"potentialAction\":[{\"@type\":\"CommentAction\",\"name\":\"Comment\",\"target\":[\"https:\/\/radioportoseguro.com.br\/site\/2026\/01\/14\/ouca-voce-nao-cansa-de-isadora-pompeo\/#respond\"]}]},{\"@type\":\"WebPage\",\"@id\":\"https:\/\/radioportoseguro.com.br\/site\/2026\/01\/14\/ouca-voce-nao-cansa-de-isadora-pompeo\/\",\"url\":\"https:\/\/radioportoseguro.com.br\/site\/2026\/01\/14\/ouca-voce-nao-cansa-de-isadora-pompeo\/\",\"name\":\"ou\u00e7a \u2018Voc\u00ea N\u00e3o Cansa\u2019, de Isadora Pompeo - R\u00e1dio Porto Seguro\",\"isPartOf\":{\"@id\":\"https:\/\/radioportoseguro.com.br\/site\/#website\"},\"primaryImageOfPage\":{\"@id\":\"https:\/\/radioportoseguro.com.br\/site\/2026\/01\/14\/ouca-voce-nao-cansa-de-isadora-pompeo\/#primaryimage\"},\"image\":{\"@id\":\"https:\/\/radioportoseguro.com.br\/site\/2026\/01\/14\/ouca-voce-nao-cansa-de-isadora-pompeo\/#primaryimage\"},\"thumbnailUrl\":\"https:\/\/radioportoseguro.com.br\/site\/wp-content\/uploads\/2026\/01\/Isadora-Pompeo-Voce-Nao-Cansa.jpg\",\"datePublished\":\"2026-01-14T23:03:54+00:00\",\"author\":{\"@id\":\"https:\/\/radioportoseguro.com.br\/site\/#\/schema\/person\/7630acdc320186f13639d3c067ec089b\"},\"breadcrumb\":{\"@id\":\"https:\/\/radioportoseguro.com.br\/site\/2026\/01\/14\/ouca-voce-nao-cansa-de-isadora-pompeo\/#breadcrumb\"},\"inLanguage\":\"pt-BR\",\"potentialAction\":[{\"@type\":\"ReadAction\",\"target\":[\"https:\/\/radioportoseguro.com.br\/site\/2026\/01\/14\/ouca-voce-nao-cansa-de-isadora-pompeo\/\"]}]},{\"@type\":\"ImageObject\",\"inLanguage\":\"pt-BR\",\"@id\":\"https:\/\/radioportoseguro.com.br\/site\/2026\/01\/14\/ouca-voce-nao-cansa-de-isadora-pompeo\/#primaryimage\",\"url\":\"https:\/\/radioportoseguro.com.br\/site\/wp-content\/uploads\/2026\/01\/Isadora-Pompeo-Voce-Nao-Cansa.jpg\",\"contentUrl\":\"https:\/\/radioportoseguro.com.br\/site\/wp-content\/uploads\/2026\/01\/Isadora-Pompeo-Voce-Nao-Cansa.jpg\",\"width\":1405,\"height\":1265},{\"@type\":\"BreadcrumbList\",\"@id\":\"https:\/\/radioportoseguro.com.br\/site\/2026\/01\/14\/ouca-voce-nao-cansa-de-isadora-pompeo\/#breadcrumb\",\"itemListElement\":[{\"@type\":\"ListItem\",\"position\":1,\"name\":\"In\u00edcio\",\"item\":\"https:\/\/radioportoseguro.com.br\/site\/\"},{\"@type\":\"ListItem\",\"position\":2,\"name\":\"ou\u00e7a \u2018Voc\u00ea N\u00e3o Cansa\u2019, de Isadora Pompeo\"}]},{\"@type\":\"WebSite\",\"@id\":\"https:\/\/radioportoseguro.com.br\/site\/#website\",\"url\":\"https:\/\/radioportoseguro.com.br\/site\/\",\"name\":\"R\u00e1dio Porto Seguro\",\"description\":\"\",\"potentialAction\":[{\"@type\":\"SearchAction\",\"target\":{\"@type\":\"EntryPoint\",\"urlTemplate\":\"https:\/\/radioportoseguro.com.br\/site\/?s={search_term_string}\"},\"query-input\":{\"@type\":\"PropertyValueSpecification\",\"valueRequired\":true,\"valueName\":\"search_term_string\"}}],\"inLanguage\":\"pt-BR\"},{\"@type\":\"Person\",\"@id\":\"https:\/\/radioportoseguro.com.br\/site\/#\/schema\/person\/7630acdc320186f13639d3c067ec089b\",\"name\":\"admin\",\"image\":{\"@type\":\"ImageObject\",\"inLanguage\":\"pt-BR\",\"@id\":\"https:\/\/radioportoseguro.com.br\/site\/#\/schema\/person\/image\/\",\"url\":\"https:\/\/secure.gravatar.com\/avatar\/caacf4dc1eedb68fab0df8e1ed46c448e578b2466351bbcb61e47d2ac0caaef0?s=96&d=mm&r=g\",\"contentUrl\":\"https:\/\/secure.gravatar.com\/avatar\/caacf4dc1eedb68fab0df8e1ed46c448e578b2466351bbcb61e47d2ac0caaef0?s=96&d=mm&r=g\",\"caption\":\"admin\"},\"sameAs\":[\"https:\/\/radioportoseguro.com.br\/site\"],\"url\":\"https:\/\/radioportoseguro.com.br\/site\/author\/hezio\/\"}]}<\/script>\n<!-- \/ Yoast SEO plugin. -->","yoast_head_json":{"title":"ou\u00e7a \u2018Voc\u00ea N\u00e3o Cansa\u2019, de Isadora Pompeo - R\u00e1dio Porto Seguro","robots":{"index":"index","follow":"follow","max-snippet":"max-snippet:-1","max-image-preview":"max-image-preview:large","max-video-preview":"max-video-preview:-1"},"canonical":"https:\/\/radioportoseguro.com.br\/site\/2026\/01\/14\/ouca-voce-nao-cansa-de-isadora-pompeo\/","og_locale":"pt_BR","og_type":"article","og_title":"ou\u00e7a \u2018Voc\u00ea N\u00e3o Cansa\u2019, de Isadora Pompeo - R\u00e1dio Porto Seguro","og_description":"A cantora Isadora Pompeo lan\u00e7ou nesta quinta-feira, 12 de novembro, a m\u00fasica\u00a0Voc\u00ea n\u00e3o Cansa, que est\u00e1 dispon\u00edvel nas plataformas digitais com distribui\u00e7\u00e3o da Musile Records, e tamb\u00e9m h\u00e1 um clipe\u00a0no canal da gravadora no YouTube. A letra da m\u00fasica est\u00e1 no final deste\u00a0post. A nota de divulga\u00e7\u00e3o destaca que Isadora Pompeo \u201cescolheu o ano de [&hellip;]","og_url":"https:\/\/radioportoseguro.com.br\/site\/2026\/01\/14\/ouca-voce-nao-cansa-de-isadora-pompeo\/","og_site_name":"R\u00e1dio Porto Seguro","article_published_time":"2026-01-14T23:03:54+00:00","og_image":[{"width":1405,"height":1265,"url":"https:\/\/radioportoseguro.com.br\/site\/wp-content\/uploads\/2026\/01\/Isadora-Pompeo-Voce-Nao-Cansa.jpg","type":"image\/jpeg"}],"author":"admin","twitter_card":"summary_large_image","twitter_misc":{"Escrito por":"admin","Est. tempo de leitura":"1 minuto"},"schema":{"@context":"https:\/\/schema.org","@graph":[{"@type":"Article","@id":"https:\/\/radioportoseguro.com.br\/site\/2026\/01\/14\/ouca-voce-nao-cansa-de-isadora-pompeo\/#article","isPartOf":{"@id":"https:\/\/radioportoseguro.com.br\/site\/2026\/01\/14\/ouca-voce-nao-cansa-de-isadora-pompeo\/"},"author":{"name":"admin","@id":"https:\/\/radioportoseguro.com.br\/site\/#\/schema\/person\/7630acdc320186f13639d3c067ec089b"},"headline":"ou\u00e7a \u2018Voc\u00ea N\u00e3o Cansa\u2019, de Isadora Pompeo","datePublished":"2026-01-14T23:03:54+00:00","mainEntityOfPage":{"@id":"https:\/\/radioportoseguro.com.br\/site\/2026\/01\/14\/ouca-voce-nao-cansa-de-isadora-pompeo\/"},"wordCount":303,"commentCount":0,"image":{"@id":"https:\/\/radioportoseguro.com.br\/site\/2026\/01\/14\/ouca-voce-nao-cansa-de-isadora-pompeo\/#primaryimage"},"thumbnailUrl":"https:\/\/radioportoseguro.com.br\/site\/wp-content\/uploads\/2026\/01\/Isadora-Pompeo-Voce-Nao-Cansa.jpg","articleSection":["M\u00fasica"],"inLanguage":"pt-BR","potentialAction":[{"@type":"CommentAction","name":"Comment","target":["https:\/\/radioportoseguro.com.br\/site\/2026\/01\/14\/ouca-voce-nao-cansa-de-isadora-pompeo\/#respond"]}]},{"@type":"WebPage","@id":"https:\/\/radioportoseguro.com.br\/site\/2026\/01\/14\/ouca-voce-nao-cansa-de-isadora-pompeo\/","url":"https:\/\/radioportoseguro.com.br\/site\/2026\/01\/14\/ouca-voce-nao-cansa-de-isadora-pompeo\/","name":"ou\u00e7a \u2018Voc\u00ea N\u00e3o Cansa\u2019, de Isadora Pompeo - R\u00e1dio Porto Seguro","isPartOf":{"@id":"https:\/\/radioportoseguro.com.br\/site\/#website"},"primaryImageOfPage":{"@id":"https:\/\/radioportoseguro.com.br\/site\/2026\/01\/14\/ouca-voce-nao-cansa-de-isadora-pompeo\/#primaryimage"},"image":{"@id":"https:\/\/radioportoseguro.com.br\/site\/2026\/01\/14\/ouca-voce-nao-cansa-de-isadora-pompeo\/#primaryimage"},"thumbnailUrl":"https:\/\/radioportoseguro.com.br\/site\/wp-content\/uploads\/2026\/01\/Isadora-Pompeo-Voce-Nao-Cansa.jpg","datePublished":"2026-01-14T23:03:54+00:00","author":{"@id":"https:\/\/radioportoseguro.com.br\/site\/#\/schema\/person\/7630acdc320186f13639d3c067ec089b"},"breadcrumb":{"@id":"https:\/\/radioportoseguro.com.br\/site\/2026\/01\/14\/ouca-voce-nao-cansa-de-isadora-pompeo\/#breadcrumb"},"inLanguage":"pt-BR","potentialAction":[{"@type":"ReadAction","target":["https:\/\/radioportoseguro.com.br\/site\/2026\/01\/14\/ouca-voce-nao-cansa-de-isadora-pompeo\/"]}]},{"@type":"ImageObject","inLanguage":"pt-BR","@id":"https:\/\/radioportoseguro.com.br\/site\/2026\/01\/14\/ouca-voce-nao-cansa-de-isadora-pompeo\/#primaryimage","url":"https:\/\/radioportoseguro.com.br\/site\/wp-content\/uploads\/2026\/01\/Isadora-Pompeo-Voce-Nao-Cansa.jpg","contentUrl":"https:\/\/radioportoseguro.com.br\/site\/wp-content\/uploads\/2026\/01\/Isadora-Pompeo-Voce-Nao-Cansa.jpg","width":1405,"height":1265},{"@type":"BreadcrumbList","@id":"https:\/\/radioportoseguro.com.br\/site\/2026\/01\/14\/ouca-voce-nao-cansa-de-isadora-pompeo\/#breadcrumb","itemListElement":[{"@type":"ListItem","position":1,"name":"In\u00edcio","item":"https:\/\/radioportoseguro.com.br\/site\/"},{"@type":"ListItem","position":2,"name":"ou\u00e7a \u2018Voc\u00ea N\u00e3o Cansa\u2019, de Isadora Pompeo"}]},{"@type":"WebSite","@id":"https:\/\/radioportoseguro.com.br\/site\/#website","url":"https:\/\/radioportoseguro.com.br\/site\/","name":"R\u00e1dio Porto Seguro","description":"","potentialAction":[{"@type":"SearchAction","target":{"@type":"EntryPoint","urlTemplate":"https:\/\/radioportoseguro.com.br\/site\/?s={search_term_string}"},"query-input":{"@type":"PropertyValueSpecification","valueRequired":true,"valueName":"search_term_string"}}],"inLanguage":"pt-BR"},{"@type":"Person","@id":"https:\/\/radioportoseguro.com.br\/site\/#\/schema\/person\/7630acdc320186f13639d3c067ec089b","name":"admin","image":{"@type":"ImageObject","inLanguage":"pt-BR","@id":"https:\/\/radioportoseguro.com.br\/site\/#\/schema\/person\/image\/","url":"https:\/\/secure.gravatar.com\/avatar\/caacf4dc1eedb68fab0df8e1ed46c448e578b2466351bbcb61e47d2ac0caaef0?s=96&d=mm&r=g","contentUrl":"https:\/\/secure.gravatar.com\/avatar\/caacf4dc1eedb68fab0df8e1ed46c448e578b2466351bbcb61e47d2ac0caaef0?s=96&d=mm&r=g","caption":"admin"},"sameAs":["https:\/\/radioportoseguro.com.br\/site"],"url":"https:\/\/radioportoseguro.com.br\/site\/author\/hezio\/"}]}},"_links":{"self":[{"href":"https:\/\/radioportoseguro.com.br\/site\/wp-json\/wp\/v2\/posts\/2736","targetHints":{"allow":["GET"]}}],"collection":[{"href":"https:\/\/radioportoseguro.com.br\/site\/wp-json\/wp\/v2\/posts"}],"about":[{"href":"https:\/\/radioportoseguro.com.br\/site\/wp-json\/wp\/v2\/types\/post"}],"author":[{"embeddable":true,"href":"https:\/\/radioportoseguro.com.br\/site\/wp-json\/wp\/v2\/users\/1"}],"replies":[{"embeddable":true,"href":"https:\/\/radioportoseguro.com.br\/site\/wp-json\/wp\/v2\/comments?post=2736"}],"version-history":[{"count":0,"href":"https:\/\/radioportoseguro.com.br\/site\/wp-json\/wp\/v2\/posts\/2736\/revisions"}],"wp:featuredmedia":[{"embeddable":true,"href":"https:\/\/radioportoseguro.com.br\/site\/wp-json\/wp\/v2\/media\/2737"}],"wp:attachment":[{"href":"https:\/\/radioportoseguro.com.br\/site\/wp-json\/wp\/v2\/media?parent=2736"}],"wp:term":[{"taxonomy":"category","embeddable":true,"href":"https:\/\/radioportoseguro.com.br\/site\/wp-json\/wp\/v2\/categories?post=2736"},{"taxonomy":"post_tag","embeddable":true,"href":"https:\/\/radioportoseguro.com.br\/site\/wp-json\/wp\/v2\/tags?post=2736"}],"curies":[{"name":"wp","href":"https:\/\/api.w.org\/{rel}","templated":true}]}}