{"id":2742,"date":"2026-01-14T21:18:04","date_gmt":"2026-01-15T00:18:04","guid":{"rendered":"https:\/\/radioportoseguro.com.br\/site\/2026\/01\/14\/letra-e-musica-ouca-em-troca-de-isadora-pompeo\/"},"modified":"2026-01-14T21:18:04","modified_gmt":"2026-01-15T00:18:04","slug":"letra-e-musica-ouca-em-troca-de-isadora-pompeo","status":"publish","type":"post","link":"https:\/\/radioportoseguro.com.br\/site\/2026\/01\/14\/letra-e-musica-ouca-em-troca-de-isadora-pompeo\/","title":{"rendered":"Letra e m\u00fasica: ou\u00e7a \u2018Em Troca\u2019, de Isadora Pompeo"},"content":{"rendered":"<p><br \/>\n<\/p>\n<div>\n<p>A cantora Isadora Pompeo lan\u00e7ou nesta quinta-feira, 15 de outubro, a m\u00fasica\u00a0<em>Em Troca<\/em>, que est\u00e1 dispon\u00edvel nas plataformas digitais com distribui\u00e7\u00e3o da Musile Records, e tamb\u00e9m h\u00e1 um clipe\u00a0no canal da gravadora no YouTube. A letra da m\u00fasica est\u00e1 no final deste\u00a0<em>post<\/em>.<\/p>\n<p>A assessoria de imprensa da gravadora informou atrav\u00e9s de nota que\u00a0<em>Em Troca<\/em> \u201cfala de situa\u00e7\u00f5es em que o ser humano perde o foco do pre\u00e7o pago por Jesus na cruz, sendo inconstante e dando espa\u00e7o \u00e0 preocupa\u00e7\u00e3o.<\/p>\n<p>\u201cNo in\u00edcio do clipe \u00e9 poss\u00edvel notar que a cantora est\u00e1 em um momento \u00edntimo dela com Deus, e, enquanto a levada da m\u00fasica aumenta, outros elementos s\u00e3o inclu\u00eddos, como a dan\u00e7a, os m\u00fasicos tocando em outro espa\u00e7o e um coral, que est\u00e1 presente desde a primeira faixa deste projeto e vai ganhando espa\u00e7o nas cenas gradativamente\u201d, acrescenta a nota de divulga\u00e7\u00e3o.<\/p>\n<p>O diretor do v\u00eddeo \u00e9 Lucas Barros e a produ\u00e7\u00e3o musical \u00e9 assinada por Hananiel Eduardo, que comandou todas as faixas do projeto \u201cProcesso\u201d, descrito como um \u00e1lbum conceitual que narra um parte da hist\u00f3ria de Isadora Pompeo \u201cem busca por cura emocional\u201d. Ao todo, o \u00e1lbum tem sete faixas \u2013 como a can\u00e7\u00e3o\u00a0<strong><em>Seja Forte<\/em><\/strong> \u2013 e inclui uma participa\u00e7\u00e3o especial.<\/p>\n<h2><strong>\u2018Em Troca\u2019<\/strong><\/h2>\n<div class=\"ose-youtube ose-uid-4bde815546169a5c19cbd56b76dd0fcd ose-embedpress-responsive\" style=\"width:600px; height:600px; max-height:600px; max-width:100%; display:inline-block;\" data-embed-type=\"Youtube\"><iframe allowFullScreen=\"true\" title=\"Isadora Pompeo - Em Troca\" width=\"600\" height=\"600\" src=\"https:\/\/www.youtube.com\/embed\/XiHdq0SmLG4?feature=oembed&color=red&rel=0&controls=1&start=&end=&fs=0&iv_load_policy=0&autoplay=0&mute=0&modestbranding=0&cc_load_policy=1&playsinline=1\" frameborder=\"0\" allow=\"accelerometer; encrypted-media;accelerometer;autoplay;clipboard-write;gyroscope;picture-in-picture clipboard-write; encrypted-media; gyroscope; picture-in-picture; web-share\" referrerpolicy=\"strict-origin-when-cross-origin\" allowfullscreen><\/iframe><\/div>\n<p><em>Voc\u00ea acredita tanto em mim<\/em><br \/><em>Me v\u00ea como esperan\u00e7a pra todo lugar<\/em><br \/><em>Voc\u00ea me v\u00ea com olhos de amor<\/em><br \/><em>E sempre me diz que eu n\u00e3o estou s\u00f3<\/em><br \/><em>Voc\u00ea me encoraja a viver e a ser melhor<\/em><\/p>\n<p><em>Voc\u00ea deposita tanto em mim<\/em><br \/><em>Me v\u00ea como um lugar seguro para Sua habita\u00e7\u00e3o<\/em><br \/><em>Voc\u00ea me v\u00ea com olhos de amor<\/em><br \/><em>E sempre me diz que eu n\u00e3o estou s\u00f3<\/em><br \/><em>Voc\u00ea me encoraja a viver e a ser melhor<\/em><\/p>\n<p><em>E o que eu fa\u00e7o em troca disso<\/em><br \/><em>\u00c9 me esquecer que est\u00e1 comigo<\/em><br \/><em>\u00c9 me entregar pra preocupa\u00e7\u00e3o<\/em><br \/><em>E dizer sim quando tem que ser n\u00e3o<\/em><\/p>\n<p><em>Eu encho o peito de orgulho<\/em><br \/><em>E largo tudo em segundos<\/em><br \/><em>A inconst\u00e2ncia que eu Te dou<\/em><br \/><em>N\u00e3o merece tanto amor<\/em><\/p>\n<p><em>Eu n\u00e3o Te mere\u00e7o<\/em><br \/><em>Nem tampouco aquele pre\u00e7o<\/em><br \/><em>Que Voc\u00ea pagou por mim<\/em><br \/><em>Que Voc\u00ea pagou por mim<\/em><\/p>\n<p><em>Autora: Isadora Pompeo<\/em><\/p>\n<p><!-- CONTENT END 1 --><\/p><\/div>\n<p><br \/>\n<br \/>Fonte: Gospel +<\/p>\n","protected":false},"excerpt":{"rendered":"<p>A cantora Isadora Pompeo lan\u00e7ou nesta quinta-feira, 15 de outubro, a m\u00fasica\u00a0Em Troca, que est\u00e1 dispon\u00edvel nas plataformas digitais com distribui\u00e7\u00e3o da Musile Records, e tamb\u00e9m h\u00e1 um clipe\u00a0no canal da gravadora no YouTube. A letra da m\u00fasica est\u00e1 no final deste\u00a0post. A assessoria de imprensa da gravadora informou atrav\u00e9s de nota que\u00a0Em Troca \u201cfala [&hellip;]<\/p>\n","protected":false},"author":1,"featured_media":2743,"comment_status":"open","ping_status":"open","sticky":false,"template":"","format":"standard","meta":{"footnotes":""},"categories":[4],"tags":[],"class_list":["post-2742","post","type-post","status-publish","format-standard","has-post-thumbnail","hentry","category-musica"],"yoast_head":"<!-- This site is optimized with the Yoast SEO plugin v26.8 - https:\/\/yoast.com\/product\/yoast-seo-wordpress\/ -->\n<title>Letra e m\u00fasica: ou\u00e7a \u2018Em Troca\u2019, de Isadora Pompeo - R\u00e1dio Porto Seguro<\/title>\n<meta name=\"robots\" content=\"index, follow, max-snippet:-1, max-image-preview:large, max-video-preview:-1\" \/>\n<link rel=\"canonical\" href=\"https:\/\/radioportoseguro.com.br\/site\/2026\/01\/14\/letra-e-musica-ouca-em-troca-de-isadora-pompeo\/\" \/>\n<meta property=\"og:locale\" content=\"pt_BR\" \/>\n<meta property=\"og:type\" content=\"article\" \/>\n<meta property=\"og:title\" content=\"Letra e m\u00fasica: ou\u00e7a \u2018Em Troca\u2019, de Isadora Pompeo - R\u00e1dio Porto Seguro\" \/>\n<meta property=\"og:description\" content=\"A cantora Isadora Pompeo lan\u00e7ou nesta quinta-feira, 15 de outubro, a m\u00fasica\u00a0Em Troca, que est\u00e1 dispon\u00edvel nas plataformas digitais com distribui\u00e7\u00e3o da Musile Records, e tamb\u00e9m h\u00e1 um clipe\u00a0no canal da gravadora no YouTube. A letra da m\u00fasica est\u00e1 no final deste\u00a0post. A assessoria de imprensa da gravadora informou atrav\u00e9s de nota que\u00a0Em Troca \u201cfala [&hellip;]\" \/>\n<meta property=\"og:url\" content=\"https:\/\/radioportoseguro.com.br\/site\/2026\/01\/14\/letra-e-musica-ouca-em-troca-de-isadora-pompeo\/\" \/>\n<meta property=\"og:site_name\" content=\"R\u00e1dio Porto Seguro\" \/>\n<meta property=\"article:published_time\" content=\"2026-01-15T00:18:04+00:00\" \/>\n<meta property=\"og:image\" content=\"https:\/\/radioportoseguro.com.br\/site\/wp-content\/uploads\/2026\/01\/Isadora-Pompeo-Em-Troca-scaled.jpg\" \/>\n\t<meta property=\"og:image:width\" content=\"2560\" \/>\n\t<meta property=\"og:image:height\" content=\"2367\" \/>\n\t<meta property=\"og:image:type\" content=\"image\/jpeg\" \/>\n<meta name=\"author\" content=\"admin\" \/>\n<meta name=\"twitter:card\" content=\"summary_large_image\" \/>\n<meta name=\"twitter:label1\" content=\"Escrito por\" \/>\n\t<meta name=\"twitter:data1\" content=\"admin\" \/>\n\t<meta name=\"twitter:label2\" content=\"Est. tempo de leitura\" \/>\n\t<meta name=\"twitter:data2\" content=\"2 minutos\" \/>\n<script type=\"application\/ld+json\" class=\"yoast-schema-graph\">{\"@context\":\"https:\/\/schema.org\",\"@graph\":[{\"@type\":\"Article\",\"@id\":\"https:\/\/radioportoseguro.com.br\/site\/2026\/01\/14\/letra-e-musica-ouca-em-troca-de-isadora-pompeo\/#article\",\"isPartOf\":{\"@id\":\"https:\/\/radioportoseguro.com.br\/site\/2026\/01\/14\/letra-e-musica-ouca-em-troca-de-isadora-pompeo\/\"},\"author\":{\"name\":\"admin\",\"@id\":\"https:\/\/radioportoseguro.com.br\/site\/#\/schema\/person\/7630acdc320186f13639d3c067ec089b\"},\"headline\":\"Letra e m\u00fasica: ou\u00e7a \u2018Em Troca\u2019, de Isadora Pompeo\",\"datePublished\":\"2026-01-15T00:18:04+00:00\",\"mainEntityOfPage\":{\"@id\":\"https:\/\/radioportoseguro.com.br\/site\/2026\/01\/14\/letra-e-musica-ouca-em-troca-de-isadora-pompeo\/\"},\"wordCount\":408,\"commentCount\":0,\"image\":{\"@id\":\"https:\/\/radioportoseguro.com.br\/site\/2026\/01\/14\/letra-e-musica-ouca-em-troca-de-isadora-pompeo\/#primaryimage\"},\"thumbnailUrl\":\"https:\/\/radioportoseguro.com.br\/site\/wp-content\/uploads\/2026\/01\/Isadora-Pompeo-Em-Troca-scaled.jpg\",\"articleSection\":[\"M\u00fasica\"],\"inLanguage\":\"pt-BR\",\"potentialAction\":[{\"@type\":\"CommentAction\",\"name\":\"Comment\",\"target\":[\"https:\/\/radioportoseguro.com.br\/site\/2026\/01\/14\/letra-e-musica-ouca-em-troca-de-isadora-pompeo\/#respond\"]}]},{\"@type\":\"WebPage\",\"@id\":\"https:\/\/radioportoseguro.com.br\/site\/2026\/01\/14\/letra-e-musica-ouca-em-troca-de-isadora-pompeo\/\",\"url\":\"https:\/\/radioportoseguro.com.br\/site\/2026\/01\/14\/letra-e-musica-ouca-em-troca-de-isadora-pompeo\/\",\"name\":\"Letra e m\u00fasica: ou\u00e7a \u2018Em Troca\u2019, de Isadora Pompeo - R\u00e1dio Porto Seguro\",\"isPartOf\":{\"@id\":\"https:\/\/radioportoseguro.com.br\/site\/#website\"},\"primaryImageOfPage\":{\"@id\":\"https:\/\/radioportoseguro.com.br\/site\/2026\/01\/14\/letra-e-musica-ouca-em-troca-de-isadora-pompeo\/#primaryimage\"},\"image\":{\"@id\":\"https:\/\/radioportoseguro.com.br\/site\/2026\/01\/14\/letra-e-musica-ouca-em-troca-de-isadora-pompeo\/#primaryimage\"},\"thumbnailUrl\":\"https:\/\/radioportoseguro.com.br\/site\/wp-content\/uploads\/2026\/01\/Isadora-Pompeo-Em-Troca-scaled.jpg\",\"datePublished\":\"2026-01-15T00:18:04+00:00\",\"author\":{\"@id\":\"https:\/\/radioportoseguro.com.br\/site\/#\/schema\/person\/7630acdc320186f13639d3c067ec089b\"},\"breadcrumb\":{\"@id\":\"https:\/\/radioportoseguro.com.br\/site\/2026\/01\/14\/letra-e-musica-ouca-em-troca-de-isadora-pompeo\/#breadcrumb\"},\"inLanguage\":\"pt-BR\",\"potentialAction\":[{\"@type\":\"ReadAction\",\"target\":[\"https:\/\/radioportoseguro.com.br\/site\/2026\/01\/14\/letra-e-musica-ouca-em-troca-de-isadora-pompeo\/\"]}]},{\"@type\":\"ImageObject\",\"inLanguage\":\"pt-BR\",\"@id\":\"https:\/\/radioportoseguro.com.br\/site\/2026\/01\/14\/letra-e-musica-ouca-em-troca-de-isadora-pompeo\/#primaryimage\",\"url\":\"https:\/\/radioportoseguro.com.br\/site\/wp-content\/uploads\/2026\/01\/Isadora-Pompeo-Em-Troca-scaled.jpg\",\"contentUrl\":\"https:\/\/radioportoseguro.com.br\/site\/wp-content\/uploads\/2026\/01\/Isadora-Pompeo-Em-Troca-scaled.jpg\",\"width\":2560,\"height\":2367},{\"@type\":\"BreadcrumbList\",\"@id\":\"https:\/\/radioportoseguro.com.br\/site\/2026\/01\/14\/letra-e-musica-ouca-em-troca-de-isadora-pompeo\/#breadcrumb\",\"itemListElement\":[{\"@type\":\"ListItem\",\"position\":1,\"name\":\"In\u00edcio\",\"item\":\"https:\/\/radioportoseguro.com.br\/site\/\"},{\"@type\":\"ListItem\",\"position\":2,\"name\":\"Letra e m\u00fasica: ou\u00e7a \u2018Em Troca\u2019, de Isadora Pompeo\"}]},{\"@type\":\"WebSite\",\"@id\":\"https:\/\/radioportoseguro.com.br\/site\/#website\",\"url\":\"https:\/\/radioportoseguro.com.br\/site\/\",\"name\":\"R\u00e1dio Porto Seguro\",\"description\":\"\",\"potentialAction\":[{\"@type\":\"SearchAction\",\"target\":{\"@type\":\"EntryPoint\",\"urlTemplate\":\"https:\/\/radioportoseguro.com.br\/site\/?s={search_term_string}\"},\"query-input\":{\"@type\":\"PropertyValueSpecification\",\"valueRequired\":true,\"valueName\":\"search_term_string\"}}],\"inLanguage\":\"pt-BR\"},{\"@type\":\"Person\",\"@id\":\"https:\/\/radioportoseguro.com.br\/site\/#\/schema\/person\/7630acdc320186f13639d3c067ec089b\",\"name\":\"admin\",\"image\":{\"@type\":\"ImageObject\",\"inLanguage\":\"pt-BR\",\"@id\":\"https:\/\/radioportoseguro.com.br\/site\/#\/schema\/person\/image\/\",\"url\":\"https:\/\/secure.gravatar.com\/avatar\/caacf4dc1eedb68fab0df8e1ed46c448e578b2466351bbcb61e47d2ac0caaef0?s=96&d=mm&r=g\",\"contentUrl\":\"https:\/\/secure.gravatar.com\/avatar\/caacf4dc1eedb68fab0df8e1ed46c448e578b2466351bbcb61e47d2ac0caaef0?s=96&d=mm&r=g\",\"caption\":\"admin\"},\"sameAs\":[\"https:\/\/radioportoseguro.com.br\/site\"],\"url\":\"https:\/\/radioportoseguro.com.br\/site\/author\/hezio\/\"}]}<\/script>\n<!-- \/ Yoast SEO plugin. -->","yoast_head_json":{"title":"Letra e m\u00fasica: ou\u00e7a \u2018Em Troca\u2019, de Isadora Pompeo - R\u00e1dio Porto Seguro","robots":{"index":"index","follow":"follow","max-snippet":"max-snippet:-1","max-image-preview":"max-image-preview:large","max-video-preview":"max-video-preview:-1"},"canonical":"https:\/\/radioportoseguro.com.br\/site\/2026\/01\/14\/letra-e-musica-ouca-em-troca-de-isadora-pompeo\/","og_locale":"pt_BR","og_type":"article","og_title":"Letra e m\u00fasica: ou\u00e7a \u2018Em Troca\u2019, de Isadora Pompeo - R\u00e1dio Porto Seguro","og_description":"A cantora Isadora Pompeo lan\u00e7ou nesta quinta-feira, 15 de outubro, a m\u00fasica\u00a0Em Troca, que est\u00e1 dispon\u00edvel nas plataformas digitais com distribui\u00e7\u00e3o da Musile Records, e tamb\u00e9m h\u00e1 um clipe\u00a0no canal da gravadora no YouTube. A letra da m\u00fasica est\u00e1 no final deste\u00a0post. A assessoria de imprensa da gravadora informou atrav\u00e9s de nota que\u00a0Em Troca \u201cfala [&hellip;]","og_url":"https:\/\/radioportoseguro.com.br\/site\/2026\/01\/14\/letra-e-musica-ouca-em-troca-de-isadora-pompeo\/","og_site_name":"R\u00e1dio Porto Seguro","article_published_time":"2026-01-15T00:18:04+00:00","og_image":[{"width":2560,"height":2367,"url":"https:\/\/radioportoseguro.com.br\/site\/wp-content\/uploads\/2026\/01\/Isadora-Pompeo-Em-Troca-scaled.jpg","type":"image\/jpeg"}],"author":"admin","twitter_card":"summary_large_image","twitter_misc":{"Escrito por":"admin","Est. tempo de leitura":"2 minutos"},"schema":{"@context":"https:\/\/schema.org","@graph":[{"@type":"Article","@id":"https:\/\/radioportoseguro.com.br\/site\/2026\/01\/14\/letra-e-musica-ouca-em-troca-de-isadora-pompeo\/#article","isPartOf":{"@id":"https:\/\/radioportoseguro.com.br\/site\/2026\/01\/14\/letra-e-musica-ouca-em-troca-de-isadora-pompeo\/"},"author":{"name":"admin","@id":"https:\/\/radioportoseguro.com.br\/site\/#\/schema\/person\/7630acdc320186f13639d3c067ec089b"},"headline":"Letra e m\u00fasica: ou\u00e7a \u2018Em Troca\u2019, de Isadora Pompeo","datePublished":"2026-01-15T00:18:04+00:00","mainEntityOfPage":{"@id":"https:\/\/radioportoseguro.com.br\/site\/2026\/01\/14\/letra-e-musica-ouca-em-troca-de-isadora-pompeo\/"},"wordCount":408,"commentCount":0,"image":{"@id":"https:\/\/radioportoseguro.com.br\/site\/2026\/01\/14\/letra-e-musica-ouca-em-troca-de-isadora-pompeo\/#primaryimage"},"thumbnailUrl":"https:\/\/radioportoseguro.com.br\/site\/wp-content\/uploads\/2026\/01\/Isadora-Pompeo-Em-Troca-scaled.jpg","articleSection":["M\u00fasica"],"inLanguage":"pt-BR","potentialAction":[{"@type":"CommentAction","name":"Comment","target":["https:\/\/radioportoseguro.com.br\/site\/2026\/01\/14\/letra-e-musica-ouca-em-troca-de-isadora-pompeo\/#respond"]}]},{"@type":"WebPage","@id":"https:\/\/radioportoseguro.com.br\/site\/2026\/01\/14\/letra-e-musica-ouca-em-troca-de-isadora-pompeo\/","url":"https:\/\/radioportoseguro.com.br\/site\/2026\/01\/14\/letra-e-musica-ouca-em-troca-de-isadora-pompeo\/","name":"Letra e m\u00fasica: ou\u00e7a \u2018Em Troca\u2019, de Isadora Pompeo - R\u00e1dio Porto Seguro","isPartOf":{"@id":"https:\/\/radioportoseguro.com.br\/site\/#website"},"primaryImageOfPage":{"@id":"https:\/\/radioportoseguro.com.br\/site\/2026\/01\/14\/letra-e-musica-ouca-em-troca-de-isadora-pompeo\/#primaryimage"},"image":{"@id":"https:\/\/radioportoseguro.com.br\/site\/2026\/01\/14\/letra-e-musica-ouca-em-troca-de-isadora-pompeo\/#primaryimage"},"thumbnailUrl":"https:\/\/radioportoseguro.com.br\/site\/wp-content\/uploads\/2026\/01\/Isadora-Pompeo-Em-Troca-scaled.jpg","datePublished":"2026-01-15T00:18:04+00:00","author":{"@id":"https:\/\/radioportoseguro.com.br\/site\/#\/schema\/person\/7630acdc320186f13639d3c067ec089b"},"breadcrumb":{"@id":"https:\/\/radioportoseguro.com.br\/site\/2026\/01\/14\/letra-e-musica-ouca-em-troca-de-isadora-pompeo\/#breadcrumb"},"inLanguage":"pt-BR","potentialAction":[{"@type":"ReadAction","target":["https:\/\/radioportoseguro.com.br\/site\/2026\/01\/14\/letra-e-musica-ouca-em-troca-de-isadora-pompeo\/"]}]},{"@type":"ImageObject","inLanguage":"pt-BR","@id":"https:\/\/radioportoseguro.com.br\/site\/2026\/01\/14\/letra-e-musica-ouca-em-troca-de-isadora-pompeo\/#primaryimage","url":"https:\/\/radioportoseguro.com.br\/site\/wp-content\/uploads\/2026\/01\/Isadora-Pompeo-Em-Troca-scaled.jpg","contentUrl":"https:\/\/radioportoseguro.com.br\/site\/wp-content\/uploads\/2026\/01\/Isadora-Pompeo-Em-Troca-scaled.jpg","width":2560,"height":2367},{"@type":"BreadcrumbList","@id":"https:\/\/radioportoseguro.com.br\/site\/2026\/01\/14\/letra-e-musica-ouca-em-troca-de-isadora-pompeo\/#breadcrumb","itemListElement":[{"@type":"ListItem","position":1,"name":"In\u00edcio","item":"https:\/\/radioportoseguro.com.br\/site\/"},{"@type":"ListItem","position":2,"name":"Letra e m\u00fasica: ou\u00e7a \u2018Em Troca\u2019, de Isadora Pompeo"}]},{"@type":"WebSite","@id":"https:\/\/radioportoseguro.com.br\/site\/#website","url":"https:\/\/radioportoseguro.com.br\/site\/","name":"R\u00e1dio Porto Seguro","description":"","potentialAction":[{"@type":"SearchAction","target":{"@type":"EntryPoint","urlTemplate":"https:\/\/radioportoseguro.com.br\/site\/?s={search_term_string}"},"query-input":{"@type":"PropertyValueSpecification","valueRequired":true,"valueName":"search_term_string"}}],"inLanguage":"pt-BR"},{"@type":"Person","@id":"https:\/\/radioportoseguro.com.br\/site\/#\/schema\/person\/7630acdc320186f13639d3c067ec089b","name":"admin","image":{"@type":"ImageObject","inLanguage":"pt-BR","@id":"https:\/\/radioportoseguro.com.br\/site\/#\/schema\/person\/image\/","url":"https:\/\/secure.gravatar.com\/avatar\/caacf4dc1eedb68fab0df8e1ed46c448e578b2466351bbcb61e47d2ac0caaef0?s=96&d=mm&r=g","contentUrl":"https:\/\/secure.gravatar.com\/avatar\/caacf4dc1eedb68fab0df8e1ed46c448e578b2466351bbcb61e47d2ac0caaef0?s=96&d=mm&r=g","caption":"admin"},"sameAs":["https:\/\/radioportoseguro.com.br\/site"],"url":"https:\/\/radioportoseguro.com.br\/site\/author\/hezio\/"}]}},"_links":{"self":[{"href":"https:\/\/radioportoseguro.com.br\/site\/wp-json\/wp\/v2\/posts\/2742","targetHints":{"allow":["GET"]}}],"collection":[{"href":"https:\/\/radioportoseguro.com.br\/site\/wp-json\/wp\/v2\/posts"}],"about":[{"href":"https:\/\/radioportoseguro.com.br\/site\/wp-json\/wp\/v2\/types\/post"}],"author":[{"embeddable":true,"href":"https:\/\/radioportoseguro.com.br\/site\/wp-json\/wp\/v2\/users\/1"}],"replies":[{"embeddable":true,"href":"https:\/\/radioportoseguro.com.br\/site\/wp-json\/wp\/v2\/comments?post=2742"}],"version-history":[{"count":0,"href":"https:\/\/radioportoseguro.com.br\/site\/wp-json\/wp\/v2\/posts\/2742\/revisions"}],"wp:featuredmedia":[{"embeddable":true,"href":"https:\/\/radioportoseguro.com.br\/site\/wp-json\/wp\/v2\/media\/2743"}],"wp:attachment":[{"href":"https:\/\/radioportoseguro.com.br\/site\/wp-json\/wp\/v2\/media?parent=2742"}],"wp:term":[{"taxonomy":"category","embeddable":true,"href":"https:\/\/radioportoseguro.com.br\/site\/wp-json\/wp\/v2\/categories?post=2742"},{"taxonomy":"post_tag","embeddable":true,"href":"https:\/\/radioportoseguro.com.br\/site\/wp-json\/wp\/v2\/tags?post=2742"}],"curies":[{"name":"wp","href":"https:\/\/api.w.org\/{rel}","templated":true}]}}