{"id":2756,"date":"2026-01-15T00:38:57","date_gmt":"2026-01-15T03:38:57","guid":{"rendered":"https:\/\/radioportoseguro.com.br\/site\/2026\/01\/15\/ouca-meu-abrigo-de-julia-vitoria-ft-hananiel-eduardo\/"},"modified":"2026-01-15T00:38:57","modified_gmt":"2026-01-15T03:38:57","slug":"ouca-meu-abrigo-de-julia-vitoria-ft-hananiel-eduardo","status":"publish","type":"post","link":"https:\/\/radioportoseguro.com.br\/site\/2026\/01\/15\/ouca-meu-abrigo-de-julia-vitoria-ft-hananiel-eduardo\/","title":{"rendered":"ou\u00e7a \u2018Meu Abrigo\u2019, de Julia Vitoria ft. Hananiel Eduardo"},"content":{"rendered":"<p><br \/>\n<\/p>\n<div>\n<p>A cantora Julia Vit\u00f3ria lan\u00e7ou a can\u00e7\u00e3o\u00a0<em>Meu Abrigo<\/em>\u00a0na \u00faltima quinta-feira, 27 de agosto, com participa\u00e7\u00e3o do produtor Hananiel Eduardo. A m\u00fasica est\u00e1 dispon\u00edvel nas plataformas digitais e tamb\u00e9m no canal da Musile Records no YouTube. Ao final desse\u00a0<em>post<\/em>\u00a0voc\u00ea confere a letra da m\u00fasica.<\/p>\n<p>Antes do lan\u00e7amento do <em>single<\/em>, artistas se uniram para divulgar a can\u00e7\u00e3o interpretando o refr\u00e3o nas redes sociais. A m\u00fasica <em>Meu Abrigo<\/em> \u00e9 uma composi\u00e7\u00e3o de <strong>Julia Vit\u00f3ria<\/strong> em parceria com Hananiel Eduardo, produtor musical, que fez um dueto com a cantora.<\/p>\n<p>\u201cA faixa <em>Meu Abrigo<\/em> surgiu durante o processo de pr\u00e9-produ\u00e7\u00e3o. Eu j\u00e1 tinha um repert\u00f3rio pronto, mas estava refletindo se era isso que Jesus gostaria realmente que eu cantasse. Naquele momento, me veio \u00e0 mente o verso e pr\u00e9-refr\u00e3o desta m\u00fasica e pedi ao Hananiel para terminar a composi\u00e7\u00e3o dela junto comigo e, s\u00e9rio, foi uma honra ter a participa\u00e7\u00e3o dele\u201d, contou Julia.<\/p>\n<p>De acordo com a assessoria de imprensa da gravadora, Hananiel Eduardo \u00e9 autor de m\u00fasicas como <em>O Nome de Jesus<\/em>, <em>Maranata<\/em> e <em>Lugar Secreto<\/em>, tendo trabalhado com artistas como Gabriela Rocha, Juliano Son, Isadora Pompeo, entre outros. Essa \u00e9 a primeira vez que ele divide os vocais em uma m\u00fasica.<\/p>\n<p>\u201cEspero que as pessoas possam entender que a nossa vida vai al\u00e9m de uma can\u00e7\u00e3o\u2026 Ela deve ser baseada em amar a Jesus acima de todas as coisas e a mensagem desta can\u00e7\u00e3o \u00e9 sobre entender que Ele \u00e9 tudo que precisamos\u201d, finalizou a cantora.<\/p>\n<h2><strong>\u2018Meu Abrigo\u2019<\/strong><\/h2>\n<div class=\"ose-youtube ose-uid-6f1f21319b319352a76aa76fbe6e52d0 ose-embedpress-responsive\" style=\"width:600px; height:600px; max-height:600px; max-width:100%; display:inline-block;\" data-embed-type=\"Youtube\"><iframe allowFullScreen=\"true\" title=\"Julia Vitoria e Hananiel Eduardo - Meu Abrigo (Ao Vivo)\" width=\"600\" height=\"600\" src=\"https:\/\/www.youtube.com\/embed\/8Lev-ai2KUM?feature=oembed&color=red&rel=0&controls=1&start=&end=&fs=0&iv_load_policy=0&autoplay=0&mute=0&modestbranding=0&cc_load_policy=1&playsinline=1\" frameborder=\"0\" allow=\"accelerometer; encrypted-media;accelerometer;autoplay;clipboard-write;gyroscope;picture-in-picture clipboard-write; encrypted-media; gyroscope; picture-in-picture; web-share\" referrerpolicy=\"strict-origin-when-cross-origin\" allowfullscreen><\/iframe><\/div>\n<p><em>Que a minha vida<\/em><br \/><em>Seja mais que uma can\u00e7\u00e3o<\/em><br \/><em>Uma s\u00f3 voz<\/em><\/p>\n<p><em>Que a minha vida seja assim<\/em><br \/><em>Uma entrega a Ti <\/em><br \/><em>Minha adora\u00e7\u00e3o<\/em><\/p>\n<p><em>Eu Te amo mais que tudo que h\u00e1 em mim<\/em><br \/><em>Eu Te amo, Tu \u00e9s tudo para mim<\/em><br \/><em>N\u00e3o h\u00e1 outro como Tu<\/em><br \/><em>N\u00e3o h\u00e1 outro como Tu<\/em><\/p>\n<p><em>Tu \u00e9s o meu abrigo<\/em><br \/><em>E tudo o que eu preciso<\/em><br \/><em>S\u00f3 encontro em Ti<\/em><\/p>\n<p><em>Socorro bem presente<\/em><br \/><em>O meu melhor amigo<\/em><br \/><em>Aquele que morreu<\/em><br \/><em>S\u00f3 por me amar<\/em><\/p>\n<p><em>Sim, eu sei que esse amor n\u00e3o mudar\u00e1 <\/em><br \/><em>Mas pra sempre viver\u00e1<\/em><br \/><em>Aqui dentro de mim<\/em><\/p>\n<p><em>Sim, eu sei que o dia chegar\u00e1<\/em><br \/><em>Com os anjos vou cantar<\/em><br \/><em>Santo, Santo \u00e9 o Senhor!<\/em><\/p>\n<p><em>Autores: Julia Vitoria e Hananiel Eduardo<\/em><\/p>\n<p><!-- CONTENT END 1 --><\/p><\/div>\n<p><br \/>\n<br \/>Fonte: Gospel +<\/p>\n","protected":false},"excerpt":{"rendered":"<p>A cantora Julia Vit\u00f3ria lan\u00e7ou a can\u00e7\u00e3o\u00a0Meu Abrigo\u00a0na \u00faltima quinta-feira, 27 de agosto, com participa\u00e7\u00e3o do produtor Hananiel Eduardo. A m\u00fasica est\u00e1 dispon\u00edvel nas plataformas digitais e tamb\u00e9m no canal da Musile Records no YouTube. Ao final desse\u00a0post\u00a0voc\u00ea confere a letra da m\u00fasica. Antes do lan\u00e7amento do single, artistas se uniram para divulgar a can\u00e7\u00e3o [&hellip;]<\/p>\n","protected":false},"author":1,"featured_media":2757,"comment_status":"open","ping_status":"open","sticky":false,"template":"","format":"standard","meta":{"footnotes":""},"categories":[4],"tags":[],"class_list":["post-2756","post","type-post","status-publish","format-standard","has-post-thumbnail","hentry","category-musica"],"yoast_head":"<!-- This site is optimized with the Yoast SEO plugin v26.8 - https:\/\/yoast.com\/product\/yoast-seo-wordpress\/ -->\n<title>ou\u00e7a \u2018Meu Abrigo\u2019, de Julia Vitoria ft. Hananiel Eduardo - R\u00e1dio Porto Seguro<\/title>\n<meta name=\"robots\" content=\"index, follow, max-snippet:-1, max-image-preview:large, max-video-preview:-1\" \/>\n<link rel=\"canonical\" href=\"https:\/\/radioportoseguro.com.br\/site\/2026\/01\/15\/ouca-meu-abrigo-de-julia-vitoria-ft-hananiel-eduardo\/\" \/>\n<meta property=\"og:locale\" content=\"pt_BR\" \/>\n<meta property=\"og:type\" content=\"article\" \/>\n<meta property=\"og:title\" content=\"ou\u00e7a \u2018Meu Abrigo\u2019, de Julia Vitoria ft. Hananiel Eduardo - R\u00e1dio Porto Seguro\" \/>\n<meta property=\"og:description\" content=\"A cantora Julia Vit\u00f3ria lan\u00e7ou a can\u00e7\u00e3o\u00a0Meu Abrigo\u00a0na \u00faltima quinta-feira, 27 de agosto, com participa\u00e7\u00e3o do produtor Hananiel Eduardo. A m\u00fasica est\u00e1 dispon\u00edvel nas plataformas digitais e tamb\u00e9m no canal da Musile Records no YouTube. Ao final desse\u00a0post\u00a0voc\u00ea confere a letra da m\u00fasica. Antes do lan\u00e7amento do single, artistas se uniram para divulgar a can\u00e7\u00e3o [&hellip;]\" \/>\n<meta property=\"og:url\" content=\"https:\/\/radioportoseguro.com.br\/site\/2026\/01\/15\/ouca-meu-abrigo-de-julia-vitoria-ft-hananiel-eduardo\/\" \/>\n<meta property=\"og:site_name\" content=\"R\u00e1dio Porto Seguro\" \/>\n<meta property=\"article:published_time\" content=\"2026-01-15T03:38:57+00:00\" \/>\n<meta property=\"og:image\" content=\"https:\/\/radioportoseguro.com.br\/site\/wp-content\/uploads\/2026\/01\/Julia-Vitoria-Meu-Abrigo-scaled.jpg\" \/>\n\t<meta property=\"og:image:width\" content=\"2560\" \/>\n\t<meta property=\"og:image:height\" content=\"2413\" \/>\n\t<meta property=\"og:image:type\" content=\"image\/jpeg\" \/>\n<meta name=\"author\" content=\"admin\" \/>\n<meta name=\"twitter:card\" content=\"summary_large_image\" \/>\n<meta name=\"twitter:label1\" content=\"Escrito por\" \/>\n\t<meta name=\"twitter:data1\" content=\"admin\" \/>\n\t<meta name=\"twitter:label2\" content=\"Est. tempo de leitura\" \/>\n\t<meta name=\"twitter:data2\" content=\"2 minutos\" \/>\n<script type=\"application\/ld+json\" class=\"yoast-schema-graph\">{\"@context\":\"https:\/\/schema.org\",\"@graph\":[{\"@type\":\"Article\",\"@id\":\"https:\/\/radioportoseguro.com.br\/site\/2026\/01\/15\/ouca-meu-abrigo-de-julia-vitoria-ft-hananiel-eduardo\/#article\",\"isPartOf\":{\"@id\":\"https:\/\/radioportoseguro.com.br\/site\/2026\/01\/15\/ouca-meu-abrigo-de-julia-vitoria-ft-hananiel-eduardo\/\"},\"author\":{\"name\":\"admin\",\"@id\":\"https:\/\/radioportoseguro.com.br\/site\/#\/schema\/person\/7630acdc320186f13639d3c067ec089b\"},\"headline\":\"ou\u00e7a \u2018Meu Abrigo\u2019, de Julia Vitoria ft. Hananiel Eduardo\",\"datePublished\":\"2026-01-15T03:38:57+00:00\",\"mainEntityOfPage\":{\"@id\":\"https:\/\/radioportoseguro.com.br\/site\/2026\/01\/15\/ouca-meu-abrigo-de-julia-vitoria-ft-hananiel-eduardo\/\"},\"wordCount\":418,\"commentCount\":0,\"image\":{\"@id\":\"https:\/\/radioportoseguro.com.br\/site\/2026\/01\/15\/ouca-meu-abrigo-de-julia-vitoria-ft-hananiel-eduardo\/#primaryimage\"},\"thumbnailUrl\":\"https:\/\/radioportoseguro.com.br\/site\/wp-content\/uploads\/2026\/01\/Julia-Vitoria-Meu-Abrigo-scaled.jpg\",\"articleSection\":[\"M\u00fasica\"],\"inLanguage\":\"pt-BR\",\"potentialAction\":[{\"@type\":\"CommentAction\",\"name\":\"Comment\",\"target\":[\"https:\/\/radioportoseguro.com.br\/site\/2026\/01\/15\/ouca-meu-abrigo-de-julia-vitoria-ft-hananiel-eduardo\/#respond\"]}]},{\"@type\":\"WebPage\",\"@id\":\"https:\/\/radioportoseguro.com.br\/site\/2026\/01\/15\/ouca-meu-abrigo-de-julia-vitoria-ft-hananiel-eduardo\/\",\"url\":\"https:\/\/radioportoseguro.com.br\/site\/2026\/01\/15\/ouca-meu-abrigo-de-julia-vitoria-ft-hananiel-eduardo\/\",\"name\":\"ou\u00e7a \u2018Meu Abrigo\u2019, de Julia Vitoria ft. Hananiel Eduardo - R\u00e1dio Porto Seguro\",\"isPartOf\":{\"@id\":\"https:\/\/radioportoseguro.com.br\/site\/#website\"},\"primaryImageOfPage\":{\"@id\":\"https:\/\/radioportoseguro.com.br\/site\/2026\/01\/15\/ouca-meu-abrigo-de-julia-vitoria-ft-hananiel-eduardo\/#primaryimage\"},\"image\":{\"@id\":\"https:\/\/radioportoseguro.com.br\/site\/2026\/01\/15\/ouca-meu-abrigo-de-julia-vitoria-ft-hananiel-eduardo\/#primaryimage\"},\"thumbnailUrl\":\"https:\/\/radioportoseguro.com.br\/site\/wp-content\/uploads\/2026\/01\/Julia-Vitoria-Meu-Abrigo-scaled.jpg\",\"datePublished\":\"2026-01-15T03:38:57+00:00\",\"author\":{\"@id\":\"https:\/\/radioportoseguro.com.br\/site\/#\/schema\/person\/7630acdc320186f13639d3c067ec089b\"},\"breadcrumb\":{\"@id\":\"https:\/\/radioportoseguro.com.br\/site\/2026\/01\/15\/ouca-meu-abrigo-de-julia-vitoria-ft-hananiel-eduardo\/#breadcrumb\"},\"inLanguage\":\"pt-BR\",\"potentialAction\":[{\"@type\":\"ReadAction\",\"target\":[\"https:\/\/radioportoseguro.com.br\/site\/2026\/01\/15\/ouca-meu-abrigo-de-julia-vitoria-ft-hananiel-eduardo\/\"]}]},{\"@type\":\"ImageObject\",\"inLanguage\":\"pt-BR\",\"@id\":\"https:\/\/radioportoseguro.com.br\/site\/2026\/01\/15\/ouca-meu-abrigo-de-julia-vitoria-ft-hananiel-eduardo\/#primaryimage\",\"url\":\"https:\/\/radioportoseguro.com.br\/site\/wp-content\/uploads\/2026\/01\/Julia-Vitoria-Meu-Abrigo-scaled.jpg\",\"contentUrl\":\"https:\/\/radioportoseguro.com.br\/site\/wp-content\/uploads\/2026\/01\/Julia-Vitoria-Meu-Abrigo-scaled.jpg\",\"width\":2560,\"height\":2413},{\"@type\":\"BreadcrumbList\",\"@id\":\"https:\/\/radioportoseguro.com.br\/site\/2026\/01\/15\/ouca-meu-abrigo-de-julia-vitoria-ft-hananiel-eduardo\/#breadcrumb\",\"itemListElement\":[{\"@type\":\"ListItem\",\"position\":1,\"name\":\"In\u00edcio\",\"item\":\"https:\/\/radioportoseguro.com.br\/site\/\"},{\"@type\":\"ListItem\",\"position\":2,\"name\":\"ou\u00e7a \u2018Meu Abrigo\u2019, de Julia Vitoria ft. Hananiel Eduardo\"}]},{\"@type\":\"WebSite\",\"@id\":\"https:\/\/radioportoseguro.com.br\/site\/#website\",\"url\":\"https:\/\/radioportoseguro.com.br\/site\/\",\"name\":\"R\u00e1dio Porto Seguro\",\"description\":\"\",\"potentialAction\":[{\"@type\":\"SearchAction\",\"target\":{\"@type\":\"EntryPoint\",\"urlTemplate\":\"https:\/\/radioportoseguro.com.br\/site\/?s={search_term_string}\"},\"query-input\":{\"@type\":\"PropertyValueSpecification\",\"valueRequired\":true,\"valueName\":\"search_term_string\"}}],\"inLanguage\":\"pt-BR\"},{\"@type\":\"Person\",\"@id\":\"https:\/\/radioportoseguro.com.br\/site\/#\/schema\/person\/7630acdc320186f13639d3c067ec089b\",\"name\":\"admin\",\"image\":{\"@type\":\"ImageObject\",\"inLanguage\":\"pt-BR\",\"@id\":\"https:\/\/radioportoseguro.com.br\/site\/#\/schema\/person\/image\/\",\"url\":\"https:\/\/secure.gravatar.com\/avatar\/caacf4dc1eedb68fab0df8e1ed46c448e578b2466351bbcb61e47d2ac0caaef0?s=96&d=mm&r=g\",\"contentUrl\":\"https:\/\/secure.gravatar.com\/avatar\/caacf4dc1eedb68fab0df8e1ed46c448e578b2466351bbcb61e47d2ac0caaef0?s=96&d=mm&r=g\",\"caption\":\"admin\"},\"sameAs\":[\"https:\/\/radioportoseguro.com.br\/site\"],\"url\":\"https:\/\/radioportoseguro.com.br\/site\/author\/hezio\/\"}]}<\/script>\n<!-- \/ Yoast SEO plugin. -->","yoast_head_json":{"title":"ou\u00e7a \u2018Meu Abrigo\u2019, de Julia Vitoria ft. Hananiel Eduardo - R\u00e1dio Porto Seguro","robots":{"index":"index","follow":"follow","max-snippet":"max-snippet:-1","max-image-preview":"max-image-preview:large","max-video-preview":"max-video-preview:-1"},"canonical":"https:\/\/radioportoseguro.com.br\/site\/2026\/01\/15\/ouca-meu-abrigo-de-julia-vitoria-ft-hananiel-eduardo\/","og_locale":"pt_BR","og_type":"article","og_title":"ou\u00e7a \u2018Meu Abrigo\u2019, de Julia Vitoria ft. Hananiel Eduardo - R\u00e1dio Porto Seguro","og_description":"A cantora Julia Vit\u00f3ria lan\u00e7ou a can\u00e7\u00e3o\u00a0Meu Abrigo\u00a0na \u00faltima quinta-feira, 27 de agosto, com participa\u00e7\u00e3o do produtor Hananiel Eduardo. A m\u00fasica est\u00e1 dispon\u00edvel nas plataformas digitais e tamb\u00e9m no canal da Musile Records no YouTube. Ao final desse\u00a0post\u00a0voc\u00ea confere a letra da m\u00fasica. Antes do lan\u00e7amento do single, artistas se uniram para divulgar a can\u00e7\u00e3o [&hellip;]","og_url":"https:\/\/radioportoseguro.com.br\/site\/2026\/01\/15\/ouca-meu-abrigo-de-julia-vitoria-ft-hananiel-eduardo\/","og_site_name":"R\u00e1dio Porto Seguro","article_published_time":"2026-01-15T03:38:57+00:00","og_image":[{"width":2560,"height":2413,"url":"https:\/\/radioportoseguro.com.br\/site\/wp-content\/uploads\/2026\/01\/Julia-Vitoria-Meu-Abrigo-scaled.jpg","type":"image\/jpeg"}],"author":"admin","twitter_card":"summary_large_image","twitter_misc":{"Escrito por":"admin","Est. tempo de leitura":"2 minutos"},"schema":{"@context":"https:\/\/schema.org","@graph":[{"@type":"Article","@id":"https:\/\/radioportoseguro.com.br\/site\/2026\/01\/15\/ouca-meu-abrigo-de-julia-vitoria-ft-hananiel-eduardo\/#article","isPartOf":{"@id":"https:\/\/radioportoseguro.com.br\/site\/2026\/01\/15\/ouca-meu-abrigo-de-julia-vitoria-ft-hananiel-eduardo\/"},"author":{"name":"admin","@id":"https:\/\/radioportoseguro.com.br\/site\/#\/schema\/person\/7630acdc320186f13639d3c067ec089b"},"headline":"ou\u00e7a \u2018Meu Abrigo\u2019, de Julia Vitoria ft. Hananiel Eduardo","datePublished":"2026-01-15T03:38:57+00:00","mainEntityOfPage":{"@id":"https:\/\/radioportoseguro.com.br\/site\/2026\/01\/15\/ouca-meu-abrigo-de-julia-vitoria-ft-hananiel-eduardo\/"},"wordCount":418,"commentCount":0,"image":{"@id":"https:\/\/radioportoseguro.com.br\/site\/2026\/01\/15\/ouca-meu-abrigo-de-julia-vitoria-ft-hananiel-eduardo\/#primaryimage"},"thumbnailUrl":"https:\/\/radioportoseguro.com.br\/site\/wp-content\/uploads\/2026\/01\/Julia-Vitoria-Meu-Abrigo-scaled.jpg","articleSection":["M\u00fasica"],"inLanguage":"pt-BR","potentialAction":[{"@type":"CommentAction","name":"Comment","target":["https:\/\/radioportoseguro.com.br\/site\/2026\/01\/15\/ouca-meu-abrigo-de-julia-vitoria-ft-hananiel-eduardo\/#respond"]}]},{"@type":"WebPage","@id":"https:\/\/radioportoseguro.com.br\/site\/2026\/01\/15\/ouca-meu-abrigo-de-julia-vitoria-ft-hananiel-eduardo\/","url":"https:\/\/radioportoseguro.com.br\/site\/2026\/01\/15\/ouca-meu-abrigo-de-julia-vitoria-ft-hananiel-eduardo\/","name":"ou\u00e7a \u2018Meu Abrigo\u2019, de Julia Vitoria ft. Hananiel Eduardo - R\u00e1dio Porto Seguro","isPartOf":{"@id":"https:\/\/radioportoseguro.com.br\/site\/#website"},"primaryImageOfPage":{"@id":"https:\/\/radioportoseguro.com.br\/site\/2026\/01\/15\/ouca-meu-abrigo-de-julia-vitoria-ft-hananiel-eduardo\/#primaryimage"},"image":{"@id":"https:\/\/radioportoseguro.com.br\/site\/2026\/01\/15\/ouca-meu-abrigo-de-julia-vitoria-ft-hananiel-eduardo\/#primaryimage"},"thumbnailUrl":"https:\/\/radioportoseguro.com.br\/site\/wp-content\/uploads\/2026\/01\/Julia-Vitoria-Meu-Abrigo-scaled.jpg","datePublished":"2026-01-15T03:38:57+00:00","author":{"@id":"https:\/\/radioportoseguro.com.br\/site\/#\/schema\/person\/7630acdc320186f13639d3c067ec089b"},"breadcrumb":{"@id":"https:\/\/radioportoseguro.com.br\/site\/2026\/01\/15\/ouca-meu-abrigo-de-julia-vitoria-ft-hananiel-eduardo\/#breadcrumb"},"inLanguage":"pt-BR","potentialAction":[{"@type":"ReadAction","target":["https:\/\/radioportoseguro.com.br\/site\/2026\/01\/15\/ouca-meu-abrigo-de-julia-vitoria-ft-hananiel-eduardo\/"]}]},{"@type":"ImageObject","inLanguage":"pt-BR","@id":"https:\/\/radioportoseguro.com.br\/site\/2026\/01\/15\/ouca-meu-abrigo-de-julia-vitoria-ft-hananiel-eduardo\/#primaryimage","url":"https:\/\/radioportoseguro.com.br\/site\/wp-content\/uploads\/2026\/01\/Julia-Vitoria-Meu-Abrigo-scaled.jpg","contentUrl":"https:\/\/radioportoseguro.com.br\/site\/wp-content\/uploads\/2026\/01\/Julia-Vitoria-Meu-Abrigo-scaled.jpg","width":2560,"height":2413},{"@type":"BreadcrumbList","@id":"https:\/\/radioportoseguro.com.br\/site\/2026\/01\/15\/ouca-meu-abrigo-de-julia-vitoria-ft-hananiel-eduardo\/#breadcrumb","itemListElement":[{"@type":"ListItem","position":1,"name":"In\u00edcio","item":"https:\/\/radioportoseguro.com.br\/site\/"},{"@type":"ListItem","position":2,"name":"ou\u00e7a \u2018Meu Abrigo\u2019, de Julia Vitoria ft. Hananiel Eduardo"}]},{"@type":"WebSite","@id":"https:\/\/radioportoseguro.com.br\/site\/#website","url":"https:\/\/radioportoseguro.com.br\/site\/","name":"R\u00e1dio Porto Seguro","description":"","potentialAction":[{"@type":"SearchAction","target":{"@type":"EntryPoint","urlTemplate":"https:\/\/radioportoseguro.com.br\/site\/?s={search_term_string}"},"query-input":{"@type":"PropertyValueSpecification","valueRequired":true,"valueName":"search_term_string"}}],"inLanguage":"pt-BR"},{"@type":"Person","@id":"https:\/\/radioportoseguro.com.br\/site\/#\/schema\/person\/7630acdc320186f13639d3c067ec089b","name":"admin","image":{"@type":"ImageObject","inLanguage":"pt-BR","@id":"https:\/\/radioportoseguro.com.br\/site\/#\/schema\/person\/image\/","url":"https:\/\/secure.gravatar.com\/avatar\/caacf4dc1eedb68fab0df8e1ed46c448e578b2466351bbcb61e47d2ac0caaef0?s=96&d=mm&r=g","contentUrl":"https:\/\/secure.gravatar.com\/avatar\/caacf4dc1eedb68fab0df8e1ed46c448e578b2466351bbcb61e47d2ac0caaef0?s=96&d=mm&r=g","caption":"admin"},"sameAs":["https:\/\/radioportoseguro.com.br\/site"],"url":"https:\/\/radioportoseguro.com.br\/site\/author\/hezio\/"}]}},"_links":{"self":[{"href":"https:\/\/radioportoseguro.com.br\/site\/wp-json\/wp\/v2\/posts\/2756","targetHints":{"allow":["GET"]}}],"collection":[{"href":"https:\/\/radioportoseguro.com.br\/site\/wp-json\/wp\/v2\/posts"}],"about":[{"href":"https:\/\/radioportoseguro.com.br\/site\/wp-json\/wp\/v2\/types\/post"}],"author":[{"embeddable":true,"href":"https:\/\/radioportoseguro.com.br\/site\/wp-json\/wp\/v2\/users\/1"}],"replies":[{"embeddable":true,"href":"https:\/\/radioportoseguro.com.br\/site\/wp-json\/wp\/v2\/comments?post=2756"}],"version-history":[{"count":0,"href":"https:\/\/radioportoseguro.com.br\/site\/wp-json\/wp\/v2\/posts\/2756\/revisions"}],"wp:featuredmedia":[{"embeddable":true,"href":"https:\/\/radioportoseguro.com.br\/site\/wp-json\/wp\/v2\/media\/2757"}],"wp:attachment":[{"href":"https:\/\/radioportoseguro.com.br\/site\/wp-json\/wp\/v2\/media?parent=2756"}],"wp:term":[{"taxonomy":"category","embeddable":true,"href":"https:\/\/radioportoseguro.com.br\/site\/wp-json\/wp\/v2\/categories?post=2756"},{"taxonomy":"post_tag","embeddable":true,"href":"https:\/\/radioportoseguro.com.br\/site\/wp-json\/wp\/v2\/tags?post=2756"}],"curies":[{"name":"wp","href":"https:\/\/api.w.org\/{rel}","templated":true}]}}