{"id":2762,"date":"2026-01-15T02:31:34","date_gmt":"2026-01-15T05:31:34","guid":{"rendered":"https:\/\/radioportoseguro.com.br\/site\/2026\/01\/15\/ouca-o-que-o-mundo-precisa-de-thaiane-seghetto\/"},"modified":"2026-01-15T02:31:34","modified_gmt":"2026-01-15T05:31:34","slug":"ouca-o-que-o-mundo-precisa-de-thaiane-seghetto","status":"publish","type":"post","link":"https:\/\/radioportoseguro.com.br\/site\/2026\/01\/15\/ouca-o-que-o-mundo-precisa-de-thaiane-seghetto\/","title":{"rendered":"ou\u00e7a \u2018O Que O Mundo Precisa\u2019, de Thaiane Seghetto"},"content":{"rendered":"<p><br \/>\n<\/p>\n<div>\n<p>A cantora Thaiane Seghetto lan\u00e7ou a can\u00e7\u00e3o\u00a0<em>O Que O Mundo Precisa<\/em>\u00a0na \u00faltima semana, no dia 30 de julho. A m\u00fasica est\u00e1 dispon\u00edvel nas plataformas digitais com distribui\u00e7\u00e3o da Musile Records, e o clipe gravado ao vivo est\u00e1 no canal da gravadora no YouTube. Ao final deste\u00a0<em>post<\/em>\u00a0voc\u00ea confere a letra da m\u00fasica.<\/p>\n<p>A nova can\u00e7\u00e3o \u00e9 parte do projeto composto por seis m\u00fasicas autorais de Thaiane, que inclui <strong><em>Nada Pra Mim<\/em><\/strong>, que rendeu um dueto com o cantor Isaias Saad. Sobre <em>O Que O Mundo Precisa<\/em>, a nota de divulga\u00e7\u00e3o diz que a letra fala sobre o \u201ccansa\u00e7o do ser humano e afli\u00e7\u00e3o sentida pelas pessoas\u201d.<\/p>\n<p>\u201cEssa m\u00fasica surgiu de uma situa\u00e7\u00e3o que eu vi, um morador de rua ajoelhado, prostrado, com as m\u00e3os levantadas e clamando a Deus. Naquele momento, eu percebi como a igreja precisa se posicionar e levar o amor de Jesus, pois \u00e9 isso que vai salvar a vida das pessoas\u201d, comentou Thaiane Seghetto.<\/p>\n<p>Por fim, a artista lan\u00e7a luz sobre o fato de que as pessoas costumam dar aten\u00e7\u00e3o demasiada ao que \u00e9 secund\u00e1rio e terminam por negligenciar o que deveria ser a prioridade: \u201cA gente se preocupa muito com entretenimento, com o que v\u00e3o achar da nossa roupa ou estilo, mas o importante \u00e9 que a gente leve a mensagem de Jesus por meio daquilo que fazemos e essa \u00e9 a mensagem que eu quero passar por meio dessa m\u00fasica\u201d.<\/p>\n<h2><strong>\u2018O Que O Mundo Precisa\u2019<\/strong><\/h2>\n<div class=\"ose-youtube ose-uid-b46bac5acdddcd740e5b2036706810d8 ose-embedpress-responsive\" style=\"width:600px; height:600px; max-height:600px; max-width:100%; display:inline-block;\" data-embed-type=\"Youtube\"><iframe allowFullScreen=\"true\" title=\"Thaiane Seghetto - O Que o Mundo Precisa (Ao Vivo)\" width=\"600\" height=\"600\" src=\"https:\/\/www.youtube.com\/embed\/0iSqkd4K1hU?feature=oembed&color=red&rel=0&controls=1&start=&end=&fs=0&iv_load_policy=0&autoplay=0&mute=0&modestbranding=0&cc_load_policy=1&playsinline=1\" frameborder=\"0\" allow=\"accelerometer; encrypted-media;accelerometer;autoplay;clipboard-write;gyroscope;picture-in-picture clipboard-write; encrypted-media; gyroscope; picture-in-picture; web-share\" referrerpolicy=\"strict-origin-when-cross-origin\" allowfullscreen><\/iframe><\/div>\n<p><em>Cansados, buscamos a raz\u00e3o<\/em><br \/><em>Aflitos, pedimos prote\u00e7\u00e3o<\/em><br \/><em>Perdidos, gritamos por socorro<\/em><br \/><em>E sem a resposta, repetimos tudo de novo<\/em><\/p>\n<p><em>O mundo n\u00e3o precisa de atra\u00e7\u00f5es<\/em><br \/><em>Ele est\u00e1 saturado de ilus\u00f5es<\/em><br \/><em>Nenhum dinheiro vai pagar<\/em><br \/><em>A paz n\u00e3o pode se comprar<\/em><\/p>\n<p><em>Abra os seus ouvidos para o que eu vou dizer<\/em><br \/><em>Ele est\u00e1 bem perto de voc\u00ea<\/em><br \/><em>Algu\u00e9m que traga a paz e luz<\/em><br \/><em>O que o mundo precisa \u00e9 conhecer Jesus<\/em><\/p>\n<p><em>\u00c9 conhecer Jesus<\/em><br \/><em>\u00c9 conhecer Jesus<\/em><\/p>\n<p><em>O mundo est\u00e1 doente, ele est\u00e1 <\/em><br \/><em>Correndo contra o tempo sem parar<\/em><br \/><em>Andando no escuro, sem enxergar o rumo<\/em><br \/><em>Perdendo o presente preocupado com o futuro<\/em><\/p>\n<p><em>A solu\u00e7\u00e3o \u00e9 simples, \u00e9 s\u00f3 pensar<\/em><br \/><em>Quem \u00e9 que deu a vida por amar?<\/em><br \/><em>O dono do universo amou todo o mundo<\/em><br \/><em>Deixe o orgulho fora, fa\u00e7a dele o Seu tudo<\/em><\/p>\n<p><em>Autora: Thaiane Seghetto<\/em><\/p>\n<p><!-- CONTENT END 1 --><\/p><\/div>\n<p><br \/>\n<br \/>Fonte: Gospel +<\/p>\n","protected":false},"excerpt":{"rendered":"<p>A cantora Thaiane Seghetto lan\u00e7ou a can\u00e7\u00e3o\u00a0O Que O Mundo Precisa\u00a0na \u00faltima semana, no dia 30 de julho. A m\u00fasica est\u00e1 dispon\u00edvel nas plataformas digitais com distribui\u00e7\u00e3o da Musile Records, e o clipe gravado ao vivo est\u00e1 no canal da gravadora no YouTube. Ao final deste\u00a0post\u00a0voc\u00ea confere a letra da m\u00fasica. A nova can\u00e7\u00e3o \u00e9 [&hellip;]<\/p>\n","protected":false},"author":1,"featured_media":2763,"comment_status":"open","ping_status":"open","sticky":false,"template":"","format":"standard","meta":{"footnotes":""},"categories":[4],"tags":[],"class_list":["post-2762","post","type-post","status-publish","format-standard","has-post-thumbnail","hentry","category-musica"],"yoast_head":"<!-- This site is optimized with the Yoast SEO plugin v26.8 - https:\/\/yoast.com\/product\/yoast-seo-wordpress\/ -->\n<title>ou\u00e7a \u2018O Que O Mundo Precisa\u2019, de Thaiane Seghetto - R\u00e1dio Porto Seguro<\/title>\n<meta name=\"robots\" content=\"index, follow, max-snippet:-1, max-image-preview:large, max-video-preview:-1\" \/>\n<link rel=\"canonical\" href=\"https:\/\/radioportoseguro.com.br\/site\/2026\/01\/15\/ouca-o-que-o-mundo-precisa-de-thaiane-seghetto\/\" \/>\n<meta property=\"og:locale\" content=\"pt_BR\" \/>\n<meta property=\"og:type\" content=\"article\" \/>\n<meta property=\"og:title\" content=\"ou\u00e7a \u2018O Que O Mundo Precisa\u2019, de Thaiane Seghetto - R\u00e1dio Porto Seguro\" \/>\n<meta property=\"og:description\" content=\"A cantora Thaiane Seghetto lan\u00e7ou a can\u00e7\u00e3o\u00a0O Que O Mundo Precisa\u00a0na \u00faltima semana, no dia 30 de julho. A m\u00fasica est\u00e1 dispon\u00edvel nas plataformas digitais com distribui\u00e7\u00e3o da Musile Records, e o clipe gravado ao vivo est\u00e1 no canal da gravadora no YouTube. Ao final deste\u00a0post\u00a0voc\u00ea confere a letra da m\u00fasica. A nova can\u00e7\u00e3o \u00e9 [&hellip;]\" \/>\n<meta property=\"og:url\" content=\"https:\/\/radioportoseguro.com.br\/site\/2026\/01\/15\/ouca-o-que-o-mundo-precisa-de-thaiane-seghetto\/\" \/>\n<meta property=\"og:site_name\" content=\"R\u00e1dio Porto Seguro\" \/>\n<meta property=\"article:published_time\" content=\"2026-01-15T05:31:34+00:00\" \/>\n<meta property=\"og:image\" content=\"https:\/\/radioportoseguro.com.br\/site\/wp-content\/uploads\/2026\/01\/Thaiane-Seghetto-O-Que-o-Mundo-Precisa-scaled.jpg\" \/>\n\t<meta property=\"og:image:width\" content=\"2560\" \/>\n\t<meta property=\"og:image:height\" content=\"2304\" \/>\n\t<meta property=\"og:image:type\" content=\"image\/jpeg\" \/>\n<meta name=\"author\" content=\"admin\" \/>\n<meta name=\"twitter:card\" content=\"summary_large_image\" \/>\n<meta name=\"twitter:label1\" content=\"Escrito por\" \/>\n\t<meta name=\"twitter:data1\" content=\"admin\" \/>\n\t<meta name=\"twitter:label2\" content=\"Est. tempo de leitura\" \/>\n\t<meta name=\"twitter:data2\" content=\"2 minutos\" \/>\n<script type=\"application\/ld+json\" class=\"yoast-schema-graph\">{\"@context\":\"https:\/\/schema.org\",\"@graph\":[{\"@type\":\"Article\",\"@id\":\"https:\/\/radioportoseguro.com.br\/site\/2026\/01\/15\/ouca-o-que-o-mundo-precisa-de-thaiane-seghetto\/#article\",\"isPartOf\":{\"@id\":\"https:\/\/radioportoseguro.com.br\/site\/2026\/01\/15\/ouca-o-que-o-mundo-precisa-de-thaiane-seghetto\/\"},\"author\":{\"name\":\"admin\",\"@id\":\"https:\/\/radioportoseguro.com.br\/site\/#\/schema\/person\/7630acdc320186f13639d3c067ec089b\"},\"headline\":\"ou\u00e7a \u2018O Que O Mundo Precisa\u2019, de Thaiane Seghetto\",\"datePublished\":\"2026-01-15T05:31:34+00:00\",\"mainEntityOfPage\":{\"@id\":\"https:\/\/radioportoseguro.com.br\/site\/2026\/01\/15\/ouca-o-que-o-mundo-precisa-de-thaiane-seghetto\/\"},\"wordCount\":423,\"commentCount\":0,\"image\":{\"@id\":\"https:\/\/radioportoseguro.com.br\/site\/2026\/01\/15\/ouca-o-que-o-mundo-precisa-de-thaiane-seghetto\/#primaryimage\"},\"thumbnailUrl\":\"https:\/\/radioportoseguro.com.br\/site\/wp-content\/uploads\/2026\/01\/Thaiane-Seghetto-O-Que-o-Mundo-Precisa-scaled.jpg\",\"articleSection\":[\"M\u00fasica\"],\"inLanguage\":\"pt-BR\",\"potentialAction\":[{\"@type\":\"CommentAction\",\"name\":\"Comment\",\"target\":[\"https:\/\/radioportoseguro.com.br\/site\/2026\/01\/15\/ouca-o-que-o-mundo-precisa-de-thaiane-seghetto\/#respond\"]}]},{\"@type\":\"WebPage\",\"@id\":\"https:\/\/radioportoseguro.com.br\/site\/2026\/01\/15\/ouca-o-que-o-mundo-precisa-de-thaiane-seghetto\/\",\"url\":\"https:\/\/radioportoseguro.com.br\/site\/2026\/01\/15\/ouca-o-que-o-mundo-precisa-de-thaiane-seghetto\/\",\"name\":\"ou\u00e7a \u2018O Que O Mundo Precisa\u2019, de Thaiane Seghetto - R\u00e1dio Porto Seguro\",\"isPartOf\":{\"@id\":\"https:\/\/radioportoseguro.com.br\/site\/#website\"},\"primaryImageOfPage\":{\"@id\":\"https:\/\/radioportoseguro.com.br\/site\/2026\/01\/15\/ouca-o-que-o-mundo-precisa-de-thaiane-seghetto\/#primaryimage\"},\"image\":{\"@id\":\"https:\/\/radioportoseguro.com.br\/site\/2026\/01\/15\/ouca-o-que-o-mundo-precisa-de-thaiane-seghetto\/#primaryimage\"},\"thumbnailUrl\":\"https:\/\/radioportoseguro.com.br\/site\/wp-content\/uploads\/2026\/01\/Thaiane-Seghetto-O-Que-o-Mundo-Precisa-scaled.jpg\",\"datePublished\":\"2026-01-15T05:31:34+00:00\",\"author\":{\"@id\":\"https:\/\/radioportoseguro.com.br\/site\/#\/schema\/person\/7630acdc320186f13639d3c067ec089b\"},\"breadcrumb\":{\"@id\":\"https:\/\/radioportoseguro.com.br\/site\/2026\/01\/15\/ouca-o-que-o-mundo-precisa-de-thaiane-seghetto\/#breadcrumb\"},\"inLanguage\":\"pt-BR\",\"potentialAction\":[{\"@type\":\"ReadAction\",\"target\":[\"https:\/\/radioportoseguro.com.br\/site\/2026\/01\/15\/ouca-o-que-o-mundo-precisa-de-thaiane-seghetto\/\"]}]},{\"@type\":\"ImageObject\",\"inLanguage\":\"pt-BR\",\"@id\":\"https:\/\/radioportoseguro.com.br\/site\/2026\/01\/15\/ouca-o-que-o-mundo-precisa-de-thaiane-seghetto\/#primaryimage\",\"url\":\"https:\/\/radioportoseguro.com.br\/site\/wp-content\/uploads\/2026\/01\/Thaiane-Seghetto-O-Que-o-Mundo-Precisa-scaled.jpg\",\"contentUrl\":\"https:\/\/radioportoseguro.com.br\/site\/wp-content\/uploads\/2026\/01\/Thaiane-Seghetto-O-Que-o-Mundo-Precisa-scaled.jpg\",\"width\":2560,\"height\":2304},{\"@type\":\"BreadcrumbList\",\"@id\":\"https:\/\/radioportoseguro.com.br\/site\/2026\/01\/15\/ouca-o-que-o-mundo-precisa-de-thaiane-seghetto\/#breadcrumb\",\"itemListElement\":[{\"@type\":\"ListItem\",\"position\":1,\"name\":\"In\u00edcio\",\"item\":\"https:\/\/radioportoseguro.com.br\/site\/\"},{\"@type\":\"ListItem\",\"position\":2,\"name\":\"ou\u00e7a \u2018O Que O Mundo Precisa\u2019, de Thaiane Seghetto\"}]},{\"@type\":\"WebSite\",\"@id\":\"https:\/\/radioportoseguro.com.br\/site\/#website\",\"url\":\"https:\/\/radioportoseguro.com.br\/site\/\",\"name\":\"R\u00e1dio Porto Seguro\",\"description\":\"\",\"potentialAction\":[{\"@type\":\"SearchAction\",\"target\":{\"@type\":\"EntryPoint\",\"urlTemplate\":\"https:\/\/radioportoseguro.com.br\/site\/?s={search_term_string}\"},\"query-input\":{\"@type\":\"PropertyValueSpecification\",\"valueRequired\":true,\"valueName\":\"search_term_string\"}}],\"inLanguage\":\"pt-BR\"},{\"@type\":\"Person\",\"@id\":\"https:\/\/radioportoseguro.com.br\/site\/#\/schema\/person\/7630acdc320186f13639d3c067ec089b\",\"name\":\"admin\",\"image\":{\"@type\":\"ImageObject\",\"inLanguage\":\"pt-BR\",\"@id\":\"https:\/\/radioportoseguro.com.br\/site\/#\/schema\/person\/image\/\",\"url\":\"https:\/\/secure.gravatar.com\/avatar\/caacf4dc1eedb68fab0df8e1ed46c448e578b2466351bbcb61e47d2ac0caaef0?s=96&d=mm&r=g\",\"contentUrl\":\"https:\/\/secure.gravatar.com\/avatar\/caacf4dc1eedb68fab0df8e1ed46c448e578b2466351bbcb61e47d2ac0caaef0?s=96&d=mm&r=g\",\"caption\":\"admin\"},\"sameAs\":[\"https:\/\/radioportoseguro.com.br\/site\"],\"url\":\"https:\/\/radioportoseguro.com.br\/site\/author\/hezio\/\"}]}<\/script>\n<!-- \/ Yoast SEO plugin. -->","yoast_head_json":{"title":"ou\u00e7a \u2018O Que O Mundo Precisa\u2019, de Thaiane Seghetto - R\u00e1dio Porto Seguro","robots":{"index":"index","follow":"follow","max-snippet":"max-snippet:-1","max-image-preview":"max-image-preview:large","max-video-preview":"max-video-preview:-1"},"canonical":"https:\/\/radioportoseguro.com.br\/site\/2026\/01\/15\/ouca-o-que-o-mundo-precisa-de-thaiane-seghetto\/","og_locale":"pt_BR","og_type":"article","og_title":"ou\u00e7a \u2018O Que O Mundo Precisa\u2019, de Thaiane Seghetto - R\u00e1dio Porto Seguro","og_description":"A cantora Thaiane Seghetto lan\u00e7ou a can\u00e7\u00e3o\u00a0O Que O Mundo Precisa\u00a0na \u00faltima semana, no dia 30 de julho. A m\u00fasica est\u00e1 dispon\u00edvel nas plataformas digitais com distribui\u00e7\u00e3o da Musile Records, e o clipe gravado ao vivo est\u00e1 no canal da gravadora no YouTube. Ao final deste\u00a0post\u00a0voc\u00ea confere a letra da m\u00fasica. A nova can\u00e7\u00e3o \u00e9 [&hellip;]","og_url":"https:\/\/radioportoseguro.com.br\/site\/2026\/01\/15\/ouca-o-que-o-mundo-precisa-de-thaiane-seghetto\/","og_site_name":"R\u00e1dio Porto Seguro","article_published_time":"2026-01-15T05:31:34+00:00","og_image":[{"width":2560,"height":2304,"url":"https:\/\/radioportoseguro.com.br\/site\/wp-content\/uploads\/2026\/01\/Thaiane-Seghetto-O-Que-o-Mundo-Precisa-scaled.jpg","type":"image\/jpeg"}],"author":"admin","twitter_card":"summary_large_image","twitter_misc":{"Escrito por":"admin","Est. tempo de leitura":"2 minutos"},"schema":{"@context":"https:\/\/schema.org","@graph":[{"@type":"Article","@id":"https:\/\/radioportoseguro.com.br\/site\/2026\/01\/15\/ouca-o-que-o-mundo-precisa-de-thaiane-seghetto\/#article","isPartOf":{"@id":"https:\/\/radioportoseguro.com.br\/site\/2026\/01\/15\/ouca-o-que-o-mundo-precisa-de-thaiane-seghetto\/"},"author":{"name":"admin","@id":"https:\/\/radioportoseguro.com.br\/site\/#\/schema\/person\/7630acdc320186f13639d3c067ec089b"},"headline":"ou\u00e7a \u2018O Que O Mundo Precisa\u2019, de Thaiane Seghetto","datePublished":"2026-01-15T05:31:34+00:00","mainEntityOfPage":{"@id":"https:\/\/radioportoseguro.com.br\/site\/2026\/01\/15\/ouca-o-que-o-mundo-precisa-de-thaiane-seghetto\/"},"wordCount":423,"commentCount":0,"image":{"@id":"https:\/\/radioportoseguro.com.br\/site\/2026\/01\/15\/ouca-o-que-o-mundo-precisa-de-thaiane-seghetto\/#primaryimage"},"thumbnailUrl":"https:\/\/radioportoseguro.com.br\/site\/wp-content\/uploads\/2026\/01\/Thaiane-Seghetto-O-Que-o-Mundo-Precisa-scaled.jpg","articleSection":["M\u00fasica"],"inLanguage":"pt-BR","potentialAction":[{"@type":"CommentAction","name":"Comment","target":["https:\/\/radioportoseguro.com.br\/site\/2026\/01\/15\/ouca-o-que-o-mundo-precisa-de-thaiane-seghetto\/#respond"]}]},{"@type":"WebPage","@id":"https:\/\/radioportoseguro.com.br\/site\/2026\/01\/15\/ouca-o-que-o-mundo-precisa-de-thaiane-seghetto\/","url":"https:\/\/radioportoseguro.com.br\/site\/2026\/01\/15\/ouca-o-que-o-mundo-precisa-de-thaiane-seghetto\/","name":"ou\u00e7a \u2018O Que O Mundo Precisa\u2019, de Thaiane Seghetto - R\u00e1dio Porto Seguro","isPartOf":{"@id":"https:\/\/radioportoseguro.com.br\/site\/#website"},"primaryImageOfPage":{"@id":"https:\/\/radioportoseguro.com.br\/site\/2026\/01\/15\/ouca-o-que-o-mundo-precisa-de-thaiane-seghetto\/#primaryimage"},"image":{"@id":"https:\/\/radioportoseguro.com.br\/site\/2026\/01\/15\/ouca-o-que-o-mundo-precisa-de-thaiane-seghetto\/#primaryimage"},"thumbnailUrl":"https:\/\/radioportoseguro.com.br\/site\/wp-content\/uploads\/2026\/01\/Thaiane-Seghetto-O-Que-o-Mundo-Precisa-scaled.jpg","datePublished":"2026-01-15T05:31:34+00:00","author":{"@id":"https:\/\/radioportoseguro.com.br\/site\/#\/schema\/person\/7630acdc320186f13639d3c067ec089b"},"breadcrumb":{"@id":"https:\/\/radioportoseguro.com.br\/site\/2026\/01\/15\/ouca-o-que-o-mundo-precisa-de-thaiane-seghetto\/#breadcrumb"},"inLanguage":"pt-BR","potentialAction":[{"@type":"ReadAction","target":["https:\/\/radioportoseguro.com.br\/site\/2026\/01\/15\/ouca-o-que-o-mundo-precisa-de-thaiane-seghetto\/"]}]},{"@type":"ImageObject","inLanguage":"pt-BR","@id":"https:\/\/radioportoseguro.com.br\/site\/2026\/01\/15\/ouca-o-que-o-mundo-precisa-de-thaiane-seghetto\/#primaryimage","url":"https:\/\/radioportoseguro.com.br\/site\/wp-content\/uploads\/2026\/01\/Thaiane-Seghetto-O-Que-o-Mundo-Precisa-scaled.jpg","contentUrl":"https:\/\/radioportoseguro.com.br\/site\/wp-content\/uploads\/2026\/01\/Thaiane-Seghetto-O-Que-o-Mundo-Precisa-scaled.jpg","width":2560,"height":2304},{"@type":"BreadcrumbList","@id":"https:\/\/radioportoseguro.com.br\/site\/2026\/01\/15\/ouca-o-que-o-mundo-precisa-de-thaiane-seghetto\/#breadcrumb","itemListElement":[{"@type":"ListItem","position":1,"name":"In\u00edcio","item":"https:\/\/radioportoseguro.com.br\/site\/"},{"@type":"ListItem","position":2,"name":"ou\u00e7a \u2018O Que O Mundo Precisa\u2019, de Thaiane Seghetto"}]},{"@type":"WebSite","@id":"https:\/\/radioportoseguro.com.br\/site\/#website","url":"https:\/\/radioportoseguro.com.br\/site\/","name":"R\u00e1dio Porto Seguro","description":"","potentialAction":[{"@type":"SearchAction","target":{"@type":"EntryPoint","urlTemplate":"https:\/\/radioportoseguro.com.br\/site\/?s={search_term_string}"},"query-input":{"@type":"PropertyValueSpecification","valueRequired":true,"valueName":"search_term_string"}}],"inLanguage":"pt-BR"},{"@type":"Person","@id":"https:\/\/radioportoseguro.com.br\/site\/#\/schema\/person\/7630acdc320186f13639d3c067ec089b","name":"admin","image":{"@type":"ImageObject","inLanguage":"pt-BR","@id":"https:\/\/radioportoseguro.com.br\/site\/#\/schema\/person\/image\/","url":"https:\/\/secure.gravatar.com\/avatar\/caacf4dc1eedb68fab0df8e1ed46c448e578b2466351bbcb61e47d2ac0caaef0?s=96&d=mm&r=g","contentUrl":"https:\/\/secure.gravatar.com\/avatar\/caacf4dc1eedb68fab0df8e1ed46c448e578b2466351bbcb61e47d2ac0caaef0?s=96&d=mm&r=g","caption":"admin"},"sameAs":["https:\/\/radioportoseguro.com.br\/site"],"url":"https:\/\/radioportoseguro.com.br\/site\/author\/hezio\/"}]}},"_links":{"self":[{"href":"https:\/\/radioportoseguro.com.br\/site\/wp-json\/wp\/v2\/posts\/2762","targetHints":{"allow":["GET"]}}],"collection":[{"href":"https:\/\/radioportoseguro.com.br\/site\/wp-json\/wp\/v2\/posts"}],"about":[{"href":"https:\/\/radioportoseguro.com.br\/site\/wp-json\/wp\/v2\/types\/post"}],"author":[{"embeddable":true,"href":"https:\/\/radioportoseguro.com.br\/site\/wp-json\/wp\/v2\/users\/1"}],"replies":[{"embeddable":true,"href":"https:\/\/radioportoseguro.com.br\/site\/wp-json\/wp\/v2\/comments?post=2762"}],"version-history":[{"count":0,"href":"https:\/\/radioportoseguro.com.br\/site\/wp-json\/wp\/v2\/posts\/2762\/revisions"}],"wp:featuredmedia":[{"embeddable":true,"href":"https:\/\/radioportoseguro.com.br\/site\/wp-json\/wp\/v2\/media\/2763"}],"wp:attachment":[{"href":"https:\/\/radioportoseguro.com.br\/site\/wp-json\/wp\/v2\/media?parent=2762"}],"wp:term":[{"taxonomy":"category","embeddable":true,"href":"https:\/\/radioportoseguro.com.br\/site\/wp-json\/wp\/v2\/categories?post=2762"},{"taxonomy":"post_tag","embeddable":true,"href":"https:\/\/radioportoseguro.com.br\/site\/wp-json\/wp\/v2\/tags?post=2762"}],"curies":[{"name":"wp","href":"https:\/\/api.w.org\/{rel}","templated":true}]}}