{"id":2770,"date":"2026-01-15T06:24:38","date_gmt":"2026-01-15T09:24:38","guid":{"rendered":"https:\/\/radioportoseguro.com.br\/site\/2026\/01\/15\/do-self-a-exploracao-do-eu-a-renovacao-da-mente\/"},"modified":"2026-01-15T06:24:38","modified_gmt":"2026-01-15T09:24:38","slug":"do-self-a-exploracao-do-eu-a-renovacao-da-mente","status":"publish","type":"post","link":"https:\/\/radioportoseguro.com.br\/site\/2026\/01\/15\/do-self-a-exploracao-do-eu-a-renovacao-da-mente\/","title":{"rendered":"Do Self \u00e0 explora\u00e7\u00e3o do \u2018Eu\u2019: A renova\u00e7\u00e3o da mente"},"content":{"rendered":"<p><br \/>\n<br \/><img decoding=\"async\" src=\"https:\/\/media.guiame.com.br\/archives\/2026\/01\/14\/3468676273-mao-vidro.jpg\" \/><\/p>\n<div>\n<p style=\"text-align: center;\"><strong><em>E, se algu\u00e9m quer vir ap\u00f3s mim, negue-se a si mesmo, tome a sua cruz e siga-me.<\/em><\/strong> <em>(Lucas 9:23)<\/em><\/p>\n<p>Vivemos numa era obcecada com a otimiza\u00e7\u00e3o do self. A m\u00e1xima \u201cSeja sua melhor vers\u00e3o\u201d soa como um convite inofensivo \u00e0 excel\u00eancia, mas carrega consigo uma antropologia profundamente contr\u00e1ria ao Evangelho. Enquanto a cultura p\u00f3s-moderna promove uma autoafirma\u00e7\u00e3o infinita, derivada de um humanismo secularizado, Jesus Cristo convoca \u00e0 nega\u00e7\u00e3o e ao encontro com uma identidade que nos transcende. Este texto busca desmontar, \u00e0 luz das Escrituras e do pensamento cr\u00edtico, os pressupostos desse mantra e revelar suas implica\u00e7\u00f5es para a f\u00e9 e a sociedade.<\/p>\n<p>O Evangelho, boas-novas da mensagem de Jesus, n\u00e3o \u00e9 um projeto de autoaperfei\u00e7oamento, mas de <strong><em>\u2018at\u00e9 que Cristo seja formado em n\u00f3s\u2019<\/em><\/strong> (G\u00e1latas 4:19). Vai al\u00e9m da melhor \u2018vers\u00e3o\u2019 para o \u2018<strong><em>conv\u00e9m que Ele<\/em><\/strong> (Jesus) <strong><em>cres\u00e7a e que EU diminua\u2019<\/em><\/strong> (Jo\u00e3o 3:30).<\/p>\n<p>Vivemos dias de tens\u00e3o entre a linguagem terap\u00eautica moderna e a antropologia b\u00edblica. Por isto, entender onde a frase acima, \u201cSeja sua melhor vers\u00e3o\u201d, pode ser aceit\u00e1vel e onde entra em conflito com a B\u00edblia. A fragmenta\u00e7\u00e3o da identidade humana n\u00e3o \u00e9 apenas um fen\u00f4meno psicol\u00f3gico, mas tamb\u00e9m um projeto cultural, pol\u00edtico e ideol\u00f3gico, que enfraquece o indiv\u00edduo, dissolve v\u00ednculos naturais e facilita controle social.<\/p>\n<p><strong>A frase, \u201cViva a sua melhor vers\u00e3o\u201d, n\u00e3o \u00e9 neutra<\/strong><\/p>\n<p>O que ela pressup\u00f5e (implicitamente)? Mesmo quando bem-intencionada, a frase carrega pressupostos filos\u00f3ficos claros, por estar alicer\u00e7ada em tr\u00eas axiomas da p\u00f3s-modernidade:<\/p>\n<p style=\"padding-left: 30px;\"><strong>&#8211; O Eu \u00e9 fluido e multivers\u00e3o:<\/strong>\u00a0Pressup\u00f5e um self fragmentado, onde a identidade \u00e9 um projeto em constante revis\u00e3o, n\u00e3o uma realidade recebida.<\/p>\n<p style=\"padding-left: 30px;\"><strong>&#8211; A autorreferencialidade:<\/strong>\u00a0O crit\u00e9rio para o \u201cmelhor\u201d reside no pr\u00f3prio indiv\u00edduo ou em padr\u00f5es sociais mut\u00e1veis, n\u00e3o em uma refer\u00eancia externa e objetiva (Deus, a virtude, o bem comum).<\/p>\n<p style=\"padding-left: 30px;\"><strong>&#8211; A salva\u00e7\u00e3o pela performance:<\/strong>\u00a0A plenitude \u00e9 alcan\u00e7ada por esfor\u00e7o cont\u00ednuo de autoaperfei\u00e7oamento, uma salva\u00e7\u00e3o secular pela supera\u00e7\u00e3o pessoal.<\/p>\n<p>Esses pressupostos v\u00eam mais da psicologia humanista e do individualismo moderno do que da f\u00e9 b\u00edblica.<\/p>\n<p><strong>A Antropologia B\u00edblica: Unidade, Queda e Reden\u00e7\u00e3o<\/strong><\/p>\n<p>A Escritura oferece um contraponto radical a essa vis\u00e3o:<\/p>\n<p style=\"padding-left: 30px;\"><strong>&#8211; Unidade, n\u00e3o fragmenta\u00e7\u00e3o<\/strong>:\u00a0O homem \u00e9 uma unidade psicossom\u00e1tica criada por Deus (G\u00eanesis 2:7). N\u00e3o somos \u201cvers\u00f5es\u201d, mas uma\u00a0pessoa\u00a0integral, feita \u00e0\u00a0imagem de Deus\u00a0(G\u00eanesis 1:27). Nossa dignidade \u00e9 intr\u00ednseca e conferida, n\u00e3o constru\u00edda.<\/p>\n<p style=\"padding-left: 30px;\"><strong>&#8211; Problema radical, solu\u00e7\u00e3o externa<\/strong>:\u00a0O dilema humano n\u00e3o \u00e9 falta de evolu\u00e7\u00e3o, mas de\u00a0reden\u00e7\u00e3o. A B\u00edblia diagnostica uma\u00a0queda\u00a0(Romanos 3:23) que corrompeu essa imagem. A solu\u00e7\u00e3o, portanto, n\u00e3o \u00e9 uma \u201cmelhoria\u201d, mas uma\u00a0regenera\u00e7\u00e3o\u00a0(2 Cor\u00edntios 5:17; Jo\u00e3o 3:3). N\u00e3o \u00e9 descobrir minha melhor vers\u00e3o, mas permanecer em Cristo. Nova criatura n\u00e3o \u00e9 \u2018melhor vers\u00e3o da antiga\u2019.<\/p>\n<p style=\"padding-left: 30px;\"><strong>&#8211; Transforma\u00e7\u00e3o teoc\u00eantrica \u2260 autoaperfei\u00e7oamento<\/strong>:\u00a0A mudan\u00e7a desejada por Deus \u00e9 uma <em>metanoia<\/em> que ocorre \u201cpela renova\u00e7\u00e3o da mente\u201d (Romanos 12:2), para discernir a vontade de Deus. \u00c9 um processo de\u00a0conforma\u00e7\u00e3o \u00e0 imagem de Cristo\u00a0(Romanos 8:29), n\u00e3o de autorrealiza\u00e7\u00e3o. O caminho \u00e9 claro: \u201c\u00c9 necess\u00e1rio que ele cres\u00e7a e que eu diminua\u201d (Jo\u00e3o 3:30).<\/p>\n<p><strong>Onde a met\u00e1fora falha: da morat\u00f3ria ao perigo<\/strong><\/p>\n<p>Se algu\u00e9m usa \u201cviver a melhor vers\u00e3o\u201d como met\u00e1fora moral, significando: abandonar o pecado, amadurecer no car\u00e1ter e crescer em virtude, ent\u00e3o, biblicamente, o conceito correto seria: Crescei na gra\u00e7a e no conhecimento de nosso Senhor (2 Pedro 3:18).<\/p>\n<p>Em um sentido estritamente moral superficial, \u201cser melhor\u201d pode parecer alinhado com exorta\u00e7\u00f5es b\u00edblicas ao crescimento. No entanto, o vocabul\u00e1rio \u00e9 enganoso e perigoso porque:<\/p>\n<p style=\"padding-left: 30px;\"><strong>&#8211; Desloca o centro:<\/strong>\u00a0Move o foco da\u00a0<strong>imagem de Deus<\/strong>\u00a0(objetiva) para uma\u00a0<strong>imagem idealizada do eu<\/strong>\u00a0(subjetiva e inating\u00edvel).<\/p>\n<p style=\"padding-left: 30px;\"><strong>&#8211; Substitui Gra\u00e7a Divina por performance pessoal:<\/strong>\u00a0Troca a\u00a0<strong>justifica\u00e7\u00e3o pela f\u00e9<\/strong>\u00a0e a\u00a0<strong>santifica\u00e7\u00e3o pelo Esp\u00edrito<\/strong>\u00a0por um projeto de auto ajustamento, gerando culpa ou orgulho.<\/p>\n<p style=\"padding-left: 30px;\"><strong>&#8211; Inverte a l\u00f3gica do Reino:<\/strong>\u00a0Jesus n\u00e3o pede \u201cafirme-se\u201d, mas\u00a0<strong>\u201cnegue-se a si mesmo\u201d<\/strong>\u00a0(Lucas 9:23). A plenitude crist\u00e3 paradoxalmente se encontra no esvaziamento (<em>kenosis<\/em>) do eu para que \u201cCristo viva em mim\u201d (G\u00e1latas 2:20).<\/p>\n<p><strong>Contexto cultural: a fragmenta\u00e7\u00e3o como projeto<\/strong><\/p>\n<p>A popularidade deste mantra n\u00e3o \u00e9 acidental. Ela se encaixa em um projeto cultural mais amplo, analisado por fil\u00f3sofos como\u00a0<strong>Byung-Chul Han<\/strong>\u00a0(\u201cA Sociedade do Cansa\u00e7o\u201d) e\u00a0<strong>Charles Taylor<\/strong>\u00a0(\u201cA \u00c9tica da Autenticidade\u201d):<\/p>\n<p style=\"padding-left: 30px;\"><strong>&#8211; O Sujeito de Desempenho:<\/strong>\u00a0A press\u00e3o por ser \u201csua melhor vers\u00e3o\u201d cria um indiv\u00edduo explorado por suas pr\u00f3prias expectativas, vivendo em ansiedade cr\u00f4nica e auto-explora\u00e7\u00e3o.<\/p>\n<p style=\"padding-left: 30px;\"><strong>&#8211; Dissolu\u00e7\u00e3o dos V\u00ednculos:<\/strong>\u00a0Uma identidade fluida e autodefinida fragiliza os la\u00e7os naturais (fam\u00edlia, comunidade, tradi\u00e7\u00e3o), pois estes s\u00e3o vistos como limitantes \u00e0 \u201cautoexpress\u00e3o\u201d. Isso torna o indiv\u00edduo mais isolado e, paradoxalmente, mais dependente do Estado ou de tribos ideol\u00f3gicas para valida\u00e7\u00e3o.<\/p>\n<p style=\"padding-left: 30px;\"><strong>&#8211; Instrumentaliza\u00e7\u00e3o Ideol\u00f3gica:<\/strong>\u00a0Como observado, regimes totalit\u00e1rios e agendas ideol\u00f3gicas radicais t\u00eam interesse em dissolver identidades s\u00f3lidas (baseadas na biologia, fam\u00edlia ou f\u00e9) para reconstru\u00ed-las conforme sua vis\u00e3o. A multiplica\u00e7\u00e3o infinita de identidades subjetivas (g\u00e9nero, orienta\u00e7\u00e3o etc.) pode gerar uma confus\u00e3o ontol\u00f3gica que facilita o controle por meio da oferta de \u201csentido\u201d e pertencimento ideol\u00f3gico.<\/p>\n<p><strong>Comprova\u00e7\u00e3o B\u00edblica CONTRA a frase<\/strong><\/p>\n<p>Aqui est\u00e1 um ponto-chave que confirma exatamente sua cr\u00edtica: Deus n\u00e3o pede que descubramos quem somos, mas que morramos para n\u00f3s mesmos. <strong><em>Se algu\u00e9m quer vir ap\u00f3s mim, negue-se a si mesmo<\/em><\/strong> (Lucas 9:23). A frase \u201cviva sua melhor vers\u00e3o\u201d pressup\u00f5e afirma\u00e7\u00e3o do eu. Jesus ensina nega\u00e7\u00e3o do eu.<\/p>\n<p>O foco b\u00edblico n\u00e3o \u00e9 o eu ideal, mas a conformidade com Cristo. <strong><em>Porque aos que de antem\u00e3o conheceu, tamb\u00e9m os predestinou para serem conformes \u00e0 imagem de seu Filho<\/em><\/strong> (Romanos 8:29).<\/p>\n<p><strong><em>N\u00e3o \u00e9 \u201cminha melhor vers\u00e3o\u201d, mas a imagem de Cristo.<\/em><\/strong><\/p>\n<p><strong>Comprova\u00e7\u00e3o N\u00c3O b\u00edblica (filos\u00f3fica e psicol\u00f3gica)<\/strong><\/p>\n<p><strong>Origem na psicologia humanista &#8211; <\/strong>A ideia vem de autores como <strong>Carl Rogers<\/strong> e <strong>Abraham Maslow<\/strong>, que defendiam:<\/p>\n<p style=\"padding-left: 30px;\">&#8211; o ser humano como naturalmente bom<\/p>\n<p style=\"padding-left: 30px;\">&#8211; a autorrealiza\u00e7\u00e3o como fim \u00faltimo<\/p>\n<p style=\"padding-left: 30px;\">&#8211; a identidade como algo fluido e mut\u00e1vel<\/p>\n<p>Mas isso entra em choque com: a antropologia cl\u00e1ssica, a filosofia crist\u00e3 e at\u00e9 com a psicologia cl\u00ednica contempor\u00e2nea<\/p>\n<p><strong>Fragmenta\u00e7\u00e3o da identidade &#8211; <\/strong>Como voc\u00ea bem observou, a frase cria:<\/p>\n<p style=\"padding-left: 30px;\">&#8211; o \u201ceu atual\u201d (insuficiente)<\/p>\n<p style=\"padding-left: 30px;\">&#8211; o \u201ceu ideal\u201d (nunca plenamente alcan\u00e7ado)<\/p>\n<p>Isso gera: culpa cr\u00f4nica, compara\u00e7\u00e3o constante e ansiedade existencial. Fil\u00f3sofos como <strong>Charles Taylor<\/strong> e <strong>Byung-Chul Han<\/strong> mostram que essa l\u00f3gica gera o <em>\u201csujeito do desempenho\u201d<\/em>, sempre cansado e frustrado.<\/p>\n<p><strong>Contradi\u00e7\u00e3o com a ideia de identidade s\u00f3lida &#8211; <\/strong>Mesmo fora da f\u00e9, escolas filos\u00f3ficas cl\u00e1ssicas (como Arist\u00f3teles) afirmavam:<\/p>\n<p style=\"padding-left: 30px;\">&#8211; o ser humano possui uma <strong>ess\u00eancia<\/strong><\/p>\n<p style=\"padding-left: 30px;\">&#8211; o crescimento \u00e9 <strong>atualiza\u00e7\u00e3o do que j\u00e1 se \u00e9<\/strong>, n\u00e3o inven\u00e7\u00e3o de novas vers\u00f5es<\/p>\n<p>Ou seja, at\u00e9 filosoficamente, \u201cvers\u00f5es do eu\u201d \u00e9 uma no\u00e7\u00e3o fr\u00e1gil.<\/p>\n<p><strong>Uma formula\u00e7\u00e3o b\u00edblica e saud\u00e1vel<\/strong><\/p>\n<p>Em vez de: \u201cViva a sua melhor vers\u00e3o\u201d, a B\u00edblia nos leva a dizer:<\/p>\n<p style=\"padding-left: 30px;\">&#8211; \u201cViva conforme a imagem de Deus\u201d<\/p>\n<p style=\"padding-left: 30px;\">&#8211; \u201cSeja transformado \u00e0 imagem de Cristo\u201d<\/p>\n<p style=\"padding-left: 30px;\">&#8211; \u201cCres\u00e7a em santidade e maturidade\u201d<\/p>\n<p style=\"padding-left: 30px;\">&#8211; \u201cPermane\u00e7a em Cristo e d\u00ea fruto\u201d<\/p>\n<p><strong><em>J\u00e1 n\u00e3o sou eu quem vive, mas Cristo vive em mim<\/em><\/strong> <em>(G\u00e1latas 2:20). <\/em>Esse vers\u00edculo, sozinho, desmonta a l\u00f3gica da \u201cmelhor vers\u00e3o\u201d.<\/p>\n<p><strong>Progressismo, polariza\u00e7\u00e3o e a fragmenta\u00e7\u00e3o do humano<\/strong><\/p>\n<p><strong>A l\u00f3gica progressista: dividir para reconfigurar &#8211; <\/strong>O progressismo contempor\u00e2neo opera por <strong>polariza\u00e7\u00e3o constante<\/strong>: homem \u00d7 mulher, indiv\u00edduo \u00d7 fam\u00edlia, tradi\u00e7\u00e3o \u00d7 progresso ou identidade pessoal \u00d7 ordem criada.<\/p>\n<p>Essa polariza\u00e7\u00e3o n\u00e3o busca s\u00edntese, mas <strong>ruptura<\/strong>. Quanto mais o indiv\u00edduo \u00e9 separado de refer\u00eancias objetivas (fam\u00edlia, f\u00e9, natureza, verdade), mais <strong>male\u00e1vel ele se torna<\/strong>. <strong><em>Ferirei o pastor, e as ovelhas ser\u00e3o dispersas<\/em><\/strong> (Zacarias 13:7). Biblicamente, <strong>dispers\u00e3o \u00e9 sempre sinal de enfraquecimento<\/strong>; unidade \u00e9 sinal de ordem e vida.<\/p>\n<p><strong>Comunismo e a fragmenta\u00e7\u00e3o deliberada do \u201chumano original\u201d<\/strong><\/p>\n<p><strong>O homem deixa de ser imagem de Deus e passa a ser constru\u00e7\u00e3o social &#8211; <\/strong>O marxismo cl\u00e1ssico e suas deriva\u00e7\u00f5es culturais (marxismo cultural, gramscismo) rejeitam qualquer ideia de: natureza humana fixa, ordem moral objetiva e identidade recebida.<\/p>\n<p>Para o comunismo, o ser humano \u00e9 <strong>produto do meio<\/strong>, n\u00e3o portador de ess\u00eancia. <strong><em>Destru\u00edmos argumentos e toda altivez que se levanta contra o conhecimento de Deus<\/em><\/strong> (2 Cor\u00edntios 10:5). O comunismo faz exatamente o inverso: <strong>destr\u00f3i o conhecimento de Deus para reconstruir o homem<\/strong> segundo a ideologia.<\/p>\n<p><strong>Fragmenta\u00e7\u00e3o identit\u00e1ria como ferramenta de controle &#8211; <\/strong>Ao multiplicar identidades (de g\u00eanero, de ra\u00e7a, de pertencimento, de autodefini\u00e7\u00e3o infinita), cria-se:<\/p>\n<p style=\"padding-left: 30px;\">&#8211; confus\u00e3o ontol\u00f3gica (\u201cquem eu sou?\u201d)<\/p>\n<p style=\"padding-left: 30px;\">&#8211; inseguran\u00e7a existencial<\/p>\n<p style=\"padding-left: 30px;\">&#8211; depend\u00eancia de valida\u00e7\u00e3o externa<\/p>\n<p style=\"padding-left: 30px;\">&#8211; necessidade constante de reconhecimento pol\u00edtico<\/p>\n<p>Isso n\u00e3o fortalece o indiv\u00edduo \u2014 o fragiliza. <strong><em>Porque Deus n\u00e3o \u00e9 Deus de confus\u00e3o, mas de paz<\/em><\/strong> (1 Cor\u00edntios 14:33).<\/p>\n<p><strong>Psicologia progressista e a manipula\u00e7\u00e3o da autoestima<\/strong><\/p>\n<p><strong>Da cura \u00e0 milit\u00e2ncia &#8211; <\/strong>Parte da psicologia contempor\u00e2nea abandonou o papel cl\u00ednico e assumiu fun\u00e7\u00e3o <strong>ideol\u00f3gica<\/strong>: n\u00e3o trata conflitos internos, legitima toda autodefini\u00e7\u00e3o subjetiva ou substitui verdade por afirma\u00e7\u00e3o. O resultado \u00e9 uma autoestima <strong>artificial<\/strong>, sustentada por narrativas, n\u00e3o por realidade.<\/p>\n<p><strong>Especialistas que corroboram essa cr\u00edtica (n\u00e3o crist\u00e3os)<\/strong><\/p>\n<p><strong>Carl Jung (psiquiatra) alertou: <\/strong>\u201cQuando a identidade n\u00e3o est\u00e1 enraizada em algo maior que o ego, ela se fragmenta.\u201d Ele via a <strong>perda de arqu\u00e9tipos objetivos<\/strong> como caminho para neuroses coletivas.<\/p>\n<p><strong>Viktor Frankl (psiquiatra, sobrevivente do Holocausto) afirmou: <\/strong>\u201cQuando o homem perde o sentido objetivo, ele se agarra a qualquer narrativa que alivie a ang\u00fastia.\u201d A multiplica\u00e7\u00e3o de identidades sem sentido transcendente gera <strong>vazio existencial<\/strong>, n\u00e3o liberta\u00e7\u00e3o.<\/p>\n<p><strong>Jordan Peterson (psic\u00f3logo cl\u00ednico) <\/strong>afirma repetidamente que: identidade sem limites claros gera ansiedade. Sistemas ideol\u00f3gicos que negam biologia produzem sofrimento ps\u00edquico. A dissolu\u00e7\u00e3o da fam\u00edlia \u00e9 sempre seguida por aumento de caos social.<\/p>\n<p><strong>Byung-Chul Han (fil\u00f3sofo)<\/strong> descreve o sujeito moderno como: \u201cFragmentado, cansado e explorado por narrativas de liberdade que o escravizam.\u201d<\/p>\n<p><strong>Ataque direto \u00e0 fam\u00edlia judaico-crist\u00e3<\/strong><\/p>\n<p>A fragmenta\u00e7\u00e3o do indiv\u00edduo tem um alvo claro: <strong>a fam\u00edlia<\/strong>, porque ela \u00e9: anterior ao Estado, anterior \u00e0 ideologia e anterior \u00e0 pol\u00edtica. <strong><em>N\u00e3o \u00e9 bom que o homem esteja s\u00f3<\/em><\/strong> (G\u00eanesis 2:18). A fam\u00edlia b\u00edblica: ancora identidade, transmite valores, estabelece limites e protege o indiv\u00edduo do totalitarismo. Por isso, regimes totalit\u00e1rios sempre tentaram <strong>enfraquec\u00ea-la<\/strong>.<\/p>\n<p><strong>M\u00faltiplas \u201cescolhas\u201d como ilus\u00e3o de liberdade<\/strong><\/p>\n<p>A multiplica\u00e7\u00e3o infinita de op\u00e7\u00f5es identit\u00e1rias \u00e9 apresentada como liberdade, mas resulta em: perda de refer\u00eancia, instabilidade emocional, confus\u00e3o moral e depend\u00eancia do Estado ou da milit\u00e2ncia. <strong><em>Cada um fazia o que parecia certo aos seus pr\u00f3prios olhos<\/em><\/strong> (Ju\u00edzes 21:25). A B\u00edblia trata isso n\u00e3o como progresso, mas como <strong>decad\u00eancia social<\/strong>.<\/p>\n<p><strong>Antropologia b\u00edblica como ant\u00eddoto<\/strong><\/p>\n<p>A Escritura afirma exatamente o oposto:<\/p>\n<p style=\"padding-left: 30px;\">&#8211; identidade \u00e9 <strong>recebida<\/strong>, n\u00e3o inventada<\/p>\n<p style=\"padding-left: 30px;\">&#8211; dignidade vem de ser <strong>imagem de Deus<\/strong>, n\u00e3o de autoafirma\u00e7\u00e3o<\/p>\n<p style=\"padding-left: 30px;\">&#8211; plenitude vem de <strong>pertencer<\/strong>, n\u00e3o de se fragmentar<\/p>\n<p><strong><em>Criou Deus o homem \u00e0 sua imagem; homem e mulher os criou<\/em><\/strong> (G\u00eanesis 1:27). Essa afirma\u00e7\u00e3o \u00e9: simples, objetiva, estabilizadora e libertadora.<\/p>\n<p>A frase \u201cviva a sua melhor vers\u00e3o\u201d, inserida nesse contexto cultural:<\/p>\n<p style=\"padding-left: 30px;\">&#8211; refor\u00e7a a fragmenta\u00e7\u00e3o do eu<\/p>\n<p style=\"padding-left: 30px;\">&#8211; desloca o centro da identidade<\/p>\n<p style=\"padding-left: 30px;\">&#8211; prepara o terreno para manipula\u00e7\u00e3o ideol\u00f3gica<\/p>\n<p style=\"padding-left: 30px;\">&#8211; enfraquece v\u00ednculos naturais<\/p>\n<p style=\"padding-left: 30px;\">&#8211; colide com a vis\u00e3o b\u00edblica do ser humano<\/p>\n<p>A B\u00edblia n\u00e3o chama o homem a se reinventar, mas a: <strong><em>Ser transformado pela renova\u00e7\u00e3o da mente<\/em><\/strong> (Romanos 12:2). N\u00e3o segundo ideologias, n\u00e3o segundo narrativas, mas <strong>segundo a verdade<\/strong>. Jesus disse: <strong><em>Eu sou o caminho, a verdade e a vida<\/em><\/strong> (Jo\u00e3o 14:6).<\/p>\n<p>Jesus est\u00e1 voltando! Desperta, tu que dormes e Cristo te iluminar\u00e1!<\/p>\n<p>\u00a0<\/p>\n<p><strong>Fernando Moreira<\/strong> (@prfernandomor) \u00e9 Pastor, Doutor em Teologia e Mestre em Computa\u00e7\u00e3o. MBA em Vendas e Marketing. Membro da Academia de Letras. Une o conhecimento t\u00e9cnico, teol\u00f3gico e executivo. Escritor.<\/p>\n<p><em>* O conte\u00fado do texto acima \u00e9 de colabora\u00e7\u00e3o volunt\u00e1ria, seu teor \u00e9 de total responsabilidade do autor e n\u00e3o reflete necessariamente a opini\u00e3o do Portal Guiame.<\/em><\/p>\n<p>Leia o artigo anterior: <span style=\"color: #800000;\"><strong>Inveja: a semente do Anticristo no cora\u00e7\u00e3o humano<\/strong><\/span><\/p>\n<p>\u00a0<\/p>\n<\/div>\n<p><br \/>\n<br \/>Fonte: Guiame <\/p>\n","protected":false},"excerpt":{"rendered":"<p>E, se algu\u00e9m quer vir ap\u00f3s mim, negue-se a si mesmo, tome a sua cruz e siga-me. (Lucas 9:23) Vivemos numa era obcecada com a otimiza\u00e7\u00e3o do self. A m\u00e1xima \u201cSeja sua melhor vers\u00e3o\u201d soa como um convite inofensivo \u00e0 excel\u00eancia, mas carrega consigo uma antropologia profundamente contr\u00e1ria ao Evangelho. Enquanto a cultura p\u00f3s-moderna promove [&hellip;]<\/p>\n","protected":false},"author":1,"featured_media":2771,"comment_status":"open","ping_status":"open","sticky":false,"template":"","format":"standard","meta":{"footnotes":""},"categories":[43],"tags":[],"class_list":["post-2770","post","type-post","status-publish","format-standard","has-post-thumbnail","hentry","category-destaques"],"yoast_head":"<!-- This site is optimized with the Yoast SEO plugin v26.8 - https:\/\/yoast.com\/product\/yoast-seo-wordpress\/ -->\n<title>Do Self \u00e0 explora\u00e7\u00e3o do \u2018Eu\u2019: A renova\u00e7\u00e3o da mente - R\u00e1dio Porto Seguro<\/title>\n<meta name=\"robots\" content=\"index, follow, max-snippet:-1, max-image-preview:large, max-video-preview:-1\" \/>\n<link rel=\"canonical\" href=\"https:\/\/radioportoseguro.com.br\/site\/2026\/01\/15\/do-self-a-exploracao-do-eu-a-renovacao-da-mente\/\" \/>\n<meta property=\"og:locale\" content=\"pt_BR\" \/>\n<meta property=\"og:type\" content=\"article\" \/>\n<meta property=\"og:title\" content=\"Do Self \u00e0 explora\u00e7\u00e3o do \u2018Eu\u2019: A renova\u00e7\u00e3o da mente - R\u00e1dio Porto Seguro\" \/>\n<meta property=\"og:description\" content=\"E, se algu\u00e9m quer vir ap\u00f3s mim, negue-se a si mesmo, tome a sua cruz e siga-me. (Lucas 9:23) Vivemos numa era obcecada com a otimiza\u00e7\u00e3o do self. A m\u00e1xima \u201cSeja sua melhor vers\u00e3o\u201d soa como um convite inofensivo \u00e0 excel\u00eancia, mas carrega consigo uma antropologia profundamente contr\u00e1ria ao Evangelho. Enquanto a cultura p\u00f3s-moderna promove [&hellip;]\" \/>\n<meta property=\"og:url\" content=\"https:\/\/radioportoseguro.com.br\/site\/2026\/01\/15\/do-self-a-exploracao-do-eu-a-renovacao-da-mente\/\" \/>\n<meta property=\"og:site_name\" content=\"R\u00e1dio Porto Seguro\" \/>\n<meta property=\"article:published_time\" content=\"2026-01-15T09:24:38+00:00\" \/>\n<meta property=\"og:image\" content=\"https:\/\/radioportoseguro.com.br\/site\/wp-content\/uploads\/2026\/01\/3468676273-mao-vidro.jpg\" \/>\n\t<meta property=\"og:image:width\" content=\"1200\" \/>\n\t<meta property=\"og:image:height\" content=\"600\" \/>\n\t<meta property=\"og:image:type\" content=\"image\/jpeg\" \/>\n<meta name=\"author\" content=\"admin\" \/>\n<meta name=\"twitter:card\" content=\"summary_large_image\" \/>\n<meta name=\"twitter:label1\" content=\"Escrito por\" \/>\n\t<meta name=\"twitter:data1\" content=\"admin\" \/>\n\t<meta name=\"twitter:label2\" content=\"Est. tempo de leitura\" \/>\n\t<meta name=\"twitter:data2\" content=\"11 minutos\" \/>\n<script type=\"application\/ld+json\" class=\"yoast-schema-graph\">{\"@context\":\"https:\/\/schema.org\",\"@graph\":[{\"@type\":\"Article\",\"@id\":\"https:\/\/radioportoseguro.com.br\/site\/2026\/01\/15\/do-self-a-exploracao-do-eu-a-renovacao-da-mente\/#article\",\"isPartOf\":{\"@id\":\"https:\/\/radioportoseguro.com.br\/site\/2026\/01\/15\/do-self-a-exploracao-do-eu-a-renovacao-da-mente\/\"},\"author\":{\"name\":\"admin\",\"@id\":\"https:\/\/radioportoseguro.com.br\/site\/#\/schema\/person\/7630acdc320186f13639d3c067ec089b\"},\"headline\":\"Do Self \u00e0 explora\u00e7\u00e3o do \u2018Eu\u2019: A renova\u00e7\u00e3o da mente\",\"datePublished\":\"2026-01-15T09:24:38+00:00\",\"mainEntityOfPage\":{\"@id\":\"https:\/\/radioportoseguro.com.br\/site\/2026\/01\/15\/do-self-a-exploracao-do-eu-a-renovacao-da-mente\/\"},\"wordCount\":2171,\"commentCount\":0,\"image\":{\"@id\":\"https:\/\/radioportoseguro.com.br\/site\/2026\/01\/15\/do-self-a-exploracao-do-eu-a-renovacao-da-mente\/#primaryimage\"},\"thumbnailUrl\":\"https:\/\/radioportoseguro.com.br\/site\/wp-content\/uploads\/2026\/01\/3468676273-mao-vidro.jpg\",\"articleSection\":[\"Destaques\"],\"inLanguage\":\"pt-BR\",\"potentialAction\":[{\"@type\":\"CommentAction\",\"name\":\"Comment\",\"target\":[\"https:\/\/radioportoseguro.com.br\/site\/2026\/01\/15\/do-self-a-exploracao-do-eu-a-renovacao-da-mente\/#respond\"]}]},{\"@type\":\"WebPage\",\"@id\":\"https:\/\/radioportoseguro.com.br\/site\/2026\/01\/15\/do-self-a-exploracao-do-eu-a-renovacao-da-mente\/\",\"url\":\"https:\/\/radioportoseguro.com.br\/site\/2026\/01\/15\/do-self-a-exploracao-do-eu-a-renovacao-da-mente\/\",\"name\":\"Do Self \u00e0 explora\u00e7\u00e3o do \u2018Eu\u2019: A renova\u00e7\u00e3o da mente - R\u00e1dio Porto Seguro\",\"isPartOf\":{\"@id\":\"https:\/\/radioportoseguro.com.br\/site\/#website\"},\"primaryImageOfPage\":{\"@id\":\"https:\/\/radioportoseguro.com.br\/site\/2026\/01\/15\/do-self-a-exploracao-do-eu-a-renovacao-da-mente\/#primaryimage\"},\"image\":{\"@id\":\"https:\/\/radioportoseguro.com.br\/site\/2026\/01\/15\/do-self-a-exploracao-do-eu-a-renovacao-da-mente\/#primaryimage\"},\"thumbnailUrl\":\"https:\/\/radioportoseguro.com.br\/site\/wp-content\/uploads\/2026\/01\/3468676273-mao-vidro.jpg\",\"datePublished\":\"2026-01-15T09:24:38+00:00\",\"author\":{\"@id\":\"https:\/\/radioportoseguro.com.br\/site\/#\/schema\/person\/7630acdc320186f13639d3c067ec089b\"},\"breadcrumb\":{\"@id\":\"https:\/\/radioportoseguro.com.br\/site\/2026\/01\/15\/do-self-a-exploracao-do-eu-a-renovacao-da-mente\/#breadcrumb\"},\"inLanguage\":\"pt-BR\",\"potentialAction\":[{\"@type\":\"ReadAction\",\"target\":[\"https:\/\/radioportoseguro.com.br\/site\/2026\/01\/15\/do-self-a-exploracao-do-eu-a-renovacao-da-mente\/\"]}]},{\"@type\":\"ImageObject\",\"inLanguage\":\"pt-BR\",\"@id\":\"https:\/\/radioportoseguro.com.br\/site\/2026\/01\/15\/do-self-a-exploracao-do-eu-a-renovacao-da-mente\/#primaryimage\",\"url\":\"https:\/\/radioportoseguro.com.br\/site\/wp-content\/uploads\/2026\/01\/3468676273-mao-vidro.jpg\",\"contentUrl\":\"https:\/\/radioportoseguro.com.br\/site\/wp-content\/uploads\/2026\/01\/3468676273-mao-vidro.jpg\",\"width\":1200,\"height\":600},{\"@type\":\"BreadcrumbList\",\"@id\":\"https:\/\/radioportoseguro.com.br\/site\/2026\/01\/15\/do-self-a-exploracao-do-eu-a-renovacao-da-mente\/#breadcrumb\",\"itemListElement\":[{\"@type\":\"ListItem\",\"position\":1,\"name\":\"In\u00edcio\",\"item\":\"https:\/\/radioportoseguro.com.br\/site\/\"},{\"@type\":\"ListItem\",\"position\":2,\"name\":\"Do Self \u00e0 explora\u00e7\u00e3o do \u2018Eu\u2019: A renova\u00e7\u00e3o da mente\"}]},{\"@type\":\"WebSite\",\"@id\":\"https:\/\/radioportoseguro.com.br\/site\/#website\",\"url\":\"https:\/\/radioportoseguro.com.br\/site\/\",\"name\":\"R\u00e1dio Porto Seguro\",\"description\":\"\",\"potentialAction\":[{\"@type\":\"SearchAction\",\"target\":{\"@type\":\"EntryPoint\",\"urlTemplate\":\"https:\/\/radioportoseguro.com.br\/site\/?s={search_term_string}\"},\"query-input\":{\"@type\":\"PropertyValueSpecification\",\"valueRequired\":true,\"valueName\":\"search_term_string\"}}],\"inLanguage\":\"pt-BR\"},{\"@type\":\"Person\",\"@id\":\"https:\/\/radioportoseguro.com.br\/site\/#\/schema\/person\/7630acdc320186f13639d3c067ec089b\",\"name\":\"admin\",\"image\":{\"@type\":\"ImageObject\",\"inLanguage\":\"pt-BR\",\"@id\":\"https:\/\/radioportoseguro.com.br\/site\/#\/schema\/person\/image\/\",\"url\":\"https:\/\/secure.gravatar.com\/avatar\/caacf4dc1eedb68fab0df8e1ed46c448e578b2466351bbcb61e47d2ac0caaef0?s=96&d=mm&r=g\",\"contentUrl\":\"https:\/\/secure.gravatar.com\/avatar\/caacf4dc1eedb68fab0df8e1ed46c448e578b2466351bbcb61e47d2ac0caaef0?s=96&d=mm&r=g\",\"caption\":\"admin\"},\"sameAs\":[\"https:\/\/radioportoseguro.com.br\/site\"],\"url\":\"https:\/\/radioportoseguro.com.br\/site\/author\/hezio\/\"}]}<\/script>\n<!-- \/ Yoast SEO plugin. -->","yoast_head_json":{"title":"Do Self \u00e0 explora\u00e7\u00e3o do \u2018Eu\u2019: A renova\u00e7\u00e3o da mente - R\u00e1dio Porto Seguro","robots":{"index":"index","follow":"follow","max-snippet":"max-snippet:-1","max-image-preview":"max-image-preview:large","max-video-preview":"max-video-preview:-1"},"canonical":"https:\/\/radioportoseguro.com.br\/site\/2026\/01\/15\/do-self-a-exploracao-do-eu-a-renovacao-da-mente\/","og_locale":"pt_BR","og_type":"article","og_title":"Do Self \u00e0 explora\u00e7\u00e3o do \u2018Eu\u2019: A renova\u00e7\u00e3o da mente - R\u00e1dio Porto Seguro","og_description":"E, se algu\u00e9m quer vir ap\u00f3s mim, negue-se a si mesmo, tome a sua cruz e siga-me. (Lucas 9:23) Vivemos numa era obcecada com a otimiza\u00e7\u00e3o do self. A m\u00e1xima \u201cSeja sua melhor vers\u00e3o\u201d soa como um convite inofensivo \u00e0 excel\u00eancia, mas carrega consigo uma antropologia profundamente contr\u00e1ria ao Evangelho. Enquanto a cultura p\u00f3s-moderna promove [&hellip;]","og_url":"https:\/\/radioportoseguro.com.br\/site\/2026\/01\/15\/do-self-a-exploracao-do-eu-a-renovacao-da-mente\/","og_site_name":"R\u00e1dio Porto Seguro","article_published_time":"2026-01-15T09:24:38+00:00","og_image":[{"width":1200,"height":600,"url":"https:\/\/radioportoseguro.com.br\/site\/wp-content\/uploads\/2026\/01\/3468676273-mao-vidro.jpg","type":"image\/jpeg"}],"author":"admin","twitter_card":"summary_large_image","twitter_misc":{"Escrito por":"admin","Est. tempo de leitura":"11 minutos"},"schema":{"@context":"https:\/\/schema.org","@graph":[{"@type":"Article","@id":"https:\/\/radioportoseguro.com.br\/site\/2026\/01\/15\/do-self-a-exploracao-do-eu-a-renovacao-da-mente\/#article","isPartOf":{"@id":"https:\/\/radioportoseguro.com.br\/site\/2026\/01\/15\/do-self-a-exploracao-do-eu-a-renovacao-da-mente\/"},"author":{"name":"admin","@id":"https:\/\/radioportoseguro.com.br\/site\/#\/schema\/person\/7630acdc320186f13639d3c067ec089b"},"headline":"Do Self \u00e0 explora\u00e7\u00e3o do \u2018Eu\u2019: A renova\u00e7\u00e3o da mente","datePublished":"2026-01-15T09:24:38+00:00","mainEntityOfPage":{"@id":"https:\/\/radioportoseguro.com.br\/site\/2026\/01\/15\/do-self-a-exploracao-do-eu-a-renovacao-da-mente\/"},"wordCount":2171,"commentCount":0,"image":{"@id":"https:\/\/radioportoseguro.com.br\/site\/2026\/01\/15\/do-self-a-exploracao-do-eu-a-renovacao-da-mente\/#primaryimage"},"thumbnailUrl":"https:\/\/radioportoseguro.com.br\/site\/wp-content\/uploads\/2026\/01\/3468676273-mao-vidro.jpg","articleSection":["Destaques"],"inLanguage":"pt-BR","potentialAction":[{"@type":"CommentAction","name":"Comment","target":["https:\/\/radioportoseguro.com.br\/site\/2026\/01\/15\/do-self-a-exploracao-do-eu-a-renovacao-da-mente\/#respond"]}]},{"@type":"WebPage","@id":"https:\/\/radioportoseguro.com.br\/site\/2026\/01\/15\/do-self-a-exploracao-do-eu-a-renovacao-da-mente\/","url":"https:\/\/radioportoseguro.com.br\/site\/2026\/01\/15\/do-self-a-exploracao-do-eu-a-renovacao-da-mente\/","name":"Do Self \u00e0 explora\u00e7\u00e3o do \u2018Eu\u2019: A renova\u00e7\u00e3o da mente - R\u00e1dio Porto Seguro","isPartOf":{"@id":"https:\/\/radioportoseguro.com.br\/site\/#website"},"primaryImageOfPage":{"@id":"https:\/\/radioportoseguro.com.br\/site\/2026\/01\/15\/do-self-a-exploracao-do-eu-a-renovacao-da-mente\/#primaryimage"},"image":{"@id":"https:\/\/radioportoseguro.com.br\/site\/2026\/01\/15\/do-self-a-exploracao-do-eu-a-renovacao-da-mente\/#primaryimage"},"thumbnailUrl":"https:\/\/radioportoseguro.com.br\/site\/wp-content\/uploads\/2026\/01\/3468676273-mao-vidro.jpg","datePublished":"2026-01-15T09:24:38+00:00","author":{"@id":"https:\/\/radioportoseguro.com.br\/site\/#\/schema\/person\/7630acdc320186f13639d3c067ec089b"},"breadcrumb":{"@id":"https:\/\/radioportoseguro.com.br\/site\/2026\/01\/15\/do-self-a-exploracao-do-eu-a-renovacao-da-mente\/#breadcrumb"},"inLanguage":"pt-BR","potentialAction":[{"@type":"ReadAction","target":["https:\/\/radioportoseguro.com.br\/site\/2026\/01\/15\/do-self-a-exploracao-do-eu-a-renovacao-da-mente\/"]}]},{"@type":"ImageObject","inLanguage":"pt-BR","@id":"https:\/\/radioportoseguro.com.br\/site\/2026\/01\/15\/do-self-a-exploracao-do-eu-a-renovacao-da-mente\/#primaryimage","url":"https:\/\/radioportoseguro.com.br\/site\/wp-content\/uploads\/2026\/01\/3468676273-mao-vidro.jpg","contentUrl":"https:\/\/radioportoseguro.com.br\/site\/wp-content\/uploads\/2026\/01\/3468676273-mao-vidro.jpg","width":1200,"height":600},{"@type":"BreadcrumbList","@id":"https:\/\/radioportoseguro.com.br\/site\/2026\/01\/15\/do-self-a-exploracao-do-eu-a-renovacao-da-mente\/#breadcrumb","itemListElement":[{"@type":"ListItem","position":1,"name":"In\u00edcio","item":"https:\/\/radioportoseguro.com.br\/site\/"},{"@type":"ListItem","position":2,"name":"Do Self \u00e0 explora\u00e7\u00e3o do \u2018Eu\u2019: A renova\u00e7\u00e3o da mente"}]},{"@type":"WebSite","@id":"https:\/\/radioportoseguro.com.br\/site\/#website","url":"https:\/\/radioportoseguro.com.br\/site\/","name":"R\u00e1dio Porto Seguro","description":"","potentialAction":[{"@type":"SearchAction","target":{"@type":"EntryPoint","urlTemplate":"https:\/\/radioportoseguro.com.br\/site\/?s={search_term_string}"},"query-input":{"@type":"PropertyValueSpecification","valueRequired":true,"valueName":"search_term_string"}}],"inLanguage":"pt-BR"},{"@type":"Person","@id":"https:\/\/radioportoseguro.com.br\/site\/#\/schema\/person\/7630acdc320186f13639d3c067ec089b","name":"admin","image":{"@type":"ImageObject","inLanguage":"pt-BR","@id":"https:\/\/radioportoseguro.com.br\/site\/#\/schema\/person\/image\/","url":"https:\/\/secure.gravatar.com\/avatar\/caacf4dc1eedb68fab0df8e1ed46c448e578b2466351bbcb61e47d2ac0caaef0?s=96&d=mm&r=g","contentUrl":"https:\/\/secure.gravatar.com\/avatar\/caacf4dc1eedb68fab0df8e1ed46c448e578b2466351bbcb61e47d2ac0caaef0?s=96&d=mm&r=g","caption":"admin"},"sameAs":["https:\/\/radioportoseguro.com.br\/site"],"url":"https:\/\/radioportoseguro.com.br\/site\/author\/hezio\/"}]}},"_links":{"self":[{"href":"https:\/\/radioportoseguro.com.br\/site\/wp-json\/wp\/v2\/posts\/2770","targetHints":{"allow":["GET"]}}],"collection":[{"href":"https:\/\/radioportoseguro.com.br\/site\/wp-json\/wp\/v2\/posts"}],"about":[{"href":"https:\/\/radioportoseguro.com.br\/site\/wp-json\/wp\/v2\/types\/post"}],"author":[{"embeddable":true,"href":"https:\/\/radioportoseguro.com.br\/site\/wp-json\/wp\/v2\/users\/1"}],"replies":[{"embeddable":true,"href":"https:\/\/radioportoseguro.com.br\/site\/wp-json\/wp\/v2\/comments?post=2770"}],"version-history":[{"count":0,"href":"https:\/\/radioportoseguro.com.br\/site\/wp-json\/wp\/v2\/posts\/2770\/revisions"}],"wp:featuredmedia":[{"embeddable":true,"href":"https:\/\/radioportoseguro.com.br\/site\/wp-json\/wp\/v2\/media\/2771"}],"wp:attachment":[{"href":"https:\/\/radioportoseguro.com.br\/site\/wp-json\/wp\/v2\/media?parent=2770"}],"wp:term":[{"taxonomy":"category","embeddable":true,"href":"https:\/\/radioportoseguro.com.br\/site\/wp-json\/wp\/v2\/categories?post=2770"},{"taxonomy":"post_tag","embeddable":true,"href":"https:\/\/radioportoseguro.com.br\/site\/wp-json\/wp\/v2\/tags?post=2770"}],"curies":[{"name":"wp","href":"https:\/\/api.w.org\/{rel}","templated":true}]}}