{"id":2838,"date":"2026-01-15T13:21:30","date_gmt":"2026-01-15T16:21:30","guid":{"rendered":"https:\/\/radioportoseguro.com.br\/site\/2026\/01\/15\/onibus-com-15-evangelistas-e-emboscado-e-atacado-por-hindus-na-india\/"},"modified":"2026-01-15T13:21:30","modified_gmt":"2026-01-15T16:21:30","slug":"onibus-com-15-evangelistas-e-emboscado-e-atacado-por-hindus-na-india","status":"publish","type":"post","link":"https:\/\/radioportoseguro.com.br\/site\/2026\/01\/15\/onibus-com-15-evangelistas-e-emboscado-e-atacado-por-hindus-na-india\/","title":{"rendered":"\u00d4nibus com 15 evangelistas \u00e9 emboscado e atacado por hindus, na \u00cdndia"},"content":{"rendered":"<p><br \/>\n<br \/><img decoding=\"async\" src=\"https:\/\/media.guiame.com.br\/archives\/2026\/01\/14\/1581305543-ataque-evangelistas.png\" \/><\/p>\n<div>\n<p>Na semana passada, nacionalistas hindus atacaram brutalmente uma van que transportava uma equipe de evangelistas nas proximidades da vila de Korrakudu, no estado de Andhra Pradesh, sul da <span style=\"color: #800000;\"><strong>\u00cdndia<\/strong><\/span>.<\/p>\n<p>Durante o ataque, v\u00e1rios passageiros ficaram feridos e o micro-\u00f4nibus foi completamente destru\u00eddo.<\/p>\n<p>A equipe de 15 evangelistas da Gospel Hall Church, sediada em Anantapur, realizaria uma a\u00e7\u00e3o evangel\u00edstica em Korrakudu, mas foi impedida de pregar pelos moradores devido a um festival hindu local.<\/p>\n<p>Para respeitar os sentimentos dos moradores, a equipe decidiu seguir para outro local. No entanto, ao se aproximar dos arredores da vila, o micro-\u00f4nibus foi emboscado por uma gangue de cerca de 30 nacionalistas hindus em motocicletas, alguns vestindo camisetas e turbantes laranja, que cercaram o ve\u00edculo por todos os lados.<\/p>\n<p>Os agressores utilizaram tacos de cr\u00edquete, pedras e peda\u00e7os de madeira para quebrar as janelas do ve\u00edculo.<\/p>\n<p>Eles tamb\u00e9m levaram gasolina com a inten\u00e7\u00e3o de incendiar a micro-\u00f4nibus. Felizmente, os <span style=\"color: #800000;\"><strong>evangelistas<\/strong><\/span> conseguiram escapar antes que o fogo fosse iniciado.<\/p>\n<p>Em um v\u00eddeo do ataque que viralizou nas redes sociais, os agressores aparecem espancando os crist\u00e3os enquanto entoam slogans em homenagem a divindades hindus e destroem o ve\u00edculo com pedras e varas.<\/p>\n<p><iframe style=\"border: none; overflow: hidden;\" src=\"https:\/\/www.facebook.com\/plugins\/video.php?height=476&amp;href=https%3A%2F%2Fwww.facebook.com%2Fgarige.leena%2Fvideos%2F836546269251516%2F%3Fidorvanity%3D1527520214208185&amp;show_text=true&amp;width=267&amp;t=0\" width=\"267\" height=\"591\" frameborder=\"0\" scrolling=\"no\" allowfullscreen=\"allowfullscreen\"><\/iframe><\/p>\n<p>Quando estavam prestes a incendiar o ve\u00edculo, um dos l\u00edderes hindus interveio e impediu os demais agressores de prosseguir.<\/p>\n<p>No dia seguinte, cerca de 500 pastores, reunidos sob a bandeira da Associa\u00e7\u00e3o de Bem-Estar dos Pastores Zilla de Anantapur (AZPWA), dirigiram-se ao escrit\u00f3rio do superintendente de pol\u00edcia para registrar uma queixa formal contra os agressores.<\/p>\n<p>A mobiliza\u00e7\u00e3o levou as autoridades a emitir um Relat\u00f3rio de Primeira Informa\u00e7\u00e3o (FIR), documento essencial para o in\u00edcio dos procedimentos legais.<\/p>\n<p><strong>Den\u00fancias<\/strong><\/p>\n<p>Na den\u00fancia, alguns pastores conseguiram identificar mais de 15 l\u00edderes do grupo nacionalista hindu respons\u00e1vel por coordenar o ataque.<\/p>\n<p>A not\u00edcia sobre a den\u00fancia feita pela AZPWA se espalhou rapidamente por todo o estado. Em resposta, os anci\u00e3os da vila de Korrakudu correram at\u00e9 o escrit\u00f3rio do superintendente de pol\u00edcia, pedindo que a associa\u00e7\u00e3o dos pastores retirasse a queixa.<\/p>\n<p>Eles argumentaram que, caso a lei seja aplicada, o futuro dos jovens envolvidos no ataque ser\u00e1 arruinado.<\/p>\n<p>A not\u00edcia sobre a den\u00fancia feita pela AZPWA se espalhou rapidamente por todo o estado. Em resposta, os anci\u00e3os da vila de Korrakudu correram at\u00e9 o escrit\u00f3rio do superintendente de pol\u00edcia, pedindo que a associa\u00e7\u00e3o dos pastores retirasse a queixa.<\/p>\n<p>Eles argumentaram que, caso a lei seja aplicada, o futuro dos jovens envolvidos no ataque ser\u00e1 arruinado.<\/p>\n<p>O primeiro-ministro e o ministro do Interior de Andhra Pradesh tamb\u00e9m solicitaram aos pastores que fossem mais flex\u00edveis em rela\u00e7\u00e3o \u00e0 den\u00fancia registrada.<\/p>\n<p>Ambos asseguraram que o governo adotar\u00e1 medidas para prevenir futuros ataques contra a <span style=\"color: #800000;\"><strong>comunidade crist\u00e3<\/strong><\/span>.<\/p>\n<p><strong>Grupos pol\u00edticos<\/strong><\/p>\n<p>Falando em nome da Associa\u00e7\u00e3o de Pastores de Anantapur, o Comit\u00ea de A\u00e7\u00e3o Crist\u00e3 Conjunta (CJAC) declarou que o cristianismo prega o perd\u00e3o e que n\u00e3o h\u00e1 inten\u00e7\u00e3o de prosseguir com a\u00e7\u00f5es contra os jovens envolvidos. No entanto, como o ve\u00edculo foi gravemente danificado, o registro policial ser\u00e1 utilizado para fins de reivindica\u00e7\u00e3o do seguro.<\/p>\n<p>O Dr. John Daniel, presidente do CJAC, afirmou que os jovens est\u00e3o sendo manipulados e incitados por organiza\u00e7\u00f5es extremistas a agir fora da lei e atacar crist\u00e3os.<\/p>\n<p>Ele ressaltou que os jovens deveriam se concentrar em suas carreiras e n\u00e3o se deixar influenciar por grupos pol\u00edticos a cometer atos de viol\u00eancia.<\/p>\n<p>A Associa\u00e7\u00e3o de Luta pelos Direitos Tribais Dalit tamb\u00e9m exigiu que fossem tomadas medidas legais rigorosas contra os respons\u00e1veis pelo ataque, alertando que a falta de a\u00e7\u00e3o poderia levar o estado a um grave conflito \u00e9tnico.<\/p>\n<p>Durante uma coletiva de imprensa, o presidente honor\u00e1rio do distrito, Madagalam Prasad, ressaltou que a Constitui\u00e7\u00e3o Indiana assegura a cada cidad\u00e3o o direito de professar, praticar e propagar a religi\u00e3o de sua escolha.<\/p>\n<p>Ele denunciou que for\u00e7as intolerantes a esse direito constitucional t\u00eam recorrido \u00e0 viol\u00eancia e intimida\u00e7\u00e3o, e pediu que o governo aja com firmeza para conter ataques religiosos.<\/p>\n<p>Prasad alertou que essa viol\u00eancia desenfreada poderia alimentar o fanatismo religioso no estado. Ele apelou ao governo para adotar medidas preventivas que garantam a prote\u00e7\u00e3o da comunidade crist\u00e3 e preservem a harmonia entre as diferentes religi\u00f5es.<\/p>\n<\/div>\n<p><br \/>\n<br \/>Fonte: Guiame <\/p>\n","protected":false},"excerpt":{"rendered":"<p>Na semana passada, nacionalistas hindus atacaram brutalmente uma van que transportava uma equipe de evangelistas nas proximidades da vila de Korrakudu, no estado de Andhra Pradesh, sul da \u00cdndia. Durante o ataque, v\u00e1rios passageiros ficaram feridos e o micro-\u00f4nibus foi completamente destru\u00eddo. A equipe de 15 evangelistas da Gospel Hall Church, sediada em Anantapur, realizaria [&hellip;]<\/p>\n","protected":false},"author":1,"featured_media":2839,"comment_status":"open","ping_status":"open","sticky":false,"template":"","format":"standard","meta":{"footnotes":""},"categories":[43],"tags":[],"class_list":["post-2838","post","type-post","status-publish","format-standard","has-post-thumbnail","hentry","category-destaques"],"yoast_head":"<!-- This site is optimized with the Yoast SEO plugin v26.8 - https:\/\/yoast.com\/product\/yoast-seo-wordpress\/ -->\n<title>\u00d4nibus com 15 evangelistas \u00e9 emboscado e atacado por hindus, na \u00cdndia - R\u00e1dio Porto Seguro<\/title>\n<meta name=\"robots\" content=\"index, follow, max-snippet:-1, max-image-preview:large, max-video-preview:-1\" \/>\n<link rel=\"canonical\" href=\"https:\/\/radioportoseguro.com.br\/site\/2026\/01\/15\/onibus-com-15-evangelistas-e-emboscado-e-atacado-por-hindus-na-india\/\" \/>\n<meta property=\"og:locale\" content=\"pt_BR\" \/>\n<meta property=\"og:type\" content=\"article\" \/>\n<meta property=\"og:title\" content=\"\u00d4nibus com 15 evangelistas \u00e9 emboscado e atacado por hindus, na \u00cdndia - R\u00e1dio Porto Seguro\" \/>\n<meta property=\"og:description\" content=\"Na semana passada, nacionalistas hindus atacaram brutalmente uma van que transportava uma equipe de evangelistas nas proximidades da vila de Korrakudu, no estado de Andhra Pradesh, sul da \u00cdndia. Durante o ataque, v\u00e1rios passageiros ficaram feridos e o micro-\u00f4nibus foi completamente destru\u00eddo. A equipe de 15 evangelistas da Gospel Hall Church, sediada em Anantapur, realizaria [&hellip;]\" \/>\n<meta property=\"og:url\" content=\"https:\/\/radioportoseguro.com.br\/site\/2026\/01\/15\/onibus-com-15-evangelistas-e-emboscado-e-atacado-por-hindus-na-india\/\" \/>\n<meta property=\"og:site_name\" content=\"R\u00e1dio Porto Seguro\" \/>\n<meta property=\"article:published_time\" content=\"2026-01-15T16:21:30+00:00\" \/>\n<meta property=\"og:image\" content=\"https:\/\/radioportoseguro.com.br\/site\/wp-content\/uploads\/2026\/01\/1581305543-ataque-evangelistas.png\" \/>\n\t<meta property=\"og:image:width\" content=\"1200\" \/>\n\t<meta property=\"og:image:height\" content=\"600\" \/>\n\t<meta property=\"og:image:type\" content=\"image\/png\" \/>\n<meta name=\"author\" content=\"admin\" \/>\n<meta name=\"twitter:card\" content=\"summary_large_image\" \/>\n<meta name=\"twitter:label1\" content=\"Escrito por\" \/>\n\t<meta name=\"twitter:data1\" content=\"admin\" \/>\n\t<meta name=\"twitter:label2\" content=\"Est. tempo de leitura\" \/>\n\t<meta name=\"twitter:data2\" content=\"4 minutos\" \/>\n<script type=\"application\/ld+json\" class=\"yoast-schema-graph\">{\"@context\":\"https:\/\/schema.org\",\"@graph\":[{\"@type\":\"Article\",\"@id\":\"https:\/\/radioportoseguro.com.br\/site\/2026\/01\/15\/onibus-com-15-evangelistas-e-emboscado-e-atacado-por-hindus-na-india\/#article\",\"isPartOf\":{\"@id\":\"https:\/\/radioportoseguro.com.br\/site\/2026\/01\/15\/onibus-com-15-evangelistas-e-emboscado-e-atacado-por-hindus-na-india\/\"},\"author\":{\"name\":\"admin\",\"@id\":\"https:\/\/radioportoseguro.com.br\/site\/#\/schema\/person\/7630acdc320186f13639d3c067ec089b\"},\"headline\":\"\u00d4nibus com 15 evangelistas \u00e9 emboscado e atacado por hindus, na \u00cdndia\",\"datePublished\":\"2026-01-15T16:21:30+00:00\",\"mainEntityOfPage\":{\"@id\":\"https:\/\/radioportoseguro.com.br\/site\/2026\/01\/15\/onibus-com-15-evangelistas-e-emboscado-e-atacado-por-hindus-na-india\/\"},\"wordCount\":766,\"commentCount\":0,\"image\":{\"@id\":\"https:\/\/radioportoseguro.com.br\/site\/2026\/01\/15\/onibus-com-15-evangelistas-e-emboscado-e-atacado-por-hindus-na-india\/#primaryimage\"},\"thumbnailUrl\":\"https:\/\/radioportoseguro.com.br\/site\/wp-content\/uploads\/2026\/01\/1581305543-ataque-evangelistas.png\",\"articleSection\":[\"Destaques\"],\"inLanguage\":\"pt-BR\",\"potentialAction\":[{\"@type\":\"CommentAction\",\"name\":\"Comment\",\"target\":[\"https:\/\/radioportoseguro.com.br\/site\/2026\/01\/15\/onibus-com-15-evangelistas-e-emboscado-e-atacado-por-hindus-na-india\/#respond\"]}]},{\"@type\":\"WebPage\",\"@id\":\"https:\/\/radioportoseguro.com.br\/site\/2026\/01\/15\/onibus-com-15-evangelistas-e-emboscado-e-atacado-por-hindus-na-india\/\",\"url\":\"https:\/\/radioportoseguro.com.br\/site\/2026\/01\/15\/onibus-com-15-evangelistas-e-emboscado-e-atacado-por-hindus-na-india\/\",\"name\":\"\u00d4nibus com 15 evangelistas \u00e9 emboscado e atacado por hindus, na \u00cdndia - R\u00e1dio Porto Seguro\",\"isPartOf\":{\"@id\":\"https:\/\/radioportoseguro.com.br\/site\/#website\"},\"primaryImageOfPage\":{\"@id\":\"https:\/\/radioportoseguro.com.br\/site\/2026\/01\/15\/onibus-com-15-evangelistas-e-emboscado-e-atacado-por-hindus-na-india\/#primaryimage\"},\"image\":{\"@id\":\"https:\/\/radioportoseguro.com.br\/site\/2026\/01\/15\/onibus-com-15-evangelistas-e-emboscado-e-atacado-por-hindus-na-india\/#primaryimage\"},\"thumbnailUrl\":\"https:\/\/radioportoseguro.com.br\/site\/wp-content\/uploads\/2026\/01\/1581305543-ataque-evangelistas.png\",\"datePublished\":\"2026-01-15T16:21:30+00:00\",\"author\":{\"@id\":\"https:\/\/radioportoseguro.com.br\/site\/#\/schema\/person\/7630acdc320186f13639d3c067ec089b\"},\"breadcrumb\":{\"@id\":\"https:\/\/radioportoseguro.com.br\/site\/2026\/01\/15\/onibus-com-15-evangelistas-e-emboscado-e-atacado-por-hindus-na-india\/#breadcrumb\"},\"inLanguage\":\"pt-BR\",\"potentialAction\":[{\"@type\":\"ReadAction\",\"target\":[\"https:\/\/radioportoseguro.com.br\/site\/2026\/01\/15\/onibus-com-15-evangelistas-e-emboscado-e-atacado-por-hindus-na-india\/\"]}]},{\"@type\":\"ImageObject\",\"inLanguage\":\"pt-BR\",\"@id\":\"https:\/\/radioportoseguro.com.br\/site\/2026\/01\/15\/onibus-com-15-evangelistas-e-emboscado-e-atacado-por-hindus-na-india\/#primaryimage\",\"url\":\"https:\/\/radioportoseguro.com.br\/site\/wp-content\/uploads\/2026\/01\/1581305543-ataque-evangelistas.png\",\"contentUrl\":\"https:\/\/radioportoseguro.com.br\/site\/wp-content\/uploads\/2026\/01\/1581305543-ataque-evangelistas.png\",\"width\":1200,\"height\":600},{\"@type\":\"BreadcrumbList\",\"@id\":\"https:\/\/radioportoseguro.com.br\/site\/2026\/01\/15\/onibus-com-15-evangelistas-e-emboscado-e-atacado-por-hindus-na-india\/#breadcrumb\",\"itemListElement\":[{\"@type\":\"ListItem\",\"position\":1,\"name\":\"In\u00edcio\",\"item\":\"https:\/\/radioportoseguro.com.br\/site\/\"},{\"@type\":\"ListItem\",\"position\":2,\"name\":\"\u00d4nibus com 15 evangelistas \u00e9 emboscado e atacado por hindus, na \u00cdndia\"}]},{\"@type\":\"WebSite\",\"@id\":\"https:\/\/radioportoseguro.com.br\/site\/#website\",\"url\":\"https:\/\/radioportoseguro.com.br\/site\/\",\"name\":\"R\u00e1dio Porto Seguro\",\"description\":\"\",\"potentialAction\":[{\"@type\":\"SearchAction\",\"target\":{\"@type\":\"EntryPoint\",\"urlTemplate\":\"https:\/\/radioportoseguro.com.br\/site\/?s={search_term_string}\"},\"query-input\":{\"@type\":\"PropertyValueSpecification\",\"valueRequired\":true,\"valueName\":\"search_term_string\"}}],\"inLanguage\":\"pt-BR\"},{\"@type\":\"Person\",\"@id\":\"https:\/\/radioportoseguro.com.br\/site\/#\/schema\/person\/7630acdc320186f13639d3c067ec089b\",\"name\":\"admin\",\"image\":{\"@type\":\"ImageObject\",\"inLanguage\":\"pt-BR\",\"@id\":\"https:\/\/radioportoseguro.com.br\/site\/#\/schema\/person\/image\/\",\"url\":\"https:\/\/secure.gravatar.com\/avatar\/caacf4dc1eedb68fab0df8e1ed46c448e578b2466351bbcb61e47d2ac0caaef0?s=96&d=mm&r=g\",\"contentUrl\":\"https:\/\/secure.gravatar.com\/avatar\/caacf4dc1eedb68fab0df8e1ed46c448e578b2466351bbcb61e47d2ac0caaef0?s=96&d=mm&r=g\",\"caption\":\"admin\"},\"sameAs\":[\"https:\/\/radioportoseguro.com.br\/site\"],\"url\":\"https:\/\/radioportoseguro.com.br\/site\/author\/hezio\/\"}]}<\/script>\n<!-- \/ Yoast SEO plugin. -->","yoast_head_json":{"title":"\u00d4nibus com 15 evangelistas \u00e9 emboscado e atacado por hindus, na \u00cdndia - R\u00e1dio Porto Seguro","robots":{"index":"index","follow":"follow","max-snippet":"max-snippet:-1","max-image-preview":"max-image-preview:large","max-video-preview":"max-video-preview:-1"},"canonical":"https:\/\/radioportoseguro.com.br\/site\/2026\/01\/15\/onibus-com-15-evangelistas-e-emboscado-e-atacado-por-hindus-na-india\/","og_locale":"pt_BR","og_type":"article","og_title":"\u00d4nibus com 15 evangelistas \u00e9 emboscado e atacado por hindus, na \u00cdndia - R\u00e1dio Porto Seguro","og_description":"Na semana passada, nacionalistas hindus atacaram brutalmente uma van que transportava uma equipe de evangelistas nas proximidades da vila de Korrakudu, no estado de Andhra Pradesh, sul da \u00cdndia. Durante o ataque, v\u00e1rios passageiros ficaram feridos e o micro-\u00f4nibus foi completamente destru\u00eddo. A equipe de 15 evangelistas da Gospel Hall Church, sediada em Anantapur, realizaria [&hellip;]","og_url":"https:\/\/radioportoseguro.com.br\/site\/2026\/01\/15\/onibus-com-15-evangelistas-e-emboscado-e-atacado-por-hindus-na-india\/","og_site_name":"R\u00e1dio Porto Seguro","article_published_time":"2026-01-15T16:21:30+00:00","og_image":[{"width":1200,"height":600,"url":"https:\/\/radioportoseguro.com.br\/site\/wp-content\/uploads\/2026\/01\/1581305543-ataque-evangelistas.png","type":"image\/png"}],"author":"admin","twitter_card":"summary_large_image","twitter_misc":{"Escrito por":"admin","Est. tempo de leitura":"4 minutos"},"schema":{"@context":"https:\/\/schema.org","@graph":[{"@type":"Article","@id":"https:\/\/radioportoseguro.com.br\/site\/2026\/01\/15\/onibus-com-15-evangelistas-e-emboscado-e-atacado-por-hindus-na-india\/#article","isPartOf":{"@id":"https:\/\/radioportoseguro.com.br\/site\/2026\/01\/15\/onibus-com-15-evangelistas-e-emboscado-e-atacado-por-hindus-na-india\/"},"author":{"name":"admin","@id":"https:\/\/radioportoseguro.com.br\/site\/#\/schema\/person\/7630acdc320186f13639d3c067ec089b"},"headline":"\u00d4nibus com 15 evangelistas \u00e9 emboscado e atacado por hindus, na \u00cdndia","datePublished":"2026-01-15T16:21:30+00:00","mainEntityOfPage":{"@id":"https:\/\/radioportoseguro.com.br\/site\/2026\/01\/15\/onibus-com-15-evangelistas-e-emboscado-e-atacado-por-hindus-na-india\/"},"wordCount":766,"commentCount":0,"image":{"@id":"https:\/\/radioportoseguro.com.br\/site\/2026\/01\/15\/onibus-com-15-evangelistas-e-emboscado-e-atacado-por-hindus-na-india\/#primaryimage"},"thumbnailUrl":"https:\/\/radioportoseguro.com.br\/site\/wp-content\/uploads\/2026\/01\/1581305543-ataque-evangelistas.png","articleSection":["Destaques"],"inLanguage":"pt-BR","potentialAction":[{"@type":"CommentAction","name":"Comment","target":["https:\/\/radioportoseguro.com.br\/site\/2026\/01\/15\/onibus-com-15-evangelistas-e-emboscado-e-atacado-por-hindus-na-india\/#respond"]}]},{"@type":"WebPage","@id":"https:\/\/radioportoseguro.com.br\/site\/2026\/01\/15\/onibus-com-15-evangelistas-e-emboscado-e-atacado-por-hindus-na-india\/","url":"https:\/\/radioportoseguro.com.br\/site\/2026\/01\/15\/onibus-com-15-evangelistas-e-emboscado-e-atacado-por-hindus-na-india\/","name":"\u00d4nibus com 15 evangelistas \u00e9 emboscado e atacado por hindus, na \u00cdndia - R\u00e1dio Porto Seguro","isPartOf":{"@id":"https:\/\/radioportoseguro.com.br\/site\/#website"},"primaryImageOfPage":{"@id":"https:\/\/radioportoseguro.com.br\/site\/2026\/01\/15\/onibus-com-15-evangelistas-e-emboscado-e-atacado-por-hindus-na-india\/#primaryimage"},"image":{"@id":"https:\/\/radioportoseguro.com.br\/site\/2026\/01\/15\/onibus-com-15-evangelistas-e-emboscado-e-atacado-por-hindus-na-india\/#primaryimage"},"thumbnailUrl":"https:\/\/radioportoseguro.com.br\/site\/wp-content\/uploads\/2026\/01\/1581305543-ataque-evangelistas.png","datePublished":"2026-01-15T16:21:30+00:00","author":{"@id":"https:\/\/radioportoseguro.com.br\/site\/#\/schema\/person\/7630acdc320186f13639d3c067ec089b"},"breadcrumb":{"@id":"https:\/\/radioportoseguro.com.br\/site\/2026\/01\/15\/onibus-com-15-evangelistas-e-emboscado-e-atacado-por-hindus-na-india\/#breadcrumb"},"inLanguage":"pt-BR","potentialAction":[{"@type":"ReadAction","target":["https:\/\/radioportoseguro.com.br\/site\/2026\/01\/15\/onibus-com-15-evangelistas-e-emboscado-e-atacado-por-hindus-na-india\/"]}]},{"@type":"ImageObject","inLanguage":"pt-BR","@id":"https:\/\/radioportoseguro.com.br\/site\/2026\/01\/15\/onibus-com-15-evangelistas-e-emboscado-e-atacado-por-hindus-na-india\/#primaryimage","url":"https:\/\/radioportoseguro.com.br\/site\/wp-content\/uploads\/2026\/01\/1581305543-ataque-evangelistas.png","contentUrl":"https:\/\/radioportoseguro.com.br\/site\/wp-content\/uploads\/2026\/01\/1581305543-ataque-evangelistas.png","width":1200,"height":600},{"@type":"BreadcrumbList","@id":"https:\/\/radioportoseguro.com.br\/site\/2026\/01\/15\/onibus-com-15-evangelistas-e-emboscado-e-atacado-por-hindus-na-india\/#breadcrumb","itemListElement":[{"@type":"ListItem","position":1,"name":"In\u00edcio","item":"https:\/\/radioportoseguro.com.br\/site\/"},{"@type":"ListItem","position":2,"name":"\u00d4nibus com 15 evangelistas \u00e9 emboscado e atacado por hindus, na \u00cdndia"}]},{"@type":"WebSite","@id":"https:\/\/radioportoseguro.com.br\/site\/#website","url":"https:\/\/radioportoseguro.com.br\/site\/","name":"R\u00e1dio Porto Seguro","description":"","potentialAction":[{"@type":"SearchAction","target":{"@type":"EntryPoint","urlTemplate":"https:\/\/radioportoseguro.com.br\/site\/?s={search_term_string}"},"query-input":{"@type":"PropertyValueSpecification","valueRequired":true,"valueName":"search_term_string"}}],"inLanguage":"pt-BR"},{"@type":"Person","@id":"https:\/\/radioportoseguro.com.br\/site\/#\/schema\/person\/7630acdc320186f13639d3c067ec089b","name":"admin","image":{"@type":"ImageObject","inLanguage":"pt-BR","@id":"https:\/\/radioportoseguro.com.br\/site\/#\/schema\/person\/image\/","url":"https:\/\/secure.gravatar.com\/avatar\/caacf4dc1eedb68fab0df8e1ed46c448e578b2466351bbcb61e47d2ac0caaef0?s=96&d=mm&r=g","contentUrl":"https:\/\/secure.gravatar.com\/avatar\/caacf4dc1eedb68fab0df8e1ed46c448e578b2466351bbcb61e47d2ac0caaef0?s=96&d=mm&r=g","caption":"admin"},"sameAs":["https:\/\/radioportoseguro.com.br\/site"],"url":"https:\/\/radioportoseguro.com.br\/site\/author\/hezio\/"}]}},"_links":{"self":[{"href":"https:\/\/radioportoseguro.com.br\/site\/wp-json\/wp\/v2\/posts\/2838","targetHints":{"allow":["GET"]}}],"collection":[{"href":"https:\/\/radioportoseguro.com.br\/site\/wp-json\/wp\/v2\/posts"}],"about":[{"href":"https:\/\/radioportoseguro.com.br\/site\/wp-json\/wp\/v2\/types\/post"}],"author":[{"embeddable":true,"href":"https:\/\/radioportoseguro.com.br\/site\/wp-json\/wp\/v2\/users\/1"}],"replies":[{"embeddable":true,"href":"https:\/\/radioportoseguro.com.br\/site\/wp-json\/wp\/v2\/comments?post=2838"}],"version-history":[{"count":0,"href":"https:\/\/radioportoseguro.com.br\/site\/wp-json\/wp\/v2\/posts\/2838\/revisions"}],"wp:featuredmedia":[{"embeddable":true,"href":"https:\/\/radioportoseguro.com.br\/site\/wp-json\/wp\/v2\/media\/2839"}],"wp:attachment":[{"href":"https:\/\/radioportoseguro.com.br\/site\/wp-json\/wp\/v2\/media?parent=2838"}],"wp:term":[{"taxonomy":"category","embeddable":true,"href":"https:\/\/radioportoseguro.com.br\/site\/wp-json\/wp\/v2\/categories?post=2838"},{"taxonomy":"post_tag","embeddable":true,"href":"https:\/\/radioportoseguro.com.br\/site\/wp-json\/wp\/v2\/tags?post=2838"}],"curies":[{"name":"wp","href":"https:\/\/api.w.org\/{rel}","templated":true}]}}