{"id":2948,"date":"2026-01-15T21:33:08","date_gmt":"2026-01-16T00:33:08","guid":{"rendered":"https:\/\/radioportoseguro.com.br\/site\/2026\/01\/15\/2026-tera-luas-de-sangue-eclipses-e-meteoros-o-que-dizem-estudiosos-da-biblia\/"},"modified":"2026-01-15T21:33:08","modified_gmt":"2026-01-16T00:33:08","slug":"2026-tera-luas-de-sangue-eclipses-e-meteoros-o-que-dizem-estudiosos-da-biblia","status":"publish","type":"post","link":"https:\/\/radioportoseguro.com.br\/site\/2026\/01\/15\/2026-tera-luas-de-sangue-eclipses-e-meteoros-o-que-dizem-estudiosos-da-biblia\/","title":{"rendered":"2026 ter\u00e1 luas de sangue, eclipses e meteoros: O que dizem estudiosos da B\u00edblia?"},"content":{"rendered":"<p><br \/>\n<\/p>\n<div>\n<p>O ano de 2026 ser\u00e1 marcado por eventos celestes impressionantes: duas <span style=\"color: #800000;\"><strong>luas de sangue<\/strong><\/span>, eclipses solares, chuvas de meteoros e an\u00e9is de fogo que prometem encantar observadores ao redor do mundo.<\/p>\n<p>Assim como em 2025, estudiosos da B\u00edblia acreditam que os fen\u00f4menos meteorol\u00f3gicos deste ano podem ter significado prof\u00e9tico relacionado a <span style=\"color: #800000;\"><strong>Israel<\/strong><\/span> e ao Oriente M\u00e9dio.<\/p>\n<p>Essa vis\u00e3o tem sido validada porque, historicamente, as t\u00e9trades de luas de sangue coincidiram com alguns eventos de grande impacto mundial, muitos deles diretamente ligados \u00e0 hist\u00f3ria de Israel.<\/p>\n<p>A pr\u00f3xima t\u00e9trade est\u00e1 prevista para 2032\u20132033, exatamente dois mil anos ap\u00f3s a morte e a ressurrei\u00e7\u00e3o de Jesus Cristo.<\/p>\n<p><strong>\u2018Outdoor de Deus\u2019<\/strong><\/p>\n<p>Para os crist\u00e3os, esses eventos podem ser mais do que apenas espet\u00e1culos astron\u00f4micos.<\/p>\n<p style=\"text-align: left;\">Pastores como <span style=\"color: #800000;\"><strong>John Hagee<\/strong><\/span> e Mark Biltz, estudiosos de profecias b\u00edblicas, afirmam que as luas de sangue anunciam eventos importantes para Israel, o Oriente M\u00e9dio e, por extens\u00e3o, o mundo.<\/p>\n<p style=\"text-align: center;\"><img decoding=\"async\" style=\"display: block; margin-left: auto; margin-right: auto;\" src=\"https:\/\/thumbor.guiame.com.br\/unsafe\/smart\/https:\/\/media.guiame.com.br\/archives\/2026\/01\/14\/2005793509-chuva-de-meteoro.jpg\" alt=\"\" width=\"600\"\/><span style=\"color: #808080;\"><sup>Chuva de meteoro. (Fotos: Tengyart \/ Unsplash)<\/sup><\/span><\/p>\n<p>John Hagee, autor do best-seller\u00a0\u201cQuatro Luas de Sangue\u201d, afirma que os c\u00e9us funcionam como um \u201coutdoor de Deus\u201d, enviando sinais que muitas vezes ignoramos.<\/p>\n<p><strong>Ir\u00e3, EUA e Israel<\/strong><\/p>\n<p>O <span style=\"color: #800000;\"><strong>Ir\u00e3<\/strong><\/span> volta a ocupar o centro de uma crise com potencial impacto global. Centenas de <span style=\"color: #800000;\"><strong>milhares de manifestantes<\/strong><\/span> desafiam o regime isl\u00e2mico em busca de liberdade, arriscando suas vidas.<\/p>\n<p>A repress\u00e3o j\u00e1 deixou centenas de mortos e milhares de presos, enquanto crescem as tens\u00f5es diante da possibilidade de novos ataques dos EUA ao cora\u00e7\u00e3o do regime.<\/p>\n<p>As duas chamadas \u201cluas de sangue\u201d registradas no ano passado ocorreram no momento em que Israel avan\u00e7ava para a etapa decisiva de sua campanha militar, com o objetivo de derrotar o Hamas e p\u00f4r fim ao dom\u00ednio do grupo terrorista sobre a Faixa de Gaza.<\/p>\n<p>E isso ocorreu na esteira das a\u00e7\u00f5es conjuntas de Israel e EUA voltadas a neutralizar a amea\u00e7a nuclear iraniana, incluindo ataques militares diretos em territ\u00f3rio do Ir\u00e3.<\/p>\n<p>Com esse cen\u00e1rio geopol\u00edtico incerto como pano de fundo, o mundo agora volta sua aten\u00e7\u00e3o para um eclipse solar do tipo \u201canel de fogo\u201d, previsto para 17 de fevereiro de 2026, seguido por uma \u201clua de sangue\u201d em 3 de mar\u00e7o de 2026, culminando com o chamado \u201ceclipse do s\u00e9culo\u201d, em 12 de agosto de 2026.<\/p>\n<p><strong>Fen\u00f4menos pelo mundo<\/strong><\/p>\n<p>O primeiro desses fen\u00f4menos ser\u00e1 um eclipse solar do tipo \u201canel de fogo\u201d, quando a Lua passar\u00e1 entre a Terra e o Sol sem encobri-lo completamente, permitindo que um halo luminoso \u2013 semelhante a um anel incandescente \u2013 permane\u00e7a vis\u00edvel ao redor do disco solar.<\/p>\n<p style=\"text-align: left;\">Esse fen\u00f4meno, tecnicamente chamado de eclipse solar anular, poder\u00e1 ser observado principalmente no sul da Am\u00e9rica do Sul, em regi\u00f5es da \u00c1frica e sobre o oceano Atl\u00e2ntico.<\/p>\n<p style=\"text-align: center;\"><img decoding=\"async\" style=\"display: block; margin-left: auto; margin-right: auto;\" src=\"https:\/\/thumbor.guiame.com.br\/unsafe\/smart\/https:\/\/media.guiame.com.br\/archives\/2026\/01\/14\/4241357149-anel-de-fogo.jpg\" alt=\"\" width=\"600\"\/><span style=\"color: #808080;\"><sup>Anel de fogo. (Foto: Jongsun Lee \/ Unsplash)<\/sup><\/span><\/p>\n<p>O segundo fen\u00f4meno, conhecido como \u201clua de sangue\u201d, ocorrer\u00e1 em 3 de mar\u00e7o de 2026, com dura\u00e7\u00e3o de quase uma hora, ser\u00e1 vis\u00edvel no Brasil e em grande parte das Am\u00e9ricas, Austr\u00e1lia e em partes da \u00c1sia.<\/p>\n<p>Nesse dia, a Lua ficar\u00e1 vermelha como sangue por mais de 50 minutos, e quase 6 bilh\u00f5es de pessoas ter\u00e3o a chance de testemunhar o fen\u00f4meno.<\/p>\n<p>J\u00e1 o terceiro e mais impactante evento celeste do ano ser\u00e1 um eclipse solar total, cuja trajet\u00f3ria passar\u00e1 pelo Oceano \u00c1rtico, Groenl\u00e2ndia, Isl\u00e2ndia, Oceano Atl\u00e2ntico, Portugal e o norte da Espanha.<\/p>\n<p>Chamado de \u201ceclipse do s\u00e9culo\u201d, o fen\u00f4meno receber\u00e1 esse t\u00edtulo porque o dia se transformar\u00e1 em noite pelo per\u00edodo mais longo registrado em todo o s\u00e9culo XXI.<\/p>\n<p>Por mais de seis minutos, o c\u00e9u ficar\u00e1 completamente escuro sobre regi\u00f5es do norte da \u00c1frica, do sul da Europa e do Oriente M\u00e9dio.<\/p>\n<p><strong>3 eclipses totais e 3 \u201can\u00e9is de fogo\u201d em 3 anos<\/strong><\/p>\n<p>O eclipse solar do tipo \u201canel de fogo\u201d, previsto para 17 de fevereiro, e o eclipse solar total de 12 de agosto marcam tamb\u00e9m o in\u00edcio de uma nova sequ\u00eancia de eclipses em ambas as categorias.<\/p>\n<p>O site <em>Space.com<\/em> classificou essa combina\u00e7\u00e3o rara de fen\u00f4menos como \u201cuma era de ouro dos eclipses solares\u201d.<\/p>\n<p>A partir de fevereiro, o planeta entrar\u00e1 em um per\u00edodo incomum: um ciclo de tr\u00eas eclipses solares anulares (\u201can\u00e9is de fogo\u201d) em apenas tr\u00eas anos, al\u00e9m de tr\u00eas eclipses solares totais dentro desse mesmo intervalo, algo considerado excepcional pelos astr\u00f4nomos.<\/p>\n<p>Os eclipses do tipo \u201canel de fogo\u201d est\u00e3o programados para fevereiro de 2026, fevereiro de 2027 e janeiro de 2028.<\/p>\n<p>Em seguida, a partir de agosto, ter\u00e1 in\u00edcio uma sequ\u00eancia rara de tr\u00eas eclipses solares totais em apenas 710 dias.<\/p>\n<p>Esses eclipses totais ocorrer\u00e3o em agosto de 2026, agosto de 2027 e julho de 2028.<\/p>\n<p><strong>Qual \u00e9 a import\u00e2ncia de uma &#8220;Lua de Sangue&#8221;?<\/strong><\/p>\n<p>Como mencionado, uma terceira \u201clua de sangue\u201d em apenas dois anos ocorre em meio a essa sequ\u00eancia incomum de eclipses solares.<\/p>\n<p style=\"text-align: left;\">Do ponto de vista astron\u00f4mico, a \u201clua de sangue\u201d \u00e9 um eclipse lunar total: a Terra se posiciona diretamente entre o Sol e a Lua, bloqueando a luz solar direta. Parte da luz do Sol, por\u00e9m, \u00e9 filtrada pela atmosfera terrestre e refratada em tons avermelhados, projetando sobre a Lua uma colora\u00e7\u00e3o que vai do cobre ao vermelho-escuro.<\/p>\n<p style=\"text-align: center;\"><img decoding=\"async\" style=\"display: block; margin-left: auto; margin-right: auto;\" src=\"https:\/\/thumbor.guiame.com.br\/unsafe\/smart\/https:\/\/media.guiame.com.br\/archives\/2025\/09\/04\/934210968-lua-de-sangue.jpg\" alt=\"\" width=\"600\"\/><span style=\"color: #808080;\"><sup>O pr\u00f3ximo fen\u00f4meno da lua de sangue ocorrer\u00e1 na noite de 7 de setembro de 2025. (Foto: Unsplash\/ Yu Kato)<\/sup><\/span><\/p>\n<p>Na lua de sangue registrada em 14 de mar\u00e7o de 2025, a superf\u00edcie da Lua assumiu tons avermelhados por mais de uma hora, sendo observada na Am\u00e9rica do Norte e na Am\u00e9rica do Sul.<\/p>\n<p>J\u00e1 o segundo fen\u00f4meno, ocorrido em 7 de setembro de 2025, teve dura\u00e7\u00e3o de 82 minutos e p\u00f4de ser visto em regi\u00f5es da Europa, \u00c1sia, \u00c1frica e Austr\u00e1lia.<\/p>\n<p>A terceira lua de sangue dessa s\u00e9rie ocorrer\u00e1 no dia sagrado judaico de Purim, em 3 de mar\u00e7o de 2026, e poder\u00e1 ser observada por quase uma hora desde a \u00c1sia at\u00e9 partes da Am\u00e9rica do Norte.<\/p>\n<p><strong>Sinais celestiais na B\u00edblia e na tradi\u00e7\u00e3o judaica<\/strong><\/p>\n<p>As luas de sangue s\u00e3o mencionadas em diversos trechos b\u00edblicos, incluindo os livros de Joel, Atos dos Ap\u00f3stolos e Apocalipse.<\/p>\n<p>A profecia sobre a lua se tornar sangue aparece primeiro em Joel 2:31 e \u00e9 repetida por Pedro em Atos 2:20, como sinal do grande e terr\u00edvel dia do Senhor.<\/p>\n<p>Em seguida, o livro de Apocalipse 6:12 diz: &#8220;E eu olhei quando ele abriu o sexto selo, e eis que houve um grande terremoto; e o sol tornou-se negro como saco de cil\u00edcio, e a lua tornou-se como sangue.&#8221;<\/p>\n<p>Essas passagens b\u00edblicas indicam que a lua vermelha \u00e9 um sinal celestial do in\u00edcio do Fim dos Tempos.<\/p>\n<p>O Evangelho de Lucas 21:25-28 aponta para mais sinais celestiais antes do fim dos dias:<\/p>\n<p>\u201cE haver\u00e1 sinais no sol, e na lua, e nas estrelas, e na terra ang\u00fastia de na\u00e7\u00f5es em perplexidade por causa do bramido do mar e das ondas, pessoas desmaiando de medo e com pressentimento do que est\u00e1 por vir sobre o mundo. Pois os poderes dos c\u00e9us ser\u00e3o abalados. E ent\u00e3o ver\u00e3o o Filho do Homem vindo numa nuvem, com poder e grande gl\u00f3ria. Agora, quando essas coisas come\u00e7arem a acontecer, endireitem-se e levantem suas cabe\u00e7as, porque sua reden\u00e7\u00e3o est\u00e1 pr\u00f3xima.\u201d<\/p>\n<p>\u00a0<\/p>\n<p>VEJA O CALEND\u00c1RIO DOS FEN\u00d4MENOS ASTRON\u00d4MICOS DE 2026:<\/p>\n<p><strong>Luas de Sangue<\/strong><\/p>\n<p style=\"padding-left: 30px;\"><strong>3 de mar\u00e7o<\/strong>: Eclipse lunar total vis\u00edvel no Brasil e em grande parte das Am\u00e9ricas.<\/p>\n<p style=\"padding-left: 30px;\"><strong>27 de agosto<\/strong>: Eclipse lunar parcial, com escurecimento gradual do disco lunar.<\/p>\n<p><strong>Eclipses Solares<\/strong><\/p>\n<p style=\"padding-left: 30px;\"><strong>17 de fevereiro<\/strong>: Eclipse solar anular (Anel de Fogo), parcialmente vis\u00edvel no sul do Brasil.<\/p>\n<p style=\"padding-left: 30px;\"><strong>12 de agosto<\/strong>: Eclipse solar total, com maior destaque na Europa e Groenl\u00e2ndia.<\/p>\n<p><strong>Chuvas de meteoros e superluas<\/strong><\/p>\n<p style=\"padding-left: 30px;\"><strong>22 de abril<\/strong>: L\u00edridas.<\/p>\n<p style=\"padding-left: 30px;\"><strong>6 de maio<\/strong>: Eta Aqu\u00e1ridas.<\/p>\n<p style=\"padding-left: 30px;\"><strong>12-13 de agosto<\/strong>: Perseidas.<\/p>\n<p style=\"padding-left: 30px;\"><strong>14 de dezembro<\/strong>: Gemin\u00eddeas, a mais intensa do ano.<\/p>\n<p>Al\u00e9m disso, teremos superluas e luas cheias especiais:<\/p>\n<p style=\"padding-left: 30px;\"><strong>31 de maio<\/strong>: Lua Azul.<\/p>\n<p style=\"padding-left: 30px;\"><strong>24 de novembro<\/strong>: Superlua do Castor.<\/p>\n<p style=\"padding-left: 30px;\"><strong>23 de dezembro<\/strong>: Superlua Fria, a mais brilhante do ano.<\/p>\n<\/div>\n<p><br \/>\n<br \/>Fonte: Guiame <\/p>\n","protected":false},"excerpt":{"rendered":"<p>O ano de 2026 ser\u00e1 marcado por eventos celestes impressionantes: duas luas de sangue, eclipses solares, chuvas de meteoros e an\u00e9is de fogo que prometem encantar observadores ao redor do mundo. Assim como em 2025, estudiosos da B\u00edblia acreditam que os fen\u00f4menos meteorol\u00f3gicos deste ano podem ter significado prof\u00e9tico relacionado a Israel e ao Oriente [&hellip;]<\/p>\n","protected":false},"author":1,"featured_media":2949,"comment_status":"open","ping_status":"open","sticky":false,"template":"","format":"standard","meta":{"footnotes":""},"categories":[43],"tags":[],"class_list":["post-2948","post","type-post","status-publish","format-standard","has-post-thumbnail","hentry","category-destaques"],"yoast_head":"<!-- This site is optimized with the Yoast SEO plugin v26.8 - https:\/\/yoast.com\/product\/yoast-seo-wordpress\/ -->\n<title>2026 ter\u00e1 luas de sangue, eclipses e meteoros: O que dizem estudiosos da B\u00edblia? - R\u00e1dio Porto Seguro<\/title>\n<meta name=\"robots\" content=\"index, follow, max-snippet:-1, max-image-preview:large, max-video-preview:-1\" \/>\n<link rel=\"canonical\" href=\"https:\/\/radioportoseguro.com.br\/site\/2026\/01\/15\/2026-tera-luas-de-sangue-eclipses-e-meteoros-o-que-dizem-estudiosos-da-biblia\/\" \/>\n<meta property=\"og:locale\" content=\"pt_BR\" \/>\n<meta property=\"og:type\" content=\"article\" \/>\n<meta property=\"og:title\" content=\"2026 ter\u00e1 luas de sangue, eclipses e meteoros: O que dizem estudiosos da B\u00edblia? - R\u00e1dio Porto Seguro\" \/>\n<meta property=\"og:description\" content=\"O ano de 2026 ser\u00e1 marcado por eventos celestes impressionantes: duas luas de sangue, eclipses solares, chuvas de meteoros e an\u00e9is de fogo que prometem encantar observadores ao redor do mundo. Assim como em 2025, estudiosos da B\u00edblia acreditam que os fen\u00f4menos meteorol\u00f3gicos deste ano podem ter significado prof\u00e9tico relacionado a Israel e ao Oriente [&hellip;]\" \/>\n<meta property=\"og:url\" content=\"https:\/\/radioportoseguro.com.br\/site\/2026\/01\/15\/2026-tera-luas-de-sangue-eclipses-e-meteoros-o-que-dizem-estudiosos-da-biblia\/\" \/>\n<meta property=\"og:site_name\" content=\"R\u00e1dio Porto Seguro\" \/>\n<meta property=\"article:published_time\" content=\"2026-01-16T00:33:08+00:00\" \/>\n<meta property=\"og:image\" content=\"https:\/\/radioportoseguro.com.br\/site\/wp-content\/uploads\/2026\/01\/3937516415-lua-de-sangue-anel-de-fogo.png\" \/>\n\t<meta property=\"og:image:width\" content=\"1200\" \/>\n\t<meta property=\"og:image:height\" content=\"600\" \/>\n\t<meta property=\"og:image:type\" content=\"image\/png\" \/>\n<meta name=\"author\" content=\"admin\" \/>\n<meta name=\"twitter:card\" content=\"summary_large_image\" \/>\n<meta name=\"twitter:label1\" content=\"Escrito por\" \/>\n\t<meta name=\"twitter:data1\" content=\"admin\" \/>\n\t<meta name=\"twitter:label2\" content=\"Est. tempo de leitura\" \/>\n\t<meta name=\"twitter:data2\" content=\"7 minutos\" \/>\n<script type=\"application\/ld+json\" class=\"yoast-schema-graph\">{\"@context\":\"https:\/\/schema.org\",\"@graph\":[{\"@type\":\"Article\",\"@id\":\"https:\/\/radioportoseguro.com.br\/site\/2026\/01\/15\/2026-tera-luas-de-sangue-eclipses-e-meteoros-o-que-dizem-estudiosos-da-biblia\/#article\",\"isPartOf\":{\"@id\":\"https:\/\/radioportoseguro.com.br\/site\/2026\/01\/15\/2026-tera-luas-de-sangue-eclipses-e-meteoros-o-que-dizem-estudiosos-da-biblia\/\"},\"author\":{\"name\":\"admin\",\"@id\":\"https:\/\/radioportoseguro.com.br\/site\/#\/schema\/person\/7630acdc320186f13639d3c067ec089b\"},\"headline\":\"2026 ter\u00e1 luas de sangue, eclipses e meteoros: O que dizem estudiosos da B\u00edblia?\",\"datePublished\":\"2026-01-16T00:33:08+00:00\",\"mainEntityOfPage\":{\"@id\":\"https:\/\/radioportoseguro.com.br\/site\/2026\/01\/15\/2026-tera-luas-de-sangue-eclipses-e-meteoros-o-que-dizem-estudiosos-da-biblia\/\"},\"wordCount\":1396,\"commentCount\":0,\"image\":{\"@id\":\"https:\/\/radioportoseguro.com.br\/site\/2026\/01\/15\/2026-tera-luas-de-sangue-eclipses-e-meteoros-o-que-dizem-estudiosos-da-biblia\/#primaryimage\"},\"thumbnailUrl\":\"https:\/\/radioportoseguro.com.br\/site\/wp-content\/uploads\/2026\/01\/3937516415-lua-de-sangue-anel-de-fogo.png\",\"articleSection\":[\"Destaques\"],\"inLanguage\":\"pt-BR\",\"potentialAction\":[{\"@type\":\"CommentAction\",\"name\":\"Comment\",\"target\":[\"https:\/\/radioportoseguro.com.br\/site\/2026\/01\/15\/2026-tera-luas-de-sangue-eclipses-e-meteoros-o-que-dizem-estudiosos-da-biblia\/#respond\"]}]},{\"@type\":\"WebPage\",\"@id\":\"https:\/\/radioportoseguro.com.br\/site\/2026\/01\/15\/2026-tera-luas-de-sangue-eclipses-e-meteoros-o-que-dizem-estudiosos-da-biblia\/\",\"url\":\"https:\/\/radioportoseguro.com.br\/site\/2026\/01\/15\/2026-tera-luas-de-sangue-eclipses-e-meteoros-o-que-dizem-estudiosos-da-biblia\/\",\"name\":\"2026 ter\u00e1 luas de sangue, eclipses e meteoros: O que dizem estudiosos da B\u00edblia? - R\u00e1dio Porto Seguro\",\"isPartOf\":{\"@id\":\"https:\/\/radioportoseguro.com.br\/site\/#website\"},\"primaryImageOfPage\":{\"@id\":\"https:\/\/radioportoseguro.com.br\/site\/2026\/01\/15\/2026-tera-luas-de-sangue-eclipses-e-meteoros-o-que-dizem-estudiosos-da-biblia\/#primaryimage\"},\"image\":{\"@id\":\"https:\/\/radioportoseguro.com.br\/site\/2026\/01\/15\/2026-tera-luas-de-sangue-eclipses-e-meteoros-o-que-dizem-estudiosos-da-biblia\/#primaryimage\"},\"thumbnailUrl\":\"https:\/\/radioportoseguro.com.br\/site\/wp-content\/uploads\/2026\/01\/3937516415-lua-de-sangue-anel-de-fogo.png\",\"datePublished\":\"2026-01-16T00:33:08+00:00\",\"author\":{\"@id\":\"https:\/\/radioportoseguro.com.br\/site\/#\/schema\/person\/7630acdc320186f13639d3c067ec089b\"},\"breadcrumb\":{\"@id\":\"https:\/\/radioportoseguro.com.br\/site\/2026\/01\/15\/2026-tera-luas-de-sangue-eclipses-e-meteoros-o-que-dizem-estudiosos-da-biblia\/#breadcrumb\"},\"inLanguage\":\"pt-BR\",\"potentialAction\":[{\"@type\":\"ReadAction\",\"target\":[\"https:\/\/radioportoseguro.com.br\/site\/2026\/01\/15\/2026-tera-luas-de-sangue-eclipses-e-meteoros-o-que-dizem-estudiosos-da-biblia\/\"]}]},{\"@type\":\"ImageObject\",\"inLanguage\":\"pt-BR\",\"@id\":\"https:\/\/radioportoseguro.com.br\/site\/2026\/01\/15\/2026-tera-luas-de-sangue-eclipses-e-meteoros-o-que-dizem-estudiosos-da-biblia\/#primaryimage\",\"url\":\"https:\/\/radioportoseguro.com.br\/site\/wp-content\/uploads\/2026\/01\/3937516415-lua-de-sangue-anel-de-fogo.png\",\"contentUrl\":\"https:\/\/radioportoseguro.com.br\/site\/wp-content\/uploads\/2026\/01\/3937516415-lua-de-sangue-anel-de-fogo.png\",\"width\":1200,\"height\":600},{\"@type\":\"BreadcrumbList\",\"@id\":\"https:\/\/radioportoseguro.com.br\/site\/2026\/01\/15\/2026-tera-luas-de-sangue-eclipses-e-meteoros-o-que-dizem-estudiosos-da-biblia\/#breadcrumb\",\"itemListElement\":[{\"@type\":\"ListItem\",\"position\":1,\"name\":\"In\u00edcio\",\"item\":\"https:\/\/radioportoseguro.com.br\/site\/\"},{\"@type\":\"ListItem\",\"position\":2,\"name\":\"2026 ter\u00e1 luas de sangue, eclipses e meteoros: O que dizem estudiosos da B\u00edblia?\"}]},{\"@type\":\"WebSite\",\"@id\":\"https:\/\/radioportoseguro.com.br\/site\/#website\",\"url\":\"https:\/\/radioportoseguro.com.br\/site\/\",\"name\":\"R\u00e1dio Porto Seguro\",\"description\":\"\",\"potentialAction\":[{\"@type\":\"SearchAction\",\"target\":{\"@type\":\"EntryPoint\",\"urlTemplate\":\"https:\/\/radioportoseguro.com.br\/site\/?s={search_term_string}\"},\"query-input\":{\"@type\":\"PropertyValueSpecification\",\"valueRequired\":true,\"valueName\":\"search_term_string\"}}],\"inLanguage\":\"pt-BR\"},{\"@type\":\"Person\",\"@id\":\"https:\/\/radioportoseguro.com.br\/site\/#\/schema\/person\/7630acdc320186f13639d3c067ec089b\",\"name\":\"admin\",\"image\":{\"@type\":\"ImageObject\",\"inLanguage\":\"pt-BR\",\"@id\":\"https:\/\/radioportoseguro.com.br\/site\/#\/schema\/person\/image\/\",\"url\":\"https:\/\/secure.gravatar.com\/avatar\/caacf4dc1eedb68fab0df8e1ed46c448e578b2466351bbcb61e47d2ac0caaef0?s=96&d=mm&r=g\",\"contentUrl\":\"https:\/\/secure.gravatar.com\/avatar\/caacf4dc1eedb68fab0df8e1ed46c448e578b2466351bbcb61e47d2ac0caaef0?s=96&d=mm&r=g\",\"caption\":\"admin\"},\"sameAs\":[\"https:\/\/radioportoseguro.com.br\/site\"],\"url\":\"https:\/\/radioportoseguro.com.br\/site\/author\/hezio\/\"}]}<\/script>\n<!-- \/ Yoast SEO plugin. -->","yoast_head_json":{"title":"2026 ter\u00e1 luas de sangue, eclipses e meteoros: O que dizem estudiosos da B\u00edblia? - R\u00e1dio Porto Seguro","robots":{"index":"index","follow":"follow","max-snippet":"max-snippet:-1","max-image-preview":"max-image-preview:large","max-video-preview":"max-video-preview:-1"},"canonical":"https:\/\/radioportoseguro.com.br\/site\/2026\/01\/15\/2026-tera-luas-de-sangue-eclipses-e-meteoros-o-que-dizem-estudiosos-da-biblia\/","og_locale":"pt_BR","og_type":"article","og_title":"2026 ter\u00e1 luas de sangue, eclipses e meteoros: O que dizem estudiosos da B\u00edblia? - R\u00e1dio Porto Seguro","og_description":"O ano de 2026 ser\u00e1 marcado por eventos celestes impressionantes: duas luas de sangue, eclipses solares, chuvas de meteoros e an\u00e9is de fogo que prometem encantar observadores ao redor do mundo. Assim como em 2025, estudiosos da B\u00edblia acreditam que os fen\u00f4menos meteorol\u00f3gicos deste ano podem ter significado prof\u00e9tico relacionado a Israel e ao Oriente [&hellip;]","og_url":"https:\/\/radioportoseguro.com.br\/site\/2026\/01\/15\/2026-tera-luas-de-sangue-eclipses-e-meteoros-o-que-dizem-estudiosos-da-biblia\/","og_site_name":"R\u00e1dio Porto Seguro","article_published_time":"2026-01-16T00:33:08+00:00","og_image":[{"width":1200,"height":600,"url":"https:\/\/radioportoseguro.com.br\/site\/wp-content\/uploads\/2026\/01\/3937516415-lua-de-sangue-anel-de-fogo.png","type":"image\/png"}],"author":"admin","twitter_card":"summary_large_image","twitter_misc":{"Escrito por":"admin","Est. tempo de leitura":"7 minutos"},"schema":{"@context":"https:\/\/schema.org","@graph":[{"@type":"Article","@id":"https:\/\/radioportoseguro.com.br\/site\/2026\/01\/15\/2026-tera-luas-de-sangue-eclipses-e-meteoros-o-que-dizem-estudiosos-da-biblia\/#article","isPartOf":{"@id":"https:\/\/radioportoseguro.com.br\/site\/2026\/01\/15\/2026-tera-luas-de-sangue-eclipses-e-meteoros-o-que-dizem-estudiosos-da-biblia\/"},"author":{"name":"admin","@id":"https:\/\/radioportoseguro.com.br\/site\/#\/schema\/person\/7630acdc320186f13639d3c067ec089b"},"headline":"2026 ter\u00e1 luas de sangue, eclipses e meteoros: O que dizem estudiosos da B\u00edblia?","datePublished":"2026-01-16T00:33:08+00:00","mainEntityOfPage":{"@id":"https:\/\/radioportoseguro.com.br\/site\/2026\/01\/15\/2026-tera-luas-de-sangue-eclipses-e-meteoros-o-que-dizem-estudiosos-da-biblia\/"},"wordCount":1396,"commentCount":0,"image":{"@id":"https:\/\/radioportoseguro.com.br\/site\/2026\/01\/15\/2026-tera-luas-de-sangue-eclipses-e-meteoros-o-que-dizem-estudiosos-da-biblia\/#primaryimage"},"thumbnailUrl":"https:\/\/radioportoseguro.com.br\/site\/wp-content\/uploads\/2026\/01\/3937516415-lua-de-sangue-anel-de-fogo.png","articleSection":["Destaques"],"inLanguage":"pt-BR","potentialAction":[{"@type":"CommentAction","name":"Comment","target":["https:\/\/radioportoseguro.com.br\/site\/2026\/01\/15\/2026-tera-luas-de-sangue-eclipses-e-meteoros-o-que-dizem-estudiosos-da-biblia\/#respond"]}]},{"@type":"WebPage","@id":"https:\/\/radioportoseguro.com.br\/site\/2026\/01\/15\/2026-tera-luas-de-sangue-eclipses-e-meteoros-o-que-dizem-estudiosos-da-biblia\/","url":"https:\/\/radioportoseguro.com.br\/site\/2026\/01\/15\/2026-tera-luas-de-sangue-eclipses-e-meteoros-o-que-dizem-estudiosos-da-biblia\/","name":"2026 ter\u00e1 luas de sangue, eclipses e meteoros: O que dizem estudiosos da B\u00edblia? - R\u00e1dio Porto Seguro","isPartOf":{"@id":"https:\/\/radioportoseguro.com.br\/site\/#website"},"primaryImageOfPage":{"@id":"https:\/\/radioportoseguro.com.br\/site\/2026\/01\/15\/2026-tera-luas-de-sangue-eclipses-e-meteoros-o-que-dizem-estudiosos-da-biblia\/#primaryimage"},"image":{"@id":"https:\/\/radioportoseguro.com.br\/site\/2026\/01\/15\/2026-tera-luas-de-sangue-eclipses-e-meteoros-o-que-dizem-estudiosos-da-biblia\/#primaryimage"},"thumbnailUrl":"https:\/\/radioportoseguro.com.br\/site\/wp-content\/uploads\/2026\/01\/3937516415-lua-de-sangue-anel-de-fogo.png","datePublished":"2026-01-16T00:33:08+00:00","author":{"@id":"https:\/\/radioportoseguro.com.br\/site\/#\/schema\/person\/7630acdc320186f13639d3c067ec089b"},"breadcrumb":{"@id":"https:\/\/radioportoseguro.com.br\/site\/2026\/01\/15\/2026-tera-luas-de-sangue-eclipses-e-meteoros-o-que-dizem-estudiosos-da-biblia\/#breadcrumb"},"inLanguage":"pt-BR","potentialAction":[{"@type":"ReadAction","target":["https:\/\/radioportoseguro.com.br\/site\/2026\/01\/15\/2026-tera-luas-de-sangue-eclipses-e-meteoros-o-que-dizem-estudiosos-da-biblia\/"]}]},{"@type":"ImageObject","inLanguage":"pt-BR","@id":"https:\/\/radioportoseguro.com.br\/site\/2026\/01\/15\/2026-tera-luas-de-sangue-eclipses-e-meteoros-o-que-dizem-estudiosos-da-biblia\/#primaryimage","url":"https:\/\/radioportoseguro.com.br\/site\/wp-content\/uploads\/2026\/01\/3937516415-lua-de-sangue-anel-de-fogo.png","contentUrl":"https:\/\/radioportoseguro.com.br\/site\/wp-content\/uploads\/2026\/01\/3937516415-lua-de-sangue-anel-de-fogo.png","width":1200,"height":600},{"@type":"BreadcrumbList","@id":"https:\/\/radioportoseguro.com.br\/site\/2026\/01\/15\/2026-tera-luas-de-sangue-eclipses-e-meteoros-o-que-dizem-estudiosos-da-biblia\/#breadcrumb","itemListElement":[{"@type":"ListItem","position":1,"name":"In\u00edcio","item":"https:\/\/radioportoseguro.com.br\/site\/"},{"@type":"ListItem","position":2,"name":"2026 ter\u00e1 luas de sangue, eclipses e meteoros: O que dizem estudiosos da B\u00edblia?"}]},{"@type":"WebSite","@id":"https:\/\/radioportoseguro.com.br\/site\/#website","url":"https:\/\/radioportoseguro.com.br\/site\/","name":"R\u00e1dio Porto Seguro","description":"","potentialAction":[{"@type":"SearchAction","target":{"@type":"EntryPoint","urlTemplate":"https:\/\/radioportoseguro.com.br\/site\/?s={search_term_string}"},"query-input":{"@type":"PropertyValueSpecification","valueRequired":true,"valueName":"search_term_string"}}],"inLanguage":"pt-BR"},{"@type":"Person","@id":"https:\/\/radioportoseguro.com.br\/site\/#\/schema\/person\/7630acdc320186f13639d3c067ec089b","name":"admin","image":{"@type":"ImageObject","inLanguage":"pt-BR","@id":"https:\/\/radioportoseguro.com.br\/site\/#\/schema\/person\/image\/","url":"https:\/\/secure.gravatar.com\/avatar\/caacf4dc1eedb68fab0df8e1ed46c448e578b2466351bbcb61e47d2ac0caaef0?s=96&d=mm&r=g","contentUrl":"https:\/\/secure.gravatar.com\/avatar\/caacf4dc1eedb68fab0df8e1ed46c448e578b2466351bbcb61e47d2ac0caaef0?s=96&d=mm&r=g","caption":"admin"},"sameAs":["https:\/\/radioportoseguro.com.br\/site"],"url":"https:\/\/radioportoseguro.com.br\/site\/author\/hezio\/"}]}},"_links":{"self":[{"href":"https:\/\/radioportoseguro.com.br\/site\/wp-json\/wp\/v2\/posts\/2948","targetHints":{"allow":["GET"]}}],"collection":[{"href":"https:\/\/radioportoseguro.com.br\/site\/wp-json\/wp\/v2\/posts"}],"about":[{"href":"https:\/\/radioportoseguro.com.br\/site\/wp-json\/wp\/v2\/types\/post"}],"author":[{"embeddable":true,"href":"https:\/\/radioportoseguro.com.br\/site\/wp-json\/wp\/v2\/users\/1"}],"replies":[{"embeddable":true,"href":"https:\/\/radioportoseguro.com.br\/site\/wp-json\/wp\/v2\/comments?post=2948"}],"version-history":[{"count":0,"href":"https:\/\/radioportoseguro.com.br\/site\/wp-json\/wp\/v2\/posts\/2948\/revisions"}],"wp:featuredmedia":[{"embeddable":true,"href":"https:\/\/radioportoseguro.com.br\/site\/wp-json\/wp\/v2\/media\/2949"}],"wp:attachment":[{"href":"https:\/\/radioportoseguro.com.br\/site\/wp-json\/wp\/v2\/media?parent=2948"}],"wp:term":[{"taxonomy":"category","embeddable":true,"href":"https:\/\/radioportoseguro.com.br\/site\/wp-json\/wp\/v2\/categories?post=2948"},{"taxonomy":"post_tag","embeddable":true,"href":"https:\/\/radioportoseguro.com.br\/site\/wp-json\/wp\/v2\/tags?post=2948"}],"curies":[{"name":"wp","href":"https:\/\/api.w.org\/{rel}","templated":true}]}}