{"id":3084,"date":"2026-01-17T00:15:44","date_gmt":"2026-01-17T03:15:44","guid":{"rendered":"https:\/\/radioportoseguro.com.br\/site\/2026\/01\/17\/missionarios-celebram-primeiras-conversoes-apos-5-anos-em-aldeia-na-asia-nao-desistimos\/"},"modified":"2026-01-17T00:15:44","modified_gmt":"2026-01-17T03:15:44","slug":"missionarios-celebram-primeiras-conversoes-apos-5-anos-em-aldeia-na-asia-nao-desistimos","status":"publish","type":"post","link":"https:\/\/radioportoseguro.com.br\/site\/2026\/01\/17\/missionarios-celebram-primeiras-conversoes-apos-5-anos-em-aldeia-na-asia-nao-desistimos\/","title":{"rendered":"Mission\u00e1rios celebram primeiras convers\u00f5es ap\u00f3s 5 anos em aldeia na \u00c1sia: \u201cN\u00e3o desistimos\u201d"},"content":{"rendered":"<p><br \/>\n<\/p>\n<div>\n<p><span style=\"font-weight: 400;\">Ap\u00f3s cinco anos de trabalho cont\u00ednuo, mission\u00e1rios que atuam no <\/span><span style=\"color: #993300;\"><strong>Sudeste Asi\u00e1tico<\/strong> <\/span><span style=\"font-weight: 400;\">celebraram as primeiras convers\u00f5es ao cristianismo em uma aldeia remota.\u00a0<\/span><\/p>\n<p><span style=\"font-weight: 400;\">Edward e Terri Janklow, do <\/span><span style=\"color: #993300;\"><strong>Conselho de Miss\u00f5es Internacionais<\/strong><\/span><span style=\"font-weight: 400;\"> (IMB), passaram 20 anos evangelizando grupos \u00e9tnicos n\u00e3o alcan\u00e7ados, conhecidos pela forte resist\u00eancia ao Evangelho.<\/span><\/p>\n<p><span style=\"font-weight: 400;\">A primeira pessoa da aldeia a entregar a vida a Cristo foi Mya, que conheceu os mission\u00e1rios ainda crian\u00e7a. Quando eles chegaram \u00e0 regi\u00e3o, ela tinha 12 anos e nunca havia ouvido falar de Jesus.\u00a0<\/span><\/p>\n<p><span style=\"font-weight: 400;\">Na \u00e9poca, nem mesmo l\u00edderes crist\u00e3os locais acreditavam que ainda existiam comunidades no pa\u00eds que nunca tivessem sido alcan\u00e7adas pelo Evangelho.<\/span><\/p>\n<p><span style=\"font-weight: 400;\">Ent\u00e3o, quando um pastor visitou a regi\u00e3o pr\u00f3xima \u00e0 aldeia de Mya, essa realidade ficou evidente:<\/span><\/p>\n<p><span style=\"font-weight: 400;\">\u201cEst\u00e1vamos sentados conversando com uma mulher e perguntamos a ela: &#8216;Voc\u00ea j\u00e1 ouviu falar de Jesus?&#8217;. E ela respondeu: &#8216;Nunca estive nessa aldeia&#8217;. Ela pensava que Jesus era o nome de uma comunidade\u201d, disse Edward ao IMB.<\/span><\/p>\n<p><span style=\"font-weight: 400;\">Durante os primeiros anos do trabalho evangel\u00edstico local, as pessoas ouviam o Evangelho com profundo desinteresse. No entanto, apesar da resist\u00eancia, Mya demonstrava curiosidade.\u00a0<\/span><\/p>\n<p style=\"text-align: center;\"><br \/><sup><span style=\"font-weight: 400; color: #808080;\">Edward e Terri Janklow. (Foto: Reprodu\u00e7\u00e3o\/IMB)<\/span><\/sup><\/p>\n<p><span style=\"font-weight: 400;\">Ela acompanhava os mission\u00e1rios, ouvia as hist\u00f3rias b\u00edblicas e at\u00e9 ajudava a traduzi-las, embora ainda estivesse determinada a seguir o budismo. At\u00e9 que, um dia, Mya orou a Deus e pediu uma cal\u00e7a jeans.<\/span><\/p>\n<p><span style=\"font-weight: 400;\">\u201cN\u00e3o \u00e9 nada parecido com o Evangelho que pregamos, mas sinto que Deus olhou para voc\u00ea e disse: &#8216;Voc\u00ea \u00e9 a primeira pessoa aqui a falar comigo. Se voc\u00ea precisa de uma cal\u00e7a jeans para saber que eu sou o Deus Vivo, isso \u00e9 f\u00e1cil para mim providenciar&#8217;\u201d, relatou Edward.\u00a0<\/span><\/p>\n<p><span style=\"font-weight: 400;\">Apesar de ter ido comprar a cal\u00e7a no mesmo dia com o pai, Mya ainda n\u00e3o se rendeu a Jesus.\u00a0<\/span><\/p>\n<p><strong>Anos de trabalho evangel\u00edstico no local<\/strong><\/p>\n<p><span style=\"font-weight: 400;\">Quando os Janklows voltaram aos Estados Unidos para seu primeiro per\u00edodo de f\u00e9rias, ningu\u00e9m havia se convertido ao cristianismo em quatro anos. Antes de retornarem ao Sudeste Asi\u00e1tico, pediram \u00e0s suas igrejas que orassem enquanto eles trabalhavam para que o primeiro crente se convertesse.\u00a0<\/span><\/p>\n<p><span style=\"font-weight: 400;\">No ano seguinte, Mya terminou o ensino m\u00e9dio e concordou em estudar em uma escola b\u00edblica para aprender ingl\u00eas e, durante esse per\u00edodo, ela reconheceu seus pecados e a necessidade de um Salvador.\u00a0<\/span><\/p>\n<p><span style=\"font-weight: 400;\">\u201cLevou cinco anos para que a primeira pessoa se tornasse crente durante nosso tempo em campo. Teria sido t\u00e3o f\u00e1cil desistir depois de quatro anos, mas pela gra\u00e7a de Deus n\u00e3o desistimos\u201d, afirmou Terri.\u00a0<\/span><\/p>\n<p><span style=\"font-weight: 400;\">Segundo o casal, eles enfrentaram muitos momentos desafiadores, pois o trabalho era dif\u00edcil e lento.\u00a0<\/span><\/p>\n<p><span style=\"font-weight: 400;\">Para chegar \u00e0s aldeias, se n\u00e3o houvesse estradas de carro, eles precisam pegar um trem, descer na esta\u00e7\u00e3o mais pr\u00f3xima e caminhar o resto do caminho.\u00a0<\/span><\/p>\n<p><span style=\"font-weight: 400;\">Embora algumas pessoas tivessem aceitado Jesus, muitas vezes enfrentavam persegui\u00e7\u00e3o e eram for\u00e7adas a deixar suas aldeias. Nenhuma igreja foi formada. Nesse per\u00edodo, os mission\u00e1rios lutavam para entender como Deus estava agindo.\u00a0<\/span><\/p>\n<p><span style=\"font-weight: 400;\">Depois de conhecer a hist\u00f3ria de Mya, o pastor passou a enviar, todos os anos, equipes de sua igreja para compartilhar o Evangelho na regi\u00e3o. Ap\u00f3s concluir os estudos, Mya se tornou mission\u00e1ria entre o seu pr\u00f3prio povo.<\/span><\/p>\n<p><strong>Evangelistas entre o seu pr\u00f3prio povo<\/strong><\/p>\n<p><span style=\"font-weight: 400;\">Um dos maiores pedidos de ora\u00e7\u00e3o era pela convers\u00e3o do pai de Mya, o Sr. Lin, um homem respeitado na comunidade que sempre acompanhava os mission\u00e1rios em suas visitas. Durante anos, ele ouvia o Evangelho, mas respondia apenas: \u201cTalvez um dia\u201d.<\/span><\/p>\n<p><span style=\"font-weight: 400;\">Com o passar dos anos, ele come\u00e7ou a ser atra\u00eddo por Deus e parou de fazer sacrif\u00edcios a Buda. Parou de fumar e come\u00e7ou a ouvir louvor. Ent\u00e3o, depois de 18 anos, ele se rendeu a Jesus.<\/span><\/p>\n<p><span style=\"font-weight: 400;\">\u201cPouco antes de nos mudarmos para o Sudeste Asi\u00e1tico, descobrimos que est\u00e1vamos esperando nosso primeiro filho. Criar um filho at\u00e9 a idade adulta e ver o Sr. Lin crer em Deus levou o mesmo tempo\u201d, contou Edward.\u00a0\u00a0<\/span><\/p>\n<p style=\"text-align: center;\"><img decoding=\"async\" src=\"https:\/\/thumbor.guiame.com.br\/unsafe\/smart\/https:\/\/media.guiame.com.br\/archives\/2026\/01\/15\/2842449149-.jpg\" alt=\"\" width=\"600\"\/><br \/><sup><span style=\"font-weight: 400; color: #808080;\">Mya indo pregar ao seu povo. (Foto: Reprodu\u00e7\u00e3o\/IMB)<\/span><\/sup><\/p>\n<p><span style=\"font-weight: 400;\">O Sr. Lin foi batizado enquanto uma equipe da igreja da fam\u00edlia Janklow estava no local: \u201cEles fizeram um v\u00eddeo. E quando voltaram e o exibiram no domingo de manh\u00e3 na igreja e todos aplaudiram porque eles haviam orado tanto conosco pelo Sr. Lin\u201d, afirmou Terri.\u00a0<\/span><\/p>\n<p><span style=\"font-weight: 400;\">Hoje, Mya e seu pai \u2014 os primeiros crist\u00e3ios da aldeia \u2014 pregam o Evangelho juntos em sua pr\u00f3pria comunidade.\u00a0<\/span><\/p>\n<p><span style=\"font-weight: 400;\">Para os mission\u00e1rios, a hist\u00f3ria \u00e9 uma prova do tempo e da fidelidade de Deus. \u201cO que teria acontecido se tiv\u00e9ssemos desistido depois de quatro ou quinze anos? N\u00e3o desistimos, e valeu a pena\u201d, conclu\u00edram.<\/span><\/p>\n<p><em><span style=\"font-weight: 400;\">*Alguns nomes foram alterados por motivos de seguran\u00e7a. \u00a0 <\/span><\/em><\/p>\n<\/div>\n<p><br \/>\n<br \/>Fonte: Guiame <\/p>\n","protected":false},"excerpt":{"rendered":"<p>Ap\u00f3s cinco anos de trabalho cont\u00ednuo, mission\u00e1rios que atuam no Sudeste Asi\u00e1tico celebraram as primeiras convers\u00f5es ao cristianismo em uma aldeia remota.\u00a0 Edward e Terri Janklow, do Conselho de Miss\u00f5es Internacionais (IMB), passaram 20 anos evangelizando grupos \u00e9tnicos n\u00e3o alcan\u00e7ados, conhecidos pela forte resist\u00eancia ao Evangelho. A primeira pessoa da aldeia a entregar a vida [&hellip;]<\/p>\n","protected":false},"author":1,"featured_media":3085,"comment_status":"","ping_status":"open","sticky":false,"template":"","format":"standard","meta":{"footnotes":""},"categories":[43],"tags":[],"class_list":["post-3084","post","type-post","status-publish","format-standard","has-post-thumbnail","hentry","category-destaques"],"yoast_head":"<!-- This site is optimized with the Yoast SEO plugin v26.8 - https:\/\/yoast.com\/product\/yoast-seo-wordpress\/ -->\n<title>Mission\u00e1rios celebram primeiras convers\u00f5es ap\u00f3s 5 anos em aldeia na \u00c1sia: \u201cN\u00e3o desistimos\u201d - R\u00e1dio Porto Seguro<\/title>\n<meta name=\"robots\" content=\"index, follow, max-snippet:-1, max-image-preview:large, max-video-preview:-1\" \/>\n<link rel=\"canonical\" href=\"https:\/\/radioportoseguro.com.br\/site\/2026\/01\/17\/missionarios-celebram-primeiras-conversoes-apos-5-anos-em-aldeia-na-asia-nao-desistimos\/\" \/>\n<meta property=\"og:locale\" content=\"pt_BR\" \/>\n<meta property=\"og:type\" content=\"article\" \/>\n<meta property=\"og:title\" content=\"Mission\u00e1rios celebram primeiras convers\u00f5es ap\u00f3s 5 anos em aldeia na \u00c1sia: \u201cN\u00e3o desistimos\u201d - R\u00e1dio Porto Seguro\" \/>\n<meta property=\"og:description\" content=\"Ap\u00f3s cinco anos de trabalho cont\u00ednuo, mission\u00e1rios que atuam no Sudeste Asi\u00e1tico celebraram as primeiras convers\u00f5es ao cristianismo em uma aldeia remota.\u00a0 Edward e Terri Janklow, do Conselho de Miss\u00f5es Internacionais (IMB), passaram 20 anos evangelizando grupos \u00e9tnicos n\u00e3o alcan\u00e7ados, conhecidos pela forte resist\u00eancia ao Evangelho. A primeira pessoa da aldeia a entregar a vida [&hellip;]\" \/>\n<meta property=\"og:url\" content=\"https:\/\/radioportoseguro.com.br\/site\/2026\/01\/17\/missionarios-celebram-primeiras-conversoes-apos-5-anos-em-aldeia-na-asia-nao-desistimos\/\" \/>\n<meta property=\"og:site_name\" content=\"R\u00e1dio Porto Seguro\" \/>\n<meta property=\"article:published_time\" content=\"2026-01-17T03:15:44+00:00\" \/>\n<meta property=\"og:image\" content=\"https:\/\/radioportoseguro.com.br\/site\/wp-content\/uploads\/2026\/01\/434899287-crentes-locais.jpeg\" \/>\n\t<meta property=\"og:image:width\" content=\"1200\" \/>\n\t<meta property=\"og:image:height\" content=\"600\" \/>\n\t<meta property=\"og:image:type\" content=\"image\/jpeg\" \/>\n<meta name=\"author\" content=\"admin\" \/>\n<meta name=\"twitter:card\" content=\"summary_large_image\" \/>\n<meta name=\"twitter:label1\" content=\"Escrito por\" \/>\n\t<meta name=\"twitter:data1\" content=\"admin\" \/>\n\t<meta name=\"twitter:label2\" content=\"Est. tempo de leitura\" \/>\n\t<meta name=\"twitter:data2\" content=\"4 minutos\" \/>\n<script type=\"application\/ld+json\" class=\"yoast-schema-graph\">{\"@context\":\"https:\/\/schema.org\",\"@graph\":[{\"@type\":\"Article\",\"@id\":\"https:\/\/radioportoseguro.com.br\/site\/2026\/01\/17\/missionarios-celebram-primeiras-conversoes-apos-5-anos-em-aldeia-na-asia-nao-desistimos\/#article\",\"isPartOf\":{\"@id\":\"https:\/\/radioportoseguro.com.br\/site\/2026\/01\/17\/missionarios-celebram-primeiras-conversoes-apos-5-anos-em-aldeia-na-asia-nao-desistimos\/\"},\"author\":{\"name\":\"admin\",\"@id\":\"https:\/\/radioportoseguro.com.br\/site\/#\/schema\/person\/7630acdc320186f13639d3c067ec089b\"},\"headline\":\"Mission\u00e1rios celebram primeiras convers\u00f5es ap\u00f3s 5 anos em aldeia na \u00c1sia: \u201cN\u00e3o desistimos\u201d\",\"datePublished\":\"2026-01-17T03:15:44+00:00\",\"mainEntityOfPage\":{\"@id\":\"https:\/\/radioportoseguro.com.br\/site\/2026\/01\/17\/missionarios-celebram-primeiras-conversoes-apos-5-anos-em-aldeia-na-asia-nao-desistimos\/\"},\"wordCount\":846,\"image\":{\"@id\":\"https:\/\/radioportoseguro.com.br\/site\/2026\/01\/17\/missionarios-celebram-primeiras-conversoes-apos-5-anos-em-aldeia-na-asia-nao-desistimos\/#primaryimage\"},\"thumbnailUrl\":\"https:\/\/radioportoseguro.com.br\/site\/wp-content\/uploads\/2026\/01\/434899287-crentes-locais.jpeg\",\"articleSection\":[\"Destaques\"],\"inLanguage\":\"pt-BR\"},{\"@type\":\"WebPage\",\"@id\":\"https:\/\/radioportoseguro.com.br\/site\/2026\/01\/17\/missionarios-celebram-primeiras-conversoes-apos-5-anos-em-aldeia-na-asia-nao-desistimos\/\",\"url\":\"https:\/\/radioportoseguro.com.br\/site\/2026\/01\/17\/missionarios-celebram-primeiras-conversoes-apos-5-anos-em-aldeia-na-asia-nao-desistimos\/\",\"name\":\"Mission\u00e1rios celebram primeiras convers\u00f5es ap\u00f3s 5 anos em aldeia na \u00c1sia: \u201cN\u00e3o desistimos\u201d - R\u00e1dio Porto Seguro\",\"isPartOf\":{\"@id\":\"https:\/\/radioportoseguro.com.br\/site\/#website\"},\"primaryImageOfPage\":{\"@id\":\"https:\/\/radioportoseguro.com.br\/site\/2026\/01\/17\/missionarios-celebram-primeiras-conversoes-apos-5-anos-em-aldeia-na-asia-nao-desistimos\/#primaryimage\"},\"image\":{\"@id\":\"https:\/\/radioportoseguro.com.br\/site\/2026\/01\/17\/missionarios-celebram-primeiras-conversoes-apos-5-anos-em-aldeia-na-asia-nao-desistimos\/#primaryimage\"},\"thumbnailUrl\":\"https:\/\/radioportoseguro.com.br\/site\/wp-content\/uploads\/2026\/01\/434899287-crentes-locais.jpeg\",\"datePublished\":\"2026-01-17T03:15:44+00:00\",\"author\":{\"@id\":\"https:\/\/radioportoseguro.com.br\/site\/#\/schema\/person\/7630acdc320186f13639d3c067ec089b\"},\"breadcrumb\":{\"@id\":\"https:\/\/radioportoseguro.com.br\/site\/2026\/01\/17\/missionarios-celebram-primeiras-conversoes-apos-5-anos-em-aldeia-na-asia-nao-desistimos\/#breadcrumb\"},\"inLanguage\":\"pt-BR\",\"potentialAction\":[{\"@type\":\"ReadAction\",\"target\":[\"https:\/\/radioportoseguro.com.br\/site\/2026\/01\/17\/missionarios-celebram-primeiras-conversoes-apos-5-anos-em-aldeia-na-asia-nao-desistimos\/\"]}]},{\"@type\":\"ImageObject\",\"inLanguage\":\"pt-BR\",\"@id\":\"https:\/\/radioportoseguro.com.br\/site\/2026\/01\/17\/missionarios-celebram-primeiras-conversoes-apos-5-anos-em-aldeia-na-asia-nao-desistimos\/#primaryimage\",\"url\":\"https:\/\/radioportoseguro.com.br\/site\/wp-content\/uploads\/2026\/01\/434899287-crentes-locais.jpeg\",\"contentUrl\":\"https:\/\/radioportoseguro.com.br\/site\/wp-content\/uploads\/2026\/01\/434899287-crentes-locais.jpeg\",\"width\":1200,\"height\":600},{\"@type\":\"BreadcrumbList\",\"@id\":\"https:\/\/radioportoseguro.com.br\/site\/2026\/01\/17\/missionarios-celebram-primeiras-conversoes-apos-5-anos-em-aldeia-na-asia-nao-desistimos\/#breadcrumb\",\"itemListElement\":[{\"@type\":\"ListItem\",\"position\":1,\"name\":\"In\u00edcio\",\"item\":\"https:\/\/radioportoseguro.com.br\/site\/\"},{\"@type\":\"ListItem\",\"position\":2,\"name\":\"Mission\u00e1rios celebram primeiras convers\u00f5es ap\u00f3s 5 anos em aldeia na \u00c1sia: \u201cN\u00e3o desistimos\u201d\"}]},{\"@type\":\"WebSite\",\"@id\":\"https:\/\/radioportoseguro.com.br\/site\/#website\",\"url\":\"https:\/\/radioportoseguro.com.br\/site\/\",\"name\":\"R\u00e1dio Porto Seguro\",\"description\":\"\",\"potentialAction\":[{\"@type\":\"SearchAction\",\"target\":{\"@type\":\"EntryPoint\",\"urlTemplate\":\"https:\/\/radioportoseguro.com.br\/site\/?s={search_term_string}\"},\"query-input\":{\"@type\":\"PropertyValueSpecification\",\"valueRequired\":true,\"valueName\":\"search_term_string\"}}],\"inLanguage\":\"pt-BR\"},{\"@type\":\"Person\",\"@id\":\"https:\/\/radioportoseguro.com.br\/site\/#\/schema\/person\/7630acdc320186f13639d3c067ec089b\",\"name\":\"admin\",\"image\":{\"@type\":\"ImageObject\",\"inLanguage\":\"pt-BR\",\"@id\":\"https:\/\/radioportoseguro.com.br\/site\/#\/schema\/person\/image\/\",\"url\":\"https:\/\/secure.gravatar.com\/avatar\/caacf4dc1eedb68fab0df8e1ed46c448e578b2466351bbcb61e47d2ac0caaef0?s=96&d=mm&r=g\",\"contentUrl\":\"https:\/\/secure.gravatar.com\/avatar\/caacf4dc1eedb68fab0df8e1ed46c448e578b2466351bbcb61e47d2ac0caaef0?s=96&d=mm&r=g\",\"caption\":\"admin\"},\"sameAs\":[\"https:\/\/radioportoseguro.com.br\/site\"],\"url\":\"https:\/\/radioportoseguro.com.br\/site\/author\/hezio\/\"}]}<\/script>\n<!-- \/ Yoast SEO plugin. -->","yoast_head_json":{"title":"Mission\u00e1rios celebram primeiras convers\u00f5es ap\u00f3s 5 anos em aldeia na \u00c1sia: \u201cN\u00e3o desistimos\u201d - R\u00e1dio Porto Seguro","robots":{"index":"index","follow":"follow","max-snippet":"max-snippet:-1","max-image-preview":"max-image-preview:large","max-video-preview":"max-video-preview:-1"},"canonical":"https:\/\/radioportoseguro.com.br\/site\/2026\/01\/17\/missionarios-celebram-primeiras-conversoes-apos-5-anos-em-aldeia-na-asia-nao-desistimos\/","og_locale":"pt_BR","og_type":"article","og_title":"Mission\u00e1rios celebram primeiras convers\u00f5es ap\u00f3s 5 anos em aldeia na \u00c1sia: \u201cN\u00e3o desistimos\u201d - R\u00e1dio Porto Seguro","og_description":"Ap\u00f3s cinco anos de trabalho cont\u00ednuo, mission\u00e1rios que atuam no Sudeste Asi\u00e1tico celebraram as primeiras convers\u00f5es ao cristianismo em uma aldeia remota.\u00a0 Edward e Terri Janklow, do Conselho de Miss\u00f5es Internacionais (IMB), passaram 20 anos evangelizando grupos \u00e9tnicos n\u00e3o alcan\u00e7ados, conhecidos pela forte resist\u00eancia ao Evangelho. A primeira pessoa da aldeia a entregar a vida [&hellip;]","og_url":"https:\/\/radioportoseguro.com.br\/site\/2026\/01\/17\/missionarios-celebram-primeiras-conversoes-apos-5-anos-em-aldeia-na-asia-nao-desistimos\/","og_site_name":"R\u00e1dio Porto Seguro","article_published_time":"2026-01-17T03:15:44+00:00","og_image":[{"width":1200,"height":600,"url":"https:\/\/radioportoseguro.com.br\/site\/wp-content\/uploads\/2026\/01\/434899287-crentes-locais.jpeg","type":"image\/jpeg"}],"author":"admin","twitter_card":"summary_large_image","twitter_misc":{"Escrito por":"admin","Est. tempo de leitura":"4 minutos"},"schema":{"@context":"https:\/\/schema.org","@graph":[{"@type":"Article","@id":"https:\/\/radioportoseguro.com.br\/site\/2026\/01\/17\/missionarios-celebram-primeiras-conversoes-apos-5-anos-em-aldeia-na-asia-nao-desistimos\/#article","isPartOf":{"@id":"https:\/\/radioportoseguro.com.br\/site\/2026\/01\/17\/missionarios-celebram-primeiras-conversoes-apos-5-anos-em-aldeia-na-asia-nao-desistimos\/"},"author":{"name":"admin","@id":"https:\/\/radioportoseguro.com.br\/site\/#\/schema\/person\/7630acdc320186f13639d3c067ec089b"},"headline":"Mission\u00e1rios celebram primeiras convers\u00f5es ap\u00f3s 5 anos em aldeia na \u00c1sia: \u201cN\u00e3o desistimos\u201d","datePublished":"2026-01-17T03:15:44+00:00","mainEntityOfPage":{"@id":"https:\/\/radioportoseguro.com.br\/site\/2026\/01\/17\/missionarios-celebram-primeiras-conversoes-apos-5-anos-em-aldeia-na-asia-nao-desistimos\/"},"wordCount":846,"image":{"@id":"https:\/\/radioportoseguro.com.br\/site\/2026\/01\/17\/missionarios-celebram-primeiras-conversoes-apos-5-anos-em-aldeia-na-asia-nao-desistimos\/#primaryimage"},"thumbnailUrl":"https:\/\/radioportoseguro.com.br\/site\/wp-content\/uploads\/2026\/01\/434899287-crentes-locais.jpeg","articleSection":["Destaques"],"inLanguage":"pt-BR"},{"@type":"WebPage","@id":"https:\/\/radioportoseguro.com.br\/site\/2026\/01\/17\/missionarios-celebram-primeiras-conversoes-apos-5-anos-em-aldeia-na-asia-nao-desistimos\/","url":"https:\/\/radioportoseguro.com.br\/site\/2026\/01\/17\/missionarios-celebram-primeiras-conversoes-apos-5-anos-em-aldeia-na-asia-nao-desistimos\/","name":"Mission\u00e1rios celebram primeiras convers\u00f5es ap\u00f3s 5 anos em aldeia na \u00c1sia: \u201cN\u00e3o desistimos\u201d - R\u00e1dio Porto Seguro","isPartOf":{"@id":"https:\/\/radioportoseguro.com.br\/site\/#website"},"primaryImageOfPage":{"@id":"https:\/\/radioportoseguro.com.br\/site\/2026\/01\/17\/missionarios-celebram-primeiras-conversoes-apos-5-anos-em-aldeia-na-asia-nao-desistimos\/#primaryimage"},"image":{"@id":"https:\/\/radioportoseguro.com.br\/site\/2026\/01\/17\/missionarios-celebram-primeiras-conversoes-apos-5-anos-em-aldeia-na-asia-nao-desistimos\/#primaryimage"},"thumbnailUrl":"https:\/\/radioportoseguro.com.br\/site\/wp-content\/uploads\/2026\/01\/434899287-crentes-locais.jpeg","datePublished":"2026-01-17T03:15:44+00:00","author":{"@id":"https:\/\/radioportoseguro.com.br\/site\/#\/schema\/person\/7630acdc320186f13639d3c067ec089b"},"breadcrumb":{"@id":"https:\/\/radioportoseguro.com.br\/site\/2026\/01\/17\/missionarios-celebram-primeiras-conversoes-apos-5-anos-em-aldeia-na-asia-nao-desistimos\/#breadcrumb"},"inLanguage":"pt-BR","potentialAction":[{"@type":"ReadAction","target":["https:\/\/radioportoseguro.com.br\/site\/2026\/01\/17\/missionarios-celebram-primeiras-conversoes-apos-5-anos-em-aldeia-na-asia-nao-desistimos\/"]}]},{"@type":"ImageObject","inLanguage":"pt-BR","@id":"https:\/\/radioportoseguro.com.br\/site\/2026\/01\/17\/missionarios-celebram-primeiras-conversoes-apos-5-anos-em-aldeia-na-asia-nao-desistimos\/#primaryimage","url":"https:\/\/radioportoseguro.com.br\/site\/wp-content\/uploads\/2026\/01\/434899287-crentes-locais.jpeg","contentUrl":"https:\/\/radioportoseguro.com.br\/site\/wp-content\/uploads\/2026\/01\/434899287-crentes-locais.jpeg","width":1200,"height":600},{"@type":"BreadcrumbList","@id":"https:\/\/radioportoseguro.com.br\/site\/2026\/01\/17\/missionarios-celebram-primeiras-conversoes-apos-5-anos-em-aldeia-na-asia-nao-desistimos\/#breadcrumb","itemListElement":[{"@type":"ListItem","position":1,"name":"In\u00edcio","item":"https:\/\/radioportoseguro.com.br\/site\/"},{"@type":"ListItem","position":2,"name":"Mission\u00e1rios celebram primeiras convers\u00f5es ap\u00f3s 5 anos em aldeia na \u00c1sia: \u201cN\u00e3o desistimos\u201d"}]},{"@type":"WebSite","@id":"https:\/\/radioportoseguro.com.br\/site\/#website","url":"https:\/\/radioportoseguro.com.br\/site\/","name":"R\u00e1dio Porto Seguro","description":"","potentialAction":[{"@type":"SearchAction","target":{"@type":"EntryPoint","urlTemplate":"https:\/\/radioportoseguro.com.br\/site\/?s={search_term_string}"},"query-input":{"@type":"PropertyValueSpecification","valueRequired":true,"valueName":"search_term_string"}}],"inLanguage":"pt-BR"},{"@type":"Person","@id":"https:\/\/radioportoseguro.com.br\/site\/#\/schema\/person\/7630acdc320186f13639d3c067ec089b","name":"admin","image":{"@type":"ImageObject","inLanguage":"pt-BR","@id":"https:\/\/radioportoseguro.com.br\/site\/#\/schema\/person\/image\/","url":"https:\/\/secure.gravatar.com\/avatar\/caacf4dc1eedb68fab0df8e1ed46c448e578b2466351bbcb61e47d2ac0caaef0?s=96&d=mm&r=g","contentUrl":"https:\/\/secure.gravatar.com\/avatar\/caacf4dc1eedb68fab0df8e1ed46c448e578b2466351bbcb61e47d2ac0caaef0?s=96&d=mm&r=g","caption":"admin"},"sameAs":["https:\/\/radioportoseguro.com.br\/site"],"url":"https:\/\/radioportoseguro.com.br\/site\/author\/hezio\/"}]}},"_links":{"self":[{"href":"https:\/\/radioportoseguro.com.br\/site\/wp-json\/wp\/v2\/posts\/3084","targetHints":{"allow":["GET"]}}],"collection":[{"href":"https:\/\/radioportoseguro.com.br\/site\/wp-json\/wp\/v2\/posts"}],"about":[{"href":"https:\/\/radioportoseguro.com.br\/site\/wp-json\/wp\/v2\/types\/post"}],"author":[{"embeddable":true,"href":"https:\/\/radioportoseguro.com.br\/site\/wp-json\/wp\/v2\/users\/1"}],"replies":[{"embeddable":true,"href":"https:\/\/radioportoseguro.com.br\/site\/wp-json\/wp\/v2\/comments?post=3084"}],"version-history":[{"count":0,"href":"https:\/\/radioportoseguro.com.br\/site\/wp-json\/wp\/v2\/posts\/3084\/revisions"}],"wp:featuredmedia":[{"embeddable":true,"href":"https:\/\/radioportoseguro.com.br\/site\/wp-json\/wp\/v2\/media\/3085"}],"wp:attachment":[{"href":"https:\/\/radioportoseguro.com.br\/site\/wp-json\/wp\/v2\/media?parent=3084"}],"wp:term":[{"taxonomy":"category","embeddable":true,"href":"https:\/\/radioportoseguro.com.br\/site\/wp-json\/wp\/v2\/categories?post=3084"},{"taxonomy":"post_tag","embeddable":true,"href":"https:\/\/radioportoseguro.com.br\/site\/wp-json\/wp\/v2\/tags?post=3084"}],"curies":[{"name":"wp","href":"https:\/\/api.w.org\/{rel}","templated":true}]}}