{"id":3088,"date":"2026-01-17T04:22:06","date_gmt":"2026-01-17T07:22:06","guid":{"rendered":"https:\/\/radioportoseguro.com.br\/site\/2026\/01\/17\/de-ateu-a-teologo-tassos-lycurgo-diz-que-passou-a-crer-em-deus-apos-perder-filha\/"},"modified":"2026-01-17T04:22:06","modified_gmt":"2026-01-17T07:22:06","slug":"de-ateu-a-teologo-tassos-lycurgo-diz-que-passou-a-crer-em-deus-apos-perder-filha","status":"publish","type":"post","link":"https:\/\/radioportoseguro.com.br\/site\/2026\/01\/17\/de-ateu-a-teologo-tassos-lycurgo-diz-que-passou-a-crer-em-deus-apos-perder-filha\/","title":{"rendered":"De ateu a te\u00f3logo: Tassos Lycurgo diz que passou a crer em Deus ap\u00f3s perder filha"},"content":{"rendered":"<p><br \/>\n<br \/><\/p>\n<div>\n<p><span style=\"font-weight: 400;\">Tassos Lycurgo \u00e9 um relevante te\u00f3logo e <\/span><span style=\"color: #800000;\"><strong>apologista<\/strong><\/span><span style=\"font-weight: 400;\"> crist\u00e3o, mas nem sempre foi assim. O professor que hoje faz a defesa da f\u00e9 crist\u00e3 j\u00e1 foi um <\/span><span style=\"color: #800000;\"><strong>ateu<\/strong><\/span><span style=\"font-weight: 400;\"> convicto.<\/span><\/p>\n<p><span style=\"font-weight: 400;\">Lycurgo contou como passou a crer em Deus em um dos momentos mais dif\u00edceis de sua vida, durante participa\u00e7\u00e3o no + Forte PodCast com Karina Bacchi.<\/span><\/p>\n<p><span style=\"font-weight: 400;\">\u201cEu era ateu por quest\u00f5es intelectuais. Achava que a cosmovis\u00e3o crist\u00e3 n\u00e3o era a vis\u00e3o de mundo que mais bem representava a realidade. Ent\u00e3o o meu ate\u00edsmo era de \u00edndole intelectual, n\u00e3o era aquele ateu que tem raiva do crente\u201d, disse Tassos.<\/span><\/p>\n<p><span style=\"font-weight: 400;\">Ele nasceu em uma fam\u00edlia cat\u00f3lica n\u00e3o praticante e estudou em um col\u00e9gio cat\u00f3lico. \u201cA minha experi\u00eancia foi maravilhosa na escola, mas as freiras n\u00e3o davam respostas \u00e0s quest\u00f5es mais profundas da origem do universo, da confiabilidade da B\u00edblia, das provas hist\u00f3ricas de Jesus Cristo\u201d, observou.<\/span><\/p>\n<p><span style=\"font-weight: 400;\">\u201cDesde crian\u00e7a comecei a questionar sobre essas coisas, eu n\u00e3o encontrava respaldo intelectual naquele ambiente\u201d.<\/span><\/p>\n<p><span style=\"font-weight: 400;\">Tassos se tornou adulto e continuou no ate\u00edsmo. Ele casou com uma cat\u00f3lica praticante que passou a frequentar uma igreja evang\u00e9lica ap\u00f3s ver seu primeiro filho ser curado dentro de seu ventre.<\/span><\/p>\n<p><span style=\"font-weight: 400;\">\u201cMinha minha esposa ficou gr\u00e1vida e no [exame] transluc\u00eancia nucal deu uma altera\u00e7\u00e3o significativa e ela teve uma conversa com Deus: \u2018Se voc\u00ea curar o meu filho, eu vou ler a B\u00edblia e fazer tudo que tem na B\u00edblia\u2019\u201d, relatou o te\u00f3logo.<\/span><\/p>\n<p><span style=\"font-weight: 400;\">\u201cA crian\u00e7a veio absolutamente normal. Ent\u00e3o Deus operou esse milagre. A\u00ed a partir da\u00ed ela come\u00e7ou a estudar as Escrituras e come\u00e7ou a ir em uma igreja batista\u201d.<\/span><\/p>\n<p><strong>Lendo C.S. Lewis\u00a0<\/strong><\/p>\n<p><span style=\"font-weight: 400;\">Nessa \u00e9poca, a m\u00e3e de Tassos, que havia aceitado Jesus, passou a orar pela convers\u00e3o do filho e da nora.<\/span><\/p>\n<p><span style=\"font-weight: 400;\">Al\u00e9m disso, o ateu ganhou de presente o livro \u201cCristianismo Puro e Simples\u201d de C.S. Lewis e acabou se convencendo intelectualmente de que a f\u00e9 crist\u00e3 fazia sentido.<\/span><\/p>\n<p><span style=\"font-weight: 400;\">\u201cFiquei absolutamente impactado pela sofistica\u00e7\u00e3o do argumento. Ele n\u00e3o foge das quest\u00f5es profundas. Isso para mim foi algo novo na vis\u00e3o de mundo do cristianismo. N\u00e3o imaginava que existia algo assim. Ent\u00e3o, a partir daquele livro, eu comecei a ter acesso a uma literatura que eu n\u00e3o conhecia: Alvin Plantiga, Norman Geisler, William Lane Craig (apologetas)\u201d, lembrou.<\/span><\/p>\n<p><span style=\"font-weight: 400;\">Por\u00e9m, Tassos ainda n\u00e3o aceitou Jesus como seu Salvador. \u201cTodas essas pessoas me impactaram muito. Eu passei por um processo de convencimento, n\u00e3o de convers\u00e3o. Ent\u00e3o, intelectualmente eu passei a entender que havia sim viabilidade intelectual na cosmovis\u00e3o crist\u00e3\u201d, afirmou.<\/span><\/p>\n<p><span style=\"font-weight: 400;\">E ponderou: \u201cEu digo que o intelecto n\u00e3o converte ningu\u00e9m. O que ele faz \u00e9 limpar os obst\u00e1culos intelectuais que afastam o homem do Evangelho\u201d.<\/span><\/p>\n<p><strong>Enfrentando o luto<\/strong><\/p>\n<p><span style=\"font-weight: 400;\">O te\u00f3logo se rendeu a Cristo apenas mais tarde, ap\u00f3s enfrentar a perda de sua segunda filha.\u00a0<\/span><\/p>\n<p><span style=\"font-weight: 400;\">\u201cNossa filha Lissa nasceu e, ap\u00f3s nove dias, faleceu. No <\/span><span style=\"color: #800000;\"><strong>falecimento<\/strong><\/span><span style=\"font-weight: 400;\"> da nossa filha foi que eu tive que tomar a decis\u00e3o. Aquilo que eu j\u00e1 havia intelectualmente aderido, impregnou minha alma. Foi ali que eu transitei a dist\u00e2ncia mais importante que qualquer ser humano tem que transitar: que \u00e9 a dist\u00e2ncia que separa o c\u00e9rebro do cora\u00e7\u00e3o\u201d, disse.<\/span><\/p>\n<p><span style=\"font-weight: 400;\">\u201cA genu\u00edna convers\u00e3o foi a partir daquele momento. Ent\u00e3o, na morte da nossa filha eu pude dizer como o ap\u00f3stolo Paulo disse na carta aos Filipenses: \u2018Viver \u00e9 Cristo e morrer \u00e9 lucro\u2019\u201d, comentou.<\/span><\/p>\n<p><strong>\u201cMinha vida passou a ter sentido\u201d<\/strong><\/p>\n<p><span style=\"font-weight: 400;\">Tassos deixou o ate\u00edsmo, se converteu \u00e0 Cristo e passou por uma transforma\u00e7\u00e3o. \u201cDeus nos traz da escurid\u00e3o para a luz. Nos mostrar que, por mais c\u00e9lebre e passageira que seja a nossa vida aqui, h\u00e1 uma eternidade que nos espera, que nada se compara. Diante disso tudo \u00e9 que n\u00f3s nos modificamos existencialmente, n\u00f3s nos tornamos realmente uma nova criatura\u201d, declarou o te\u00f3logo.<\/span><\/p>\n<p><span style=\"font-weight: 400;\">\u201cO que mudou radicalmente na minha exist\u00eancia foi que minha vida passou a ter sentido. Ent\u00e3o, tudo o que eu fazia passou a ter um prop\u00f3sito maior. Deus nos d\u00e1 sentido e prop\u00f3sito\u201d, testemunhou.<\/span><\/p>\n<p style=\"text-align: center;\"><span style=\"font-weight: 400;\"><div class=\"ose-youtube ose-uid-540883edc7a8ffe01243b36bd1e0e3dc ose-embedpress-responsive\" style=\"width:600px; height:600px; max-height:600px; max-width:100%; display:inline-block;\" data-embed-type=\"Youtube\"><iframe allowFullScreen=\"true\" title=\"TASSOS LYCURGO (DE ATEU A CRIST\u00c3O CONVICTO) + Forte PodCast com Karina Bacchi\" width=\"600\" height=\"600\" src=\"https:\/\/www.youtube.com\/embed\/RZt8jLWrVpk?feature=oembed&color=red&rel=0&controls=1&start=&end=&fs=0&iv_load_policy=0&autoplay=0&mute=0&modestbranding=0&cc_load_policy=1&playsinline=1\" frameborder=\"0\" allow=\"accelerometer; encrypted-media;accelerometer;autoplay;clipboard-write;gyroscope;picture-in-picture clipboard-write; encrypted-media; gyroscope; picture-in-picture; web-share\" referrerpolicy=\"strict-origin-when-cross-origin\" allowfullscreen><\/iframe><\/div><\/span><\/p>\n<\/div>\n<p><br \/>\n<br \/>Fonte: Guiame <\/p>\n","protected":false},"excerpt":{"rendered":"<p>Tassos Lycurgo \u00e9 um relevante te\u00f3logo e apologista crist\u00e3o, mas nem sempre foi assim. O professor que hoje faz a defesa da f\u00e9 crist\u00e3 j\u00e1 foi um ateu convicto. Lycurgo contou como passou a crer em Deus em um dos momentos mais dif\u00edceis de sua vida, durante participa\u00e7\u00e3o no + Forte PodCast com Karina Bacchi. [&hellip;]<\/p>\n","protected":false},"author":1,"featured_media":3089,"comment_status":"","ping_status":"open","sticky":false,"template":"","format":"standard","meta":{"footnotes":""},"categories":[43],"tags":[],"class_list":["post-3088","post","type-post","status-publish","format-standard","has-post-thumbnail","hentry","category-destaques"],"yoast_head":"<!-- This site is optimized with the Yoast SEO plugin v26.8 - https:\/\/yoast.com\/product\/yoast-seo-wordpress\/ -->\n<title>De ateu a te\u00f3logo: Tassos Lycurgo diz que passou a crer em Deus ap\u00f3s perder filha - R\u00e1dio Porto Seguro<\/title>\n<meta name=\"robots\" content=\"index, follow, max-snippet:-1, max-image-preview:large, max-video-preview:-1\" \/>\n<link rel=\"canonical\" href=\"https:\/\/radioportoseguro.com.br\/site\/2026\/01\/17\/de-ateu-a-teologo-tassos-lycurgo-diz-que-passou-a-crer-em-deus-apos-perder-filha\/\" \/>\n<meta property=\"og:locale\" content=\"pt_BR\" \/>\n<meta property=\"og:type\" content=\"article\" \/>\n<meta property=\"og:title\" content=\"De ateu a te\u00f3logo: Tassos Lycurgo diz que passou a crer em Deus ap\u00f3s perder filha - R\u00e1dio Porto Seguro\" \/>\n<meta property=\"og:description\" content=\"Tassos Lycurgo \u00e9 um relevante te\u00f3logo e apologista crist\u00e3o, mas nem sempre foi assim. O professor que hoje faz a defesa da f\u00e9 crist\u00e3 j\u00e1 foi um ateu convicto. Lycurgo contou como passou a crer em Deus em um dos momentos mais dif\u00edceis de sua vida, durante participa\u00e7\u00e3o no + Forte PodCast com Karina Bacchi. [&hellip;]\" \/>\n<meta property=\"og:url\" content=\"https:\/\/radioportoseguro.com.br\/site\/2026\/01\/17\/de-ateu-a-teologo-tassos-lycurgo-diz-que-passou-a-crer-em-deus-apos-perder-filha\/\" \/>\n<meta property=\"og:site_name\" content=\"R\u00e1dio Porto Seguro\" \/>\n<meta property=\"article:published_time\" content=\"2026-01-17T07:22:06+00:00\" \/>\n<meta property=\"og:image\" content=\"https:\/\/radioportoseguro.com.br\/site\/wp-content\/uploads\/2026\/01\/2268057520-tassos-lycurgo.jpeg\" \/>\n\t<meta property=\"og:image:width\" content=\"1200\" \/>\n\t<meta property=\"og:image:height\" content=\"600\" \/>\n\t<meta property=\"og:image:type\" content=\"image\/jpeg\" \/>\n<meta name=\"author\" content=\"admin\" \/>\n<meta name=\"twitter:card\" content=\"summary_large_image\" \/>\n<meta name=\"twitter:label1\" content=\"Escrito por\" \/>\n\t<meta name=\"twitter:data1\" content=\"admin\" \/>\n\t<meta name=\"twitter:label2\" content=\"Est. tempo de leitura\" \/>\n\t<meta name=\"twitter:data2\" content=\"4 minutos\" \/>\n<script type=\"application\/ld+json\" class=\"yoast-schema-graph\">{\"@context\":\"https:\/\/schema.org\",\"@graph\":[{\"@type\":\"Article\",\"@id\":\"https:\/\/radioportoseguro.com.br\/site\/2026\/01\/17\/de-ateu-a-teologo-tassos-lycurgo-diz-que-passou-a-crer-em-deus-apos-perder-filha\/#article\",\"isPartOf\":{\"@id\":\"https:\/\/radioportoseguro.com.br\/site\/2026\/01\/17\/de-ateu-a-teologo-tassos-lycurgo-diz-que-passou-a-crer-em-deus-apos-perder-filha\/\"},\"author\":{\"name\":\"admin\",\"@id\":\"https:\/\/radioportoseguro.com.br\/site\/#\/schema\/person\/7630acdc320186f13639d3c067ec089b\"},\"headline\":\"De ateu a te\u00f3logo: Tassos Lycurgo diz que passou a crer em Deus ap\u00f3s perder filha\",\"datePublished\":\"2026-01-17T07:22:06+00:00\",\"mainEntityOfPage\":{\"@id\":\"https:\/\/radioportoseguro.com.br\/site\/2026\/01\/17\/de-ateu-a-teologo-tassos-lycurgo-diz-que-passou-a-crer-em-deus-apos-perder-filha\/\"},\"wordCount\":755,\"image\":{\"@id\":\"https:\/\/radioportoseguro.com.br\/site\/2026\/01\/17\/de-ateu-a-teologo-tassos-lycurgo-diz-que-passou-a-crer-em-deus-apos-perder-filha\/#primaryimage\"},\"thumbnailUrl\":\"https:\/\/radioportoseguro.com.br\/site\/wp-content\/uploads\/2026\/01\/2268057520-tassos-lycurgo.jpeg\",\"articleSection\":[\"Destaques\"],\"inLanguage\":\"pt-BR\"},{\"@type\":\"WebPage\",\"@id\":\"https:\/\/radioportoseguro.com.br\/site\/2026\/01\/17\/de-ateu-a-teologo-tassos-lycurgo-diz-que-passou-a-crer-em-deus-apos-perder-filha\/\",\"url\":\"https:\/\/radioportoseguro.com.br\/site\/2026\/01\/17\/de-ateu-a-teologo-tassos-lycurgo-diz-que-passou-a-crer-em-deus-apos-perder-filha\/\",\"name\":\"De ateu a te\u00f3logo: Tassos Lycurgo diz que passou a crer em Deus ap\u00f3s perder filha - R\u00e1dio Porto Seguro\",\"isPartOf\":{\"@id\":\"https:\/\/radioportoseguro.com.br\/site\/#website\"},\"primaryImageOfPage\":{\"@id\":\"https:\/\/radioportoseguro.com.br\/site\/2026\/01\/17\/de-ateu-a-teologo-tassos-lycurgo-diz-que-passou-a-crer-em-deus-apos-perder-filha\/#primaryimage\"},\"image\":{\"@id\":\"https:\/\/radioportoseguro.com.br\/site\/2026\/01\/17\/de-ateu-a-teologo-tassos-lycurgo-diz-que-passou-a-crer-em-deus-apos-perder-filha\/#primaryimage\"},\"thumbnailUrl\":\"https:\/\/radioportoseguro.com.br\/site\/wp-content\/uploads\/2026\/01\/2268057520-tassos-lycurgo.jpeg\",\"datePublished\":\"2026-01-17T07:22:06+00:00\",\"author\":{\"@id\":\"https:\/\/radioportoseguro.com.br\/site\/#\/schema\/person\/7630acdc320186f13639d3c067ec089b\"},\"breadcrumb\":{\"@id\":\"https:\/\/radioportoseguro.com.br\/site\/2026\/01\/17\/de-ateu-a-teologo-tassos-lycurgo-diz-que-passou-a-crer-em-deus-apos-perder-filha\/#breadcrumb\"},\"inLanguage\":\"pt-BR\",\"potentialAction\":[{\"@type\":\"ReadAction\",\"target\":[\"https:\/\/radioportoseguro.com.br\/site\/2026\/01\/17\/de-ateu-a-teologo-tassos-lycurgo-diz-que-passou-a-crer-em-deus-apos-perder-filha\/\"]}]},{\"@type\":\"ImageObject\",\"inLanguage\":\"pt-BR\",\"@id\":\"https:\/\/radioportoseguro.com.br\/site\/2026\/01\/17\/de-ateu-a-teologo-tassos-lycurgo-diz-que-passou-a-crer-em-deus-apos-perder-filha\/#primaryimage\",\"url\":\"https:\/\/radioportoseguro.com.br\/site\/wp-content\/uploads\/2026\/01\/2268057520-tassos-lycurgo.jpeg\",\"contentUrl\":\"https:\/\/radioportoseguro.com.br\/site\/wp-content\/uploads\/2026\/01\/2268057520-tassos-lycurgo.jpeg\",\"width\":1200,\"height\":600},{\"@type\":\"BreadcrumbList\",\"@id\":\"https:\/\/radioportoseguro.com.br\/site\/2026\/01\/17\/de-ateu-a-teologo-tassos-lycurgo-diz-que-passou-a-crer-em-deus-apos-perder-filha\/#breadcrumb\",\"itemListElement\":[{\"@type\":\"ListItem\",\"position\":1,\"name\":\"In\u00edcio\",\"item\":\"https:\/\/radioportoseguro.com.br\/site\/\"},{\"@type\":\"ListItem\",\"position\":2,\"name\":\"De ateu a te\u00f3logo: Tassos Lycurgo diz que passou a crer em Deus ap\u00f3s perder filha\"}]},{\"@type\":\"WebSite\",\"@id\":\"https:\/\/radioportoseguro.com.br\/site\/#website\",\"url\":\"https:\/\/radioportoseguro.com.br\/site\/\",\"name\":\"R\u00e1dio Porto Seguro\",\"description\":\"\",\"potentialAction\":[{\"@type\":\"SearchAction\",\"target\":{\"@type\":\"EntryPoint\",\"urlTemplate\":\"https:\/\/radioportoseguro.com.br\/site\/?s={search_term_string}\"},\"query-input\":{\"@type\":\"PropertyValueSpecification\",\"valueRequired\":true,\"valueName\":\"search_term_string\"}}],\"inLanguage\":\"pt-BR\"},{\"@type\":\"Person\",\"@id\":\"https:\/\/radioportoseguro.com.br\/site\/#\/schema\/person\/7630acdc320186f13639d3c067ec089b\",\"name\":\"admin\",\"image\":{\"@type\":\"ImageObject\",\"inLanguage\":\"pt-BR\",\"@id\":\"https:\/\/radioportoseguro.com.br\/site\/#\/schema\/person\/image\/\",\"url\":\"https:\/\/secure.gravatar.com\/avatar\/caacf4dc1eedb68fab0df8e1ed46c448e578b2466351bbcb61e47d2ac0caaef0?s=96&d=mm&r=g\",\"contentUrl\":\"https:\/\/secure.gravatar.com\/avatar\/caacf4dc1eedb68fab0df8e1ed46c448e578b2466351bbcb61e47d2ac0caaef0?s=96&d=mm&r=g\",\"caption\":\"admin\"},\"sameAs\":[\"https:\/\/radioportoseguro.com.br\/site\"],\"url\":\"https:\/\/radioportoseguro.com.br\/site\/author\/hezio\/\"}]}<\/script>\n<!-- \/ Yoast SEO plugin. -->","yoast_head_json":{"title":"De ateu a te\u00f3logo: Tassos Lycurgo diz que passou a crer em Deus ap\u00f3s perder filha - R\u00e1dio Porto Seguro","robots":{"index":"index","follow":"follow","max-snippet":"max-snippet:-1","max-image-preview":"max-image-preview:large","max-video-preview":"max-video-preview:-1"},"canonical":"https:\/\/radioportoseguro.com.br\/site\/2026\/01\/17\/de-ateu-a-teologo-tassos-lycurgo-diz-que-passou-a-crer-em-deus-apos-perder-filha\/","og_locale":"pt_BR","og_type":"article","og_title":"De ateu a te\u00f3logo: Tassos Lycurgo diz que passou a crer em Deus ap\u00f3s perder filha - R\u00e1dio Porto Seguro","og_description":"Tassos Lycurgo \u00e9 um relevante te\u00f3logo e apologista crist\u00e3o, mas nem sempre foi assim. O professor que hoje faz a defesa da f\u00e9 crist\u00e3 j\u00e1 foi um ateu convicto. Lycurgo contou como passou a crer em Deus em um dos momentos mais dif\u00edceis de sua vida, durante participa\u00e7\u00e3o no + Forte PodCast com Karina Bacchi. [&hellip;]","og_url":"https:\/\/radioportoseguro.com.br\/site\/2026\/01\/17\/de-ateu-a-teologo-tassos-lycurgo-diz-que-passou-a-crer-em-deus-apos-perder-filha\/","og_site_name":"R\u00e1dio Porto Seguro","article_published_time":"2026-01-17T07:22:06+00:00","og_image":[{"width":1200,"height":600,"url":"https:\/\/radioportoseguro.com.br\/site\/wp-content\/uploads\/2026\/01\/2268057520-tassos-lycurgo.jpeg","type":"image\/jpeg"}],"author":"admin","twitter_card":"summary_large_image","twitter_misc":{"Escrito por":"admin","Est. tempo de leitura":"4 minutos"},"schema":{"@context":"https:\/\/schema.org","@graph":[{"@type":"Article","@id":"https:\/\/radioportoseguro.com.br\/site\/2026\/01\/17\/de-ateu-a-teologo-tassos-lycurgo-diz-que-passou-a-crer-em-deus-apos-perder-filha\/#article","isPartOf":{"@id":"https:\/\/radioportoseguro.com.br\/site\/2026\/01\/17\/de-ateu-a-teologo-tassos-lycurgo-diz-que-passou-a-crer-em-deus-apos-perder-filha\/"},"author":{"name":"admin","@id":"https:\/\/radioportoseguro.com.br\/site\/#\/schema\/person\/7630acdc320186f13639d3c067ec089b"},"headline":"De ateu a te\u00f3logo: Tassos Lycurgo diz que passou a crer em Deus ap\u00f3s perder filha","datePublished":"2026-01-17T07:22:06+00:00","mainEntityOfPage":{"@id":"https:\/\/radioportoseguro.com.br\/site\/2026\/01\/17\/de-ateu-a-teologo-tassos-lycurgo-diz-que-passou-a-crer-em-deus-apos-perder-filha\/"},"wordCount":755,"image":{"@id":"https:\/\/radioportoseguro.com.br\/site\/2026\/01\/17\/de-ateu-a-teologo-tassos-lycurgo-diz-que-passou-a-crer-em-deus-apos-perder-filha\/#primaryimage"},"thumbnailUrl":"https:\/\/radioportoseguro.com.br\/site\/wp-content\/uploads\/2026\/01\/2268057520-tassos-lycurgo.jpeg","articleSection":["Destaques"],"inLanguage":"pt-BR"},{"@type":"WebPage","@id":"https:\/\/radioportoseguro.com.br\/site\/2026\/01\/17\/de-ateu-a-teologo-tassos-lycurgo-diz-que-passou-a-crer-em-deus-apos-perder-filha\/","url":"https:\/\/radioportoseguro.com.br\/site\/2026\/01\/17\/de-ateu-a-teologo-tassos-lycurgo-diz-que-passou-a-crer-em-deus-apos-perder-filha\/","name":"De ateu a te\u00f3logo: Tassos Lycurgo diz que passou a crer em Deus ap\u00f3s perder filha - R\u00e1dio Porto Seguro","isPartOf":{"@id":"https:\/\/radioportoseguro.com.br\/site\/#website"},"primaryImageOfPage":{"@id":"https:\/\/radioportoseguro.com.br\/site\/2026\/01\/17\/de-ateu-a-teologo-tassos-lycurgo-diz-que-passou-a-crer-em-deus-apos-perder-filha\/#primaryimage"},"image":{"@id":"https:\/\/radioportoseguro.com.br\/site\/2026\/01\/17\/de-ateu-a-teologo-tassos-lycurgo-diz-que-passou-a-crer-em-deus-apos-perder-filha\/#primaryimage"},"thumbnailUrl":"https:\/\/radioportoseguro.com.br\/site\/wp-content\/uploads\/2026\/01\/2268057520-tassos-lycurgo.jpeg","datePublished":"2026-01-17T07:22:06+00:00","author":{"@id":"https:\/\/radioportoseguro.com.br\/site\/#\/schema\/person\/7630acdc320186f13639d3c067ec089b"},"breadcrumb":{"@id":"https:\/\/radioportoseguro.com.br\/site\/2026\/01\/17\/de-ateu-a-teologo-tassos-lycurgo-diz-que-passou-a-crer-em-deus-apos-perder-filha\/#breadcrumb"},"inLanguage":"pt-BR","potentialAction":[{"@type":"ReadAction","target":["https:\/\/radioportoseguro.com.br\/site\/2026\/01\/17\/de-ateu-a-teologo-tassos-lycurgo-diz-que-passou-a-crer-em-deus-apos-perder-filha\/"]}]},{"@type":"ImageObject","inLanguage":"pt-BR","@id":"https:\/\/radioportoseguro.com.br\/site\/2026\/01\/17\/de-ateu-a-teologo-tassos-lycurgo-diz-que-passou-a-crer-em-deus-apos-perder-filha\/#primaryimage","url":"https:\/\/radioportoseguro.com.br\/site\/wp-content\/uploads\/2026\/01\/2268057520-tassos-lycurgo.jpeg","contentUrl":"https:\/\/radioportoseguro.com.br\/site\/wp-content\/uploads\/2026\/01\/2268057520-tassos-lycurgo.jpeg","width":1200,"height":600},{"@type":"BreadcrumbList","@id":"https:\/\/radioportoseguro.com.br\/site\/2026\/01\/17\/de-ateu-a-teologo-tassos-lycurgo-diz-que-passou-a-crer-em-deus-apos-perder-filha\/#breadcrumb","itemListElement":[{"@type":"ListItem","position":1,"name":"In\u00edcio","item":"https:\/\/radioportoseguro.com.br\/site\/"},{"@type":"ListItem","position":2,"name":"De ateu a te\u00f3logo: Tassos Lycurgo diz que passou a crer em Deus ap\u00f3s perder filha"}]},{"@type":"WebSite","@id":"https:\/\/radioportoseguro.com.br\/site\/#website","url":"https:\/\/radioportoseguro.com.br\/site\/","name":"R\u00e1dio Porto Seguro","description":"","potentialAction":[{"@type":"SearchAction","target":{"@type":"EntryPoint","urlTemplate":"https:\/\/radioportoseguro.com.br\/site\/?s={search_term_string}"},"query-input":{"@type":"PropertyValueSpecification","valueRequired":true,"valueName":"search_term_string"}}],"inLanguage":"pt-BR"},{"@type":"Person","@id":"https:\/\/radioportoseguro.com.br\/site\/#\/schema\/person\/7630acdc320186f13639d3c067ec089b","name":"admin","image":{"@type":"ImageObject","inLanguage":"pt-BR","@id":"https:\/\/radioportoseguro.com.br\/site\/#\/schema\/person\/image\/","url":"https:\/\/secure.gravatar.com\/avatar\/caacf4dc1eedb68fab0df8e1ed46c448e578b2466351bbcb61e47d2ac0caaef0?s=96&d=mm&r=g","contentUrl":"https:\/\/secure.gravatar.com\/avatar\/caacf4dc1eedb68fab0df8e1ed46c448e578b2466351bbcb61e47d2ac0caaef0?s=96&d=mm&r=g","caption":"admin"},"sameAs":["https:\/\/radioportoseguro.com.br\/site"],"url":"https:\/\/radioportoseguro.com.br\/site\/author\/hezio\/"}]}},"_links":{"self":[{"href":"https:\/\/radioportoseguro.com.br\/site\/wp-json\/wp\/v2\/posts\/3088","targetHints":{"allow":["GET"]}}],"collection":[{"href":"https:\/\/radioportoseguro.com.br\/site\/wp-json\/wp\/v2\/posts"}],"about":[{"href":"https:\/\/radioportoseguro.com.br\/site\/wp-json\/wp\/v2\/types\/post"}],"author":[{"embeddable":true,"href":"https:\/\/radioportoseguro.com.br\/site\/wp-json\/wp\/v2\/users\/1"}],"replies":[{"embeddable":true,"href":"https:\/\/radioportoseguro.com.br\/site\/wp-json\/wp\/v2\/comments?post=3088"}],"version-history":[{"count":0,"href":"https:\/\/radioportoseguro.com.br\/site\/wp-json\/wp\/v2\/posts\/3088\/revisions"}],"wp:featuredmedia":[{"embeddable":true,"href":"https:\/\/radioportoseguro.com.br\/site\/wp-json\/wp\/v2\/media\/3089"}],"wp:attachment":[{"href":"https:\/\/radioportoseguro.com.br\/site\/wp-json\/wp\/v2\/media?parent=3088"}],"wp:term":[{"taxonomy":"category","embeddable":true,"href":"https:\/\/radioportoseguro.com.br\/site\/wp-json\/wp\/v2\/categories?post=3088"},{"taxonomy":"post_tag","embeddable":true,"href":"https:\/\/radioportoseguro.com.br\/site\/wp-json\/wp\/v2\/tags?post=3088"}],"curies":[{"name":"wp","href":"https:\/\/api.w.org\/{rel}","templated":true}]}}