{"id":3146,"date":"2026-01-18T10:11:45","date_gmt":"2026-01-18T13:11:45","guid":{"rendered":"https:\/\/radioportoseguro.com.br\/site\/2026\/01\/18\/protestos-no-ira-forcas-do-regime-disparam-contra-olhos-e-cabecas-dizem-medicos\/"},"modified":"2026-01-18T10:11:45","modified_gmt":"2026-01-18T13:11:45","slug":"protestos-no-ira-forcas-do-regime-disparam-contra-olhos-e-cabecas-dizem-medicos","status":"publish","type":"post","link":"https:\/\/radioportoseguro.com.br\/site\/2026\/01\/18\/protestos-no-ira-forcas-do-regime-disparam-contra-olhos-e-cabecas-dizem-medicos\/","title":{"rendered":"Protestos no Ir\u00e3: For\u00e7as do regime disparam contra olhos e cabe\u00e7as, dizem m\u00e9dicos"},"content":{"rendered":"<p><br \/>\n<br \/><\/p>\n<div>\n<p>M\u00e9dicos da capital iraniana denunciaram que for\u00e7as de seguran\u00e7a do regime t\u00eam disparado deliberadamente contra os olhos e as cabe\u00e7as de manifestantes durante a repress\u00e3o aos protestos que se espalharam pelo pa\u00eds nas \u00faltimas semanas.<\/p>\n<p>Segundo profissionais de sa\u00fade, centenas de pessoas chegaram aos hospitais com ferimentos graves provocados por tiros, sobretudo nos olhos, resultando em casos frequentes de cegueira permanente.<\/p>\n<p>Um oftalmologista relatou ter documentado mais de 400 les\u00f5es oculares causadas por armas de fogo em apenas um hospital.<\/p>\n<p>Al\u00e9m disso, m\u00e9dicos apontaram a escassez de suprimentos, a superlota\u00e7\u00e3o das unidades de sa\u00fade e a presen\u00e7a de agentes de seguran\u00e7a dentro dos hospitais, onde manifestantes feridos t\u00eam sido presos.<\/p>\n<p>Os<span style=\"color: #800000;\"><strong> protestos<\/strong><\/span>, iniciados no fim de dezembro em raz\u00e3o da crise econ\u00f4mica, rapidamente evolu\u00edram para reivindica\u00e7\u00f5es pela queda do regime e por mais liberdade. Fontes m\u00e9dicas afirmam que o n\u00famero real de mortos pode ser muito superior aos cerca de 2 mil reconhecidos oficialmente pelo governo.<\/p>\n<p>Nesse contexto, estima-se que aproximadamente 12 mil pessoas tenham perdido a vida nos \u00faltimos dias, segundo relat\u00f3rio do Iran International.<\/p>\n<p>As den\u00fancias evidenciam a gravidade da repress\u00e3o estatal e intensificam as preocupa\u00e7\u00f5es sobre as recorrentes viola\u00e7\u00f5es de direitos humanos no Ir\u00e3.<\/p>\n<p>Fonte: StandWithUs \/ The Times of Israel<\/p>\n<p>\u00a0<\/p>\n<p><strong>Silas Anast\u00e1cio<\/strong> \u00e9 fundador do Minist\u00e9rio Davar, evangelista e expositor b\u00edblico com s\u00f3lida atua\u00e7\u00e3o h\u00e1 mais de uma d\u00e9cada em temas relacionados ao Estado de Israel e \u00e0 comunidade judaica. Tamb\u00e9m desempenha papel estrat\u00e9gico nos bastidores da m\u00eddia evang\u00e9lica, contribuindo para a articula\u00e7\u00e3o e divulga\u00e7\u00e3o de conte\u00fados que fortalecem os valores\u00a0da\u00a0f\u00e9\u00a0crist\u00e3.<\/p>\n<p><em>* O conte\u00fado do texto acima \u00e9 de colabora\u00e7\u00e3o volunt\u00e1ria, seu teor \u00e9 de total responsabilidade do autor e n\u00e3o reflete necessariamente a opini\u00e3o do Portal Guiame.<\/em><\/p>\n<p>Leia o artigo anterior: <span style=\"color: #800000;\"><strong>O Brasil tem se posicionado contra Israel<\/strong><\/span><\/p>\n<p>\u00a0<\/p>\n<\/div>\n<p><br \/>\n<br \/>Fonte: Guiame <\/p>\n","protected":false},"excerpt":{"rendered":"<p>M\u00e9dicos da capital iraniana denunciaram que for\u00e7as de seguran\u00e7a do regime t\u00eam disparado deliberadamente contra os olhos e as cabe\u00e7as de manifestantes durante a repress\u00e3o aos protestos que se espalharam pelo pa\u00eds nas \u00faltimas semanas. Segundo profissionais de sa\u00fade, centenas de pessoas chegaram aos hospitais com ferimentos graves provocados por tiros, sobretudo nos olhos, resultando [&hellip;]<\/p>\n","protected":false},"author":1,"featured_media":3147,"comment_status":"","ping_status":"open","sticky":false,"template":"","format":"standard","meta":{"footnotes":""},"categories":[43],"tags":[],"class_list":["post-3146","post","type-post","status-publish","format-standard","has-post-thumbnail","hentry","category-destaques"],"yoast_head":"<!-- This site is optimized with the Yoast SEO plugin v26.8 - https:\/\/yoast.com\/product\/yoast-seo-wordpress\/ -->\n<title>Protestos no Ir\u00e3: For\u00e7as do regime disparam contra olhos e cabe\u00e7as, dizem m\u00e9dicos - R\u00e1dio Porto Seguro<\/title>\n<meta name=\"robots\" content=\"index, follow, max-snippet:-1, max-image-preview:large, max-video-preview:-1\" \/>\n<link rel=\"canonical\" href=\"https:\/\/radioportoseguro.com.br\/site\/2026\/01\/18\/protestos-no-ira-forcas-do-regime-disparam-contra-olhos-e-cabecas-dizem-medicos\/\" \/>\n<meta property=\"og:locale\" content=\"pt_BR\" \/>\n<meta property=\"og:type\" content=\"article\" \/>\n<meta property=\"og:title\" content=\"Protestos no Ir\u00e3: For\u00e7as do regime disparam contra olhos e cabe\u00e7as, dizem m\u00e9dicos - R\u00e1dio Porto Seguro\" \/>\n<meta property=\"og:description\" content=\"M\u00e9dicos da capital iraniana denunciaram que for\u00e7as de seguran\u00e7a do regime t\u00eam disparado deliberadamente contra os olhos e as cabe\u00e7as de manifestantes durante a repress\u00e3o aos protestos que se espalharam pelo pa\u00eds nas \u00faltimas semanas. Segundo profissionais de sa\u00fade, centenas de pessoas chegaram aos hospitais com ferimentos graves provocados por tiros, sobretudo nos olhos, resultando [&hellip;]\" \/>\n<meta property=\"og:url\" content=\"https:\/\/radioportoseguro.com.br\/site\/2026\/01\/18\/protestos-no-ira-forcas-do-regime-disparam-contra-olhos-e-cabecas-dizem-medicos\/\" \/>\n<meta property=\"og:site_name\" content=\"R\u00e1dio Porto Seguro\" \/>\n<meta property=\"article:published_time\" content=\"2026-01-18T13:11:45+00:00\" \/>\n<meta property=\"og:image\" content=\"https:\/\/radioportoseguro.com.br\/site\/wp-content\/uploads\/2026\/01\/1108253087-ira.jpeg\" \/>\n\t<meta property=\"og:image:width\" content=\"1200\" \/>\n\t<meta property=\"og:image:height\" content=\"600\" \/>\n\t<meta property=\"og:image:type\" content=\"image\/jpeg\" \/>\n<meta name=\"author\" content=\"admin\" \/>\n<meta name=\"twitter:card\" content=\"summary_large_image\" \/>\n<meta name=\"twitter:label1\" content=\"Escrito por\" \/>\n\t<meta name=\"twitter:data1\" content=\"admin\" \/>\n\t<meta name=\"twitter:label2\" content=\"Est. tempo de leitura\" \/>\n\t<meta name=\"twitter:data2\" content=\"2 minutos\" \/>\n<script type=\"application\/ld+json\" class=\"yoast-schema-graph\">{\"@context\":\"https:\/\/schema.org\",\"@graph\":[{\"@type\":\"Article\",\"@id\":\"https:\/\/radioportoseguro.com.br\/site\/2026\/01\/18\/protestos-no-ira-forcas-do-regime-disparam-contra-olhos-e-cabecas-dizem-medicos\/#article\",\"isPartOf\":{\"@id\":\"https:\/\/radioportoseguro.com.br\/site\/2026\/01\/18\/protestos-no-ira-forcas-do-regime-disparam-contra-olhos-e-cabecas-dizem-medicos\/\"},\"author\":{\"name\":\"admin\",\"@id\":\"https:\/\/radioportoseguro.com.br\/site\/#\/schema\/person\/7630acdc320186f13639d3c067ec089b\"},\"headline\":\"Protestos no Ir\u00e3: For\u00e7as do regime disparam contra olhos e cabe\u00e7as, dizem m\u00e9dicos\",\"datePublished\":\"2026-01-18T13:11:45+00:00\",\"mainEntityOfPage\":{\"@id\":\"https:\/\/radioportoseguro.com.br\/site\/2026\/01\/18\/protestos-no-ira-forcas-do-regime-disparam-contra-olhos-e-cabecas-dizem-medicos\/\"},\"wordCount\":352,\"image\":{\"@id\":\"https:\/\/radioportoseguro.com.br\/site\/2026\/01\/18\/protestos-no-ira-forcas-do-regime-disparam-contra-olhos-e-cabecas-dizem-medicos\/#primaryimage\"},\"thumbnailUrl\":\"https:\/\/radioportoseguro.com.br\/site\/wp-content\/uploads\/2026\/01\/1108253087-ira.jpeg\",\"articleSection\":[\"Destaques\"],\"inLanguage\":\"pt-BR\"},{\"@type\":\"WebPage\",\"@id\":\"https:\/\/radioportoseguro.com.br\/site\/2026\/01\/18\/protestos-no-ira-forcas-do-regime-disparam-contra-olhos-e-cabecas-dizem-medicos\/\",\"url\":\"https:\/\/radioportoseguro.com.br\/site\/2026\/01\/18\/protestos-no-ira-forcas-do-regime-disparam-contra-olhos-e-cabecas-dizem-medicos\/\",\"name\":\"Protestos no Ir\u00e3: For\u00e7as do regime disparam contra olhos e cabe\u00e7as, dizem m\u00e9dicos - R\u00e1dio Porto Seguro\",\"isPartOf\":{\"@id\":\"https:\/\/radioportoseguro.com.br\/site\/#website\"},\"primaryImageOfPage\":{\"@id\":\"https:\/\/radioportoseguro.com.br\/site\/2026\/01\/18\/protestos-no-ira-forcas-do-regime-disparam-contra-olhos-e-cabecas-dizem-medicos\/#primaryimage\"},\"image\":{\"@id\":\"https:\/\/radioportoseguro.com.br\/site\/2026\/01\/18\/protestos-no-ira-forcas-do-regime-disparam-contra-olhos-e-cabecas-dizem-medicos\/#primaryimage\"},\"thumbnailUrl\":\"https:\/\/radioportoseguro.com.br\/site\/wp-content\/uploads\/2026\/01\/1108253087-ira.jpeg\",\"datePublished\":\"2026-01-18T13:11:45+00:00\",\"author\":{\"@id\":\"https:\/\/radioportoseguro.com.br\/site\/#\/schema\/person\/7630acdc320186f13639d3c067ec089b\"},\"breadcrumb\":{\"@id\":\"https:\/\/radioportoseguro.com.br\/site\/2026\/01\/18\/protestos-no-ira-forcas-do-regime-disparam-contra-olhos-e-cabecas-dizem-medicos\/#breadcrumb\"},\"inLanguage\":\"pt-BR\",\"potentialAction\":[{\"@type\":\"ReadAction\",\"target\":[\"https:\/\/radioportoseguro.com.br\/site\/2026\/01\/18\/protestos-no-ira-forcas-do-regime-disparam-contra-olhos-e-cabecas-dizem-medicos\/\"]}]},{\"@type\":\"ImageObject\",\"inLanguage\":\"pt-BR\",\"@id\":\"https:\/\/radioportoseguro.com.br\/site\/2026\/01\/18\/protestos-no-ira-forcas-do-regime-disparam-contra-olhos-e-cabecas-dizem-medicos\/#primaryimage\",\"url\":\"https:\/\/radioportoseguro.com.br\/site\/wp-content\/uploads\/2026\/01\/1108253087-ira.jpeg\",\"contentUrl\":\"https:\/\/radioportoseguro.com.br\/site\/wp-content\/uploads\/2026\/01\/1108253087-ira.jpeg\",\"width\":1200,\"height\":600},{\"@type\":\"BreadcrumbList\",\"@id\":\"https:\/\/radioportoseguro.com.br\/site\/2026\/01\/18\/protestos-no-ira-forcas-do-regime-disparam-contra-olhos-e-cabecas-dizem-medicos\/#breadcrumb\",\"itemListElement\":[{\"@type\":\"ListItem\",\"position\":1,\"name\":\"In\u00edcio\",\"item\":\"https:\/\/radioportoseguro.com.br\/site\/\"},{\"@type\":\"ListItem\",\"position\":2,\"name\":\"Protestos no Ir\u00e3: For\u00e7as do regime disparam contra olhos e cabe\u00e7as, dizem m\u00e9dicos\"}]},{\"@type\":\"WebSite\",\"@id\":\"https:\/\/radioportoseguro.com.br\/site\/#website\",\"url\":\"https:\/\/radioportoseguro.com.br\/site\/\",\"name\":\"R\u00e1dio Porto Seguro\",\"description\":\"\",\"potentialAction\":[{\"@type\":\"SearchAction\",\"target\":{\"@type\":\"EntryPoint\",\"urlTemplate\":\"https:\/\/radioportoseguro.com.br\/site\/?s={search_term_string}\"},\"query-input\":{\"@type\":\"PropertyValueSpecification\",\"valueRequired\":true,\"valueName\":\"search_term_string\"}}],\"inLanguage\":\"pt-BR\"},{\"@type\":\"Person\",\"@id\":\"https:\/\/radioportoseguro.com.br\/site\/#\/schema\/person\/7630acdc320186f13639d3c067ec089b\",\"name\":\"admin\",\"image\":{\"@type\":\"ImageObject\",\"inLanguage\":\"pt-BR\",\"@id\":\"https:\/\/radioportoseguro.com.br\/site\/#\/schema\/person\/image\/\",\"url\":\"https:\/\/secure.gravatar.com\/avatar\/caacf4dc1eedb68fab0df8e1ed46c448e578b2466351bbcb61e47d2ac0caaef0?s=96&d=mm&r=g\",\"contentUrl\":\"https:\/\/secure.gravatar.com\/avatar\/caacf4dc1eedb68fab0df8e1ed46c448e578b2466351bbcb61e47d2ac0caaef0?s=96&d=mm&r=g\",\"caption\":\"admin\"},\"sameAs\":[\"https:\/\/radioportoseguro.com.br\/site\"],\"url\":\"https:\/\/radioportoseguro.com.br\/site\/author\/hezio\/\"}]}<\/script>\n<!-- \/ Yoast SEO plugin. -->","yoast_head_json":{"title":"Protestos no Ir\u00e3: For\u00e7as do regime disparam contra olhos e cabe\u00e7as, dizem m\u00e9dicos - R\u00e1dio Porto Seguro","robots":{"index":"index","follow":"follow","max-snippet":"max-snippet:-1","max-image-preview":"max-image-preview:large","max-video-preview":"max-video-preview:-1"},"canonical":"https:\/\/radioportoseguro.com.br\/site\/2026\/01\/18\/protestos-no-ira-forcas-do-regime-disparam-contra-olhos-e-cabecas-dizem-medicos\/","og_locale":"pt_BR","og_type":"article","og_title":"Protestos no Ir\u00e3: For\u00e7as do regime disparam contra olhos e cabe\u00e7as, dizem m\u00e9dicos - R\u00e1dio Porto Seguro","og_description":"M\u00e9dicos da capital iraniana denunciaram que for\u00e7as de seguran\u00e7a do regime t\u00eam disparado deliberadamente contra os olhos e as cabe\u00e7as de manifestantes durante a repress\u00e3o aos protestos que se espalharam pelo pa\u00eds nas \u00faltimas semanas. Segundo profissionais de sa\u00fade, centenas de pessoas chegaram aos hospitais com ferimentos graves provocados por tiros, sobretudo nos olhos, resultando [&hellip;]","og_url":"https:\/\/radioportoseguro.com.br\/site\/2026\/01\/18\/protestos-no-ira-forcas-do-regime-disparam-contra-olhos-e-cabecas-dizem-medicos\/","og_site_name":"R\u00e1dio Porto Seguro","article_published_time":"2026-01-18T13:11:45+00:00","og_image":[{"width":1200,"height":600,"url":"https:\/\/radioportoseguro.com.br\/site\/wp-content\/uploads\/2026\/01\/1108253087-ira.jpeg","type":"image\/jpeg"}],"author":"admin","twitter_card":"summary_large_image","twitter_misc":{"Escrito por":"admin","Est. tempo de leitura":"2 minutos"},"schema":{"@context":"https:\/\/schema.org","@graph":[{"@type":"Article","@id":"https:\/\/radioportoseguro.com.br\/site\/2026\/01\/18\/protestos-no-ira-forcas-do-regime-disparam-contra-olhos-e-cabecas-dizem-medicos\/#article","isPartOf":{"@id":"https:\/\/radioportoseguro.com.br\/site\/2026\/01\/18\/protestos-no-ira-forcas-do-regime-disparam-contra-olhos-e-cabecas-dizem-medicos\/"},"author":{"name":"admin","@id":"https:\/\/radioportoseguro.com.br\/site\/#\/schema\/person\/7630acdc320186f13639d3c067ec089b"},"headline":"Protestos no Ir\u00e3: For\u00e7as do regime disparam contra olhos e cabe\u00e7as, dizem m\u00e9dicos","datePublished":"2026-01-18T13:11:45+00:00","mainEntityOfPage":{"@id":"https:\/\/radioportoseguro.com.br\/site\/2026\/01\/18\/protestos-no-ira-forcas-do-regime-disparam-contra-olhos-e-cabecas-dizem-medicos\/"},"wordCount":352,"image":{"@id":"https:\/\/radioportoseguro.com.br\/site\/2026\/01\/18\/protestos-no-ira-forcas-do-regime-disparam-contra-olhos-e-cabecas-dizem-medicos\/#primaryimage"},"thumbnailUrl":"https:\/\/radioportoseguro.com.br\/site\/wp-content\/uploads\/2026\/01\/1108253087-ira.jpeg","articleSection":["Destaques"],"inLanguage":"pt-BR"},{"@type":"WebPage","@id":"https:\/\/radioportoseguro.com.br\/site\/2026\/01\/18\/protestos-no-ira-forcas-do-regime-disparam-contra-olhos-e-cabecas-dizem-medicos\/","url":"https:\/\/radioportoseguro.com.br\/site\/2026\/01\/18\/protestos-no-ira-forcas-do-regime-disparam-contra-olhos-e-cabecas-dizem-medicos\/","name":"Protestos no Ir\u00e3: For\u00e7as do regime disparam contra olhos e cabe\u00e7as, dizem m\u00e9dicos - R\u00e1dio Porto Seguro","isPartOf":{"@id":"https:\/\/radioportoseguro.com.br\/site\/#website"},"primaryImageOfPage":{"@id":"https:\/\/radioportoseguro.com.br\/site\/2026\/01\/18\/protestos-no-ira-forcas-do-regime-disparam-contra-olhos-e-cabecas-dizem-medicos\/#primaryimage"},"image":{"@id":"https:\/\/radioportoseguro.com.br\/site\/2026\/01\/18\/protestos-no-ira-forcas-do-regime-disparam-contra-olhos-e-cabecas-dizem-medicos\/#primaryimage"},"thumbnailUrl":"https:\/\/radioportoseguro.com.br\/site\/wp-content\/uploads\/2026\/01\/1108253087-ira.jpeg","datePublished":"2026-01-18T13:11:45+00:00","author":{"@id":"https:\/\/radioportoseguro.com.br\/site\/#\/schema\/person\/7630acdc320186f13639d3c067ec089b"},"breadcrumb":{"@id":"https:\/\/radioportoseguro.com.br\/site\/2026\/01\/18\/protestos-no-ira-forcas-do-regime-disparam-contra-olhos-e-cabecas-dizem-medicos\/#breadcrumb"},"inLanguage":"pt-BR","potentialAction":[{"@type":"ReadAction","target":["https:\/\/radioportoseguro.com.br\/site\/2026\/01\/18\/protestos-no-ira-forcas-do-regime-disparam-contra-olhos-e-cabecas-dizem-medicos\/"]}]},{"@type":"ImageObject","inLanguage":"pt-BR","@id":"https:\/\/radioportoseguro.com.br\/site\/2026\/01\/18\/protestos-no-ira-forcas-do-regime-disparam-contra-olhos-e-cabecas-dizem-medicos\/#primaryimage","url":"https:\/\/radioportoseguro.com.br\/site\/wp-content\/uploads\/2026\/01\/1108253087-ira.jpeg","contentUrl":"https:\/\/radioportoseguro.com.br\/site\/wp-content\/uploads\/2026\/01\/1108253087-ira.jpeg","width":1200,"height":600},{"@type":"BreadcrumbList","@id":"https:\/\/radioportoseguro.com.br\/site\/2026\/01\/18\/protestos-no-ira-forcas-do-regime-disparam-contra-olhos-e-cabecas-dizem-medicos\/#breadcrumb","itemListElement":[{"@type":"ListItem","position":1,"name":"In\u00edcio","item":"https:\/\/radioportoseguro.com.br\/site\/"},{"@type":"ListItem","position":2,"name":"Protestos no Ir\u00e3: For\u00e7as do regime disparam contra olhos e cabe\u00e7as, dizem m\u00e9dicos"}]},{"@type":"WebSite","@id":"https:\/\/radioportoseguro.com.br\/site\/#website","url":"https:\/\/radioportoseguro.com.br\/site\/","name":"R\u00e1dio Porto Seguro","description":"","potentialAction":[{"@type":"SearchAction","target":{"@type":"EntryPoint","urlTemplate":"https:\/\/radioportoseguro.com.br\/site\/?s={search_term_string}"},"query-input":{"@type":"PropertyValueSpecification","valueRequired":true,"valueName":"search_term_string"}}],"inLanguage":"pt-BR"},{"@type":"Person","@id":"https:\/\/radioportoseguro.com.br\/site\/#\/schema\/person\/7630acdc320186f13639d3c067ec089b","name":"admin","image":{"@type":"ImageObject","inLanguage":"pt-BR","@id":"https:\/\/radioportoseguro.com.br\/site\/#\/schema\/person\/image\/","url":"https:\/\/secure.gravatar.com\/avatar\/caacf4dc1eedb68fab0df8e1ed46c448e578b2466351bbcb61e47d2ac0caaef0?s=96&d=mm&r=g","contentUrl":"https:\/\/secure.gravatar.com\/avatar\/caacf4dc1eedb68fab0df8e1ed46c448e578b2466351bbcb61e47d2ac0caaef0?s=96&d=mm&r=g","caption":"admin"},"sameAs":["https:\/\/radioportoseguro.com.br\/site"],"url":"https:\/\/radioportoseguro.com.br\/site\/author\/hezio\/"}]}},"_links":{"self":[{"href":"https:\/\/radioportoseguro.com.br\/site\/wp-json\/wp\/v2\/posts\/3146","targetHints":{"allow":["GET"]}}],"collection":[{"href":"https:\/\/radioportoseguro.com.br\/site\/wp-json\/wp\/v2\/posts"}],"about":[{"href":"https:\/\/radioportoseguro.com.br\/site\/wp-json\/wp\/v2\/types\/post"}],"author":[{"embeddable":true,"href":"https:\/\/radioportoseguro.com.br\/site\/wp-json\/wp\/v2\/users\/1"}],"replies":[{"embeddable":true,"href":"https:\/\/radioportoseguro.com.br\/site\/wp-json\/wp\/v2\/comments?post=3146"}],"version-history":[{"count":0,"href":"https:\/\/radioportoseguro.com.br\/site\/wp-json\/wp\/v2\/posts\/3146\/revisions"}],"wp:featuredmedia":[{"embeddable":true,"href":"https:\/\/radioportoseguro.com.br\/site\/wp-json\/wp\/v2\/media\/3147"}],"wp:attachment":[{"href":"https:\/\/radioportoseguro.com.br\/site\/wp-json\/wp\/v2\/media?parent=3146"}],"wp:term":[{"taxonomy":"category","embeddable":true,"href":"https:\/\/radioportoseguro.com.br\/site\/wp-json\/wp\/v2\/categories?post=3146"},{"taxonomy":"post_tag","embeddable":true,"href":"https:\/\/radioportoseguro.com.br\/site\/wp-json\/wp\/v2\/tags?post=3146"}],"curies":[{"name":"wp","href":"https:\/\/api.w.org\/{rel}","templated":true}]}}