{"id":3160,"date":"2026-01-18T19:06:41","date_gmt":"2026-01-18T22:06:41","guid":{"rendered":"https:\/\/radioportoseguro.com.br\/site\/2026\/01\/18\/lauriete-lanca-videoclipe-para-a-cancao-eu-vou-prosseguir\/"},"modified":"2026-01-18T19:06:41","modified_gmt":"2026-01-18T22:06:41","slug":"lauriete-lanca-videoclipe-para-a-cancao-eu-vou-prosseguir","status":"publish","type":"post","link":"https:\/\/radioportoseguro.com.br\/site\/2026\/01\/18\/lauriete-lanca-videoclipe-para-a-cancao-eu-vou-prosseguir\/","title":{"rendered":"Lauriete lan\u00e7a videoclipe para a can\u00e7\u00e3o &#8220;Eu Vou Prosseguir&#8221;"},"content":{"rendered":"<p><br \/>\n<\/p>\n<div id=\"post-body-4755201979068999839\" itemprop=\"articleBody\">\n<meta content=\"De surpresa, a cantora Lauriete lan\u00e7ou o videoclipe oficial de sua nova m\u00fasica, \u201cEu Vou Prosseguir\u201d, dispon\u00edvel anteriormente nas plataforma...\" name=\"twitter:description\"\/><\/p>\n<p><!-- Postagens --><\/p>\n<div class=\"separator\" style=\"clear: both; text-align: center;\"><\/div>\n<p><span style=\"font-family: helvetica;\">De surpresa, a cantora Lauriete lan\u00e7ou o videoclipe oficial de sua nova m\u00fasica, \u201cEu Vou Prosseguir\u201d, dispon\u00edvel anteriormente nas plataformas de streaming apenas em \u00e1udio.<\/p>\n<p>Escrita por Alexandre Louren\u00e7o e produzida pelo maestro Melk Carvalhedo, essa \u00e9 a terceira can\u00e7\u00e3o in\u00e9dita lan\u00e7ada pela artista esse ano, ap\u00f3s &#8220;\u00c9 De Deus&#8221; e &#8220;Lugar Particular&#8221;, a \u00faltima sendo uma parceria com sua filha, J\u00falia Acsa.<\/p>\n<p>\u201c\u00c9 uma can\u00e7\u00e3o que falou muito comigo. Eu sempre digo que, para uma m\u00fasica entrar no meu repert\u00f3rio, ela precisa falar comigo primeiro. Quando me arrepia, sei que vai falar tamb\u00e9m com outras pessoas, no profundo da alma, no cora\u00e7\u00e3o. \u00c9 uma can\u00e7\u00e3o muito linda. Para prosseguirmos, s\u00f3 com a presen\u00e7a de Deus ao nosso lado\u201d, contou Lauriete.<\/p>\n<p>Com uma carreira de quatro d\u00e9cadas, a cantora se consolidou como um dos maiores nomes da m\u00fasica pentecostal brasileira, sendo reconhecida por sucessos amplamente tocados em r\u00e1dios e igrejas de todo o pa\u00eds, como \u201cPalavras\u201d, \u201cDeus dos Deuses\u201d e \u201cDias de Elias\u201d.<\/p>\n<p>Sua discografia inclui uma s\u00e9rie de \u00e1lbuns platinados, como &#8220;Palavras&#8221;, &#8220;O Segredo \u00e9 Louvar&#8221;, &#8220;Presen\u00e7a&#8221;, &#8220;Milagre&#8221;, &#8220;Deus&#8221; e &#8220;Ensina-me&#8221;, cada um com mais de 100 mil c\u00f3pias vendidas em todo o Brasil.<\/p>\n<p>Assista ao videoclipe de \u201cEu Vou Prosseguir\u201d e ou\u00e7a a faixa em sua plataforma digital preferida.<\/p>\n<p><\/span><\/p>\n<div><span style=\"font-family: helvetica;\"><br \/><\/span><\/p>\n<div>\n<div class=\"ose-youtube ose-uid-d986aec2446e7b1882a2156fe1e45926 ose-embedpress-responsive\" style=\"width:600px; height:600px; max-height:600px; max-width:100%; display:inline-block;\" data-embed-type=\"Youtube\"><iframe allowFullScreen=\"true\" title=\"Lauriete | Eu vou Prosseguir (Clipe Oficial)\" width=\"600\" height=\"600\" src=\"https:\/\/www.youtube.com\/embed\/1rOYKqBJZGo?feature=oembed&color=red&rel=0&controls=1&start=&end=&fs=0&iv_load_policy=0&autoplay=0&mute=0&modestbranding=0&cc_load_policy=1&playsinline=1\" frameborder=\"0\" allow=\"accelerometer; encrypted-media;accelerometer;autoplay;clipboard-write;gyroscope;picture-in-picture clipboard-write; encrypted-media; gyroscope; picture-in-picture; web-share\" referrerpolicy=\"strict-origin-when-cross-origin\" allowfullscreen><\/iframe><\/div>\n<\/div>\n<\/div>\n<\/div>\n<p><script src=\"https:\/\/connect.facebook.net\/pt_BR\/all.js#xfbml=1\"><\/script><script>\n\/\/<![CDATA[\n(function(d, s, id) {\n  var js, fjs = d.getElementsByTagName(s)[0];\n  if (d.getElementById(id)) return;\n  js = d.createElement(s); js.id = id;\n  js.src = \"\/\/connect.facebook.net\/en_US\/sdk.js#xfbml=1&#038;version=v2.5\";\n  fjs.parentNode.insertBefore(js, fjs);\n}(document, 'script', 'facebook-jssdk'));\n\/\/]]>\ngoogle.com, pub-1504690508349431, DIRECT, f08c47fec0942fa0\n<\/script><br \/>\n<br \/><br \/>\n<br \/>Fonte: News Gospel<\/p>\n","protected":false},"excerpt":{"rendered":"<p>De surpresa, a cantora Lauriete lan\u00e7ou o videoclipe oficial de sua nova m\u00fasica, \u201cEu Vou Prosseguir\u201d, dispon\u00edvel anteriormente nas plataformas de streaming apenas em \u00e1udio. Escrita por Alexandre Louren\u00e7o e produzida pelo maestro Melk Carvalhedo, essa \u00e9 a terceira can\u00e7\u00e3o in\u00e9dita lan\u00e7ada pela artista esse ano, ap\u00f3s &#8220;\u00c9 De Deus&#8221; e &#8220;Lugar Particular&#8221;, a \u00faltima [&hellip;]<\/p>\n","protected":false},"author":1,"featured_media":3161,"comment_status":"","ping_status":"open","sticky":false,"template":"","format":"standard","meta":{"footnotes":""},"categories":[4],"tags":[],"class_list":["post-3160","post","type-post","status-publish","format-standard","has-post-thumbnail","hentry","category-musica"],"yoast_head":"<!-- This site is optimized with the Yoast SEO plugin v26.8 - https:\/\/yoast.com\/product\/yoast-seo-wordpress\/ -->\n<title>Lauriete lan\u00e7a videoclipe para a can\u00e7\u00e3o &quot;Eu Vou Prosseguir&quot; - R\u00e1dio Porto Seguro<\/title>\n<meta name=\"robots\" content=\"index, follow, max-snippet:-1, max-image-preview:large, max-video-preview:-1\" \/>\n<link rel=\"canonical\" href=\"https:\/\/radioportoseguro.com.br\/site\/2026\/01\/18\/lauriete-lanca-videoclipe-para-a-cancao-eu-vou-prosseguir\/\" \/>\n<meta property=\"og:locale\" content=\"pt_BR\" \/>\n<meta property=\"og:type\" content=\"article\" \/>\n<meta property=\"og:title\" content=\"Lauriete lan\u00e7a videoclipe para a can\u00e7\u00e3o &quot;Eu Vou Prosseguir&quot; - R\u00e1dio Porto Seguro\" \/>\n<meta property=\"og:description\" content=\"De surpresa, a cantora Lauriete lan\u00e7ou o videoclipe oficial de sua nova m\u00fasica, \u201cEu Vou Prosseguir\u201d, dispon\u00edvel anteriormente nas plataformas de streaming apenas em \u00e1udio. Escrita por Alexandre Louren\u00e7o e produzida pelo maestro Melk Carvalhedo, essa \u00e9 a terceira can\u00e7\u00e3o in\u00e9dita lan\u00e7ada pela artista esse ano, ap\u00f3s &#8220;\u00c9 De Deus&#8221; e &#8220;Lugar Particular&#8221;, a \u00faltima [&hellip;]\" \/>\n<meta property=\"og:url\" content=\"https:\/\/radioportoseguro.com.br\/site\/2026\/01\/18\/lauriete-lanca-videoclipe-para-a-cancao-eu-vou-prosseguir\/\" \/>\n<meta property=\"og:site_name\" content=\"R\u00e1dio Porto Seguro\" \/>\n<meta property=\"article:published_time\" content=\"2026-01-18T22:06:41+00:00\" \/>\n<meta property=\"og:image\" content=\"https:\/\/radioportoseguro.com.br\/site\/wp-content\/uploads\/2026\/01\/11.PNG\" \/>\n\t<meta property=\"og:image:width\" content=\"1074\" \/>\n\t<meta property=\"og:image:height\" content=\"630\" \/>\n\t<meta property=\"og:image:type\" content=\"image\/png\" \/>\n<meta name=\"author\" content=\"admin\" \/>\n<meta name=\"twitter:card\" content=\"summary_large_image\" \/>\n<meta name=\"twitter:label1\" content=\"Escrito por\" \/>\n\t<meta name=\"twitter:data1\" content=\"admin\" \/>\n\t<meta name=\"twitter:label2\" content=\"Est. tempo de leitura\" \/>\n\t<meta name=\"twitter:data2\" content=\"1 minuto\" \/>\n<script type=\"application\/ld+json\" class=\"yoast-schema-graph\">{\"@context\":\"https:\/\/schema.org\",\"@graph\":[{\"@type\":\"Article\",\"@id\":\"https:\/\/radioportoseguro.com.br\/site\/2026\/01\/18\/lauriete-lanca-videoclipe-para-a-cancao-eu-vou-prosseguir\/#article\",\"isPartOf\":{\"@id\":\"https:\/\/radioportoseguro.com.br\/site\/2026\/01\/18\/lauriete-lanca-videoclipe-para-a-cancao-eu-vou-prosseguir\/\"},\"author\":{\"name\":\"admin\",\"@id\":\"https:\/\/radioportoseguro.com.br\/site\/#\/schema\/person\/7630acdc320186f13639d3c067ec089b\"},\"headline\":\"Lauriete lan\u00e7a videoclipe para a can\u00e7\u00e3o &#8220;Eu Vou Prosseguir&#8221;\",\"datePublished\":\"2026-01-18T22:06:41+00:00\",\"mainEntityOfPage\":{\"@id\":\"https:\/\/radioportoseguro.com.br\/site\/2026\/01\/18\/lauriete-lanca-videoclipe-para-a-cancao-eu-vou-prosseguir\/\"},\"wordCount\":254,\"image\":{\"@id\":\"https:\/\/radioportoseguro.com.br\/site\/2026\/01\/18\/lauriete-lanca-videoclipe-para-a-cancao-eu-vou-prosseguir\/#primaryimage\"},\"thumbnailUrl\":\"https:\/\/radioportoseguro.com.br\/site\/wp-content\/uploads\/2026\/01\/11.PNG\",\"articleSection\":[\"M\u00fasica\"],\"inLanguage\":\"pt-BR\"},{\"@type\":\"WebPage\",\"@id\":\"https:\/\/radioportoseguro.com.br\/site\/2026\/01\/18\/lauriete-lanca-videoclipe-para-a-cancao-eu-vou-prosseguir\/\",\"url\":\"https:\/\/radioportoseguro.com.br\/site\/2026\/01\/18\/lauriete-lanca-videoclipe-para-a-cancao-eu-vou-prosseguir\/\",\"name\":\"Lauriete lan\u00e7a videoclipe para a can\u00e7\u00e3o \\\"Eu Vou Prosseguir\\\" - R\u00e1dio Porto Seguro\",\"isPartOf\":{\"@id\":\"https:\/\/radioportoseguro.com.br\/site\/#website\"},\"primaryImageOfPage\":{\"@id\":\"https:\/\/radioportoseguro.com.br\/site\/2026\/01\/18\/lauriete-lanca-videoclipe-para-a-cancao-eu-vou-prosseguir\/#primaryimage\"},\"image\":{\"@id\":\"https:\/\/radioportoseguro.com.br\/site\/2026\/01\/18\/lauriete-lanca-videoclipe-para-a-cancao-eu-vou-prosseguir\/#primaryimage\"},\"thumbnailUrl\":\"https:\/\/radioportoseguro.com.br\/site\/wp-content\/uploads\/2026\/01\/11.PNG\",\"datePublished\":\"2026-01-18T22:06:41+00:00\",\"author\":{\"@id\":\"https:\/\/radioportoseguro.com.br\/site\/#\/schema\/person\/7630acdc320186f13639d3c067ec089b\"},\"breadcrumb\":{\"@id\":\"https:\/\/radioportoseguro.com.br\/site\/2026\/01\/18\/lauriete-lanca-videoclipe-para-a-cancao-eu-vou-prosseguir\/#breadcrumb\"},\"inLanguage\":\"pt-BR\",\"potentialAction\":[{\"@type\":\"ReadAction\",\"target\":[\"https:\/\/radioportoseguro.com.br\/site\/2026\/01\/18\/lauriete-lanca-videoclipe-para-a-cancao-eu-vou-prosseguir\/\"]}]},{\"@type\":\"ImageObject\",\"inLanguage\":\"pt-BR\",\"@id\":\"https:\/\/radioportoseguro.com.br\/site\/2026\/01\/18\/lauriete-lanca-videoclipe-para-a-cancao-eu-vou-prosseguir\/#primaryimage\",\"url\":\"https:\/\/radioportoseguro.com.br\/site\/wp-content\/uploads\/2026\/01\/11.PNG\",\"contentUrl\":\"https:\/\/radioportoseguro.com.br\/site\/wp-content\/uploads\/2026\/01\/11.PNG\",\"width\":1074,\"height\":630},{\"@type\":\"BreadcrumbList\",\"@id\":\"https:\/\/radioportoseguro.com.br\/site\/2026\/01\/18\/lauriete-lanca-videoclipe-para-a-cancao-eu-vou-prosseguir\/#breadcrumb\",\"itemListElement\":[{\"@type\":\"ListItem\",\"position\":1,\"name\":\"In\u00edcio\",\"item\":\"https:\/\/radioportoseguro.com.br\/site\/\"},{\"@type\":\"ListItem\",\"position\":2,\"name\":\"Lauriete lan\u00e7a videoclipe para a can\u00e7\u00e3o &#8220;Eu Vou Prosseguir&#8221;\"}]},{\"@type\":\"WebSite\",\"@id\":\"https:\/\/radioportoseguro.com.br\/site\/#website\",\"url\":\"https:\/\/radioportoseguro.com.br\/site\/\",\"name\":\"R\u00e1dio Porto Seguro\",\"description\":\"\",\"potentialAction\":[{\"@type\":\"SearchAction\",\"target\":{\"@type\":\"EntryPoint\",\"urlTemplate\":\"https:\/\/radioportoseguro.com.br\/site\/?s={search_term_string}\"},\"query-input\":{\"@type\":\"PropertyValueSpecification\",\"valueRequired\":true,\"valueName\":\"search_term_string\"}}],\"inLanguage\":\"pt-BR\"},{\"@type\":\"Person\",\"@id\":\"https:\/\/radioportoseguro.com.br\/site\/#\/schema\/person\/7630acdc320186f13639d3c067ec089b\",\"name\":\"admin\",\"image\":{\"@type\":\"ImageObject\",\"inLanguage\":\"pt-BR\",\"@id\":\"https:\/\/radioportoseguro.com.br\/site\/#\/schema\/person\/image\/\",\"url\":\"https:\/\/secure.gravatar.com\/avatar\/caacf4dc1eedb68fab0df8e1ed46c448e578b2466351bbcb61e47d2ac0caaef0?s=96&d=mm&r=g\",\"contentUrl\":\"https:\/\/secure.gravatar.com\/avatar\/caacf4dc1eedb68fab0df8e1ed46c448e578b2466351bbcb61e47d2ac0caaef0?s=96&d=mm&r=g\",\"caption\":\"admin\"},\"sameAs\":[\"https:\/\/radioportoseguro.com.br\/site\"],\"url\":\"https:\/\/radioportoseguro.com.br\/site\/author\/hezio\/\"}]}<\/script>\n<!-- \/ Yoast SEO plugin. -->","yoast_head_json":{"title":"Lauriete lan\u00e7a videoclipe para a can\u00e7\u00e3o \"Eu Vou Prosseguir\" - R\u00e1dio Porto Seguro","robots":{"index":"index","follow":"follow","max-snippet":"max-snippet:-1","max-image-preview":"max-image-preview:large","max-video-preview":"max-video-preview:-1"},"canonical":"https:\/\/radioportoseguro.com.br\/site\/2026\/01\/18\/lauriete-lanca-videoclipe-para-a-cancao-eu-vou-prosseguir\/","og_locale":"pt_BR","og_type":"article","og_title":"Lauriete lan\u00e7a videoclipe para a can\u00e7\u00e3o \"Eu Vou Prosseguir\" - R\u00e1dio Porto Seguro","og_description":"De surpresa, a cantora Lauriete lan\u00e7ou o videoclipe oficial de sua nova m\u00fasica, \u201cEu Vou Prosseguir\u201d, dispon\u00edvel anteriormente nas plataformas de streaming apenas em \u00e1udio. Escrita por Alexandre Louren\u00e7o e produzida pelo maestro Melk Carvalhedo, essa \u00e9 a terceira can\u00e7\u00e3o in\u00e9dita lan\u00e7ada pela artista esse ano, ap\u00f3s &#8220;\u00c9 De Deus&#8221; e &#8220;Lugar Particular&#8221;, a \u00faltima [&hellip;]","og_url":"https:\/\/radioportoseguro.com.br\/site\/2026\/01\/18\/lauriete-lanca-videoclipe-para-a-cancao-eu-vou-prosseguir\/","og_site_name":"R\u00e1dio Porto Seguro","article_published_time":"2026-01-18T22:06:41+00:00","og_image":[{"width":1074,"height":630,"url":"https:\/\/radioportoseguro.com.br\/site\/wp-content\/uploads\/2026\/01\/11.PNG","type":"image\/png"}],"author":"admin","twitter_card":"summary_large_image","twitter_misc":{"Escrito por":"admin","Est. tempo de leitura":"1 minuto"},"schema":{"@context":"https:\/\/schema.org","@graph":[{"@type":"Article","@id":"https:\/\/radioportoseguro.com.br\/site\/2026\/01\/18\/lauriete-lanca-videoclipe-para-a-cancao-eu-vou-prosseguir\/#article","isPartOf":{"@id":"https:\/\/radioportoseguro.com.br\/site\/2026\/01\/18\/lauriete-lanca-videoclipe-para-a-cancao-eu-vou-prosseguir\/"},"author":{"name":"admin","@id":"https:\/\/radioportoseguro.com.br\/site\/#\/schema\/person\/7630acdc320186f13639d3c067ec089b"},"headline":"Lauriete lan\u00e7a videoclipe para a can\u00e7\u00e3o &#8220;Eu Vou Prosseguir&#8221;","datePublished":"2026-01-18T22:06:41+00:00","mainEntityOfPage":{"@id":"https:\/\/radioportoseguro.com.br\/site\/2026\/01\/18\/lauriete-lanca-videoclipe-para-a-cancao-eu-vou-prosseguir\/"},"wordCount":254,"image":{"@id":"https:\/\/radioportoseguro.com.br\/site\/2026\/01\/18\/lauriete-lanca-videoclipe-para-a-cancao-eu-vou-prosseguir\/#primaryimage"},"thumbnailUrl":"https:\/\/radioportoseguro.com.br\/site\/wp-content\/uploads\/2026\/01\/11.PNG","articleSection":["M\u00fasica"],"inLanguage":"pt-BR"},{"@type":"WebPage","@id":"https:\/\/radioportoseguro.com.br\/site\/2026\/01\/18\/lauriete-lanca-videoclipe-para-a-cancao-eu-vou-prosseguir\/","url":"https:\/\/radioportoseguro.com.br\/site\/2026\/01\/18\/lauriete-lanca-videoclipe-para-a-cancao-eu-vou-prosseguir\/","name":"Lauriete lan\u00e7a videoclipe para a can\u00e7\u00e3o \"Eu Vou Prosseguir\" - R\u00e1dio Porto Seguro","isPartOf":{"@id":"https:\/\/radioportoseguro.com.br\/site\/#website"},"primaryImageOfPage":{"@id":"https:\/\/radioportoseguro.com.br\/site\/2026\/01\/18\/lauriete-lanca-videoclipe-para-a-cancao-eu-vou-prosseguir\/#primaryimage"},"image":{"@id":"https:\/\/radioportoseguro.com.br\/site\/2026\/01\/18\/lauriete-lanca-videoclipe-para-a-cancao-eu-vou-prosseguir\/#primaryimage"},"thumbnailUrl":"https:\/\/radioportoseguro.com.br\/site\/wp-content\/uploads\/2026\/01\/11.PNG","datePublished":"2026-01-18T22:06:41+00:00","author":{"@id":"https:\/\/radioportoseguro.com.br\/site\/#\/schema\/person\/7630acdc320186f13639d3c067ec089b"},"breadcrumb":{"@id":"https:\/\/radioportoseguro.com.br\/site\/2026\/01\/18\/lauriete-lanca-videoclipe-para-a-cancao-eu-vou-prosseguir\/#breadcrumb"},"inLanguage":"pt-BR","potentialAction":[{"@type":"ReadAction","target":["https:\/\/radioportoseguro.com.br\/site\/2026\/01\/18\/lauriete-lanca-videoclipe-para-a-cancao-eu-vou-prosseguir\/"]}]},{"@type":"ImageObject","inLanguage":"pt-BR","@id":"https:\/\/radioportoseguro.com.br\/site\/2026\/01\/18\/lauriete-lanca-videoclipe-para-a-cancao-eu-vou-prosseguir\/#primaryimage","url":"https:\/\/radioportoseguro.com.br\/site\/wp-content\/uploads\/2026\/01\/11.PNG","contentUrl":"https:\/\/radioportoseguro.com.br\/site\/wp-content\/uploads\/2026\/01\/11.PNG","width":1074,"height":630},{"@type":"BreadcrumbList","@id":"https:\/\/radioportoseguro.com.br\/site\/2026\/01\/18\/lauriete-lanca-videoclipe-para-a-cancao-eu-vou-prosseguir\/#breadcrumb","itemListElement":[{"@type":"ListItem","position":1,"name":"In\u00edcio","item":"https:\/\/radioportoseguro.com.br\/site\/"},{"@type":"ListItem","position":2,"name":"Lauriete lan\u00e7a videoclipe para a can\u00e7\u00e3o &#8220;Eu Vou Prosseguir&#8221;"}]},{"@type":"WebSite","@id":"https:\/\/radioportoseguro.com.br\/site\/#website","url":"https:\/\/radioportoseguro.com.br\/site\/","name":"R\u00e1dio Porto Seguro","description":"","potentialAction":[{"@type":"SearchAction","target":{"@type":"EntryPoint","urlTemplate":"https:\/\/radioportoseguro.com.br\/site\/?s={search_term_string}"},"query-input":{"@type":"PropertyValueSpecification","valueRequired":true,"valueName":"search_term_string"}}],"inLanguage":"pt-BR"},{"@type":"Person","@id":"https:\/\/radioportoseguro.com.br\/site\/#\/schema\/person\/7630acdc320186f13639d3c067ec089b","name":"admin","image":{"@type":"ImageObject","inLanguage":"pt-BR","@id":"https:\/\/radioportoseguro.com.br\/site\/#\/schema\/person\/image\/","url":"https:\/\/secure.gravatar.com\/avatar\/caacf4dc1eedb68fab0df8e1ed46c448e578b2466351bbcb61e47d2ac0caaef0?s=96&d=mm&r=g","contentUrl":"https:\/\/secure.gravatar.com\/avatar\/caacf4dc1eedb68fab0df8e1ed46c448e578b2466351bbcb61e47d2ac0caaef0?s=96&d=mm&r=g","caption":"admin"},"sameAs":["https:\/\/radioportoseguro.com.br\/site"],"url":"https:\/\/radioportoseguro.com.br\/site\/author\/hezio\/"}]}},"_links":{"self":[{"href":"https:\/\/radioportoseguro.com.br\/site\/wp-json\/wp\/v2\/posts\/3160","targetHints":{"allow":["GET"]}}],"collection":[{"href":"https:\/\/radioportoseguro.com.br\/site\/wp-json\/wp\/v2\/posts"}],"about":[{"href":"https:\/\/radioportoseguro.com.br\/site\/wp-json\/wp\/v2\/types\/post"}],"author":[{"embeddable":true,"href":"https:\/\/radioportoseguro.com.br\/site\/wp-json\/wp\/v2\/users\/1"}],"replies":[{"embeddable":true,"href":"https:\/\/radioportoseguro.com.br\/site\/wp-json\/wp\/v2\/comments?post=3160"}],"version-history":[{"count":0,"href":"https:\/\/radioportoseguro.com.br\/site\/wp-json\/wp\/v2\/posts\/3160\/revisions"}],"wp:featuredmedia":[{"embeddable":true,"href":"https:\/\/radioportoseguro.com.br\/site\/wp-json\/wp\/v2\/media\/3161"}],"wp:attachment":[{"href":"https:\/\/radioportoseguro.com.br\/site\/wp-json\/wp\/v2\/media?parent=3160"}],"wp:term":[{"taxonomy":"category","embeddable":true,"href":"https:\/\/radioportoseguro.com.br\/site\/wp-json\/wp\/v2\/categories?post=3160"},{"taxonomy":"post_tag","embeddable":true,"href":"https:\/\/radioportoseguro.com.br\/site\/wp-json\/wp\/v2\/tags?post=3160"}],"curies":[{"name":"wp","href":"https:\/\/api.w.org\/{rel}","templated":true}]}}