{"id":3172,"date":"2026-01-19T05:39:29","date_gmt":"2026-01-19T08:39:29","guid":{"rendered":"https:\/\/radioportoseguro.com.br\/site\/2026\/01\/19\/thayse-santos-lanca-a-sua-nova-musica-se-a-igreja-orar\/"},"modified":"2026-01-19T05:39:29","modified_gmt":"2026-01-19T08:39:29","slug":"thayse-santos-lanca-a-sua-nova-musica-se-a-igreja-orar","status":"publish","type":"post","link":"https:\/\/radioportoseguro.com.br\/site\/2026\/01\/19\/thayse-santos-lanca-a-sua-nova-musica-se-a-igreja-orar\/","title":{"rendered":"Thayse Santos lan\u00e7a a sua nova m\u00fasica &#8220;Se A Igreja Orar&#8221;"},"content":{"rendered":"<p><br \/>\n<\/p>\n<div id=\"post-body-1546672267821625351\" itemprop=\"articleBody\">\n<meta content=\"A cantora Thayse Santos acaba de lan\u00e7ar a can\u00e7\u00e3o \u201cSe A Igreja Orar\u201d , dispon\u00edvel com exclusividade nas plataformas de streaming pela Code Di...\" name=\"twitter:description\"\/><\/p>\n<p><!-- Postagens --><\/p>\n<div>\n<div class=\"separator\" style=\"clear: both; text-align: center;\"><\/div>\n<p><span style=\"font-family: helvetica;\"><br \/><\/span><\/div>\n<p><span style=\"font-family: helvetica;\">A cantora Thayse Santos acaba de lan\u00e7ar a can\u00e7\u00e3o <span style=\"color: #cc0000;\"><i>\u201cSe A Igreja Orar\u201d<\/i><\/span>, dispon\u00edvel com exclusividade nas plataformas de streaming pela Code Digital.<\/p>\n<p>Brasileira, atualmente residente na Europa, Thayse \u00e9 esposa do pastor Rafael Santos e m\u00e3e de tr\u00eas filhos. Seu envolvimento com a m\u00fasica come\u00e7ou ainda na inf\u00e2ncia, aos 7 anos, quando passou a demonstrar voca\u00e7\u00e3o para o louvor e a prega\u00e7\u00e3o.<\/p>\n<p>A faixa foi escrita por Dimael Kharrara e produzida por Andder Sant\u2019Ana, que tem em seu curr\u00edculo trabalhos ao lado de grandes nomes, como Shirley Carvalhaes, Daniel e Samuel e Noemi Nonato. O single integra um EP com cinco m\u00fasicas, que ser\u00e3o lan\u00e7adas gradativamente.<\/p>\n<p><i>\u201c\u00c9 um projeto que nasceu da ora\u00e7\u00e3o e da f\u00e9, com o prop\u00f3sito de tocar cora\u00e7\u00f5es e conduzir pessoas a uma experi\u00eancia mais profunda com o Senhor\u201d<\/i>, declarou.<\/p>\n<p>O videoclipe de <i><span style=\"color: #cc0000;\">\u201cSe A Igreja Orar\u201d<\/span><\/i> j\u00e1 est\u00e1 dispon\u00edvel no YouTube, e a can\u00e7\u00e3o pode ser ouvida em todas as plataformas digitais.<\/p>\n<p><\/span><\/p>\n<div><span style=\"font-family: helvetica;\"><br \/><\/span><\/p>\n<div>\n<div class=\"ose-youtube ose-uid-6024b7d72a5a238220ad3a0a56344122 ose-embedpress-responsive\" style=\"width:600px; height:600px; max-height:600px; max-width:100%; display:inline-block;\" data-embed-type=\"Youtube\"><iframe allowFullScreen=\"true\" title=\"Thayse Santos  I  Se a igreja orar  (Clipe Oficial)\" width=\"600\" height=\"600\" src=\"https:\/\/www.youtube.com\/embed\/fCTOmem2v2I?feature=oembed&color=red&rel=0&controls=1&start=&end=&fs=0&iv_load_policy=0&autoplay=0&mute=0&modestbranding=0&cc_load_policy=1&playsinline=1\" frameborder=\"0\" allow=\"accelerometer; encrypted-media;accelerometer;autoplay;clipboard-write;gyroscope;picture-in-picture clipboard-write; encrypted-media; gyroscope; picture-in-picture; web-share\" referrerpolicy=\"strict-origin-when-cross-origin\" allowfullscreen><\/iframe><\/div>\n<\/div>\n<\/div>\n<\/div>\n<p><script src=\"https:\/\/connect.facebook.net\/pt_BR\/all.js#xfbml=1\"><\/script><script>\n\/\/<![CDATA[\n(function(d, s, id) {\n  var js, fjs = d.getElementsByTagName(s)[0];\n  if (d.getElementById(id)) return;\n  js = d.createElement(s); js.id = id;\n  js.src = \"\/\/connect.facebook.net\/en_US\/sdk.js#xfbml=1&#038;version=v2.5\";\n  fjs.parentNode.insertBefore(js, fjs);\n}(document, 'script', 'facebook-jssdk'));\n\/\/]]>\ngoogle.com, pub-1504690508349431, DIRECT, f08c47fec0942fa0\n<\/script><br \/>\n<br \/><br \/>\n<br \/>Fonte: News Gospel<\/p>\n","protected":false},"excerpt":{"rendered":"<p>A cantora Thayse Santos acaba de lan\u00e7ar a can\u00e7\u00e3o \u201cSe A Igreja Orar\u201d, dispon\u00edvel com exclusividade nas plataformas de streaming pela Code Digital. Brasileira, atualmente residente na Europa, Thayse \u00e9 esposa do pastor Rafael Santos e m\u00e3e de tr\u00eas filhos. Seu envolvimento com a m\u00fasica come\u00e7ou ainda na inf\u00e2ncia, aos 7 anos, quando passou a [&hellip;]<\/p>\n","protected":false},"author":1,"featured_media":3173,"comment_status":"","ping_status":"open","sticky":false,"template":"","format":"standard","meta":{"footnotes":""},"categories":[4],"tags":[],"class_list":["post-3172","post","type-post","status-publish","format-standard","has-post-thumbnail","hentry","category-musica"],"yoast_head":"<!-- This site is optimized with the Yoast SEO plugin v26.8 - https:\/\/yoast.com\/product\/yoast-seo-wordpress\/ -->\n<title>Thayse Santos lan\u00e7a a sua nova m\u00fasica &quot;Se A Igreja Orar&quot; - R\u00e1dio Porto Seguro<\/title>\n<meta name=\"robots\" content=\"index, follow, max-snippet:-1, max-image-preview:large, max-video-preview:-1\" \/>\n<link rel=\"canonical\" href=\"https:\/\/radioportoseguro.com.br\/site\/2026\/01\/19\/thayse-santos-lanca-a-sua-nova-musica-se-a-igreja-orar\/\" \/>\n<meta property=\"og:locale\" content=\"pt_BR\" \/>\n<meta property=\"og:type\" content=\"article\" \/>\n<meta property=\"og:title\" content=\"Thayse Santos lan\u00e7a a sua nova m\u00fasica &quot;Se A Igreja Orar&quot; - R\u00e1dio Porto Seguro\" \/>\n<meta property=\"og:description\" content=\"A cantora Thayse Santos acaba de lan\u00e7ar a can\u00e7\u00e3o \u201cSe A Igreja Orar\u201d, dispon\u00edvel com exclusividade nas plataformas de streaming pela Code Digital. Brasileira, atualmente residente na Europa, Thayse \u00e9 esposa do pastor Rafael Santos e m\u00e3e de tr\u00eas filhos. Seu envolvimento com a m\u00fasica come\u00e7ou ainda na inf\u00e2ncia, aos 7 anos, quando passou a [&hellip;]\" \/>\n<meta property=\"og:url\" content=\"https:\/\/radioportoseguro.com.br\/site\/2026\/01\/19\/thayse-santos-lanca-a-sua-nova-musica-se-a-igreja-orar\/\" \/>\n<meta property=\"og:site_name\" content=\"R\u00e1dio Porto Seguro\" \/>\n<meta property=\"article:published_time\" content=\"2026-01-19T08:39:29+00:00\" \/>\n<meta property=\"og:image\" content=\"https:\/\/radioportoseguro.com.br\/site\/wp-content\/uploads\/2026\/01\/FOTO20PERFIL.png\" \/>\n\t<meta property=\"og:image:width\" content=\"1200\" \/>\n\t<meta property=\"og:image:height\" content=\"630\" \/>\n\t<meta property=\"og:image:type\" content=\"image\/png\" \/>\n<meta name=\"author\" content=\"admin\" \/>\n<meta name=\"twitter:card\" content=\"summary_large_image\" \/>\n<meta name=\"twitter:label1\" content=\"Escrito por\" \/>\n\t<meta name=\"twitter:data1\" content=\"admin\" \/>\n\t<meta name=\"twitter:label2\" content=\"Est. tempo de leitura\" \/>\n\t<meta name=\"twitter:data2\" content=\"1 minuto\" \/>\n<script type=\"application\/ld+json\" class=\"yoast-schema-graph\">{\"@context\":\"https:\/\/schema.org\",\"@graph\":[{\"@type\":\"Article\",\"@id\":\"https:\/\/radioportoseguro.com.br\/site\/2026\/01\/19\/thayse-santos-lanca-a-sua-nova-musica-se-a-igreja-orar\/#article\",\"isPartOf\":{\"@id\":\"https:\/\/radioportoseguro.com.br\/site\/2026\/01\/19\/thayse-santos-lanca-a-sua-nova-musica-se-a-igreja-orar\/\"},\"author\":{\"name\":\"admin\",\"@id\":\"https:\/\/radioportoseguro.com.br\/site\/#\/schema\/person\/7630acdc320186f13639d3c067ec089b\"},\"headline\":\"Thayse Santos lan\u00e7a a sua nova m\u00fasica &#8220;Se A Igreja Orar&#8221;\",\"datePublished\":\"2026-01-19T08:39:29+00:00\",\"mainEntityOfPage\":{\"@id\":\"https:\/\/radioportoseguro.com.br\/site\/2026\/01\/19\/thayse-santos-lanca-a-sua-nova-musica-se-a-igreja-orar\/\"},\"wordCount\":205,\"image\":{\"@id\":\"https:\/\/radioportoseguro.com.br\/site\/2026\/01\/19\/thayse-santos-lanca-a-sua-nova-musica-se-a-igreja-orar\/#primaryimage\"},\"thumbnailUrl\":\"https:\/\/radioportoseguro.com.br\/site\/wp-content\/uploads\/2026\/01\/FOTO20PERFIL.png\",\"articleSection\":[\"M\u00fasica\"],\"inLanguage\":\"pt-BR\"},{\"@type\":\"WebPage\",\"@id\":\"https:\/\/radioportoseguro.com.br\/site\/2026\/01\/19\/thayse-santos-lanca-a-sua-nova-musica-se-a-igreja-orar\/\",\"url\":\"https:\/\/radioportoseguro.com.br\/site\/2026\/01\/19\/thayse-santos-lanca-a-sua-nova-musica-se-a-igreja-orar\/\",\"name\":\"Thayse Santos lan\u00e7a a sua nova m\u00fasica \\\"Se A Igreja Orar\\\" - R\u00e1dio Porto Seguro\",\"isPartOf\":{\"@id\":\"https:\/\/radioportoseguro.com.br\/site\/#website\"},\"primaryImageOfPage\":{\"@id\":\"https:\/\/radioportoseguro.com.br\/site\/2026\/01\/19\/thayse-santos-lanca-a-sua-nova-musica-se-a-igreja-orar\/#primaryimage\"},\"image\":{\"@id\":\"https:\/\/radioportoseguro.com.br\/site\/2026\/01\/19\/thayse-santos-lanca-a-sua-nova-musica-se-a-igreja-orar\/#primaryimage\"},\"thumbnailUrl\":\"https:\/\/radioportoseguro.com.br\/site\/wp-content\/uploads\/2026\/01\/FOTO20PERFIL.png\",\"datePublished\":\"2026-01-19T08:39:29+00:00\",\"author\":{\"@id\":\"https:\/\/radioportoseguro.com.br\/site\/#\/schema\/person\/7630acdc320186f13639d3c067ec089b\"},\"breadcrumb\":{\"@id\":\"https:\/\/radioportoseguro.com.br\/site\/2026\/01\/19\/thayse-santos-lanca-a-sua-nova-musica-se-a-igreja-orar\/#breadcrumb\"},\"inLanguage\":\"pt-BR\",\"potentialAction\":[{\"@type\":\"ReadAction\",\"target\":[\"https:\/\/radioportoseguro.com.br\/site\/2026\/01\/19\/thayse-santos-lanca-a-sua-nova-musica-se-a-igreja-orar\/\"]}]},{\"@type\":\"ImageObject\",\"inLanguage\":\"pt-BR\",\"@id\":\"https:\/\/radioportoseguro.com.br\/site\/2026\/01\/19\/thayse-santos-lanca-a-sua-nova-musica-se-a-igreja-orar\/#primaryimage\",\"url\":\"https:\/\/radioportoseguro.com.br\/site\/wp-content\/uploads\/2026\/01\/FOTO20PERFIL.png\",\"contentUrl\":\"https:\/\/radioportoseguro.com.br\/site\/wp-content\/uploads\/2026\/01\/FOTO20PERFIL.png\",\"width\":1200,\"height\":630},{\"@type\":\"BreadcrumbList\",\"@id\":\"https:\/\/radioportoseguro.com.br\/site\/2026\/01\/19\/thayse-santos-lanca-a-sua-nova-musica-se-a-igreja-orar\/#breadcrumb\",\"itemListElement\":[{\"@type\":\"ListItem\",\"position\":1,\"name\":\"In\u00edcio\",\"item\":\"https:\/\/radioportoseguro.com.br\/site\/\"},{\"@type\":\"ListItem\",\"position\":2,\"name\":\"Thayse Santos lan\u00e7a a sua nova m\u00fasica &#8220;Se A Igreja Orar&#8221;\"}]},{\"@type\":\"WebSite\",\"@id\":\"https:\/\/radioportoseguro.com.br\/site\/#website\",\"url\":\"https:\/\/radioportoseguro.com.br\/site\/\",\"name\":\"R\u00e1dio Porto Seguro\",\"description\":\"\",\"potentialAction\":[{\"@type\":\"SearchAction\",\"target\":{\"@type\":\"EntryPoint\",\"urlTemplate\":\"https:\/\/radioportoseguro.com.br\/site\/?s={search_term_string}\"},\"query-input\":{\"@type\":\"PropertyValueSpecification\",\"valueRequired\":true,\"valueName\":\"search_term_string\"}}],\"inLanguage\":\"pt-BR\"},{\"@type\":\"Person\",\"@id\":\"https:\/\/radioportoseguro.com.br\/site\/#\/schema\/person\/7630acdc320186f13639d3c067ec089b\",\"name\":\"admin\",\"image\":{\"@type\":\"ImageObject\",\"inLanguage\":\"pt-BR\",\"@id\":\"https:\/\/radioportoseguro.com.br\/site\/#\/schema\/person\/image\/\",\"url\":\"https:\/\/secure.gravatar.com\/avatar\/caacf4dc1eedb68fab0df8e1ed46c448e578b2466351bbcb61e47d2ac0caaef0?s=96&d=mm&r=g\",\"contentUrl\":\"https:\/\/secure.gravatar.com\/avatar\/caacf4dc1eedb68fab0df8e1ed46c448e578b2466351bbcb61e47d2ac0caaef0?s=96&d=mm&r=g\",\"caption\":\"admin\"},\"sameAs\":[\"https:\/\/radioportoseguro.com.br\/site\"],\"url\":\"https:\/\/radioportoseguro.com.br\/site\/author\/hezio\/\"}]}<\/script>\n<!-- \/ Yoast SEO plugin. -->","yoast_head_json":{"title":"Thayse Santos lan\u00e7a a sua nova m\u00fasica \"Se A Igreja Orar\" - R\u00e1dio Porto Seguro","robots":{"index":"index","follow":"follow","max-snippet":"max-snippet:-1","max-image-preview":"max-image-preview:large","max-video-preview":"max-video-preview:-1"},"canonical":"https:\/\/radioportoseguro.com.br\/site\/2026\/01\/19\/thayse-santos-lanca-a-sua-nova-musica-se-a-igreja-orar\/","og_locale":"pt_BR","og_type":"article","og_title":"Thayse Santos lan\u00e7a a sua nova m\u00fasica \"Se A Igreja Orar\" - R\u00e1dio Porto Seguro","og_description":"A cantora Thayse Santos acaba de lan\u00e7ar a can\u00e7\u00e3o \u201cSe A Igreja Orar\u201d, dispon\u00edvel com exclusividade nas plataformas de streaming pela Code Digital. Brasileira, atualmente residente na Europa, Thayse \u00e9 esposa do pastor Rafael Santos e m\u00e3e de tr\u00eas filhos. Seu envolvimento com a m\u00fasica come\u00e7ou ainda na inf\u00e2ncia, aos 7 anos, quando passou a [&hellip;]","og_url":"https:\/\/radioportoseguro.com.br\/site\/2026\/01\/19\/thayse-santos-lanca-a-sua-nova-musica-se-a-igreja-orar\/","og_site_name":"R\u00e1dio Porto Seguro","article_published_time":"2026-01-19T08:39:29+00:00","og_image":[{"width":1200,"height":630,"url":"https:\/\/radioportoseguro.com.br\/site\/wp-content\/uploads\/2026\/01\/FOTO20PERFIL.png","type":"image\/png"}],"author":"admin","twitter_card":"summary_large_image","twitter_misc":{"Escrito por":"admin","Est. tempo de leitura":"1 minuto"},"schema":{"@context":"https:\/\/schema.org","@graph":[{"@type":"Article","@id":"https:\/\/radioportoseguro.com.br\/site\/2026\/01\/19\/thayse-santos-lanca-a-sua-nova-musica-se-a-igreja-orar\/#article","isPartOf":{"@id":"https:\/\/radioportoseguro.com.br\/site\/2026\/01\/19\/thayse-santos-lanca-a-sua-nova-musica-se-a-igreja-orar\/"},"author":{"name":"admin","@id":"https:\/\/radioportoseguro.com.br\/site\/#\/schema\/person\/7630acdc320186f13639d3c067ec089b"},"headline":"Thayse Santos lan\u00e7a a sua nova m\u00fasica &#8220;Se A Igreja Orar&#8221;","datePublished":"2026-01-19T08:39:29+00:00","mainEntityOfPage":{"@id":"https:\/\/radioportoseguro.com.br\/site\/2026\/01\/19\/thayse-santos-lanca-a-sua-nova-musica-se-a-igreja-orar\/"},"wordCount":205,"image":{"@id":"https:\/\/radioportoseguro.com.br\/site\/2026\/01\/19\/thayse-santos-lanca-a-sua-nova-musica-se-a-igreja-orar\/#primaryimage"},"thumbnailUrl":"https:\/\/radioportoseguro.com.br\/site\/wp-content\/uploads\/2026\/01\/FOTO20PERFIL.png","articleSection":["M\u00fasica"],"inLanguage":"pt-BR"},{"@type":"WebPage","@id":"https:\/\/radioportoseguro.com.br\/site\/2026\/01\/19\/thayse-santos-lanca-a-sua-nova-musica-se-a-igreja-orar\/","url":"https:\/\/radioportoseguro.com.br\/site\/2026\/01\/19\/thayse-santos-lanca-a-sua-nova-musica-se-a-igreja-orar\/","name":"Thayse Santos lan\u00e7a a sua nova m\u00fasica \"Se A Igreja Orar\" - R\u00e1dio Porto Seguro","isPartOf":{"@id":"https:\/\/radioportoseguro.com.br\/site\/#website"},"primaryImageOfPage":{"@id":"https:\/\/radioportoseguro.com.br\/site\/2026\/01\/19\/thayse-santos-lanca-a-sua-nova-musica-se-a-igreja-orar\/#primaryimage"},"image":{"@id":"https:\/\/radioportoseguro.com.br\/site\/2026\/01\/19\/thayse-santos-lanca-a-sua-nova-musica-se-a-igreja-orar\/#primaryimage"},"thumbnailUrl":"https:\/\/radioportoseguro.com.br\/site\/wp-content\/uploads\/2026\/01\/FOTO20PERFIL.png","datePublished":"2026-01-19T08:39:29+00:00","author":{"@id":"https:\/\/radioportoseguro.com.br\/site\/#\/schema\/person\/7630acdc320186f13639d3c067ec089b"},"breadcrumb":{"@id":"https:\/\/radioportoseguro.com.br\/site\/2026\/01\/19\/thayse-santos-lanca-a-sua-nova-musica-se-a-igreja-orar\/#breadcrumb"},"inLanguage":"pt-BR","potentialAction":[{"@type":"ReadAction","target":["https:\/\/radioportoseguro.com.br\/site\/2026\/01\/19\/thayse-santos-lanca-a-sua-nova-musica-se-a-igreja-orar\/"]}]},{"@type":"ImageObject","inLanguage":"pt-BR","@id":"https:\/\/radioportoseguro.com.br\/site\/2026\/01\/19\/thayse-santos-lanca-a-sua-nova-musica-se-a-igreja-orar\/#primaryimage","url":"https:\/\/radioportoseguro.com.br\/site\/wp-content\/uploads\/2026\/01\/FOTO20PERFIL.png","contentUrl":"https:\/\/radioportoseguro.com.br\/site\/wp-content\/uploads\/2026\/01\/FOTO20PERFIL.png","width":1200,"height":630},{"@type":"BreadcrumbList","@id":"https:\/\/radioportoseguro.com.br\/site\/2026\/01\/19\/thayse-santos-lanca-a-sua-nova-musica-se-a-igreja-orar\/#breadcrumb","itemListElement":[{"@type":"ListItem","position":1,"name":"In\u00edcio","item":"https:\/\/radioportoseguro.com.br\/site\/"},{"@type":"ListItem","position":2,"name":"Thayse Santos lan\u00e7a a sua nova m\u00fasica &#8220;Se A Igreja Orar&#8221;"}]},{"@type":"WebSite","@id":"https:\/\/radioportoseguro.com.br\/site\/#website","url":"https:\/\/radioportoseguro.com.br\/site\/","name":"R\u00e1dio Porto Seguro","description":"","potentialAction":[{"@type":"SearchAction","target":{"@type":"EntryPoint","urlTemplate":"https:\/\/radioportoseguro.com.br\/site\/?s={search_term_string}"},"query-input":{"@type":"PropertyValueSpecification","valueRequired":true,"valueName":"search_term_string"}}],"inLanguage":"pt-BR"},{"@type":"Person","@id":"https:\/\/radioportoseguro.com.br\/site\/#\/schema\/person\/7630acdc320186f13639d3c067ec089b","name":"admin","image":{"@type":"ImageObject","inLanguage":"pt-BR","@id":"https:\/\/radioportoseguro.com.br\/site\/#\/schema\/person\/image\/","url":"https:\/\/secure.gravatar.com\/avatar\/caacf4dc1eedb68fab0df8e1ed46c448e578b2466351bbcb61e47d2ac0caaef0?s=96&d=mm&r=g","contentUrl":"https:\/\/secure.gravatar.com\/avatar\/caacf4dc1eedb68fab0df8e1ed46c448e578b2466351bbcb61e47d2ac0caaef0?s=96&d=mm&r=g","caption":"admin"},"sameAs":["https:\/\/radioportoseguro.com.br\/site"],"url":"https:\/\/radioportoseguro.com.br\/site\/author\/hezio\/"}]}},"_links":{"self":[{"href":"https:\/\/radioportoseguro.com.br\/site\/wp-json\/wp\/v2\/posts\/3172","targetHints":{"allow":["GET"]}}],"collection":[{"href":"https:\/\/radioportoseguro.com.br\/site\/wp-json\/wp\/v2\/posts"}],"about":[{"href":"https:\/\/radioportoseguro.com.br\/site\/wp-json\/wp\/v2\/types\/post"}],"author":[{"embeddable":true,"href":"https:\/\/radioportoseguro.com.br\/site\/wp-json\/wp\/v2\/users\/1"}],"replies":[{"embeddable":true,"href":"https:\/\/radioportoseguro.com.br\/site\/wp-json\/wp\/v2\/comments?post=3172"}],"version-history":[{"count":0,"href":"https:\/\/radioportoseguro.com.br\/site\/wp-json\/wp\/v2\/posts\/3172\/revisions"}],"wp:featuredmedia":[{"embeddable":true,"href":"https:\/\/radioportoseguro.com.br\/site\/wp-json\/wp\/v2\/media\/3173"}],"wp:attachment":[{"href":"https:\/\/radioportoseguro.com.br\/site\/wp-json\/wp\/v2\/media?parent=3172"}],"wp:term":[{"taxonomy":"category","embeddable":true,"href":"https:\/\/radioportoseguro.com.br\/site\/wp-json\/wp\/v2\/categories?post=3172"},{"taxonomy":"post_tag","embeddable":true,"href":"https:\/\/radioportoseguro.com.br\/site\/wp-json\/wp\/v2\/tags?post=3172"}],"curies":[{"name":"wp","href":"https:\/\/api.w.org\/{rel}","templated":true}]}}