{"id":3209,"date":"2026-01-19T23:57:19","date_gmt":"2026-01-20T02:57:19","guid":{"rendered":"https:\/\/radioportoseguro.com.br\/site\/2026\/01\/19\/agir-a-coragem-de-fazer-o-que-o-ano-pedira-de-voce\/"},"modified":"2026-01-19T23:57:19","modified_gmt":"2026-01-20T02:57:19","slug":"agir-a-coragem-de-fazer-o-que-o-ano-pedira-de-voce","status":"publish","type":"post","link":"https:\/\/radioportoseguro.com.br\/site\/2026\/01\/19\/agir-a-coragem-de-fazer-o-que-o-ano-pedira-de-voce\/","title":{"rendered":"Agir: A coragem de fazer o que o ano pedir\u00e1 de voc\u00ea"},"content":{"rendered":"<p><br \/>\n<br \/><\/p>\n<div>\n<p>Se no primeiro epis\u00f3dio falamos sobre <em>acordar<\/em> e no segundo falamos sobre <em>deixar para tr\u00e1s<\/em>, ent\u00e3o agora chegamos ao ponto em que tudo come\u00e7a a ganhar forma:<\/p>\n<p><strong>AGIR. <\/strong>Porque acordar abre os olhos. Deixar pesos para tr\u00e1s abre espa\u00e7o. Mas \u00e9 <em>agir<\/em> que abre caminho.<\/p>\n<p>A vontade de Deus n\u00e3o \u00e9 apenas percebida \u2014 \u00e9 vivida. E isso exige coragem, movimento, decis\u00e3o, disposi\u00e7\u00e3o e f\u00e9 em a\u00e7\u00e3o.<\/p>\n<p style=\"text-align: center;\">\u201cEsfor\u00e7a-te e tem bom \u00e2nimo; n\u00e3o temas, nem te espantes, porque o Senhor, teu Deus, \u00e9 contigo por onde quer que andares.\u201d<br \/>\u2014 Josu\u00e9 1:9<\/p>\n<p>Antes de Josu\u00e9 ver as muralhas ca\u00edrem, antes de pisar em Cana\u00e3, antes de liderar uma na\u00e7\u00e3o inteira, ele recebeu um comando: <strong>levante-se e haja<\/strong>.<\/p>\n<p>A f\u00e9 n\u00e3o acontece parada. Ela se revela no movimento. <strong>\u201cA f\u00e9 s\u00f3 \u00e9 f\u00e9 quando age.\u201d\u00a0 Dietrich Bonhoeffer<\/strong><\/p>\n<p>\u00a0<\/p>\n<p><strong>A B\u00cdBLIA E A CORAGEM DE AGIR. <\/strong>Em toda a Escritura, Deus chama pessoas \u00e0 a\u00e7\u00e3o:<\/p>\n<p><strong>Abra\u00e3o: <\/strong>\u201cSai da tua terra\u2026\u201d (G\u00eanesis 12:1) A promessa s\u00f3 se cumpriu porque ele levantou o p\u00e9.<\/p>\n<p><strong>Mois\u00e9s: <\/strong>\u201cDize ao povo que marche.\u201d (\u00caxodo 14:15) O mar abriu <strong>depois<\/strong> do movimento.<\/p>\n<p><strong>Ester: <\/strong>\u201c\u2026e se perecer, pereci.\u201d (Ester 4:16) A coragem dela salvou uma na\u00e7\u00e3o.<\/p>\n<p><strong>Pedro: <\/strong>\u201cAndou sobre as \u00e1guas.\u201d (Mateus 14:29) Enquanto olhava para Jesus, o imposs\u00edvel virou ch\u00e3o.<\/p>\n<p><strong>O paral\u00edtico: <\/strong>\u201cLevanta-te, toma o teu leito e anda.\u201d (Jo\u00e3o 5:8) O milagre aconteceu no levantar.<\/p>\n<p>Em todos esses momentos, Deus liberou dire\u00e7\u00e3o, mas <strong>eles liberaram movimento<\/strong>.<\/p>\n<p>Descobrimos algo importante:\u00a0 A a\u00e7\u00e3o humana ativa cen\u00e1rios espirituais.<\/p>\n<p>Muitas vezes esperamos Deus fazer, enquanto Deus est\u00e1 esperando <strong>voc\u00ea levantar<\/strong>.<\/p>\n<p>\u00a0<\/p>\n<p><strong>NEUROCI\u00caNCIA DA A\u00c7\u00c3O \u2014 POR QUE COME\u00c7AR MUDA O C\u00c9REBRO<\/strong><\/p>\n<p>A ci\u00eancia aponta algo fascinante: <strong>agir cria impulso interno<\/strong>.<\/p>\n<p style=\"padding-left: 30px;\"><strong>1. A\u00e7\u00e3o quebra o ciclo da paralisia<\/strong><br \/>Pesquisas de Dr. Judson Brewer mostram que o c\u00e9rebro fica preso em loops de ansiedade, medo e hesita\u00e7\u00e3o \u2014<br \/>e que a \u00fanica forma de quebrar esse ciclo \u00e9 uma micro-a\u00e7\u00e3o.<\/p>\n<p style=\"padding-left: 30px;\"><strong>2. A\u00e7\u00e3o diminui o medo<\/strong><br \/>O neurocientista Andrew Huberman afirma que o movimento intencional reduz a atividade da am\u00edgdala (centro do medo).<br \/>Ou seja: <strong>agimos com medo, e o medo diminui porque agimos.<\/strong><\/p>\n<p style=\"padding-left: 30px;\"><strong>3. A\u00e7\u00e3o produz dopamina<\/strong><br \/>Quando voc\u00ea inicia uma tarefa \u2014 mesmo pequena \u2014 o c\u00e9rebro libera dopamina, aumentando motiva\u00e7\u00e3o, foco e energia.<\/p>\n<p style=\"padding-left: 30px;\"><strong>4. A\u00e7\u00e3o cria consist\u00eancia<\/strong><br \/>A neuroplasticidade acontece quando pequenos comportamentos s\u00e3o repetidos.<br \/>Deus n\u00e3o precisa de grandes passos \u2014 Ele aben\u00e7oa passos constantes.<\/p>\n<p style=\"padding-left: 30px;\"><strong>5. A\u00e7\u00e3o transforma identidade<\/strong><br \/>A psicologia comportamental mostra que uma a\u00e7\u00e3o repetida se transforma em identidade:<br \/>\u201cEu ajo \u2192 eu me torno.\u201d<\/p>\n<p>\u00c9 exatamente o que Tiago escreve: \u201cSejam praticantes da Palavra, e n\u00e3o apenas ouvintes.\u201d\u00a0 Tiago 1:22<\/p>\n<p>A\u00e7\u00e3o transforma cora\u00e7\u00e3o, mente e destino!<\/p>\n<p>\u00a0<\/p>\n<p><strong>A CORAGEM QUE VEM DE DEUS<\/strong><\/p>\n<p>A coragem b\u00edblica nunca foi aus\u00eancia de medo e sempre a certeza da presen\u00e7a.<\/p>\n<p>Deus disse a Josu\u00e9: <strong>\u201cEu sou contigo.\u201d<\/strong><\/p>\n<p>A coragem nasce da companhia. A a\u00e7\u00e3o nasce da confian\u00e7a.<\/p>\n<p>E Deus n\u00e3o muda: o mesmo que disse a Josu\u00e9 diz a voc\u00ea em 2026:<\/p>\n<p>\u201cEsfor\u00e7a-te e tem bom \u00e2nimo; n\u00e3o temas\u2026\u201d (Josu\u00e9 1:9)<\/p>\n<p>Voc\u00ea n\u00e3o vai agir sozinha. Voc\u00ea vai agir <em>com<\/em> Deus.<\/p>\n<p>\u00a0<\/p>\n<p><strong>PARA PENSAR, DIGERIR E AGIR<\/strong><\/p>\n<p style=\"padding-left: 30px;\">&#8211; O que Deus tem te pedido para fazer neste in\u00edcio de ano?<\/p>\n<p style=\"padding-left: 30px;\">&#8211; Qual movimento voc\u00ea est\u00e1 adiando por medo, inseguran\u00e7a ou d\u00favida?<\/p>\n<p style=\"padding-left: 30px;\">&#8211; Que passo, mesmo pequeno, voc\u00ea pode dar hoje?<\/p>\n<p style=\"padding-left: 30px;\">&#8211; O que depende de ora\u00e7\u00e3o \u2014 e o que depende de a\u00e7\u00e3o?<\/p>\n<p style=\"padding-left: 30px;\">&#8211; Se voc\u00ea realmente acreditasse que Deus \u00e9 contigo, o que voc\u00ea faria agora?<\/p>\n<p>\u00a0<\/p>\n<p><strong>VAMOS ORAR, JUNTOS?<\/strong><\/p>\n<p>\u201cSenhor, d\u00e1-me coragem para agir, mesmo quando eu ainda n\u00e3o vejo tudo com clareza.<br \/>Fortalece meu cora\u00e7\u00e3o, renova minha f\u00e9, e enche meus passos da Tua presen\u00e7a.<br \/>Que eu n\u00e3o paralise no medo, mas avance na confian\u00e7a de que Tu \u00e9s comigo.<br \/>Que cada decis\u00e3o deste ano reflita o Teu querer e me conduza para mais perto do prop\u00f3sito que preparaste para mim.<br \/>Am\u00e9m.\u201d<\/p>\n<p>\u00a0<\/p>\n<p><strong>COMPARTILHE AGORA MESMO<\/strong><\/p>\n<p>Se esta palavra te levantou, <strong>compartilhe com algu\u00e9m que precisa de coragem para dar o primeiro passo em 2026.<\/strong><\/p>\n<p>No 4\u00ba epis\u00f3dio, vamos conversar sobre: <strong>ALINHAR O CAMINHO: O COME\u00c7O QUE PERMANECE.<\/strong><\/p>\n<p>At\u00e9 l\u00e1!<\/p>\n<p>\u00a0<\/p>\n<p><strong>Rosana S\u00e1<\/strong>\u00a0(@rosanasa_oficial) \u00e9 Mentora Executiva, Professora Universit\u00e1ria e CEO da Cyclos Consultoria. Especialista em comportamento, neuroci\u00eancia e lideran\u00e7a. Palestrante e conferencista, serve ao Senhor na IMW como Diretora Geral de Minist\u00e9rios, conduzindo l\u00edderes e equipes\u00a0com\u00a0prop\u00f3sito.<\/p>\n<p><em>* O conte\u00fado do texto acima \u00e9 de colabora\u00e7\u00e3o volunt\u00e1ria, seu teor \u00e9 de total responsabilidade do autor e n\u00e3o reflete necessariamente a opini\u00e3o do Portal Guiame.<\/em><\/p>\n<p>Leia o artigo anterior: <span style=\"color: #800000;\"><strong>O peso certo: Come\u00e7ar leve para ir longe<\/strong><\/span><\/p>\n<p>\u00a0<\/p>\n<\/div>\n<p><br \/>\n<br \/>Fonte: Guiame <\/p>\n","protected":false},"excerpt":{"rendered":"<p>Se no primeiro epis\u00f3dio falamos sobre acordar e no segundo falamos sobre deixar para tr\u00e1s, ent\u00e3o agora chegamos ao ponto em que tudo come\u00e7a a ganhar forma: AGIR. Porque acordar abre os olhos. Deixar pesos para tr\u00e1s abre espa\u00e7o. Mas \u00e9 agir que abre caminho. A vontade de Deus n\u00e3o \u00e9 apenas percebida \u2014 \u00e9 [&hellip;]<\/p>\n","protected":false},"author":1,"featured_media":3210,"comment_status":"","ping_status":"open","sticky":false,"template":"","format":"standard","meta":{"footnotes":""},"categories":[43],"tags":[],"class_list":["post-3209","post","type-post","status-publish","format-standard","has-post-thumbnail","hentry","category-destaques"],"yoast_head":"<!-- This site is optimized with the Yoast SEO plugin v26.8 - https:\/\/yoast.com\/product\/yoast-seo-wordpress\/ -->\n<title>Agir: A coragem de fazer o que o ano pedir\u00e1 de voc\u00ea - R\u00e1dio Porto Seguro<\/title>\n<meta name=\"robots\" content=\"index, follow, max-snippet:-1, max-image-preview:large, max-video-preview:-1\" \/>\n<link rel=\"canonical\" href=\"https:\/\/radioportoseguro.com.br\/site\/2026\/01\/19\/agir-a-coragem-de-fazer-o-que-o-ano-pedira-de-voce\/\" \/>\n<meta property=\"og:locale\" content=\"pt_BR\" \/>\n<meta property=\"og:type\" content=\"article\" \/>\n<meta property=\"og:title\" content=\"Agir: A coragem de fazer o que o ano pedir\u00e1 de voc\u00ea - R\u00e1dio Porto Seguro\" \/>\n<meta property=\"og:description\" content=\"Se no primeiro epis\u00f3dio falamos sobre acordar e no segundo falamos sobre deixar para tr\u00e1s, ent\u00e3o agora chegamos ao ponto em que tudo come\u00e7a a ganhar forma: AGIR. Porque acordar abre os olhos. Deixar pesos para tr\u00e1s abre espa\u00e7o. Mas \u00e9 agir que abre caminho. A vontade de Deus n\u00e3o \u00e9 apenas percebida \u2014 \u00e9 [&hellip;]\" \/>\n<meta property=\"og:url\" content=\"https:\/\/radioportoseguro.com.br\/site\/2026\/01\/19\/agir-a-coragem-de-fazer-o-que-o-ano-pedira-de-voce\/\" \/>\n<meta property=\"og:site_name\" content=\"R\u00e1dio Porto Seguro\" \/>\n<meta property=\"article:published_time\" content=\"2026-01-20T02:57:19+00:00\" \/>\n<meta property=\"og:image\" content=\"https:\/\/radioportoseguro.com.br\/site\/wp-content\/uploads\/2026\/01\/1289846494-mulher-branco.png\" \/>\n\t<meta property=\"og:image:width\" content=\"1200\" \/>\n\t<meta property=\"og:image:height\" content=\"600\" \/>\n\t<meta property=\"og:image:type\" content=\"image\/png\" \/>\n<meta name=\"author\" content=\"admin\" \/>\n<meta name=\"twitter:card\" content=\"summary_large_image\" \/>\n<meta name=\"twitter:label1\" content=\"Escrito por\" \/>\n\t<meta name=\"twitter:data1\" content=\"admin\" \/>\n\t<meta name=\"twitter:label2\" content=\"Est. tempo de leitura\" \/>\n\t<meta name=\"twitter:data2\" content=\"4 minutos\" \/>\n<script type=\"application\/ld+json\" class=\"yoast-schema-graph\">{\"@context\":\"https:\/\/schema.org\",\"@graph\":[{\"@type\":\"Article\",\"@id\":\"https:\/\/radioportoseguro.com.br\/site\/2026\/01\/19\/agir-a-coragem-de-fazer-o-que-o-ano-pedira-de-voce\/#article\",\"isPartOf\":{\"@id\":\"https:\/\/radioportoseguro.com.br\/site\/2026\/01\/19\/agir-a-coragem-de-fazer-o-que-o-ano-pedira-de-voce\/\"},\"author\":{\"name\":\"admin\",\"@id\":\"https:\/\/radioportoseguro.com.br\/site\/#\/schema\/person\/7630acdc320186f13639d3c067ec089b\"},\"headline\":\"Agir: A coragem de fazer o que o ano pedir\u00e1 de voc\u00ea\",\"datePublished\":\"2026-01-20T02:57:19+00:00\",\"mainEntityOfPage\":{\"@id\":\"https:\/\/radioportoseguro.com.br\/site\/2026\/01\/19\/agir-a-coragem-de-fazer-o-que-o-ano-pedira-de-voce\/\"},\"wordCount\":823,\"image\":{\"@id\":\"https:\/\/radioportoseguro.com.br\/site\/2026\/01\/19\/agir-a-coragem-de-fazer-o-que-o-ano-pedira-de-voce\/#primaryimage\"},\"thumbnailUrl\":\"https:\/\/radioportoseguro.com.br\/site\/wp-content\/uploads\/2026\/01\/1289846494-mulher-branco.png\",\"articleSection\":[\"Destaques\"],\"inLanguage\":\"pt-BR\"},{\"@type\":\"WebPage\",\"@id\":\"https:\/\/radioportoseguro.com.br\/site\/2026\/01\/19\/agir-a-coragem-de-fazer-o-que-o-ano-pedira-de-voce\/\",\"url\":\"https:\/\/radioportoseguro.com.br\/site\/2026\/01\/19\/agir-a-coragem-de-fazer-o-que-o-ano-pedira-de-voce\/\",\"name\":\"Agir: A coragem de fazer o que o ano pedir\u00e1 de voc\u00ea - R\u00e1dio Porto Seguro\",\"isPartOf\":{\"@id\":\"https:\/\/radioportoseguro.com.br\/site\/#website\"},\"primaryImageOfPage\":{\"@id\":\"https:\/\/radioportoseguro.com.br\/site\/2026\/01\/19\/agir-a-coragem-de-fazer-o-que-o-ano-pedira-de-voce\/#primaryimage\"},\"image\":{\"@id\":\"https:\/\/radioportoseguro.com.br\/site\/2026\/01\/19\/agir-a-coragem-de-fazer-o-que-o-ano-pedira-de-voce\/#primaryimage\"},\"thumbnailUrl\":\"https:\/\/radioportoseguro.com.br\/site\/wp-content\/uploads\/2026\/01\/1289846494-mulher-branco.png\",\"datePublished\":\"2026-01-20T02:57:19+00:00\",\"author\":{\"@id\":\"https:\/\/radioportoseguro.com.br\/site\/#\/schema\/person\/7630acdc320186f13639d3c067ec089b\"},\"breadcrumb\":{\"@id\":\"https:\/\/radioportoseguro.com.br\/site\/2026\/01\/19\/agir-a-coragem-de-fazer-o-que-o-ano-pedira-de-voce\/#breadcrumb\"},\"inLanguage\":\"pt-BR\",\"potentialAction\":[{\"@type\":\"ReadAction\",\"target\":[\"https:\/\/radioportoseguro.com.br\/site\/2026\/01\/19\/agir-a-coragem-de-fazer-o-que-o-ano-pedira-de-voce\/\"]}]},{\"@type\":\"ImageObject\",\"inLanguage\":\"pt-BR\",\"@id\":\"https:\/\/radioportoseguro.com.br\/site\/2026\/01\/19\/agir-a-coragem-de-fazer-o-que-o-ano-pedira-de-voce\/#primaryimage\",\"url\":\"https:\/\/radioportoseguro.com.br\/site\/wp-content\/uploads\/2026\/01\/1289846494-mulher-branco.png\",\"contentUrl\":\"https:\/\/radioportoseguro.com.br\/site\/wp-content\/uploads\/2026\/01\/1289846494-mulher-branco.png\",\"width\":1200,\"height\":600},{\"@type\":\"BreadcrumbList\",\"@id\":\"https:\/\/radioportoseguro.com.br\/site\/2026\/01\/19\/agir-a-coragem-de-fazer-o-que-o-ano-pedira-de-voce\/#breadcrumb\",\"itemListElement\":[{\"@type\":\"ListItem\",\"position\":1,\"name\":\"In\u00edcio\",\"item\":\"https:\/\/radioportoseguro.com.br\/site\/\"},{\"@type\":\"ListItem\",\"position\":2,\"name\":\"Agir: A coragem de fazer o que o ano pedir\u00e1 de voc\u00ea\"}]},{\"@type\":\"WebSite\",\"@id\":\"https:\/\/radioportoseguro.com.br\/site\/#website\",\"url\":\"https:\/\/radioportoseguro.com.br\/site\/\",\"name\":\"R\u00e1dio Porto Seguro\",\"description\":\"\",\"potentialAction\":[{\"@type\":\"SearchAction\",\"target\":{\"@type\":\"EntryPoint\",\"urlTemplate\":\"https:\/\/radioportoseguro.com.br\/site\/?s={search_term_string}\"},\"query-input\":{\"@type\":\"PropertyValueSpecification\",\"valueRequired\":true,\"valueName\":\"search_term_string\"}}],\"inLanguage\":\"pt-BR\"},{\"@type\":\"Person\",\"@id\":\"https:\/\/radioportoseguro.com.br\/site\/#\/schema\/person\/7630acdc320186f13639d3c067ec089b\",\"name\":\"admin\",\"image\":{\"@type\":\"ImageObject\",\"inLanguage\":\"pt-BR\",\"@id\":\"https:\/\/radioportoseguro.com.br\/site\/#\/schema\/person\/image\/\",\"url\":\"https:\/\/secure.gravatar.com\/avatar\/caacf4dc1eedb68fab0df8e1ed46c448e578b2466351bbcb61e47d2ac0caaef0?s=96&d=mm&r=g\",\"contentUrl\":\"https:\/\/secure.gravatar.com\/avatar\/caacf4dc1eedb68fab0df8e1ed46c448e578b2466351bbcb61e47d2ac0caaef0?s=96&d=mm&r=g\",\"caption\":\"admin\"},\"sameAs\":[\"https:\/\/radioportoseguro.com.br\/site\"],\"url\":\"https:\/\/radioportoseguro.com.br\/site\/author\/hezio\/\"}]}<\/script>\n<!-- \/ Yoast SEO plugin. -->","yoast_head_json":{"title":"Agir: A coragem de fazer o que o ano pedir\u00e1 de voc\u00ea - R\u00e1dio Porto Seguro","robots":{"index":"index","follow":"follow","max-snippet":"max-snippet:-1","max-image-preview":"max-image-preview:large","max-video-preview":"max-video-preview:-1"},"canonical":"https:\/\/radioportoseguro.com.br\/site\/2026\/01\/19\/agir-a-coragem-de-fazer-o-que-o-ano-pedira-de-voce\/","og_locale":"pt_BR","og_type":"article","og_title":"Agir: A coragem de fazer o que o ano pedir\u00e1 de voc\u00ea - R\u00e1dio Porto Seguro","og_description":"Se no primeiro epis\u00f3dio falamos sobre acordar e no segundo falamos sobre deixar para tr\u00e1s, ent\u00e3o agora chegamos ao ponto em que tudo come\u00e7a a ganhar forma: AGIR. Porque acordar abre os olhos. Deixar pesos para tr\u00e1s abre espa\u00e7o. Mas \u00e9 agir que abre caminho. A vontade de Deus n\u00e3o \u00e9 apenas percebida \u2014 \u00e9 [&hellip;]","og_url":"https:\/\/radioportoseguro.com.br\/site\/2026\/01\/19\/agir-a-coragem-de-fazer-o-que-o-ano-pedira-de-voce\/","og_site_name":"R\u00e1dio Porto Seguro","article_published_time":"2026-01-20T02:57:19+00:00","og_image":[{"width":1200,"height":600,"url":"https:\/\/radioportoseguro.com.br\/site\/wp-content\/uploads\/2026\/01\/1289846494-mulher-branco.png","type":"image\/png"}],"author":"admin","twitter_card":"summary_large_image","twitter_misc":{"Escrito por":"admin","Est. tempo de leitura":"4 minutos"},"schema":{"@context":"https:\/\/schema.org","@graph":[{"@type":"Article","@id":"https:\/\/radioportoseguro.com.br\/site\/2026\/01\/19\/agir-a-coragem-de-fazer-o-que-o-ano-pedira-de-voce\/#article","isPartOf":{"@id":"https:\/\/radioportoseguro.com.br\/site\/2026\/01\/19\/agir-a-coragem-de-fazer-o-que-o-ano-pedira-de-voce\/"},"author":{"name":"admin","@id":"https:\/\/radioportoseguro.com.br\/site\/#\/schema\/person\/7630acdc320186f13639d3c067ec089b"},"headline":"Agir: A coragem de fazer o que o ano pedir\u00e1 de voc\u00ea","datePublished":"2026-01-20T02:57:19+00:00","mainEntityOfPage":{"@id":"https:\/\/radioportoseguro.com.br\/site\/2026\/01\/19\/agir-a-coragem-de-fazer-o-que-o-ano-pedira-de-voce\/"},"wordCount":823,"image":{"@id":"https:\/\/radioportoseguro.com.br\/site\/2026\/01\/19\/agir-a-coragem-de-fazer-o-que-o-ano-pedira-de-voce\/#primaryimage"},"thumbnailUrl":"https:\/\/radioportoseguro.com.br\/site\/wp-content\/uploads\/2026\/01\/1289846494-mulher-branco.png","articleSection":["Destaques"],"inLanguage":"pt-BR"},{"@type":"WebPage","@id":"https:\/\/radioportoseguro.com.br\/site\/2026\/01\/19\/agir-a-coragem-de-fazer-o-que-o-ano-pedira-de-voce\/","url":"https:\/\/radioportoseguro.com.br\/site\/2026\/01\/19\/agir-a-coragem-de-fazer-o-que-o-ano-pedira-de-voce\/","name":"Agir: A coragem de fazer o que o ano pedir\u00e1 de voc\u00ea - R\u00e1dio Porto Seguro","isPartOf":{"@id":"https:\/\/radioportoseguro.com.br\/site\/#website"},"primaryImageOfPage":{"@id":"https:\/\/radioportoseguro.com.br\/site\/2026\/01\/19\/agir-a-coragem-de-fazer-o-que-o-ano-pedira-de-voce\/#primaryimage"},"image":{"@id":"https:\/\/radioportoseguro.com.br\/site\/2026\/01\/19\/agir-a-coragem-de-fazer-o-que-o-ano-pedira-de-voce\/#primaryimage"},"thumbnailUrl":"https:\/\/radioportoseguro.com.br\/site\/wp-content\/uploads\/2026\/01\/1289846494-mulher-branco.png","datePublished":"2026-01-20T02:57:19+00:00","author":{"@id":"https:\/\/radioportoseguro.com.br\/site\/#\/schema\/person\/7630acdc320186f13639d3c067ec089b"},"breadcrumb":{"@id":"https:\/\/radioportoseguro.com.br\/site\/2026\/01\/19\/agir-a-coragem-de-fazer-o-que-o-ano-pedira-de-voce\/#breadcrumb"},"inLanguage":"pt-BR","potentialAction":[{"@type":"ReadAction","target":["https:\/\/radioportoseguro.com.br\/site\/2026\/01\/19\/agir-a-coragem-de-fazer-o-que-o-ano-pedira-de-voce\/"]}]},{"@type":"ImageObject","inLanguage":"pt-BR","@id":"https:\/\/radioportoseguro.com.br\/site\/2026\/01\/19\/agir-a-coragem-de-fazer-o-que-o-ano-pedira-de-voce\/#primaryimage","url":"https:\/\/radioportoseguro.com.br\/site\/wp-content\/uploads\/2026\/01\/1289846494-mulher-branco.png","contentUrl":"https:\/\/radioportoseguro.com.br\/site\/wp-content\/uploads\/2026\/01\/1289846494-mulher-branco.png","width":1200,"height":600},{"@type":"BreadcrumbList","@id":"https:\/\/radioportoseguro.com.br\/site\/2026\/01\/19\/agir-a-coragem-de-fazer-o-que-o-ano-pedira-de-voce\/#breadcrumb","itemListElement":[{"@type":"ListItem","position":1,"name":"In\u00edcio","item":"https:\/\/radioportoseguro.com.br\/site\/"},{"@type":"ListItem","position":2,"name":"Agir: A coragem de fazer o que o ano pedir\u00e1 de voc\u00ea"}]},{"@type":"WebSite","@id":"https:\/\/radioportoseguro.com.br\/site\/#website","url":"https:\/\/radioportoseguro.com.br\/site\/","name":"R\u00e1dio Porto Seguro","description":"","potentialAction":[{"@type":"SearchAction","target":{"@type":"EntryPoint","urlTemplate":"https:\/\/radioportoseguro.com.br\/site\/?s={search_term_string}"},"query-input":{"@type":"PropertyValueSpecification","valueRequired":true,"valueName":"search_term_string"}}],"inLanguage":"pt-BR"},{"@type":"Person","@id":"https:\/\/radioportoseguro.com.br\/site\/#\/schema\/person\/7630acdc320186f13639d3c067ec089b","name":"admin","image":{"@type":"ImageObject","inLanguage":"pt-BR","@id":"https:\/\/radioportoseguro.com.br\/site\/#\/schema\/person\/image\/","url":"https:\/\/secure.gravatar.com\/avatar\/caacf4dc1eedb68fab0df8e1ed46c448e578b2466351bbcb61e47d2ac0caaef0?s=96&d=mm&r=g","contentUrl":"https:\/\/secure.gravatar.com\/avatar\/caacf4dc1eedb68fab0df8e1ed46c448e578b2466351bbcb61e47d2ac0caaef0?s=96&d=mm&r=g","caption":"admin"},"sameAs":["https:\/\/radioportoseguro.com.br\/site"],"url":"https:\/\/radioportoseguro.com.br\/site\/author\/hezio\/"}]}},"_links":{"self":[{"href":"https:\/\/radioportoseguro.com.br\/site\/wp-json\/wp\/v2\/posts\/3209","targetHints":{"allow":["GET"]}}],"collection":[{"href":"https:\/\/radioportoseguro.com.br\/site\/wp-json\/wp\/v2\/posts"}],"about":[{"href":"https:\/\/radioportoseguro.com.br\/site\/wp-json\/wp\/v2\/types\/post"}],"author":[{"embeddable":true,"href":"https:\/\/radioportoseguro.com.br\/site\/wp-json\/wp\/v2\/users\/1"}],"replies":[{"embeddable":true,"href":"https:\/\/radioportoseguro.com.br\/site\/wp-json\/wp\/v2\/comments?post=3209"}],"version-history":[{"count":0,"href":"https:\/\/radioportoseguro.com.br\/site\/wp-json\/wp\/v2\/posts\/3209\/revisions"}],"wp:featuredmedia":[{"embeddable":true,"href":"https:\/\/radioportoseguro.com.br\/site\/wp-json\/wp\/v2\/media\/3210"}],"wp:attachment":[{"href":"https:\/\/radioportoseguro.com.br\/site\/wp-json\/wp\/v2\/media?parent=3209"}],"wp:term":[{"taxonomy":"category","embeddable":true,"href":"https:\/\/radioportoseguro.com.br\/site\/wp-json\/wp\/v2\/categories?post=3209"},{"taxonomy":"post_tag","embeddable":true,"href":"https:\/\/radioportoseguro.com.br\/site\/wp-json\/wp\/v2\/tags?post=3209"}],"curies":[{"name":"wp","href":"https:\/\/api.w.org\/{rel}","templated":true}]}}