{"id":3213,"date":"2026-01-20T00:53:11","date_gmt":"2026-01-20T03:53:11","guid":{"rendered":"https:\/\/radioportoseguro.com.br\/site\/2026\/01\/20\/ainoa-dias-lanca-seu-novo-ep-tudo-e-dele\/"},"modified":"2026-01-20T00:53:11","modified_gmt":"2026-01-20T03:53:11","slug":"ainoa-dias-lanca-seu-novo-ep-tudo-e-dele","status":"publish","type":"post","link":"https:\/\/radioportoseguro.com.br\/site\/2026\/01\/20\/ainoa-dias-lanca-seu-novo-ep-tudo-e-dele\/","title":{"rendered":"Aino\u00e3 Dias lan\u00e7a seu novo EP \u201cTudo \u00e9 Dele\u201d"},"content":{"rendered":"<p><br \/>\n<\/p>\n<div id=\"post-body-3758232501243976289\" itemprop=\"articleBody\">\n<meta content=\" A cantora Aino\u00e3 Dias lan\u00e7ou na \u00faltima sexta-feira (15) o seu primeiro EP, intitulado \u201cTudo \u00e9 Dele\u201d . O projeto re\u00fane tr\u00eas faixas in\u00e9ditas \u2014...\" name=\"twitter:description\"\/><\/p>\n<p><!-- Postagens --><\/p>\n<div class=\"separator\" style=\"clear: both; text-align: center;\"><\/div>\n<p><span style=\"font-family: helvetica;\"><br \/>A cantora Aino\u00e3 Dias lan\u00e7ou na \u00faltima sexta-feira (15) o seu primeiro EP, intitulado <span style=\"color: #bf9000;\">\u201cTudo \u00e9 Dele\u201d<\/span>.<\/p>\n<p>O projeto re\u00fane tr\u00eas faixas in\u00e9ditas \u2014<span style=\"color: #bf9000;\"> \u201cToque Nele\u201d<\/span>, <span style=\"color: #bf9000;\">\u201cPelos Olhos da F\u00e9\u201d<\/span> e a can\u00e7\u00e3o-t\u00edtulo <span style=\"color: #bf9000;\">\u201cTudo \u00e9 Dele\u201d<\/span> \u2014 al\u00e9m da faixa b\u00f4nus <span style=\"color: #bf9000;\">\u201cVem Me Consolar\u201d<\/span>, disponibilizada previamente nas plataformas digitais e inclu\u00edda na vers\u00e3o completa do EP no YouTube.<\/p>\n<p>Segundo a artista, a proposta do trabalho vai al\u00e9m da m\u00fasica:<\/p>\n<p><i>\u201cO desejo do meu cora\u00e7\u00e3o \u00e9 que, atrav\u00e9s das can\u00e7\u00f5es deste EP, vidas sejam alcan\u00e7adas pelo Senhor, cora\u00e7\u00f5es tocados, almas saradas, f\u00e9 renovada, esperan\u00e7a reacendida e milagres aconte\u00e7am \u2014 pois \u00e9 a Palavra de Deus em forma de c\u00e2ntico, e Sua Palavra jamais volta vazia\u201d<\/i>, declarou.<\/p>\n<p>Nascida no Brasil e atualmente residente em Portugal, Aino\u00e3 iniciou sua trajet\u00f3ria musical ainda na inf\u00e2ncia, cantando na igreja onde congregava com seus pais. Ela recorda que seu minist\u00e9rio foi sonhado antes mesmo de nascer:<\/p>\n<p><i>\u201cMeu pai orou com as m\u00e3os sobre o ventre da minha m\u00e3e: \u2018Se for menina, ser\u00e1 cantora e exaltar\u00e1 o Teu nome\u2019. Aos 8 anos, j\u00e1 cantava na igreja \u2014 e na adolesc\u00eancia descobri essa ora\u00e7\u00e3o. Desde ent\u00e3o, me posicionei para cumprir o chamado de Deus atrav\u00e9s da m\u00fasica. Hoje, sou esposa, m\u00e3e, cantora solo e ministra de louvor. Cada promessa que Ele fez est\u00e1 se cumprindo no tempo certo. Persisto, confio e vivo para que o nome Dele seja glorificado\u201d<\/i>, afirmou.<\/p>\n<p>O EP <span style=\"color: #bf9000;\">\u201cTudo \u00e9 Dele\u201d<\/span> j\u00e1 est\u00e1 dispon\u00edvel em todas as plataformas de streaming.<\/p>\n<p><\/span><\/p>\n<p><iframe allow=\"autoplay; clipboard-write; encrypted-media; fullscreen; picture-in-picture\" allowfullscreen=\"\" data-testid=\"embed-iframe\" frameborder=\"0\" height=\"152\" loading=\"lazy\" src=\"https:\/\/open.spotify.com\/embed\/album\/09O69FwuCXoMczwzo6qlgj?utm_source=generator\" style=\"border-radius: 12px;\" width=\"100%\"><\/iframe>\n<\/div>\n<p><script src=\"https:\/\/connect.facebook.net\/pt_BR\/all.js#xfbml=1\"><\/script><script>\n\/\/<![CDATA[\n(function(d, s, id) {\n  var js, fjs = d.getElementsByTagName(s)[0];\n  if (d.getElementById(id)) return;\n  js = d.createElement(s); js.id = id;\n  js.src = \"\/\/connect.facebook.net\/en_US\/sdk.js#xfbml=1&#038;version=v2.5\";\n  fjs.parentNode.insertBefore(js, fjs);\n}(document, 'script', 'facebook-jssdk'));\n\/\/]]>\ngoogle.com, pub-1504690508349431, DIRECT, f08c47fec0942fa0\n<\/script><br \/>\n<br \/><br \/>\n<br \/>Fonte: News Gospel<\/p>\n","protected":false},"excerpt":{"rendered":"<p>A cantora Aino\u00e3 Dias lan\u00e7ou na \u00faltima sexta-feira (15) o seu primeiro EP, intitulado \u201cTudo \u00e9 Dele\u201d. O projeto re\u00fane tr\u00eas faixas in\u00e9ditas \u2014 \u201cToque Nele\u201d, \u201cPelos Olhos da F\u00e9\u201d e a can\u00e7\u00e3o-t\u00edtulo \u201cTudo \u00e9 Dele\u201d \u2014 al\u00e9m da faixa b\u00f4nus \u201cVem Me Consolar\u201d, disponibilizada previamente nas plataformas digitais e inclu\u00edda na vers\u00e3o completa do [&hellip;]<\/p>\n","protected":false},"author":1,"featured_media":3214,"comment_status":"","ping_status":"open","sticky":false,"template":"","format":"standard","meta":{"footnotes":""},"categories":[4],"tags":[],"class_list":["post-3213","post","type-post","status-publish","format-standard","has-post-thumbnail","hentry","category-musica"],"yoast_head":"<!-- This site is optimized with the Yoast SEO plugin v26.8 - https:\/\/yoast.com\/product\/yoast-seo-wordpress\/ -->\n<title>Aino\u00e3 Dias lan\u00e7a seu novo EP \u201cTudo \u00e9 Dele\u201d - R\u00e1dio Porto Seguro<\/title>\n<meta name=\"robots\" content=\"index, follow, max-snippet:-1, max-image-preview:large, max-video-preview:-1\" \/>\n<link rel=\"canonical\" href=\"https:\/\/radioportoseguro.com.br\/site\/2026\/01\/20\/ainoa-dias-lanca-seu-novo-ep-tudo-e-dele\/\" \/>\n<meta property=\"og:locale\" content=\"pt_BR\" \/>\n<meta property=\"og:type\" content=\"article\" \/>\n<meta property=\"og:title\" content=\"Aino\u00e3 Dias lan\u00e7a seu novo EP \u201cTudo \u00e9 Dele\u201d - R\u00e1dio Porto Seguro\" \/>\n<meta property=\"og:description\" content=\"A cantora Aino\u00e3 Dias lan\u00e7ou na \u00faltima sexta-feira (15) o seu primeiro EP, intitulado \u201cTudo \u00e9 Dele\u201d. O projeto re\u00fane tr\u00eas faixas in\u00e9ditas \u2014 \u201cToque Nele\u201d, \u201cPelos Olhos da F\u00e9\u201d e a can\u00e7\u00e3o-t\u00edtulo \u201cTudo \u00e9 Dele\u201d \u2014 al\u00e9m da faixa b\u00f4nus \u201cVem Me Consolar\u201d, disponibilizada previamente nas plataformas digitais e inclu\u00edda na vers\u00e3o completa do [&hellip;]\" \/>\n<meta property=\"og:url\" content=\"https:\/\/radioportoseguro.com.br\/site\/2026\/01\/20\/ainoa-dias-lanca-seu-novo-ep-tudo-e-dele\/\" \/>\n<meta property=\"og:site_name\" content=\"R\u00e1dio Porto Seguro\" \/>\n<meta property=\"article:published_time\" content=\"2026-01-20T03:53:11+00:00\" \/>\n<meta property=\"og:image\" content=\"https:\/\/radioportoseguro.com.br\/site\/wp-content\/uploads\/2026\/01\/1768881193_FOTO20PERFIL.png\" \/>\n\t<meta property=\"og:image:width\" content=\"1200\" \/>\n\t<meta property=\"og:image:height\" content=\"630\" \/>\n\t<meta property=\"og:image:type\" content=\"image\/png\" \/>\n<meta name=\"author\" content=\"admin\" \/>\n<meta name=\"twitter:card\" content=\"summary_large_image\" \/>\n<meta name=\"twitter:label1\" content=\"Escrito por\" \/>\n\t<meta name=\"twitter:data1\" content=\"admin\" \/>\n\t<meta name=\"twitter:label2\" content=\"Est. tempo de leitura\" \/>\n\t<meta name=\"twitter:data2\" content=\"1 minuto\" \/>\n<script type=\"application\/ld+json\" class=\"yoast-schema-graph\">{\"@context\":\"https:\/\/schema.org\",\"@graph\":[{\"@type\":\"Article\",\"@id\":\"https:\/\/radioportoseguro.com.br\/site\/2026\/01\/20\/ainoa-dias-lanca-seu-novo-ep-tudo-e-dele\/#article\",\"isPartOf\":{\"@id\":\"https:\/\/radioportoseguro.com.br\/site\/2026\/01\/20\/ainoa-dias-lanca-seu-novo-ep-tudo-e-dele\/\"},\"author\":{\"name\":\"admin\",\"@id\":\"https:\/\/radioportoseguro.com.br\/site\/#\/schema\/person\/7630acdc320186f13639d3c067ec089b\"},\"headline\":\"Aino\u00e3 Dias lan\u00e7a seu novo EP \u201cTudo \u00e9 Dele\u201d\",\"datePublished\":\"2026-01-20T03:53:11+00:00\",\"mainEntityOfPage\":{\"@id\":\"https:\/\/radioportoseguro.com.br\/site\/2026\/01\/20\/ainoa-dias-lanca-seu-novo-ep-tudo-e-dele\/\"},\"wordCount\":281,\"image\":{\"@id\":\"https:\/\/radioportoseguro.com.br\/site\/2026\/01\/20\/ainoa-dias-lanca-seu-novo-ep-tudo-e-dele\/#primaryimage\"},\"thumbnailUrl\":\"https:\/\/radioportoseguro.com.br\/site\/wp-content\/uploads\/2026\/01\/1768881193_FOTO20PERFIL.png\",\"articleSection\":[\"M\u00fasica\"],\"inLanguage\":\"pt-BR\"},{\"@type\":\"WebPage\",\"@id\":\"https:\/\/radioportoseguro.com.br\/site\/2026\/01\/20\/ainoa-dias-lanca-seu-novo-ep-tudo-e-dele\/\",\"url\":\"https:\/\/radioportoseguro.com.br\/site\/2026\/01\/20\/ainoa-dias-lanca-seu-novo-ep-tudo-e-dele\/\",\"name\":\"Aino\u00e3 Dias lan\u00e7a seu novo EP \u201cTudo \u00e9 Dele\u201d - R\u00e1dio Porto Seguro\",\"isPartOf\":{\"@id\":\"https:\/\/radioportoseguro.com.br\/site\/#website\"},\"primaryImageOfPage\":{\"@id\":\"https:\/\/radioportoseguro.com.br\/site\/2026\/01\/20\/ainoa-dias-lanca-seu-novo-ep-tudo-e-dele\/#primaryimage\"},\"image\":{\"@id\":\"https:\/\/radioportoseguro.com.br\/site\/2026\/01\/20\/ainoa-dias-lanca-seu-novo-ep-tudo-e-dele\/#primaryimage\"},\"thumbnailUrl\":\"https:\/\/radioportoseguro.com.br\/site\/wp-content\/uploads\/2026\/01\/1768881193_FOTO20PERFIL.png\",\"datePublished\":\"2026-01-20T03:53:11+00:00\",\"author\":{\"@id\":\"https:\/\/radioportoseguro.com.br\/site\/#\/schema\/person\/7630acdc320186f13639d3c067ec089b\"},\"breadcrumb\":{\"@id\":\"https:\/\/radioportoseguro.com.br\/site\/2026\/01\/20\/ainoa-dias-lanca-seu-novo-ep-tudo-e-dele\/#breadcrumb\"},\"inLanguage\":\"pt-BR\",\"potentialAction\":[{\"@type\":\"ReadAction\",\"target\":[\"https:\/\/radioportoseguro.com.br\/site\/2026\/01\/20\/ainoa-dias-lanca-seu-novo-ep-tudo-e-dele\/\"]}]},{\"@type\":\"ImageObject\",\"inLanguage\":\"pt-BR\",\"@id\":\"https:\/\/radioportoseguro.com.br\/site\/2026\/01\/20\/ainoa-dias-lanca-seu-novo-ep-tudo-e-dele\/#primaryimage\",\"url\":\"https:\/\/radioportoseguro.com.br\/site\/wp-content\/uploads\/2026\/01\/1768881193_FOTO20PERFIL.png\",\"contentUrl\":\"https:\/\/radioportoseguro.com.br\/site\/wp-content\/uploads\/2026\/01\/1768881193_FOTO20PERFIL.png\",\"width\":1200,\"height\":630},{\"@type\":\"BreadcrumbList\",\"@id\":\"https:\/\/radioportoseguro.com.br\/site\/2026\/01\/20\/ainoa-dias-lanca-seu-novo-ep-tudo-e-dele\/#breadcrumb\",\"itemListElement\":[{\"@type\":\"ListItem\",\"position\":1,\"name\":\"In\u00edcio\",\"item\":\"https:\/\/radioportoseguro.com.br\/site\/\"},{\"@type\":\"ListItem\",\"position\":2,\"name\":\"Aino\u00e3 Dias lan\u00e7a seu novo EP \u201cTudo \u00e9 Dele\u201d\"}]},{\"@type\":\"WebSite\",\"@id\":\"https:\/\/radioportoseguro.com.br\/site\/#website\",\"url\":\"https:\/\/radioportoseguro.com.br\/site\/\",\"name\":\"R\u00e1dio Porto Seguro\",\"description\":\"\",\"potentialAction\":[{\"@type\":\"SearchAction\",\"target\":{\"@type\":\"EntryPoint\",\"urlTemplate\":\"https:\/\/radioportoseguro.com.br\/site\/?s={search_term_string}\"},\"query-input\":{\"@type\":\"PropertyValueSpecification\",\"valueRequired\":true,\"valueName\":\"search_term_string\"}}],\"inLanguage\":\"pt-BR\"},{\"@type\":\"Person\",\"@id\":\"https:\/\/radioportoseguro.com.br\/site\/#\/schema\/person\/7630acdc320186f13639d3c067ec089b\",\"name\":\"admin\",\"image\":{\"@type\":\"ImageObject\",\"inLanguage\":\"pt-BR\",\"@id\":\"https:\/\/radioportoseguro.com.br\/site\/#\/schema\/person\/image\/\",\"url\":\"https:\/\/secure.gravatar.com\/avatar\/caacf4dc1eedb68fab0df8e1ed46c448e578b2466351bbcb61e47d2ac0caaef0?s=96&d=mm&r=g\",\"contentUrl\":\"https:\/\/secure.gravatar.com\/avatar\/caacf4dc1eedb68fab0df8e1ed46c448e578b2466351bbcb61e47d2ac0caaef0?s=96&d=mm&r=g\",\"caption\":\"admin\"},\"sameAs\":[\"https:\/\/radioportoseguro.com.br\/site\"],\"url\":\"https:\/\/radioportoseguro.com.br\/site\/author\/hezio\/\"}]}<\/script>\n<!-- \/ Yoast SEO plugin. -->","yoast_head_json":{"title":"Aino\u00e3 Dias lan\u00e7a seu novo EP \u201cTudo \u00e9 Dele\u201d - R\u00e1dio Porto Seguro","robots":{"index":"index","follow":"follow","max-snippet":"max-snippet:-1","max-image-preview":"max-image-preview:large","max-video-preview":"max-video-preview:-1"},"canonical":"https:\/\/radioportoseguro.com.br\/site\/2026\/01\/20\/ainoa-dias-lanca-seu-novo-ep-tudo-e-dele\/","og_locale":"pt_BR","og_type":"article","og_title":"Aino\u00e3 Dias lan\u00e7a seu novo EP \u201cTudo \u00e9 Dele\u201d - R\u00e1dio Porto Seguro","og_description":"A cantora Aino\u00e3 Dias lan\u00e7ou na \u00faltima sexta-feira (15) o seu primeiro EP, intitulado \u201cTudo \u00e9 Dele\u201d. O projeto re\u00fane tr\u00eas faixas in\u00e9ditas \u2014 \u201cToque Nele\u201d, \u201cPelos Olhos da F\u00e9\u201d e a can\u00e7\u00e3o-t\u00edtulo \u201cTudo \u00e9 Dele\u201d \u2014 al\u00e9m da faixa b\u00f4nus \u201cVem Me Consolar\u201d, disponibilizada previamente nas plataformas digitais e inclu\u00edda na vers\u00e3o completa do [&hellip;]","og_url":"https:\/\/radioportoseguro.com.br\/site\/2026\/01\/20\/ainoa-dias-lanca-seu-novo-ep-tudo-e-dele\/","og_site_name":"R\u00e1dio Porto Seguro","article_published_time":"2026-01-20T03:53:11+00:00","og_image":[{"width":1200,"height":630,"url":"https:\/\/radioportoseguro.com.br\/site\/wp-content\/uploads\/2026\/01\/1768881193_FOTO20PERFIL.png","type":"image\/png"}],"author":"admin","twitter_card":"summary_large_image","twitter_misc":{"Escrito por":"admin","Est. tempo de leitura":"1 minuto"},"schema":{"@context":"https:\/\/schema.org","@graph":[{"@type":"Article","@id":"https:\/\/radioportoseguro.com.br\/site\/2026\/01\/20\/ainoa-dias-lanca-seu-novo-ep-tudo-e-dele\/#article","isPartOf":{"@id":"https:\/\/radioportoseguro.com.br\/site\/2026\/01\/20\/ainoa-dias-lanca-seu-novo-ep-tudo-e-dele\/"},"author":{"name":"admin","@id":"https:\/\/radioportoseguro.com.br\/site\/#\/schema\/person\/7630acdc320186f13639d3c067ec089b"},"headline":"Aino\u00e3 Dias lan\u00e7a seu novo EP \u201cTudo \u00e9 Dele\u201d","datePublished":"2026-01-20T03:53:11+00:00","mainEntityOfPage":{"@id":"https:\/\/radioportoseguro.com.br\/site\/2026\/01\/20\/ainoa-dias-lanca-seu-novo-ep-tudo-e-dele\/"},"wordCount":281,"image":{"@id":"https:\/\/radioportoseguro.com.br\/site\/2026\/01\/20\/ainoa-dias-lanca-seu-novo-ep-tudo-e-dele\/#primaryimage"},"thumbnailUrl":"https:\/\/radioportoseguro.com.br\/site\/wp-content\/uploads\/2026\/01\/1768881193_FOTO20PERFIL.png","articleSection":["M\u00fasica"],"inLanguage":"pt-BR"},{"@type":"WebPage","@id":"https:\/\/radioportoseguro.com.br\/site\/2026\/01\/20\/ainoa-dias-lanca-seu-novo-ep-tudo-e-dele\/","url":"https:\/\/radioportoseguro.com.br\/site\/2026\/01\/20\/ainoa-dias-lanca-seu-novo-ep-tudo-e-dele\/","name":"Aino\u00e3 Dias lan\u00e7a seu novo EP \u201cTudo \u00e9 Dele\u201d - R\u00e1dio Porto Seguro","isPartOf":{"@id":"https:\/\/radioportoseguro.com.br\/site\/#website"},"primaryImageOfPage":{"@id":"https:\/\/radioportoseguro.com.br\/site\/2026\/01\/20\/ainoa-dias-lanca-seu-novo-ep-tudo-e-dele\/#primaryimage"},"image":{"@id":"https:\/\/radioportoseguro.com.br\/site\/2026\/01\/20\/ainoa-dias-lanca-seu-novo-ep-tudo-e-dele\/#primaryimage"},"thumbnailUrl":"https:\/\/radioportoseguro.com.br\/site\/wp-content\/uploads\/2026\/01\/1768881193_FOTO20PERFIL.png","datePublished":"2026-01-20T03:53:11+00:00","author":{"@id":"https:\/\/radioportoseguro.com.br\/site\/#\/schema\/person\/7630acdc320186f13639d3c067ec089b"},"breadcrumb":{"@id":"https:\/\/radioportoseguro.com.br\/site\/2026\/01\/20\/ainoa-dias-lanca-seu-novo-ep-tudo-e-dele\/#breadcrumb"},"inLanguage":"pt-BR","potentialAction":[{"@type":"ReadAction","target":["https:\/\/radioportoseguro.com.br\/site\/2026\/01\/20\/ainoa-dias-lanca-seu-novo-ep-tudo-e-dele\/"]}]},{"@type":"ImageObject","inLanguage":"pt-BR","@id":"https:\/\/radioportoseguro.com.br\/site\/2026\/01\/20\/ainoa-dias-lanca-seu-novo-ep-tudo-e-dele\/#primaryimage","url":"https:\/\/radioportoseguro.com.br\/site\/wp-content\/uploads\/2026\/01\/1768881193_FOTO20PERFIL.png","contentUrl":"https:\/\/radioportoseguro.com.br\/site\/wp-content\/uploads\/2026\/01\/1768881193_FOTO20PERFIL.png","width":1200,"height":630},{"@type":"BreadcrumbList","@id":"https:\/\/radioportoseguro.com.br\/site\/2026\/01\/20\/ainoa-dias-lanca-seu-novo-ep-tudo-e-dele\/#breadcrumb","itemListElement":[{"@type":"ListItem","position":1,"name":"In\u00edcio","item":"https:\/\/radioportoseguro.com.br\/site\/"},{"@type":"ListItem","position":2,"name":"Aino\u00e3 Dias lan\u00e7a seu novo EP \u201cTudo \u00e9 Dele\u201d"}]},{"@type":"WebSite","@id":"https:\/\/radioportoseguro.com.br\/site\/#website","url":"https:\/\/radioportoseguro.com.br\/site\/","name":"R\u00e1dio Porto Seguro","description":"","potentialAction":[{"@type":"SearchAction","target":{"@type":"EntryPoint","urlTemplate":"https:\/\/radioportoseguro.com.br\/site\/?s={search_term_string}"},"query-input":{"@type":"PropertyValueSpecification","valueRequired":true,"valueName":"search_term_string"}}],"inLanguage":"pt-BR"},{"@type":"Person","@id":"https:\/\/radioportoseguro.com.br\/site\/#\/schema\/person\/7630acdc320186f13639d3c067ec089b","name":"admin","image":{"@type":"ImageObject","inLanguage":"pt-BR","@id":"https:\/\/radioportoseguro.com.br\/site\/#\/schema\/person\/image\/","url":"https:\/\/secure.gravatar.com\/avatar\/caacf4dc1eedb68fab0df8e1ed46c448e578b2466351bbcb61e47d2ac0caaef0?s=96&d=mm&r=g","contentUrl":"https:\/\/secure.gravatar.com\/avatar\/caacf4dc1eedb68fab0df8e1ed46c448e578b2466351bbcb61e47d2ac0caaef0?s=96&d=mm&r=g","caption":"admin"},"sameAs":["https:\/\/radioportoseguro.com.br\/site"],"url":"https:\/\/radioportoseguro.com.br\/site\/author\/hezio\/"}]}},"_links":{"self":[{"href":"https:\/\/radioportoseguro.com.br\/site\/wp-json\/wp\/v2\/posts\/3213","targetHints":{"allow":["GET"]}}],"collection":[{"href":"https:\/\/radioportoseguro.com.br\/site\/wp-json\/wp\/v2\/posts"}],"about":[{"href":"https:\/\/radioportoseguro.com.br\/site\/wp-json\/wp\/v2\/types\/post"}],"author":[{"embeddable":true,"href":"https:\/\/radioportoseguro.com.br\/site\/wp-json\/wp\/v2\/users\/1"}],"replies":[{"embeddable":true,"href":"https:\/\/radioportoseguro.com.br\/site\/wp-json\/wp\/v2\/comments?post=3213"}],"version-history":[{"count":0,"href":"https:\/\/radioportoseguro.com.br\/site\/wp-json\/wp\/v2\/posts\/3213\/revisions"}],"wp:featuredmedia":[{"embeddable":true,"href":"https:\/\/radioportoseguro.com.br\/site\/wp-json\/wp\/v2\/media\/3214"}],"wp:attachment":[{"href":"https:\/\/radioportoseguro.com.br\/site\/wp-json\/wp\/v2\/media?parent=3213"}],"wp:term":[{"taxonomy":"category","embeddable":true,"href":"https:\/\/radioportoseguro.com.br\/site\/wp-json\/wp\/v2\/categories?post=3213"},{"taxonomy":"post_tag","embeddable":true,"href":"https:\/\/radioportoseguro.com.br\/site\/wp-json\/wp\/v2\/tags?post=3213"}],"curies":[{"name":"wp","href":"https:\/\/api.w.org\/{rel}","templated":true}]}}