{"id":3217,"date":"2026-01-20T02:28:34","date_gmt":"2026-01-20T05:28:34","guid":{"rendered":"https:\/\/radioportoseguro.com.br\/site\/2026\/01\/20\/dia-de-martin-luther-king-o-pastor-que-revolucionou-a-luta-pelos-direitos-civis\/"},"modified":"2026-01-20T02:28:34","modified_gmt":"2026-01-20T05:28:34","slug":"dia-de-martin-luther-king-o-pastor-que-revolucionou-a-luta-pelos-direitos-civis","status":"publish","type":"post","link":"https:\/\/radioportoseguro.com.br\/site\/2026\/01\/20\/dia-de-martin-luther-king-o-pastor-que-revolucionou-a-luta-pelos-direitos-civis\/","title":{"rendered":"Dia de Martin Luther King: O pastor que revolucionou a luta pelos direitos civis"},"content":{"rendered":"<p><br \/>\n<br \/><\/p>\n<div>\n<p>O Dia de Martin Luther King Jr. vai al\u00e9m de um feriado EUA e se apresenta como um marco de reflex\u00e3o sobre o impacto de valores crist\u00e3os \u2013 como amor, justi\u00e7a e paz \u2013 na transforma\u00e7\u00e3o de sociedades e na promo\u00e7\u00e3o da dignidade humana.<\/p>\n<p>Comemorado na terceira segunda-feira do m\u00eas de janeiro, a data foi criada em 1983 pelo Congresso dos EUA para homenagear o legado do pastor batista e l\u00edder dos direitos civis, cuja atua\u00e7\u00e3o marcou a luta contra a segrega\u00e7\u00e3o racial e a defesa da igualdade por meios pac\u00edficos.<\/p>\n<p><span style=\"color: #800000;\"><strong>Martin Luther King Jr.<\/strong><\/span> nasceu em 15 de janeiro de 1929, em Atlanta, no estado da Ge\u00f3rgia, em uma fam\u00edlia profundamente enraizada na tradi\u00e7\u00e3o batista.<\/p>\n<p>Filho do pastor Martin Luther King Sr., ele teve contato desde a inf\u00e2ncia com a f\u00e9 crist\u00e3, que viria a se tornar um dos pilares de sua atua\u00e7\u00e3o p\u00fablica e de sua compreens\u00e3o da religi\u00e3o como for\u00e7a capaz de promover transforma\u00e7\u00e3o social.<\/p>\n<p>Aos 25 anos, ele assumiu o p\u00falpito da Igreja Batista Dexter Avenue, em Montgomery, no <span style=\"color: #800000;\"><strong>Alabama<\/strong><\/span>, onde passou a articular uma mensagem centrada na esperan\u00e7a, na justi\u00e7a social e na resist\u00eancia pac\u00edfica diante da segrega\u00e7\u00e3o racial.<\/p>\n<p>Para Luther King Jr., o <span style=\"color: #800000;\"><strong>Cristianismo<\/strong><\/span> ia al\u00e9m de uma convic\u00e7\u00e3o pessoal e se apresentava como um imperativo moral. Em sua vis\u00e3o, a f\u00e9 aut\u00eantica exigia posicionamento e a\u00e7\u00e3o concreta diante das injusti\u00e7as sociais.<\/p>\n<p>Inspirado pelos ensinamentos b\u00edblicos e pelo exemplo de Jesus, Luther King Jr. sustentava que o amor \u2013 especialmente o \u00e1gape, entendido como amor sacrificial e altru\u00edsta \u2013 era a resposta mais eficaz ao \u00f3dio, \u00e0 viol\u00eancia e \u00e0 opress\u00e3o.<\/p>\n<p>Luther King Jr. \u00e9 famoso por defender a desobedi\u00eancia civil e m\u00e9todos n\u00e3o violentos para combater o racismo e a segrega\u00e7\u00e3o. Em 1963, ele fez seu famoso discurso \u201cEu Tenho um Sonho\u201d no National Mall durante a Marcha sobre Washington.<\/p>\n<p><strong>F\u00e9 e direitos civis<\/strong><\/p>\n<p>O movimento liderado por Martin Luther King Jr. \u2013 frequentemente referido pela sigla MLK \u2013 ultrapassava o campo dos discursos pol\u00edticos e se consolidava como uma mobiliza\u00e7\u00e3o de car\u00e1ter espiritual.<\/p>\n<p>Em seus serm\u00f5es, o pastor convocava os fi\u00e9is a compreender a luta pela igualdade racial como uma extens\u00e3o pr\u00e1tica do Evangelho, unindo f\u00e9 crist\u00e3 e compromisso com a justi\u00e7a social.<\/p>\n<p>A frase \u201ca injusti\u00e7a em qualquer lugar \u00e9 uma amea\u00e7a \u00e0 justi\u00e7a em todo lugar\u201d, escrita em 1963, na \u201cCarta da Pris\u00e3o de Birmingham\u201d, se tornou um de seus textos mais citados.<\/p>\n<p>MLK tamb\u00e9m incorporou princ\u00edpios crist\u00e3os \u00e0 sua estrat\u00e9gia de mobiliza\u00e7\u00e3o. A pr\u00e1tica da n\u00e3o viol\u00eancia, inspirada na lideran\u00e7a e nos ensinamentos de Jesus, tornou-se a marca registrada do movimento por direitos civis que ele liderou.<\/p>\n<p>Marchas, ora\u00e7\u00f5es coletivas e cultos funcionavam como espa\u00e7os de fortalecimento espiritual, preparando os participantes para enfrentar pris\u00f5es, agress\u00f5es e constantes amea\u00e7as no contexto da luta por direitos civis.<\/p>\n<p><strong>Legado espiritual e social<\/strong><\/p>\n<p>Luther King Jr. foi assassinado em 4 de abril de 1968, em Memphis, no estado do Tennessee, aos 39 anos.<\/p>\n<p>A morte do l\u00edder dos direitos civis provocou como\u00e7\u00e3o internacional e n\u00e3o interrompeu o movimento que ajudou a construir, mas consolidou seu legado como s\u00edmbolo da luta pac\u00edfica contra o racismo e a injusti\u00e7a.<\/p>\n<p>Ele n\u00e3o apenas contribuiu para a transforma\u00e7\u00e3o de leis e pol\u00edticas p\u00fablicas, mas tamb\u00e9m impactou consci\u00eancias, ao demonstrar que a f\u00e9 pode atuar como uma for\u00e7a profundamente revolucion\u00e1ria na sociedade.<\/p>\n<p>Hoje sua luta \u00e9 lembrada com Martin Luther King Jr. Day, feriado nacional nos EUA, institu\u00eddo para marcar sua trajet\u00f3ria, que uniu o l\u00edder pol\u00edtico e o pastor que acreditava que \u201ca escurid\u00e3o n\u00e3o pode expulsar a escurid\u00e3o; apenas a luz pode fazer isso\u201d.<\/p>\n<p>\u00a0<\/p>\n<\/div>\n<p><br \/>\n<br \/>Fonte: Guiame <\/p>\n","protected":false},"excerpt":{"rendered":"<p>O Dia de Martin Luther King Jr. vai al\u00e9m de um feriado EUA e se apresenta como um marco de reflex\u00e3o sobre o impacto de valores crist\u00e3os \u2013 como amor, justi\u00e7a e paz \u2013 na transforma\u00e7\u00e3o de sociedades e na promo\u00e7\u00e3o da dignidade humana. Comemorado na terceira segunda-feira do m\u00eas de janeiro, a data foi [&hellip;]<\/p>\n","protected":false},"author":1,"featured_media":3218,"comment_status":"","ping_status":"open","sticky":false,"template":"","format":"standard","meta":{"footnotes":""},"categories":[43],"tags":[],"class_list":["post-3217","post","type-post","status-publish","format-standard","has-post-thumbnail","hentry","category-destaques"],"yoast_head":"<!-- This site is optimized with the Yoast SEO plugin v26.8 - https:\/\/yoast.com\/product\/yoast-seo-wordpress\/ -->\n<title>Dia de Martin Luther King: O pastor que revolucionou a luta pelos direitos civis - R\u00e1dio Porto Seguro<\/title>\n<meta name=\"robots\" content=\"index, follow, max-snippet:-1, max-image-preview:large, max-video-preview:-1\" \/>\n<link rel=\"canonical\" href=\"https:\/\/radioportoseguro.com.br\/site\/2026\/01\/20\/dia-de-martin-luther-king-o-pastor-que-revolucionou-a-luta-pelos-direitos-civis\/\" \/>\n<meta property=\"og:locale\" content=\"pt_BR\" \/>\n<meta property=\"og:type\" content=\"article\" \/>\n<meta property=\"og:title\" content=\"Dia de Martin Luther King: O pastor que revolucionou a luta pelos direitos civis - R\u00e1dio Porto Seguro\" \/>\n<meta property=\"og:description\" content=\"O Dia de Martin Luther King Jr. vai al\u00e9m de um feriado EUA e se apresenta como um marco de reflex\u00e3o sobre o impacto de valores crist\u00e3os \u2013 como amor, justi\u00e7a e paz \u2013 na transforma\u00e7\u00e3o de sociedades e na promo\u00e7\u00e3o da dignidade humana. Comemorado na terceira segunda-feira do m\u00eas de janeiro, a data foi [&hellip;]\" \/>\n<meta property=\"og:url\" content=\"https:\/\/radioportoseguro.com.br\/site\/2026\/01\/20\/dia-de-martin-luther-king-o-pastor-que-revolucionou-a-luta-pelos-direitos-civis\/\" \/>\n<meta property=\"og:site_name\" content=\"R\u00e1dio Porto Seguro\" \/>\n<meta property=\"article:published_time\" content=\"2026-01-20T05:28:34+00:00\" \/>\n<meta property=\"og:image\" content=\"https:\/\/radioportoseguro.com.br\/site\/wp-content\/uploads\/2026\/01\/589351731-martin-luther-king-jr.png\" \/>\n\t<meta property=\"og:image:width\" content=\"1200\" \/>\n\t<meta property=\"og:image:height\" content=\"600\" \/>\n\t<meta property=\"og:image:type\" content=\"image\/png\" \/>\n<meta name=\"author\" content=\"admin\" \/>\n<meta name=\"twitter:card\" content=\"summary_large_image\" \/>\n<meta name=\"twitter:label1\" content=\"Escrito por\" \/>\n\t<meta name=\"twitter:data1\" content=\"admin\" \/>\n\t<meta name=\"twitter:label2\" content=\"Est. tempo de leitura\" \/>\n\t<meta name=\"twitter:data2\" content=\"3 minutos\" \/>\n<script type=\"application\/ld+json\" class=\"yoast-schema-graph\">{\"@context\":\"https:\/\/schema.org\",\"@graph\":[{\"@type\":\"Article\",\"@id\":\"https:\/\/radioportoseguro.com.br\/site\/2026\/01\/20\/dia-de-martin-luther-king-o-pastor-que-revolucionou-a-luta-pelos-direitos-civis\/#article\",\"isPartOf\":{\"@id\":\"https:\/\/radioportoseguro.com.br\/site\/2026\/01\/20\/dia-de-martin-luther-king-o-pastor-que-revolucionou-a-luta-pelos-direitos-civis\/\"},\"author\":{\"name\":\"admin\",\"@id\":\"https:\/\/radioportoseguro.com.br\/site\/#\/schema\/person\/7630acdc320186f13639d3c067ec089b\"},\"headline\":\"Dia de Martin Luther King: O pastor que revolucionou a luta pelos direitos civis\",\"datePublished\":\"2026-01-20T05:28:34+00:00\",\"mainEntityOfPage\":{\"@id\":\"https:\/\/radioportoseguro.com.br\/site\/2026\/01\/20\/dia-de-martin-luther-king-o-pastor-que-revolucionou-a-luta-pelos-direitos-civis\/\"},\"wordCount\":682,\"image\":{\"@id\":\"https:\/\/radioportoseguro.com.br\/site\/2026\/01\/20\/dia-de-martin-luther-king-o-pastor-que-revolucionou-a-luta-pelos-direitos-civis\/#primaryimage\"},\"thumbnailUrl\":\"https:\/\/radioportoseguro.com.br\/site\/wp-content\/uploads\/2026\/01\/589351731-martin-luther-king-jr.png\",\"articleSection\":[\"Destaques\"],\"inLanguage\":\"pt-BR\"},{\"@type\":\"WebPage\",\"@id\":\"https:\/\/radioportoseguro.com.br\/site\/2026\/01\/20\/dia-de-martin-luther-king-o-pastor-que-revolucionou-a-luta-pelos-direitos-civis\/\",\"url\":\"https:\/\/radioportoseguro.com.br\/site\/2026\/01\/20\/dia-de-martin-luther-king-o-pastor-que-revolucionou-a-luta-pelos-direitos-civis\/\",\"name\":\"Dia de Martin Luther King: O pastor que revolucionou a luta pelos direitos civis - R\u00e1dio Porto Seguro\",\"isPartOf\":{\"@id\":\"https:\/\/radioportoseguro.com.br\/site\/#website\"},\"primaryImageOfPage\":{\"@id\":\"https:\/\/radioportoseguro.com.br\/site\/2026\/01\/20\/dia-de-martin-luther-king-o-pastor-que-revolucionou-a-luta-pelos-direitos-civis\/#primaryimage\"},\"image\":{\"@id\":\"https:\/\/radioportoseguro.com.br\/site\/2026\/01\/20\/dia-de-martin-luther-king-o-pastor-que-revolucionou-a-luta-pelos-direitos-civis\/#primaryimage\"},\"thumbnailUrl\":\"https:\/\/radioportoseguro.com.br\/site\/wp-content\/uploads\/2026\/01\/589351731-martin-luther-king-jr.png\",\"datePublished\":\"2026-01-20T05:28:34+00:00\",\"author\":{\"@id\":\"https:\/\/radioportoseguro.com.br\/site\/#\/schema\/person\/7630acdc320186f13639d3c067ec089b\"},\"breadcrumb\":{\"@id\":\"https:\/\/radioportoseguro.com.br\/site\/2026\/01\/20\/dia-de-martin-luther-king-o-pastor-que-revolucionou-a-luta-pelos-direitos-civis\/#breadcrumb\"},\"inLanguage\":\"pt-BR\",\"potentialAction\":[{\"@type\":\"ReadAction\",\"target\":[\"https:\/\/radioportoseguro.com.br\/site\/2026\/01\/20\/dia-de-martin-luther-king-o-pastor-que-revolucionou-a-luta-pelos-direitos-civis\/\"]}]},{\"@type\":\"ImageObject\",\"inLanguage\":\"pt-BR\",\"@id\":\"https:\/\/radioportoseguro.com.br\/site\/2026\/01\/20\/dia-de-martin-luther-king-o-pastor-que-revolucionou-a-luta-pelos-direitos-civis\/#primaryimage\",\"url\":\"https:\/\/radioportoseguro.com.br\/site\/wp-content\/uploads\/2026\/01\/589351731-martin-luther-king-jr.png\",\"contentUrl\":\"https:\/\/radioportoseguro.com.br\/site\/wp-content\/uploads\/2026\/01\/589351731-martin-luther-king-jr.png\",\"width\":1200,\"height\":600},{\"@type\":\"BreadcrumbList\",\"@id\":\"https:\/\/radioportoseguro.com.br\/site\/2026\/01\/20\/dia-de-martin-luther-king-o-pastor-que-revolucionou-a-luta-pelos-direitos-civis\/#breadcrumb\",\"itemListElement\":[{\"@type\":\"ListItem\",\"position\":1,\"name\":\"In\u00edcio\",\"item\":\"https:\/\/radioportoseguro.com.br\/site\/\"},{\"@type\":\"ListItem\",\"position\":2,\"name\":\"Dia de Martin Luther King: O pastor que revolucionou a luta pelos direitos civis\"}]},{\"@type\":\"WebSite\",\"@id\":\"https:\/\/radioportoseguro.com.br\/site\/#website\",\"url\":\"https:\/\/radioportoseguro.com.br\/site\/\",\"name\":\"R\u00e1dio Porto Seguro\",\"description\":\"\",\"potentialAction\":[{\"@type\":\"SearchAction\",\"target\":{\"@type\":\"EntryPoint\",\"urlTemplate\":\"https:\/\/radioportoseguro.com.br\/site\/?s={search_term_string}\"},\"query-input\":{\"@type\":\"PropertyValueSpecification\",\"valueRequired\":true,\"valueName\":\"search_term_string\"}}],\"inLanguage\":\"pt-BR\"},{\"@type\":\"Person\",\"@id\":\"https:\/\/radioportoseguro.com.br\/site\/#\/schema\/person\/7630acdc320186f13639d3c067ec089b\",\"name\":\"admin\",\"image\":{\"@type\":\"ImageObject\",\"inLanguage\":\"pt-BR\",\"@id\":\"https:\/\/radioportoseguro.com.br\/site\/#\/schema\/person\/image\/\",\"url\":\"https:\/\/secure.gravatar.com\/avatar\/caacf4dc1eedb68fab0df8e1ed46c448e578b2466351bbcb61e47d2ac0caaef0?s=96&d=mm&r=g\",\"contentUrl\":\"https:\/\/secure.gravatar.com\/avatar\/caacf4dc1eedb68fab0df8e1ed46c448e578b2466351bbcb61e47d2ac0caaef0?s=96&d=mm&r=g\",\"caption\":\"admin\"},\"sameAs\":[\"https:\/\/radioportoseguro.com.br\/site\"],\"url\":\"https:\/\/radioportoseguro.com.br\/site\/author\/hezio\/\"}]}<\/script>\n<!-- \/ Yoast SEO plugin. -->","yoast_head_json":{"title":"Dia de Martin Luther King: O pastor que revolucionou a luta pelos direitos civis - R\u00e1dio Porto Seguro","robots":{"index":"index","follow":"follow","max-snippet":"max-snippet:-1","max-image-preview":"max-image-preview:large","max-video-preview":"max-video-preview:-1"},"canonical":"https:\/\/radioportoseguro.com.br\/site\/2026\/01\/20\/dia-de-martin-luther-king-o-pastor-que-revolucionou-a-luta-pelos-direitos-civis\/","og_locale":"pt_BR","og_type":"article","og_title":"Dia de Martin Luther King: O pastor que revolucionou a luta pelos direitos civis - R\u00e1dio Porto Seguro","og_description":"O Dia de Martin Luther King Jr. vai al\u00e9m de um feriado EUA e se apresenta como um marco de reflex\u00e3o sobre o impacto de valores crist\u00e3os \u2013 como amor, justi\u00e7a e paz \u2013 na transforma\u00e7\u00e3o de sociedades e na promo\u00e7\u00e3o da dignidade humana. Comemorado na terceira segunda-feira do m\u00eas de janeiro, a data foi [&hellip;]","og_url":"https:\/\/radioportoseguro.com.br\/site\/2026\/01\/20\/dia-de-martin-luther-king-o-pastor-que-revolucionou-a-luta-pelos-direitos-civis\/","og_site_name":"R\u00e1dio Porto Seguro","article_published_time":"2026-01-20T05:28:34+00:00","og_image":[{"width":1200,"height":600,"url":"https:\/\/radioportoseguro.com.br\/site\/wp-content\/uploads\/2026\/01\/589351731-martin-luther-king-jr.png","type":"image\/png"}],"author":"admin","twitter_card":"summary_large_image","twitter_misc":{"Escrito por":"admin","Est. tempo de leitura":"3 minutos"},"schema":{"@context":"https:\/\/schema.org","@graph":[{"@type":"Article","@id":"https:\/\/radioportoseguro.com.br\/site\/2026\/01\/20\/dia-de-martin-luther-king-o-pastor-que-revolucionou-a-luta-pelos-direitos-civis\/#article","isPartOf":{"@id":"https:\/\/radioportoseguro.com.br\/site\/2026\/01\/20\/dia-de-martin-luther-king-o-pastor-que-revolucionou-a-luta-pelos-direitos-civis\/"},"author":{"name":"admin","@id":"https:\/\/radioportoseguro.com.br\/site\/#\/schema\/person\/7630acdc320186f13639d3c067ec089b"},"headline":"Dia de Martin Luther King: O pastor que revolucionou a luta pelos direitos civis","datePublished":"2026-01-20T05:28:34+00:00","mainEntityOfPage":{"@id":"https:\/\/radioportoseguro.com.br\/site\/2026\/01\/20\/dia-de-martin-luther-king-o-pastor-que-revolucionou-a-luta-pelos-direitos-civis\/"},"wordCount":682,"image":{"@id":"https:\/\/radioportoseguro.com.br\/site\/2026\/01\/20\/dia-de-martin-luther-king-o-pastor-que-revolucionou-a-luta-pelos-direitos-civis\/#primaryimage"},"thumbnailUrl":"https:\/\/radioportoseguro.com.br\/site\/wp-content\/uploads\/2026\/01\/589351731-martin-luther-king-jr.png","articleSection":["Destaques"],"inLanguage":"pt-BR"},{"@type":"WebPage","@id":"https:\/\/radioportoseguro.com.br\/site\/2026\/01\/20\/dia-de-martin-luther-king-o-pastor-que-revolucionou-a-luta-pelos-direitos-civis\/","url":"https:\/\/radioportoseguro.com.br\/site\/2026\/01\/20\/dia-de-martin-luther-king-o-pastor-que-revolucionou-a-luta-pelos-direitos-civis\/","name":"Dia de Martin Luther King: O pastor que revolucionou a luta pelos direitos civis - R\u00e1dio Porto Seguro","isPartOf":{"@id":"https:\/\/radioportoseguro.com.br\/site\/#website"},"primaryImageOfPage":{"@id":"https:\/\/radioportoseguro.com.br\/site\/2026\/01\/20\/dia-de-martin-luther-king-o-pastor-que-revolucionou-a-luta-pelos-direitos-civis\/#primaryimage"},"image":{"@id":"https:\/\/radioportoseguro.com.br\/site\/2026\/01\/20\/dia-de-martin-luther-king-o-pastor-que-revolucionou-a-luta-pelos-direitos-civis\/#primaryimage"},"thumbnailUrl":"https:\/\/radioportoseguro.com.br\/site\/wp-content\/uploads\/2026\/01\/589351731-martin-luther-king-jr.png","datePublished":"2026-01-20T05:28:34+00:00","author":{"@id":"https:\/\/radioportoseguro.com.br\/site\/#\/schema\/person\/7630acdc320186f13639d3c067ec089b"},"breadcrumb":{"@id":"https:\/\/radioportoseguro.com.br\/site\/2026\/01\/20\/dia-de-martin-luther-king-o-pastor-que-revolucionou-a-luta-pelos-direitos-civis\/#breadcrumb"},"inLanguage":"pt-BR","potentialAction":[{"@type":"ReadAction","target":["https:\/\/radioportoseguro.com.br\/site\/2026\/01\/20\/dia-de-martin-luther-king-o-pastor-que-revolucionou-a-luta-pelos-direitos-civis\/"]}]},{"@type":"ImageObject","inLanguage":"pt-BR","@id":"https:\/\/radioportoseguro.com.br\/site\/2026\/01\/20\/dia-de-martin-luther-king-o-pastor-que-revolucionou-a-luta-pelos-direitos-civis\/#primaryimage","url":"https:\/\/radioportoseguro.com.br\/site\/wp-content\/uploads\/2026\/01\/589351731-martin-luther-king-jr.png","contentUrl":"https:\/\/radioportoseguro.com.br\/site\/wp-content\/uploads\/2026\/01\/589351731-martin-luther-king-jr.png","width":1200,"height":600},{"@type":"BreadcrumbList","@id":"https:\/\/radioportoseguro.com.br\/site\/2026\/01\/20\/dia-de-martin-luther-king-o-pastor-que-revolucionou-a-luta-pelos-direitos-civis\/#breadcrumb","itemListElement":[{"@type":"ListItem","position":1,"name":"In\u00edcio","item":"https:\/\/radioportoseguro.com.br\/site\/"},{"@type":"ListItem","position":2,"name":"Dia de Martin Luther King: O pastor que revolucionou a luta pelos direitos civis"}]},{"@type":"WebSite","@id":"https:\/\/radioportoseguro.com.br\/site\/#website","url":"https:\/\/radioportoseguro.com.br\/site\/","name":"R\u00e1dio Porto Seguro","description":"","potentialAction":[{"@type":"SearchAction","target":{"@type":"EntryPoint","urlTemplate":"https:\/\/radioportoseguro.com.br\/site\/?s={search_term_string}"},"query-input":{"@type":"PropertyValueSpecification","valueRequired":true,"valueName":"search_term_string"}}],"inLanguage":"pt-BR"},{"@type":"Person","@id":"https:\/\/radioportoseguro.com.br\/site\/#\/schema\/person\/7630acdc320186f13639d3c067ec089b","name":"admin","image":{"@type":"ImageObject","inLanguage":"pt-BR","@id":"https:\/\/radioportoseguro.com.br\/site\/#\/schema\/person\/image\/","url":"https:\/\/secure.gravatar.com\/avatar\/caacf4dc1eedb68fab0df8e1ed46c448e578b2466351bbcb61e47d2ac0caaef0?s=96&d=mm&r=g","contentUrl":"https:\/\/secure.gravatar.com\/avatar\/caacf4dc1eedb68fab0df8e1ed46c448e578b2466351bbcb61e47d2ac0caaef0?s=96&d=mm&r=g","caption":"admin"},"sameAs":["https:\/\/radioportoseguro.com.br\/site"],"url":"https:\/\/radioportoseguro.com.br\/site\/author\/hezio\/"}]}},"_links":{"self":[{"href":"https:\/\/radioportoseguro.com.br\/site\/wp-json\/wp\/v2\/posts\/3217","targetHints":{"allow":["GET"]}}],"collection":[{"href":"https:\/\/radioportoseguro.com.br\/site\/wp-json\/wp\/v2\/posts"}],"about":[{"href":"https:\/\/radioportoseguro.com.br\/site\/wp-json\/wp\/v2\/types\/post"}],"author":[{"embeddable":true,"href":"https:\/\/radioportoseguro.com.br\/site\/wp-json\/wp\/v2\/users\/1"}],"replies":[{"embeddable":true,"href":"https:\/\/radioportoseguro.com.br\/site\/wp-json\/wp\/v2\/comments?post=3217"}],"version-history":[{"count":0,"href":"https:\/\/radioportoseguro.com.br\/site\/wp-json\/wp\/v2\/posts\/3217\/revisions"}],"wp:featuredmedia":[{"embeddable":true,"href":"https:\/\/radioportoseguro.com.br\/site\/wp-json\/wp\/v2\/media\/3218"}],"wp:attachment":[{"href":"https:\/\/radioportoseguro.com.br\/site\/wp-json\/wp\/v2\/media?parent=3217"}],"wp:term":[{"taxonomy":"category","embeddable":true,"href":"https:\/\/radioportoseguro.com.br\/site\/wp-json\/wp\/v2\/categories?post=3217"},{"taxonomy":"post_tag","embeddable":true,"href":"https:\/\/radioportoseguro.com.br\/site\/wp-json\/wp\/v2\/tags?post=3217"}],"curies":[{"name":"wp","href":"https:\/\/api.w.org\/{rel}","templated":true}]}}