{"id":3227,"date":"2026-01-20T07:01:46","date_gmt":"2026-01-20T10:01:46","guid":{"rendered":"https:\/\/radioportoseguro.com.br\/site\/2026\/01\/20\/eyshila-lanca-medley-de-ate-tocar-o-ceu-profetiza-parceria-com-sued-silva\/"},"modified":"2026-01-20T07:01:46","modified_gmt":"2026-01-20T10:01:46","slug":"eyshila-lanca-medley-de-ate-tocar-o-ceu-profetiza-parceria-com-sued-silva","status":"publish","type":"post","link":"https:\/\/radioportoseguro.com.br\/site\/2026\/01\/20\/eyshila-lanca-medley-de-ate-tocar-o-ceu-profetiza-parceria-com-sued-silva\/","title":{"rendered":"Eyshila lan\u00e7a medley de &#8220;At\u00e9 Tocar O C\u00e9u&#8221; + &#8220;Profetiza&#8221;, parceria com Sued Silva"},"content":{"rendered":"<p><br \/>\n<\/p>\n<div id=\"post-body-4546962428212082787\" itemprop=\"articleBody\">\n<meta content=\"Eyshila deu in\u00edcio, nesta segunda-feira (4), \u00e0s comemora\u00e7\u00f5es pelos seus 30 anos de minist\u00e9rio com o lan\u00e7amento de um medley entre as faixas ...\" name=\"twitter:description\"\/><\/p>\n<p><!-- Postagens --><\/p>\n<div>\n<div class=\"separator\" style=\"clear: both; text-align: center;\"><\/div>\n<p><span style=\"font-family: helvetica;\"><br \/><\/span><\/div>\n<p><span style=\"font-family: helvetica;\">Eyshila deu in\u00edcio, nesta segunda-feira (4), \u00e0s comemora\u00e7\u00f5es pelos seus 30 anos de minist\u00e9rio com o lan\u00e7amento de um medley entre as faixas &#8220;At\u00e9 Tocar o C\u00e9u&#8221; e &#8220;Profetiza&#8221;, em parceria com Sued Silva, e dispon\u00edvel nas plataformas digitais pela gravadora MK Music.<\/p>\n<p>O projeto audiovisual, dividido em duas partes, foi gravado ao vivo em S\u00e3o Paulo e no Rio de Janeiro, em clima de celebra\u00e7\u00e3o e nostalgia. Amigos e nomes marcantes da m\u00fasica gospel como Cassiane, Fernanda Brum e Bruna Karla marcaram presen\u00e7a.<\/p>\n<p>\u201cN\u00e3o tenho palavras para expressar o que senti ao viver e reviver momentos t\u00e3o especiais ao lado de amigos t\u00e3o queridos\u201d, declarou.<\/p>\n<p>&#8220;At\u00e9 Tocar o C\u00e9u&#8221;, faixa que abre o medley, \u00e9 o t\u00edtulo do s\u00e9timo \u00e1lbum da cantora, lan\u00e7ado em 2007. O disco foi um marco em sua carreira, conquistando Disco de Platina com mais de 125 mil c\u00f3pias vendidas e uma indica\u00e7\u00e3o ao Grammy Latino na categoria Melhor \u00c1lbum Crist\u00e3o em L\u00edngua Portuguesa.<\/p>\n<p>J\u00e1 &#8220;Profetiza&#8221; marcou a estreia de Eyshila pela Central Gospel Music, em 2012, como carro-chefe do \u00e1lbum &#8220;Jesus, O Brasil Te Adora&#8221;, tamb\u00e9m indicado ao Grammy, mas foi escrita na \u00e9poca do lan\u00e7amento do CD &#8220;At\u00e9 Tocar o C\u00e9u&#8221;.<\/p>\n<p>Assista agora ao medley \u201cAt\u00e9 Tocar o C\u00e9u + Profetiza\u201d, de Eyshila com Sued Silva.<\/p>\n<p><\/span><\/p>\n<div>\n<div class=\"ose-youtube ose-uid-b84e8315394f26efda37da4849a6459d ose-embedpress-responsive\" style=\"width:600px; height:600px; max-height:600px; max-width:100%; display:inline-block;\" data-embed-type=\"Youtube\"><iframe allowFullScreen=\"true\" title=\"Eyshila e Sued Silva - At\u00e9 Tocar o C\u00e9u + Profetiza (Ao Vivo) (Clipe Oficial MK Music)\" width=\"600\" height=\"600\" src=\"https:\/\/www.youtube.com\/embed\/gv3wcY-y2D4?feature=oembed&color=red&rel=0&controls=1&start=&end=&fs=0&iv_load_policy=0&autoplay=0&mute=0&modestbranding=0&cc_load_policy=1&playsinline=1\" frameborder=\"0\" allow=\"accelerometer; encrypted-media;accelerometer;autoplay;clipboard-write;gyroscope;picture-in-picture clipboard-write; encrypted-media; gyroscope; picture-in-picture; web-share\" referrerpolicy=\"strict-origin-when-cross-origin\" allowfullscreen><\/iframe><\/div>\n<\/div>\n<\/div>\n<p><script src=\"https:\/\/connect.facebook.net\/pt_BR\/all.js#xfbml=1\"><\/script><script>\n\/\/<![CDATA[\n(function(d, s, id) {\n  var js, fjs = d.getElementsByTagName(s)[0];\n  if (d.getElementById(id)) return;\n  js = d.createElement(s); js.id = id;\n  js.src = \"\/\/connect.facebook.net\/en_US\/sdk.js#xfbml=1&#038;version=v2.5\";\n  fjs.parentNode.insertBefore(js, fjs);\n}(document, 'script', 'facebook-jssdk'));\n\/\/]]>\ngoogle.com, pub-1504690508349431, DIRECT, f08c47fec0942fa0\n<\/script><br \/>\n<br \/><br \/>\n<br \/>Fonte: News Gospel<\/p>\n","protected":false},"excerpt":{"rendered":"<p>Eyshila deu in\u00edcio, nesta segunda-feira (4), \u00e0s comemora\u00e7\u00f5es pelos seus 30 anos de minist\u00e9rio com o lan\u00e7amento de um medley entre as faixas &#8220;At\u00e9 Tocar o C\u00e9u&#8221; e &#8220;Profetiza&#8221;, em parceria com Sued Silva, e dispon\u00edvel nas plataformas digitais pela gravadora MK Music. O projeto audiovisual, dividido em duas partes, foi gravado ao vivo em [&hellip;]<\/p>\n","protected":false},"author":1,"featured_media":3228,"comment_status":"","ping_status":"open","sticky":false,"template":"","format":"standard","meta":{"footnotes":""},"categories":[4],"tags":[],"class_list":["post-3227","post","type-post","status-publish","format-standard","has-post-thumbnail","hentry","category-musica"],"yoast_head":"<!-- This site is optimized with the Yoast SEO plugin v26.8 - https:\/\/yoast.com\/product\/yoast-seo-wordpress\/ -->\n<title>Eyshila lan\u00e7a medley de &quot;At\u00e9 Tocar O C\u00e9u&quot; + &quot;Profetiza&quot;, parceria com Sued Silva - R\u00e1dio Porto Seguro<\/title>\n<meta name=\"robots\" content=\"index, follow, max-snippet:-1, max-image-preview:large, max-video-preview:-1\" \/>\n<link rel=\"canonical\" href=\"https:\/\/radioportoseguro.com.br\/site\/2026\/01\/20\/eyshila-lanca-medley-de-ate-tocar-o-ceu-profetiza-parceria-com-sued-silva\/\" \/>\n<meta property=\"og:locale\" content=\"pt_BR\" \/>\n<meta property=\"og:type\" content=\"article\" \/>\n<meta property=\"og:title\" content=\"Eyshila lan\u00e7a medley de &quot;At\u00e9 Tocar O C\u00e9u&quot; + &quot;Profetiza&quot;, parceria com Sued Silva - R\u00e1dio Porto Seguro\" \/>\n<meta property=\"og:description\" content=\"Eyshila deu in\u00edcio, nesta segunda-feira (4), \u00e0s comemora\u00e7\u00f5es pelos seus 30 anos de minist\u00e9rio com o lan\u00e7amento de um medley entre as faixas &#8220;At\u00e9 Tocar o C\u00e9u&#8221; e &#8220;Profetiza&#8221;, em parceria com Sued Silva, e dispon\u00edvel nas plataformas digitais pela gravadora MK Music. O projeto audiovisual, dividido em duas partes, foi gravado ao vivo em [&hellip;]\" \/>\n<meta property=\"og:url\" content=\"https:\/\/radioportoseguro.com.br\/site\/2026\/01\/20\/eyshila-lanca-medley-de-ate-tocar-o-ceu-profetiza-parceria-com-sued-silva\/\" \/>\n<meta property=\"og:site_name\" content=\"R\u00e1dio Porto Seguro\" \/>\n<meta property=\"article:published_time\" content=\"2026-01-20T10:01:46+00:00\" \/>\n<meta property=\"og:image\" content=\"https:\/\/radioportoseguro.com.br\/site\/wp-content\/uploads\/2026\/01\/avatar1.jpg\" \/>\n\t<meta property=\"og:image:width\" content=\"1200\" \/>\n\t<meta property=\"og:image:height\" content=\"630\" \/>\n\t<meta property=\"og:image:type\" content=\"image\/jpeg\" \/>\n<meta name=\"author\" content=\"admin\" \/>\n<meta name=\"twitter:card\" content=\"summary_large_image\" \/>\n<meta name=\"twitter:label1\" content=\"Escrito por\" \/>\n\t<meta name=\"twitter:data1\" content=\"admin\" \/>\n\t<meta name=\"twitter:label2\" content=\"Est. tempo de leitura\" \/>\n\t<meta name=\"twitter:data2\" content=\"1 minuto\" \/>\n<script type=\"application\/ld+json\" class=\"yoast-schema-graph\">{\"@context\":\"https:\/\/schema.org\",\"@graph\":[{\"@type\":\"Article\",\"@id\":\"https:\/\/radioportoseguro.com.br\/site\/2026\/01\/20\/eyshila-lanca-medley-de-ate-tocar-o-ceu-profetiza-parceria-com-sued-silva\/#article\",\"isPartOf\":{\"@id\":\"https:\/\/radioportoseguro.com.br\/site\/2026\/01\/20\/eyshila-lanca-medley-de-ate-tocar-o-ceu-profetiza-parceria-com-sued-silva\/\"},\"author\":{\"name\":\"admin\",\"@id\":\"https:\/\/radioportoseguro.com.br\/site\/#\/schema\/person\/7630acdc320186f13639d3c067ec089b\"},\"headline\":\"Eyshila lan\u00e7a medley de &#8220;At\u00e9 Tocar O C\u00e9u&#8221; + &#8220;Profetiza&#8221;, parceria com Sued Silva\",\"datePublished\":\"2026-01-20T10:01:46+00:00\",\"mainEntityOfPage\":{\"@id\":\"https:\/\/radioportoseguro.com.br\/site\/2026\/01\/20\/eyshila-lanca-medley-de-ate-tocar-o-ceu-profetiza-parceria-com-sued-silva\/\"},\"wordCount\":262,\"image\":{\"@id\":\"https:\/\/radioportoseguro.com.br\/site\/2026\/01\/20\/eyshila-lanca-medley-de-ate-tocar-o-ceu-profetiza-parceria-com-sued-silva\/#primaryimage\"},\"thumbnailUrl\":\"https:\/\/radioportoseguro.com.br\/site\/wp-content\/uploads\/2026\/01\/avatar1.jpg\",\"articleSection\":[\"M\u00fasica\"],\"inLanguage\":\"pt-BR\"},{\"@type\":\"WebPage\",\"@id\":\"https:\/\/radioportoseguro.com.br\/site\/2026\/01\/20\/eyshila-lanca-medley-de-ate-tocar-o-ceu-profetiza-parceria-com-sued-silva\/\",\"url\":\"https:\/\/radioportoseguro.com.br\/site\/2026\/01\/20\/eyshila-lanca-medley-de-ate-tocar-o-ceu-profetiza-parceria-com-sued-silva\/\",\"name\":\"Eyshila lan\u00e7a medley de \\\"At\u00e9 Tocar O C\u00e9u\\\" + \\\"Profetiza\\\", parceria com Sued Silva - R\u00e1dio Porto Seguro\",\"isPartOf\":{\"@id\":\"https:\/\/radioportoseguro.com.br\/site\/#website\"},\"primaryImageOfPage\":{\"@id\":\"https:\/\/radioportoseguro.com.br\/site\/2026\/01\/20\/eyshila-lanca-medley-de-ate-tocar-o-ceu-profetiza-parceria-com-sued-silva\/#primaryimage\"},\"image\":{\"@id\":\"https:\/\/radioportoseguro.com.br\/site\/2026\/01\/20\/eyshila-lanca-medley-de-ate-tocar-o-ceu-profetiza-parceria-com-sued-silva\/#primaryimage\"},\"thumbnailUrl\":\"https:\/\/radioportoseguro.com.br\/site\/wp-content\/uploads\/2026\/01\/avatar1.jpg\",\"datePublished\":\"2026-01-20T10:01:46+00:00\",\"author\":{\"@id\":\"https:\/\/radioportoseguro.com.br\/site\/#\/schema\/person\/7630acdc320186f13639d3c067ec089b\"},\"breadcrumb\":{\"@id\":\"https:\/\/radioportoseguro.com.br\/site\/2026\/01\/20\/eyshila-lanca-medley-de-ate-tocar-o-ceu-profetiza-parceria-com-sued-silva\/#breadcrumb\"},\"inLanguage\":\"pt-BR\",\"potentialAction\":[{\"@type\":\"ReadAction\",\"target\":[\"https:\/\/radioportoseguro.com.br\/site\/2026\/01\/20\/eyshila-lanca-medley-de-ate-tocar-o-ceu-profetiza-parceria-com-sued-silva\/\"]}]},{\"@type\":\"ImageObject\",\"inLanguage\":\"pt-BR\",\"@id\":\"https:\/\/radioportoseguro.com.br\/site\/2026\/01\/20\/eyshila-lanca-medley-de-ate-tocar-o-ceu-profetiza-parceria-com-sued-silva\/#primaryimage\",\"url\":\"https:\/\/radioportoseguro.com.br\/site\/wp-content\/uploads\/2026\/01\/avatar1.jpg\",\"contentUrl\":\"https:\/\/radioportoseguro.com.br\/site\/wp-content\/uploads\/2026\/01\/avatar1.jpg\",\"width\":1200,\"height\":630},{\"@type\":\"BreadcrumbList\",\"@id\":\"https:\/\/radioportoseguro.com.br\/site\/2026\/01\/20\/eyshila-lanca-medley-de-ate-tocar-o-ceu-profetiza-parceria-com-sued-silva\/#breadcrumb\",\"itemListElement\":[{\"@type\":\"ListItem\",\"position\":1,\"name\":\"In\u00edcio\",\"item\":\"https:\/\/radioportoseguro.com.br\/site\/\"},{\"@type\":\"ListItem\",\"position\":2,\"name\":\"Eyshila lan\u00e7a medley de &#8220;At\u00e9 Tocar O C\u00e9u&#8221; + &#8220;Profetiza&#8221;, parceria com Sued Silva\"}]},{\"@type\":\"WebSite\",\"@id\":\"https:\/\/radioportoseguro.com.br\/site\/#website\",\"url\":\"https:\/\/radioportoseguro.com.br\/site\/\",\"name\":\"R\u00e1dio Porto Seguro\",\"description\":\"\",\"potentialAction\":[{\"@type\":\"SearchAction\",\"target\":{\"@type\":\"EntryPoint\",\"urlTemplate\":\"https:\/\/radioportoseguro.com.br\/site\/?s={search_term_string}\"},\"query-input\":{\"@type\":\"PropertyValueSpecification\",\"valueRequired\":true,\"valueName\":\"search_term_string\"}}],\"inLanguage\":\"pt-BR\"},{\"@type\":\"Person\",\"@id\":\"https:\/\/radioportoseguro.com.br\/site\/#\/schema\/person\/7630acdc320186f13639d3c067ec089b\",\"name\":\"admin\",\"image\":{\"@type\":\"ImageObject\",\"inLanguage\":\"pt-BR\",\"@id\":\"https:\/\/radioportoseguro.com.br\/site\/#\/schema\/person\/image\/\",\"url\":\"https:\/\/secure.gravatar.com\/avatar\/caacf4dc1eedb68fab0df8e1ed46c448e578b2466351bbcb61e47d2ac0caaef0?s=96&d=mm&r=g\",\"contentUrl\":\"https:\/\/secure.gravatar.com\/avatar\/caacf4dc1eedb68fab0df8e1ed46c448e578b2466351bbcb61e47d2ac0caaef0?s=96&d=mm&r=g\",\"caption\":\"admin\"},\"sameAs\":[\"https:\/\/radioportoseguro.com.br\/site\"],\"url\":\"https:\/\/radioportoseguro.com.br\/site\/author\/hezio\/\"}]}<\/script>\n<!-- \/ Yoast SEO plugin. -->","yoast_head_json":{"title":"Eyshila lan\u00e7a medley de \"At\u00e9 Tocar O C\u00e9u\" + \"Profetiza\", parceria com Sued Silva - R\u00e1dio Porto Seguro","robots":{"index":"index","follow":"follow","max-snippet":"max-snippet:-1","max-image-preview":"max-image-preview:large","max-video-preview":"max-video-preview:-1"},"canonical":"https:\/\/radioportoseguro.com.br\/site\/2026\/01\/20\/eyshila-lanca-medley-de-ate-tocar-o-ceu-profetiza-parceria-com-sued-silva\/","og_locale":"pt_BR","og_type":"article","og_title":"Eyshila lan\u00e7a medley de \"At\u00e9 Tocar O C\u00e9u\" + \"Profetiza\", parceria com Sued Silva - R\u00e1dio Porto Seguro","og_description":"Eyshila deu in\u00edcio, nesta segunda-feira (4), \u00e0s comemora\u00e7\u00f5es pelos seus 30 anos de minist\u00e9rio com o lan\u00e7amento de um medley entre as faixas &#8220;At\u00e9 Tocar o C\u00e9u&#8221; e &#8220;Profetiza&#8221;, em parceria com Sued Silva, e dispon\u00edvel nas plataformas digitais pela gravadora MK Music. O projeto audiovisual, dividido em duas partes, foi gravado ao vivo em [&hellip;]","og_url":"https:\/\/radioportoseguro.com.br\/site\/2026\/01\/20\/eyshila-lanca-medley-de-ate-tocar-o-ceu-profetiza-parceria-com-sued-silva\/","og_site_name":"R\u00e1dio Porto Seguro","article_published_time":"2026-01-20T10:01:46+00:00","og_image":[{"width":1200,"height":630,"url":"https:\/\/radioportoseguro.com.br\/site\/wp-content\/uploads\/2026\/01\/avatar1.jpg","type":"image\/jpeg"}],"author":"admin","twitter_card":"summary_large_image","twitter_misc":{"Escrito por":"admin","Est. tempo de leitura":"1 minuto"},"schema":{"@context":"https:\/\/schema.org","@graph":[{"@type":"Article","@id":"https:\/\/radioportoseguro.com.br\/site\/2026\/01\/20\/eyshila-lanca-medley-de-ate-tocar-o-ceu-profetiza-parceria-com-sued-silva\/#article","isPartOf":{"@id":"https:\/\/radioportoseguro.com.br\/site\/2026\/01\/20\/eyshila-lanca-medley-de-ate-tocar-o-ceu-profetiza-parceria-com-sued-silva\/"},"author":{"name":"admin","@id":"https:\/\/radioportoseguro.com.br\/site\/#\/schema\/person\/7630acdc320186f13639d3c067ec089b"},"headline":"Eyshila lan\u00e7a medley de &#8220;At\u00e9 Tocar O C\u00e9u&#8221; + &#8220;Profetiza&#8221;, parceria com Sued Silva","datePublished":"2026-01-20T10:01:46+00:00","mainEntityOfPage":{"@id":"https:\/\/radioportoseguro.com.br\/site\/2026\/01\/20\/eyshila-lanca-medley-de-ate-tocar-o-ceu-profetiza-parceria-com-sued-silva\/"},"wordCount":262,"image":{"@id":"https:\/\/radioportoseguro.com.br\/site\/2026\/01\/20\/eyshila-lanca-medley-de-ate-tocar-o-ceu-profetiza-parceria-com-sued-silva\/#primaryimage"},"thumbnailUrl":"https:\/\/radioportoseguro.com.br\/site\/wp-content\/uploads\/2026\/01\/avatar1.jpg","articleSection":["M\u00fasica"],"inLanguage":"pt-BR"},{"@type":"WebPage","@id":"https:\/\/radioportoseguro.com.br\/site\/2026\/01\/20\/eyshila-lanca-medley-de-ate-tocar-o-ceu-profetiza-parceria-com-sued-silva\/","url":"https:\/\/radioportoseguro.com.br\/site\/2026\/01\/20\/eyshila-lanca-medley-de-ate-tocar-o-ceu-profetiza-parceria-com-sued-silva\/","name":"Eyshila lan\u00e7a medley de \"At\u00e9 Tocar O C\u00e9u\" + \"Profetiza\", parceria com Sued Silva - R\u00e1dio Porto Seguro","isPartOf":{"@id":"https:\/\/radioportoseguro.com.br\/site\/#website"},"primaryImageOfPage":{"@id":"https:\/\/radioportoseguro.com.br\/site\/2026\/01\/20\/eyshila-lanca-medley-de-ate-tocar-o-ceu-profetiza-parceria-com-sued-silva\/#primaryimage"},"image":{"@id":"https:\/\/radioportoseguro.com.br\/site\/2026\/01\/20\/eyshila-lanca-medley-de-ate-tocar-o-ceu-profetiza-parceria-com-sued-silva\/#primaryimage"},"thumbnailUrl":"https:\/\/radioportoseguro.com.br\/site\/wp-content\/uploads\/2026\/01\/avatar1.jpg","datePublished":"2026-01-20T10:01:46+00:00","author":{"@id":"https:\/\/radioportoseguro.com.br\/site\/#\/schema\/person\/7630acdc320186f13639d3c067ec089b"},"breadcrumb":{"@id":"https:\/\/radioportoseguro.com.br\/site\/2026\/01\/20\/eyshila-lanca-medley-de-ate-tocar-o-ceu-profetiza-parceria-com-sued-silva\/#breadcrumb"},"inLanguage":"pt-BR","potentialAction":[{"@type":"ReadAction","target":["https:\/\/radioportoseguro.com.br\/site\/2026\/01\/20\/eyshila-lanca-medley-de-ate-tocar-o-ceu-profetiza-parceria-com-sued-silva\/"]}]},{"@type":"ImageObject","inLanguage":"pt-BR","@id":"https:\/\/radioportoseguro.com.br\/site\/2026\/01\/20\/eyshila-lanca-medley-de-ate-tocar-o-ceu-profetiza-parceria-com-sued-silva\/#primaryimage","url":"https:\/\/radioportoseguro.com.br\/site\/wp-content\/uploads\/2026\/01\/avatar1.jpg","contentUrl":"https:\/\/radioportoseguro.com.br\/site\/wp-content\/uploads\/2026\/01\/avatar1.jpg","width":1200,"height":630},{"@type":"BreadcrumbList","@id":"https:\/\/radioportoseguro.com.br\/site\/2026\/01\/20\/eyshila-lanca-medley-de-ate-tocar-o-ceu-profetiza-parceria-com-sued-silva\/#breadcrumb","itemListElement":[{"@type":"ListItem","position":1,"name":"In\u00edcio","item":"https:\/\/radioportoseguro.com.br\/site\/"},{"@type":"ListItem","position":2,"name":"Eyshila lan\u00e7a medley de &#8220;At\u00e9 Tocar O C\u00e9u&#8221; + &#8220;Profetiza&#8221;, parceria com Sued Silva"}]},{"@type":"WebSite","@id":"https:\/\/radioportoseguro.com.br\/site\/#website","url":"https:\/\/radioportoseguro.com.br\/site\/","name":"R\u00e1dio Porto Seguro","description":"","potentialAction":[{"@type":"SearchAction","target":{"@type":"EntryPoint","urlTemplate":"https:\/\/radioportoseguro.com.br\/site\/?s={search_term_string}"},"query-input":{"@type":"PropertyValueSpecification","valueRequired":true,"valueName":"search_term_string"}}],"inLanguage":"pt-BR"},{"@type":"Person","@id":"https:\/\/radioportoseguro.com.br\/site\/#\/schema\/person\/7630acdc320186f13639d3c067ec089b","name":"admin","image":{"@type":"ImageObject","inLanguage":"pt-BR","@id":"https:\/\/radioportoseguro.com.br\/site\/#\/schema\/person\/image\/","url":"https:\/\/secure.gravatar.com\/avatar\/caacf4dc1eedb68fab0df8e1ed46c448e578b2466351bbcb61e47d2ac0caaef0?s=96&d=mm&r=g","contentUrl":"https:\/\/secure.gravatar.com\/avatar\/caacf4dc1eedb68fab0df8e1ed46c448e578b2466351bbcb61e47d2ac0caaef0?s=96&d=mm&r=g","caption":"admin"},"sameAs":["https:\/\/radioportoseguro.com.br\/site"],"url":"https:\/\/radioportoseguro.com.br\/site\/author\/hezio\/"}]}},"_links":{"self":[{"href":"https:\/\/radioportoseguro.com.br\/site\/wp-json\/wp\/v2\/posts\/3227","targetHints":{"allow":["GET"]}}],"collection":[{"href":"https:\/\/radioportoseguro.com.br\/site\/wp-json\/wp\/v2\/posts"}],"about":[{"href":"https:\/\/radioportoseguro.com.br\/site\/wp-json\/wp\/v2\/types\/post"}],"author":[{"embeddable":true,"href":"https:\/\/radioportoseguro.com.br\/site\/wp-json\/wp\/v2\/users\/1"}],"replies":[{"embeddable":true,"href":"https:\/\/radioportoseguro.com.br\/site\/wp-json\/wp\/v2\/comments?post=3227"}],"version-history":[{"count":0,"href":"https:\/\/radioportoseguro.com.br\/site\/wp-json\/wp\/v2\/posts\/3227\/revisions"}],"wp:featuredmedia":[{"embeddable":true,"href":"https:\/\/radioportoseguro.com.br\/site\/wp-json\/wp\/v2\/media\/3228"}],"wp:attachment":[{"href":"https:\/\/radioportoseguro.com.br\/site\/wp-json\/wp\/v2\/media?parent=3227"}],"wp:term":[{"taxonomy":"category","embeddable":true,"href":"https:\/\/radioportoseguro.com.br\/site\/wp-json\/wp\/v2\/categories?post=3227"},{"taxonomy":"post_tag","embeddable":true,"href":"https:\/\/radioportoseguro.com.br\/site\/wp-json\/wp\/v2\/tags?post=3227"}],"curies":[{"name":"wp","href":"https:\/\/api.w.org\/{rel}","templated":true}]}}