{"id":3235,"date":"2026-01-20T13:04:57","date_gmt":"2026-01-20T16:04:57","guid":{"rendered":"https:\/\/radioportoseguro.com.br\/site\/2026\/01\/20\/culto-ao-amanhecer-reune-cerca-de-5-mil-pessoas-em-praia-de-sc-vivemos-um-mover-de-deus\/"},"modified":"2026-01-20T13:04:57","modified_gmt":"2026-01-20T16:04:57","slug":"culto-ao-amanhecer-reune-cerca-de-5-mil-pessoas-em-praia-de-sc-vivemos-um-mover-de-deus","status":"publish","type":"post","link":"https:\/\/radioportoseguro.com.br\/site\/2026\/01\/20\/culto-ao-amanhecer-reune-cerca-de-5-mil-pessoas-em-praia-de-sc-vivemos-um-mover-de-deus\/","title":{"rendered":"Culto ao amanhecer re\u00fane cerca de 5 mil pessoas em praia de SC: \u201cVivemos um mover de Deus\u201d"},"content":{"rendered":"<p><br \/>\n<br \/><\/p>\n<div>\n<p><span style=\"font-weight: 400;\">No \u00faltimo s\u00e1bado (17), cerca de cinco mil pessoas transformaram a Praia do Campeche, em <\/span><strong><span style=\"color: #993300;\">Florian\u00f3polis<\/span> <\/strong><span style=\"font-weight: 400;\">(SC), em um altar de adora\u00e7\u00e3o durante um culto ao ar livre que impactou milhares com a manifesta\u00e7\u00e3o da presen\u00e7a de Deus.<\/span><\/p>\n<p><span style=\"font-weight: 400;\">Antes mesmo do sol nascer, a 5\u00aa edi\u00e7\u00e3o do \u201cDesperta\u201d, promovida pela Surf House Comunidade Crist\u00e3, pastoreada por S\u00e9rgio e Kika Busatto, reuniu milhares de crist\u00e3os para momentos de ora\u00e7\u00e3o, louvor e batismos.<\/span><\/p>\n<p><span style=\"font-weight: 400;\">Conforme os l\u00edderes, a 5\u00aa edi\u00e7\u00e3o do evento superou as expectativas: \u201cFoi muito al\u00e9m do que pedimos ou pensamos. Toda honra e toda gl\u00f3ria sejam dadas a Ele, nosso amado Jesus\u201d, compartilhou o perfil da igreja.<\/span><\/p>\n<p><span style=\"font-weight: 400;\">\u201cVimos e vivemos um mover de Deus poderoso e real: milhares de vidas sendo tocadas, mentes sendo transformadas, sementes de avivamento sendo plantadas e muitas vidas sendo batizadas\u201d, acrescentaram.<\/span><\/p>\n<blockquote class=\"instagram-media\" style=\"background: #FFF; border: 0; border-radius: 3px; box-shadow: 0 0 1px 0 rgba(0,0,0,0.5),0 1px 10px 0 rgba(0,0,0,0.15); margin: 1px; max-width: 540px; min-width: 326px; padding: 0; width: calc(100% - 2px);\" data-instgrm-permalink=\"https:\/\/www.instagram.com\/reel\/DTqrWByDu0G\/?utm_source=ig_embed&amp;utm_campaign=loading\" data-instgrm-version=\"14\"><p>&#13;<br \/>\n&#13;\n<\/p><\/blockquote>\n<p><span style=\"font-weight: 400;\">No local, o pastor S\u00e9rgio ministrou a Palavra de Deus e levou a multid\u00e3o a refletir sobre a eternidade:<\/span><\/p>\n<p><span style=\"font-weight: 400;\">\u201cSabe o que a Palavra de Deus est\u00e1 nos ensinando? Que devemos viver a nossa vida com os p\u00e9s no ch\u00e3o, mas com os olhos na eternidade\u201d.\u00a0<\/span><\/p>\n<p><strong>\u2018\u00c9 um compromisso com Deus\u2019<\/strong><\/p>\n<p><span style=\"font-weight: 400;\">Enquanto o sol nascia, os crist\u00e3os louvavam ao Senhor na areia da <\/span><span style=\"color: #993300;\"><strong>praia<\/strong><\/span><span style=\"font-weight: 400;\">. O culto viralizou nas redes sociais, com muitos crist\u00e3os compartilhando suas experi\u00eancias no local, assim como internautas que foram tocados ao ver as imagens.<\/span><\/p>\n<p><span style=\"font-weight: 400;\">\u201cO que acontece quando 5 mil pessoas decidem priorizar o que \u00e9 eterno? \u200b\u00c0s 04:30 da manh\u00e3, enquanto a cidade ainda dormia, a Praia do Campeche se tornou o cen\u00e1rio de um movimento crist\u00e3o sem precedentes. \u200bVer o sol nascer ao som de vozes em coro e celebrar a vida atrav\u00e9s do batismo nas \u00e1guas \u00e9 um testemunho poderoso de que a f\u00e9 move montanhas \u2014 e multid\u00f5es. Florian\u00f3polis presenciou uma manh\u00e3 de renova\u00e7\u00e3o espiritual que ficar\u00e1 marcada na hist\u00f3ria da nossa Ilha. Foi sobrenatural\u201d, disse o assessor Daniel Carvalho no Instagram.\u00a0<\/span><\/p>\n<p><span style=\"font-weight: 400;\">\u201cDeus est\u00e1 movendo Florian\u00f3polis. E n\u00f3s estamos vivendo isso juntos. Desde o primeiro Desperta, cada encontro carrega marcas que n\u00e3o se explicam em n\u00fameros, mas em vidas tocadas. Nada disso \u00e9 sobre n\u00f3s. \u00c9 sobre Deus em movimento, chamando um povo para perto\u201d, afirmaram os pastores.<\/span><\/p>\n<blockquote class=\"instagram-media\" style=\"background: #FFF; border: 0; border-radius: 3px; box-shadow: 0 0 1px 0 rgba(0,0,0,0.5),0 1px 10px 0 rgba(0,0,0,0.15); margin: 1px; max-width: 540px; min-width: 326px; padding: 0; width: calc(100% - 2px);\" data-instgrm-permalink=\"https:\/\/www.instagram.com\/reel\/DTnRBUODeUh\/?utm_source=ig_embed&amp;utm_campaign=loading\" data-instgrm-version=\"14\"><p>&#13;<br \/>\n&#13;\n<\/p><\/blockquote>\n<p><span style=\"font-weight: 400;\">Segundo eles, esse mover s\u00f3 continua crescendo porque existem pessoas que dizem \u201csim\u201d para o agir de Deus:\u00a0<\/span><\/p>\n<p><span style=\"font-weight: 400;\">\u201cO Desperta n\u00e3o \u00e9 um evento. \u00c9 fam\u00edlia. \u00c9 entrega. \u00c9 compromisso com aquilo que Deus est\u00e1 fazendo na nossa cidade com excel\u00eancia, amor e unidade\u201d.<\/span><\/p>\n<p><span style=\"font-weight: 400;\">E conclu\u00edram: \u201cEsse \u00e9 o nosso prop\u00f3sito: levar um Evangelho simples, mas profundo onde cada cora\u00e7\u00e3o saia transbordando dos frutos de Deus, frutos que n\u00e3o s\u00e3o passageiros, mas que levamos conosco at\u00e9 a eternidade\u201d.<\/span><\/p>\n<\/div>\n<p><script async src=\"\/\/www.instagram.com\/embed.js\"><\/script><br \/>\n<br \/><br \/>\n<br \/>Fonte: Guiame <\/p>\n","protected":false},"excerpt":{"rendered":"<p>No \u00faltimo s\u00e1bado (17), cerca de cinco mil pessoas transformaram a Praia do Campeche, em Florian\u00f3polis (SC), em um altar de adora\u00e7\u00e3o durante um culto ao ar livre que impactou milhares com a manifesta\u00e7\u00e3o da presen\u00e7a de Deus. Antes mesmo do sol nascer, a 5\u00aa edi\u00e7\u00e3o do \u201cDesperta\u201d, promovida pela Surf House Comunidade Crist\u00e3, pastoreada [&hellip;]<\/p>\n","protected":false},"author":1,"featured_media":3236,"comment_status":"","ping_status":"open","sticky":false,"template":"","format":"standard","meta":{"footnotes":""},"categories":[43],"tags":[],"class_list":["post-3235","post","type-post","status-publish","format-standard","has-post-thumbnail","hentry","category-destaques"],"yoast_head":"<!-- This site is optimized with the Yoast SEO plugin v26.8 - https:\/\/yoast.com\/product\/yoast-seo-wordpress\/ -->\n<title>Culto ao amanhecer re\u00fane cerca de 5 mil pessoas em praia de SC: \u201cVivemos um mover de Deus\u201d - R\u00e1dio Porto Seguro<\/title>\n<meta name=\"robots\" content=\"index, follow, max-snippet:-1, max-image-preview:large, max-video-preview:-1\" \/>\n<link rel=\"canonical\" href=\"https:\/\/radioportoseguro.com.br\/site\/2026\/01\/20\/culto-ao-amanhecer-reune-cerca-de-5-mil-pessoas-em-praia-de-sc-vivemos-um-mover-de-deus\/\" \/>\n<meta property=\"og:locale\" content=\"pt_BR\" \/>\n<meta property=\"og:type\" content=\"article\" \/>\n<meta property=\"og:title\" content=\"Culto ao amanhecer re\u00fane cerca de 5 mil pessoas em praia de SC: \u201cVivemos um mover de Deus\u201d - R\u00e1dio Porto Seguro\" \/>\n<meta property=\"og:description\" content=\"No \u00faltimo s\u00e1bado (17), cerca de cinco mil pessoas transformaram a Praia do Campeche, em Florian\u00f3polis (SC), em um altar de adora\u00e7\u00e3o durante um culto ao ar livre que impactou milhares com a manifesta\u00e7\u00e3o da presen\u00e7a de Deus. Antes mesmo do sol nascer, a 5\u00aa edi\u00e7\u00e3o do \u201cDesperta\u201d, promovida pela Surf House Comunidade Crist\u00e3, pastoreada [&hellip;]\" \/>\n<meta property=\"og:url\" content=\"https:\/\/radioportoseguro.com.br\/site\/2026\/01\/20\/culto-ao-amanhecer-reune-cerca-de-5-mil-pessoas-em-praia-de-sc-vivemos-um-mover-de-deus\/\" \/>\n<meta property=\"og:site_name\" content=\"R\u00e1dio Porto Seguro\" \/>\n<meta property=\"article:published_time\" content=\"2026-01-20T16:04:57+00:00\" \/>\n<meta property=\"og:image\" content=\"https:\/\/radioportoseguro.com.br\/site\/wp-content\/uploads\/2026\/01\/2565421944-o-culto-na-praia.jpeg\" \/>\n\t<meta property=\"og:image:width\" content=\"1200\" \/>\n\t<meta property=\"og:image:height\" content=\"600\" \/>\n\t<meta property=\"og:image:type\" content=\"image\/jpeg\" \/>\n<meta name=\"author\" content=\"admin\" \/>\n<meta name=\"twitter:card\" content=\"summary_large_image\" \/>\n<meta name=\"twitter:label1\" content=\"Escrito por\" \/>\n\t<meta name=\"twitter:data1\" content=\"admin\" \/>\n\t<meta name=\"twitter:label2\" content=\"Est. tempo de leitura\" \/>\n\t<meta name=\"twitter:data2\" content=\"2 minutos\" \/>\n<script type=\"application\/ld+json\" class=\"yoast-schema-graph\">{\"@context\":\"https:\/\/schema.org\",\"@graph\":[{\"@type\":\"Article\",\"@id\":\"https:\/\/radioportoseguro.com.br\/site\/2026\/01\/20\/culto-ao-amanhecer-reune-cerca-de-5-mil-pessoas-em-praia-de-sc-vivemos-um-mover-de-deus\/#article\",\"isPartOf\":{\"@id\":\"https:\/\/radioportoseguro.com.br\/site\/2026\/01\/20\/culto-ao-amanhecer-reune-cerca-de-5-mil-pessoas-em-praia-de-sc-vivemos-um-mover-de-deus\/\"},\"author\":{\"name\":\"admin\",\"@id\":\"https:\/\/radioportoseguro.com.br\/site\/#\/schema\/person\/7630acdc320186f13639d3c067ec089b\"},\"headline\":\"Culto ao amanhecer re\u00fane cerca de 5 mil pessoas em praia de SC: \u201cVivemos um mover de Deus\u201d\",\"datePublished\":\"2026-01-20T16:04:57+00:00\",\"mainEntityOfPage\":{\"@id\":\"https:\/\/radioportoseguro.com.br\/site\/2026\/01\/20\/culto-ao-amanhecer-reune-cerca-de-5-mil-pessoas-em-praia-de-sc-vivemos-um-mover-de-deus\/\"},\"wordCount\":486,\"image\":{\"@id\":\"https:\/\/radioportoseguro.com.br\/site\/2026\/01\/20\/culto-ao-amanhecer-reune-cerca-de-5-mil-pessoas-em-praia-de-sc-vivemos-um-mover-de-deus\/#primaryimage\"},\"thumbnailUrl\":\"https:\/\/radioportoseguro.com.br\/site\/wp-content\/uploads\/2026\/01\/2565421944-o-culto-na-praia.jpeg\",\"articleSection\":[\"Destaques\"],\"inLanguage\":\"pt-BR\"},{\"@type\":\"WebPage\",\"@id\":\"https:\/\/radioportoseguro.com.br\/site\/2026\/01\/20\/culto-ao-amanhecer-reune-cerca-de-5-mil-pessoas-em-praia-de-sc-vivemos-um-mover-de-deus\/\",\"url\":\"https:\/\/radioportoseguro.com.br\/site\/2026\/01\/20\/culto-ao-amanhecer-reune-cerca-de-5-mil-pessoas-em-praia-de-sc-vivemos-um-mover-de-deus\/\",\"name\":\"Culto ao amanhecer re\u00fane cerca de 5 mil pessoas em praia de SC: \u201cVivemos um mover de Deus\u201d - R\u00e1dio Porto Seguro\",\"isPartOf\":{\"@id\":\"https:\/\/radioportoseguro.com.br\/site\/#website\"},\"primaryImageOfPage\":{\"@id\":\"https:\/\/radioportoseguro.com.br\/site\/2026\/01\/20\/culto-ao-amanhecer-reune-cerca-de-5-mil-pessoas-em-praia-de-sc-vivemos-um-mover-de-deus\/#primaryimage\"},\"image\":{\"@id\":\"https:\/\/radioportoseguro.com.br\/site\/2026\/01\/20\/culto-ao-amanhecer-reune-cerca-de-5-mil-pessoas-em-praia-de-sc-vivemos-um-mover-de-deus\/#primaryimage\"},\"thumbnailUrl\":\"https:\/\/radioportoseguro.com.br\/site\/wp-content\/uploads\/2026\/01\/2565421944-o-culto-na-praia.jpeg\",\"datePublished\":\"2026-01-20T16:04:57+00:00\",\"author\":{\"@id\":\"https:\/\/radioportoseguro.com.br\/site\/#\/schema\/person\/7630acdc320186f13639d3c067ec089b\"},\"breadcrumb\":{\"@id\":\"https:\/\/radioportoseguro.com.br\/site\/2026\/01\/20\/culto-ao-amanhecer-reune-cerca-de-5-mil-pessoas-em-praia-de-sc-vivemos-um-mover-de-deus\/#breadcrumb\"},\"inLanguage\":\"pt-BR\",\"potentialAction\":[{\"@type\":\"ReadAction\",\"target\":[\"https:\/\/radioportoseguro.com.br\/site\/2026\/01\/20\/culto-ao-amanhecer-reune-cerca-de-5-mil-pessoas-em-praia-de-sc-vivemos-um-mover-de-deus\/\"]}]},{\"@type\":\"ImageObject\",\"inLanguage\":\"pt-BR\",\"@id\":\"https:\/\/radioportoseguro.com.br\/site\/2026\/01\/20\/culto-ao-amanhecer-reune-cerca-de-5-mil-pessoas-em-praia-de-sc-vivemos-um-mover-de-deus\/#primaryimage\",\"url\":\"https:\/\/radioportoseguro.com.br\/site\/wp-content\/uploads\/2026\/01\/2565421944-o-culto-na-praia.jpeg\",\"contentUrl\":\"https:\/\/radioportoseguro.com.br\/site\/wp-content\/uploads\/2026\/01\/2565421944-o-culto-na-praia.jpeg\",\"width\":1200,\"height\":600},{\"@type\":\"BreadcrumbList\",\"@id\":\"https:\/\/radioportoseguro.com.br\/site\/2026\/01\/20\/culto-ao-amanhecer-reune-cerca-de-5-mil-pessoas-em-praia-de-sc-vivemos-um-mover-de-deus\/#breadcrumb\",\"itemListElement\":[{\"@type\":\"ListItem\",\"position\":1,\"name\":\"In\u00edcio\",\"item\":\"https:\/\/radioportoseguro.com.br\/site\/\"},{\"@type\":\"ListItem\",\"position\":2,\"name\":\"Culto ao amanhecer re\u00fane cerca de 5 mil pessoas em praia de SC: \u201cVivemos um mover de Deus\u201d\"}]},{\"@type\":\"WebSite\",\"@id\":\"https:\/\/radioportoseguro.com.br\/site\/#website\",\"url\":\"https:\/\/radioportoseguro.com.br\/site\/\",\"name\":\"R\u00e1dio Porto Seguro\",\"description\":\"\",\"potentialAction\":[{\"@type\":\"SearchAction\",\"target\":{\"@type\":\"EntryPoint\",\"urlTemplate\":\"https:\/\/radioportoseguro.com.br\/site\/?s={search_term_string}\"},\"query-input\":{\"@type\":\"PropertyValueSpecification\",\"valueRequired\":true,\"valueName\":\"search_term_string\"}}],\"inLanguage\":\"pt-BR\"},{\"@type\":\"Person\",\"@id\":\"https:\/\/radioportoseguro.com.br\/site\/#\/schema\/person\/7630acdc320186f13639d3c067ec089b\",\"name\":\"admin\",\"image\":{\"@type\":\"ImageObject\",\"inLanguage\":\"pt-BR\",\"@id\":\"https:\/\/radioportoseguro.com.br\/site\/#\/schema\/person\/image\/\",\"url\":\"https:\/\/secure.gravatar.com\/avatar\/caacf4dc1eedb68fab0df8e1ed46c448e578b2466351bbcb61e47d2ac0caaef0?s=96&d=mm&r=g\",\"contentUrl\":\"https:\/\/secure.gravatar.com\/avatar\/caacf4dc1eedb68fab0df8e1ed46c448e578b2466351bbcb61e47d2ac0caaef0?s=96&d=mm&r=g\",\"caption\":\"admin\"},\"sameAs\":[\"https:\/\/radioportoseguro.com.br\/site\"],\"url\":\"https:\/\/radioportoseguro.com.br\/site\/author\/hezio\/\"}]}<\/script>\n<!-- \/ Yoast SEO plugin. -->","yoast_head_json":{"title":"Culto ao amanhecer re\u00fane cerca de 5 mil pessoas em praia de SC: \u201cVivemos um mover de Deus\u201d - R\u00e1dio Porto Seguro","robots":{"index":"index","follow":"follow","max-snippet":"max-snippet:-1","max-image-preview":"max-image-preview:large","max-video-preview":"max-video-preview:-1"},"canonical":"https:\/\/radioportoseguro.com.br\/site\/2026\/01\/20\/culto-ao-amanhecer-reune-cerca-de-5-mil-pessoas-em-praia-de-sc-vivemos-um-mover-de-deus\/","og_locale":"pt_BR","og_type":"article","og_title":"Culto ao amanhecer re\u00fane cerca de 5 mil pessoas em praia de SC: \u201cVivemos um mover de Deus\u201d - R\u00e1dio Porto Seguro","og_description":"No \u00faltimo s\u00e1bado (17), cerca de cinco mil pessoas transformaram a Praia do Campeche, em Florian\u00f3polis (SC), em um altar de adora\u00e7\u00e3o durante um culto ao ar livre que impactou milhares com a manifesta\u00e7\u00e3o da presen\u00e7a de Deus. Antes mesmo do sol nascer, a 5\u00aa edi\u00e7\u00e3o do \u201cDesperta\u201d, promovida pela Surf House Comunidade Crist\u00e3, pastoreada [&hellip;]","og_url":"https:\/\/radioportoseguro.com.br\/site\/2026\/01\/20\/culto-ao-amanhecer-reune-cerca-de-5-mil-pessoas-em-praia-de-sc-vivemos-um-mover-de-deus\/","og_site_name":"R\u00e1dio Porto Seguro","article_published_time":"2026-01-20T16:04:57+00:00","og_image":[{"width":1200,"height":600,"url":"https:\/\/radioportoseguro.com.br\/site\/wp-content\/uploads\/2026\/01\/2565421944-o-culto-na-praia.jpeg","type":"image\/jpeg"}],"author":"admin","twitter_card":"summary_large_image","twitter_misc":{"Escrito por":"admin","Est. tempo de leitura":"2 minutos"},"schema":{"@context":"https:\/\/schema.org","@graph":[{"@type":"Article","@id":"https:\/\/radioportoseguro.com.br\/site\/2026\/01\/20\/culto-ao-amanhecer-reune-cerca-de-5-mil-pessoas-em-praia-de-sc-vivemos-um-mover-de-deus\/#article","isPartOf":{"@id":"https:\/\/radioportoseguro.com.br\/site\/2026\/01\/20\/culto-ao-amanhecer-reune-cerca-de-5-mil-pessoas-em-praia-de-sc-vivemos-um-mover-de-deus\/"},"author":{"name":"admin","@id":"https:\/\/radioportoseguro.com.br\/site\/#\/schema\/person\/7630acdc320186f13639d3c067ec089b"},"headline":"Culto ao amanhecer re\u00fane cerca de 5 mil pessoas em praia de SC: \u201cVivemos um mover de Deus\u201d","datePublished":"2026-01-20T16:04:57+00:00","mainEntityOfPage":{"@id":"https:\/\/radioportoseguro.com.br\/site\/2026\/01\/20\/culto-ao-amanhecer-reune-cerca-de-5-mil-pessoas-em-praia-de-sc-vivemos-um-mover-de-deus\/"},"wordCount":486,"image":{"@id":"https:\/\/radioportoseguro.com.br\/site\/2026\/01\/20\/culto-ao-amanhecer-reune-cerca-de-5-mil-pessoas-em-praia-de-sc-vivemos-um-mover-de-deus\/#primaryimage"},"thumbnailUrl":"https:\/\/radioportoseguro.com.br\/site\/wp-content\/uploads\/2026\/01\/2565421944-o-culto-na-praia.jpeg","articleSection":["Destaques"],"inLanguage":"pt-BR"},{"@type":"WebPage","@id":"https:\/\/radioportoseguro.com.br\/site\/2026\/01\/20\/culto-ao-amanhecer-reune-cerca-de-5-mil-pessoas-em-praia-de-sc-vivemos-um-mover-de-deus\/","url":"https:\/\/radioportoseguro.com.br\/site\/2026\/01\/20\/culto-ao-amanhecer-reune-cerca-de-5-mil-pessoas-em-praia-de-sc-vivemos-um-mover-de-deus\/","name":"Culto ao amanhecer re\u00fane cerca de 5 mil pessoas em praia de SC: \u201cVivemos um mover de Deus\u201d - R\u00e1dio Porto Seguro","isPartOf":{"@id":"https:\/\/radioportoseguro.com.br\/site\/#website"},"primaryImageOfPage":{"@id":"https:\/\/radioportoseguro.com.br\/site\/2026\/01\/20\/culto-ao-amanhecer-reune-cerca-de-5-mil-pessoas-em-praia-de-sc-vivemos-um-mover-de-deus\/#primaryimage"},"image":{"@id":"https:\/\/radioportoseguro.com.br\/site\/2026\/01\/20\/culto-ao-amanhecer-reune-cerca-de-5-mil-pessoas-em-praia-de-sc-vivemos-um-mover-de-deus\/#primaryimage"},"thumbnailUrl":"https:\/\/radioportoseguro.com.br\/site\/wp-content\/uploads\/2026\/01\/2565421944-o-culto-na-praia.jpeg","datePublished":"2026-01-20T16:04:57+00:00","author":{"@id":"https:\/\/radioportoseguro.com.br\/site\/#\/schema\/person\/7630acdc320186f13639d3c067ec089b"},"breadcrumb":{"@id":"https:\/\/radioportoseguro.com.br\/site\/2026\/01\/20\/culto-ao-amanhecer-reune-cerca-de-5-mil-pessoas-em-praia-de-sc-vivemos-um-mover-de-deus\/#breadcrumb"},"inLanguage":"pt-BR","potentialAction":[{"@type":"ReadAction","target":["https:\/\/radioportoseguro.com.br\/site\/2026\/01\/20\/culto-ao-amanhecer-reune-cerca-de-5-mil-pessoas-em-praia-de-sc-vivemos-um-mover-de-deus\/"]}]},{"@type":"ImageObject","inLanguage":"pt-BR","@id":"https:\/\/radioportoseguro.com.br\/site\/2026\/01\/20\/culto-ao-amanhecer-reune-cerca-de-5-mil-pessoas-em-praia-de-sc-vivemos-um-mover-de-deus\/#primaryimage","url":"https:\/\/radioportoseguro.com.br\/site\/wp-content\/uploads\/2026\/01\/2565421944-o-culto-na-praia.jpeg","contentUrl":"https:\/\/radioportoseguro.com.br\/site\/wp-content\/uploads\/2026\/01\/2565421944-o-culto-na-praia.jpeg","width":1200,"height":600},{"@type":"BreadcrumbList","@id":"https:\/\/radioportoseguro.com.br\/site\/2026\/01\/20\/culto-ao-amanhecer-reune-cerca-de-5-mil-pessoas-em-praia-de-sc-vivemos-um-mover-de-deus\/#breadcrumb","itemListElement":[{"@type":"ListItem","position":1,"name":"In\u00edcio","item":"https:\/\/radioportoseguro.com.br\/site\/"},{"@type":"ListItem","position":2,"name":"Culto ao amanhecer re\u00fane cerca de 5 mil pessoas em praia de SC: \u201cVivemos um mover de Deus\u201d"}]},{"@type":"WebSite","@id":"https:\/\/radioportoseguro.com.br\/site\/#website","url":"https:\/\/radioportoseguro.com.br\/site\/","name":"R\u00e1dio Porto Seguro","description":"","potentialAction":[{"@type":"SearchAction","target":{"@type":"EntryPoint","urlTemplate":"https:\/\/radioportoseguro.com.br\/site\/?s={search_term_string}"},"query-input":{"@type":"PropertyValueSpecification","valueRequired":true,"valueName":"search_term_string"}}],"inLanguage":"pt-BR"},{"@type":"Person","@id":"https:\/\/radioportoseguro.com.br\/site\/#\/schema\/person\/7630acdc320186f13639d3c067ec089b","name":"admin","image":{"@type":"ImageObject","inLanguage":"pt-BR","@id":"https:\/\/radioportoseguro.com.br\/site\/#\/schema\/person\/image\/","url":"https:\/\/secure.gravatar.com\/avatar\/caacf4dc1eedb68fab0df8e1ed46c448e578b2466351bbcb61e47d2ac0caaef0?s=96&d=mm&r=g","contentUrl":"https:\/\/secure.gravatar.com\/avatar\/caacf4dc1eedb68fab0df8e1ed46c448e578b2466351bbcb61e47d2ac0caaef0?s=96&d=mm&r=g","caption":"admin"},"sameAs":["https:\/\/radioportoseguro.com.br\/site"],"url":"https:\/\/radioportoseguro.com.br\/site\/author\/hezio\/"}]}},"_links":{"self":[{"href":"https:\/\/radioportoseguro.com.br\/site\/wp-json\/wp\/v2\/posts\/3235","targetHints":{"allow":["GET"]}}],"collection":[{"href":"https:\/\/radioportoseguro.com.br\/site\/wp-json\/wp\/v2\/posts"}],"about":[{"href":"https:\/\/radioportoseguro.com.br\/site\/wp-json\/wp\/v2\/types\/post"}],"author":[{"embeddable":true,"href":"https:\/\/radioportoseguro.com.br\/site\/wp-json\/wp\/v2\/users\/1"}],"replies":[{"embeddable":true,"href":"https:\/\/radioportoseguro.com.br\/site\/wp-json\/wp\/v2\/comments?post=3235"}],"version-history":[{"count":0,"href":"https:\/\/radioportoseguro.com.br\/site\/wp-json\/wp\/v2\/posts\/3235\/revisions"}],"wp:featuredmedia":[{"embeddable":true,"href":"https:\/\/radioportoseguro.com.br\/site\/wp-json\/wp\/v2\/media\/3236"}],"wp:attachment":[{"href":"https:\/\/radioportoseguro.com.br\/site\/wp-json\/wp\/v2\/media?parent=3235"}],"wp:term":[{"taxonomy":"category","embeddable":true,"href":"https:\/\/radioportoseguro.com.br\/site\/wp-json\/wp\/v2\/categories?post=3235"},{"taxonomy":"post_tag","embeddable":true,"href":"https:\/\/radioportoseguro.com.br\/site\/wp-json\/wp\/v2\/tags?post=3235"}],"curies":[{"name":"wp","href":"https:\/\/api.w.org\/{rel}","templated":true}]}}