{"id":3241,"date":"2026-01-20T15:06:47","date_gmt":"2026-01-20T18:06:47","guid":{"rendered":"https:\/\/radioportoseguro.com.br\/site\/2026\/01\/20\/ativistas-invadem-culto-nos-eua-para-protestar-contra-a-agencia-de-imigracao-ice\/"},"modified":"2026-01-20T15:06:47","modified_gmt":"2026-01-20T18:06:47","slug":"ativistas-invadem-culto-nos-eua-para-protestar-contra-a-agencia-de-imigracao-ice","status":"publish","type":"post","link":"https:\/\/radioportoseguro.com.br\/site\/2026\/01\/20\/ativistas-invadem-culto-nos-eua-para-protestar-contra-a-agencia-de-imigracao-ice\/","title":{"rendered":"Ativistas invadem culto nos EUA para protestar contra a ag\u00eancia de imigra\u00e7\u00e3o ICE"},"content":{"rendered":"<p><br \/>\n<br \/><\/p>\n<div>\n<p>O Departamento de Justi\u00e7a dos EUA abriu uma investiga\u00e7\u00e3o ap\u00f3s ativistas interromperem um culto dominical em uma <span style=\"color: #800000;\"><strong>igreja batista<\/strong><\/span> do sul, em St. Paul, Minnesota, onde um funcion\u00e1rio local do Servi\u00e7o de Imigra\u00e7\u00e3o e Alf\u00e2ndega (ICE, sigla em ingl\u00eas) atua como pastor.<\/p>\n<p>Manifestantes, incluindo integrantes da Racial Justice Network e do <span style=\"color: #800000;\"><strong>Black Lives Matter<\/strong><\/span> Minnesota, invadiram o santu\u00e1rio da Cities Church durante o culto conduzido pelo pastor s\u00eanior Jonathan Parnell.<\/p>\n<p>Eles afirmam que um dos pastores da igreja, David Easterwood, \u00e9 respons\u00e1vel por liderar um escrit\u00f3rio local do ICE em St. Paul.Os manifestantes teriam gritado slogans como \u201cICE fora!\u201d e exigido justi\u00e7a para Renee Good, mulher que morreu ap\u00f3s ser baleada por um agente do ICE em 10 de janeiro. A interrup\u00e7\u00e3o for\u00e7ou o encerramento do culto.<\/p>\n<div class=\"ose-youtube ose-uid-09a740f00e08562e2132e8bddb4cc9de ose-embedpress-responsive\" style=\"width:600px; height:600px; max-height:600px; max-width:100%; display:inline-block;\" data-embed-type=\"Youtube\"><iframe allowFullScreen=\"true\" title=\"BREAKING: DOJ launches probe after anti-ICE protesters storm Minnesota church\" width=\"600\" height=\"600\" src=\"https:\/\/www.youtube.com\/embed\/GK5vdf2wNjo?feature=oembed&color=red&rel=0&controls=1&start=&end=&fs=0&iv_load_policy=0&autoplay=0&mute=0&modestbranding=0&cc_load_policy=1&playsinline=1\" frameborder=\"0\" allow=\"accelerometer; encrypted-media;accelerometer;autoplay;clipboard-write;gyroscope;picture-in-picture clipboard-write; encrypted-media; gyroscope; picture-in-picture; web-share\" referrerpolicy=\"strict-origin-when-cross-origin\" allowfullscreen><\/iframe><\/div>\n<p>Harmeet Dhillon, procurador-geral assistente para Direitos Civis do Departamento de Justi\u00e7a dos EUA, afirmou nas redes sociais, no domingo, que a ag\u00eancia est\u00e1 investigando o incidente por \u201cposs\u00edveis viola\u00e7\u00f5es criminais da lei federal\u201d.<\/p>\n<p>\u201cUm local de culto n\u00e3o \u00e9 um f\u00f3rum p\u00fablico para o seu protesto!\u201d, escreveu Dhillon.<\/p>\n<p>\u201c\u00c9 um espa\u00e7o protegido exatamente contra tais atos por leis federais criminais e civis! A Primeira Emenda tamb\u00e9m n\u00e3o protege seu pseudojornalismo de interromper um culto de ora\u00e7\u00e3o. Considere-se avisado!\u201d<\/p>\n<p><strong>Ass\u00e9dio contra crist\u00e3os<\/strong><\/p>\n<p>A Secret\u00e1ria de Imprensa da Casa Branca, Karoline Leavitt, afirmou no X:<\/p>\n<p>\u201cO presidente Trump n\u00e3o tolerar\u00e1 a intimida\u00e7\u00e3o e o ass\u00e9dio contra crist\u00e3os em seus locais sagrados de culto. O Departamento de Justi\u00e7a iniciou uma investiga\u00e7\u00e3o completa sobre o incidente desprez\u00edvel que ocorreu mais cedo hoje em uma igreja em Minnesota.\u201d<\/p>\n<blockquote class=\"instagram-media\" style=\"background: #FFF; border: 0; border-radius: 3px; box-shadow: 0 0 1px 0 rgba(0,0,0,0.5),0 1px 10px 0 rgba(0,0,0,0.15); margin: 1px; max-width: 540px; min-width: 326px; padding: 0; width: calc(100% - 2px);\" data-instgrm-captioned=\"\" data-instgrm-permalink=\"https:\/\/www.instagram.com\/p\/DTrTKR_FAtw\/?utm_source=ig_embed&amp;utm_campaign=loading\" data-instgrm-version=\"14\"><p>&#13;<br \/>\n&#13;\n<\/p><\/blockquote>\n<p>A procuradora-geral dos EUA, <span style=\"color: #800000;\"><strong>Pam Bondi<\/strong><\/span>, afirmou que manteve contato direto com o pastor da igreja.<\/p>\n<p>\u201cAcabei de falar com o pastor em Minnesota cuja igreja foi alvo. Ataques contra as for\u00e7as de seguran\u00e7a e a intimida\u00e7\u00e3o de crist\u00e3os est\u00e3o sendo enfrentados com todo o rigor da lei federal\u201d, escreveu ela no X.<\/p>\n<p>\u201cSe as lideran\u00e7as estaduais se recusarem a agir de forma respons\u00e1vel para impedir a ilegalidade, este Departamento de Justi\u00e7a continuar\u00e1 mobilizado para processar crimes federais e garantir que o Estado de Direito prevale\u00e7a.\u201d<\/p>\n<p><strong>Dados pessoais n\u00e3o confirmados<\/strong><\/p>\n<p>O site da igreja identifica David Easterwood como pastor.<\/p>\n<p>Dados pessoais dele parecem coincidir com os de David Easterwood mencionado em documentos judiciais como diretor interino do escrit\u00f3rio do ICE em St. Paul, segundo a Associated Press.<\/p>\n<p>A ag\u00eancia de not\u00edcias acrescenta que ele esteve ao lado da secret\u00e1ria de Seguran\u00e7a Interna, Kristi Noem, em uma coletiva de imprensa realizada em outubro.<\/p>\n<p>Embora o site da Cities Church liste um pastor chamado David Easterwood, ve\u00edculos como FOX 9 e Hindustan Times destacam que, apesar de documentos judiciais e registros do ICE mencionarem algu\u00e9m com o mesmo nome, n\u00e3o h\u00e1 confirma\u00e7\u00e3o independente de que seja a mesma pessoa.<\/p>\n<p>Algumas publica\u00e7\u00f5es apontam que os dados pessoais \u201cparecem coincidir\u201d, mas alertam para a necessidade de cautela quanto \u00e0 identidade.<\/p>\n<\/div>\n<p><script async src=\"\/\/www.instagram.com\/embed.js\"><\/script><br \/>\n<br \/><br \/>\n<br \/>Fonte: Guiame <\/p>\n","protected":false},"excerpt":{"rendered":"<p>O Departamento de Justi\u00e7a dos EUA abriu uma investiga\u00e7\u00e3o ap\u00f3s ativistas interromperem um culto dominical em uma igreja batista do sul, em St. Paul, Minnesota, onde um funcion\u00e1rio local do Servi\u00e7o de Imigra\u00e7\u00e3o e Alf\u00e2ndega (ICE, sigla em ingl\u00eas) atua como pastor. Manifestantes, incluindo integrantes da Racial Justice Network e do Black Lives Matter Minnesota, [&hellip;]<\/p>\n","protected":false},"author":1,"featured_media":3242,"comment_status":"","ping_status":"open","sticky":false,"template":"","format":"standard","meta":{"footnotes":""},"categories":[43],"tags":[],"class_list":["post-3241","post","type-post","status-publish","format-standard","has-post-thumbnail","hentry","category-destaques"],"yoast_head":"<!-- This site is optimized with the Yoast SEO plugin v26.8 - https:\/\/yoast.com\/product\/yoast-seo-wordpress\/ -->\n<title>Ativistas invadem culto nos EUA para protestar contra a ag\u00eancia de imigra\u00e7\u00e3o ICE - R\u00e1dio Porto Seguro<\/title>\n<meta name=\"robots\" content=\"index, follow, max-snippet:-1, max-image-preview:large, max-video-preview:-1\" \/>\n<link rel=\"canonical\" href=\"https:\/\/radioportoseguro.com.br\/site\/2026\/01\/20\/ativistas-invadem-culto-nos-eua-para-protestar-contra-a-agencia-de-imigracao-ice\/\" \/>\n<meta property=\"og:locale\" content=\"pt_BR\" \/>\n<meta property=\"og:type\" content=\"article\" \/>\n<meta property=\"og:title\" content=\"Ativistas invadem culto nos EUA para protestar contra a ag\u00eancia de imigra\u00e7\u00e3o ICE - R\u00e1dio Porto Seguro\" \/>\n<meta property=\"og:description\" content=\"O Departamento de Justi\u00e7a dos EUA abriu uma investiga\u00e7\u00e3o ap\u00f3s ativistas interromperem um culto dominical em uma igreja batista do sul, em St. Paul, Minnesota, onde um funcion\u00e1rio local do Servi\u00e7o de Imigra\u00e7\u00e3o e Alf\u00e2ndega (ICE, sigla em ingl\u00eas) atua como pastor. Manifestantes, incluindo integrantes da Racial Justice Network e do Black Lives Matter Minnesota, [&hellip;]\" \/>\n<meta property=\"og:url\" content=\"https:\/\/radioportoseguro.com.br\/site\/2026\/01\/20\/ativistas-invadem-culto-nos-eua-para-protestar-contra-a-agencia-de-imigracao-ice\/\" \/>\n<meta property=\"og:site_name\" content=\"R\u00e1dio Porto Seguro\" \/>\n<meta property=\"article:published_time\" content=\"2026-01-20T18:06:47+00:00\" \/>\n<meta property=\"og:image\" content=\"https:\/\/radioportoseguro.com.br\/site\/wp-content\/uploads\/2026\/01\/3239201843-ativistas-eua.jpeg\" \/>\n\t<meta property=\"og:image:width\" content=\"1200\" \/>\n\t<meta property=\"og:image:height\" content=\"600\" \/>\n\t<meta property=\"og:image:type\" content=\"image\/jpeg\" \/>\n<meta name=\"author\" content=\"admin\" \/>\n<meta name=\"twitter:card\" content=\"summary_large_image\" \/>\n<meta name=\"twitter:label1\" content=\"Escrito por\" \/>\n\t<meta name=\"twitter:data1\" content=\"admin\" \/>\n\t<meta name=\"twitter:label2\" content=\"Est. tempo de leitura\" \/>\n\t<meta name=\"twitter:data2\" content=\"3 minutos\" \/>\n<script type=\"application\/ld+json\" class=\"yoast-schema-graph\">{\"@context\":\"https:\/\/schema.org\",\"@graph\":[{\"@type\":\"Article\",\"@id\":\"https:\/\/radioportoseguro.com.br\/site\/2026\/01\/20\/ativistas-invadem-culto-nos-eua-para-protestar-contra-a-agencia-de-imigracao-ice\/#article\",\"isPartOf\":{\"@id\":\"https:\/\/radioportoseguro.com.br\/site\/2026\/01\/20\/ativistas-invadem-culto-nos-eua-para-protestar-contra-a-agencia-de-imigracao-ice\/\"},\"author\":{\"name\":\"admin\",\"@id\":\"https:\/\/radioportoseguro.com.br\/site\/#\/schema\/person\/7630acdc320186f13639d3c067ec089b\"},\"headline\":\"Ativistas invadem culto nos EUA para protestar contra a ag\u00eancia de imigra\u00e7\u00e3o ICE\",\"datePublished\":\"2026-01-20T18:06:47+00:00\",\"mainEntityOfPage\":{\"@id\":\"https:\/\/radioportoseguro.com.br\/site\/2026\/01\/20\/ativistas-invadem-culto-nos-eua-para-protestar-contra-a-agencia-de-imigracao-ice\/\"},\"wordCount\":558,\"image\":{\"@id\":\"https:\/\/radioportoseguro.com.br\/site\/2026\/01\/20\/ativistas-invadem-culto-nos-eua-para-protestar-contra-a-agencia-de-imigracao-ice\/#primaryimage\"},\"thumbnailUrl\":\"https:\/\/radioportoseguro.com.br\/site\/wp-content\/uploads\/2026\/01\/3239201843-ativistas-eua.jpeg\",\"articleSection\":[\"Destaques\"],\"inLanguage\":\"pt-BR\"},{\"@type\":\"WebPage\",\"@id\":\"https:\/\/radioportoseguro.com.br\/site\/2026\/01\/20\/ativistas-invadem-culto-nos-eua-para-protestar-contra-a-agencia-de-imigracao-ice\/\",\"url\":\"https:\/\/radioportoseguro.com.br\/site\/2026\/01\/20\/ativistas-invadem-culto-nos-eua-para-protestar-contra-a-agencia-de-imigracao-ice\/\",\"name\":\"Ativistas invadem culto nos EUA para protestar contra a ag\u00eancia de imigra\u00e7\u00e3o ICE - R\u00e1dio Porto Seguro\",\"isPartOf\":{\"@id\":\"https:\/\/radioportoseguro.com.br\/site\/#website\"},\"primaryImageOfPage\":{\"@id\":\"https:\/\/radioportoseguro.com.br\/site\/2026\/01\/20\/ativistas-invadem-culto-nos-eua-para-protestar-contra-a-agencia-de-imigracao-ice\/#primaryimage\"},\"image\":{\"@id\":\"https:\/\/radioportoseguro.com.br\/site\/2026\/01\/20\/ativistas-invadem-culto-nos-eua-para-protestar-contra-a-agencia-de-imigracao-ice\/#primaryimage\"},\"thumbnailUrl\":\"https:\/\/radioportoseguro.com.br\/site\/wp-content\/uploads\/2026\/01\/3239201843-ativistas-eua.jpeg\",\"datePublished\":\"2026-01-20T18:06:47+00:00\",\"author\":{\"@id\":\"https:\/\/radioportoseguro.com.br\/site\/#\/schema\/person\/7630acdc320186f13639d3c067ec089b\"},\"breadcrumb\":{\"@id\":\"https:\/\/radioportoseguro.com.br\/site\/2026\/01\/20\/ativistas-invadem-culto-nos-eua-para-protestar-contra-a-agencia-de-imigracao-ice\/#breadcrumb\"},\"inLanguage\":\"pt-BR\",\"potentialAction\":[{\"@type\":\"ReadAction\",\"target\":[\"https:\/\/radioportoseguro.com.br\/site\/2026\/01\/20\/ativistas-invadem-culto-nos-eua-para-protestar-contra-a-agencia-de-imigracao-ice\/\"]}]},{\"@type\":\"ImageObject\",\"inLanguage\":\"pt-BR\",\"@id\":\"https:\/\/radioportoseguro.com.br\/site\/2026\/01\/20\/ativistas-invadem-culto-nos-eua-para-protestar-contra-a-agencia-de-imigracao-ice\/#primaryimage\",\"url\":\"https:\/\/radioportoseguro.com.br\/site\/wp-content\/uploads\/2026\/01\/3239201843-ativistas-eua.jpeg\",\"contentUrl\":\"https:\/\/radioportoseguro.com.br\/site\/wp-content\/uploads\/2026\/01\/3239201843-ativistas-eua.jpeg\",\"width\":1200,\"height\":600},{\"@type\":\"BreadcrumbList\",\"@id\":\"https:\/\/radioportoseguro.com.br\/site\/2026\/01\/20\/ativistas-invadem-culto-nos-eua-para-protestar-contra-a-agencia-de-imigracao-ice\/#breadcrumb\",\"itemListElement\":[{\"@type\":\"ListItem\",\"position\":1,\"name\":\"In\u00edcio\",\"item\":\"https:\/\/radioportoseguro.com.br\/site\/\"},{\"@type\":\"ListItem\",\"position\":2,\"name\":\"Ativistas invadem culto nos EUA para protestar contra a ag\u00eancia de imigra\u00e7\u00e3o ICE\"}]},{\"@type\":\"WebSite\",\"@id\":\"https:\/\/radioportoseguro.com.br\/site\/#website\",\"url\":\"https:\/\/radioportoseguro.com.br\/site\/\",\"name\":\"R\u00e1dio Porto Seguro\",\"description\":\"\",\"potentialAction\":[{\"@type\":\"SearchAction\",\"target\":{\"@type\":\"EntryPoint\",\"urlTemplate\":\"https:\/\/radioportoseguro.com.br\/site\/?s={search_term_string}\"},\"query-input\":{\"@type\":\"PropertyValueSpecification\",\"valueRequired\":true,\"valueName\":\"search_term_string\"}}],\"inLanguage\":\"pt-BR\"},{\"@type\":\"Person\",\"@id\":\"https:\/\/radioportoseguro.com.br\/site\/#\/schema\/person\/7630acdc320186f13639d3c067ec089b\",\"name\":\"admin\",\"image\":{\"@type\":\"ImageObject\",\"inLanguage\":\"pt-BR\",\"@id\":\"https:\/\/radioportoseguro.com.br\/site\/#\/schema\/person\/image\/\",\"url\":\"https:\/\/secure.gravatar.com\/avatar\/caacf4dc1eedb68fab0df8e1ed46c448e578b2466351bbcb61e47d2ac0caaef0?s=96&d=mm&r=g\",\"contentUrl\":\"https:\/\/secure.gravatar.com\/avatar\/caacf4dc1eedb68fab0df8e1ed46c448e578b2466351bbcb61e47d2ac0caaef0?s=96&d=mm&r=g\",\"caption\":\"admin\"},\"sameAs\":[\"https:\/\/radioportoseguro.com.br\/site\"],\"url\":\"https:\/\/radioportoseguro.com.br\/site\/author\/hezio\/\"}]}<\/script>\n<!-- \/ Yoast SEO plugin. -->","yoast_head_json":{"title":"Ativistas invadem culto nos EUA para protestar contra a ag\u00eancia de imigra\u00e7\u00e3o ICE - R\u00e1dio Porto Seguro","robots":{"index":"index","follow":"follow","max-snippet":"max-snippet:-1","max-image-preview":"max-image-preview:large","max-video-preview":"max-video-preview:-1"},"canonical":"https:\/\/radioportoseguro.com.br\/site\/2026\/01\/20\/ativistas-invadem-culto-nos-eua-para-protestar-contra-a-agencia-de-imigracao-ice\/","og_locale":"pt_BR","og_type":"article","og_title":"Ativistas invadem culto nos EUA para protestar contra a ag\u00eancia de imigra\u00e7\u00e3o ICE - R\u00e1dio Porto Seguro","og_description":"O Departamento de Justi\u00e7a dos EUA abriu uma investiga\u00e7\u00e3o ap\u00f3s ativistas interromperem um culto dominical em uma igreja batista do sul, em St. Paul, Minnesota, onde um funcion\u00e1rio local do Servi\u00e7o de Imigra\u00e7\u00e3o e Alf\u00e2ndega (ICE, sigla em ingl\u00eas) atua como pastor. Manifestantes, incluindo integrantes da Racial Justice Network e do Black Lives Matter Minnesota, [&hellip;]","og_url":"https:\/\/radioportoseguro.com.br\/site\/2026\/01\/20\/ativistas-invadem-culto-nos-eua-para-protestar-contra-a-agencia-de-imigracao-ice\/","og_site_name":"R\u00e1dio Porto Seguro","article_published_time":"2026-01-20T18:06:47+00:00","og_image":[{"width":1200,"height":600,"url":"https:\/\/radioportoseguro.com.br\/site\/wp-content\/uploads\/2026\/01\/3239201843-ativistas-eua.jpeg","type":"image\/jpeg"}],"author":"admin","twitter_card":"summary_large_image","twitter_misc":{"Escrito por":"admin","Est. tempo de leitura":"3 minutos"},"schema":{"@context":"https:\/\/schema.org","@graph":[{"@type":"Article","@id":"https:\/\/radioportoseguro.com.br\/site\/2026\/01\/20\/ativistas-invadem-culto-nos-eua-para-protestar-contra-a-agencia-de-imigracao-ice\/#article","isPartOf":{"@id":"https:\/\/radioportoseguro.com.br\/site\/2026\/01\/20\/ativistas-invadem-culto-nos-eua-para-protestar-contra-a-agencia-de-imigracao-ice\/"},"author":{"name":"admin","@id":"https:\/\/radioportoseguro.com.br\/site\/#\/schema\/person\/7630acdc320186f13639d3c067ec089b"},"headline":"Ativistas invadem culto nos EUA para protestar contra a ag\u00eancia de imigra\u00e7\u00e3o ICE","datePublished":"2026-01-20T18:06:47+00:00","mainEntityOfPage":{"@id":"https:\/\/radioportoseguro.com.br\/site\/2026\/01\/20\/ativistas-invadem-culto-nos-eua-para-protestar-contra-a-agencia-de-imigracao-ice\/"},"wordCount":558,"image":{"@id":"https:\/\/radioportoseguro.com.br\/site\/2026\/01\/20\/ativistas-invadem-culto-nos-eua-para-protestar-contra-a-agencia-de-imigracao-ice\/#primaryimage"},"thumbnailUrl":"https:\/\/radioportoseguro.com.br\/site\/wp-content\/uploads\/2026\/01\/3239201843-ativistas-eua.jpeg","articleSection":["Destaques"],"inLanguage":"pt-BR"},{"@type":"WebPage","@id":"https:\/\/radioportoseguro.com.br\/site\/2026\/01\/20\/ativistas-invadem-culto-nos-eua-para-protestar-contra-a-agencia-de-imigracao-ice\/","url":"https:\/\/radioportoseguro.com.br\/site\/2026\/01\/20\/ativistas-invadem-culto-nos-eua-para-protestar-contra-a-agencia-de-imigracao-ice\/","name":"Ativistas invadem culto nos EUA para protestar contra a ag\u00eancia de imigra\u00e7\u00e3o ICE - R\u00e1dio Porto Seguro","isPartOf":{"@id":"https:\/\/radioportoseguro.com.br\/site\/#website"},"primaryImageOfPage":{"@id":"https:\/\/radioportoseguro.com.br\/site\/2026\/01\/20\/ativistas-invadem-culto-nos-eua-para-protestar-contra-a-agencia-de-imigracao-ice\/#primaryimage"},"image":{"@id":"https:\/\/radioportoseguro.com.br\/site\/2026\/01\/20\/ativistas-invadem-culto-nos-eua-para-protestar-contra-a-agencia-de-imigracao-ice\/#primaryimage"},"thumbnailUrl":"https:\/\/radioportoseguro.com.br\/site\/wp-content\/uploads\/2026\/01\/3239201843-ativistas-eua.jpeg","datePublished":"2026-01-20T18:06:47+00:00","author":{"@id":"https:\/\/radioportoseguro.com.br\/site\/#\/schema\/person\/7630acdc320186f13639d3c067ec089b"},"breadcrumb":{"@id":"https:\/\/radioportoseguro.com.br\/site\/2026\/01\/20\/ativistas-invadem-culto-nos-eua-para-protestar-contra-a-agencia-de-imigracao-ice\/#breadcrumb"},"inLanguage":"pt-BR","potentialAction":[{"@type":"ReadAction","target":["https:\/\/radioportoseguro.com.br\/site\/2026\/01\/20\/ativistas-invadem-culto-nos-eua-para-protestar-contra-a-agencia-de-imigracao-ice\/"]}]},{"@type":"ImageObject","inLanguage":"pt-BR","@id":"https:\/\/radioportoseguro.com.br\/site\/2026\/01\/20\/ativistas-invadem-culto-nos-eua-para-protestar-contra-a-agencia-de-imigracao-ice\/#primaryimage","url":"https:\/\/radioportoseguro.com.br\/site\/wp-content\/uploads\/2026\/01\/3239201843-ativistas-eua.jpeg","contentUrl":"https:\/\/radioportoseguro.com.br\/site\/wp-content\/uploads\/2026\/01\/3239201843-ativistas-eua.jpeg","width":1200,"height":600},{"@type":"BreadcrumbList","@id":"https:\/\/radioportoseguro.com.br\/site\/2026\/01\/20\/ativistas-invadem-culto-nos-eua-para-protestar-contra-a-agencia-de-imigracao-ice\/#breadcrumb","itemListElement":[{"@type":"ListItem","position":1,"name":"In\u00edcio","item":"https:\/\/radioportoseguro.com.br\/site\/"},{"@type":"ListItem","position":2,"name":"Ativistas invadem culto nos EUA para protestar contra a ag\u00eancia de imigra\u00e7\u00e3o ICE"}]},{"@type":"WebSite","@id":"https:\/\/radioportoseguro.com.br\/site\/#website","url":"https:\/\/radioportoseguro.com.br\/site\/","name":"R\u00e1dio Porto Seguro","description":"","potentialAction":[{"@type":"SearchAction","target":{"@type":"EntryPoint","urlTemplate":"https:\/\/radioportoseguro.com.br\/site\/?s={search_term_string}"},"query-input":{"@type":"PropertyValueSpecification","valueRequired":true,"valueName":"search_term_string"}}],"inLanguage":"pt-BR"},{"@type":"Person","@id":"https:\/\/radioportoseguro.com.br\/site\/#\/schema\/person\/7630acdc320186f13639d3c067ec089b","name":"admin","image":{"@type":"ImageObject","inLanguage":"pt-BR","@id":"https:\/\/radioportoseguro.com.br\/site\/#\/schema\/person\/image\/","url":"https:\/\/secure.gravatar.com\/avatar\/caacf4dc1eedb68fab0df8e1ed46c448e578b2466351bbcb61e47d2ac0caaef0?s=96&d=mm&r=g","contentUrl":"https:\/\/secure.gravatar.com\/avatar\/caacf4dc1eedb68fab0df8e1ed46c448e578b2466351bbcb61e47d2ac0caaef0?s=96&d=mm&r=g","caption":"admin"},"sameAs":["https:\/\/radioportoseguro.com.br\/site"],"url":"https:\/\/radioportoseguro.com.br\/site\/author\/hezio\/"}]}},"_links":{"self":[{"href":"https:\/\/radioportoseguro.com.br\/site\/wp-json\/wp\/v2\/posts\/3241","targetHints":{"allow":["GET"]}}],"collection":[{"href":"https:\/\/radioportoseguro.com.br\/site\/wp-json\/wp\/v2\/posts"}],"about":[{"href":"https:\/\/radioportoseguro.com.br\/site\/wp-json\/wp\/v2\/types\/post"}],"author":[{"embeddable":true,"href":"https:\/\/radioportoseguro.com.br\/site\/wp-json\/wp\/v2\/users\/1"}],"replies":[{"embeddable":true,"href":"https:\/\/radioportoseguro.com.br\/site\/wp-json\/wp\/v2\/comments?post=3241"}],"version-history":[{"count":0,"href":"https:\/\/radioportoseguro.com.br\/site\/wp-json\/wp\/v2\/posts\/3241\/revisions"}],"wp:featuredmedia":[{"embeddable":true,"href":"https:\/\/radioportoseguro.com.br\/site\/wp-json\/wp\/v2\/media\/3242"}],"wp:attachment":[{"href":"https:\/\/radioportoseguro.com.br\/site\/wp-json\/wp\/v2\/media?parent=3241"}],"wp:term":[{"taxonomy":"category","embeddable":true,"href":"https:\/\/radioportoseguro.com.br\/site\/wp-json\/wp\/v2\/categories?post=3241"},{"taxonomy":"post_tag","embeddable":true,"href":"https:\/\/radioportoseguro.com.br\/site\/wp-json\/wp\/v2\/tags?post=3241"}],"curies":[{"name":"wp","href":"https:\/\/api.w.org\/{rel}","templated":true}]}}