{"id":3247,"date":"2026-01-20T19:39:43","date_gmt":"2026-01-20T22:39:43","guid":{"rendered":"https:\/\/radioportoseguro.com.br\/site\/2026\/01\/20\/visao-mundial-lanca-devocional-e-incentiva-a-formacao-de-habitos-espirituais-diarios\/"},"modified":"2026-01-20T19:39:43","modified_gmt":"2026-01-20T22:39:43","slug":"visao-mundial-lanca-devocional-e-incentiva-a-formacao-de-habitos-espirituais-diarios","status":"publish","type":"post","link":"https:\/\/radioportoseguro.com.br\/site\/2026\/01\/20\/visao-mundial-lanca-devocional-e-incentiva-a-formacao-de-habitos-espirituais-diarios\/","title":{"rendered":"Vis\u00e3o Mundial lan\u00e7a devocional e incentiva a forma\u00e7\u00e3o de h\u00e1bitos espirituais di\u00e1rios"},"content":{"rendered":"<p><br \/>\n<br \/><\/p>\n<div>\n<p><span style=\"font-weight: 400;\">A Vis\u00e3o Mundial Brasil lan\u00e7ou no dia 1\u00ba de janeiro o Vida na Vida Devocional 2026, um devocional di\u00e1rio que prop\u00f5e uma espiritualidade simples, pr\u00e1tica e conectada aos desafios reais da vida crist\u00e3 na atualidade.\u00a0<\/span><\/p>\n<p><span style=\"font-weight: 400;\">A iniciativa oferece reflex\u00f5es curtas enviadas gratuitamente por e-mail ao longo de todo o ano.<\/span><\/p>\n<p><span style=\"font-weight: 400;\">O projeto \u00e9 conduzido pelos pastores Thiago Grulha e Daniel Guanaes, e nasce do desejo de formar um h\u00e1bito espiritual saud\u00e1vel que una leitura b\u00edblica, reflex\u00e3o pastoral e pr\u00e1tica cotidiana da f\u00e9.\u00a0<\/span><\/p>\n<p><span style=\"font-weight: 400;\">Cada devocional convida o leitor \u00e0 pausa, ao discernimento e \u00e0 a\u00e7\u00e3o concreta, com aten\u00e7\u00e3o especial ao cuidado com o outro, especialmente crian\u00e7as em situa\u00e7\u00e3o de vulnerabilidade.<\/span><\/p>\n<p><span style=\"font-weight: 400;\">O Vida na Vida 2026 \u00e9 a adapta\u00e7\u00e3o escrita dos 365 devocionais em \u00e1udio publicados ao longo de 2025. Os conte\u00fados seguem uma estrutura pastoral simples, linguagem acess\u00edvel e um convite final \u00e0 viv\u00eancia pr\u00e1tica da mensagem, favorecendo tanto a leitura individual quanto o compartilhamento em comunidades e grupos crist\u00e3os.<\/span><\/p>\n<p><span style=\"font-weight: 400;\">Desde o in\u00edcio do ano, o devocional j\u00e1 registra um crescimento org\u00e2nico aproximado de 90% em sua base de leitores, impulsionado principalmente por indica\u00e7\u00f5es em igrejas, redes de relacionamento e grupos de WhatsApp.<\/span><\/p>\n<p><span style=\"font-weight: 400;\">O Vida na Vida se apresenta como um movimento de espiritualidade cotidiana, que refor\u00e7a o pertencimento, a esperan\u00e7a e o compromisso crist\u00e3o com a vida, a dignidade humana e a prote\u00e7\u00e3o das crian\u00e7as.<\/span><\/p>\n<p><span style=\"font-weight: 400;\">As inscri\u00e7\u00f5es s\u00e3o gratuitas e seguem abertas ao p\u00fablico <\/span><span style=\"color: #993300;\"><strong>aqui<\/strong><\/span><span style=\"font-weight: 400;\">.<\/span><\/p>\n<\/div>\n<p><br \/>\n<br \/>Fonte: Guiame <\/p>\n","protected":false},"excerpt":{"rendered":"<p>A Vis\u00e3o Mundial Brasil lan\u00e7ou no dia 1\u00ba de janeiro o Vida na Vida Devocional 2026, um devocional di\u00e1rio que prop\u00f5e uma espiritualidade simples, pr\u00e1tica e conectada aos desafios reais da vida crist\u00e3 na atualidade.\u00a0 A iniciativa oferece reflex\u00f5es curtas enviadas gratuitamente por e-mail ao longo de todo o ano. O projeto \u00e9 conduzido pelos [&hellip;]<\/p>\n","protected":false},"author":1,"featured_media":3248,"comment_status":"","ping_status":"open","sticky":false,"template":"","format":"standard","meta":{"footnotes":""},"categories":[43],"tags":[],"class_list":["post-3247","post","type-post","status-publish","format-standard","has-post-thumbnail","hentry","category-destaques"],"yoast_head":"<!-- This site is optimized with the Yoast SEO plugin v26.8 - https:\/\/yoast.com\/product\/yoast-seo-wordpress\/ -->\n<title>Vis\u00e3o Mundial lan\u00e7a devocional e incentiva a forma\u00e7\u00e3o de h\u00e1bitos espirituais di\u00e1rios - R\u00e1dio Porto Seguro<\/title>\n<meta name=\"robots\" content=\"index, follow, max-snippet:-1, max-image-preview:large, max-video-preview:-1\" \/>\n<link rel=\"canonical\" href=\"https:\/\/radioportoseguro.com.br\/site\/2026\/01\/20\/visao-mundial-lanca-devocional-e-incentiva-a-formacao-de-habitos-espirituais-diarios\/\" \/>\n<meta property=\"og:locale\" content=\"pt_BR\" \/>\n<meta property=\"og:type\" content=\"article\" \/>\n<meta property=\"og:title\" content=\"Vis\u00e3o Mundial lan\u00e7a devocional e incentiva a forma\u00e7\u00e3o de h\u00e1bitos espirituais di\u00e1rios - R\u00e1dio Porto Seguro\" \/>\n<meta property=\"og:description\" content=\"A Vis\u00e3o Mundial Brasil lan\u00e7ou no dia 1\u00ba de janeiro o Vida na Vida Devocional 2026, um devocional di\u00e1rio que prop\u00f5e uma espiritualidade simples, pr\u00e1tica e conectada aos desafios reais da vida crist\u00e3 na atualidade.\u00a0 A iniciativa oferece reflex\u00f5es curtas enviadas gratuitamente por e-mail ao longo de todo o ano. O projeto \u00e9 conduzido pelos [&hellip;]\" \/>\n<meta property=\"og:url\" content=\"https:\/\/radioportoseguro.com.br\/site\/2026\/01\/20\/visao-mundial-lanca-devocional-e-incentiva-a-formacao-de-habitos-espirituais-diarios\/\" \/>\n<meta property=\"og:site_name\" content=\"R\u00e1dio Porto Seguro\" \/>\n<meta property=\"article:published_time\" content=\"2026-01-20T22:39:43+00:00\" \/>\n<meta property=\"og:image\" content=\"https:\/\/radioportoseguro.com.br\/site\/wp-content\/uploads\/2026\/01\/65662293-o-vida-na-vida-2026-incentiva-formacao-de-habitos-espirituais-diarios.jpeg\" \/>\n\t<meta property=\"og:image:width\" content=\"1200\" \/>\n\t<meta property=\"og:image:height\" content=\"600\" \/>\n\t<meta property=\"og:image:type\" content=\"image\/jpeg\" \/>\n<meta name=\"author\" content=\"admin\" \/>\n<meta name=\"twitter:card\" content=\"summary_large_image\" \/>\n<meta name=\"twitter:label1\" content=\"Escrito por\" \/>\n\t<meta name=\"twitter:data1\" content=\"admin\" \/>\n\t<meta name=\"twitter:label2\" content=\"Est. tempo de leitura\" \/>\n\t<meta name=\"twitter:data2\" content=\"1 minuto\" \/>\n<script type=\"application\/ld+json\" class=\"yoast-schema-graph\">{\"@context\":\"https:\/\/schema.org\",\"@graph\":[{\"@type\":\"Article\",\"@id\":\"https:\/\/radioportoseguro.com.br\/site\/2026\/01\/20\/visao-mundial-lanca-devocional-e-incentiva-a-formacao-de-habitos-espirituais-diarios\/#article\",\"isPartOf\":{\"@id\":\"https:\/\/radioportoseguro.com.br\/site\/2026\/01\/20\/visao-mundial-lanca-devocional-e-incentiva-a-formacao-de-habitos-espirituais-diarios\/\"},\"author\":{\"name\":\"admin\",\"@id\":\"https:\/\/radioportoseguro.com.br\/site\/#\/schema\/person\/7630acdc320186f13639d3c067ec089b\"},\"headline\":\"Vis\u00e3o Mundial lan\u00e7a devocional e incentiva a forma\u00e7\u00e3o de h\u00e1bitos espirituais di\u00e1rios\",\"datePublished\":\"2026-01-20T22:39:43+00:00\",\"mainEntityOfPage\":{\"@id\":\"https:\/\/radioportoseguro.com.br\/site\/2026\/01\/20\/visao-mundial-lanca-devocional-e-incentiva-a-formacao-de-habitos-espirituais-diarios\/\"},\"wordCount\":277,\"image\":{\"@id\":\"https:\/\/radioportoseguro.com.br\/site\/2026\/01\/20\/visao-mundial-lanca-devocional-e-incentiva-a-formacao-de-habitos-espirituais-diarios\/#primaryimage\"},\"thumbnailUrl\":\"https:\/\/radioportoseguro.com.br\/site\/wp-content\/uploads\/2026\/01\/65662293-o-vida-na-vida-2026-incentiva-formacao-de-habitos-espirituais-diarios.jpeg\",\"articleSection\":[\"Destaques\"],\"inLanguage\":\"pt-BR\"},{\"@type\":\"WebPage\",\"@id\":\"https:\/\/radioportoseguro.com.br\/site\/2026\/01\/20\/visao-mundial-lanca-devocional-e-incentiva-a-formacao-de-habitos-espirituais-diarios\/\",\"url\":\"https:\/\/radioportoseguro.com.br\/site\/2026\/01\/20\/visao-mundial-lanca-devocional-e-incentiva-a-formacao-de-habitos-espirituais-diarios\/\",\"name\":\"Vis\u00e3o Mundial lan\u00e7a devocional e incentiva a forma\u00e7\u00e3o de h\u00e1bitos espirituais di\u00e1rios - R\u00e1dio Porto Seguro\",\"isPartOf\":{\"@id\":\"https:\/\/radioportoseguro.com.br\/site\/#website\"},\"primaryImageOfPage\":{\"@id\":\"https:\/\/radioportoseguro.com.br\/site\/2026\/01\/20\/visao-mundial-lanca-devocional-e-incentiva-a-formacao-de-habitos-espirituais-diarios\/#primaryimage\"},\"image\":{\"@id\":\"https:\/\/radioportoseguro.com.br\/site\/2026\/01\/20\/visao-mundial-lanca-devocional-e-incentiva-a-formacao-de-habitos-espirituais-diarios\/#primaryimage\"},\"thumbnailUrl\":\"https:\/\/radioportoseguro.com.br\/site\/wp-content\/uploads\/2026\/01\/65662293-o-vida-na-vida-2026-incentiva-formacao-de-habitos-espirituais-diarios.jpeg\",\"datePublished\":\"2026-01-20T22:39:43+00:00\",\"author\":{\"@id\":\"https:\/\/radioportoseguro.com.br\/site\/#\/schema\/person\/7630acdc320186f13639d3c067ec089b\"},\"breadcrumb\":{\"@id\":\"https:\/\/radioportoseguro.com.br\/site\/2026\/01\/20\/visao-mundial-lanca-devocional-e-incentiva-a-formacao-de-habitos-espirituais-diarios\/#breadcrumb\"},\"inLanguage\":\"pt-BR\",\"potentialAction\":[{\"@type\":\"ReadAction\",\"target\":[\"https:\/\/radioportoseguro.com.br\/site\/2026\/01\/20\/visao-mundial-lanca-devocional-e-incentiva-a-formacao-de-habitos-espirituais-diarios\/\"]}]},{\"@type\":\"ImageObject\",\"inLanguage\":\"pt-BR\",\"@id\":\"https:\/\/radioportoseguro.com.br\/site\/2026\/01\/20\/visao-mundial-lanca-devocional-e-incentiva-a-formacao-de-habitos-espirituais-diarios\/#primaryimage\",\"url\":\"https:\/\/radioportoseguro.com.br\/site\/wp-content\/uploads\/2026\/01\/65662293-o-vida-na-vida-2026-incentiva-formacao-de-habitos-espirituais-diarios.jpeg\",\"contentUrl\":\"https:\/\/radioportoseguro.com.br\/site\/wp-content\/uploads\/2026\/01\/65662293-o-vida-na-vida-2026-incentiva-formacao-de-habitos-espirituais-diarios.jpeg\",\"width\":1200,\"height\":600},{\"@type\":\"BreadcrumbList\",\"@id\":\"https:\/\/radioportoseguro.com.br\/site\/2026\/01\/20\/visao-mundial-lanca-devocional-e-incentiva-a-formacao-de-habitos-espirituais-diarios\/#breadcrumb\",\"itemListElement\":[{\"@type\":\"ListItem\",\"position\":1,\"name\":\"In\u00edcio\",\"item\":\"https:\/\/radioportoseguro.com.br\/site\/\"},{\"@type\":\"ListItem\",\"position\":2,\"name\":\"Vis\u00e3o Mundial lan\u00e7a devocional e incentiva a forma\u00e7\u00e3o de h\u00e1bitos espirituais di\u00e1rios\"}]},{\"@type\":\"WebSite\",\"@id\":\"https:\/\/radioportoseguro.com.br\/site\/#website\",\"url\":\"https:\/\/radioportoseguro.com.br\/site\/\",\"name\":\"R\u00e1dio Porto Seguro\",\"description\":\"\",\"potentialAction\":[{\"@type\":\"SearchAction\",\"target\":{\"@type\":\"EntryPoint\",\"urlTemplate\":\"https:\/\/radioportoseguro.com.br\/site\/?s={search_term_string}\"},\"query-input\":{\"@type\":\"PropertyValueSpecification\",\"valueRequired\":true,\"valueName\":\"search_term_string\"}}],\"inLanguage\":\"pt-BR\"},{\"@type\":\"Person\",\"@id\":\"https:\/\/radioportoseguro.com.br\/site\/#\/schema\/person\/7630acdc320186f13639d3c067ec089b\",\"name\":\"admin\",\"image\":{\"@type\":\"ImageObject\",\"inLanguage\":\"pt-BR\",\"@id\":\"https:\/\/radioportoseguro.com.br\/site\/#\/schema\/person\/image\/\",\"url\":\"https:\/\/secure.gravatar.com\/avatar\/caacf4dc1eedb68fab0df8e1ed46c448e578b2466351bbcb61e47d2ac0caaef0?s=96&d=mm&r=g\",\"contentUrl\":\"https:\/\/secure.gravatar.com\/avatar\/caacf4dc1eedb68fab0df8e1ed46c448e578b2466351bbcb61e47d2ac0caaef0?s=96&d=mm&r=g\",\"caption\":\"admin\"},\"sameAs\":[\"https:\/\/radioportoseguro.com.br\/site\"],\"url\":\"https:\/\/radioportoseguro.com.br\/site\/author\/hezio\/\"}]}<\/script>\n<!-- \/ Yoast SEO plugin. -->","yoast_head_json":{"title":"Vis\u00e3o Mundial lan\u00e7a devocional e incentiva a forma\u00e7\u00e3o de h\u00e1bitos espirituais di\u00e1rios - R\u00e1dio Porto Seguro","robots":{"index":"index","follow":"follow","max-snippet":"max-snippet:-1","max-image-preview":"max-image-preview:large","max-video-preview":"max-video-preview:-1"},"canonical":"https:\/\/radioportoseguro.com.br\/site\/2026\/01\/20\/visao-mundial-lanca-devocional-e-incentiva-a-formacao-de-habitos-espirituais-diarios\/","og_locale":"pt_BR","og_type":"article","og_title":"Vis\u00e3o Mundial lan\u00e7a devocional e incentiva a forma\u00e7\u00e3o de h\u00e1bitos espirituais di\u00e1rios - R\u00e1dio Porto Seguro","og_description":"A Vis\u00e3o Mundial Brasil lan\u00e7ou no dia 1\u00ba de janeiro o Vida na Vida Devocional 2026, um devocional di\u00e1rio que prop\u00f5e uma espiritualidade simples, pr\u00e1tica e conectada aos desafios reais da vida crist\u00e3 na atualidade.\u00a0 A iniciativa oferece reflex\u00f5es curtas enviadas gratuitamente por e-mail ao longo de todo o ano. O projeto \u00e9 conduzido pelos [&hellip;]","og_url":"https:\/\/radioportoseguro.com.br\/site\/2026\/01\/20\/visao-mundial-lanca-devocional-e-incentiva-a-formacao-de-habitos-espirituais-diarios\/","og_site_name":"R\u00e1dio Porto Seguro","article_published_time":"2026-01-20T22:39:43+00:00","og_image":[{"width":1200,"height":600,"url":"https:\/\/radioportoseguro.com.br\/site\/wp-content\/uploads\/2026\/01\/65662293-o-vida-na-vida-2026-incentiva-formacao-de-habitos-espirituais-diarios.jpeg","type":"image\/jpeg"}],"author":"admin","twitter_card":"summary_large_image","twitter_misc":{"Escrito por":"admin","Est. tempo de leitura":"1 minuto"},"schema":{"@context":"https:\/\/schema.org","@graph":[{"@type":"Article","@id":"https:\/\/radioportoseguro.com.br\/site\/2026\/01\/20\/visao-mundial-lanca-devocional-e-incentiva-a-formacao-de-habitos-espirituais-diarios\/#article","isPartOf":{"@id":"https:\/\/radioportoseguro.com.br\/site\/2026\/01\/20\/visao-mundial-lanca-devocional-e-incentiva-a-formacao-de-habitos-espirituais-diarios\/"},"author":{"name":"admin","@id":"https:\/\/radioportoseguro.com.br\/site\/#\/schema\/person\/7630acdc320186f13639d3c067ec089b"},"headline":"Vis\u00e3o Mundial lan\u00e7a devocional e incentiva a forma\u00e7\u00e3o de h\u00e1bitos espirituais di\u00e1rios","datePublished":"2026-01-20T22:39:43+00:00","mainEntityOfPage":{"@id":"https:\/\/radioportoseguro.com.br\/site\/2026\/01\/20\/visao-mundial-lanca-devocional-e-incentiva-a-formacao-de-habitos-espirituais-diarios\/"},"wordCount":277,"image":{"@id":"https:\/\/radioportoseguro.com.br\/site\/2026\/01\/20\/visao-mundial-lanca-devocional-e-incentiva-a-formacao-de-habitos-espirituais-diarios\/#primaryimage"},"thumbnailUrl":"https:\/\/radioportoseguro.com.br\/site\/wp-content\/uploads\/2026\/01\/65662293-o-vida-na-vida-2026-incentiva-formacao-de-habitos-espirituais-diarios.jpeg","articleSection":["Destaques"],"inLanguage":"pt-BR"},{"@type":"WebPage","@id":"https:\/\/radioportoseguro.com.br\/site\/2026\/01\/20\/visao-mundial-lanca-devocional-e-incentiva-a-formacao-de-habitos-espirituais-diarios\/","url":"https:\/\/radioportoseguro.com.br\/site\/2026\/01\/20\/visao-mundial-lanca-devocional-e-incentiva-a-formacao-de-habitos-espirituais-diarios\/","name":"Vis\u00e3o Mundial lan\u00e7a devocional e incentiva a forma\u00e7\u00e3o de h\u00e1bitos espirituais di\u00e1rios - R\u00e1dio Porto Seguro","isPartOf":{"@id":"https:\/\/radioportoseguro.com.br\/site\/#website"},"primaryImageOfPage":{"@id":"https:\/\/radioportoseguro.com.br\/site\/2026\/01\/20\/visao-mundial-lanca-devocional-e-incentiva-a-formacao-de-habitos-espirituais-diarios\/#primaryimage"},"image":{"@id":"https:\/\/radioportoseguro.com.br\/site\/2026\/01\/20\/visao-mundial-lanca-devocional-e-incentiva-a-formacao-de-habitos-espirituais-diarios\/#primaryimage"},"thumbnailUrl":"https:\/\/radioportoseguro.com.br\/site\/wp-content\/uploads\/2026\/01\/65662293-o-vida-na-vida-2026-incentiva-formacao-de-habitos-espirituais-diarios.jpeg","datePublished":"2026-01-20T22:39:43+00:00","author":{"@id":"https:\/\/radioportoseguro.com.br\/site\/#\/schema\/person\/7630acdc320186f13639d3c067ec089b"},"breadcrumb":{"@id":"https:\/\/radioportoseguro.com.br\/site\/2026\/01\/20\/visao-mundial-lanca-devocional-e-incentiva-a-formacao-de-habitos-espirituais-diarios\/#breadcrumb"},"inLanguage":"pt-BR","potentialAction":[{"@type":"ReadAction","target":["https:\/\/radioportoseguro.com.br\/site\/2026\/01\/20\/visao-mundial-lanca-devocional-e-incentiva-a-formacao-de-habitos-espirituais-diarios\/"]}]},{"@type":"ImageObject","inLanguage":"pt-BR","@id":"https:\/\/radioportoseguro.com.br\/site\/2026\/01\/20\/visao-mundial-lanca-devocional-e-incentiva-a-formacao-de-habitos-espirituais-diarios\/#primaryimage","url":"https:\/\/radioportoseguro.com.br\/site\/wp-content\/uploads\/2026\/01\/65662293-o-vida-na-vida-2026-incentiva-formacao-de-habitos-espirituais-diarios.jpeg","contentUrl":"https:\/\/radioportoseguro.com.br\/site\/wp-content\/uploads\/2026\/01\/65662293-o-vida-na-vida-2026-incentiva-formacao-de-habitos-espirituais-diarios.jpeg","width":1200,"height":600},{"@type":"BreadcrumbList","@id":"https:\/\/radioportoseguro.com.br\/site\/2026\/01\/20\/visao-mundial-lanca-devocional-e-incentiva-a-formacao-de-habitos-espirituais-diarios\/#breadcrumb","itemListElement":[{"@type":"ListItem","position":1,"name":"In\u00edcio","item":"https:\/\/radioportoseguro.com.br\/site\/"},{"@type":"ListItem","position":2,"name":"Vis\u00e3o Mundial lan\u00e7a devocional e incentiva a forma\u00e7\u00e3o de h\u00e1bitos espirituais di\u00e1rios"}]},{"@type":"WebSite","@id":"https:\/\/radioportoseguro.com.br\/site\/#website","url":"https:\/\/radioportoseguro.com.br\/site\/","name":"R\u00e1dio Porto Seguro","description":"","potentialAction":[{"@type":"SearchAction","target":{"@type":"EntryPoint","urlTemplate":"https:\/\/radioportoseguro.com.br\/site\/?s={search_term_string}"},"query-input":{"@type":"PropertyValueSpecification","valueRequired":true,"valueName":"search_term_string"}}],"inLanguage":"pt-BR"},{"@type":"Person","@id":"https:\/\/radioportoseguro.com.br\/site\/#\/schema\/person\/7630acdc320186f13639d3c067ec089b","name":"admin","image":{"@type":"ImageObject","inLanguage":"pt-BR","@id":"https:\/\/radioportoseguro.com.br\/site\/#\/schema\/person\/image\/","url":"https:\/\/secure.gravatar.com\/avatar\/caacf4dc1eedb68fab0df8e1ed46c448e578b2466351bbcb61e47d2ac0caaef0?s=96&d=mm&r=g","contentUrl":"https:\/\/secure.gravatar.com\/avatar\/caacf4dc1eedb68fab0df8e1ed46c448e578b2466351bbcb61e47d2ac0caaef0?s=96&d=mm&r=g","caption":"admin"},"sameAs":["https:\/\/radioportoseguro.com.br\/site"],"url":"https:\/\/radioportoseguro.com.br\/site\/author\/hezio\/"}]}},"_links":{"self":[{"href":"https:\/\/radioportoseguro.com.br\/site\/wp-json\/wp\/v2\/posts\/3247","targetHints":{"allow":["GET"]}}],"collection":[{"href":"https:\/\/radioportoseguro.com.br\/site\/wp-json\/wp\/v2\/posts"}],"about":[{"href":"https:\/\/radioportoseguro.com.br\/site\/wp-json\/wp\/v2\/types\/post"}],"author":[{"embeddable":true,"href":"https:\/\/radioportoseguro.com.br\/site\/wp-json\/wp\/v2\/users\/1"}],"replies":[{"embeddable":true,"href":"https:\/\/radioportoseguro.com.br\/site\/wp-json\/wp\/v2\/comments?post=3247"}],"version-history":[{"count":0,"href":"https:\/\/radioportoseguro.com.br\/site\/wp-json\/wp\/v2\/posts\/3247\/revisions"}],"wp:featuredmedia":[{"embeddable":true,"href":"https:\/\/radioportoseguro.com.br\/site\/wp-json\/wp\/v2\/media\/3248"}],"wp:attachment":[{"href":"https:\/\/radioportoseguro.com.br\/site\/wp-json\/wp\/v2\/media?parent=3247"}],"wp:term":[{"taxonomy":"category","embeddable":true,"href":"https:\/\/radioportoseguro.com.br\/site\/wp-json\/wp\/v2\/categories?post=3247"},{"taxonomy":"post_tag","embeddable":true,"href":"https:\/\/radioportoseguro.com.br\/site\/wp-json\/wp\/v2\/tags?post=3247"}],"curies":[{"name":"wp","href":"https:\/\/api.w.org\/{rel}","templated":true}]}}