{"id":3253,"date":"2026-01-20T22:49:59","date_gmt":"2026-01-21T01:49:59","guid":{"rendered":"https:\/\/radioportoseguro.com.br\/site\/2026\/01\/20\/ex-viciado-aceita-jesus-e-e-batizado-ao-lado-da-mae-cristo-nos-transformou\/"},"modified":"2026-01-20T22:49:59","modified_gmt":"2026-01-21T01:49:59","slug":"ex-viciado-aceita-jesus-e-e-batizado-ao-lado-da-mae-cristo-nos-transformou","status":"publish","type":"post","link":"https:\/\/radioportoseguro.com.br\/site\/2026\/01\/20\/ex-viciado-aceita-jesus-e-e-batizado-ao-lado-da-mae-cristo-nos-transformou\/","title":{"rendered":"Ex-viciado aceita Jesus e \u00e9 batizado ao lado da m\u00e3e: \u2018Cristo nos transformou\u2019"},"content":{"rendered":"<p><br \/>\n<br \/><\/p>\n<div>\n<p><span style=\"font-weight: 400;\">Um ex-viciado em drogas e \u00e1lcool aceitou Jesus ap\u00f3s ser acolhido pelo projeto <\/span><span style=\"color: #993300;\"><strong>Cristol\u00e2ndia<\/strong><\/span><span style=\"font-weight: 400;\">, da Junta de Miss\u00f5es Mundiais. Atrav\u00e9s de sua transforma\u00e7\u00e3o de vida, sua m\u00e3e tamb\u00e9m se rendeu ao Senhor e foi batizada junto com ele em S\u00e3o Paulo.<\/span><\/p>\n<p><span style=\"font-weight: 400;\">Edeildo, de 51 anos, contou seu testemunho em um v\u00eddeo do projeto mission\u00e1rio no Instagram: \u201cVim de uma situa\u00e7\u00e3o muito vulner\u00e1vel, eu estava morando na rua, no mundo das drogas e do \u00e1lcool. Eu estava me destruindo\u201d.<\/span><\/p>\n<p><span style=\"font-weight: 400;\">Um dia, ele encontrou uma Igreja Batista e foi encaminhado para a Cristol\u00e2ndia de Suzano, onde permaneceu 10 meses em tratamento.<\/span><\/p>\n<p><span style=\"font-weight: 400;\">\u201cAli eu aprendi o amor de Deus. Eu fui acolhido muito bem, eles me abra\u00e7aram, mesmo eu sujo, naquela situa\u00e7\u00e3o horr\u00edvel. Ali eu sentia a presen\u00e7a de Deus\u201d, afirmou ele.\u00a0<\/span><\/p>\n<blockquote class=\"instagram-media\" style=\"background: #FFF; border: 0; border-radius: 3px; box-shadow: 0 0 1px 0 rgba(0,0,0,0.5),0 1px 10px 0 rgba(0,0,0,0.15); margin: 1px; max-width: 540px; min-width: 326px; padding: 0; width: calc(100% - 2px);\" data-instgrm-permalink=\"https:\/\/www.instagram.com\/reel\/DTlgoYED6t7\/?utm_source=ig_embed&amp;utm_campaign=loading\" data-instgrm-version=\"14\"><p>&#13;<br \/>\n&#13;\n<\/p><\/blockquote>\n<p><strong>Transforma\u00e7\u00e3o de vida<\/strong><\/p>\n<p><span style=\"font-weight: 400;\">Ap\u00f3s passar pelo processo de ressocializa\u00e7\u00e3o da miss\u00e3o, Edeildo e sua fam\u00edlia viveram uma transforma\u00e7\u00e3o.<\/span><\/p>\n<p><span style=\"font-weight: 400;\">Ele se rendeu a Jesus e decidiu ser batizado. No dia de seu batismo, ele testemunhou algo extraordin\u00e1rio:<\/span><\/p>\n<p><span style=\"font-weight: 400;\">\u201cHoje, gra\u00e7as a Deus eu reconstru\u00ed minha fam\u00edlia. Estou muito feliz, minha m\u00e3e, atrav\u00e9s desse meu testemunho, tamb\u00e9m se converteu e se batizou junto comigo\u201d.\u00a0<\/span><\/p>\n<p><span style=\"font-weight: 400;\">O culto de batismo ocorreu durante uma celebra\u00e7\u00e3o do projeto Cristol\u00e2ndia e marcou a vida de todos os presentes.<\/span><\/p>\n<p><span style=\"font-weight: 400;\">Por fim, ele encorajou: \u201cEu quero falar para voc\u00eas que Jesus transforma, Ele transforma mesmo, porque eu sou testemunho vivo disso. Hoje, eu tenho minha casa e minha fam\u00edlia\u201d.<\/span><\/p>\n<p><span style=\"font-weight: 400;\">E continuou: \u201cEnt\u00e3o, eu agrade\u00e7o muito ao projeto Cristol\u00e2ndia, porque foi atrav\u00e9s deles que eu conheci o verdadeiro amor de Jesus Cristo\u201d.\u00a0<\/span><\/p>\n<p><span style=\"font-weight: 400;\">\u201cVoc\u00ea que est\u00e1 perdido, que quer uma transforma\u00e7\u00e3o, procure ajuda. Se voc\u00ea quiser, d\u00e1 certo. Deu certo na minha vida, pode dar na tua vida\u201d, concluiu.\u00a0<\/span><\/p>\n<\/div>\n<p><script async src=\"\/\/www.instagram.com\/embed.js\"><\/script><br \/>\n<br \/><br \/>\n<br \/>Fonte: Guiame <\/p>\n","protected":false},"excerpt":{"rendered":"<p>Um ex-viciado em drogas e \u00e1lcool aceitou Jesus ap\u00f3s ser acolhido pelo projeto Cristol\u00e2ndia, da Junta de Miss\u00f5es Mundiais. Atrav\u00e9s de sua transforma\u00e7\u00e3o de vida, sua m\u00e3e tamb\u00e9m se rendeu ao Senhor e foi batizada junto com ele em S\u00e3o Paulo. Edeildo, de 51 anos, contou seu testemunho em um v\u00eddeo do projeto mission\u00e1rio no [&hellip;]<\/p>\n","protected":false},"author":1,"featured_media":3254,"comment_status":"","ping_status":"open","sticky":false,"template":"","format":"standard","meta":{"footnotes":""},"categories":[43],"tags":[],"class_list":["post-3253","post","type-post","status-publish","format-standard","has-post-thumbnail","hentry","category-destaques"],"yoast_head":"<!-- This site is optimized with the Yoast SEO plugin v26.8 - https:\/\/yoast.com\/product\/yoast-seo-wordpress\/ -->\n<title>Ex-viciado aceita Jesus e \u00e9 batizado ao lado da m\u00e3e: \u2018Cristo nos transformou\u2019 - R\u00e1dio Porto Seguro<\/title>\n<meta name=\"robots\" content=\"index, follow, max-snippet:-1, max-image-preview:large, max-video-preview:-1\" \/>\n<link rel=\"canonical\" href=\"https:\/\/radioportoseguro.com.br\/site\/2026\/01\/20\/ex-viciado-aceita-jesus-e-e-batizado-ao-lado-da-mae-cristo-nos-transformou\/\" \/>\n<meta property=\"og:locale\" content=\"pt_BR\" \/>\n<meta property=\"og:type\" content=\"article\" \/>\n<meta property=\"og:title\" content=\"Ex-viciado aceita Jesus e \u00e9 batizado ao lado da m\u00e3e: \u2018Cristo nos transformou\u2019 - R\u00e1dio Porto Seguro\" \/>\n<meta property=\"og:description\" content=\"Um ex-viciado em drogas e \u00e1lcool aceitou Jesus ap\u00f3s ser acolhido pelo projeto Cristol\u00e2ndia, da Junta de Miss\u00f5es Mundiais. Atrav\u00e9s de sua transforma\u00e7\u00e3o de vida, sua m\u00e3e tamb\u00e9m se rendeu ao Senhor e foi batizada junto com ele em S\u00e3o Paulo. Edeildo, de 51 anos, contou seu testemunho em um v\u00eddeo do projeto mission\u00e1rio no [&hellip;]\" \/>\n<meta property=\"og:url\" content=\"https:\/\/radioportoseguro.com.br\/site\/2026\/01\/20\/ex-viciado-aceita-jesus-e-e-batizado-ao-lado-da-mae-cristo-nos-transformou\/\" \/>\n<meta property=\"og:site_name\" content=\"R\u00e1dio Porto Seguro\" \/>\n<meta property=\"article:published_time\" content=\"2026-01-21T01:49:59+00:00\" \/>\n<meta property=\"og:image\" content=\"https:\/\/radioportoseguro.com.br\/site\/wp-content\/uploads\/2026\/01\/83465881-edeildo.jpeg\" \/>\n\t<meta property=\"og:image:width\" content=\"1200\" \/>\n\t<meta property=\"og:image:height\" content=\"600\" \/>\n\t<meta property=\"og:image:type\" content=\"image\/jpeg\" \/>\n<meta name=\"author\" content=\"admin\" \/>\n<meta name=\"twitter:card\" content=\"summary_large_image\" \/>\n<meta name=\"twitter:label1\" content=\"Escrito por\" \/>\n\t<meta name=\"twitter:data1\" content=\"admin\" \/>\n\t<meta name=\"twitter:label2\" content=\"Est. tempo de leitura\" \/>\n\t<meta name=\"twitter:data2\" content=\"2 minutos\" \/>\n<script type=\"application\/ld+json\" class=\"yoast-schema-graph\">{\"@context\":\"https:\/\/schema.org\",\"@graph\":[{\"@type\":\"Article\",\"@id\":\"https:\/\/radioportoseguro.com.br\/site\/2026\/01\/20\/ex-viciado-aceita-jesus-e-e-batizado-ao-lado-da-mae-cristo-nos-transformou\/#article\",\"isPartOf\":{\"@id\":\"https:\/\/radioportoseguro.com.br\/site\/2026\/01\/20\/ex-viciado-aceita-jesus-e-e-batizado-ao-lado-da-mae-cristo-nos-transformou\/\"},\"author\":{\"name\":\"admin\",\"@id\":\"https:\/\/radioportoseguro.com.br\/site\/#\/schema\/person\/7630acdc320186f13639d3c067ec089b\"},\"headline\":\"Ex-viciado aceita Jesus e \u00e9 batizado ao lado da m\u00e3e: \u2018Cristo nos transformou\u2019\",\"datePublished\":\"2026-01-21T01:49:59+00:00\",\"mainEntityOfPage\":{\"@id\":\"https:\/\/radioportoseguro.com.br\/site\/2026\/01\/20\/ex-viciado-aceita-jesus-e-e-batizado-ao-lado-da-mae-cristo-nos-transformou\/\"},\"wordCount\":339,\"image\":{\"@id\":\"https:\/\/radioportoseguro.com.br\/site\/2026\/01\/20\/ex-viciado-aceita-jesus-e-e-batizado-ao-lado-da-mae-cristo-nos-transformou\/#primaryimage\"},\"thumbnailUrl\":\"https:\/\/radioportoseguro.com.br\/site\/wp-content\/uploads\/2026\/01\/83465881-edeildo.jpeg\",\"articleSection\":[\"Destaques\"],\"inLanguage\":\"pt-BR\"},{\"@type\":\"WebPage\",\"@id\":\"https:\/\/radioportoseguro.com.br\/site\/2026\/01\/20\/ex-viciado-aceita-jesus-e-e-batizado-ao-lado-da-mae-cristo-nos-transformou\/\",\"url\":\"https:\/\/radioportoseguro.com.br\/site\/2026\/01\/20\/ex-viciado-aceita-jesus-e-e-batizado-ao-lado-da-mae-cristo-nos-transformou\/\",\"name\":\"Ex-viciado aceita Jesus e \u00e9 batizado ao lado da m\u00e3e: \u2018Cristo nos transformou\u2019 - R\u00e1dio Porto Seguro\",\"isPartOf\":{\"@id\":\"https:\/\/radioportoseguro.com.br\/site\/#website\"},\"primaryImageOfPage\":{\"@id\":\"https:\/\/radioportoseguro.com.br\/site\/2026\/01\/20\/ex-viciado-aceita-jesus-e-e-batizado-ao-lado-da-mae-cristo-nos-transformou\/#primaryimage\"},\"image\":{\"@id\":\"https:\/\/radioportoseguro.com.br\/site\/2026\/01\/20\/ex-viciado-aceita-jesus-e-e-batizado-ao-lado-da-mae-cristo-nos-transformou\/#primaryimage\"},\"thumbnailUrl\":\"https:\/\/radioportoseguro.com.br\/site\/wp-content\/uploads\/2026\/01\/83465881-edeildo.jpeg\",\"datePublished\":\"2026-01-21T01:49:59+00:00\",\"author\":{\"@id\":\"https:\/\/radioportoseguro.com.br\/site\/#\/schema\/person\/7630acdc320186f13639d3c067ec089b\"},\"breadcrumb\":{\"@id\":\"https:\/\/radioportoseguro.com.br\/site\/2026\/01\/20\/ex-viciado-aceita-jesus-e-e-batizado-ao-lado-da-mae-cristo-nos-transformou\/#breadcrumb\"},\"inLanguage\":\"pt-BR\",\"potentialAction\":[{\"@type\":\"ReadAction\",\"target\":[\"https:\/\/radioportoseguro.com.br\/site\/2026\/01\/20\/ex-viciado-aceita-jesus-e-e-batizado-ao-lado-da-mae-cristo-nos-transformou\/\"]}]},{\"@type\":\"ImageObject\",\"inLanguage\":\"pt-BR\",\"@id\":\"https:\/\/radioportoseguro.com.br\/site\/2026\/01\/20\/ex-viciado-aceita-jesus-e-e-batizado-ao-lado-da-mae-cristo-nos-transformou\/#primaryimage\",\"url\":\"https:\/\/radioportoseguro.com.br\/site\/wp-content\/uploads\/2026\/01\/83465881-edeildo.jpeg\",\"contentUrl\":\"https:\/\/radioportoseguro.com.br\/site\/wp-content\/uploads\/2026\/01\/83465881-edeildo.jpeg\",\"width\":1200,\"height\":600},{\"@type\":\"BreadcrumbList\",\"@id\":\"https:\/\/radioportoseguro.com.br\/site\/2026\/01\/20\/ex-viciado-aceita-jesus-e-e-batizado-ao-lado-da-mae-cristo-nos-transformou\/#breadcrumb\",\"itemListElement\":[{\"@type\":\"ListItem\",\"position\":1,\"name\":\"In\u00edcio\",\"item\":\"https:\/\/radioportoseguro.com.br\/site\/\"},{\"@type\":\"ListItem\",\"position\":2,\"name\":\"Ex-viciado aceita Jesus e \u00e9 batizado ao lado da m\u00e3e: \u2018Cristo nos transformou\u2019\"}]},{\"@type\":\"WebSite\",\"@id\":\"https:\/\/radioportoseguro.com.br\/site\/#website\",\"url\":\"https:\/\/radioportoseguro.com.br\/site\/\",\"name\":\"R\u00e1dio Porto Seguro\",\"description\":\"\",\"potentialAction\":[{\"@type\":\"SearchAction\",\"target\":{\"@type\":\"EntryPoint\",\"urlTemplate\":\"https:\/\/radioportoseguro.com.br\/site\/?s={search_term_string}\"},\"query-input\":{\"@type\":\"PropertyValueSpecification\",\"valueRequired\":true,\"valueName\":\"search_term_string\"}}],\"inLanguage\":\"pt-BR\"},{\"@type\":\"Person\",\"@id\":\"https:\/\/radioportoseguro.com.br\/site\/#\/schema\/person\/7630acdc320186f13639d3c067ec089b\",\"name\":\"admin\",\"image\":{\"@type\":\"ImageObject\",\"inLanguage\":\"pt-BR\",\"@id\":\"https:\/\/radioportoseguro.com.br\/site\/#\/schema\/person\/image\/\",\"url\":\"https:\/\/secure.gravatar.com\/avatar\/caacf4dc1eedb68fab0df8e1ed46c448e578b2466351bbcb61e47d2ac0caaef0?s=96&d=mm&r=g\",\"contentUrl\":\"https:\/\/secure.gravatar.com\/avatar\/caacf4dc1eedb68fab0df8e1ed46c448e578b2466351bbcb61e47d2ac0caaef0?s=96&d=mm&r=g\",\"caption\":\"admin\"},\"sameAs\":[\"https:\/\/radioportoseguro.com.br\/site\"],\"url\":\"https:\/\/radioportoseguro.com.br\/site\/author\/hezio\/\"}]}<\/script>\n<!-- \/ Yoast SEO plugin. -->","yoast_head_json":{"title":"Ex-viciado aceita Jesus e \u00e9 batizado ao lado da m\u00e3e: \u2018Cristo nos transformou\u2019 - R\u00e1dio Porto Seguro","robots":{"index":"index","follow":"follow","max-snippet":"max-snippet:-1","max-image-preview":"max-image-preview:large","max-video-preview":"max-video-preview:-1"},"canonical":"https:\/\/radioportoseguro.com.br\/site\/2026\/01\/20\/ex-viciado-aceita-jesus-e-e-batizado-ao-lado-da-mae-cristo-nos-transformou\/","og_locale":"pt_BR","og_type":"article","og_title":"Ex-viciado aceita Jesus e \u00e9 batizado ao lado da m\u00e3e: \u2018Cristo nos transformou\u2019 - R\u00e1dio Porto Seguro","og_description":"Um ex-viciado em drogas e \u00e1lcool aceitou Jesus ap\u00f3s ser acolhido pelo projeto Cristol\u00e2ndia, da Junta de Miss\u00f5es Mundiais. Atrav\u00e9s de sua transforma\u00e7\u00e3o de vida, sua m\u00e3e tamb\u00e9m se rendeu ao Senhor e foi batizada junto com ele em S\u00e3o Paulo. Edeildo, de 51 anos, contou seu testemunho em um v\u00eddeo do projeto mission\u00e1rio no [&hellip;]","og_url":"https:\/\/radioportoseguro.com.br\/site\/2026\/01\/20\/ex-viciado-aceita-jesus-e-e-batizado-ao-lado-da-mae-cristo-nos-transformou\/","og_site_name":"R\u00e1dio Porto Seguro","article_published_time":"2026-01-21T01:49:59+00:00","og_image":[{"width":1200,"height":600,"url":"https:\/\/radioportoseguro.com.br\/site\/wp-content\/uploads\/2026\/01\/83465881-edeildo.jpeg","type":"image\/jpeg"}],"author":"admin","twitter_card":"summary_large_image","twitter_misc":{"Escrito por":"admin","Est. tempo de leitura":"2 minutos"},"schema":{"@context":"https:\/\/schema.org","@graph":[{"@type":"Article","@id":"https:\/\/radioportoseguro.com.br\/site\/2026\/01\/20\/ex-viciado-aceita-jesus-e-e-batizado-ao-lado-da-mae-cristo-nos-transformou\/#article","isPartOf":{"@id":"https:\/\/radioportoseguro.com.br\/site\/2026\/01\/20\/ex-viciado-aceita-jesus-e-e-batizado-ao-lado-da-mae-cristo-nos-transformou\/"},"author":{"name":"admin","@id":"https:\/\/radioportoseguro.com.br\/site\/#\/schema\/person\/7630acdc320186f13639d3c067ec089b"},"headline":"Ex-viciado aceita Jesus e \u00e9 batizado ao lado da m\u00e3e: \u2018Cristo nos transformou\u2019","datePublished":"2026-01-21T01:49:59+00:00","mainEntityOfPage":{"@id":"https:\/\/radioportoseguro.com.br\/site\/2026\/01\/20\/ex-viciado-aceita-jesus-e-e-batizado-ao-lado-da-mae-cristo-nos-transformou\/"},"wordCount":339,"image":{"@id":"https:\/\/radioportoseguro.com.br\/site\/2026\/01\/20\/ex-viciado-aceita-jesus-e-e-batizado-ao-lado-da-mae-cristo-nos-transformou\/#primaryimage"},"thumbnailUrl":"https:\/\/radioportoseguro.com.br\/site\/wp-content\/uploads\/2026\/01\/83465881-edeildo.jpeg","articleSection":["Destaques"],"inLanguage":"pt-BR"},{"@type":"WebPage","@id":"https:\/\/radioportoseguro.com.br\/site\/2026\/01\/20\/ex-viciado-aceita-jesus-e-e-batizado-ao-lado-da-mae-cristo-nos-transformou\/","url":"https:\/\/radioportoseguro.com.br\/site\/2026\/01\/20\/ex-viciado-aceita-jesus-e-e-batizado-ao-lado-da-mae-cristo-nos-transformou\/","name":"Ex-viciado aceita Jesus e \u00e9 batizado ao lado da m\u00e3e: \u2018Cristo nos transformou\u2019 - R\u00e1dio Porto Seguro","isPartOf":{"@id":"https:\/\/radioportoseguro.com.br\/site\/#website"},"primaryImageOfPage":{"@id":"https:\/\/radioportoseguro.com.br\/site\/2026\/01\/20\/ex-viciado-aceita-jesus-e-e-batizado-ao-lado-da-mae-cristo-nos-transformou\/#primaryimage"},"image":{"@id":"https:\/\/radioportoseguro.com.br\/site\/2026\/01\/20\/ex-viciado-aceita-jesus-e-e-batizado-ao-lado-da-mae-cristo-nos-transformou\/#primaryimage"},"thumbnailUrl":"https:\/\/radioportoseguro.com.br\/site\/wp-content\/uploads\/2026\/01\/83465881-edeildo.jpeg","datePublished":"2026-01-21T01:49:59+00:00","author":{"@id":"https:\/\/radioportoseguro.com.br\/site\/#\/schema\/person\/7630acdc320186f13639d3c067ec089b"},"breadcrumb":{"@id":"https:\/\/radioportoseguro.com.br\/site\/2026\/01\/20\/ex-viciado-aceita-jesus-e-e-batizado-ao-lado-da-mae-cristo-nos-transformou\/#breadcrumb"},"inLanguage":"pt-BR","potentialAction":[{"@type":"ReadAction","target":["https:\/\/radioportoseguro.com.br\/site\/2026\/01\/20\/ex-viciado-aceita-jesus-e-e-batizado-ao-lado-da-mae-cristo-nos-transformou\/"]}]},{"@type":"ImageObject","inLanguage":"pt-BR","@id":"https:\/\/radioportoseguro.com.br\/site\/2026\/01\/20\/ex-viciado-aceita-jesus-e-e-batizado-ao-lado-da-mae-cristo-nos-transformou\/#primaryimage","url":"https:\/\/radioportoseguro.com.br\/site\/wp-content\/uploads\/2026\/01\/83465881-edeildo.jpeg","contentUrl":"https:\/\/radioportoseguro.com.br\/site\/wp-content\/uploads\/2026\/01\/83465881-edeildo.jpeg","width":1200,"height":600},{"@type":"BreadcrumbList","@id":"https:\/\/radioportoseguro.com.br\/site\/2026\/01\/20\/ex-viciado-aceita-jesus-e-e-batizado-ao-lado-da-mae-cristo-nos-transformou\/#breadcrumb","itemListElement":[{"@type":"ListItem","position":1,"name":"In\u00edcio","item":"https:\/\/radioportoseguro.com.br\/site\/"},{"@type":"ListItem","position":2,"name":"Ex-viciado aceita Jesus e \u00e9 batizado ao lado da m\u00e3e: \u2018Cristo nos transformou\u2019"}]},{"@type":"WebSite","@id":"https:\/\/radioportoseguro.com.br\/site\/#website","url":"https:\/\/radioportoseguro.com.br\/site\/","name":"R\u00e1dio Porto Seguro","description":"","potentialAction":[{"@type":"SearchAction","target":{"@type":"EntryPoint","urlTemplate":"https:\/\/radioportoseguro.com.br\/site\/?s={search_term_string}"},"query-input":{"@type":"PropertyValueSpecification","valueRequired":true,"valueName":"search_term_string"}}],"inLanguage":"pt-BR"},{"@type":"Person","@id":"https:\/\/radioportoseguro.com.br\/site\/#\/schema\/person\/7630acdc320186f13639d3c067ec089b","name":"admin","image":{"@type":"ImageObject","inLanguage":"pt-BR","@id":"https:\/\/radioportoseguro.com.br\/site\/#\/schema\/person\/image\/","url":"https:\/\/secure.gravatar.com\/avatar\/caacf4dc1eedb68fab0df8e1ed46c448e578b2466351bbcb61e47d2ac0caaef0?s=96&d=mm&r=g","contentUrl":"https:\/\/secure.gravatar.com\/avatar\/caacf4dc1eedb68fab0df8e1ed46c448e578b2466351bbcb61e47d2ac0caaef0?s=96&d=mm&r=g","caption":"admin"},"sameAs":["https:\/\/radioportoseguro.com.br\/site"],"url":"https:\/\/radioportoseguro.com.br\/site\/author\/hezio\/"}]}},"_links":{"self":[{"href":"https:\/\/radioportoseguro.com.br\/site\/wp-json\/wp\/v2\/posts\/3253","targetHints":{"allow":["GET"]}}],"collection":[{"href":"https:\/\/radioportoseguro.com.br\/site\/wp-json\/wp\/v2\/posts"}],"about":[{"href":"https:\/\/radioportoseguro.com.br\/site\/wp-json\/wp\/v2\/types\/post"}],"author":[{"embeddable":true,"href":"https:\/\/radioportoseguro.com.br\/site\/wp-json\/wp\/v2\/users\/1"}],"replies":[{"embeddable":true,"href":"https:\/\/radioportoseguro.com.br\/site\/wp-json\/wp\/v2\/comments?post=3253"}],"version-history":[{"count":0,"href":"https:\/\/radioportoseguro.com.br\/site\/wp-json\/wp\/v2\/posts\/3253\/revisions"}],"wp:featuredmedia":[{"embeddable":true,"href":"https:\/\/radioportoseguro.com.br\/site\/wp-json\/wp\/v2\/media\/3254"}],"wp:attachment":[{"href":"https:\/\/radioportoseguro.com.br\/site\/wp-json\/wp\/v2\/media?parent=3253"}],"wp:term":[{"taxonomy":"category","embeddable":true,"href":"https:\/\/radioportoseguro.com.br\/site\/wp-json\/wp\/v2\/categories?post=3253"},{"taxonomy":"post_tag","embeddable":true,"href":"https:\/\/radioportoseguro.com.br\/site\/wp-json\/wp\/v2\/tags?post=3253"}],"curies":[{"name":"wp","href":"https:\/\/api.w.org\/{rel}","templated":true}]}}