{"id":3261,"date":"2026-01-21T02:51:37","date_gmt":"2026-01-21T05:51:37","guid":{"rendered":"https:\/\/radioportoseguro.com.br\/site\/2026\/01\/21\/as-raizes-negras-do-pentecostalismo\/"},"modified":"2026-01-21T02:51:37","modified_gmt":"2026-01-21T05:51:37","slug":"as-raizes-negras-do-pentecostalismo","status":"publish","type":"post","link":"https:\/\/radioportoseguro.com.br\/site\/2026\/01\/21\/as-raizes-negras-do-pentecostalismo\/","title":{"rendered":"As ra\u00edzes negras do pentecostalismo"},"content":{"rendered":"<p><br \/>\n<br \/><\/p>\n<div>\n<p>O pentecostalismo \u00e9 hoje um dos movimentos crist\u00e3os mais influentes do mundo. No entanto, sua hist\u00f3ria nem sempre \u00e9 contada de forma fiel \u00e0s suas origens. Muitas narrativas acabam ocultando um dado fundamental: o pentecostalismo nasceu profundamente marcado pela experi\u00eancia espiritual de homens e mulheres negros, pobres e socialmente marginalizados.<\/p>\n<p>Resgatar essas ra\u00edzes n\u00e3o \u00e9 um gesto ideol\u00f3gico, mas um ato de honestidade hist\u00f3rica e espiritual. O movimento pentecostal surge nas margens da sociedade como uma experi\u00eancia do Esp\u00edrito Santo que devolveu dignidade, voz e esperan\u00e7a a quem havia sido silenciado. Tr\u00eas figuras s\u00e3o essenciais para compreender essa origem.<\/p>\n<p><strong>William J. Seymour: o avivamento que rompeu barreiras <\/strong><\/p>\n<p>William J. Seymour foi o principal l\u00edder do Avivamento da Rua Azusa, em 1906, em Los Angeles, evento que marcou o nascimento do pentecostalismo moderno. Filho de ex-escravizados, pobre e cego de um olho, Seymour liderou um avivamento que contrariou a l\u00f3gica racial de sua \u00e9poca.<\/p>\n<p>Em um contexto de segrega\u00e7\u00e3o legalizada nos Estados Unidos, negros, brancos, homens e mulheres cultuavam juntos, unidos pela experi\u00eancia do batismo no Esp\u00edrito Santo. Para Seymour, a a\u00e7\u00e3o do Esp\u00edrito n\u00e3o se limitava aos dons, mas produzia reconcilia\u00e7\u00e3o, igualdade e comunh\u00e3o. O pentecostalismo nasce, assim, como uma experi\u00eancia espiritual radicalmente inclusiva, ainda que essa dimens\u00e3o tenha sido silenciada com o avan\u00e7o da institucionaliza\u00e7\u00e3o do movimento.<\/p>\n<p><strong>Lucy Farrow: a mulher negra apagada da hist\u00f3ria <\/strong><\/p>\n<p>Lucy Farrow foi uma mulher negra, ex-escravizada e evangelista pentecostal, com papel decisivo na difus\u00e3o inicial da mensagem pentecostal. Ela foi mentora espiritual de Seymour e j\u00e1 pregava sobre o batismo no Esp\u00edrito Santo antes mesmo do avivamento ganhar visibilidade internacional.<\/p>\n<p>Apesar de sua import\u00e2ncia, Lucy Farrow foi quase apagada da mem\u00f3ria oficial do pentecostalismo. Seu esquecimento revela como o racismo e o machismo tamb\u00e9m atuaram dentro do campo religioso. Resgatar sua hist\u00f3ria \u00e9 reconhecer que o pentecostalismo nasceu, desde o in\u00edcio, do minist\u00e9rio de mulheres negras cheias do Esp\u00edrito e chamadas por Deus.<\/p>\n<p><strong>Charles H. Mason: f\u00e9, identidade e resist\u00eancia <\/strong><\/p>\n<p>Charles Harrison Mason foi o fundador da Church of God in Christ (COGIC), hoje a maior denomina\u00e7\u00e3o pentecostal negra do mundo. Ap\u00f3s entrar em contato com o movimento pentecostal, Mason compreendeu que a experi\u00eancia carism\u00e1tica precisava ser organizada sem abrir m\u00e3o da identidade negra.<\/p>\n<p>Enquanto muitos grupos pentecostais optaram por se afastar de suas origens para buscar aceita\u00e7\u00e3o social, Mason construiu uma igreja que afirmava a espiritualidade pentecostal, a lideran\u00e7a negra e a resist\u00eancia diante do racismo estrutural. Sua trajet\u00f3ria mostra que o pentecostalismo negro n\u00e3o foi apenas experi\u00eancia espiritual, mas tamb\u00e9m projeto de sobreviv\u00eancia comunit\u00e1ria e f\u00e9 encarnada<\/p>\n<p><strong>Um passado que precisa ser lembrado <\/strong><\/p>\n<p>No Brasil, o pentecostalismo sempre teve forte presen\u00e7a negra em suas bases, ainda que suas lideran\u00e7as tenham sido historicamente invisibilizadas. Reconhecer as ra\u00edzes negras do pentecostalismo n\u00e3o divide a Igreja. Ao contr\u00e1rio, cura a mem\u00f3ria, fortalece a identidade e reconecta o movimento \u00e0s suas origens no Esp\u00edrito e na justi\u00e7a.<\/p>\n<p>O pentecostalismo nasceu nas margens, e \u00e9 ali que ele reencontra sua for\u00e7a quando decide lembrar de onde veio.<\/p>\n<p>\u00a0<\/p>\n<p><strong>Ediudson Fontes<\/strong> (@ediudsonfontes) \u00e9 pastor auxiliar da Assembleia de Deus Cidade Santa (RJ), te\u00f3logo, p\u00f3s-graduado em Ci\u00eancias da Religi\u00e3o e mestrando em Teologia Sistem\u00e1tico-Pastoral pela PUC-Rio. Escritor, professor de Teologia, casado com Caroline Fontes e pai de\u00a0Calebe\u00a0Fontes.<\/p>\n<p><em>* O conte\u00fado do texto acima \u00e9 de colabora\u00e7\u00e3o volunt\u00e1ria, seu teor \u00e9 de total responsabilidade do autor e n\u00e3o reflete necessariamente a opini\u00e3o do Portal Guiame.<\/em><\/p>\n<p>Leia o artigo anterior:<span style=\"color: #800000;\"> <strong>Poder do Esp\u00edrito Santo para evangelizar, e n\u00e3o para dominar pessoas<\/strong><\/span><\/p>\n<\/div>\n<p><br \/>\n<br \/>Fonte: Guiame <\/p>\n","protected":false},"excerpt":{"rendered":"<p>O pentecostalismo \u00e9 hoje um dos movimentos crist\u00e3os mais influentes do mundo. No entanto, sua hist\u00f3ria nem sempre \u00e9 contada de forma fiel \u00e0s suas origens. Muitas narrativas acabam ocultando um dado fundamental: o pentecostalismo nasceu profundamente marcado pela experi\u00eancia espiritual de homens e mulheres negros, pobres e socialmente marginalizados. Resgatar essas ra\u00edzes n\u00e3o \u00e9 [&hellip;]<\/p>\n","protected":false},"author":1,"featured_media":3262,"comment_status":"","ping_status":"open","sticky":false,"template":"","format":"standard","meta":{"footnotes":""},"categories":[43],"tags":[],"class_list":["post-3261","post","type-post","status-publish","format-standard","has-post-thumbnail","hentry","category-destaques"],"yoast_head":"<!-- This site is optimized with the Yoast SEO plugin v26.8 - https:\/\/yoast.com\/product\/yoast-seo-wordpress\/ -->\n<title>As ra\u00edzes negras do pentecostalismo - R\u00e1dio Porto Seguro<\/title>\n<meta name=\"robots\" content=\"index, follow, max-snippet:-1, max-image-preview:large, max-video-preview:-1\" \/>\n<link rel=\"canonical\" href=\"https:\/\/radioportoseguro.com.br\/site\/2026\/01\/21\/as-raizes-negras-do-pentecostalismo\/\" \/>\n<meta property=\"og:locale\" content=\"pt_BR\" \/>\n<meta property=\"og:type\" content=\"article\" \/>\n<meta property=\"og:title\" content=\"As ra\u00edzes negras do pentecostalismo - R\u00e1dio Porto Seguro\" \/>\n<meta property=\"og:description\" content=\"O pentecostalismo \u00e9 hoje um dos movimentos crist\u00e3os mais influentes do mundo. No entanto, sua hist\u00f3ria nem sempre \u00e9 contada de forma fiel \u00e0s suas origens. Muitas narrativas acabam ocultando um dado fundamental: o pentecostalismo nasceu profundamente marcado pela experi\u00eancia espiritual de homens e mulheres negros, pobres e socialmente marginalizados. Resgatar essas ra\u00edzes n\u00e3o \u00e9 [&hellip;]\" \/>\n<meta property=\"og:url\" content=\"https:\/\/radioportoseguro.com.br\/site\/2026\/01\/21\/as-raizes-negras-do-pentecostalismo\/\" \/>\n<meta property=\"og:site_name\" content=\"R\u00e1dio Porto Seguro\" \/>\n<meta property=\"article:published_time\" content=\"2026-01-21T05:51:37+00:00\" \/>\n<meta property=\"og:image\" content=\"https:\/\/radioportoseguro.com.br\/site\/wp-content\/uploads\/2026\/01\/4118731414-seymour-farrow-e-mason.png\" \/>\n\t<meta property=\"og:image:width\" content=\"1200\" \/>\n\t<meta property=\"og:image:height\" content=\"600\" \/>\n\t<meta property=\"og:image:type\" content=\"image\/png\" \/>\n<meta name=\"author\" content=\"admin\" \/>\n<meta name=\"twitter:card\" content=\"summary_large_image\" \/>\n<meta name=\"twitter:label1\" content=\"Escrito por\" \/>\n\t<meta name=\"twitter:data1\" content=\"admin\" \/>\n\t<meta name=\"twitter:label2\" content=\"Est. tempo de leitura\" \/>\n\t<meta name=\"twitter:data2\" content=\"3 minutos\" \/>\n<script type=\"application\/ld+json\" class=\"yoast-schema-graph\">{\"@context\":\"https:\/\/schema.org\",\"@graph\":[{\"@type\":\"Article\",\"@id\":\"https:\/\/radioportoseguro.com.br\/site\/2026\/01\/21\/as-raizes-negras-do-pentecostalismo\/#article\",\"isPartOf\":{\"@id\":\"https:\/\/radioportoseguro.com.br\/site\/2026\/01\/21\/as-raizes-negras-do-pentecostalismo\/\"},\"author\":{\"name\":\"admin\",\"@id\":\"https:\/\/radioportoseguro.com.br\/site\/#\/schema\/person\/7630acdc320186f13639d3c067ec089b\"},\"headline\":\"As ra\u00edzes negras do pentecostalismo\",\"datePublished\":\"2026-01-21T05:51:37+00:00\",\"mainEntityOfPage\":{\"@id\":\"https:\/\/radioportoseguro.com.br\/site\/2026\/01\/21\/as-raizes-negras-do-pentecostalismo\/\"},\"wordCount\":654,\"image\":{\"@id\":\"https:\/\/radioportoseguro.com.br\/site\/2026\/01\/21\/as-raizes-negras-do-pentecostalismo\/#primaryimage\"},\"thumbnailUrl\":\"https:\/\/radioportoseguro.com.br\/site\/wp-content\/uploads\/2026\/01\/4118731414-seymour-farrow-e-mason.png\",\"articleSection\":[\"Destaques\"],\"inLanguage\":\"pt-BR\"},{\"@type\":\"WebPage\",\"@id\":\"https:\/\/radioportoseguro.com.br\/site\/2026\/01\/21\/as-raizes-negras-do-pentecostalismo\/\",\"url\":\"https:\/\/radioportoseguro.com.br\/site\/2026\/01\/21\/as-raizes-negras-do-pentecostalismo\/\",\"name\":\"As ra\u00edzes negras do pentecostalismo - R\u00e1dio Porto Seguro\",\"isPartOf\":{\"@id\":\"https:\/\/radioportoseguro.com.br\/site\/#website\"},\"primaryImageOfPage\":{\"@id\":\"https:\/\/radioportoseguro.com.br\/site\/2026\/01\/21\/as-raizes-negras-do-pentecostalismo\/#primaryimage\"},\"image\":{\"@id\":\"https:\/\/radioportoseguro.com.br\/site\/2026\/01\/21\/as-raizes-negras-do-pentecostalismo\/#primaryimage\"},\"thumbnailUrl\":\"https:\/\/radioportoseguro.com.br\/site\/wp-content\/uploads\/2026\/01\/4118731414-seymour-farrow-e-mason.png\",\"datePublished\":\"2026-01-21T05:51:37+00:00\",\"author\":{\"@id\":\"https:\/\/radioportoseguro.com.br\/site\/#\/schema\/person\/7630acdc320186f13639d3c067ec089b\"},\"breadcrumb\":{\"@id\":\"https:\/\/radioportoseguro.com.br\/site\/2026\/01\/21\/as-raizes-negras-do-pentecostalismo\/#breadcrumb\"},\"inLanguage\":\"pt-BR\",\"potentialAction\":[{\"@type\":\"ReadAction\",\"target\":[\"https:\/\/radioportoseguro.com.br\/site\/2026\/01\/21\/as-raizes-negras-do-pentecostalismo\/\"]}]},{\"@type\":\"ImageObject\",\"inLanguage\":\"pt-BR\",\"@id\":\"https:\/\/radioportoseguro.com.br\/site\/2026\/01\/21\/as-raizes-negras-do-pentecostalismo\/#primaryimage\",\"url\":\"https:\/\/radioportoseguro.com.br\/site\/wp-content\/uploads\/2026\/01\/4118731414-seymour-farrow-e-mason.png\",\"contentUrl\":\"https:\/\/radioportoseguro.com.br\/site\/wp-content\/uploads\/2026\/01\/4118731414-seymour-farrow-e-mason.png\",\"width\":1200,\"height\":600},{\"@type\":\"BreadcrumbList\",\"@id\":\"https:\/\/radioportoseguro.com.br\/site\/2026\/01\/21\/as-raizes-negras-do-pentecostalismo\/#breadcrumb\",\"itemListElement\":[{\"@type\":\"ListItem\",\"position\":1,\"name\":\"In\u00edcio\",\"item\":\"https:\/\/radioportoseguro.com.br\/site\/\"},{\"@type\":\"ListItem\",\"position\":2,\"name\":\"As ra\u00edzes negras do pentecostalismo\"}]},{\"@type\":\"WebSite\",\"@id\":\"https:\/\/radioportoseguro.com.br\/site\/#website\",\"url\":\"https:\/\/radioportoseguro.com.br\/site\/\",\"name\":\"R\u00e1dio Porto Seguro\",\"description\":\"\",\"potentialAction\":[{\"@type\":\"SearchAction\",\"target\":{\"@type\":\"EntryPoint\",\"urlTemplate\":\"https:\/\/radioportoseguro.com.br\/site\/?s={search_term_string}\"},\"query-input\":{\"@type\":\"PropertyValueSpecification\",\"valueRequired\":true,\"valueName\":\"search_term_string\"}}],\"inLanguage\":\"pt-BR\"},{\"@type\":\"Person\",\"@id\":\"https:\/\/radioportoseguro.com.br\/site\/#\/schema\/person\/7630acdc320186f13639d3c067ec089b\",\"name\":\"admin\",\"image\":{\"@type\":\"ImageObject\",\"inLanguage\":\"pt-BR\",\"@id\":\"https:\/\/radioportoseguro.com.br\/site\/#\/schema\/person\/image\/\",\"url\":\"https:\/\/secure.gravatar.com\/avatar\/caacf4dc1eedb68fab0df8e1ed46c448e578b2466351bbcb61e47d2ac0caaef0?s=96&d=mm&r=g\",\"contentUrl\":\"https:\/\/secure.gravatar.com\/avatar\/caacf4dc1eedb68fab0df8e1ed46c448e578b2466351bbcb61e47d2ac0caaef0?s=96&d=mm&r=g\",\"caption\":\"admin\"},\"sameAs\":[\"https:\/\/radioportoseguro.com.br\/site\"],\"url\":\"https:\/\/radioportoseguro.com.br\/site\/author\/hezio\/\"}]}<\/script>\n<!-- \/ Yoast SEO plugin. -->","yoast_head_json":{"title":"As ra\u00edzes negras do pentecostalismo - R\u00e1dio Porto Seguro","robots":{"index":"index","follow":"follow","max-snippet":"max-snippet:-1","max-image-preview":"max-image-preview:large","max-video-preview":"max-video-preview:-1"},"canonical":"https:\/\/radioportoseguro.com.br\/site\/2026\/01\/21\/as-raizes-negras-do-pentecostalismo\/","og_locale":"pt_BR","og_type":"article","og_title":"As ra\u00edzes negras do pentecostalismo - R\u00e1dio Porto Seguro","og_description":"O pentecostalismo \u00e9 hoje um dos movimentos crist\u00e3os mais influentes do mundo. No entanto, sua hist\u00f3ria nem sempre \u00e9 contada de forma fiel \u00e0s suas origens. Muitas narrativas acabam ocultando um dado fundamental: o pentecostalismo nasceu profundamente marcado pela experi\u00eancia espiritual de homens e mulheres negros, pobres e socialmente marginalizados. Resgatar essas ra\u00edzes n\u00e3o \u00e9 [&hellip;]","og_url":"https:\/\/radioportoseguro.com.br\/site\/2026\/01\/21\/as-raizes-negras-do-pentecostalismo\/","og_site_name":"R\u00e1dio Porto Seguro","article_published_time":"2026-01-21T05:51:37+00:00","og_image":[{"width":1200,"height":600,"url":"https:\/\/radioportoseguro.com.br\/site\/wp-content\/uploads\/2026\/01\/4118731414-seymour-farrow-e-mason.png","type":"image\/png"}],"author":"admin","twitter_card":"summary_large_image","twitter_misc":{"Escrito por":"admin","Est. tempo de leitura":"3 minutos"},"schema":{"@context":"https:\/\/schema.org","@graph":[{"@type":"Article","@id":"https:\/\/radioportoseguro.com.br\/site\/2026\/01\/21\/as-raizes-negras-do-pentecostalismo\/#article","isPartOf":{"@id":"https:\/\/radioportoseguro.com.br\/site\/2026\/01\/21\/as-raizes-negras-do-pentecostalismo\/"},"author":{"name":"admin","@id":"https:\/\/radioportoseguro.com.br\/site\/#\/schema\/person\/7630acdc320186f13639d3c067ec089b"},"headline":"As ra\u00edzes negras do pentecostalismo","datePublished":"2026-01-21T05:51:37+00:00","mainEntityOfPage":{"@id":"https:\/\/radioportoseguro.com.br\/site\/2026\/01\/21\/as-raizes-negras-do-pentecostalismo\/"},"wordCount":654,"image":{"@id":"https:\/\/radioportoseguro.com.br\/site\/2026\/01\/21\/as-raizes-negras-do-pentecostalismo\/#primaryimage"},"thumbnailUrl":"https:\/\/radioportoseguro.com.br\/site\/wp-content\/uploads\/2026\/01\/4118731414-seymour-farrow-e-mason.png","articleSection":["Destaques"],"inLanguage":"pt-BR"},{"@type":"WebPage","@id":"https:\/\/radioportoseguro.com.br\/site\/2026\/01\/21\/as-raizes-negras-do-pentecostalismo\/","url":"https:\/\/radioportoseguro.com.br\/site\/2026\/01\/21\/as-raizes-negras-do-pentecostalismo\/","name":"As ra\u00edzes negras do pentecostalismo - R\u00e1dio Porto Seguro","isPartOf":{"@id":"https:\/\/radioportoseguro.com.br\/site\/#website"},"primaryImageOfPage":{"@id":"https:\/\/radioportoseguro.com.br\/site\/2026\/01\/21\/as-raizes-negras-do-pentecostalismo\/#primaryimage"},"image":{"@id":"https:\/\/radioportoseguro.com.br\/site\/2026\/01\/21\/as-raizes-negras-do-pentecostalismo\/#primaryimage"},"thumbnailUrl":"https:\/\/radioportoseguro.com.br\/site\/wp-content\/uploads\/2026\/01\/4118731414-seymour-farrow-e-mason.png","datePublished":"2026-01-21T05:51:37+00:00","author":{"@id":"https:\/\/radioportoseguro.com.br\/site\/#\/schema\/person\/7630acdc320186f13639d3c067ec089b"},"breadcrumb":{"@id":"https:\/\/radioportoseguro.com.br\/site\/2026\/01\/21\/as-raizes-negras-do-pentecostalismo\/#breadcrumb"},"inLanguage":"pt-BR","potentialAction":[{"@type":"ReadAction","target":["https:\/\/radioportoseguro.com.br\/site\/2026\/01\/21\/as-raizes-negras-do-pentecostalismo\/"]}]},{"@type":"ImageObject","inLanguage":"pt-BR","@id":"https:\/\/radioportoseguro.com.br\/site\/2026\/01\/21\/as-raizes-negras-do-pentecostalismo\/#primaryimage","url":"https:\/\/radioportoseguro.com.br\/site\/wp-content\/uploads\/2026\/01\/4118731414-seymour-farrow-e-mason.png","contentUrl":"https:\/\/radioportoseguro.com.br\/site\/wp-content\/uploads\/2026\/01\/4118731414-seymour-farrow-e-mason.png","width":1200,"height":600},{"@type":"BreadcrumbList","@id":"https:\/\/radioportoseguro.com.br\/site\/2026\/01\/21\/as-raizes-negras-do-pentecostalismo\/#breadcrumb","itemListElement":[{"@type":"ListItem","position":1,"name":"In\u00edcio","item":"https:\/\/radioportoseguro.com.br\/site\/"},{"@type":"ListItem","position":2,"name":"As ra\u00edzes negras do pentecostalismo"}]},{"@type":"WebSite","@id":"https:\/\/radioportoseguro.com.br\/site\/#website","url":"https:\/\/radioportoseguro.com.br\/site\/","name":"R\u00e1dio Porto Seguro","description":"","potentialAction":[{"@type":"SearchAction","target":{"@type":"EntryPoint","urlTemplate":"https:\/\/radioportoseguro.com.br\/site\/?s={search_term_string}"},"query-input":{"@type":"PropertyValueSpecification","valueRequired":true,"valueName":"search_term_string"}}],"inLanguage":"pt-BR"},{"@type":"Person","@id":"https:\/\/radioportoseguro.com.br\/site\/#\/schema\/person\/7630acdc320186f13639d3c067ec089b","name":"admin","image":{"@type":"ImageObject","inLanguage":"pt-BR","@id":"https:\/\/radioportoseguro.com.br\/site\/#\/schema\/person\/image\/","url":"https:\/\/secure.gravatar.com\/avatar\/caacf4dc1eedb68fab0df8e1ed46c448e578b2466351bbcb61e47d2ac0caaef0?s=96&d=mm&r=g","contentUrl":"https:\/\/secure.gravatar.com\/avatar\/caacf4dc1eedb68fab0df8e1ed46c448e578b2466351bbcb61e47d2ac0caaef0?s=96&d=mm&r=g","caption":"admin"},"sameAs":["https:\/\/radioportoseguro.com.br\/site"],"url":"https:\/\/radioportoseguro.com.br\/site\/author\/hezio\/"}]}},"_links":{"self":[{"href":"https:\/\/radioportoseguro.com.br\/site\/wp-json\/wp\/v2\/posts\/3261","targetHints":{"allow":["GET"]}}],"collection":[{"href":"https:\/\/radioportoseguro.com.br\/site\/wp-json\/wp\/v2\/posts"}],"about":[{"href":"https:\/\/radioportoseguro.com.br\/site\/wp-json\/wp\/v2\/types\/post"}],"author":[{"embeddable":true,"href":"https:\/\/radioportoseguro.com.br\/site\/wp-json\/wp\/v2\/users\/1"}],"replies":[{"embeddable":true,"href":"https:\/\/radioportoseguro.com.br\/site\/wp-json\/wp\/v2\/comments?post=3261"}],"version-history":[{"count":0,"href":"https:\/\/radioportoseguro.com.br\/site\/wp-json\/wp\/v2\/posts\/3261\/revisions"}],"wp:featuredmedia":[{"embeddable":true,"href":"https:\/\/radioportoseguro.com.br\/site\/wp-json\/wp\/v2\/media\/3262"}],"wp:attachment":[{"href":"https:\/\/radioportoseguro.com.br\/site\/wp-json\/wp\/v2\/media?parent=3261"}],"wp:term":[{"taxonomy":"category","embeddable":true,"href":"https:\/\/radioportoseguro.com.br\/site\/wp-json\/wp\/v2\/categories?post=3261"},{"taxonomy":"post_tag","embeddable":true,"href":"https:\/\/radioportoseguro.com.br\/site\/wp-json\/wp\/v2\/tags?post=3261"}],"curies":[{"name":"wp","href":"https:\/\/api.w.org\/{rel}","templated":true}]}}