{"id":3279,"date":"2026-01-21T14:15:48","date_gmt":"2026-01-21T17:15:48","guid":{"rendered":"https:\/\/radioportoseguro.com.br\/site\/2026\/01\/21\/11-evangelicos-sao-presos-por-se-recusarem-a-participar-de-festa-catolica-no-mexico\/"},"modified":"2026-01-21T14:15:48","modified_gmt":"2026-01-21T17:15:48","slug":"11-evangelicos-sao-presos-por-se-recusarem-a-participar-de-festa-catolica-no-mexico","status":"publish","type":"post","link":"https:\/\/radioportoseguro.com.br\/site\/2026\/01\/21\/11-evangelicos-sao-presos-por-se-recusarem-a-participar-de-festa-catolica-no-mexico\/","title":{"rendered":"11 evang\u00e9licos s\u00e3o presos por se recusarem a participar de festa cat\u00f3lica no M\u00e9xico"},"content":{"rendered":"<p><br \/>\n<br \/><\/p>\n<div>\n<p><span style=\"font-weight: 400;\">Onze crist\u00e3os evang\u00e9licos foram presos na \u00faltima sexta-feira (16) por autoridades comunit\u00e1rias no <\/span><strong><span style=\"color: #993300;\">M\u00e9xico<\/span> <\/strong><span style=\"font-weight: 400;\">ap\u00f3s se recusarem a participar de uma festa cat\u00f3lica tradicional da comunidade.\u00a0<\/span><\/p>\n<p><span style=\"font-weight: 400;\">A pris\u00e3o ocorreu na comunidade de Pinar Salinas, no munic\u00edpio de Zinacant\u00e1n, nas Terras Altas de Chiapas, onde as autoridades exigiram o pagamento de uma multa de 100 mil pesos \u2014 cerca de R$ 30 mil \u2014 para libertar os detidos.<\/span><\/p>\n<p><span style=\"font-weight: 400;\">Segundo Antonio V\u00e1zquez M\u00e9ndez, representante dos evang\u00e9licos, a pris\u00e3o aconteceu por volta das 11h da manh\u00e3, quando autoridades locais, acompanhadas por outras pessoas, invadiram uma casa onde os crist\u00e3os estavam reunidos para um culto.\u00a0<\/span><\/p>\n<p><span style=\"font-weight: 400;\">Os 11 foram retirados \u00e0 for\u00e7a, agredidos e levados para a cadeia comunit\u00e1ria, onde permaneceram presos.<\/span><\/p>\n<p><span style=\"font-weight: 400;\">\u201cEstamos aqui para solicitar a interven\u00e7\u00e3o do governo estadual, porque o que est\u00e1 acontecendo n\u00e3o \u00e9 justo. N\u00e3o estamos nos anos 70 ou 80, estamos em 2026 e, infelizmente, a intoler\u00e2ncia religiosa ainda existe\u201d, denunciou V\u00e1zquez M\u00e9ndez \u00e0 imprensa.<\/span><\/p>\n<p><span style=\"font-weight: 400;\">Ap\u00f3s v\u00e1rias horas de reuni\u00e3o com autoridades locais e estaduais, incluindo o prefeito de Zinacant\u00e1n, Jos\u00e9 P\u00e9rez Mart\u00ednez, foi feito um acordo para libertar os crist\u00e3os sem o pagamento da multa.\u00a0<\/span><\/p>\n<p><span style=\"font-weight: 400;\">Conforme o Evang\u00e9lico Digital, mesmo depois de passarem dois dias detidos, os crist\u00e3os sofreram novas puni\u00e7\u00f5es quando o fornecimento de \u00e1gua e energia el\u00e9trica de suas casas foi cortado.<\/span><\/p>\n<p><strong>\u2018A persegui\u00e7\u00e3o aumentou\u2019<\/strong><\/p>\n<p><span style=\"font-weight: 400;\">As autoridades tradicionais do munic\u00edpio se recusaram a comentar as acusa\u00e7\u00f5es de intoler\u00e2ncia religiosa nesta \u00e1rea do Planalto de Chiapas.<\/span><\/p>\n<p><span style=\"font-weight: 400;\">De acordo com Antonio, esse n\u00e3o \u00e9 um caso isolado. Ele afirmou que o conflito religioso na regi\u00e3o existe desde pelo menos 2010, quando pessoas que se converteram ao cristianismo passaram a ser perseguidas, presas e privadas de servi\u00e7os b\u00e1sicos.<\/span><\/p>\n<p><span style=\"font-weight: 400;\">O l\u00edder informou que, h\u00e1 quase quatro anos, v\u00e1rias fam\u00edlias evang\u00e9licas vivem sem \u00e1gua, luz e sem acesso \u00e0 escola para seus filhos, al\u00e9m de sofrerem amea\u00e7as de expuls\u00e3o e at\u00e9 de morte.<\/span><\/p>\n<p><span style=\"font-weight: 400;\">\u201cQuando uma fam\u00edlia decide mudar de f\u00e9, o que fazem \u00e9 prend\u00ea-la, cortar seus servi\u00e7os e pression\u00e1-la at\u00e9 que mude de ideia. Mas esta fam\u00edlia se manteve firme, e \u00e9 por isso que a persegui\u00e7\u00e3o aumentou\u201d, afirmou ele.<\/span><\/p>\n<p><span style=\"font-weight: 400;\">Antonio tamb\u00e9m afirmou que a multa exigida n\u00e3o tem base legal, j\u00e1 que os evang\u00e9licos n\u00e3o cometeram nenhum crime. Ele ressaltou que, apesar das autoridades tentarem dizer que o caso n\u00e3o tem rela\u00e7\u00e3o com religi\u00e3o, a pris\u00e3o ocorreu durante um culto, o que comprova que se trata de persegui\u00e7\u00e3o religiosa.<\/span><\/p>\n<p><span style=\"font-weight: 400;\">Por fim, ele pediu que o governo estadual intervenha com urg\u00eancia, garanta o fim das pris\u00f5es e multas injustas e respeite a liberdade religiosa, garantida pela Constitui\u00e7\u00e3o do pa\u00eds.<\/span><\/p>\n<p><span style=\"font-weight: 400;\">\u201cQueremos viver em paz, harmonia e respeito. Que n\u00e3o haja mais viol\u00eancia nem expuls\u00f5es por motivos religiosos\u201d, concluiu.<\/span><\/p>\n<\/div>\n<p><br \/>\n<br \/>Fonte: Guiame <\/p>\n","protected":false},"excerpt":{"rendered":"<p>Onze crist\u00e3os evang\u00e9licos foram presos na \u00faltima sexta-feira (16) por autoridades comunit\u00e1rias no M\u00e9xico ap\u00f3s se recusarem a participar de uma festa cat\u00f3lica tradicional da comunidade.\u00a0 A pris\u00e3o ocorreu na comunidade de Pinar Salinas, no munic\u00edpio de Zinacant\u00e1n, nas Terras Altas de Chiapas, onde as autoridades exigiram o pagamento de uma multa de 100 mil [&hellip;]<\/p>\n","protected":false},"author":1,"featured_media":3280,"comment_status":"","ping_status":"open","sticky":false,"template":"","format":"standard","meta":{"footnotes":""},"categories":[43],"tags":[],"class_list":["post-3279","post","type-post","status-publish","format-standard","has-post-thumbnail","hentry","category-destaques"],"yoast_head":"<!-- This site is optimized with the Yoast SEO plugin v26.8 - https:\/\/yoast.com\/product\/yoast-seo-wordpress\/ -->\n<title>11 evang\u00e9licos s\u00e3o presos por se recusarem a participar de festa cat\u00f3lica no M\u00e9xico - R\u00e1dio Porto Seguro<\/title>\n<meta name=\"robots\" content=\"index, follow, max-snippet:-1, max-image-preview:large, max-video-preview:-1\" \/>\n<link rel=\"canonical\" href=\"https:\/\/radioportoseguro.com.br\/site\/2026\/01\/21\/11-evangelicos-sao-presos-por-se-recusarem-a-participar-de-festa-catolica-no-mexico\/\" \/>\n<meta property=\"og:locale\" content=\"pt_BR\" \/>\n<meta property=\"og:type\" content=\"article\" \/>\n<meta property=\"og:title\" content=\"11 evang\u00e9licos s\u00e3o presos por se recusarem a participar de festa cat\u00f3lica no M\u00e9xico - R\u00e1dio Porto Seguro\" \/>\n<meta property=\"og:description\" content=\"Onze crist\u00e3os evang\u00e9licos foram presos na \u00faltima sexta-feira (16) por autoridades comunit\u00e1rias no M\u00e9xico ap\u00f3s se recusarem a participar de uma festa cat\u00f3lica tradicional da comunidade.\u00a0 A pris\u00e3o ocorreu na comunidade de Pinar Salinas, no munic\u00edpio de Zinacant\u00e1n, nas Terras Altas de Chiapas, onde as autoridades exigiram o pagamento de uma multa de 100 mil [&hellip;]\" \/>\n<meta property=\"og:url\" content=\"https:\/\/radioportoseguro.com.br\/site\/2026\/01\/21\/11-evangelicos-sao-presos-por-se-recusarem-a-participar-de-festa-catolica-no-mexico\/\" \/>\n<meta property=\"og:site_name\" content=\"R\u00e1dio Porto Seguro\" \/>\n<meta property=\"article:published_time\" content=\"2026-01-21T17:15:48+00:00\" \/>\n<meta property=\"og:image\" content=\"https:\/\/radioportoseguro.com.br\/site\/wp-content\/uploads\/2026\/01\/2217430126-cristaos-perseguidos-no-mexico.jpeg\" \/>\n\t<meta property=\"og:image:width\" content=\"1200\" \/>\n\t<meta property=\"og:image:height\" content=\"600\" \/>\n\t<meta property=\"og:image:type\" content=\"image\/jpeg\" \/>\n<meta name=\"author\" content=\"admin\" \/>\n<meta name=\"twitter:card\" content=\"summary_large_image\" \/>\n<meta name=\"twitter:label1\" content=\"Escrito por\" \/>\n\t<meta name=\"twitter:data1\" content=\"admin\" \/>\n\t<meta name=\"twitter:label2\" content=\"Est. tempo de leitura\" \/>\n\t<meta name=\"twitter:data2\" content=\"3 minutos\" \/>\n<script type=\"application\/ld+json\" class=\"yoast-schema-graph\">{\"@context\":\"https:\/\/schema.org\",\"@graph\":[{\"@type\":\"Article\",\"@id\":\"https:\/\/radioportoseguro.com.br\/site\/2026\/01\/21\/11-evangelicos-sao-presos-por-se-recusarem-a-participar-de-festa-catolica-no-mexico\/#article\",\"isPartOf\":{\"@id\":\"https:\/\/radioportoseguro.com.br\/site\/2026\/01\/21\/11-evangelicos-sao-presos-por-se-recusarem-a-participar-de-festa-catolica-no-mexico\/\"},\"author\":{\"name\":\"admin\",\"@id\":\"https:\/\/radioportoseguro.com.br\/site\/#\/schema\/person\/7630acdc320186f13639d3c067ec089b\"},\"headline\":\"11 evang\u00e9licos s\u00e3o presos por se recusarem a participar de festa cat\u00f3lica no M\u00e9xico\",\"datePublished\":\"2026-01-21T17:15:48+00:00\",\"mainEntityOfPage\":{\"@id\":\"https:\/\/radioportoseguro.com.br\/site\/2026\/01\/21\/11-evangelicos-sao-presos-por-se-recusarem-a-participar-de-festa-catolica-no-mexico\/\"},\"wordCount\":521,\"image\":{\"@id\":\"https:\/\/radioportoseguro.com.br\/site\/2026\/01\/21\/11-evangelicos-sao-presos-por-se-recusarem-a-participar-de-festa-catolica-no-mexico\/#primaryimage\"},\"thumbnailUrl\":\"https:\/\/radioportoseguro.com.br\/site\/wp-content\/uploads\/2026\/01\/2217430126-cristaos-perseguidos-no-mexico.jpeg\",\"articleSection\":[\"Destaques\"],\"inLanguage\":\"pt-BR\"},{\"@type\":\"WebPage\",\"@id\":\"https:\/\/radioportoseguro.com.br\/site\/2026\/01\/21\/11-evangelicos-sao-presos-por-se-recusarem-a-participar-de-festa-catolica-no-mexico\/\",\"url\":\"https:\/\/radioportoseguro.com.br\/site\/2026\/01\/21\/11-evangelicos-sao-presos-por-se-recusarem-a-participar-de-festa-catolica-no-mexico\/\",\"name\":\"11 evang\u00e9licos s\u00e3o presos por se recusarem a participar de festa cat\u00f3lica no M\u00e9xico - R\u00e1dio Porto Seguro\",\"isPartOf\":{\"@id\":\"https:\/\/radioportoseguro.com.br\/site\/#website\"},\"primaryImageOfPage\":{\"@id\":\"https:\/\/radioportoseguro.com.br\/site\/2026\/01\/21\/11-evangelicos-sao-presos-por-se-recusarem-a-participar-de-festa-catolica-no-mexico\/#primaryimage\"},\"image\":{\"@id\":\"https:\/\/radioportoseguro.com.br\/site\/2026\/01\/21\/11-evangelicos-sao-presos-por-se-recusarem-a-participar-de-festa-catolica-no-mexico\/#primaryimage\"},\"thumbnailUrl\":\"https:\/\/radioportoseguro.com.br\/site\/wp-content\/uploads\/2026\/01\/2217430126-cristaos-perseguidos-no-mexico.jpeg\",\"datePublished\":\"2026-01-21T17:15:48+00:00\",\"author\":{\"@id\":\"https:\/\/radioportoseguro.com.br\/site\/#\/schema\/person\/7630acdc320186f13639d3c067ec089b\"},\"breadcrumb\":{\"@id\":\"https:\/\/radioportoseguro.com.br\/site\/2026\/01\/21\/11-evangelicos-sao-presos-por-se-recusarem-a-participar-de-festa-catolica-no-mexico\/#breadcrumb\"},\"inLanguage\":\"pt-BR\",\"potentialAction\":[{\"@type\":\"ReadAction\",\"target\":[\"https:\/\/radioportoseguro.com.br\/site\/2026\/01\/21\/11-evangelicos-sao-presos-por-se-recusarem-a-participar-de-festa-catolica-no-mexico\/\"]}]},{\"@type\":\"ImageObject\",\"inLanguage\":\"pt-BR\",\"@id\":\"https:\/\/radioportoseguro.com.br\/site\/2026\/01\/21\/11-evangelicos-sao-presos-por-se-recusarem-a-participar-de-festa-catolica-no-mexico\/#primaryimage\",\"url\":\"https:\/\/radioportoseguro.com.br\/site\/wp-content\/uploads\/2026\/01\/2217430126-cristaos-perseguidos-no-mexico.jpeg\",\"contentUrl\":\"https:\/\/radioportoseguro.com.br\/site\/wp-content\/uploads\/2026\/01\/2217430126-cristaos-perseguidos-no-mexico.jpeg\",\"width\":1200,\"height\":600},{\"@type\":\"BreadcrumbList\",\"@id\":\"https:\/\/radioportoseguro.com.br\/site\/2026\/01\/21\/11-evangelicos-sao-presos-por-se-recusarem-a-participar-de-festa-catolica-no-mexico\/#breadcrumb\",\"itemListElement\":[{\"@type\":\"ListItem\",\"position\":1,\"name\":\"In\u00edcio\",\"item\":\"https:\/\/radioportoseguro.com.br\/site\/\"},{\"@type\":\"ListItem\",\"position\":2,\"name\":\"11 evang\u00e9licos s\u00e3o presos por se recusarem a participar de festa cat\u00f3lica no M\u00e9xico\"}]},{\"@type\":\"WebSite\",\"@id\":\"https:\/\/radioportoseguro.com.br\/site\/#website\",\"url\":\"https:\/\/radioportoseguro.com.br\/site\/\",\"name\":\"R\u00e1dio Porto Seguro\",\"description\":\"\",\"potentialAction\":[{\"@type\":\"SearchAction\",\"target\":{\"@type\":\"EntryPoint\",\"urlTemplate\":\"https:\/\/radioportoseguro.com.br\/site\/?s={search_term_string}\"},\"query-input\":{\"@type\":\"PropertyValueSpecification\",\"valueRequired\":true,\"valueName\":\"search_term_string\"}}],\"inLanguage\":\"pt-BR\"},{\"@type\":\"Person\",\"@id\":\"https:\/\/radioportoseguro.com.br\/site\/#\/schema\/person\/7630acdc320186f13639d3c067ec089b\",\"name\":\"admin\",\"image\":{\"@type\":\"ImageObject\",\"inLanguage\":\"pt-BR\",\"@id\":\"https:\/\/radioportoseguro.com.br\/site\/#\/schema\/person\/image\/\",\"url\":\"https:\/\/secure.gravatar.com\/avatar\/caacf4dc1eedb68fab0df8e1ed46c448e578b2466351bbcb61e47d2ac0caaef0?s=96&d=mm&r=g\",\"contentUrl\":\"https:\/\/secure.gravatar.com\/avatar\/caacf4dc1eedb68fab0df8e1ed46c448e578b2466351bbcb61e47d2ac0caaef0?s=96&d=mm&r=g\",\"caption\":\"admin\"},\"sameAs\":[\"https:\/\/radioportoseguro.com.br\/site\"],\"url\":\"https:\/\/radioportoseguro.com.br\/site\/author\/hezio\/\"}]}<\/script>\n<!-- \/ Yoast SEO plugin. -->","yoast_head_json":{"title":"11 evang\u00e9licos s\u00e3o presos por se recusarem a participar de festa cat\u00f3lica no M\u00e9xico - R\u00e1dio Porto Seguro","robots":{"index":"index","follow":"follow","max-snippet":"max-snippet:-1","max-image-preview":"max-image-preview:large","max-video-preview":"max-video-preview:-1"},"canonical":"https:\/\/radioportoseguro.com.br\/site\/2026\/01\/21\/11-evangelicos-sao-presos-por-se-recusarem-a-participar-de-festa-catolica-no-mexico\/","og_locale":"pt_BR","og_type":"article","og_title":"11 evang\u00e9licos s\u00e3o presos por se recusarem a participar de festa cat\u00f3lica no M\u00e9xico - R\u00e1dio Porto Seguro","og_description":"Onze crist\u00e3os evang\u00e9licos foram presos na \u00faltima sexta-feira (16) por autoridades comunit\u00e1rias no M\u00e9xico ap\u00f3s se recusarem a participar de uma festa cat\u00f3lica tradicional da comunidade.\u00a0 A pris\u00e3o ocorreu na comunidade de Pinar Salinas, no munic\u00edpio de Zinacant\u00e1n, nas Terras Altas de Chiapas, onde as autoridades exigiram o pagamento de uma multa de 100 mil [&hellip;]","og_url":"https:\/\/radioportoseguro.com.br\/site\/2026\/01\/21\/11-evangelicos-sao-presos-por-se-recusarem-a-participar-de-festa-catolica-no-mexico\/","og_site_name":"R\u00e1dio Porto Seguro","article_published_time":"2026-01-21T17:15:48+00:00","og_image":[{"width":1200,"height":600,"url":"https:\/\/radioportoseguro.com.br\/site\/wp-content\/uploads\/2026\/01\/2217430126-cristaos-perseguidos-no-mexico.jpeg","type":"image\/jpeg"}],"author":"admin","twitter_card":"summary_large_image","twitter_misc":{"Escrito por":"admin","Est. tempo de leitura":"3 minutos"},"schema":{"@context":"https:\/\/schema.org","@graph":[{"@type":"Article","@id":"https:\/\/radioportoseguro.com.br\/site\/2026\/01\/21\/11-evangelicos-sao-presos-por-se-recusarem-a-participar-de-festa-catolica-no-mexico\/#article","isPartOf":{"@id":"https:\/\/radioportoseguro.com.br\/site\/2026\/01\/21\/11-evangelicos-sao-presos-por-se-recusarem-a-participar-de-festa-catolica-no-mexico\/"},"author":{"name":"admin","@id":"https:\/\/radioportoseguro.com.br\/site\/#\/schema\/person\/7630acdc320186f13639d3c067ec089b"},"headline":"11 evang\u00e9licos s\u00e3o presos por se recusarem a participar de festa cat\u00f3lica no M\u00e9xico","datePublished":"2026-01-21T17:15:48+00:00","mainEntityOfPage":{"@id":"https:\/\/radioportoseguro.com.br\/site\/2026\/01\/21\/11-evangelicos-sao-presos-por-se-recusarem-a-participar-de-festa-catolica-no-mexico\/"},"wordCount":521,"image":{"@id":"https:\/\/radioportoseguro.com.br\/site\/2026\/01\/21\/11-evangelicos-sao-presos-por-se-recusarem-a-participar-de-festa-catolica-no-mexico\/#primaryimage"},"thumbnailUrl":"https:\/\/radioportoseguro.com.br\/site\/wp-content\/uploads\/2026\/01\/2217430126-cristaos-perseguidos-no-mexico.jpeg","articleSection":["Destaques"],"inLanguage":"pt-BR"},{"@type":"WebPage","@id":"https:\/\/radioportoseguro.com.br\/site\/2026\/01\/21\/11-evangelicos-sao-presos-por-se-recusarem-a-participar-de-festa-catolica-no-mexico\/","url":"https:\/\/radioportoseguro.com.br\/site\/2026\/01\/21\/11-evangelicos-sao-presos-por-se-recusarem-a-participar-de-festa-catolica-no-mexico\/","name":"11 evang\u00e9licos s\u00e3o presos por se recusarem a participar de festa cat\u00f3lica no M\u00e9xico - R\u00e1dio Porto Seguro","isPartOf":{"@id":"https:\/\/radioportoseguro.com.br\/site\/#website"},"primaryImageOfPage":{"@id":"https:\/\/radioportoseguro.com.br\/site\/2026\/01\/21\/11-evangelicos-sao-presos-por-se-recusarem-a-participar-de-festa-catolica-no-mexico\/#primaryimage"},"image":{"@id":"https:\/\/radioportoseguro.com.br\/site\/2026\/01\/21\/11-evangelicos-sao-presos-por-se-recusarem-a-participar-de-festa-catolica-no-mexico\/#primaryimage"},"thumbnailUrl":"https:\/\/radioportoseguro.com.br\/site\/wp-content\/uploads\/2026\/01\/2217430126-cristaos-perseguidos-no-mexico.jpeg","datePublished":"2026-01-21T17:15:48+00:00","author":{"@id":"https:\/\/radioportoseguro.com.br\/site\/#\/schema\/person\/7630acdc320186f13639d3c067ec089b"},"breadcrumb":{"@id":"https:\/\/radioportoseguro.com.br\/site\/2026\/01\/21\/11-evangelicos-sao-presos-por-se-recusarem-a-participar-de-festa-catolica-no-mexico\/#breadcrumb"},"inLanguage":"pt-BR","potentialAction":[{"@type":"ReadAction","target":["https:\/\/radioportoseguro.com.br\/site\/2026\/01\/21\/11-evangelicos-sao-presos-por-se-recusarem-a-participar-de-festa-catolica-no-mexico\/"]}]},{"@type":"ImageObject","inLanguage":"pt-BR","@id":"https:\/\/radioportoseguro.com.br\/site\/2026\/01\/21\/11-evangelicos-sao-presos-por-se-recusarem-a-participar-de-festa-catolica-no-mexico\/#primaryimage","url":"https:\/\/radioportoseguro.com.br\/site\/wp-content\/uploads\/2026\/01\/2217430126-cristaos-perseguidos-no-mexico.jpeg","contentUrl":"https:\/\/radioportoseguro.com.br\/site\/wp-content\/uploads\/2026\/01\/2217430126-cristaos-perseguidos-no-mexico.jpeg","width":1200,"height":600},{"@type":"BreadcrumbList","@id":"https:\/\/radioportoseguro.com.br\/site\/2026\/01\/21\/11-evangelicos-sao-presos-por-se-recusarem-a-participar-de-festa-catolica-no-mexico\/#breadcrumb","itemListElement":[{"@type":"ListItem","position":1,"name":"In\u00edcio","item":"https:\/\/radioportoseguro.com.br\/site\/"},{"@type":"ListItem","position":2,"name":"11 evang\u00e9licos s\u00e3o presos por se recusarem a participar de festa cat\u00f3lica no M\u00e9xico"}]},{"@type":"WebSite","@id":"https:\/\/radioportoseguro.com.br\/site\/#website","url":"https:\/\/radioportoseguro.com.br\/site\/","name":"R\u00e1dio Porto Seguro","description":"","potentialAction":[{"@type":"SearchAction","target":{"@type":"EntryPoint","urlTemplate":"https:\/\/radioportoseguro.com.br\/site\/?s={search_term_string}"},"query-input":{"@type":"PropertyValueSpecification","valueRequired":true,"valueName":"search_term_string"}}],"inLanguage":"pt-BR"},{"@type":"Person","@id":"https:\/\/radioportoseguro.com.br\/site\/#\/schema\/person\/7630acdc320186f13639d3c067ec089b","name":"admin","image":{"@type":"ImageObject","inLanguage":"pt-BR","@id":"https:\/\/radioportoseguro.com.br\/site\/#\/schema\/person\/image\/","url":"https:\/\/secure.gravatar.com\/avatar\/caacf4dc1eedb68fab0df8e1ed46c448e578b2466351bbcb61e47d2ac0caaef0?s=96&d=mm&r=g","contentUrl":"https:\/\/secure.gravatar.com\/avatar\/caacf4dc1eedb68fab0df8e1ed46c448e578b2466351bbcb61e47d2ac0caaef0?s=96&d=mm&r=g","caption":"admin"},"sameAs":["https:\/\/radioportoseguro.com.br\/site"],"url":"https:\/\/radioportoseguro.com.br\/site\/author\/hezio\/"}]}},"_links":{"self":[{"href":"https:\/\/radioportoseguro.com.br\/site\/wp-json\/wp\/v2\/posts\/3279","targetHints":{"allow":["GET"]}}],"collection":[{"href":"https:\/\/radioportoseguro.com.br\/site\/wp-json\/wp\/v2\/posts"}],"about":[{"href":"https:\/\/radioportoseguro.com.br\/site\/wp-json\/wp\/v2\/types\/post"}],"author":[{"embeddable":true,"href":"https:\/\/radioportoseguro.com.br\/site\/wp-json\/wp\/v2\/users\/1"}],"replies":[{"embeddable":true,"href":"https:\/\/radioportoseguro.com.br\/site\/wp-json\/wp\/v2\/comments?post=3279"}],"version-history":[{"count":0,"href":"https:\/\/radioportoseguro.com.br\/site\/wp-json\/wp\/v2\/posts\/3279\/revisions"}],"wp:featuredmedia":[{"embeddable":true,"href":"https:\/\/radioportoseguro.com.br\/site\/wp-json\/wp\/v2\/media\/3280"}],"wp:attachment":[{"href":"https:\/\/radioportoseguro.com.br\/site\/wp-json\/wp\/v2\/media?parent=3279"}],"wp:term":[{"taxonomy":"category","embeddable":true,"href":"https:\/\/radioportoseguro.com.br\/site\/wp-json\/wp\/v2\/categories?post=3279"},{"taxonomy":"post_tag","embeddable":true,"href":"https:\/\/radioportoseguro.com.br\/site\/wp-json\/wp\/v2\/tags?post=3279"}],"curies":[{"name":"wp","href":"https:\/\/api.w.org\/{rel}","templated":true}]}}