{"id":3295,"date":"2026-01-22T05:25:16","date_gmt":"2026-01-22T08:25:16","guid":{"rendered":"https:\/\/radioportoseguro.com.br\/site\/2026\/01\/22\/igor-roque-apresenta-dia-mau-espontaneo\/"},"modified":"2026-01-22T05:25:16","modified_gmt":"2026-01-22T08:25:16","slug":"igor-roque-apresenta-dia-mau-espontaneo","status":"publish","type":"post","link":"https:\/\/radioportoseguro.com.br\/site\/2026\/01\/22\/igor-roque-apresenta-dia-mau-espontaneo\/","title":{"rendered":"Igor Roque apresenta \u201cDia Mau + Espont\u00e2neo\u201d"},"content":{"rendered":"<p><br \/>\n<\/p>\n<div id=\"post-body-3193347292345991466\" itemprop=\"articleBody\">\n<meta content=\"O cantor e compositor carioca Igor Roque, um dos nomes mais promissores da nova gera\u00e7\u00e3o da m\u00fasica crist\u00e3 brasileira, apresentou nesta ter\u00e7a-...\" name=\"twitter:description\"\/><\/p>\n<p><!-- Postagens --><\/p>\n<div class=\"separator\" style=\"clear: both; text-align: center;\"><\/div>\n<p><span style=\"font-family: helvetica;\"><br \/>O cantor e compositor carioca Igor Roque, um dos nomes mais promissores da nova gera\u00e7\u00e3o da m\u00fasica crist\u00e3 brasileira, apresentou nesta ter\u00e7a-feira (20) uma nova e emocionante vers\u00e3o da can\u00e7\u00e3o autoral \u201cDia Mau\u201d, acompanhada de um espont\u00e2neo.<\/p>\n<p>\u201cEssa vers\u00e3o de \u2018Dia Mau\u2019 \u00e9 como um resgate, um lembrete de que, mesmo em tempos dif\u00edceis, existe um Deus que cuida de n\u00f3s. Carrega um sentimento de reorganiza\u00e7\u00e3o emocional, de conex\u00e3o com Deus, de encontrar paz em momentos dif\u00edceis\u201d, afirma.<\/p>\n<p><\/span><\/p>\n<div><span style=\"font-family: helvetica;\">Nascido em Nova Igua\u00e7u, no Rio de Janeiro, Igor iniciou sua trajet\u00f3ria musical ainda na inf\u00e2ncia, aos sete anos, estudando viol\u00e3o.<\/span><\/p>\n<div><span style=\"font-family: helvetica;\"><br \/>O artista faz parte atualmente do cast da Universal Music Christian Group e coleciona lan\u00e7amentos de grande impacto, como os singles \u201cSinto Tanta Falta\u201d, \u201cComo Ser\u00e1 o Amanh\u00e3\u201d e \u201cT\u00e1 Chorando Por Qu\u00ea?\u201d, que contribu\u00edram para Igor somar mais de 30 milh\u00f5es de visualiza\u00e7\u00f5es no YouTube e 60 milh\u00f5es de streams no Spotify.<\/p>\n<p>Ou\u00e7a agora \u201cDia Mau + Espont\u00e2neo\u201d, de Igor Roque.<\/p>\n<p><\/span><br \/>\n<iframe allow=\"autoplay; clipboard-write; encrypted-media; fullscreen; picture-in-picture\" allowfullscreen=\"\" frameborder=\"0\" height=\"152\" loading=\"lazy\" src=\"https:\/\/open.spotify.com\/embed\/album\/4SQgggBfjXaBwJh0LcTAQV?utm_source=generator&amp;theme=0\" style=\"border-radius: 12px;\" width=\"100%\"><\/iframe><\/div>\n<\/div>\n<\/div>\n<p><script src=\"https:\/\/connect.facebook.net\/pt_BR\/all.js#xfbml=1\"><\/script><script>\n\/\/<![CDATA[\n(function(d, s, id) {\n  var js, fjs = d.getElementsByTagName(s)[0];\n  if (d.getElementById(id)) return;\n  js = d.createElement(s); js.id = id;\n  js.src = \"\/\/connect.facebook.net\/en_US\/sdk.js#xfbml=1&#038;version=v2.5\";\n  fjs.parentNode.insertBefore(js, fjs);\n}(document, 'script', 'facebook-jssdk'));\n\/\/]]>\ngoogle.com, pub-1504690508349431, DIRECT, f08c47fec0942fa0\n<\/script><br \/>\n<br \/><br \/>\n<br \/>Fonte: News Gospel<\/p>\n","protected":false},"excerpt":{"rendered":"<p>O cantor e compositor carioca Igor Roque, um dos nomes mais promissores da nova gera\u00e7\u00e3o da m\u00fasica crist\u00e3 brasileira, apresentou nesta ter\u00e7a-feira (20) uma nova e emocionante vers\u00e3o da can\u00e7\u00e3o autoral \u201cDia Mau\u201d, acompanhada de um espont\u00e2neo. \u201cEssa vers\u00e3o de \u2018Dia Mau\u2019 \u00e9 como um resgate, um lembrete de que, mesmo em tempos dif\u00edceis, existe [&hellip;]<\/p>\n","protected":false},"author":1,"featured_media":3296,"comment_status":"","ping_status":"open","sticky":false,"template":"","format":"standard","meta":{"footnotes":""},"categories":[4],"tags":[],"class_list":["post-3295","post","type-post","status-publish","format-standard","has-post-thumbnail","hentry","category-musica"],"yoast_head":"<!-- This site is optimized with the Yoast SEO plugin v26.8 - https:\/\/yoast.com\/product\/yoast-seo-wordpress\/ -->\n<title>Igor Roque apresenta \u201cDia Mau + Espont\u00e2neo\u201d - R\u00e1dio Porto Seguro<\/title>\n<meta name=\"robots\" content=\"index, follow, max-snippet:-1, max-image-preview:large, max-video-preview:-1\" \/>\n<link rel=\"canonical\" href=\"https:\/\/radioportoseguro.com.br\/site\/2026\/01\/22\/igor-roque-apresenta-dia-mau-espontaneo\/\" \/>\n<meta property=\"og:locale\" content=\"pt_BR\" \/>\n<meta property=\"og:type\" content=\"article\" \/>\n<meta property=\"og:title\" content=\"Igor Roque apresenta \u201cDia Mau + Espont\u00e2neo\u201d - R\u00e1dio Porto Seguro\" \/>\n<meta property=\"og:description\" content=\"O cantor e compositor carioca Igor Roque, um dos nomes mais promissores da nova gera\u00e7\u00e3o da m\u00fasica crist\u00e3 brasileira, apresentou nesta ter\u00e7a-feira (20) uma nova e emocionante vers\u00e3o da can\u00e7\u00e3o autoral \u201cDia Mau\u201d, acompanhada de um espont\u00e2neo. \u201cEssa vers\u00e3o de \u2018Dia Mau\u2019 \u00e9 como um resgate, um lembrete de que, mesmo em tempos dif\u00edceis, existe [&hellip;]\" \/>\n<meta property=\"og:url\" content=\"https:\/\/radioportoseguro.com.br\/site\/2026\/01\/22\/igor-roque-apresenta-dia-mau-espontaneo\/\" \/>\n<meta property=\"og:site_name\" content=\"R\u00e1dio Porto Seguro\" \/>\n<meta property=\"article:published_time\" content=\"2026-01-22T08:25:16+00:00\" \/>\n<meta property=\"og:image\" content=\"https:\/\/radioportoseguro.com.br\/site\/wp-content\/uploads\/2026\/01\/SaveClip.App_469737698_18286557229240580_5168838949125881448_n.jpg\" \/>\n\t<meta property=\"og:image:width\" content=\"1080\" \/>\n\t<meta property=\"og:image:height\" content=\"630\" \/>\n\t<meta property=\"og:image:type\" content=\"image\/jpeg\" \/>\n<meta name=\"author\" content=\"admin\" \/>\n<meta name=\"twitter:card\" content=\"summary_large_image\" \/>\n<meta name=\"twitter:label1\" content=\"Escrito por\" \/>\n\t<meta name=\"twitter:data1\" content=\"admin\" \/>\n\t<meta name=\"twitter:label2\" content=\"Est. tempo de leitura\" \/>\n\t<meta name=\"twitter:data2\" content=\"1 minuto\" \/>\n<script type=\"application\/ld+json\" class=\"yoast-schema-graph\">{\"@context\":\"https:\/\/schema.org\",\"@graph\":[{\"@type\":\"Article\",\"@id\":\"https:\/\/radioportoseguro.com.br\/site\/2026\/01\/22\/igor-roque-apresenta-dia-mau-espontaneo\/#article\",\"isPartOf\":{\"@id\":\"https:\/\/radioportoseguro.com.br\/site\/2026\/01\/22\/igor-roque-apresenta-dia-mau-espontaneo\/\"},\"author\":{\"name\":\"admin\",\"@id\":\"https:\/\/radioportoseguro.com.br\/site\/#\/schema\/person\/7630acdc320186f13639d3c067ec089b\"},\"headline\":\"Igor Roque apresenta \u201cDia Mau + Espont\u00e2neo\u201d\",\"datePublished\":\"2026-01-22T08:25:16+00:00\",\"mainEntityOfPage\":{\"@id\":\"https:\/\/radioportoseguro.com.br\/site\/2026\/01\/22\/igor-roque-apresenta-dia-mau-espontaneo\/\"},\"wordCount\":191,\"image\":{\"@id\":\"https:\/\/radioportoseguro.com.br\/site\/2026\/01\/22\/igor-roque-apresenta-dia-mau-espontaneo\/#primaryimage\"},\"thumbnailUrl\":\"https:\/\/radioportoseguro.com.br\/site\/wp-content\/uploads\/2026\/01\/SaveClip.App_469737698_18286557229240580_5168838949125881448_n.jpg\",\"articleSection\":[\"M\u00fasica\"],\"inLanguage\":\"pt-BR\"},{\"@type\":\"WebPage\",\"@id\":\"https:\/\/radioportoseguro.com.br\/site\/2026\/01\/22\/igor-roque-apresenta-dia-mau-espontaneo\/\",\"url\":\"https:\/\/radioportoseguro.com.br\/site\/2026\/01\/22\/igor-roque-apresenta-dia-mau-espontaneo\/\",\"name\":\"Igor Roque apresenta \u201cDia Mau + Espont\u00e2neo\u201d - R\u00e1dio Porto Seguro\",\"isPartOf\":{\"@id\":\"https:\/\/radioportoseguro.com.br\/site\/#website\"},\"primaryImageOfPage\":{\"@id\":\"https:\/\/radioportoseguro.com.br\/site\/2026\/01\/22\/igor-roque-apresenta-dia-mau-espontaneo\/#primaryimage\"},\"image\":{\"@id\":\"https:\/\/radioportoseguro.com.br\/site\/2026\/01\/22\/igor-roque-apresenta-dia-mau-espontaneo\/#primaryimage\"},\"thumbnailUrl\":\"https:\/\/radioportoseguro.com.br\/site\/wp-content\/uploads\/2026\/01\/SaveClip.App_469737698_18286557229240580_5168838949125881448_n.jpg\",\"datePublished\":\"2026-01-22T08:25:16+00:00\",\"author\":{\"@id\":\"https:\/\/radioportoseguro.com.br\/site\/#\/schema\/person\/7630acdc320186f13639d3c067ec089b\"},\"breadcrumb\":{\"@id\":\"https:\/\/radioportoseguro.com.br\/site\/2026\/01\/22\/igor-roque-apresenta-dia-mau-espontaneo\/#breadcrumb\"},\"inLanguage\":\"pt-BR\",\"potentialAction\":[{\"@type\":\"ReadAction\",\"target\":[\"https:\/\/radioportoseguro.com.br\/site\/2026\/01\/22\/igor-roque-apresenta-dia-mau-espontaneo\/\"]}]},{\"@type\":\"ImageObject\",\"inLanguage\":\"pt-BR\",\"@id\":\"https:\/\/radioportoseguro.com.br\/site\/2026\/01\/22\/igor-roque-apresenta-dia-mau-espontaneo\/#primaryimage\",\"url\":\"https:\/\/radioportoseguro.com.br\/site\/wp-content\/uploads\/2026\/01\/SaveClip.App_469737698_18286557229240580_5168838949125881448_n.jpg\",\"contentUrl\":\"https:\/\/radioportoseguro.com.br\/site\/wp-content\/uploads\/2026\/01\/SaveClip.App_469737698_18286557229240580_5168838949125881448_n.jpg\",\"width\":1080,\"height\":630},{\"@type\":\"BreadcrumbList\",\"@id\":\"https:\/\/radioportoseguro.com.br\/site\/2026\/01\/22\/igor-roque-apresenta-dia-mau-espontaneo\/#breadcrumb\",\"itemListElement\":[{\"@type\":\"ListItem\",\"position\":1,\"name\":\"In\u00edcio\",\"item\":\"https:\/\/radioportoseguro.com.br\/site\/\"},{\"@type\":\"ListItem\",\"position\":2,\"name\":\"Igor Roque apresenta \u201cDia Mau + Espont\u00e2neo\u201d\"}]},{\"@type\":\"WebSite\",\"@id\":\"https:\/\/radioportoseguro.com.br\/site\/#website\",\"url\":\"https:\/\/radioportoseguro.com.br\/site\/\",\"name\":\"R\u00e1dio Porto Seguro\",\"description\":\"\",\"potentialAction\":[{\"@type\":\"SearchAction\",\"target\":{\"@type\":\"EntryPoint\",\"urlTemplate\":\"https:\/\/radioportoseguro.com.br\/site\/?s={search_term_string}\"},\"query-input\":{\"@type\":\"PropertyValueSpecification\",\"valueRequired\":true,\"valueName\":\"search_term_string\"}}],\"inLanguage\":\"pt-BR\"},{\"@type\":\"Person\",\"@id\":\"https:\/\/radioportoseguro.com.br\/site\/#\/schema\/person\/7630acdc320186f13639d3c067ec089b\",\"name\":\"admin\",\"image\":{\"@type\":\"ImageObject\",\"inLanguage\":\"pt-BR\",\"@id\":\"https:\/\/radioportoseguro.com.br\/site\/#\/schema\/person\/image\/\",\"url\":\"https:\/\/secure.gravatar.com\/avatar\/caacf4dc1eedb68fab0df8e1ed46c448e578b2466351bbcb61e47d2ac0caaef0?s=96&d=mm&r=g\",\"contentUrl\":\"https:\/\/secure.gravatar.com\/avatar\/caacf4dc1eedb68fab0df8e1ed46c448e578b2466351bbcb61e47d2ac0caaef0?s=96&d=mm&r=g\",\"caption\":\"admin\"},\"sameAs\":[\"https:\/\/radioportoseguro.com.br\/site\"],\"url\":\"https:\/\/radioportoseguro.com.br\/site\/author\/hezio\/\"}]}<\/script>\n<!-- \/ Yoast SEO plugin. -->","yoast_head_json":{"title":"Igor Roque apresenta \u201cDia Mau + Espont\u00e2neo\u201d - R\u00e1dio Porto Seguro","robots":{"index":"index","follow":"follow","max-snippet":"max-snippet:-1","max-image-preview":"max-image-preview:large","max-video-preview":"max-video-preview:-1"},"canonical":"https:\/\/radioportoseguro.com.br\/site\/2026\/01\/22\/igor-roque-apresenta-dia-mau-espontaneo\/","og_locale":"pt_BR","og_type":"article","og_title":"Igor Roque apresenta \u201cDia Mau + Espont\u00e2neo\u201d - R\u00e1dio Porto Seguro","og_description":"O cantor e compositor carioca Igor Roque, um dos nomes mais promissores da nova gera\u00e7\u00e3o da m\u00fasica crist\u00e3 brasileira, apresentou nesta ter\u00e7a-feira (20) uma nova e emocionante vers\u00e3o da can\u00e7\u00e3o autoral \u201cDia Mau\u201d, acompanhada de um espont\u00e2neo. \u201cEssa vers\u00e3o de \u2018Dia Mau\u2019 \u00e9 como um resgate, um lembrete de que, mesmo em tempos dif\u00edceis, existe [&hellip;]","og_url":"https:\/\/radioportoseguro.com.br\/site\/2026\/01\/22\/igor-roque-apresenta-dia-mau-espontaneo\/","og_site_name":"R\u00e1dio Porto Seguro","article_published_time":"2026-01-22T08:25:16+00:00","og_image":[{"width":1080,"height":630,"url":"https:\/\/radioportoseguro.com.br\/site\/wp-content\/uploads\/2026\/01\/SaveClip.App_469737698_18286557229240580_5168838949125881448_n.jpg","type":"image\/jpeg"}],"author":"admin","twitter_card":"summary_large_image","twitter_misc":{"Escrito por":"admin","Est. tempo de leitura":"1 minuto"},"schema":{"@context":"https:\/\/schema.org","@graph":[{"@type":"Article","@id":"https:\/\/radioportoseguro.com.br\/site\/2026\/01\/22\/igor-roque-apresenta-dia-mau-espontaneo\/#article","isPartOf":{"@id":"https:\/\/radioportoseguro.com.br\/site\/2026\/01\/22\/igor-roque-apresenta-dia-mau-espontaneo\/"},"author":{"name":"admin","@id":"https:\/\/radioportoseguro.com.br\/site\/#\/schema\/person\/7630acdc320186f13639d3c067ec089b"},"headline":"Igor Roque apresenta \u201cDia Mau + Espont\u00e2neo\u201d","datePublished":"2026-01-22T08:25:16+00:00","mainEntityOfPage":{"@id":"https:\/\/radioportoseguro.com.br\/site\/2026\/01\/22\/igor-roque-apresenta-dia-mau-espontaneo\/"},"wordCount":191,"image":{"@id":"https:\/\/radioportoseguro.com.br\/site\/2026\/01\/22\/igor-roque-apresenta-dia-mau-espontaneo\/#primaryimage"},"thumbnailUrl":"https:\/\/radioportoseguro.com.br\/site\/wp-content\/uploads\/2026\/01\/SaveClip.App_469737698_18286557229240580_5168838949125881448_n.jpg","articleSection":["M\u00fasica"],"inLanguage":"pt-BR"},{"@type":"WebPage","@id":"https:\/\/radioportoseguro.com.br\/site\/2026\/01\/22\/igor-roque-apresenta-dia-mau-espontaneo\/","url":"https:\/\/radioportoseguro.com.br\/site\/2026\/01\/22\/igor-roque-apresenta-dia-mau-espontaneo\/","name":"Igor Roque apresenta \u201cDia Mau + Espont\u00e2neo\u201d - R\u00e1dio Porto Seguro","isPartOf":{"@id":"https:\/\/radioportoseguro.com.br\/site\/#website"},"primaryImageOfPage":{"@id":"https:\/\/radioportoseguro.com.br\/site\/2026\/01\/22\/igor-roque-apresenta-dia-mau-espontaneo\/#primaryimage"},"image":{"@id":"https:\/\/radioportoseguro.com.br\/site\/2026\/01\/22\/igor-roque-apresenta-dia-mau-espontaneo\/#primaryimage"},"thumbnailUrl":"https:\/\/radioportoseguro.com.br\/site\/wp-content\/uploads\/2026\/01\/SaveClip.App_469737698_18286557229240580_5168838949125881448_n.jpg","datePublished":"2026-01-22T08:25:16+00:00","author":{"@id":"https:\/\/radioportoseguro.com.br\/site\/#\/schema\/person\/7630acdc320186f13639d3c067ec089b"},"breadcrumb":{"@id":"https:\/\/radioportoseguro.com.br\/site\/2026\/01\/22\/igor-roque-apresenta-dia-mau-espontaneo\/#breadcrumb"},"inLanguage":"pt-BR","potentialAction":[{"@type":"ReadAction","target":["https:\/\/radioportoseguro.com.br\/site\/2026\/01\/22\/igor-roque-apresenta-dia-mau-espontaneo\/"]}]},{"@type":"ImageObject","inLanguage":"pt-BR","@id":"https:\/\/radioportoseguro.com.br\/site\/2026\/01\/22\/igor-roque-apresenta-dia-mau-espontaneo\/#primaryimage","url":"https:\/\/radioportoseguro.com.br\/site\/wp-content\/uploads\/2026\/01\/SaveClip.App_469737698_18286557229240580_5168838949125881448_n.jpg","contentUrl":"https:\/\/radioportoseguro.com.br\/site\/wp-content\/uploads\/2026\/01\/SaveClip.App_469737698_18286557229240580_5168838949125881448_n.jpg","width":1080,"height":630},{"@type":"BreadcrumbList","@id":"https:\/\/radioportoseguro.com.br\/site\/2026\/01\/22\/igor-roque-apresenta-dia-mau-espontaneo\/#breadcrumb","itemListElement":[{"@type":"ListItem","position":1,"name":"In\u00edcio","item":"https:\/\/radioportoseguro.com.br\/site\/"},{"@type":"ListItem","position":2,"name":"Igor Roque apresenta \u201cDia Mau + Espont\u00e2neo\u201d"}]},{"@type":"WebSite","@id":"https:\/\/radioportoseguro.com.br\/site\/#website","url":"https:\/\/radioportoseguro.com.br\/site\/","name":"R\u00e1dio Porto Seguro","description":"","potentialAction":[{"@type":"SearchAction","target":{"@type":"EntryPoint","urlTemplate":"https:\/\/radioportoseguro.com.br\/site\/?s={search_term_string}"},"query-input":{"@type":"PropertyValueSpecification","valueRequired":true,"valueName":"search_term_string"}}],"inLanguage":"pt-BR"},{"@type":"Person","@id":"https:\/\/radioportoseguro.com.br\/site\/#\/schema\/person\/7630acdc320186f13639d3c067ec089b","name":"admin","image":{"@type":"ImageObject","inLanguage":"pt-BR","@id":"https:\/\/radioportoseguro.com.br\/site\/#\/schema\/person\/image\/","url":"https:\/\/secure.gravatar.com\/avatar\/caacf4dc1eedb68fab0df8e1ed46c448e578b2466351bbcb61e47d2ac0caaef0?s=96&d=mm&r=g","contentUrl":"https:\/\/secure.gravatar.com\/avatar\/caacf4dc1eedb68fab0df8e1ed46c448e578b2466351bbcb61e47d2ac0caaef0?s=96&d=mm&r=g","caption":"admin"},"sameAs":["https:\/\/radioportoseguro.com.br\/site"],"url":"https:\/\/radioportoseguro.com.br\/site\/author\/hezio\/"}]}},"_links":{"self":[{"href":"https:\/\/radioportoseguro.com.br\/site\/wp-json\/wp\/v2\/posts\/3295","targetHints":{"allow":["GET"]}}],"collection":[{"href":"https:\/\/radioportoseguro.com.br\/site\/wp-json\/wp\/v2\/posts"}],"about":[{"href":"https:\/\/radioportoseguro.com.br\/site\/wp-json\/wp\/v2\/types\/post"}],"author":[{"embeddable":true,"href":"https:\/\/radioportoseguro.com.br\/site\/wp-json\/wp\/v2\/users\/1"}],"replies":[{"embeddable":true,"href":"https:\/\/radioportoseguro.com.br\/site\/wp-json\/wp\/v2\/comments?post=3295"}],"version-history":[{"count":0,"href":"https:\/\/radioportoseguro.com.br\/site\/wp-json\/wp\/v2\/posts\/3295\/revisions"}],"wp:featuredmedia":[{"embeddable":true,"href":"https:\/\/radioportoseguro.com.br\/site\/wp-json\/wp\/v2\/media\/3296"}],"wp:attachment":[{"href":"https:\/\/radioportoseguro.com.br\/site\/wp-json\/wp\/v2\/media?parent=3295"}],"wp:term":[{"taxonomy":"category","embeddable":true,"href":"https:\/\/radioportoseguro.com.br\/site\/wp-json\/wp\/v2\/categories?post=3295"},{"taxonomy":"post_tag","embeddable":true,"href":"https:\/\/radioportoseguro.com.br\/site\/wp-json\/wp\/v2\/tags?post=3295"}],"curies":[{"name":"wp","href":"https:\/\/api.w.org\/{rel}","templated":true}]}}