{"id":3303,"date":"2026-01-22T12:04:13","date_gmt":"2026-01-22T15:04:13","guid":{"rendered":"https:\/\/radioportoseguro.com.br\/site\/2026\/01\/22\/eli-soares-lanca-memori4s-novo-album-com-releituras-de-classicos-da-musica-gospel\/"},"modified":"2026-01-22T12:04:13","modified_gmt":"2026-01-22T15:04:13","slug":"eli-soares-lanca-memori4s-novo-album-com-releituras-de-classicos-da-musica-gospel","status":"publish","type":"post","link":"https:\/\/radioportoseguro.com.br\/site\/2026\/01\/22\/eli-soares-lanca-memori4s-novo-album-com-releituras-de-classicos-da-musica-gospel\/","title":{"rendered":"Eli Soares lan\u00e7a \u201cMem\u00f3ri4s\u201d, novo \u00e1lbum com releituras de cl\u00e1ssicos da m\u00fasica gospel"},"content":{"rendered":"<p><br \/>\n<\/p>\n<div id=\"post-body-5378181990120406073\" itemprop=\"articleBody\">\n<meta content=\"O cantor Eli Soares lan\u00e7ou nesta sexta-feira (9) o \u00e1lbum completo\u00a0 \u201c Mem\u00f3ri4s \u201d , j\u00e1 dispon\u00edvel nas principais plataformas de streaming pela...\" name=\"twitter:description\"\/><\/p>\n<p><!-- Postagens --><\/p>\n<div class=\"separator\" style=\"clear: both; text-align: center;\"><\/div>\n<p data-end=\"375\" data-start=\"206\"><span style=\"font-family: helvetica;\">O cantor Eli Soares lan\u00e7ou nesta sexta-feira (9) o \u00e1lbum completo\u00a0<\/span><span style=\"font-family: helvetica;\">\u201c<\/span><span style=\"font-family: helvetica;\"><em data-end=\"282\" data-start=\"272\">Mem\u00f3ri4s<\/em><\/span><span style=\"font-family: helvetica;\">\u201d<\/span><span style=\"font-family: helvetica;\">, j\u00e1 dispon\u00edvel nas principais plataformas de streaming pela Universal Music Christian Group.<\/span><\/p>\n<p data-end=\"734\" data-start=\"377\"><span style=\"font-family: helvetica;\">O projeto, dividido inicialmente em tr\u00eas partes e gravado ao vivo, prop\u00f5e um resgate de can\u00e7\u00f5es que marcaram gera\u00e7\u00f5es de crist\u00e3os no Brasil. Agora reunido em um \u00fanico lan\u00e7amento,\u00a0<\/span><span style=\"font-family: helvetica;\">\u201c<\/span><span style=\"font-family: helvetica;\"><em data-end=\"572\" data-start=\"562\">Mem\u00f3ri4s<\/em><\/span><span style=\"font-family: helvetica;\">\u201d<\/span><span style=\"font-family: helvetica;\">\u00a0apresenta 12 releituras de cl\u00e1ssicos nacionais, como \u201cEscudo\u201d, \u201cVou Seguir Com F\u00e9\u201d e \u201cTeu Trabalho \u00e9 Descansar Em Mim\u201d.<\/span><\/p>\n<p data-end=\"866\" data-start=\"736\"><span style=\"font-family: helvetica;\">\u201cS\u00e3o m\u00fasicas que muitos aprenderam com seus pais, av\u00f3s ou no in\u00edcio da caminhada com Jesus. Est\u00e1 lindo demais\u201d, declarou o cantor.<\/span><\/p>\n<p data-end=\"1165\" data-start=\"868\"><span style=\"font-family: helvetica;\">Com uma trajet\u00f3ria s\u00f3lida de mais de 15 anos, Eli Soares se consagrou como um dos maiores nomes da m\u00fasica gospel contempor\u00e2nea. O reconhecimento veio tamb\u00e9m no cen\u00e1rio internacional: ele foi vencedor do Grammy Latino em 2022 e 2023, com os \u00e1lbuns\u00a0<\/span><span style=\"font-family: helvetica;\">\u201c<\/span><span style=\"font-family: helvetica;\"><em data-end=\"1139\" data-start=\"1116\">Laborat\u00f3rio do Groove<\/em><\/span><span style=\"font-family: helvetica;\">\u201d\u00a0<\/span><span style=\"font-family: helvetica;\">e\u00a0<\/span><span style=\"font-family: helvetica;\">\u201c<\/span><span style=\"font-family: helvetica;\"><em data-end=\"1147\" data-start=\"1142\">N\u00f3s<\/em><\/span><span style=\"font-family: helvetica;\">\u201d<\/span><span style=\"font-family: helvetica;\">, respectivamente.<\/span><\/p>\n<p data-end=\"1359\" data-start=\"1307\"><span style=\"font-family: helvetica;\">O \u00e1lbum j\u00e1 est\u00e1 dispon\u00edvel nas plataformas digitais.<\/span><\/p>\n<p><iframe allow=\"autoplay; clipboard-write; encrypted-media; fullscreen; picture-in-picture\" allowfullscreen=\"\" frameborder=\"0\" height=\"152\" loading=\"lazy\" src=\"https:\/\/open.spotify.com\/embed\/album\/6nVfk6R3u1SWg2xsD72zu7?utm_source=generator\" style=\"border-radius: 12px;\" width=\"100%\"><\/iframe>\n<\/div>\n<p><script src=\"https:\/\/connect.facebook.net\/pt_BR\/all.js#xfbml=1\"><\/script><script>\n\/\/<![CDATA[\n(function(d, s, id) {\n  var js, fjs = d.getElementsByTagName(s)[0];\n  if (d.getElementById(id)) return;\n  js = d.createElement(s); js.id = id;\n  js.src = \"\/\/connect.facebook.net\/en_US\/sdk.js#xfbml=1&#038;version=v2.5\";\n  fjs.parentNode.insertBefore(js, fjs);\n}(document, 'script', 'facebook-jssdk'));\n\/\/]]>\ngoogle.com, pub-1504690508349431, DIRECT, f08c47fec0942fa0\n<\/script><br \/>\n<br \/><br \/>\n<br \/>Fonte: News Gospel<\/p>\n","protected":false},"excerpt":{"rendered":"<p>O cantor Eli Soares lan\u00e7ou nesta sexta-feira (9) o \u00e1lbum completo\u00a0\u201cMem\u00f3ri4s\u201d, j\u00e1 dispon\u00edvel nas principais plataformas de streaming pela Universal Music Christian Group. O projeto, dividido inicialmente em tr\u00eas partes e gravado ao vivo, prop\u00f5e um resgate de can\u00e7\u00f5es que marcaram gera\u00e7\u00f5es de crist\u00e3os no Brasil. Agora reunido em um \u00fanico lan\u00e7amento,\u00a0\u201cMem\u00f3ri4s\u201d\u00a0apresenta 12 releituras de [&hellip;]<\/p>\n","protected":false},"author":1,"featured_media":3304,"comment_status":"","ping_status":"open","sticky":false,"template":"","format":"standard","meta":{"footnotes":""},"categories":[4],"tags":[],"class_list":["post-3303","post","type-post","status-publish","format-standard","has-post-thumbnail","hentry","category-musica"],"yoast_head":"<!-- This site is optimized with the Yoast SEO plugin v26.8 - https:\/\/yoast.com\/product\/yoast-seo-wordpress\/ -->\n<title>Eli Soares lan\u00e7a \u201cMem\u00f3ri4s\u201d, novo \u00e1lbum com releituras de cl\u00e1ssicos da m\u00fasica gospel - R\u00e1dio Porto Seguro<\/title>\n<meta name=\"robots\" content=\"index, follow, max-snippet:-1, max-image-preview:large, max-video-preview:-1\" \/>\n<link rel=\"canonical\" href=\"https:\/\/radioportoseguro.com.br\/site\/2026\/01\/22\/eli-soares-lanca-memori4s-novo-album-com-releituras-de-classicos-da-musica-gospel\/\" \/>\n<meta property=\"og:locale\" content=\"pt_BR\" \/>\n<meta property=\"og:type\" content=\"article\" \/>\n<meta property=\"og:title\" content=\"Eli Soares lan\u00e7a \u201cMem\u00f3ri4s\u201d, novo \u00e1lbum com releituras de cl\u00e1ssicos da m\u00fasica gospel - R\u00e1dio Porto Seguro\" \/>\n<meta property=\"og:description\" content=\"O cantor Eli Soares lan\u00e7ou nesta sexta-feira (9) o \u00e1lbum completo\u00a0\u201cMem\u00f3ri4s\u201d, j\u00e1 dispon\u00edvel nas principais plataformas de streaming pela Universal Music Christian Group. O projeto, dividido inicialmente em tr\u00eas partes e gravado ao vivo, prop\u00f5e um resgate de can\u00e7\u00f5es que marcaram gera\u00e7\u00f5es de crist\u00e3os no Brasil. Agora reunido em um \u00fanico lan\u00e7amento,\u00a0\u201cMem\u00f3ri4s\u201d\u00a0apresenta 12 releituras de [&hellip;]\" \/>\n<meta property=\"og:url\" content=\"https:\/\/radioportoseguro.com.br\/site\/2026\/01\/22\/eli-soares-lanca-memori4s-novo-album-com-releituras-de-classicos-da-musica-gospel\/\" \/>\n<meta property=\"og:site_name\" content=\"R\u00e1dio Porto Seguro\" \/>\n<meta property=\"article:published_time\" content=\"2026-01-22T15:04:13+00:00\" \/>\n<meta property=\"og:image\" content=\"https:\/\/radioportoseguro.com.br\/site\/wp-content\/uploads\/2026\/01\/el.png\" \/>\n\t<meta property=\"og:image:width\" content=\"1200\" \/>\n\t<meta property=\"og:image:height\" content=\"630\" \/>\n\t<meta property=\"og:image:type\" content=\"image\/png\" \/>\n<meta name=\"author\" content=\"admin\" \/>\n<meta name=\"twitter:card\" content=\"summary_large_image\" \/>\n<meta name=\"twitter:label1\" content=\"Escrito por\" \/>\n\t<meta name=\"twitter:data1\" content=\"admin\" \/>\n\t<meta name=\"twitter:label2\" content=\"Est. tempo de leitura\" \/>\n\t<meta name=\"twitter:data2\" content=\"1 minuto\" \/>\n<script type=\"application\/ld+json\" class=\"yoast-schema-graph\">{\"@context\":\"https:\/\/schema.org\",\"@graph\":[{\"@type\":\"Article\",\"@id\":\"https:\/\/radioportoseguro.com.br\/site\/2026\/01\/22\/eli-soares-lanca-memori4s-novo-album-com-releituras-de-classicos-da-musica-gospel\/#article\",\"isPartOf\":{\"@id\":\"https:\/\/radioportoseguro.com.br\/site\/2026\/01\/22\/eli-soares-lanca-memori4s-novo-album-com-releituras-de-classicos-da-musica-gospel\/\"},\"author\":{\"name\":\"admin\",\"@id\":\"https:\/\/radioportoseguro.com.br\/site\/#\/schema\/person\/7630acdc320186f13639d3c067ec089b\"},\"headline\":\"Eli Soares lan\u00e7a \u201cMem\u00f3ri4s\u201d, novo \u00e1lbum com releituras de cl\u00e1ssicos da m\u00fasica gospel\",\"datePublished\":\"2026-01-22T15:04:13+00:00\",\"mainEntityOfPage\":{\"@id\":\"https:\/\/radioportoseguro.com.br\/site\/2026\/01\/22\/eli-soares-lanca-memori4s-novo-album-com-releituras-de-classicos-da-musica-gospel\/\"},\"wordCount\":194,\"image\":{\"@id\":\"https:\/\/radioportoseguro.com.br\/site\/2026\/01\/22\/eli-soares-lanca-memori4s-novo-album-com-releituras-de-classicos-da-musica-gospel\/#primaryimage\"},\"thumbnailUrl\":\"https:\/\/radioportoseguro.com.br\/site\/wp-content\/uploads\/2026\/01\/el.png\",\"articleSection\":[\"M\u00fasica\"],\"inLanguage\":\"pt-BR\"},{\"@type\":\"WebPage\",\"@id\":\"https:\/\/radioportoseguro.com.br\/site\/2026\/01\/22\/eli-soares-lanca-memori4s-novo-album-com-releituras-de-classicos-da-musica-gospel\/\",\"url\":\"https:\/\/radioportoseguro.com.br\/site\/2026\/01\/22\/eli-soares-lanca-memori4s-novo-album-com-releituras-de-classicos-da-musica-gospel\/\",\"name\":\"Eli Soares lan\u00e7a \u201cMem\u00f3ri4s\u201d, novo \u00e1lbum com releituras de cl\u00e1ssicos da m\u00fasica gospel - R\u00e1dio Porto Seguro\",\"isPartOf\":{\"@id\":\"https:\/\/radioportoseguro.com.br\/site\/#website\"},\"primaryImageOfPage\":{\"@id\":\"https:\/\/radioportoseguro.com.br\/site\/2026\/01\/22\/eli-soares-lanca-memori4s-novo-album-com-releituras-de-classicos-da-musica-gospel\/#primaryimage\"},\"image\":{\"@id\":\"https:\/\/radioportoseguro.com.br\/site\/2026\/01\/22\/eli-soares-lanca-memori4s-novo-album-com-releituras-de-classicos-da-musica-gospel\/#primaryimage\"},\"thumbnailUrl\":\"https:\/\/radioportoseguro.com.br\/site\/wp-content\/uploads\/2026\/01\/el.png\",\"datePublished\":\"2026-01-22T15:04:13+00:00\",\"author\":{\"@id\":\"https:\/\/radioportoseguro.com.br\/site\/#\/schema\/person\/7630acdc320186f13639d3c067ec089b\"},\"breadcrumb\":{\"@id\":\"https:\/\/radioportoseguro.com.br\/site\/2026\/01\/22\/eli-soares-lanca-memori4s-novo-album-com-releituras-de-classicos-da-musica-gospel\/#breadcrumb\"},\"inLanguage\":\"pt-BR\",\"potentialAction\":[{\"@type\":\"ReadAction\",\"target\":[\"https:\/\/radioportoseguro.com.br\/site\/2026\/01\/22\/eli-soares-lanca-memori4s-novo-album-com-releituras-de-classicos-da-musica-gospel\/\"]}]},{\"@type\":\"ImageObject\",\"inLanguage\":\"pt-BR\",\"@id\":\"https:\/\/radioportoseguro.com.br\/site\/2026\/01\/22\/eli-soares-lanca-memori4s-novo-album-com-releituras-de-classicos-da-musica-gospel\/#primaryimage\",\"url\":\"https:\/\/radioportoseguro.com.br\/site\/wp-content\/uploads\/2026\/01\/el.png\",\"contentUrl\":\"https:\/\/radioportoseguro.com.br\/site\/wp-content\/uploads\/2026\/01\/el.png\",\"width\":1200,\"height\":630},{\"@type\":\"BreadcrumbList\",\"@id\":\"https:\/\/radioportoseguro.com.br\/site\/2026\/01\/22\/eli-soares-lanca-memori4s-novo-album-com-releituras-de-classicos-da-musica-gospel\/#breadcrumb\",\"itemListElement\":[{\"@type\":\"ListItem\",\"position\":1,\"name\":\"In\u00edcio\",\"item\":\"https:\/\/radioportoseguro.com.br\/site\/\"},{\"@type\":\"ListItem\",\"position\":2,\"name\":\"Eli Soares lan\u00e7a \u201cMem\u00f3ri4s\u201d, novo \u00e1lbum com releituras de cl\u00e1ssicos da m\u00fasica gospel\"}]},{\"@type\":\"WebSite\",\"@id\":\"https:\/\/radioportoseguro.com.br\/site\/#website\",\"url\":\"https:\/\/radioportoseguro.com.br\/site\/\",\"name\":\"R\u00e1dio Porto Seguro\",\"description\":\"\",\"potentialAction\":[{\"@type\":\"SearchAction\",\"target\":{\"@type\":\"EntryPoint\",\"urlTemplate\":\"https:\/\/radioportoseguro.com.br\/site\/?s={search_term_string}\"},\"query-input\":{\"@type\":\"PropertyValueSpecification\",\"valueRequired\":true,\"valueName\":\"search_term_string\"}}],\"inLanguage\":\"pt-BR\"},{\"@type\":\"Person\",\"@id\":\"https:\/\/radioportoseguro.com.br\/site\/#\/schema\/person\/7630acdc320186f13639d3c067ec089b\",\"name\":\"admin\",\"image\":{\"@type\":\"ImageObject\",\"inLanguage\":\"pt-BR\",\"@id\":\"https:\/\/radioportoseguro.com.br\/site\/#\/schema\/person\/image\/\",\"url\":\"https:\/\/secure.gravatar.com\/avatar\/caacf4dc1eedb68fab0df8e1ed46c448e578b2466351bbcb61e47d2ac0caaef0?s=96&d=mm&r=g\",\"contentUrl\":\"https:\/\/secure.gravatar.com\/avatar\/caacf4dc1eedb68fab0df8e1ed46c448e578b2466351bbcb61e47d2ac0caaef0?s=96&d=mm&r=g\",\"caption\":\"admin\"},\"sameAs\":[\"https:\/\/radioportoseguro.com.br\/site\"],\"url\":\"https:\/\/radioportoseguro.com.br\/site\/author\/hezio\/\"}]}<\/script>\n<!-- \/ Yoast SEO plugin. -->","yoast_head_json":{"title":"Eli Soares lan\u00e7a \u201cMem\u00f3ri4s\u201d, novo \u00e1lbum com releituras de cl\u00e1ssicos da m\u00fasica gospel - R\u00e1dio Porto Seguro","robots":{"index":"index","follow":"follow","max-snippet":"max-snippet:-1","max-image-preview":"max-image-preview:large","max-video-preview":"max-video-preview:-1"},"canonical":"https:\/\/radioportoseguro.com.br\/site\/2026\/01\/22\/eli-soares-lanca-memori4s-novo-album-com-releituras-de-classicos-da-musica-gospel\/","og_locale":"pt_BR","og_type":"article","og_title":"Eli Soares lan\u00e7a \u201cMem\u00f3ri4s\u201d, novo \u00e1lbum com releituras de cl\u00e1ssicos da m\u00fasica gospel - R\u00e1dio Porto Seguro","og_description":"O cantor Eli Soares lan\u00e7ou nesta sexta-feira (9) o \u00e1lbum completo\u00a0\u201cMem\u00f3ri4s\u201d, j\u00e1 dispon\u00edvel nas principais plataformas de streaming pela Universal Music Christian Group. O projeto, dividido inicialmente em tr\u00eas partes e gravado ao vivo, prop\u00f5e um resgate de can\u00e7\u00f5es que marcaram gera\u00e7\u00f5es de crist\u00e3os no Brasil. Agora reunido em um \u00fanico lan\u00e7amento,\u00a0\u201cMem\u00f3ri4s\u201d\u00a0apresenta 12 releituras de [&hellip;]","og_url":"https:\/\/radioportoseguro.com.br\/site\/2026\/01\/22\/eli-soares-lanca-memori4s-novo-album-com-releituras-de-classicos-da-musica-gospel\/","og_site_name":"R\u00e1dio Porto Seguro","article_published_time":"2026-01-22T15:04:13+00:00","og_image":[{"width":1200,"height":630,"url":"https:\/\/radioportoseguro.com.br\/site\/wp-content\/uploads\/2026\/01\/el.png","type":"image\/png"}],"author":"admin","twitter_card":"summary_large_image","twitter_misc":{"Escrito por":"admin","Est. tempo de leitura":"1 minuto"},"schema":{"@context":"https:\/\/schema.org","@graph":[{"@type":"Article","@id":"https:\/\/radioportoseguro.com.br\/site\/2026\/01\/22\/eli-soares-lanca-memori4s-novo-album-com-releituras-de-classicos-da-musica-gospel\/#article","isPartOf":{"@id":"https:\/\/radioportoseguro.com.br\/site\/2026\/01\/22\/eli-soares-lanca-memori4s-novo-album-com-releituras-de-classicos-da-musica-gospel\/"},"author":{"name":"admin","@id":"https:\/\/radioportoseguro.com.br\/site\/#\/schema\/person\/7630acdc320186f13639d3c067ec089b"},"headline":"Eli Soares lan\u00e7a \u201cMem\u00f3ri4s\u201d, novo \u00e1lbum com releituras de cl\u00e1ssicos da m\u00fasica gospel","datePublished":"2026-01-22T15:04:13+00:00","mainEntityOfPage":{"@id":"https:\/\/radioportoseguro.com.br\/site\/2026\/01\/22\/eli-soares-lanca-memori4s-novo-album-com-releituras-de-classicos-da-musica-gospel\/"},"wordCount":194,"image":{"@id":"https:\/\/radioportoseguro.com.br\/site\/2026\/01\/22\/eli-soares-lanca-memori4s-novo-album-com-releituras-de-classicos-da-musica-gospel\/#primaryimage"},"thumbnailUrl":"https:\/\/radioportoseguro.com.br\/site\/wp-content\/uploads\/2026\/01\/el.png","articleSection":["M\u00fasica"],"inLanguage":"pt-BR"},{"@type":"WebPage","@id":"https:\/\/radioportoseguro.com.br\/site\/2026\/01\/22\/eli-soares-lanca-memori4s-novo-album-com-releituras-de-classicos-da-musica-gospel\/","url":"https:\/\/radioportoseguro.com.br\/site\/2026\/01\/22\/eli-soares-lanca-memori4s-novo-album-com-releituras-de-classicos-da-musica-gospel\/","name":"Eli Soares lan\u00e7a \u201cMem\u00f3ri4s\u201d, novo \u00e1lbum com releituras de cl\u00e1ssicos da m\u00fasica gospel - R\u00e1dio Porto Seguro","isPartOf":{"@id":"https:\/\/radioportoseguro.com.br\/site\/#website"},"primaryImageOfPage":{"@id":"https:\/\/radioportoseguro.com.br\/site\/2026\/01\/22\/eli-soares-lanca-memori4s-novo-album-com-releituras-de-classicos-da-musica-gospel\/#primaryimage"},"image":{"@id":"https:\/\/radioportoseguro.com.br\/site\/2026\/01\/22\/eli-soares-lanca-memori4s-novo-album-com-releituras-de-classicos-da-musica-gospel\/#primaryimage"},"thumbnailUrl":"https:\/\/radioportoseguro.com.br\/site\/wp-content\/uploads\/2026\/01\/el.png","datePublished":"2026-01-22T15:04:13+00:00","author":{"@id":"https:\/\/radioportoseguro.com.br\/site\/#\/schema\/person\/7630acdc320186f13639d3c067ec089b"},"breadcrumb":{"@id":"https:\/\/radioportoseguro.com.br\/site\/2026\/01\/22\/eli-soares-lanca-memori4s-novo-album-com-releituras-de-classicos-da-musica-gospel\/#breadcrumb"},"inLanguage":"pt-BR","potentialAction":[{"@type":"ReadAction","target":["https:\/\/radioportoseguro.com.br\/site\/2026\/01\/22\/eli-soares-lanca-memori4s-novo-album-com-releituras-de-classicos-da-musica-gospel\/"]}]},{"@type":"ImageObject","inLanguage":"pt-BR","@id":"https:\/\/radioportoseguro.com.br\/site\/2026\/01\/22\/eli-soares-lanca-memori4s-novo-album-com-releituras-de-classicos-da-musica-gospel\/#primaryimage","url":"https:\/\/radioportoseguro.com.br\/site\/wp-content\/uploads\/2026\/01\/el.png","contentUrl":"https:\/\/radioportoseguro.com.br\/site\/wp-content\/uploads\/2026\/01\/el.png","width":1200,"height":630},{"@type":"BreadcrumbList","@id":"https:\/\/radioportoseguro.com.br\/site\/2026\/01\/22\/eli-soares-lanca-memori4s-novo-album-com-releituras-de-classicos-da-musica-gospel\/#breadcrumb","itemListElement":[{"@type":"ListItem","position":1,"name":"In\u00edcio","item":"https:\/\/radioportoseguro.com.br\/site\/"},{"@type":"ListItem","position":2,"name":"Eli Soares lan\u00e7a \u201cMem\u00f3ri4s\u201d, novo \u00e1lbum com releituras de cl\u00e1ssicos da m\u00fasica gospel"}]},{"@type":"WebSite","@id":"https:\/\/radioportoseguro.com.br\/site\/#website","url":"https:\/\/radioportoseguro.com.br\/site\/","name":"R\u00e1dio Porto Seguro","description":"","potentialAction":[{"@type":"SearchAction","target":{"@type":"EntryPoint","urlTemplate":"https:\/\/radioportoseguro.com.br\/site\/?s={search_term_string}"},"query-input":{"@type":"PropertyValueSpecification","valueRequired":true,"valueName":"search_term_string"}}],"inLanguage":"pt-BR"},{"@type":"Person","@id":"https:\/\/radioportoseguro.com.br\/site\/#\/schema\/person\/7630acdc320186f13639d3c067ec089b","name":"admin","image":{"@type":"ImageObject","inLanguage":"pt-BR","@id":"https:\/\/radioportoseguro.com.br\/site\/#\/schema\/person\/image\/","url":"https:\/\/secure.gravatar.com\/avatar\/caacf4dc1eedb68fab0df8e1ed46c448e578b2466351bbcb61e47d2ac0caaef0?s=96&d=mm&r=g","contentUrl":"https:\/\/secure.gravatar.com\/avatar\/caacf4dc1eedb68fab0df8e1ed46c448e578b2466351bbcb61e47d2ac0caaef0?s=96&d=mm&r=g","caption":"admin"},"sameAs":["https:\/\/radioportoseguro.com.br\/site"],"url":"https:\/\/radioportoseguro.com.br\/site\/author\/hezio\/"}]}},"_links":{"self":[{"href":"https:\/\/radioportoseguro.com.br\/site\/wp-json\/wp\/v2\/posts\/3303","targetHints":{"allow":["GET"]}}],"collection":[{"href":"https:\/\/radioportoseguro.com.br\/site\/wp-json\/wp\/v2\/posts"}],"about":[{"href":"https:\/\/radioportoseguro.com.br\/site\/wp-json\/wp\/v2\/types\/post"}],"author":[{"embeddable":true,"href":"https:\/\/radioportoseguro.com.br\/site\/wp-json\/wp\/v2\/users\/1"}],"replies":[{"embeddable":true,"href":"https:\/\/radioportoseguro.com.br\/site\/wp-json\/wp\/v2\/comments?post=3303"}],"version-history":[{"count":0,"href":"https:\/\/radioportoseguro.com.br\/site\/wp-json\/wp\/v2\/posts\/3303\/revisions"}],"wp:featuredmedia":[{"embeddable":true,"href":"https:\/\/radioportoseguro.com.br\/site\/wp-json\/wp\/v2\/media\/3304"}],"wp:attachment":[{"href":"https:\/\/radioportoseguro.com.br\/site\/wp-json\/wp\/v2\/media?parent=3303"}],"wp:term":[{"taxonomy":"category","embeddable":true,"href":"https:\/\/radioportoseguro.com.br\/site\/wp-json\/wp\/v2\/categories?post=3303"},{"taxonomy":"post_tag","embeddable":true,"href":"https:\/\/radioportoseguro.com.br\/site\/wp-json\/wp\/v2\/tags?post=3303"}],"curies":[{"name":"wp","href":"https:\/\/api.w.org\/{rel}","templated":true}]}}