{"id":3335,"date":"2026-01-23T06:50:15","date_gmt":"2026-01-23T09:50:15","guid":{"rendered":"https:\/\/radioportoseguro.com.br\/site\/2026\/01\/23\/homem-paralitico-e-batizado-com-ajuda-de-amigos-amor-em-acao\/"},"modified":"2026-01-23T06:50:15","modified_gmt":"2026-01-23T09:50:15","slug":"homem-paralitico-e-batizado-com-ajuda-de-amigos-amor-em-acao","status":"publish","type":"post","link":"https:\/\/radioportoseguro.com.br\/site\/2026\/01\/23\/homem-paralitico-e-batizado-com-ajuda-de-amigos-amor-em-acao\/","title":{"rendered":"Homem paral\u00edtico \u00e9 batizado com ajuda de amigos: \u2018Amor em a\u00e7\u00e3o\u2019"},"content":{"rendered":"<p><br \/>\n<br \/><\/p>\n<div>\n<p>Um v\u00eddeo publicado pelo pastor Carlos Ortiz Jr., l\u00edder da Gateway Church em Austin, mostra um<span style=\"color: #800000;\"> <strong>homem paral\u00edtico<\/strong><\/span> sendo carregado por amigos para ser batizado nas \u00e1guas.<\/p>\n<p>Na publica\u00e7\u00e3o feita no Instagram, a mensagem dizia:<\/p>\n<p>\u201cHoje foi um dia que nunca vou esquecer. Um grupo de homens colocou em pr\u00e1tica Marcos 2:3\u201311 e garantiu que Nick pudesse declarar publicamente sua f\u00e9.\u201d<\/p>\n<blockquote class=\"instagram-media\" style=\"background: #FFF; border: 0; border-radius: 3px; box-shadow: 0 0 1px 0 rgba(0,0,0,0.5),0 1px 10px 0 rgba(0,0,0,0.15); margin: 1px; max-width: 540px; min-width: 326px; padding: 0; width: calc(100% - 2px);\" data-instgrm-captioned=\"\" data-instgrm-permalink=\"https:\/\/www.instagram.com\/reel\/C28mBvrMcyo\/?utm_source=ig_embed&amp;utm_campaign=loading\" data-instgrm-version=\"14\"><p>&#13;<br \/>\n&#13;\n<\/p><\/blockquote>\n<p>O pastor tamb\u00e9m destacou a atitude como emocionante:<\/p>\n<p>\u201cN\u00e3o estou chorando&#8230; Voc\u00ea est\u00e1 chorando! Que bela express\u00e3o de amor em a\u00e7\u00e3o. \u2018N\u00e3o podes chegar a Jesus, n\u00f3s vamos levar-te at\u00e9 ele\u2019.\u201d<\/p>\n<p>O homem \u00e9 levado em um grande len\u00e7ol branco, usado como maca improvisada, para ser mergulhado na piscina batismal.<\/p>\n<p>Ap\u00f3s seguir as orienta\u00e7\u00f5es do ministrante, Nick \u00e9 submerso nas \u00e1guas sob aplausos.<\/p>\n<p>A postagem do <span style=\"color: #800000;\"><strong>batismo<\/strong><\/span> recebeu mais de 35 mil curtidas e centenas de coment\u00e1rios.<\/p>\n<p>Embora tenha ocorrido em 2024, o batismo de Nick continua repercutindo nas redes sociais.<\/p>\n<p>Uma pessoa escreveu: \u201cEssa foi, sem d\u00favida, uma das coisas mais bonitas que j\u00e1 vi na minha vida! Todo louvor a Jesus!\u201d<\/p>\n<p>Um coment\u00e1rio era um depoimento e dizia: \u201cConheci o Nick com o Ryan na Sala de Ora\u00e7\u00e3o Lucas 4:18 h\u00e1 algumas semanas, quando me contaram a hist\u00f3ria dele. Naquela noite, foi a primeira vez em anos que ele estava numa cadeira de rodas. Que glorioso assistir ao seu batismo! Obrigado por compartilhar!\u201d<\/p>\n<p>Uma mulher comentou: \u201cLouvado seja o Senhor pelo seu amor infinito.\u201d<\/p>\n<p>Dezenas de outros coment\u00e1rios glorificavam a Deus pela vida de Nick e elogiavam a atitude dos \u201cirm\u00e3os\u201d que o apoiaram em sua jornada de f\u00e9.<\/p>\n<p>\u00a0<\/p>\n<\/div>\n<p><script async src=\"\/\/www.instagram.com\/embed.js\"><\/script><br \/>\n<br \/><br \/>\n<br \/>Fonte: Guiame <\/p>\n","protected":false},"excerpt":{"rendered":"<p>Um v\u00eddeo publicado pelo pastor Carlos Ortiz Jr., l\u00edder da Gateway Church em Austin, mostra um homem paral\u00edtico sendo carregado por amigos para ser batizado nas \u00e1guas. Na publica\u00e7\u00e3o feita no Instagram, a mensagem dizia: \u201cHoje foi um dia que nunca vou esquecer. Um grupo de homens colocou em pr\u00e1tica Marcos 2:3\u201311 e garantiu que [&hellip;]<\/p>\n","protected":false},"author":1,"featured_media":3336,"comment_status":"","ping_status":"open","sticky":false,"template":"","format":"standard","meta":{"footnotes":""},"categories":[43],"tags":[],"class_list":["post-3335","post","type-post","status-publish","format-standard","has-post-thumbnail","hentry","category-destaques"],"yoast_head":"<!-- This site is optimized with the Yoast SEO plugin v26.8 - https:\/\/yoast.com\/product\/yoast-seo-wordpress\/ -->\n<title>Homem paral\u00edtico \u00e9 batizado com ajuda de amigos: \u2018Amor em a\u00e7\u00e3o\u2019 - R\u00e1dio Porto Seguro<\/title>\n<meta name=\"robots\" content=\"index, follow, max-snippet:-1, max-image-preview:large, max-video-preview:-1\" \/>\n<link rel=\"canonical\" href=\"https:\/\/radioportoseguro.com.br\/site\/2026\/01\/23\/homem-paralitico-e-batizado-com-ajuda-de-amigos-amor-em-acao\/\" \/>\n<meta property=\"og:locale\" content=\"pt_BR\" \/>\n<meta property=\"og:type\" content=\"article\" \/>\n<meta property=\"og:title\" content=\"Homem paral\u00edtico \u00e9 batizado com ajuda de amigos: \u2018Amor em a\u00e7\u00e3o\u2019 - R\u00e1dio Porto Seguro\" \/>\n<meta property=\"og:description\" content=\"Um v\u00eddeo publicado pelo pastor Carlos Ortiz Jr., l\u00edder da Gateway Church em Austin, mostra um homem paral\u00edtico sendo carregado por amigos para ser batizado nas \u00e1guas. Na publica\u00e7\u00e3o feita no Instagram, a mensagem dizia: \u201cHoje foi um dia que nunca vou esquecer. Um grupo de homens colocou em pr\u00e1tica Marcos 2:3\u201311 e garantiu que [&hellip;]\" \/>\n<meta property=\"og:url\" content=\"https:\/\/radioportoseguro.com.br\/site\/2026\/01\/23\/homem-paralitico-e-batizado-com-ajuda-de-amigos-amor-em-acao\/\" \/>\n<meta property=\"og:site_name\" content=\"R\u00e1dio Porto Seguro\" \/>\n<meta property=\"article:published_time\" content=\"2026-01-23T09:50:15+00:00\" \/>\n<meta property=\"og:image\" content=\"https:\/\/radioportoseguro.com.br\/site\/wp-content\/uploads\/2026\/01\/1579725308-paralitico.png\" \/>\n\t<meta property=\"og:image:width\" content=\"1200\" \/>\n\t<meta property=\"og:image:height\" content=\"600\" \/>\n\t<meta property=\"og:image:type\" content=\"image\/png\" \/>\n<meta name=\"author\" content=\"admin\" \/>\n<meta name=\"twitter:card\" content=\"summary_large_image\" \/>\n<meta name=\"twitter:label1\" content=\"Escrito por\" \/>\n\t<meta name=\"twitter:data1\" content=\"admin\" \/>\n\t<meta name=\"twitter:label2\" content=\"Est. tempo de leitura\" \/>\n\t<meta name=\"twitter:data2\" content=\"1 minuto\" \/>\n<script type=\"application\/ld+json\" class=\"yoast-schema-graph\">{\"@context\":\"https:\/\/schema.org\",\"@graph\":[{\"@type\":\"Article\",\"@id\":\"https:\/\/radioportoseguro.com.br\/site\/2026\/01\/23\/homem-paralitico-e-batizado-com-ajuda-de-amigos-amor-em-acao\/#article\",\"isPartOf\":{\"@id\":\"https:\/\/radioportoseguro.com.br\/site\/2026\/01\/23\/homem-paralitico-e-batizado-com-ajuda-de-amigos-amor-em-acao\/\"},\"author\":{\"name\":\"admin\",\"@id\":\"https:\/\/radioportoseguro.com.br\/site\/#\/schema\/person\/7630acdc320186f13639d3c067ec089b\"},\"headline\":\"Homem paral\u00edtico \u00e9 batizado com ajuda de amigos: \u2018Amor em a\u00e7\u00e3o\u2019\",\"datePublished\":\"2026-01-23T09:50:15+00:00\",\"mainEntityOfPage\":{\"@id\":\"https:\/\/radioportoseguro.com.br\/site\/2026\/01\/23\/homem-paralitico-e-batizado-com-ajuda-de-amigos-amor-em-acao\/\"},\"wordCount\":293,\"image\":{\"@id\":\"https:\/\/radioportoseguro.com.br\/site\/2026\/01\/23\/homem-paralitico-e-batizado-com-ajuda-de-amigos-amor-em-acao\/#primaryimage\"},\"thumbnailUrl\":\"https:\/\/radioportoseguro.com.br\/site\/wp-content\/uploads\/2026\/01\/1579725308-paralitico.png\",\"articleSection\":[\"Destaques\"],\"inLanguage\":\"pt-BR\"},{\"@type\":\"WebPage\",\"@id\":\"https:\/\/radioportoseguro.com.br\/site\/2026\/01\/23\/homem-paralitico-e-batizado-com-ajuda-de-amigos-amor-em-acao\/\",\"url\":\"https:\/\/radioportoseguro.com.br\/site\/2026\/01\/23\/homem-paralitico-e-batizado-com-ajuda-de-amigos-amor-em-acao\/\",\"name\":\"Homem paral\u00edtico \u00e9 batizado com ajuda de amigos: \u2018Amor em a\u00e7\u00e3o\u2019 - R\u00e1dio Porto Seguro\",\"isPartOf\":{\"@id\":\"https:\/\/radioportoseguro.com.br\/site\/#website\"},\"primaryImageOfPage\":{\"@id\":\"https:\/\/radioportoseguro.com.br\/site\/2026\/01\/23\/homem-paralitico-e-batizado-com-ajuda-de-amigos-amor-em-acao\/#primaryimage\"},\"image\":{\"@id\":\"https:\/\/radioportoseguro.com.br\/site\/2026\/01\/23\/homem-paralitico-e-batizado-com-ajuda-de-amigos-amor-em-acao\/#primaryimage\"},\"thumbnailUrl\":\"https:\/\/radioportoseguro.com.br\/site\/wp-content\/uploads\/2026\/01\/1579725308-paralitico.png\",\"datePublished\":\"2026-01-23T09:50:15+00:00\",\"author\":{\"@id\":\"https:\/\/radioportoseguro.com.br\/site\/#\/schema\/person\/7630acdc320186f13639d3c067ec089b\"},\"breadcrumb\":{\"@id\":\"https:\/\/radioportoseguro.com.br\/site\/2026\/01\/23\/homem-paralitico-e-batizado-com-ajuda-de-amigos-amor-em-acao\/#breadcrumb\"},\"inLanguage\":\"pt-BR\",\"potentialAction\":[{\"@type\":\"ReadAction\",\"target\":[\"https:\/\/radioportoseguro.com.br\/site\/2026\/01\/23\/homem-paralitico-e-batizado-com-ajuda-de-amigos-amor-em-acao\/\"]}]},{\"@type\":\"ImageObject\",\"inLanguage\":\"pt-BR\",\"@id\":\"https:\/\/radioportoseguro.com.br\/site\/2026\/01\/23\/homem-paralitico-e-batizado-com-ajuda-de-amigos-amor-em-acao\/#primaryimage\",\"url\":\"https:\/\/radioportoseguro.com.br\/site\/wp-content\/uploads\/2026\/01\/1579725308-paralitico.png\",\"contentUrl\":\"https:\/\/radioportoseguro.com.br\/site\/wp-content\/uploads\/2026\/01\/1579725308-paralitico.png\",\"width\":1200,\"height\":600},{\"@type\":\"BreadcrumbList\",\"@id\":\"https:\/\/radioportoseguro.com.br\/site\/2026\/01\/23\/homem-paralitico-e-batizado-com-ajuda-de-amigos-amor-em-acao\/#breadcrumb\",\"itemListElement\":[{\"@type\":\"ListItem\",\"position\":1,\"name\":\"In\u00edcio\",\"item\":\"https:\/\/radioportoseguro.com.br\/site\/\"},{\"@type\":\"ListItem\",\"position\":2,\"name\":\"Homem paral\u00edtico \u00e9 batizado com ajuda de amigos: \u2018Amor em a\u00e7\u00e3o\u2019\"}]},{\"@type\":\"WebSite\",\"@id\":\"https:\/\/radioportoseguro.com.br\/site\/#website\",\"url\":\"https:\/\/radioportoseguro.com.br\/site\/\",\"name\":\"R\u00e1dio Porto Seguro\",\"description\":\"\",\"potentialAction\":[{\"@type\":\"SearchAction\",\"target\":{\"@type\":\"EntryPoint\",\"urlTemplate\":\"https:\/\/radioportoseguro.com.br\/site\/?s={search_term_string}\"},\"query-input\":{\"@type\":\"PropertyValueSpecification\",\"valueRequired\":true,\"valueName\":\"search_term_string\"}}],\"inLanguage\":\"pt-BR\"},{\"@type\":\"Person\",\"@id\":\"https:\/\/radioportoseguro.com.br\/site\/#\/schema\/person\/7630acdc320186f13639d3c067ec089b\",\"name\":\"admin\",\"image\":{\"@type\":\"ImageObject\",\"inLanguage\":\"pt-BR\",\"@id\":\"https:\/\/radioportoseguro.com.br\/site\/#\/schema\/person\/image\/\",\"url\":\"https:\/\/secure.gravatar.com\/avatar\/caacf4dc1eedb68fab0df8e1ed46c448e578b2466351bbcb61e47d2ac0caaef0?s=96&d=mm&r=g\",\"contentUrl\":\"https:\/\/secure.gravatar.com\/avatar\/caacf4dc1eedb68fab0df8e1ed46c448e578b2466351bbcb61e47d2ac0caaef0?s=96&d=mm&r=g\",\"caption\":\"admin\"},\"sameAs\":[\"https:\/\/radioportoseguro.com.br\/site\"],\"url\":\"https:\/\/radioportoseguro.com.br\/site\/author\/hezio\/\"}]}<\/script>\n<!-- \/ Yoast SEO plugin. -->","yoast_head_json":{"title":"Homem paral\u00edtico \u00e9 batizado com ajuda de amigos: \u2018Amor em a\u00e7\u00e3o\u2019 - R\u00e1dio Porto Seguro","robots":{"index":"index","follow":"follow","max-snippet":"max-snippet:-1","max-image-preview":"max-image-preview:large","max-video-preview":"max-video-preview:-1"},"canonical":"https:\/\/radioportoseguro.com.br\/site\/2026\/01\/23\/homem-paralitico-e-batizado-com-ajuda-de-amigos-amor-em-acao\/","og_locale":"pt_BR","og_type":"article","og_title":"Homem paral\u00edtico \u00e9 batizado com ajuda de amigos: \u2018Amor em a\u00e7\u00e3o\u2019 - R\u00e1dio Porto Seguro","og_description":"Um v\u00eddeo publicado pelo pastor Carlos Ortiz Jr., l\u00edder da Gateway Church em Austin, mostra um homem paral\u00edtico sendo carregado por amigos para ser batizado nas \u00e1guas. Na publica\u00e7\u00e3o feita no Instagram, a mensagem dizia: \u201cHoje foi um dia que nunca vou esquecer. Um grupo de homens colocou em pr\u00e1tica Marcos 2:3\u201311 e garantiu que [&hellip;]","og_url":"https:\/\/radioportoseguro.com.br\/site\/2026\/01\/23\/homem-paralitico-e-batizado-com-ajuda-de-amigos-amor-em-acao\/","og_site_name":"R\u00e1dio Porto Seguro","article_published_time":"2026-01-23T09:50:15+00:00","og_image":[{"width":1200,"height":600,"url":"https:\/\/radioportoseguro.com.br\/site\/wp-content\/uploads\/2026\/01\/1579725308-paralitico.png","type":"image\/png"}],"author":"admin","twitter_card":"summary_large_image","twitter_misc":{"Escrito por":"admin","Est. tempo de leitura":"1 minuto"},"schema":{"@context":"https:\/\/schema.org","@graph":[{"@type":"Article","@id":"https:\/\/radioportoseguro.com.br\/site\/2026\/01\/23\/homem-paralitico-e-batizado-com-ajuda-de-amigos-amor-em-acao\/#article","isPartOf":{"@id":"https:\/\/radioportoseguro.com.br\/site\/2026\/01\/23\/homem-paralitico-e-batizado-com-ajuda-de-amigos-amor-em-acao\/"},"author":{"name":"admin","@id":"https:\/\/radioportoseguro.com.br\/site\/#\/schema\/person\/7630acdc320186f13639d3c067ec089b"},"headline":"Homem paral\u00edtico \u00e9 batizado com ajuda de amigos: \u2018Amor em a\u00e7\u00e3o\u2019","datePublished":"2026-01-23T09:50:15+00:00","mainEntityOfPage":{"@id":"https:\/\/radioportoseguro.com.br\/site\/2026\/01\/23\/homem-paralitico-e-batizado-com-ajuda-de-amigos-amor-em-acao\/"},"wordCount":293,"image":{"@id":"https:\/\/radioportoseguro.com.br\/site\/2026\/01\/23\/homem-paralitico-e-batizado-com-ajuda-de-amigos-amor-em-acao\/#primaryimage"},"thumbnailUrl":"https:\/\/radioportoseguro.com.br\/site\/wp-content\/uploads\/2026\/01\/1579725308-paralitico.png","articleSection":["Destaques"],"inLanguage":"pt-BR"},{"@type":"WebPage","@id":"https:\/\/radioportoseguro.com.br\/site\/2026\/01\/23\/homem-paralitico-e-batizado-com-ajuda-de-amigos-amor-em-acao\/","url":"https:\/\/radioportoseguro.com.br\/site\/2026\/01\/23\/homem-paralitico-e-batizado-com-ajuda-de-amigos-amor-em-acao\/","name":"Homem paral\u00edtico \u00e9 batizado com ajuda de amigos: \u2018Amor em a\u00e7\u00e3o\u2019 - R\u00e1dio Porto Seguro","isPartOf":{"@id":"https:\/\/radioportoseguro.com.br\/site\/#website"},"primaryImageOfPage":{"@id":"https:\/\/radioportoseguro.com.br\/site\/2026\/01\/23\/homem-paralitico-e-batizado-com-ajuda-de-amigos-amor-em-acao\/#primaryimage"},"image":{"@id":"https:\/\/radioportoseguro.com.br\/site\/2026\/01\/23\/homem-paralitico-e-batizado-com-ajuda-de-amigos-amor-em-acao\/#primaryimage"},"thumbnailUrl":"https:\/\/radioportoseguro.com.br\/site\/wp-content\/uploads\/2026\/01\/1579725308-paralitico.png","datePublished":"2026-01-23T09:50:15+00:00","author":{"@id":"https:\/\/radioportoseguro.com.br\/site\/#\/schema\/person\/7630acdc320186f13639d3c067ec089b"},"breadcrumb":{"@id":"https:\/\/radioportoseguro.com.br\/site\/2026\/01\/23\/homem-paralitico-e-batizado-com-ajuda-de-amigos-amor-em-acao\/#breadcrumb"},"inLanguage":"pt-BR","potentialAction":[{"@type":"ReadAction","target":["https:\/\/radioportoseguro.com.br\/site\/2026\/01\/23\/homem-paralitico-e-batizado-com-ajuda-de-amigos-amor-em-acao\/"]}]},{"@type":"ImageObject","inLanguage":"pt-BR","@id":"https:\/\/radioportoseguro.com.br\/site\/2026\/01\/23\/homem-paralitico-e-batizado-com-ajuda-de-amigos-amor-em-acao\/#primaryimage","url":"https:\/\/radioportoseguro.com.br\/site\/wp-content\/uploads\/2026\/01\/1579725308-paralitico.png","contentUrl":"https:\/\/radioportoseguro.com.br\/site\/wp-content\/uploads\/2026\/01\/1579725308-paralitico.png","width":1200,"height":600},{"@type":"BreadcrumbList","@id":"https:\/\/radioportoseguro.com.br\/site\/2026\/01\/23\/homem-paralitico-e-batizado-com-ajuda-de-amigos-amor-em-acao\/#breadcrumb","itemListElement":[{"@type":"ListItem","position":1,"name":"In\u00edcio","item":"https:\/\/radioportoseguro.com.br\/site\/"},{"@type":"ListItem","position":2,"name":"Homem paral\u00edtico \u00e9 batizado com ajuda de amigos: \u2018Amor em a\u00e7\u00e3o\u2019"}]},{"@type":"WebSite","@id":"https:\/\/radioportoseguro.com.br\/site\/#website","url":"https:\/\/radioportoseguro.com.br\/site\/","name":"R\u00e1dio Porto Seguro","description":"","potentialAction":[{"@type":"SearchAction","target":{"@type":"EntryPoint","urlTemplate":"https:\/\/radioportoseguro.com.br\/site\/?s={search_term_string}"},"query-input":{"@type":"PropertyValueSpecification","valueRequired":true,"valueName":"search_term_string"}}],"inLanguage":"pt-BR"},{"@type":"Person","@id":"https:\/\/radioportoseguro.com.br\/site\/#\/schema\/person\/7630acdc320186f13639d3c067ec089b","name":"admin","image":{"@type":"ImageObject","inLanguage":"pt-BR","@id":"https:\/\/radioportoseguro.com.br\/site\/#\/schema\/person\/image\/","url":"https:\/\/secure.gravatar.com\/avatar\/caacf4dc1eedb68fab0df8e1ed46c448e578b2466351bbcb61e47d2ac0caaef0?s=96&d=mm&r=g","contentUrl":"https:\/\/secure.gravatar.com\/avatar\/caacf4dc1eedb68fab0df8e1ed46c448e578b2466351bbcb61e47d2ac0caaef0?s=96&d=mm&r=g","caption":"admin"},"sameAs":["https:\/\/radioportoseguro.com.br\/site"],"url":"https:\/\/radioportoseguro.com.br\/site\/author\/hezio\/"}]}},"_links":{"self":[{"href":"https:\/\/radioportoseguro.com.br\/site\/wp-json\/wp\/v2\/posts\/3335","targetHints":{"allow":["GET"]}}],"collection":[{"href":"https:\/\/radioportoseguro.com.br\/site\/wp-json\/wp\/v2\/posts"}],"about":[{"href":"https:\/\/radioportoseguro.com.br\/site\/wp-json\/wp\/v2\/types\/post"}],"author":[{"embeddable":true,"href":"https:\/\/radioportoseguro.com.br\/site\/wp-json\/wp\/v2\/users\/1"}],"replies":[{"embeddable":true,"href":"https:\/\/radioportoseguro.com.br\/site\/wp-json\/wp\/v2\/comments?post=3335"}],"version-history":[{"count":0,"href":"https:\/\/radioportoseguro.com.br\/site\/wp-json\/wp\/v2\/posts\/3335\/revisions"}],"wp:featuredmedia":[{"embeddable":true,"href":"https:\/\/radioportoseguro.com.br\/site\/wp-json\/wp\/v2\/media\/3336"}],"wp:attachment":[{"href":"https:\/\/radioportoseguro.com.br\/site\/wp-json\/wp\/v2\/media?parent=3335"}],"wp:term":[{"taxonomy":"category","embeddable":true,"href":"https:\/\/radioportoseguro.com.br\/site\/wp-json\/wp\/v2\/categories?post=3335"},{"taxonomy":"post_tag","embeddable":true,"href":"https:\/\/radioportoseguro.com.br\/site\/wp-json\/wp\/v2\/tags?post=3335"}],"curies":[{"name":"wp","href":"https:\/\/api.w.org\/{rel}","templated":true}]}}