{"id":3341,"date":"2026-01-23T08:55:42","date_gmt":"2026-01-23T11:55:42","guid":{"rendered":"https:\/\/radioportoseguro.com.br\/site\/2026\/01\/23\/feira-empresarial-termina-com-batismos-e-mais-de-200-decisoes-por-cristo-nos-eua\/"},"modified":"2026-01-23T08:55:42","modified_gmt":"2026-01-23T11:55:42","slug":"feira-empresarial-termina-com-batismos-e-mais-de-200-decisoes-por-cristo-nos-eua","status":"publish","type":"post","link":"https:\/\/radioportoseguro.com.br\/site\/2026\/01\/23\/feira-empresarial-termina-com-batismos-e-mais-de-200-decisoes-por-cristo-nos-eua\/","title":{"rendered":"Feira empresarial termina com batismos e mais de 200 decis\u00f5es por Cristo nos EUA"},"content":{"rendered":"<p><br \/>\n<br \/><\/p>\n<div>\n<p><span style=\"font-weight: 400;\">Durante uma feira para profissionais que trabalham com telhados e energia solar nos Estados Unidos, mais de 200 pessoas aceitaram Jesus e dezenas foram batizadas ap\u00f3s a ministra\u00e7\u00e3o do Evangelho no evento.<\/span><\/p>\n<p><span style=\"font-weight: 400;\">A RoofCon \u00e9 conhecida como a &#8220;confer\u00eancia n\u00famero 1 sobre telhados&#8221; nos EUA, onde\u00a0<\/span><span style=\"font-weight: 400;\">dezenas de homens e mulheres se re\u00fanem para criar conex\u00f5es comerciais, obter informa\u00e7\u00f5es sobre o setor e aprimorar suas habilidades.\u00a0<\/span><\/p>\n<p><span style=\"font-weight: 400;\">No entanto, nos momentos finais do evento em Oklahoma City, l\u00edderes crist\u00e3os aproveitaram a oportunidade para evangelizar os participantes. O fundador Hunter Ballew ent\u00e3o entrou em contato com o pastor e evangelista Clayton King, que liderou a a\u00e7\u00e3o.<\/span><\/p>\n<p><span style=\"font-weight: 400;\">&#8220;[Hunter] entrou em contato comigo no outono e disse: &#8216;Adoraria conhec\u00ea-lo. Fiquei realmente impressionado com o Esp\u00edrito Santo a ponto de precisar usar minha feira de telhados como uma plataforma para alcan\u00e7ar pessoas com o Evangelho'&#8221;, disse Clayton \u00e0 CBN News.\u00a0<\/span><\/p>\n<blockquote class=\"instagram-media\" style=\"background: #FFF; border: 0; border-radius: 3px; box-shadow: 0 0 1px 0 rgba(0,0,0,0.5),0 1px 10px 0 rgba(0,0,0,0.15); margin: 1px; max-width: 540px; min-width: 326px; padding: 0; width: calc(100% - 2px);\" data-instgrm-permalink=\"https:\/\/www.instagram.com\/p\/DTTGQhmkfxW\/?utm_source=ig_embed&amp;utm_campaign=loading\" data-instgrm-version=\"14\"><p>&#13;<br \/>\n&#13;\n<\/p><\/blockquote>\n<p><span style=\"font-weight: 400;\">Clayton \u00e9 fundador do acampamento crist\u00e3o Crossroads em Anderson, Carolina do Sul. Por quase 40 anos, ele viajou pelo pa\u00eds pregando o Evangelho para jovens e idosos. Quando Hunter o convidou para ministrar no evento, ele aceitou imediatamente.\u00a0<\/span><\/p>\n<p><strong>\u2018Vimos uma colheita\u2019<\/strong><\/p>\n<p><span style=\"font-weight: 400;\">Segundo o pastor, Deus colocou em seu cora\u00e7\u00e3o o desejo de batizar aqueles que aceitaram Jesus na feira:<\/span><\/p>\n<p><span style=\"font-weight: 400;\">&#8220;Eu perguntei: &#8216;O que voc\u00ea acha de fazermos um batismo ali?&#8217;. E Hunter respondeu: &#8216;Eu estava pensando exatamente a mesma coisa&#8217;\u201d.<\/span><\/p>\n<p><span style=\"font-weight: 400;\">Ent\u00e3o, alguns organizadores compraram alguns bebedouros para cavalos, encheram de \u00e1gua e colocaram no sal\u00e3o do evento: \u201cE Deus fez o resto\u201d.\u00a0<\/span><\/p>\n<p><span style=\"font-weight: 400;\">Conforme Clayton, o momento da prega\u00e7\u00e3o n\u00e3o era obrigat\u00f3rio, mas muitos compareceram. Ele sentiu que o Esp\u00edrito Santo tinha uma mensagem espec\u00edfica para compartilhar com o grupo.\u00a0<\/span><\/p>\n<p><span style=\"font-weight: 400;\">&#8220;Eu realmente senti que o Esp\u00edrito Santo estava me guiando para compartilhar a simplicidade do Evangelho e como uma pessoa pode realmente saber que nasceu de novo&#8221;, explicou ele.<\/span><\/p>\n<p><span style=\"font-weight: 400;\">&#8220;Eles vieram, e foi uma manifesta\u00e7\u00e3o realmente especial do Esp\u00edrito Santo&#8221;, acrescentou.\u00a0<\/span><\/p>\n<blockquote class=\"instagram-media\" style=\"background: #FFF; border: 0; border-radius: 3px; box-shadow: 0 0 1px 0 rgba(0,0,0,0.5),0 1px 10px 0 rgba(0,0,0,0.15); margin: 1px; max-width: 540px; min-width: 326px; padding: 0; width: calc(100% - 2px);\" data-instgrm-permalink=\"https:\/\/www.instagram.com\/p\/DTP1UMVlcNi\/?utm_source=ig_embed&amp;utm_campaign=loading\" data-instgrm-version=\"14\"><p>&#13;<br \/>\n&#13;\n<\/p><\/blockquote>\n<p><span style=\"font-weight: 400;\">Mais de 200 homens e mulheres se renderam a Cristo, e dezenas foram <\/span><span style=\"color: #993300;\"><strong>batizados<\/strong><\/span><span style=\"font-weight: 400;\">: &#8220;Fico sempre admirado quando vejo uma ou mil pessoas se convertendo, mas ao mesmo tempo nunca me surpreendo com o poder do Evangelho de atrair pessoas para a salva\u00e7\u00e3o&#8221;.<\/span><\/p>\n<p><span style=\"font-weight: 400;\">E continuou: &#8220;Eu sabia da f\u00e9 que Hunter e sua equipe tinham ao entrar no evento e eu estava realmente orando e acreditando que Deus honraria a f\u00e9 deles e que eles veriam uma colheita, e viram\u201d.<\/span><\/p>\n<p><strong>\u201cExiste uma fome por coisas espirituais e ela est\u00e1 sendo saciada pelo Evangelho&#8221;<\/strong><\/p>\n<p><span style=\"font-weight: 400;\">Clayton tamb\u00e9m destacou que acredita que um despertar est\u00e1 acontecendo fora das paredes da igreja.<\/span><\/p>\n<p><span style=\"font-weight: 400;\">&#8220;Para mim, despertar \u00e9 quando pessoas perdidas ouvem o Evangelho e respondem a ele. Eu acredito que, se olharmos para o cen\u00e1rio global atual e, principalmente, para os Estados Unidos, estamos testemunhando um despertar&#8221;, explicou ele.\u00a0<\/span><\/p>\n<p><span style=\"font-weight: 400;\">Pensando nisso, ele falou sobre as estat\u00edsticas recentes, como o <\/span><span style=\"color: #993300;\"><strong>aumento nas vendas da B\u00edblia<\/strong><\/span><span style=\"font-weight: 400;\">, e estudos que revelam que <\/span><span style=\"color: #993300;\"><strong>mais pessoas da Gera\u00e7\u00e3o Z e homens est\u00e3o frequentando a igreja<\/strong><\/span><span style=\"font-weight: 400;\">, como evid\u00eancia de que o Esp\u00edrito de Deus est\u00e1 agindo.<\/span><\/p>\n<p><span style=\"font-weight: 400;\">&#8220;Acredito que o secularismo prometeu significado e prop\u00f3sito, e falhou. O secularismo prometeu um mundo e uma cultura desprovidos de religi\u00e3o, desprovidos de valores tradicionais e despojados do cristianismo como um lugar melhor para se viver, mas agora acho que coletivamente, e especificamente os homens, vimos que isso \u00e9 uma mentira&#8221;, afirmou ele.<\/span><\/p>\n<p><span style=\"font-weight: 400;\">&#8220;Precisamos de moralidade. Precisamos de f\u00e9. Precisamos de fam\u00edlia. Precisamos de valores. E se n\u00e3o h\u00e1 Deus, ent\u00e3o n\u00e3o temos base para nenhuma cren\u00e7a, para nenhum sistema de valores. Acredito que agora existe uma fome por coisas espirituais e essa fome est\u00e1 sendo saciada pelo Evangelho&#8221;, acrescentou.<\/span><\/p>\n<p><span style=\"font-weight: 400;\">Clayton concluiu afirmando que a humanidade est\u00e1 \u00e0 beira de uma grande mudan\u00e7a: &#8220;N\u00e3o acho que nenhum de n\u00f3s saiba como ser\u00e1 esse despertar. J\u00e1 vimos grandes avivamentos na hist\u00f3ria americana e na hist\u00f3ria mundial, mas cada um foi diferente e n\u00e3o sabemos como ser\u00e1 este. No fim das contas, acredito que estamos apenas no in\u00edcio dele&#8221;.<\/span><\/p>\n<\/div>\n<p><script async src=\"\/\/www.instagram.com\/embed.js\"><\/script><br \/>\n<br \/><br \/>\n<br \/>Fonte: Guiame <\/p>\n","protected":false},"excerpt":{"rendered":"<p>Durante uma feira para profissionais que trabalham com telhados e energia solar nos Estados Unidos, mais de 200 pessoas aceitaram Jesus e dezenas foram batizadas ap\u00f3s a ministra\u00e7\u00e3o do Evangelho no evento. A RoofCon \u00e9 conhecida como a &#8220;confer\u00eancia n\u00famero 1 sobre telhados&#8221; nos EUA, onde\u00a0dezenas de homens e mulheres se re\u00fanem para criar conex\u00f5es [&hellip;]<\/p>\n","protected":false},"author":1,"featured_media":3342,"comment_status":"","ping_status":"open","sticky":false,"template":"","format":"standard","meta":{"footnotes":""},"categories":[43],"tags":[],"class_list":["post-3341","post","type-post","status-publish","format-standard","has-post-thumbnail","hentry","category-destaques"],"yoast_head":"<!-- This site is optimized with the Yoast SEO plugin v26.8 - https:\/\/yoast.com\/product\/yoast-seo-wordpress\/ -->\n<title>Feira empresarial termina com batismos e mais de 200 decis\u00f5es por Cristo nos EUA - R\u00e1dio Porto Seguro<\/title>\n<meta name=\"robots\" content=\"index, follow, max-snippet:-1, max-image-preview:large, max-video-preview:-1\" \/>\n<link rel=\"canonical\" href=\"https:\/\/radioportoseguro.com.br\/site\/2026\/01\/23\/feira-empresarial-termina-com-batismos-e-mais-de-200-decisoes-por-cristo-nos-eua\/\" \/>\n<meta property=\"og:locale\" content=\"pt_BR\" \/>\n<meta property=\"og:type\" content=\"article\" \/>\n<meta property=\"og:title\" content=\"Feira empresarial termina com batismos e mais de 200 decis\u00f5es por Cristo nos EUA - R\u00e1dio Porto Seguro\" \/>\n<meta property=\"og:description\" content=\"Durante uma feira para profissionais que trabalham com telhados e energia solar nos Estados Unidos, mais de 200 pessoas aceitaram Jesus e dezenas foram batizadas ap\u00f3s a ministra\u00e7\u00e3o do Evangelho no evento. A RoofCon \u00e9 conhecida como a &#8220;confer\u00eancia n\u00famero 1 sobre telhados&#8221; nos EUA, onde\u00a0dezenas de homens e mulheres se re\u00fanem para criar conex\u00f5es [&hellip;]\" \/>\n<meta property=\"og:url\" content=\"https:\/\/radioportoseguro.com.br\/site\/2026\/01\/23\/feira-empresarial-termina-com-batismos-e-mais-de-200-decisoes-por-cristo-nos-eua\/\" \/>\n<meta property=\"og:site_name\" content=\"R\u00e1dio Porto Seguro\" \/>\n<meta property=\"article:published_time\" content=\"2026-01-23T11:55:42+00:00\" \/>\n<meta property=\"og:image\" content=\"https:\/\/radioportoseguro.com.br\/site\/wp-content\/uploads\/2026\/01\/2793485732-os-batismos-foram-improvisados-no-salao-do-evento.jpeg\" \/>\n\t<meta property=\"og:image:width\" content=\"1200\" \/>\n\t<meta property=\"og:image:height\" content=\"600\" \/>\n\t<meta property=\"og:image:type\" content=\"image\/jpeg\" \/>\n<meta name=\"author\" content=\"admin\" \/>\n<meta name=\"twitter:card\" content=\"summary_large_image\" \/>\n<meta name=\"twitter:label1\" content=\"Escrito por\" \/>\n\t<meta name=\"twitter:data1\" content=\"admin\" \/>\n\t<meta name=\"twitter:label2\" content=\"Est. tempo de leitura\" \/>\n\t<meta name=\"twitter:data2\" content=\"4 minutos\" \/>\n<script type=\"application\/ld+json\" class=\"yoast-schema-graph\">{\"@context\":\"https:\/\/schema.org\",\"@graph\":[{\"@type\":\"Article\",\"@id\":\"https:\/\/radioportoseguro.com.br\/site\/2026\/01\/23\/feira-empresarial-termina-com-batismos-e-mais-de-200-decisoes-por-cristo-nos-eua\/#article\",\"isPartOf\":{\"@id\":\"https:\/\/radioportoseguro.com.br\/site\/2026\/01\/23\/feira-empresarial-termina-com-batismos-e-mais-de-200-decisoes-por-cristo-nos-eua\/\"},\"author\":{\"name\":\"admin\",\"@id\":\"https:\/\/radioportoseguro.com.br\/site\/#\/schema\/person\/7630acdc320186f13639d3c067ec089b\"},\"headline\":\"Feira empresarial termina com batismos e mais de 200 decis\u00f5es por Cristo nos EUA\",\"datePublished\":\"2026-01-23T11:55:42+00:00\",\"mainEntityOfPage\":{\"@id\":\"https:\/\/radioportoseguro.com.br\/site\/2026\/01\/23\/feira-empresarial-termina-com-batismos-e-mais-de-200-decisoes-por-cristo-nos-eua\/\"},\"wordCount\":715,\"image\":{\"@id\":\"https:\/\/radioportoseguro.com.br\/site\/2026\/01\/23\/feira-empresarial-termina-com-batismos-e-mais-de-200-decisoes-por-cristo-nos-eua\/#primaryimage\"},\"thumbnailUrl\":\"https:\/\/radioportoseguro.com.br\/site\/wp-content\/uploads\/2026\/01\/2793485732-os-batismos-foram-improvisados-no-salao-do-evento.jpeg\",\"articleSection\":[\"Destaques\"],\"inLanguage\":\"pt-BR\"},{\"@type\":\"WebPage\",\"@id\":\"https:\/\/radioportoseguro.com.br\/site\/2026\/01\/23\/feira-empresarial-termina-com-batismos-e-mais-de-200-decisoes-por-cristo-nos-eua\/\",\"url\":\"https:\/\/radioportoseguro.com.br\/site\/2026\/01\/23\/feira-empresarial-termina-com-batismos-e-mais-de-200-decisoes-por-cristo-nos-eua\/\",\"name\":\"Feira empresarial termina com batismos e mais de 200 decis\u00f5es por Cristo nos EUA - R\u00e1dio Porto Seguro\",\"isPartOf\":{\"@id\":\"https:\/\/radioportoseguro.com.br\/site\/#website\"},\"primaryImageOfPage\":{\"@id\":\"https:\/\/radioportoseguro.com.br\/site\/2026\/01\/23\/feira-empresarial-termina-com-batismos-e-mais-de-200-decisoes-por-cristo-nos-eua\/#primaryimage\"},\"image\":{\"@id\":\"https:\/\/radioportoseguro.com.br\/site\/2026\/01\/23\/feira-empresarial-termina-com-batismos-e-mais-de-200-decisoes-por-cristo-nos-eua\/#primaryimage\"},\"thumbnailUrl\":\"https:\/\/radioportoseguro.com.br\/site\/wp-content\/uploads\/2026\/01\/2793485732-os-batismos-foram-improvisados-no-salao-do-evento.jpeg\",\"datePublished\":\"2026-01-23T11:55:42+00:00\",\"author\":{\"@id\":\"https:\/\/radioportoseguro.com.br\/site\/#\/schema\/person\/7630acdc320186f13639d3c067ec089b\"},\"breadcrumb\":{\"@id\":\"https:\/\/radioportoseguro.com.br\/site\/2026\/01\/23\/feira-empresarial-termina-com-batismos-e-mais-de-200-decisoes-por-cristo-nos-eua\/#breadcrumb\"},\"inLanguage\":\"pt-BR\",\"potentialAction\":[{\"@type\":\"ReadAction\",\"target\":[\"https:\/\/radioportoseguro.com.br\/site\/2026\/01\/23\/feira-empresarial-termina-com-batismos-e-mais-de-200-decisoes-por-cristo-nos-eua\/\"]}]},{\"@type\":\"ImageObject\",\"inLanguage\":\"pt-BR\",\"@id\":\"https:\/\/radioportoseguro.com.br\/site\/2026\/01\/23\/feira-empresarial-termina-com-batismos-e-mais-de-200-decisoes-por-cristo-nos-eua\/#primaryimage\",\"url\":\"https:\/\/radioportoseguro.com.br\/site\/wp-content\/uploads\/2026\/01\/2793485732-os-batismos-foram-improvisados-no-salao-do-evento.jpeg\",\"contentUrl\":\"https:\/\/radioportoseguro.com.br\/site\/wp-content\/uploads\/2026\/01\/2793485732-os-batismos-foram-improvisados-no-salao-do-evento.jpeg\",\"width\":1200,\"height\":600},{\"@type\":\"BreadcrumbList\",\"@id\":\"https:\/\/radioportoseguro.com.br\/site\/2026\/01\/23\/feira-empresarial-termina-com-batismos-e-mais-de-200-decisoes-por-cristo-nos-eua\/#breadcrumb\",\"itemListElement\":[{\"@type\":\"ListItem\",\"position\":1,\"name\":\"In\u00edcio\",\"item\":\"https:\/\/radioportoseguro.com.br\/site\/\"},{\"@type\":\"ListItem\",\"position\":2,\"name\":\"Feira empresarial termina com batismos e mais de 200 decis\u00f5es por Cristo nos EUA\"}]},{\"@type\":\"WebSite\",\"@id\":\"https:\/\/radioportoseguro.com.br\/site\/#website\",\"url\":\"https:\/\/radioportoseguro.com.br\/site\/\",\"name\":\"R\u00e1dio Porto Seguro\",\"description\":\"\",\"potentialAction\":[{\"@type\":\"SearchAction\",\"target\":{\"@type\":\"EntryPoint\",\"urlTemplate\":\"https:\/\/radioportoseguro.com.br\/site\/?s={search_term_string}\"},\"query-input\":{\"@type\":\"PropertyValueSpecification\",\"valueRequired\":true,\"valueName\":\"search_term_string\"}}],\"inLanguage\":\"pt-BR\"},{\"@type\":\"Person\",\"@id\":\"https:\/\/radioportoseguro.com.br\/site\/#\/schema\/person\/7630acdc320186f13639d3c067ec089b\",\"name\":\"admin\",\"image\":{\"@type\":\"ImageObject\",\"inLanguage\":\"pt-BR\",\"@id\":\"https:\/\/radioportoseguro.com.br\/site\/#\/schema\/person\/image\/\",\"url\":\"https:\/\/secure.gravatar.com\/avatar\/caacf4dc1eedb68fab0df8e1ed46c448e578b2466351bbcb61e47d2ac0caaef0?s=96&d=mm&r=g\",\"contentUrl\":\"https:\/\/secure.gravatar.com\/avatar\/caacf4dc1eedb68fab0df8e1ed46c448e578b2466351bbcb61e47d2ac0caaef0?s=96&d=mm&r=g\",\"caption\":\"admin\"},\"sameAs\":[\"https:\/\/radioportoseguro.com.br\/site\"],\"url\":\"https:\/\/radioportoseguro.com.br\/site\/author\/hezio\/\"}]}<\/script>\n<!-- \/ Yoast SEO plugin. -->","yoast_head_json":{"title":"Feira empresarial termina com batismos e mais de 200 decis\u00f5es por Cristo nos EUA - R\u00e1dio Porto Seguro","robots":{"index":"index","follow":"follow","max-snippet":"max-snippet:-1","max-image-preview":"max-image-preview:large","max-video-preview":"max-video-preview:-1"},"canonical":"https:\/\/radioportoseguro.com.br\/site\/2026\/01\/23\/feira-empresarial-termina-com-batismos-e-mais-de-200-decisoes-por-cristo-nos-eua\/","og_locale":"pt_BR","og_type":"article","og_title":"Feira empresarial termina com batismos e mais de 200 decis\u00f5es por Cristo nos EUA - R\u00e1dio Porto Seguro","og_description":"Durante uma feira para profissionais que trabalham com telhados e energia solar nos Estados Unidos, mais de 200 pessoas aceitaram Jesus e dezenas foram batizadas ap\u00f3s a ministra\u00e7\u00e3o do Evangelho no evento. A RoofCon \u00e9 conhecida como a &#8220;confer\u00eancia n\u00famero 1 sobre telhados&#8221; nos EUA, onde\u00a0dezenas de homens e mulheres se re\u00fanem para criar conex\u00f5es [&hellip;]","og_url":"https:\/\/radioportoseguro.com.br\/site\/2026\/01\/23\/feira-empresarial-termina-com-batismos-e-mais-de-200-decisoes-por-cristo-nos-eua\/","og_site_name":"R\u00e1dio Porto Seguro","article_published_time":"2026-01-23T11:55:42+00:00","og_image":[{"width":1200,"height":600,"url":"https:\/\/radioportoseguro.com.br\/site\/wp-content\/uploads\/2026\/01\/2793485732-os-batismos-foram-improvisados-no-salao-do-evento.jpeg","type":"image\/jpeg"}],"author":"admin","twitter_card":"summary_large_image","twitter_misc":{"Escrito por":"admin","Est. tempo de leitura":"4 minutos"},"schema":{"@context":"https:\/\/schema.org","@graph":[{"@type":"Article","@id":"https:\/\/radioportoseguro.com.br\/site\/2026\/01\/23\/feira-empresarial-termina-com-batismos-e-mais-de-200-decisoes-por-cristo-nos-eua\/#article","isPartOf":{"@id":"https:\/\/radioportoseguro.com.br\/site\/2026\/01\/23\/feira-empresarial-termina-com-batismos-e-mais-de-200-decisoes-por-cristo-nos-eua\/"},"author":{"name":"admin","@id":"https:\/\/radioportoseguro.com.br\/site\/#\/schema\/person\/7630acdc320186f13639d3c067ec089b"},"headline":"Feira empresarial termina com batismos e mais de 200 decis\u00f5es por Cristo nos EUA","datePublished":"2026-01-23T11:55:42+00:00","mainEntityOfPage":{"@id":"https:\/\/radioportoseguro.com.br\/site\/2026\/01\/23\/feira-empresarial-termina-com-batismos-e-mais-de-200-decisoes-por-cristo-nos-eua\/"},"wordCount":715,"image":{"@id":"https:\/\/radioportoseguro.com.br\/site\/2026\/01\/23\/feira-empresarial-termina-com-batismos-e-mais-de-200-decisoes-por-cristo-nos-eua\/#primaryimage"},"thumbnailUrl":"https:\/\/radioportoseguro.com.br\/site\/wp-content\/uploads\/2026\/01\/2793485732-os-batismos-foram-improvisados-no-salao-do-evento.jpeg","articleSection":["Destaques"],"inLanguage":"pt-BR"},{"@type":"WebPage","@id":"https:\/\/radioportoseguro.com.br\/site\/2026\/01\/23\/feira-empresarial-termina-com-batismos-e-mais-de-200-decisoes-por-cristo-nos-eua\/","url":"https:\/\/radioportoseguro.com.br\/site\/2026\/01\/23\/feira-empresarial-termina-com-batismos-e-mais-de-200-decisoes-por-cristo-nos-eua\/","name":"Feira empresarial termina com batismos e mais de 200 decis\u00f5es por Cristo nos EUA - R\u00e1dio Porto Seguro","isPartOf":{"@id":"https:\/\/radioportoseguro.com.br\/site\/#website"},"primaryImageOfPage":{"@id":"https:\/\/radioportoseguro.com.br\/site\/2026\/01\/23\/feira-empresarial-termina-com-batismos-e-mais-de-200-decisoes-por-cristo-nos-eua\/#primaryimage"},"image":{"@id":"https:\/\/radioportoseguro.com.br\/site\/2026\/01\/23\/feira-empresarial-termina-com-batismos-e-mais-de-200-decisoes-por-cristo-nos-eua\/#primaryimage"},"thumbnailUrl":"https:\/\/radioportoseguro.com.br\/site\/wp-content\/uploads\/2026\/01\/2793485732-os-batismos-foram-improvisados-no-salao-do-evento.jpeg","datePublished":"2026-01-23T11:55:42+00:00","author":{"@id":"https:\/\/radioportoseguro.com.br\/site\/#\/schema\/person\/7630acdc320186f13639d3c067ec089b"},"breadcrumb":{"@id":"https:\/\/radioportoseguro.com.br\/site\/2026\/01\/23\/feira-empresarial-termina-com-batismos-e-mais-de-200-decisoes-por-cristo-nos-eua\/#breadcrumb"},"inLanguage":"pt-BR","potentialAction":[{"@type":"ReadAction","target":["https:\/\/radioportoseguro.com.br\/site\/2026\/01\/23\/feira-empresarial-termina-com-batismos-e-mais-de-200-decisoes-por-cristo-nos-eua\/"]}]},{"@type":"ImageObject","inLanguage":"pt-BR","@id":"https:\/\/radioportoseguro.com.br\/site\/2026\/01\/23\/feira-empresarial-termina-com-batismos-e-mais-de-200-decisoes-por-cristo-nos-eua\/#primaryimage","url":"https:\/\/radioportoseguro.com.br\/site\/wp-content\/uploads\/2026\/01\/2793485732-os-batismos-foram-improvisados-no-salao-do-evento.jpeg","contentUrl":"https:\/\/radioportoseguro.com.br\/site\/wp-content\/uploads\/2026\/01\/2793485732-os-batismos-foram-improvisados-no-salao-do-evento.jpeg","width":1200,"height":600},{"@type":"BreadcrumbList","@id":"https:\/\/radioportoseguro.com.br\/site\/2026\/01\/23\/feira-empresarial-termina-com-batismos-e-mais-de-200-decisoes-por-cristo-nos-eua\/#breadcrumb","itemListElement":[{"@type":"ListItem","position":1,"name":"In\u00edcio","item":"https:\/\/radioportoseguro.com.br\/site\/"},{"@type":"ListItem","position":2,"name":"Feira empresarial termina com batismos e mais de 200 decis\u00f5es por Cristo nos EUA"}]},{"@type":"WebSite","@id":"https:\/\/radioportoseguro.com.br\/site\/#website","url":"https:\/\/radioportoseguro.com.br\/site\/","name":"R\u00e1dio Porto Seguro","description":"","potentialAction":[{"@type":"SearchAction","target":{"@type":"EntryPoint","urlTemplate":"https:\/\/radioportoseguro.com.br\/site\/?s={search_term_string}"},"query-input":{"@type":"PropertyValueSpecification","valueRequired":true,"valueName":"search_term_string"}}],"inLanguage":"pt-BR"},{"@type":"Person","@id":"https:\/\/radioportoseguro.com.br\/site\/#\/schema\/person\/7630acdc320186f13639d3c067ec089b","name":"admin","image":{"@type":"ImageObject","inLanguage":"pt-BR","@id":"https:\/\/radioportoseguro.com.br\/site\/#\/schema\/person\/image\/","url":"https:\/\/secure.gravatar.com\/avatar\/caacf4dc1eedb68fab0df8e1ed46c448e578b2466351bbcb61e47d2ac0caaef0?s=96&d=mm&r=g","contentUrl":"https:\/\/secure.gravatar.com\/avatar\/caacf4dc1eedb68fab0df8e1ed46c448e578b2466351bbcb61e47d2ac0caaef0?s=96&d=mm&r=g","caption":"admin"},"sameAs":["https:\/\/radioportoseguro.com.br\/site"],"url":"https:\/\/radioportoseguro.com.br\/site\/author\/hezio\/"}]}},"_links":{"self":[{"href":"https:\/\/radioportoseguro.com.br\/site\/wp-json\/wp\/v2\/posts\/3341","targetHints":{"allow":["GET"]}}],"collection":[{"href":"https:\/\/radioportoseguro.com.br\/site\/wp-json\/wp\/v2\/posts"}],"about":[{"href":"https:\/\/radioportoseguro.com.br\/site\/wp-json\/wp\/v2\/types\/post"}],"author":[{"embeddable":true,"href":"https:\/\/radioportoseguro.com.br\/site\/wp-json\/wp\/v2\/users\/1"}],"replies":[{"embeddable":true,"href":"https:\/\/radioportoseguro.com.br\/site\/wp-json\/wp\/v2\/comments?post=3341"}],"version-history":[{"count":0,"href":"https:\/\/radioportoseguro.com.br\/site\/wp-json\/wp\/v2\/posts\/3341\/revisions"}],"wp:featuredmedia":[{"embeddable":true,"href":"https:\/\/radioportoseguro.com.br\/site\/wp-json\/wp\/v2\/media\/3342"}],"wp:attachment":[{"href":"https:\/\/radioportoseguro.com.br\/site\/wp-json\/wp\/v2\/media?parent=3341"}],"wp:term":[{"taxonomy":"category","embeddable":true,"href":"https:\/\/radioportoseguro.com.br\/site\/wp-json\/wp\/v2\/categories?post=3341"},{"taxonomy":"post_tag","embeddable":true,"href":"https:\/\/radioportoseguro.com.br\/site\/wp-json\/wp\/v2\/tags?post=3341"}],"curies":[{"name":"wp","href":"https:\/\/api.w.org\/{rel}","templated":true}]}}