{"id":3366,"date":"2026-01-23T22:01:50","date_gmt":"2026-01-24T01:01:50","guid":{"rendered":"https:\/\/radioportoseguro.com.br\/site\/2026\/01\/23\/moradora-de-rua-e-curada-de-lesao-na-costela-durante-evangelismo-no-japao-a-dor-sumiu\/"},"modified":"2026-01-23T22:01:50","modified_gmt":"2026-01-24T01:01:50","slug":"moradora-de-rua-e-curada-de-lesao-na-costela-durante-evangelismo-no-japao-a-dor-sumiu","status":"publish","type":"post","link":"https:\/\/radioportoseguro.com.br\/site\/2026\/01\/23\/moradora-de-rua-e-curada-de-lesao-na-costela-durante-evangelismo-no-japao-a-dor-sumiu\/","title":{"rendered":"Moradora de rua \u00e9 curada de les\u00e3o na costela durante evangelismo no Jap\u00e3o: \u201cA dor sumiu\u201d"},"content":{"rendered":"<p><br \/>\n<br \/><\/p>\n<div>\n<p><span style=\"font-weight: 400;\">Na \u00faltima quarta-feira (21), uma mulher em situa\u00e7\u00e3o de rua, com les\u00e3o na costela, foi curada ap\u00f3s receber ora\u00e7\u00e3o nas ruas do Jap\u00e3o. A a\u00e7\u00e3o foi liderada pelo evangelista brasileiro e ex-lutador de boxe <\/span><span style=\"color: #993300;\"><strong>Marcos Sogabe<\/strong><\/span><span style=\"font-weight: 400;\">, com o apoio de mission\u00e1rios da Jocum.<\/span><\/p>\n<p><span style=\"font-weight: 400;\">Durante uma a\u00e7\u00e3o evangel\u00edstica na cidade de Nagoya, Marcos saiu \u00e0s ruas para orar e evangelizar pessoas em situa\u00e7\u00e3o de rua com os mission\u00e1rios e jovens de igrejas locais.<\/span><\/p>\n<p><span style=\"font-weight: 400;\">Na ocasi\u00e3o, eles encontraram uma mulher que sofria de dores devido a duas rachaduras na costela do lado esquerdo. Ap\u00f3s orarem com imposi\u00e7\u00e3o de m\u00e3os, ela foi instantaneamente curada.<\/span><\/p>\n<p><span style=\"font-weight: 400;\">\u201cDeus fez uma cura instant\u00e2nea atrav\u00e9s da nossa ora\u00e7\u00e3o e a dor sumiu\u201d, disse Marcos no Instagram.<\/span><\/p>\n<p><span style=\"font-weight: 400;\">\u201cTemos visto Deus realizar muitas curas no meio dos nossos irm\u00e3os japoneses e isso tem despertado a f\u00e9 deles, que cada vez mais tem pedido por ora\u00e7\u00f5es de cura\u201d, acrescentou.\u00a0<\/span><\/p>\n<blockquote class=\"instagram-media\" style=\"background: #FFF; border: 0; border-radius: 3px; box-shadow: 0 0 1px 0 rgba(0,0,0,0.5),0 1px 10px 0 rgba(0,0,0,0.15); margin: 1px; max-width: 540px; min-width: 326px; padding: 0; width: calc(100% - 2px);\" data-instgrm-permalink=\"https:\/\/www.instagram.com\/reel\/DTz2F6qkomn\/?utm_source=ig_embed&amp;utm_campaign=loading\" data-instgrm-version=\"14\"><p>&#13;<br \/>\n&#13;\n<\/p><\/blockquote>\n<p><span style=\"font-weight: 400;\">Marcos relatou que passou muito tempo orando por essa japonesa e que chegou a questionar a Deus por que ela ainda n\u00e3o havia recebido um milagre.<\/span><\/p>\n<p><span style=\"font-weight: 400;\">\u201cEla \u00e9 uma das pessoas que eu mais orei na minha vida, sempre por cura. Eu fiquei muito feliz que Deus deu esse livramento para ela e tirou a dor, porque eu j\u00e1 tinha orado tanto por ela\u201d, relatou ele.\u00a0<\/span><\/p>\n<p><span style=\"font-weight: 400;\">O evangelista afirmou que tem visto um \u201cgrande avivamento\u201d acontecer em Nagoya por meio dos evangelismos de rua.\u00a0<\/span><\/p>\n<p><strong>Evangelismo nas ruas<\/strong><\/p>\n<p><span style=\"font-weight: 400;\">Marcos, que passou de atleta profissional no Jap\u00e3o a mission\u00e1rio, transformou seu foco nos ringues para o <\/span><span style=\"color: #993300;\"><strong>cuidado pr\u00e1tico e espiritual com vulner\u00e1veis<\/strong><\/span><span style=\"font-weight: 400;\">.\u00a0<\/span><\/p>\n<p><span style=\"font-weight: 400;\">Desde ent\u00e3o, ele est\u00e1 envolvido em obras sociais em Nagoya, por meio da Miss\u00e3o Apoio \u2013 Bom Samaritano, um projeto que distribui alimentos e apoio espiritual para sem tetos e o Gym Church.\u00a0<\/span><\/p>\n<blockquote class=\"instagram-media\" style=\"background: #FFF; border: 0; border-radius: 3px; box-shadow: 0 0 1px 0 rgba(0,0,0,0.5),0 1px 10px 0 rgba(0,0,0,0.15); margin: 1px; max-width: 540px; min-width: 326px; padding: 0; width: calc(100% - 2px);\" data-instgrm-permalink=\"https:\/\/www.instagram.com\/reel\/DT2cmiZkVoI\/?utm_source=ig_embed&amp;utm_campaign=loading\" data-instgrm-version=\"14\"><p>&#13;<br \/>\n&#13;\n<\/p><\/blockquote>\n<p><span style=\"font-weight: 400;\">No \u00faltimo evangelismo, os crist\u00e3os sa\u00edram \u00e0s ruas com cartazes, distribu\u00edram alimentos, oraram e ofereceram abra\u00e7os aos sem-teto.<\/span><\/p>\n<p><span style=\"font-weight: 400;\">Sobre o contexto cultural do Jap\u00e3o, Marcos explicou: \u201cAbra\u00e7os curam! Muitos japoneses nunca receberam um abra\u00e7o porque isso n\u00e3o faz parte da cultura deles. Pais e filhos n\u00e3o se abra\u00e7am, namorados n\u00e3o andam de m\u00e3os dadas, o amor \u00e9 frio por aqui\u201d.<\/span><\/p>\n<p><span style=\"font-weight: 400;\">Durante a a\u00e7\u00e3o, quase todas as pessoas que foram abordadas pelos crist\u00e3os aceitaram um abra\u00e7o e uma ora\u00e7\u00e3o:<\/span><\/p>\n<p><span style=\"font-weight: 400;\">\u201cMuito mais do que o alimento f\u00edsico, eles precisam do alimento emocional e espiritual tamb\u00e9m, por isso o trabalho social e evangel\u00edstico precisam andar lado a lado para dar certo\u201d.\u00a0<\/span><\/p>\n<\/div>\n<p><script async src=\"\/\/www.instagram.com\/embed.js\"><\/script><br \/>\n<br \/><br \/>\n<br \/>Fonte: Guiame <\/p>\n","protected":false},"excerpt":{"rendered":"<p>Na \u00faltima quarta-feira (21), uma mulher em situa\u00e7\u00e3o de rua, com les\u00e3o na costela, foi curada ap\u00f3s receber ora\u00e7\u00e3o nas ruas do Jap\u00e3o. A a\u00e7\u00e3o foi liderada pelo evangelista brasileiro e ex-lutador de boxe Marcos Sogabe, com o apoio de mission\u00e1rios da Jocum. Durante uma a\u00e7\u00e3o evangel\u00edstica na cidade de Nagoya, Marcos saiu \u00e0s ruas [&hellip;]<\/p>\n","protected":false},"author":1,"featured_media":3367,"comment_status":"","ping_status":"open","sticky":false,"template":"","format":"standard","meta":{"footnotes":""},"categories":[43],"tags":[],"class_list":["post-3366","post","type-post","status-publish","format-standard","has-post-thumbnail","hentry","category-destaques"],"yoast_head":"<!-- This site is optimized with the Yoast SEO plugin v26.8 - https:\/\/yoast.com\/product\/yoast-seo-wordpress\/ -->\n<title>Moradora de rua \u00e9 curada de les\u00e3o na costela durante evangelismo no Jap\u00e3o: \u201cA dor sumiu\u201d - R\u00e1dio Porto Seguro<\/title>\n<meta name=\"robots\" content=\"index, follow, max-snippet:-1, max-image-preview:large, max-video-preview:-1\" \/>\n<link rel=\"canonical\" href=\"https:\/\/radioportoseguro.com.br\/site\/2026\/01\/23\/moradora-de-rua-e-curada-de-lesao-na-costela-durante-evangelismo-no-japao-a-dor-sumiu\/\" \/>\n<meta property=\"og:locale\" content=\"pt_BR\" \/>\n<meta property=\"og:type\" content=\"article\" \/>\n<meta property=\"og:title\" content=\"Moradora de rua \u00e9 curada de les\u00e3o na costela durante evangelismo no Jap\u00e3o: \u201cA dor sumiu\u201d - R\u00e1dio Porto Seguro\" \/>\n<meta property=\"og:description\" content=\"Na \u00faltima quarta-feira (21), uma mulher em situa\u00e7\u00e3o de rua, com les\u00e3o na costela, foi curada ap\u00f3s receber ora\u00e7\u00e3o nas ruas do Jap\u00e3o. A a\u00e7\u00e3o foi liderada pelo evangelista brasileiro e ex-lutador de boxe Marcos Sogabe, com o apoio de mission\u00e1rios da Jocum. Durante uma a\u00e7\u00e3o evangel\u00edstica na cidade de Nagoya, Marcos saiu \u00e0s ruas [&hellip;]\" \/>\n<meta property=\"og:url\" content=\"https:\/\/radioportoseguro.com.br\/site\/2026\/01\/23\/moradora-de-rua-e-curada-de-lesao-na-costela-durante-evangelismo-no-japao-a-dor-sumiu\/\" \/>\n<meta property=\"og:site_name\" content=\"R\u00e1dio Porto Seguro\" \/>\n<meta property=\"article:published_time\" content=\"2026-01-24T01:01:50+00:00\" \/>\n<meta property=\"og:image\" content=\"https:\/\/media.guiame.com.br\/archives\/2026\/01\/23\/2128764128-mulher-foi-curada-apos-uma-oracao-nas-ruas.jpeg\" \/>\n<meta name=\"author\" content=\"admin\" \/>\n<meta name=\"twitter:card\" content=\"summary_large_image\" \/>\n<meta name=\"twitter:label1\" content=\"Escrito por\" \/>\n\t<meta name=\"twitter:data1\" content=\"admin\" \/>\n\t<meta name=\"twitter:label2\" content=\"Est. tempo de leitura\" \/>\n\t<meta name=\"twitter:data2\" content=\"2 minutos\" \/>\n<script type=\"application\/ld+json\" class=\"yoast-schema-graph\">{\"@context\":\"https:\/\/schema.org\",\"@graph\":[{\"@type\":\"Article\",\"@id\":\"https:\/\/radioportoseguro.com.br\/site\/2026\/01\/23\/moradora-de-rua-e-curada-de-lesao-na-costela-durante-evangelismo-no-japao-a-dor-sumiu\/#article\",\"isPartOf\":{\"@id\":\"https:\/\/radioportoseguro.com.br\/site\/2026\/01\/23\/moradora-de-rua-e-curada-de-lesao-na-costela-durante-evangelismo-no-japao-a-dor-sumiu\/\"},\"author\":{\"name\":\"admin\",\"@id\":\"https:\/\/radioportoseguro.com.br\/site\/#\/schema\/person\/7630acdc320186f13639d3c067ec089b\"},\"headline\":\"Moradora de rua \u00e9 curada de les\u00e3o na costela durante evangelismo no Jap\u00e3o: \u201cA dor sumiu\u201d\",\"datePublished\":\"2026-01-24T01:01:50+00:00\",\"mainEntityOfPage\":{\"@id\":\"https:\/\/radioportoseguro.com.br\/site\/2026\/01\/23\/moradora-de-rua-e-curada-de-lesao-na-costela-durante-evangelismo-no-japao-a-dor-sumiu\/\"},\"wordCount\":462,\"image\":{\"@id\":\"https:\/\/radioportoseguro.com.br\/site\/2026\/01\/23\/moradora-de-rua-e-curada-de-lesao-na-costela-durante-evangelismo-no-japao-a-dor-sumiu\/#primaryimage\"},\"thumbnailUrl\":\"https:\/\/radioportoseguro.com.br\/site\/wp-content\/uploads\/2026\/01\/2128764128-mulher-foi-curada-apos-uma-oracao-nas-ruas.jpeg\",\"articleSection\":[\"Destaques\"],\"inLanguage\":\"pt-BR\"},{\"@type\":\"WebPage\",\"@id\":\"https:\/\/radioportoseguro.com.br\/site\/2026\/01\/23\/moradora-de-rua-e-curada-de-lesao-na-costela-durante-evangelismo-no-japao-a-dor-sumiu\/\",\"url\":\"https:\/\/radioportoseguro.com.br\/site\/2026\/01\/23\/moradora-de-rua-e-curada-de-lesao-na-costela-durante-evangelismo-no-japao-a-dor-sumiu\/\",\"name\":\"Moradora de rua \u00e9 curada de les\u00e3o na costela durante evangelismo no Jap\u00e3o: \u201cA dor sumiu\u201d - R\u00e1dio Porto Seguro\",\"isPartOf\":{\"@id\":\"https:\/\/radioportoseguro.com.br\/site\/#website\"},\"primaryImageOfPage\":{\"@id\":\"https:\/\/radioportoseguro.com.br\/site\/2026\/01\/23\/moradora-de-rua-e-curada-de-lesao-na-costela-durante-evangelismo-no-japao-a-dor-sumiu\/#primaryimage\"},\"image\":{\"@id\":\"https:\/\/radioportoseguro.com.br\/site\/2026\/01\/23\/moradora-de-rua-e-curada-de-lesao-na-costela-durante-evangelismo-no-japao-a-dor-sumiu\/#primaryimage\"},\"thumbnailUrl\":\"https:\/\/radioportoseguro.com.br\/site\/wp-content\/uploads\/2026\/01\/2128764128-mulher-foi-curada-apos-uma-oracao-nas-ruas.jpeg\",\"datePublished\":\"2026-01-24T01:01:50+00:00\",\"author\":{\"@id\":\"https:\/\/radioportoseguro.com.br\/site\/#\/schema\/person\/7630acdc320186f13639d3c067ec089b\"},\"breadcrumb\":{\"@id\":\"https:\/\/radioportoseguro.com.br\/site\/2026\/01\/23\/moradora-de-rua-e-curada-de-lesao-na-costela-durante-evangelismo-no-japao-a-dor-sumiu\/#breadcrumb\"},\"inLanguage\":\"pt-BR\",\"potentialAction\":[{\"@type\":\"ReadAction\",\"target\":[\"https:\/\/radioportoseguro.com.br\/site\/2026\/01\/23\/moradora-de-rua-e-curada-de-lesao-na-costela-durante-evangelismo-no-japao-a-dor-sumiu\/\"]}]},{\"@type\":\"ImageObject\",\"inLanguage\":\"pt-BR\",\"@id\":\"https:\/\/radioportoseguro.com.br\/site\/2026\/01\/23\/moradora-de-rua-e-curada-de-lesao-na-costela-durante-evangelismo-no-japao-a-dor-sumiu\/#primaryimage\",\"url\":\"https:\/\/radioportoseguro.com.br\/site\/wp-content\/uploads\/2026\/01\/2128764128-mulher-foi-curada-apos-uma-oracao-nas-ruas.jpeg\",\"contentUrl\":\"https:\/\/radioportoseguro.com.br\/site\/wp-content\/uploads\/2026\/01\/2128764128-mulher-foi-curada-apos-uma-oracao-nas-ruas.jpeg\",\"width\":1200,\"height\":600},{\"@type\":\"BreadcrumbList\",\"@id\":\"https:\/\/radioportoseguro.com.br\/site\/2026\/01\/23\/moradora-de-rua-e-curada-de-lesao-na-costela-durante-evangelismo-no-japao-a-dor-sumiu\/#breadcrumb\",\"itemListElement\":[{\"@type\":\"ListItem\",\"position\":1,\"name\":\"In\u00edcio\",\"item\":\"https:\/\/radioportoseguro.com.br\/site\/\"},{\"@type\":\"ListItem\",\"position\":2,\"name\":\"Moradora de rua \u00e9 curada de les\u00e3o na costela durante evangelismo no Jap\u00e3o: \u201cA dor sumiu\u201d\"}]},{\"@type\":\"WebSite\",\"@id\":\"https:\/\/radioportoseguro.com.br\/site\/#website\",\"url\":\"https:\/\/radioportoseguro.com.br\/site\/\",\"name\":\"R\u00e1dio Porto Seguro\",\"description\":\"\",\"potentialAction\":[{\"@type\":\"SearchAction\",\"target\":{\"@type\":\"EntryPoint\",\"urlTemplate\":\"https:\/\/radioportoseguro.com.br\/site\/?s={search_term_string}\"},\"query-input\":{\"@type\":\"PropertyValueSpecification\",\"valueRequired\":true,\"valueName\":\"search_term_string\"}}],\"inLanguage\":\"pt-BR\"},{\"@type\":\"Person\",\"@id\":\"https:\/\/radioportoseguro.com.br\/site\/#\/schema\/person\/7630acdc320186f13639d3c067ec089b\",\"name\":\"admin\",\"image\":{\"@type\":\"ImageObject\",\"inLanguage\":\"pt-BR\",\"@id\":\"https:\/\/radioportoseguro.com.br\/site\/#\/schema\/person\/image\/\",\"url\":\"https:\/\/secure.gravatar.com\/avatar\/caacf4dc1eedb68fab0df8e1ed46c448e578b2466351bbcb61e47d2ac0caaef0?s=96&d=mm&r=g\",\"contentUrl\":\"https:\/\/secure.gravatar.com\/avatar\/caacf4dc1eedb68fab0df8e1ed46c448e578b2466351bbcb61e47d2ac0caaef0?s=96&d=mm&r=g\",\"caption\":\"admin\"},\"sameAs\":[\"https:\/\/radioportoseguro.com.br\/site\"],\"url\":\"https:\/\/radioportoseguro.com.br\/site\/author\/hezio\/\"}]}<\/script>\n<!-- \/ Yoast SEO plugin. -->","yoast_head_json":{"title":"Moradora de rua \u00e9 curada de les\u00e3o na costela durante evangelismo no Jap\u00e3o: \u201cA dor sumiu\u201d - R\u00e1dio Porto Seguro","robots":{"index":"index","follow":"follow","max-snippet":"max-snippet:-1","max-image-preview":"max-image-preview:large","max-video-preview":"max-video-preview:-1"},"canonical":"https:\/\/radioportoseguro.com.br\/site\/2026\/01\/23\/moradora-de-rua-e-curada-de-lesao-na-costela-durante-evangelismo-no-japao-a-dor-sumiu\/","og_locale":"pt_BR","og_type":"article","og_title":"Moradora de rua \u00e9 curada de les\u00e3o na costela durante evangelismo no Jap\u00e3o: \u201cA dor sumiu\u201d - R\u00e1dio Porto Seguro","og_description":"Na \u00faltima quarta-feira (21), uma mulher em situa\u00e7\u00e3o de rua, com les\u00e3o na costela, foi curada ap\u00f3s receber ora\u00e7\u00e3o nas ruas do Jap\u00e3o. A a\u00e7\u00e3o foi liderada pelo evangelista brasileiro e ex-lutador de boxe Marcos Sogabe, com o apoio de mission\u00e1rios da Jocum. Durante uma a\u00e7\u00e3o evangel\u00edstica na cidade de Nagoya, Marcos saiu \u00e0s ruas [&hellip;]","og_url":"https:\/\/radioportoseguro.com.br\/site\/2026\/01\/23\/moradora-de-rua-e-curada-de-lesao-na-costela-durante-evangelismo-no-japao-a-dor-sumiu\/","og_site_name":"R\u00e1dio Porto Seguro","article_published_time":"2026-01-24T01:01:50+00:00","og_image":[{"url":"https:\/\/media.guiame.com.br\/archives\/2026\/01\/23\/2128764128-mulher-foi-curada-apos-uma-oracao-nas-ruas.jpeg","type":"","width":"","height":""}],"author":"admin","twitter_card":"summary_large_image","twitter_misc":{"Escrito por":"admin","Est. tempo de leitura":"2 minutos"},"schema":{"@context":"https:\/\/schema.org","@graph":[{"@type":"Article","@id":"https:\/\/radioportoseguro.com.br\/site\/2026\/01\/23\/moradora-de-rua-e-curada-de-lesao-na-costela-durante-evangelismo-no-japao-a-dor-sumiu\/#article","isPartOf":{"@id":"https:\/\/radioportoseguro.com.br\/site\/2026\/01\/23\/moradora-de-rua-e-curada-de-lesao-na-costela-durante-evangelismo-no-japao-a-dor-sumiu\/"},"author":{"name":"admin","@id":"https:\/\/radioportoseguro.com.br\/site\/#\/schema\/person\/7630acdc320186f13639d3c067ec089b"},"headline":"Moradora de rua \u00e9 curada de les\u00e3o na costela durante evangelismo no Jap\u00e3o: \u201cA dor sumiu\u201d","datePublished":"2026-01-24T01:01:50+00:00","mainEntityOfPage":{"@id":"https:\/\/radioportoseguro.com.br\/site\/2026\/01\/23\/moradora-de-rua-e-curada-de-lesao-na-costela-durante-evangelismo-no-japao-a-dor-sumiu\/"},"wordCount":462,"image":{"@id":"https:\/\/radioportoseguro.com.br\/site\/2026\/01\/23\/moradora-de-rua-e-curada-de-lesao-na-costela-durante-evangelismo-no-japao-a-dor-sumiu\/#primaryimage"},"thumbnailUrl":"https:\/\/radioportoseguro.com.br\/site\/wp-content\/uploads\/2026\/01\/2128764128-mulher-foi-curada-apos-uma-oracao-nas-ruas.jpeg","articleSection":["Destaques"],"inLanguage":"pt-BR"},{"@type":"WebPage","@id":"https:\/\/radioportoseguro.com.br\/site\/2026\/01\/23\/moradora-de-rua-e-curada-de-lesao-na-costela-durante-evangelismo-no-japao-a-dor-sumiu\/","url":"https:\/\/radioportoseguro.com.br\/site\/2026\/01\/23\/moradora-de-rua-e-curada-de-lesao-na-costela-durante-evangelismo-no-japao-a-dor-sumiu\/","name":"Moradora de rua \u00e9 curada de les\u00e3o na costela durante evangelismo no Jap\u00e3o: \u201cA dor sumiu\u201d - R\u00e1dio Porto Seguro","isPartOf":{"@id":"https:\/\/radioportoseguro.com.br\/site\/#website"},"primaryImageOfPage":{"@id":"https:\/\/radioportoseguro.com.br\/site\/2026\/01\/23\/moradora-de-rua-e-curada-de-lesao-na-costela-durante-evangelismo-no-japao-a-dor-sumiu\/#primaryimage"},"image":{"@id":"https:\/\/radioportoseguro.com.br\/site\/2026\/01\/23\/moradora-de-rua-e-curada-de-lesao-na-costela-durante-evangelismo-no-japao-a-dor-sumiu\/#primaryimage"},"thumbnailUrl":"https:\/\/radioportoseguro.com.br\/site\/wp-content\/uploads\/2026\/01\/2128764128-mulher-foi-curada-apos-uma-oracao-nas-ruas.jpeg","datePublished":"2026-01-24T01:01:50+00:00","author":{"@id":"https:\/\/radioportoseguro.com.br\/site\/#\/schema\/person\/7630acdc320186f13639d3c067ec089b"},"breadcrumb":{"@id":"https:\/\/radioportoseguro.com.br\/site\/2026\/01\/23\/moradora-de-rua-e-curada-de-lesao-na-costela-durante-evangelismo-no-japao-a-dor-sumiu\/#breadcrumb"},"inLanguage":"pt-BR","potentialAction":[{"@type":"ReadAction","target":["https:\/\/radioportoseguro.com.br\/site\/2026\/01\/23\/moradora-de-rua-e-curada-de-lesao-na-costela-durante-evangelismo-no-japao-a-dor-sumiu\/"]}]},{"@type":"ImageObject","inLanguage":"pt-BR","@id":"https:\/\/radioportoseguro.com.br\/site\/2026\/01\/23\/moradora-de-rua-e-curada-de-lesao-na-costela-durante-evangelismo-no-japao-a-dor-sumiu\/#primaryimage","url":"https:\/\/radioportoseguro.com.br\/site\/wp-content\/uploads\/2026\/01\/2128764128-mulher-foi-curada-apos-uma-oracao-nas-ruas.jpeg","contentUrl":"https:\/\/radioportoseguro.com.br\/site\/wp-content\/uploads\/2026\/01\/2128764128-mulher-foi-curada-apos-uma-oracao-nas-ruas.jpeg","width":1200,"height":600},{"@type":"BreadcrumbList","@id":"https:\/\/radioportoseguro.com.br\/site\/2026\/01\/23\/moradora-de-rua-e-curada-de-lesao-na-costela-durante-evangelismo-no-japao-a-dor-sumiu\/#breadcrumb","itemListElement":[{"@type":"ListItem","position":1,"name":"In\u00edcio","item":"https:\/\/radioportoseguro.com.br\/site\/"},{"@type":"ListItem","position":2,"name":"Moradora de rua \u00e9 curada de les\u00e3o na costela durante evangelismo no Jap\u00e3o: \u201cA dor sumiu\u201d"}]},{"@type":"WebSite","@id":"https:\/\/radioportoseguro.com.br\/site\/#website","url":"https:\/\/radioportoseguro.com.br\/site\/","name":"R\u00e1dio Porto Seguro","description":"","potentialAction":[{"@type":"SearchAction","target":{"@type":"EntryPoint","urlTemplate":"https:\/\/radioportoseguro.com.br\/site\/?s={search_term_string}"},"query-input":{"@type":"PropertyValueSpecification","valueRequired":true,"valueName":"search_term_string"}}],"inLanguage":"pt-BR"},{"@type":"Person","@id":"https:\/\/radioportoseguro.com.br\/site\/#\/schema\/person\/7630acdc320186f13639d3c067ec089b","name":"admin","image":{"@type":"ImageObject","inLanguage":"pt-BR","@id":"https:\/\/radioportoseguro.com.br\/site\/#\/schema\/person\/image\/","url":"https:\/\/secure.gravatar.com\/avatar\/caacf4dc1eedb68fab0df8e1ed46c448e578b2466351bbcb61e47d2ac0caaef0?s=96&d=mm&r=g","contentUrl":"https:\/\/secure.gravatar.com\/avatar\/caacf4dc1eedb68fab0df8e1ed46c448e578b2466351bbcb61e47d2ac0caaef0?s=96&d=mm&r=g","caption":"admin"},"sameAs":["https:\/\/radioportoseguro.com.br\/site"],"url":"https:\/\/radioportoseguro.com.br\/site\/author\/hezio\/"}]}},"_links":{"self":[{"href":"https:\/\/radioportoseguro.com.br\/site\/wp-json\/wp\/v2\/posts\/3366","targetHints":{"allow":["GET"]}}],"collection":[{"href":"https:\/\/radioportoseguro.com.br\/site\/wp-json\/wp\/v2\/posts"}],"about":[{"href":"https:\/\/radioportoseguro.com.br\/site\/wp-json\/wp\/v2\/types\/post"}],"author":[{"embeddable":true,"href":"https:\/\/radioportoseguro.com.br\/site\/wp-json\/wp\/v2\/users\/1"}],"replies":[{"embeddable":true,"href":"https:\/\/radioportoseguro.com.br\/site\/wp-json\/wp\/v2\/comments?post=3366"}],"version-history":[{"count":0,"href":"https:\/\/radioportoseguro.com.br\/site\/wp-json\/wp\/v2\/posts\/3366\/revisions"}],"wp:featuredmedia":[{"embeddable":true,"href":"https:\/\/radioportoseguro.com.br\/site\/wp-json\/wp\/v2\/media\/3367"}],"wp:attachment":[{"href":"https:\/\/radioportoseguro.com.br\/site\/wp-json\/wp\/v2\/media?parent=3366"}],"wp:term":[{"taxonomy":"category","embeddable":true,"href":"https:\/\/radioportoseguro.com.br\/site\/wp-json\/wp\/v2\/categories?post=3366"},{"taxonomy":"post_tag","embeddable":true,"href":"https:\/\/radioportoseguro.com.br\/site\/wp-json\/wp\/v2\/tags?post=3366"}],"curies":[{"name":"wp","href":"https:\/\/api.w.org\/{rel}","templated":true}]}}