{"id":3389,"date":"2026-01-24T09:31:08","date_gmt":"2026-01-24T12:31:08","guid":{"rendered":"https:\/\/radioportoseguro.com.br\/site\/2026\/01\/24\/as-crises-da-mediacao-profetica-uma-analise-vocacional-em-jeremias\/"},"modified":"2026-01-24T09:31:08","modified_gmt":"2026-01-24T12:31:08","slug":"as-crises-da-mediacao-profetica-uma-analise-vocacional-em-jeremias","status":"publish","type":"post","link":"https:\/\/radioportoseguro.com.br\/site\/2026\/01\/24\/as-crises-da-mediacao-profetica-uma-analise-vocacional-em-jeremias\/","title":{"rendered":"As crises da media\u00e7\u00e3o prof\u00e9tica: Uma an\u00e1lise vocacional em Jeremias"},"content":{"rendered":"<p><br \/>\n<br \/><\/p>\n<div>\n<p>Amados irm\u00e3os, a paz do Senhor. Este artigo analisa a dimens\u00e3o psicol\u00f3gica e espiritual da crise vocacional do profeta Jeremias, tal como expressa em textos selecionados de sua obra (Jr 6:10-14; 7:13, 24-26; 12:1-4; 20:7-18).<\/p>\n<p>Partindo de uma leitura hermen\u00eautica que considera o contexto hist\u00f3rico de cerco e decad\u00eancia de Jud\u00e1, o estudo investiga a tens\u00e3o dial\u00e9tica entre a compuls\u00e3o divina para profetizar e a rejei\u00e7\u00e3o sistem\u00e1tica do audit\u00f3rio.<\/p>\n<p>O objetivo \u00e9 elucidar como a figura de Jeremias transcende o arqu\u00e9tipo do mero porta-voz para tornar-se um paradigm\u00e1tico caso de sofrimento, onde a palavra de YHWH, internalizada como &#8220;fogo ardente&#8221; (Jr 20:9), gera uma crise identit\u00e1ria profunda.<\/p>\n<p>Conclui-se que a experi\u00eancia \u201cjeremiana\u201d oferece uma teologia singular do profetismo, centrada n\u00e3o no sucesso da mensagem, mas na fidelidade ao chamado, mesmo no \u00e2mago do fracasso aparente.<\/p>\n<p><strong><em>1. Introdu\u00e7\u00e3o: O Profeta em Contexto de Colapso <\/em><\/strong><\/p>\n<p>O livro de Jeremias situa-se no crep\u00fasculo do reino de Jud\u00e1, em um per\u00edodo marcado pela agress\u00e3o babil\u00f4nica, instabilidade pol\u00edtica e decad\u00eancia religiosa. A miss\u00e3o de Jeremias, portanto, desenrola-se em um cen\u00e1rio de urg\u00eancia e condena\u00e7\u00e3o iminente. Diferentemente de Isa\u00edas, cujo minist\u00e9rio contemplava um &#8220;resto&#8221; que retornaria, Jeremias foi chamado para pregar a um povo cujo endurecimento era, em certa medida, j\u00e1 predito (Jr 7:27). Esta premissa define a natureza paradoxal de seu chamado: ser a voz de Deus para ouvidos que se recusam a ouvir. Este artigo prop\u00f5e-se a dissecar a crise vocacional decorrente deste paradoxo, examinando os lamentos do profeta como janelas para a compreens\u00e3o da psicologia prof\u00e9tica e da rela\u00e7\u00e3o agon\u00edstica entre o mensageiro, a mensagem e seu destinat\u00e1rio.<\/p>\n<p><strong><em>2. A Dial\u00e9tica da Palavra: Compuls\u00e3o Divina e Rejei\u00e7\u00e3o Humana <\/em><\/strong><\/p>\n<p>O cerne da crise de Jeremias reside na natureza coerciva e interiorizada da palavra prof\u00e9tica. Em Jeremias 20:9, o profeta declara sua tentativa de calar-se, apenas para descobrir que a mensagem se tornara um &#8220;fogo ardente, encerrado nos meus ossos&#8221;. Esta met\u00e1fora visceral denota uma internaliza\u00e7\u00e3o traum\u00e1tica da palavra de YHWH. N\u00e3o se trata mais de um discurso externo, mas de uma for\u00e7a que consome a subjetividade do profeta a partir de dentro. A voca\u00e7\u00e3o transforma-se em uma compuls\u00e3o inescap\u00e1vel, onde a autonomia do &#8220;eu&#8221; \u00e9 dissolvida pelo imperativo divino.<\/p>\n<p>Paralelamente, a rea\u00e7\u00e3o do povo \u00e9 sistematicamente caracterizada pela insensibilidade. A express\u00e3o &#8220;ouvidos incircuncisos&#8221; (Jr 6:10) aponta para uma barreira org\u00e2nica e espiritual \u00e0 comunica\u00e7\u00e3o. A circuncis\u00e3o, sinal da alian\u00e7a, \u00e9 hermeneuticamente transferida para a capacidade de escuta, revelando que a quebra da alian\u00e7a \u00e9, antes de tudo, uma falha na percep\u00e7\u00e3o. A mensagem de ju\u00edzo, longe de gerar arrependimento, torna-se &#8220;coisa vergonhosa&#8221; (Jr 6:10), um objeto de desprezo social. Este div\u00f3rcio entre a inten\u00e7\u00e3o divina (o arrependimento) e o efeito real (o endurecimento) gera o primeiro n\u00edvel da frustra\u00e7\u00e3o jeremiana.<\/p>\n<p><strong><em>3. A Crises em Tr\u00eas Atos: Da Frustra\u00e7\u00e3o \u00e0 Desesperan\u00e7a <\/em><\/strong><\/p>\n<p>A ang\u00fastia do profeta pode ser mapeada em uma progress\u00e3o dram\u00e1tica, conforme os textos sugerem:<\/p>\n<p style=\"padding-left: 30px;\"><em>3.1. A Frustra\u00e7\u00e3o Ministerial (Jeremias 6:10-14 e 7:13, 24-26) <\/em><\/p>\n<p style=\"padding-left: 30px;\">Nesta fase inicial, a frustra\u00e7\u00e3o de Jeremias est\u00e1 vinculada ao fracasso da sua miss\u00e3o. Deus lembra ao profeta que falou &#8220;insistentemente&#8221; (Jr 7:13), mas o povo &#8220;n\u00e3o ouviu e n\u00e3o atendeu&#8221; (Jr 7:24-26). Aqui, o sofrimento deriva da inefic\u00e1cia e da constata\u00e7\u00e3o de que a mensagem n\u00e3o produz o fruto esperado. O profeta v\u00ea-se como um agricultor que lan\u00e7a sementes em solo rochoso, cumprindo um ritual fadado ao insucesso.<\/p>\n<p style=\"padding-left: 30px;\"><em>3.2. A Quest\u00e3o Teodiceana (Jeremias 12:1-4) <\/em><\/p>\n<p style=\"padding-left: 30px;\">A crise aprofunda-se, evoluindo da frustra\u00e7\u00e3o ministerial para um questionamento da justi\u00e7a divina. Jeremias clama: &#8220;Por que prosperam os \u00edmpios?&#8221; (Jr 12:1). Ele n\u00e3o questiona apenas a surdez do povo, mas a aparente incongru\u00eancia na administra\u00e7\u00e3o da justi\u00e7a de YHWH. O sucesso dos maus e o sofrimento do justo (neste caso, o pr\u00f3prio profeta) colocam em xeque a l\u00f3gica retributiva da alian\u00e7a. A sua prega\u00e7\u00e3o, que anuncia ju\u00edzo, parece n\u00e3o afetar os \u00edmpios, enquanto ele, o fiel, padece. \u00c9 um momento de profunda crise de f\u00e9, onde a ordem c\u00f3smica parece desmoronar.<\/p>\n<p style=\"padding-left: 30px;\"><em>3.3. A Desesperan\u00e7a Existencial (Jeremias 20:7-18) <\/em><\/p>\n<p style=\"padding-left: 30px;\">O \u00e1pice da crise \u00e9 atingido em Jeremias 20. O profeta acusa Deus de t\u00ea-lo &#8220;seduzido&#8221; (ou &#8220;violado&#8221;, dependendo da tradu\u00e7\u00e3o do verbo <em>pitt\u00eetani\u0304<\/em>). Esta \u00e9 uma das mais fortes acusa\u00e7\u00f5es de um profeta contra o Deus que serve. A rela\u00e7\u00e3o dial\u00e9tica atinge seu paroxismo: o mesmo Deus que \u00e9 o objeto de sua devo\u00e7\u00e3o \u00e9 percebido como seu agressor. A palavra, outrora &#8220;fogo ardente&#8221;, agora \u00e9 motivo de &#8220;opr\u00f3brio e de vergonha&#8221; (Jr 20:8). A crise n\u00e3o \u00e9 mais ministerial ou teol\u00f3gica, mas existencial. Isso culmina na maldi\u00e7\u00e3o do dia de seu nascimento (Jr 20:14-18), um paralelo direto com J\u00f3 (J\u00f3 3), que sinaliza um desejo de aniquila\u00e7\u00e3o ontol\u00f3gica, o apagamento total do seu ser como \u00fanica sa\u00edda para a dor insuport\u00e1vel da media\u00e7\u00e3o prof\u00e9tica.<\/p>\n<p><strong><em>4. Considera\u00e7\u00f5es Finais: A Teologia do Fracasso e a Fidelidade na Dor <\/em><\/strong><\/p>\n<p>A experi\u00eancia de Jeremias oferece uma contribui\u00e7\u00e3o fundamental para uma teologia do profetismo. Ela desromantiza a figura do profeta, apresentando-o n\u00e3o como um her\u00f3i triunfante, mas como um ser humano fr\u00e1gil, esmagado pelo peso de sua voca\u00e7\u00e3o. A &#8220;efic\u00e1cia&#8221; de seu minist\u00e9rio n\u00e3o pode ser medida pela convers\u00e3o maci\u00e7a do povo \u2014 que n\u00e3o ocorreu \u2014, mas pela sua fidelidade em continuar a proclamar a palavra, mesmo quando esta lhe era pessoalmente destrutiva.<\/p>\n<p>A crise de Jeremias revela que a verdadeira profecia, em contextos de colapso moral e social, \u00e9 inerentemente impopular e custosa. O lamento do profeta n\u00e3o \u00e9 um desvio de conduta, mas uma parte integrante e teologicamente significativa de sua miss\u00e3o. Atrav\u00e9s de seu sofrimento, ele n\u00e3o apenas comunica uma mensagem de ju\u00edzo, mas tamb\u00e9m a <em>encarna<\/em>. Ele se torna um s\u00edmbolo vivo da dor de Deus com o pecado de seu povo e da trag\u00e9dia de uma alian\u00e7a rompida.<\/p>\n<p>Em \u00faltima an\u00e1lise, a figura do &#8220;profeta que chora&#8221; antecipa, em sua persona, a imagem do &#8220;servo sofredor&#8221; de Deutero-Isa\u00edas. Jeremias nos ensina que, em certas conjunturas hist\u00f3ricas, a fidelidade a Deus pode n\u00e3o se manifestar no sucesso, mas na capacidade de suportar o fardo da rejei\u00e7\u00e3o e, no meio do abismo do questionamento e da desesperan\u00e7a, ainda assim clamar ao Deus que parece ter se tornado um advers\u00e1rio.<\/p>\n<p><strong><em>Refer\u00eancias Bibliogr\u00e1ficas: <\/em><\/strong><\/p>\n<p>BRUEGGEMANN, Walter. <strong>A Commentary on Jeremiah: Exile and Homecoming. <\/strong>Grand Rapids: Eerdmans, 1998.<\/p>\n<p>HESCHEL, Abraham J. <strong>Os Profetas. <\/strong>S\u00e3o Paulo: Editora Unesp, 2019.<\/p>\n<p>LUNDBOM, Jack R. <strong>Jeremiah 1-20. <\/strong>New Haven: Yale University Press, 1999. (The Anchor Yale Bible Commentaries).<\/p>\n<p>SHARP, Carolyn J. <strong>Prophecy and Ideology in Jeremiah: Struggles for Authority in the Deutero-Jeremianic Prose. <\/strong>London: T&amp;T Clark, 2003.<\/p>\n<p style=\"text-align: left;\">Aprenda mais sobre o profeta Jeremias:<\/p>\n<div class=\"ose-youtube ose-uid-5b3de0a40abcb80c7f7fe0508602e338 ose-embedpress-responsive\" style=\"width:600px; height:600px; max-height:600px; max-width:100%; display:inline-block;\" data-embed-type=\"Youtube\"><iframe allowFullScreen=\"true\" title=\"\u267e\ufe0fA Teologia do Livro de Jeremias: Ju\u00edzo Que Gera Esperan\u00e7a #podcast @profdanielramos\" width=\"600\" height=\"600\" src=\"https:\/\/www.youtube.com\/embed\/copKqp7_Gxo?feature=oembed&color=red&rel=0&controls=1&start=&end=&fs=0&iv_load_policy=0&autoplay=0&mute=0&modestbranding=0&cc_load_policy=1&playsinline=1\" frameborder=\"0\" allow=\"accelerometer; encrypted-media;accelerometer;autoplay;clipboard-write;gyroscope;picture-in-picture clipboard-write; encrypted-media; gyroscope; picture-in-picture; web-share\" referrerpolicy=\"strict-origin-when-cross-origin\" allowfullscreen><\/iframe><\/div>\n<p>\u00a0<\/p>\n<p><strong>Daniel Santos Ramos<\/strong> (@profdanielramos) \u00e9 professor (Portugu\u00eas\/Ingl\u00eas &#8211; SEE-MG, EJA\/EM\/EFII), colunista do Guia-me e professor de Teologia em diversos semin\u00e1rios. Possui Licenciatura em Letras (2024), Bacharelado\/Mestrado em Teologia (2013\/2015) e p\u00f3s-gradua\u00e7\u00e3o em Doc\u00eancia. Autor de 2 livros de Teologia, tem mais de 20 anos de experi\u00eancia ministerial e \u00e9 membro da Assembleia\u00a0de\u00a0Deus\u00a0em\u00a0BH.<\/p>\n<p><em>* O conte\u00fado do texto acima \u00e9 uma colabora\u00e7\u00e3o volunt\u00e1ria, de total responsabilidade do autor e n\u00e3o reflete necessariamente a opini\u00e3o do Portal Guiame.<\/em><\/p>\n<p>Leia o artigo anterior: <span style=\"color: #800000;\"><strong>O caminho do bem-aventurado: Uma an\u00e1lise do Salmo 1 para a Igreja p\u00f3s-moderna<\/strong><\/span><\/p>\n<\/div>\n<p><br \/>\n<br \/>Fonte: Guiame <\/p>\n","protected":false},"excerpt":{"rendered":"<p>Amados irm\u00e3os, a paz do Senhor. Este artigo analisa a dimens\u00e3o psicol\u00f3gica e espiritual da crise vocacional do profeta Jeremias, tal como expressa em textos selecionados de sua obra (Jr 6:10-14; 7:13, 24-26; 12:1-4; 20:7-18). Partindo de uma leitura hermen\u00eautica que considera o contexto hist\u00f3rico de cerco e decad\u00eancia de Jud\u00e1, o estudo investiga a [&hellip;]<\/p>\n","protected":false},"author":1,"featured_media":3390,"comment_status":"","ping_status":"open","sticky":false,"template":"","format":"standard","meta":{"footnotes":""},"categories":[43],"tags":[],"class_list":["post-3389","post","type-post","status-publish","format-standard","has-post-thumbnail","hentry","category-destaques"],"yoast_head":"<!-- This site is optimized with the Yoast SEO plugin v26.8 - https:\/\/yoast.com\/product\/yoast-seo-wordpress\/ -->\n<title>As crises da media\u00e7\u00e3o prof\u00e9tica: Uma an\u00e1lise vocacional em Jeremias - R\u00e1dio Porto Seguro<\/title>\n<meta name=\"robots\" content=\"index, follow, max-snippet:-1, max-image-preview:large, max-video-preview:-1\" \/>\n<link rel=\"canonical\" href=\"https:\/\/radioportoseguro.com.br\/site\/2026\/01\/24\/as-crises-da-mediacao-profetica-uma-analise-vocacional-em-jeremias\/\" \/>\n<meta property=\"og:locale\" content=\"pt_BR\" \/>\n<meta property=\"og:type\" content=\"article\" \/>\n<meta property=\"og:title\" content=\"As crises da media\u00e7\u00e3o prof\u00e9tica: Uma an\u00e1lise vocacional em Jeremias - R\u00e1dio Porto Seguro\" \/>\n<meta property=\"og:description\" content=\"Amados irm\u00e3os, a paz do Senhor. Este artigo analisa a dimens\u00e3o psicol\u00f3gica e espiritual da crise vocacional do profeta Jeremias, tal como expressa em textos selecionados de sua obra (Jr 6:10-14; 7:13, 24-26; 12:1-4; 20:7-18). Partindo de uma leitura hermen\u00eautica que considera o contexto hist\u00f3rico de cerco e decad\u00eancia de Jud\u00e1, o estudo investiga a [&hellip;]\" \/>\n<meta property=\"og:url\" content=\"https:\/\/radioportoseguro.com.br\/site\/2026\/01\/24\/as-crises-da-mediacao-profetica-uma-analise-vocacional-em-jeremias\/\" \/>\n<meta property=\"og:site_name\" content=\"R\u00e1dio Porto Seguro\" \/>\n<meta property=\"article:published_time\" content=\"2026-01-24T12:31:08+00:00\" \/>\n<meta property=\"og:image\" content=\"https:\/\/media.guiame.com.br\/archives\/2026\/01\/22\/1680738542-oleiro.png\" \/>\n<meta name=\"author\" content=\"admin\" \/>\n<meta name=\"twitter:card\" content=\"summary_large_image\" \/>\n<meta name=\"twitter:label1\" content=\"Escrito por\" \/>\n\t<meta name=\"twitter:data1\" content=\"admin\" \/>\n\t<meta name=\"twitter:label2\" content=\"Est. tempo de leitura\" \/>\n\t<meta name=\"twitter:data2\" content=\"7 minutos\" \/>\n<script type=\"application\/ld+json\" class=\"yoast-schema-graph\">{\"@context\":\"https:\/\/schema.org\",\"@graph\":[{\"@type\":\"Article\",\"@id\":\"https:\/\/radioportoseguro.com.br\/site\/2026\/01\/24\/as-crises-da-mediacao-profetica-uma-analise-vocacional-em-jeremias\/#article\",\"isPartOf\":{\"@id\":\"https:\/\/radioportoseguro.com.br\/site\/2026\/01\/24\/as-crises-da-mediacao-profetica-uma-analise-vocacional-em-jeremias\/\"},\"author\":{\"name\":\"admin\",\"@id\":\"https:\/\/radioportoseguro.com.br\/site\/#\/schema\/person\/7630acdc320186f13639d3c067ec089b\"},\"headline\":\"As crises da media\u00e7\u00e3o prof\u00e9tica: Uma an\u00e1lise vocacional em Jeremias\",\"datePublished\":\"2026-01-24T12:31:08+00:00\",\"mainEntityOfPage\":{\"@id\":\"https:\/\/radioportoseguro.com.br\/site\/2026\/01\/24\/as-crises-da-mediacao-profetica-uma-analise-vocacional-em-jeremias\/\"},\"wordCount\":1324,\"image\":{\"@id\":\"https:\/\/radioportoseguro.com.br\/site\/2026\/01\/24\/as-crises-da-mediacao-profetica-uma-analise-vocacional-em-jeremias\/#primaryimage\"},\"thumbnailUrl\":\"https:\/\/radioportoseguro.com.br\/site\/wp-content\/uploads\/2026\/01\/1680738542-oleiro.png\",\"articleSection\":[\"Destaques\"],\"inLanguage\":\"pt-BR\"},{\"@type\":\"WebPage\",\"@id\":\"https:\/\/radioportoseguro.com.br\/site\/2026\/01\/24\/as-crises-da-mediacao-profetica-uma-analise-vocacional-em-jeremias\/\",\"url\":\"https:\/\/radioportoseguro.com.br\/site\/2026\/01\/24\/as-crises-da-mediacao-profetica-uma-analise-vocacional-em-jeremias\/\",\"name\":\"As crises da media\u00e7\u00e3o prof\u00e9tica: Uma an\u00e1lise vocacional em Jeremias - R\u00e1dio Porto Seguro\",\"isPartOf\":{\"@id\":\"https:\/\/radioportoseguro.com.br\/site\/#website\"},\"primaryImageOfPage\":{\"@id\":\"https:\/\/radioportoseguro.com.br\/site\/2026\/01\/24\/as-crises-da-mediacao-profetica-uma-analise-vocacional-em-jeremias\/#primaryimage\"},\"image\":{\"@id\":\"https:\/\/radioportoseguro.com.br\/site\/2026\/01\/24\/as-crises-da-mediacao-profetica-uma-analise-vocacional-em-jeremias\/#primaryimage\"},\"thumbnailUrl\":\"https:\/\/radioportoseguro.com.br\/site\/wp-content\/uploads\/2026\/01\/1680738542-oleiro.png\",\"datePublished\":\"2026-01-24T12:31:08+00:00\",\"author\":{\"@id\":\"https:\/\/radioportoseguro.com.br\/site\/#\/schema\/person\/7630acdc320186f13639d3c067ec089b\"},\"breadcrumb\":{\"@id\":\"https:\/\/radioportoseguro.com.br\/site\/2026\/01\/24\/as-crises-da-mediacao-profetica-uma-analise-vocacional-em-jeremias\/#breadcrumb\"},\"inLanguage\":\"pt-BR\",\"potentialAction\":[{\"@type\":\"ReadAction\",\"target\":[\"https:\/\/radioportoseguro.com.br\/site\/2026\/01\/24\/as-crises-da-mediacao-profetica-uma-analise-vocacional-em-jeremias\/\"]}]},{\"@type\":\"ImageObject\",\"inLanguage\":\"pt-BR\",\"@id\":\"https:\/\/radioportoseguro.com.br\/site\/2026\/01\/24\/as-crises-da-mediacao-profetica-uma-analise-vocacional-em-jeremias\/#primaryimage\",\"url\":\"https:\/\/radioportoseguro.com.br\/site\/wp-content\/uploads\/2026\/01\/1680738542-oleiro.png\",\"contentUrl\":\"https:\/\/radioportoseguro.com.br\/site\/wp-content\/uploads\/2026\/01\/1680738542-oleiro.png\",\"width\":1200,\"height\":600},{\"@type\":\"BreadcrumbList\",\"@id\":\"https:\/\/radioportoseguro.com.br\/site\/2026\/01\/24\/as-crises-da-mediacao-profetica-uma-analise-vocacional-em-jeremias\/#breadcrumb\",\"itemListElement\":[{\"@type\":\"ListItem\",\"position\":1,\"name\":\"In\u00edcio\",\"item\":\"https:\/\/radioportoseguro.com.br\/site\/\"},{\"@type\":\"ListItem\",\"position\":2,\"name\":\"As crises da media\u00e7\u00e3o prof\u00e9tica: Uma an\u00e1lise vocacional em Jeremias\"}]},{\"@type\":\"WebSite\",\"@id\":\"https:\/\/radioportoseguro.com.br\/site\/#website\",\"url\":\"https:\/\/radioportoseguro.com.br\/site\/\",\"name\":\"R\u00e1dio Porto Seguro\",\"description\":\"\",\"potentialAction\":[{\"@type\":\"SearchAction\",\"target\":{\"@type\":\"EntryPoint\",\"urlTemplate\":\"https:\/\/radioportoseguro.com.br\/site\/?s={search_term_string}\"},\"query-input\":{\"@type\":\"PropertyValueSpecification\",\"valueRequired\":true,\"valueName\":\"search_term_string\"}}],\"inLanguage\":\"pt-BR\"},{\"@type\":\"Person\",\"@id\":\"https:\/\/radioportoseguro.com.br\/site\/#\/schema\/person\/7630acdc320186f13639d3c067ec089b\",\"name\":\"admin\",\"image\":{\"@type\":\"ImageObject\",\"inLanguage\":\"pt-BR\",\"@id\":\"https:\/\/radioportoseguro.com.br\/site\/#\/schema\/person\/image\/\",\"url\":\"https:\/\/secure.gravatar.com\/avatar\/caacf4dc1eedb68fab0df8e1ed46c448e578b2466351bbcb61e47d2ac0caaef0?s=96&d=mm&r=g\",\"contentUrl\":\"https:\/\/secure.gravatar.com\/avatar\/caacf4dc1eedb68fab0df8e1ed46c448e578b2466351bbcb61e47d2ac0caaef0?s=96&d=mm&r=g\",\"caption\":\"admin\"},\"sameAs\":[\"https:\/\/radioportoseguro.com.br\/site\"],\"url\":\"https:\/\/radioportoseguro.com.br\/site\/author\/hezio\/\"}]}<\/script>\n<!-- \/ Yoast SEO plugin. -->","yoast_head_json":{"title":"As crises da media\u00e7\u00e3o prof\u00e9tica: Uma an\u00e1lise vocacional em Jeremias - R\u00e1dio Porto Seguro","robots":{"index":"index","follow":"follow","max-snippet":"max-snippet:-1","max-image-preview":"max-image-preview:large","max-video-preview":"max-video-preview:-1"},"canonical":"https:\/\/radioportoseguro.com.br\/site\/2026\/01\/24\/as-crises-da-mediacao-profetica-uma-analise-vocacional-em-jeremias\/","og_locale":"pt_BR","og_type":"article","og_title":"As crises da media\u00e7\u00e3o prof\u00e9tica: Uma an\u00e1lise vocacional em Jeremias - R\u00e1dio Porto Seguro","og_description":"Amados irm\u00e3os, a paz do Senhor. Este artigo analisa a dimens\u00e3o psicol\u00f3gica e espiritual da crise vocacional do profeta Jeremias, tal como expressa em textos selecionados de sua obra (Jr 6:10-14; 7:13, 24-26; 12:1-4; 20:7-18). Partindo de uma leitura hermen\u00eautica que considera o contexto hist\u00f3rico de cerco e decad\u00eancia de Jud\u00e1, o estudo investiga a [&hellip;]","og_url":"https:\/\/radioportoseguro.com.br\/site\/2026\/01\/24\/as-crises-da-mediacao-profetica-uma-analise-vocacional-em-jeremias\/","og_site_name":"R\u00e1dio Porto Seguro","article_published_time":"2026-01-24T12:31:08+00:00","og_image":[{"url":"https:\/\/media.guiame.com.br\/archives\/2026\/01\/22\/1680738542-oleiro.png","type":"","width":"","height":""}],"author":"admin","twitter_card":"summary_large_image","twitter_misc":{"Escrito por":"admin","Est. tempo de leitura":"7 minutos"},"schema":{"@context":"https:\/\/schema.org","@graph":[{"@type":"Article","@id":"https:\/\/radioportoseguro.com.br\/site\/2026\/01\/24\/as-crises-da-mediacao-profetica-uma-analise-vocacional-em-jeremias\/#article","isPartOf":{"@id":"https:\/\/radioportoseguro.com.br\/site\/2026\/01\/24\/as-crises-da-mediacao-profetica-uma-analise-vocacional-em-jeremias\/"},"author":{"name":"admin","@id":"https:\/\/radioportoseguro.com.br\/site\/#\/schema\/person\/7630acdc320186f13639d3c067ec089b"},"headline":"As crises da media\u00e7\u00e3o prof\u00e9tica: Uma an\u00e1lise vocacional em Jeremias","datePublished":"2026-01-24T12:31:08+00:00","mainEntityOfPage":{"@id":"https:\/\/radioportoseguro.com.br\/site\/2026\/01\/24\/as-crises-da-mediacao-profetica-uma-analise-vocacional-em-jeremias\/"},"wordCount":1324,"image":{"@id":"https:\/\/radioportoseguro.com.br\/site\/2026\/01\/24\/as-crises-da-mediacao-profetica-uma-analise-vocacional-em-jeremias\/#primaryimage"},"thumbnailUrl":"https:\/\/radioportoseguro.com.br\/site\/wp-content\/uploads\/2026\/01\/1680738542-oleiro.png","articleSection":["Destaques"],"inLanguage":"pt-BR"},{"@type":"WebPage","@id":"https:\/\/radioportoseguro.com.br\/site\/2026\/01\/24\/as-crises-da-mediacao-profetica-uma-analise-vocacional-em-jeremias\/","url":"https:\/\/radioportoseguro.com.br\/site\/2026\/01\/24\/as-crises-da-mediacao-profetica-uma-analise-vocacional-em-jeremias\/","name":"As crises da media\u00e7\u00e3o prof\u00e9tica: Uma an\u00e1lise vocacional em Jeremias - R\u00e1dio Porto Seguro","isPartOf":{"@id":"https:\/\/radioportoseguro.com.br\/site\/#website"},"primaryImageOfPage":{"@id":"https:\/\/radioportoseguro.com.br\/site\/2026\/01\/24\/as-crises-da-mediacao-profetica-uma-analise-vocacional-em-jeremias\/#primaryimage"},"image":{"@id":"https:\/\/radioportoseguro.com.br\/site\/2026\/01\/24\/as-crises-da-mediacao-profetica-uma-analise-vocacional-em-jeremias\/#primaryimage"},"thumbnailUrl":"https:\/\/radioportoseguro.com.br\/site\/wp-content\/uploads\/2026\/01\/1680738542-oleiro.png","datePublished":"2026-01-24T12:31:08+00:00","author":{"@id":"https:\/\/radioportoseguro.com.br\/site\/#\/schema\/person\/7630acdc320186f13639d3c067ec089b"},"breadcrumb":{"@id":"https:\/\/radioportoseguro.com.br\/site\/2026\/01\/24\/as-crises-da-mediacao-profetica-uma-analise-vocacional-em-jeremias\/#breadcrumb"},"inLanguage":"pt-BR","potentialAction":[{"@type":"ReadAction","target":["https:\/\/radioportoseguro.com.br\/site\/2026\/01\/24\/as-crises-da-mediacao-profetica-uma-analise-vocacional-em-jeremias\/"]}]},{"@type":"ImageObject","inLanguage":"pt-BR","@id":"https:\/\/radioportoseguro.com.br\/site\/2026\/01\/24\/as-crises-da-mediacao-profetica-uma-analise-vocacional-em-jeremias\/#primaryimage","url":"https:\/\/radioportoseguro.com.br\/site\/wp-content\/uploads\/2026\/01\/1680738542-oleiro.png","contentUrl":"https:\/\/radioportoseguro.com.br\/site\/wp-content\/uploads\/2026\/01\/1680738542-oleiro.png","width":1200,"height":600},{"@type":"BreadcrumbList","@id":"https:\/\/radioportoseguro.com.br\/site\/2026\/01\/24\/as-crises-da-mediacao-profetica-uma-analise-vocacional-em-jeremias\/#breadcrumb","itemListElement":[{"@type":"ListItem","position":1,"name":"In\u00edcio","item":"https:\/\/radioportoseguro.com.br\/site\/"},{"@type":"ListItem","position":2,"name":"As crises da media\u00e7\u00e3o prof\u00e9tica: Uma an\u00e1lise vocacional em Jeremias"}]},{"@type":"WebSite","@id":"https:\/\/radioportoseguro.com.br\/site\/#website","url":"https:\/\/radioportoseguro.com.br\/site\/","name":"R\u00e1dio Porto Seguro","description":"","potentialAction":[{"@type":"SearchAction","target":{"@type":"EntryPoint","urlTemplate":"https:\/\/radioportoseguro.com.br\/site\/?s={search_term_string}"},"query-input":{"@type":"PropertyValueSpecification","valueRequired":true,"valueName":"search_term_string"}}],"inLanguage":"pt-BR"},{"@type":"Person","@id":"https:\/\/radioportoseguro.com.br\/site\/#\/schema\/person\/7630acdc320186f13639d3c067ec089b","name":"admin","image":{"@type":"ImageObject","inLanguage":"pt-BR","@id":"https:\/\/radioportoseguro.com.br\/site\/#\/schema\/person\/image\/","url":"https:\/\/secure.gravatar.com\/avatar\/caacf4dc1eedb68fab0df8e1ed46c448e578b2466351bbcb61e47d2ac0caaef0?s=96&d=mm&r=g","contentUrl":"https:\/\/secure.gravatar.com\/avatar\/caacf4dc1eedb68fab0df8e1ed46c448e578b2466351bbcb61e47d2ac0caaef0?s=96&d=mm&r=g","caption":"admin"},"sameAs":["https:\/\/radioportoseguro.com.br\/site"],"url":"https:\/\/radioportoseguro.com.br\/site\/author\/hezio\/"}]}},"_links":{"self":[{"href":"https:\/\/radioportoseguro.com.br\/site\/wp-json\/wp\/v2\/posts\/3389","targetHints":{"allow":["GET"]}}],"collection":[{"href":"https:\/\/radioportoseguro.com.br\/site\/wp-json\/wp\/v2\/posts"}],"about":[{"href":"https:\/\/radioportoseguro.com.br\/site\/wp-json\/wp\/v2\/types\/post"}],"author":[{"embeddable":true,"href":"https:\/\/radioportoseguro.com.br\/site\/wp-json\/wp\/v2\/users\/1"}],"replies":[{"embeddable":true,"href":"https:\/\/radioportoseguro.com.br\/site\/wp-json\/wp\/v2\/comments?post=3389"}],"version-history":[{"count":0,"href":"https:\/\/radioportoseguro.com.br\/site\/wp-json\/wp\/v2\/posts\/3389\/revisions"}],"wp:featuredmedia":[{"embeddable":true,"href":"https:\/\/radioportoseguro.com.br\/site\/wp-json\/wp\/v2\/media\/3390"}],"wp:attachment":[{"href":"https:\/\/radioportoseguro.com.br\/site\/wp-json\/wp\/v2\/media?parent=3389"}],"wp:term":[{"taxonomy":"category","embeddable":true,"href":"https:\/\/radioportoseguro.com.br\/site\/wp-json\/wp\/v2\/categories?post=3389"},{"taxonomy":"post_tag","embeddable":true,"href":"https:\/\/radioportoseguro.com.br\/site\/wp-json\/wp\/v2\/tags?post=3389"}],"curies":[{"name":"wp","href":"https:\/\/api.w.org\/{rel}","templated":true}]}}