{"id":3395,"date":"2026-01-24T13:47:09","date_gmt":"2026-01-24T16:47:09","guid":{"rendered":"https:\/\/radioportoseguro.com.br\/site\/2026\/01\/24\/diretora-de-instituicao-judaica-aborda-israel-alem-do-conflito\/"},"modified":"2026-01-24T13:47:09","modified_gmt":"2026-01-24T16:47:09","slug":"diretora-de-instituicao-judaica-aborda-israel-alem-do-conflito","status":"publish","type":"post","link":"https:\/\/radioportoseguro.com.br\/site\/2026\/01\/24\/diretora-de-instituicao-judaica-aborda-israel-alem-do-conflito\/","title":{"rendered":"Diretora de institui\u00e7\u00e3o judaica aborda \u201cIsrael al\u00e9m do conflito\u201d"},"content":{"rendered":"<p><br \/>\n<br \/><\/p>\n<div>\n<p>No segundo v\u00eddeo da s\u00e9rie \u201cIsrael al\u00e9m do conflito\u201d, Deborah Chammah, diretora de Educa\u00e7\u00e3o da StandWithUs Brasil, aparece em Tel Aviv diante de pr\u00e9dios completamente destru\u00eddos pelos m\u00edsseis bal\u00edsticos lan\u00e7ados pelo Ir\u00e3 em junho de 2025.<\/p>\n<p>Os ataques tiveram como alvo civis israelenses e ocorreram ap\u00f3s uma a\u00e7\u00e3o preventiva de Israel contra bases nucleares do regime iraniano, que estava pr\u00f3ximo de desenvolver bombas nucleares \u2014 uma amea\u00e7a existencial direta ao pa\u00eds.<\/p>\n<blockquote class=\"instagram-media\" style=\"background: #FFF; border: 0; border-radius: 3px; box-shadow: 0 0 1px 0 rgba(0,0,0,0.5),0 1px 10px 0 rgba(0,0,0,0.15); margin: 1px; max-width: 540px; min-width: 326px; padding: 0; width: calc(100% - 2px);\" data-instgrm-captioned=\"\" data-instgrm-permalink=\"https:\/\/www.instagram.com\/reel\/DTgRX-2ku90\/?utm_source=ig_embed&amp;utm_campaign=loading\" data-instgrm-version=\"14\"><p>&#13;<br \/>\n&#13;\n<\/p><\/blockquote>\n<p>O regime iraniano n\u00e3o representa risco apenas para Israel, mas para todo o Ocidente, por apoiar e influenciar grupos terroristas e se opor aos valores democr\u00e1ticos do mundo livre.<\/p>\n<p>Por isso mesmo, nos \u00faltimos dias, iranianos foram \u00e0s ruas para protestar contra o regime do aiatol\u00e1 Ali Khamenei e expressar a esperan\u00e7a de que o governo caia, permitindo mais liberdade a uma popula\u00e7\u00e3o que vive sob repress\u00e3o h\u00e1 mais de 30 anos.<\/p>\n<p>Importante destacar que, em 2026, o Ir\u00e3 ocupa a 10\u00aa posi\u00e7\u00e3o na lista anual da organiza\u00e7\u00e3o Portas Abertas, figurando entre os pa\u00edses que mais perseguem crist\u00e3os no mundo.<\/p>\n<p>Al\u00e9m disso, o pa\u00eds mant\u00e9m uma pol\u00edtica voltada ao fortalecimento de mil\u00edcias e grupos terroristas em todo o Oriente M\u00e9dio, contribuindo para a dissemina\u00e7\u00e3o de tens\u00e3o e instabilidade na regi\u00e3o.<\/p>\n<p><em>Fonte: StandWithUs \/ Deborah Chammah<\/em><\/p>\n<p>\u00a0<\/p>\n<p><strong>Silas Anast\u00e1cio<\/strong> \u00e9 fundador do Minist\u00e9rio Davar, evangelista e expositor b\u00edblico com s\u00f3lida atua\u00e7\u00e3o h\u00e1 mais de uma d\u00e9cada em temas relacionados ao Estado de Israel e \u00e0 comunidade judaica. Tamb\u00e9m desempenha papel estrat\u00e9gico nos bastidores da m\u00eddia evang\u00e9lica, contribuindo para a articula\u00e7\u00e3o e divulga\u00e7\u00e3o de conte\u00fados que fortalecem os valores\u00a0da\u00a0f\u00e9\u00a0crist\u00e3.<\/p>\n<p><em>* O conte\u00fado do texto acima \u00e9 de colabora\u00e7\u00e3o volunt\u00e1ria, seu teor \u00e9 de total responsabilidade do autor e n\u00e3o reflete necessariamente a opini\u00e3o do Portal Guiame.<\/em><\/p>\n<p>Leia o artigo:<span style=\"color: #800000;\"> <strong>Instituto Weizmann de Ci\u00eancias oferece bolsas de pesquisa para estudantes de gradua\u00e7\u00e3o<\/strong><\/span><\/p>\n<p>\u00a0<\/p>\n<\/div>\n<p><script async src=\"\/\/www.instagram.com\/embed.js\"><\/script><br \/>\n<br \/><br \/>\n<br \/>Fonte: Guiame <\/p>\n","protected":false},"excerpt":{"rendered":"<p>No segundo v\u00eddeo da s\u00e9rie \u201cIsrael al\u00e9m do conflito\u201d, Deborah Chammah, diretora de Educa\u00e7\u00e3o da StandWithUs Brasil, aparece em Tel Aviv diante de pr\u00e9dios completamente destru\u00eddos pelos m\u00edsseis bal\u00edsticos lan\u00e7ados pelo Ir\u00e3 em junho de 2025. Os ataques tiveram como alvo civis israelenses e ocorreram ap\u00f3s uma a\u00e7\u00e3o preventiva de Israel contra bases nucleares do [&hellip;]<\/p>\n","protected":false},"author":1,"featured_media":3396,"comment_status":"","ping_status":"open","sticky":false,"template":"","format":"standard","meta":{"footnotes":""},"categories":[43],"tags":[],"class_list":["post-3395","post","type-post","status-publish","format-standard","has-post-thumbnail","hentry","category-destaques"],"yoast_head":"<!-- This site is optimized with the Yoast SEO plugin v26.8 - https:\/\/yoast.com\/product\/yoast-seo-wordpress\/ -->\n<title>Diretora de institui\u00e7\u00e3o judaica aborda \u201cIsrael al\u00e9m do conflito\u201d - R\u00e1dio Porto Seguro<\/title>\n<meta name=\"robots\" content=\"index, follow, max-snippet:-1, max-image-preview:large, max-video-preview:-1\" \/>\n<link rel=\"canonical\" href=\"https:\/\/radioportoseguro.com.br\/site\/2026\/01\/24\/diretora-de-instituicao-judaica-aborda-israel-alem-do-conflito\/\" \/>\n<meta property=\"og:locale\" content=\"pt_BR\" \/>\n<meta property=\"og:type\" content=\"article\" \/>\n<meta property=\"og:title\" content=\"Diretora de institui\u00e7\u00e3o judaica aborda \u201cIsrael al\u00e9m do conflito\u201d - R\u00e1dio Porto Seguro\" \/>\n<meta property=\"og:description\" content=\"No segundo v\u00eddeo da s\u00e9rie \u201cIsrael al\u00e9m do conflito\u201d, Deborah Chammah, diretora de Educa\u00e7\u00e3o da StandWithUs Brasil, aparece em Tel Aviv diante de pr\u00e9dios completamente destru\u00eddos pelos m\u00edsseis bal\u00edsticos lan\u00e7ados pelo Ir\u00e3 em junho de 2025. Os ataques tiveram como alvo civis israelenses e ocorreram ap\u00f3s uma a\u00e7\u00e3o preventiva de Israel contra bases nucleares do [&hellip;]\" \/>\n<meta property=\"og:url\" content=\"https:\/\/radioportoseguro.com.br\/site\/2026\/01\/24\/diretora-de-instituicao-judaica-aborda-israel-alem-do-conflito\/\" \/>\n<meta property=\"og:site_name\" content=\"R\u00e1dio Porto Seguro\" \/>\n<meta property=\"article:published_time\" content=\"2026-01-24T16:47:09+00:00\" \/>\n<meta property=\"og:image\" content=\"https:\/\/media.guiame.com.br\/archives\/2026\/01\/22\/2311152419-deborah-chammah.png\" \/>\n<meta name=\"author\" content=\"admin\" \/>\n<meta name=\"twitter:card\" content=\"summary_large_image\" \/>\n<meta name=\"twitter:label1\" content=\"Escrito por\" \/>\n\t<meta name=\"twitter:data1\" content=\"admin\" \/>\n\t<meta name=\"twitter:label2\" content=\"Est. tempo de leitura\" \/>\n\t<meta name=\"twitter:data2\" content=\"2 minutos\" \/>\n<script type=\"application\/ld+json\" class=\"yoast-schema-graph\">{\"@context\":\"https:\/\/schema.org\",\"@graph\":[{\"@type\":\"Article\",\"@id\":\"https:\/\/radioportoseguro.com.br\/site\/2026\/01\/24\/diretora-de-instituicao-judaica-aborda-israel-alem-do-conflito\/#article\",\"isPartOf\":{\"@id\":\"https:\/\/radioportoseguro.com.br\/site\/2026\/01\/24\/diretora-de-instituicao-judaica-aborda-israel-alem-do-conflito\/\"},\"author\":{\"name\":\"admin\",\"@id\":\"https:\/\/radioportoseguro.com.br\/site\/#\/schema\/person\/7630acdc320186f13639d3c067ec089b\"},\"headline\":\"Diretora de institui\u00e7\u00e3o judaica aborda \u201cIsrael al\u00e9m do conflito\u201d\",\"datePublished\":\"2026-01-24T16:47:09+00:00\",\"mainEntityOfPage\":{\"@id\":\"https:\/\/radioportoseguro.com.br\/site\/2026\/01\/24\/diretora-de-instituicao-judaica-aborda-israel-alem-do-conflito\/\"},\"wordCount\":358,\"image\":{\"@id\":\"https:\/\/radioportoseguro.com.br\/site\/2026\/01\/24\/diretora-de-instituicao-judaica-aborda-israel-alem-do-conflito\/#primaryimage\"},\"thumbnailUrl\":\"https:\/\/radioportoseguro.com.br\/site\/wp-content\/uploads\/2026\/01\/2311152419-deborah-chammah.png\",\"articleSection\":[\"Destaques\"],\"inLanguage\":\"pt-BR\"},{\"@type\":\"WebPage\",\"@id\":\"https:\/\/radioportoseguro.com.br\/site\/2026\/01\/24\/diretora-de-instituicao-judaica-aborda-israel-alem-do-conflito\/\",\"url\":\"https:\/\/radioportoseguro.com.br\/site\/2026\/01\/24\/diretora-de-instituicao-judaica-aborda-israel-alem-do-conflito\/\",\"name\":\"Diretora de institui\u00e7\u00e3o judaica aborda \u201cIsrael al\u00e9m do conflito\u201d - R\u00e1dio Porto Seguro\",\"isPartOf\":{\"@id\":\"https:\/\/radioportoseguro.com.br\/site\/#website\"},\"primaryImageOfPage\":{\"@id\":\"https:\/\/radioportoseguro.com.br\/site\/2026\/01\/24\/diretora-de-instituicao-judaica-aborda-israel-alem-do-conflito\/#primaryimage\"},\"image\":{\"@id\":\"https:\/\/radioportoseguro.com.br\/site\/2026\/01\/24\/diretora-de-instituicao-judaica-aborda-israel-alem-do-conflito\/#primaryimage\"},\"thumbnailUrl\":\"https:\/\/radioportoseguro.com.br\/site\/wp-content\/uploads\/2026\/01\/2311152419-deborah-chammah.png\",\"datePublished\":\"2026-01-24T16:47:09+00:00\",\"author\":{\"@id\":\"https:\/\/radioportoseguro.com.br\/site\/#\/schema\/person\/7630acdc320186f13639d3c067ec089b\"},\"breadcrumb\":{\"@id\":\"https:\/\/radioportoseguro.com.br\/site\/2026\/01\/24\/diretora-de-instituicao-judaica-aborda-israel-alem-do-conflito\/#breadcrumb\"},\"inLanguage\":\"pt-BR\",\"potentialAction\":[{\"@type\":\"ReadAction\",\"target\":[\"https:\/\/radioportoseguro.com.br\/site\/2026\/01\/24\/diretora-de-instituicao-judaica-aborda-israel-alem-do-conflito\/\"]}]},{\"@type\":\"ImageObject\",\"inLanguage\":\"pt-BR\",\"@id\":\"https:\/\/radioportoseguro.com.br\/site\/2026\/01\/24\/diretora-de-instituicao-judaica-aborda-israel-alem-do-conflito\/#primaryimage\",\"url\":\"https:\/\/radioportoseguro.com.br\/site\/wp-content\/uploads\/2026\/01\/2311152419-deborah-chammah.png\",\"contentUrl\":\"https:\/\/radioportoseguro.com.br\/site\/wp-content\/uploads\/2026\/01\/2311152419-deborah-chammah.png\",\"width\":1200,\"height\":600},{\"@type\":\"BreadcrumbList\",\"@id\":\"https:\/\/radioportoseguro.com.br\/site\/2026\/01\/24\/diretora-de-instituicao-judaica-aborda-israel-alem-do-conflito\/#breadcrumb\",\"itemListElement\":[{\"@type\":\"ListItem\",\"position\":1,\"name\":\"In\u00edcio\",\"item\":\"https:\/\/radioportoseguro.com.br\/site\/\"},{\"@type\":\"ListItem\",\"position\":2,\"name\":\"Diretora de institui\u00e7\u00e3o judaica aborda \u201cIsrael al\u00e9m do conflito\u201d\"}]},{\"@type\":\"WebSite\",\"@id\":\"https:\/\/radioportoseguro.com.br\/site\/#website\",\"url\":\"https:\/\/radioportoseguro.com.br\/site\/\",\"name\":\"R\u00e1dio Porto Seguro\",\"description\":\"\",\"potentialAction\":[{\"@type\":\"SearchAction\",\"target\":{\"@type\":\"EntryPoint\",\"urlTemplate\":\"https:\/\/radioportoseguro.com.br\/site\/?s={search_term_string}\"},\"query-input\":{\"@type\":\"PropertyValueSpecification\",\"valueRequired\":true,\"valueName\":\"search_term_string\"}}],\"inLanguage\":\"pt-BR\"},{\"@type\":\"Person\",\"@id\":\"https:\/\/radioportoseguro.com.br\/site\/#\/schema\/person\/7630acdc320186f13639d3c067ec089b\",\"name\":\"admin\",\"image\":{\"@type\":\"ImageObject\",\"inLanguage\":\"pt-BR\",\"@id\":\"https:\/\/radioportoseguro.com.br\/site\/#\/schema\/person\/image\/\",\"url\":\"https:\/\/secure.gravatar.com\/avatar\/caacf4dc1eedb68fab0df8e1ed46c448e578b2466351bbcb61e47d2ac0caaef0?s=96&d=mm&r=g\",\"contentUrl\":\"https:\/\/secure.gravatar.com\/avatar\/caacf4dc1eedb68fab0df8e1ed46c448e578b2466351bbcb61e47d2ac0caaef0?s=96&d=mm&r=g\",\"caption\":\"admin\"},\"sameAs\":[\"https:\/\/radioportoseguro.com.br\/site\"],\"url\":\"https:\/\/radioportoseguro.com.br\/site\/author\/hezio\/\"}]}<\/script>\n<!-- \/ Yoast SEO plugin. -->","yoast_head_json":{"title":"Diretora de institui\u00e7\u00e3o judaica aborda \u201cIsrael al\u00e9m do conflito\u201d - R\u00e1dio Porto Seguro","robots":{"index":"index","follow":"follow","max-snippet":"max-snippet:-1","max-image-preview":"max-image-preview:large","max-video-preview":"max-video-preview:-1"},"canonical":"https:\/\/radioportoseguro.com.br\/site\/2026\/01\/24\/diretora-de-instituicao-judaica-aborda-israel-alem-do-conflito\/","og_locale":"pt_BR","og_type":"article","og_title":"Diretora de institui\u00e7\u00e3o judaica aborda \u201cIsrael al\u00e9m do conflito\u201d - R\u00e1dio Porto Seguro","og_description":"No segundo v\u00eddeo da s\u00e9rie \u201cIsrael al\u00e9m do conflito\u201d, Deborah Chammah, diretora de Educa\u00e7\u00e3o da StandWithUs Brasil, aparece em Tel Aviv diante de pr\u00e9dios completamente destru\u00eddos pelos m\u00edsseis bal\u00edsticos lan\u00e7ados pelo Ir\u00e3 em junho de 2025. Os ataques tiveram como alvo civis israelenses e ocorreram ap\u00f3s uma a\u00e7\u00e3o preventiva de Israel contra bases nucleares do [&hellip;]","og_url":"https:\/\/radioportoseguro.com.br\/site\/2026\/01\/24\/diretora-de-instituicao-judaica-aborda-israel-alem-do-conflito\/","og_site_name":"R\u00e1dio Porto Seguro","article_published_time":"2026-01-24T16:47:09+00:00","og_image":[{"url":"https:\/\/media.guiame.com.br\/archives\/2026\/01\/22\/2311152419-deborah-chammah.png","type":"","width":"","height":""}],"author":"admin","twitter_card":"summary_large_image","twitter_misc":{"Escrito por":"admin","Est. tempo de leitura":"2 minutos"},"schema":{"@context":"https:\/\/schema.org","@graph":[{"@type":"Article","@id":"https:\/\/radioportoseguro.com.br\/site\/2026\/01\/24\/diretora-de-instituicao-judaica-aborda-israel-alem-do-conflito\/#article","isPartOf":{"@id":"https:\/\/radioportoseguro.com.br\/site\/2026\/01\/24\/diretora-de-instituicao-judaica-aborda-israel-alem-do-conflito\/"},"author":{"name":"admin","@id":"https:\/\/radioportoseguro.com.br\/site\/#\/schema\/person\/7630acdc320186f13639d3c067ec089b"},"headline":"Diretora de institui\u00e7\u00e3o judaica aborda \u201cIsrael al\u00e9m do conflito\u201d","datePublished":"2026-01-24T16:47:09+00:00","mainEntityOfPage":{"@id":"https:\/\/radioportoseguro.com.br\/site\/2026\/01\/24\/diretora-de-instituicao-judaica-aborda-israel-alem-do-conflito\/"},"wordCount":358,"image":{"@id":"https:\/\/radioportoseguro.com.br\/site\/2026\/01\/24\/diretora-de-instituicao-judaica-aborda-israel-alem-do-conflito\/#primaryimage"},"thumbnailUrl":"https:\/\/radioportoseguro.com.br\/site\/wp-content\/uploads\/2026\/01\/2311152419-deborah-chammah.png","articleSection":["Destaques"],"inLanguage":"pt-BR"},{"@type":"WebPage","@id":"https:\/\/radioportoseguro.com.br\/site\/2026\/01\/24\/diretora-de-instituicao-judaica-aborda-israel-alem-do-conflito\/","url":"https:\/\/radioportoseguro.com.br\/site\/2026\/01\/24\/diretora-de-instituicao-judaica-aborda-israel-alem-do-conflito\/","name":"Diretora de institui\u00e7\u00e3o judaica aborda \u201cIsrael al\u00e9m do conflito\u201d - R\u00e1dio Porto Seguro","isPartOf":{"@id":"https:\/\/radioportoseguro.com.br\/site\/#website"},"primaryImageOfPage":{"@id":"https:\/\/radioportoseguro.com.br\/site\/2026\/01\/24\/diretora-de-instituicao-judaica-aborda-israel-alem-do-conflito\/#primaryimage"},"image":{"@id":"https:\/\/radioportoseguro.com.br\/site\/2026\/01\/24\/diretora-de-instituicao-judaica-aborda-israel-alem-do-conflito\/#primaryimage"},"thumbnailUrl":"https:\/\/radioportoseguro.com.br\/site\/wp-content\/uploads\/2026\/01\/2311152419-deborah-chammah.png","datePublished":"2026-01-24T16:47:09+00:00","author":{"@id":"https:\/\/radioportoseguro.com.br\/site\/#\/schema\/person\/7630acdc320186f13639d3c067ec089b"},"breadcrumb":{"@id":"https:\/\/radioportoseguro.com.br\/site\/2026\/01\/24\/diretora-de-instituicao-judaica-aborda-israel-alem-do-conflito\/#breadcrumb"},"inLanguage":"pt-BR","potentialAction":[{"@type":"ReadAction","target":["https:\/\/radioportoseguro.com.br\/site\/2026\/01\/24\/diretora-de-instituicao-judaica-aborda-israel-alem-do-conflito\/"]}]},{"@type":"ImageObject","inLanguage":"pt-BR","@id":"https:\/\/radioportoseguro.com.br\/site\/2026\/01\/24\/diretora-de-instituicao-judaica-aborda-israel-alem-do-conflito\/#primaryimage","url":"https:\/\/radioportoseguro.com.br\/site\/wp-content\/uploads\/2026\/01\/2311152419-deborah-chammah.png","contentUrl":"https:\/\/radioportoseguro.com.br\/site\/wp-content\/uploads\/2026\/01\/2311152419-deborah-chammah.png","width":1200,"height":600},{"@type":"BreadcrumbList","@id":"https:\/\/radioportoseguro.com.br\/site\/2026\/01\/24\/diretora-de-instituicao-judaica-aborda-israel-alem-do-conflito\/#breadcrumb","itemListElement":[{"@type":"ListItem","position":1,"name":"In\u00edcio","item":"https:\/\/radioportoseguro.com.br\/site\/"},{"@type":"ListItem","position":2,"name":"Diretora de institui\u00e7\u00e3o judaica aborda \u201cIsrael al\u00e9m do conflito\u201d"}]},{"@type":"WebSite","@id":"https:\/\/radioportoseguro.com.br\/site\/#website","url":"https:\/\/radioportoseguro.com.br\/site\/","name":"R\u00e1dio Porto Seguro","description":"","potentialAction":[{"@type":"SearchAction","target":{"@type":"EntryPoint","urlTemplate":"https:\/\/radioportoseguro.com.br\/site\/?s={search_term_string}"},"query-input":{"@type":"PropertyValueSpecification","valueRequired":true,"valueName":"search_term_string"}}],"inLanguage":"pt-BR"},{"@type":"Person","@id":"https:\/\/radioportoseguro.com.br\/site\/#\/schema\/person\/7630acdc320186f13639d3c067ec089b","name":"admin","image":{"@type":"ImageObject","inLanguage":"pt-BR","@id":"https:\/\/radioportoseguro.com.br\/site\/#\/schema\/person\/image\/","url":"https:\/\/secure.gravatar.com\/avatar\/caacf4dc1eedb68fab0df8e1ed46c448e578b2466351bbcb61e47d2ac0caaef0?s=96&d=mm&r=g","contentUrl":"https:\/\/secure.gravatar.com\/avatar\/caacf4dc1eedb68fab0df8e1ed46c448e578b2466351bbcb61e47d2ac0caaef0?s=96&d=mm&r=g","caption":"admin"},"sameAs":["https:\/\/radioportoseguro.com.br\/site"],"url":"https:\/\/radioportoseguro.com.br\/site\/author\/hezio\/"}]}},"_links":{"self":[{"href":"https:\/\/radioportoseguro.com.br\/site\/wp-json\/wp\/v2\/posts\/3395","targetHints":{"allow":["GET"]}}],"collection":[{"href":"https:\/\/radioportoseguro.com.br\/site\/wp-json\/wp\/v2\/posts"}],"about":[{"href":"https:\/\/radioportoseguro.com.br\/site\/wp-json\/wp\/v2\/types\/post"}],"author":[{"embeddable":true,"href":"https:\/\/radioportoseguro.com.br\/site\/wp-json\/wp\/v2\/users\/1"}],"replies":[{"embeddable":true,"href":"https:\/\/radioportoseguro.com.br\/site\/wp-json\/wp\/v2\/comments?post=3395"}],"version-history":[{"count":0,"href":"https:\/\/radioportoseguro.com.br\/site\/wp-json\/wp\/v2\/posts\/3395\/revisions"}],"wp:featuredmedia":[{"embeddable":true,"href":"https:\/\/radioportoseguro.com.br\/site\/wp-json\/wp\/v2\/media\/3396"}],"wp:attachment":[{"href":"https:\/\/radioportoseguro.com.br\/site\/wp-json\/wp\/v2\/media?parent=3395"}],"wp:term":[{"taxonomy":"category","embeddable":true,"href":"https:\/\/radioportoseguro.com.br\/site\/wp-json\/wp\/v2\/categories?post=3395"},{"taxonomy":"post_tag","embeddable":true,"href":"https:\/\/radioportoseguro.com.br\/site\/wp-json\/wp\/v2\/tags?post=3395"}],"curies":[{"name":"wp","href":"https:\/\/api.w.org\/{rel}","templated":true}]}}