{"id":3422,"date":"2026-01-24T23:25:37","date_gmt":"2026-01-25T02:25:37","guid":{"rendered":"https:\/\/radioportoseguro.com.br\/site\/2026\/01\/24\/ex-viciada-resgatada-das-ruas-choca-apos-restauracao-deus-colocou-a-mao-sobre-ela\/"},"modified":"2026-01-24T23:25:37","modified_gmt":"2026-01-25T02:25:37","slug":"ex-viciada-resgatada-das-ruas-choca-apos-restauracao-deus-colocou-a-mao-sobre-ela","status":"publish","type":"post","link":"https:\/\/radioportoseguro.com.br\/site\/2026\/01\/24\/ex-viciada-resgatada-das-ruas-choca-apos-restauracao-deus-colocou-a-mao-sobre-ela\/","title":{"rendered":"Ex-viciada resgatada das ruas choca ap\u00f3s restaura\u00e7\u00e3o: \u201cDeus colocou a m\u00e3o sobre ela\u201d"},"content":{"rendered":"<p><br \/>\n<br \/><\/p>\n<div>\n<p><span style=\"font-weight: 400;\">Uma iniciativa crist\u00e3 voltada ao combate da depend\u00eancia qu\u00edmica tem chamado aten\u00e7\u00e3o nas redes sociais ao compartilhar v\u00eddeos de resgates de pessoas em situa\u00e7\u00e3o de vulnerabilidade nas ruas e relatos de transforma\u00e7\u00e3o de vida ap\u00f3s o in\u00edcio do tratamento.\u00a0<\/span><\/p>\n<p><span style=\"font-weight: 400;\">O Grupo Novo Come\u00e7o, que atua no apoio a dependentes qu\u00edmicos e familiares, compartilhou o testemunho de uma <\/span><span style=\"color: #993300;\"><strong>ex-viciada<\/strong><\/span><span style=\"font-weight: 400;\"> que foi resgatada das ruas.<\/span><\/p>\n<p><span style=\"font-weight: 400;\">Em um v\u00eddeo, a jovem aparece em crise e chegou a amea\u00e7ar a equipe com uma faca nas m\u00e3os:<\/span><\/p>\n<p><span style=\"font-weight: 400;\">\u201cDava para sentir que ela carregava um peso que ningu\u00e9m via, uma luta que a mente j\u00e1 n\u00e3o conseguia vencer sozinha\u201d, informou o grupo no Instagram.<\/span><\/p>\n<p><span style=\"font-weight: 400;\">\u201cA interna\u00e7\u00e3o involunt\u00e1ria foi um choque. Ela resistiu, chorou, n\u00e3o entendeu. E tudo parecia duro demais, r\u00e1pido demais, grande demais para algu\u00e9m que s\u00f3 precisava de um pouco de paz\u201d, acrescentou.<\/span><\/p>\n<blockquote class=\"instagram-media\" style=\"background: #FFF; border: 0; border-radius: 3px; box-shadow: 0 0 1px 0 rgba(0,0,0,0.5),0 1px 10px 0 rgba(0,0,0,0.15); margin: 1px; max-width: 540px; min-width: 326px; padding: 0; width: calc(100% - 2px);\" data-instgrm-permalink=\"https:\/\/www.instagram.com\/reel\/DR6__-wDrEU\/?utm_source=ig_embed&amp;utm_campaign=loading\" data-instgrm-version=\"14\"><p>&#13;<br \/>\n&#13;\n<\/p><\/blockquote>\n<p><span style=\"font-weight: 400;\">Ap\u00f3s o resgate, a jovem iniciou o tratamento na institui\u00e7\u00e3o. Tempos depois, o grupo relatou os primeiros sinais de mudan\u00e7a.<\/span><\/p>\n<p><span style=\"font-weight: 400;\">\u201cAlgo aconteceu ali dentro. No sil\u00eancio. No cuidado. No acolhimento que ela n\u00e3o esperava. Aos poucos, a gente foi vendo a mudan\u00e7a. Primeiro no olhar, que voltou a ter luz. Depois na postura, menos tensa, menos assustada. E por fim, no cora\u00e7\u00e3o, que come\u00e7ou a acreditar que a vida ainda podia ser boa \u2014 e que ela merece viver essa vida\u201d, relatou o grupo.<\/span><\/p>\n<p><span style=\"font-weight: 400;\">Hoje, eles afirmaram que \u201cela \u00e9 outra\u201d: \u201cEla encontrou for\u00e7as onde achou que n\u00e3o tinha mais. Est\u00e1 se reencontrando. Se reconectando. Se reconstruindo por dentro\u201d.<\/span><\/p>\n<p><span style=\"font-weight: 400;\">E continuaram: \u201cA diferen\u00e7a \u00e9 t\u00e3o n\u00edtida que parece que Deus colocou a m\u00e3o sobre ela e disse: \u2018Eu n\u00e3o terminei a obra que comecei em voc\u00ea\u2019\u201d.<\/span><\/p>\n<p><strong>A import\u00e2ncia do tratamento e da interven\u00e7\u00e3o familiar<\/strong><\/p>\n<p><span style=\"font-weight: 400;\">O grupo fez um alerta sobre a import\u00e2ncia no tratamento do <\/span><span style=\"color: #993300;\"><strong>combate \u00e0s drogas<\/strong><\/span><span style=\"font-weight: 400;\"> e explicou que a depend\u00eancia qu\u00edmica age de forma progressiva e silenciosa, afetando n\u00e3o apenas o usu\u00e1rio, mas tamb\u00e9m toda a fam\u00edlia.\u00a0<\/span><\/p>\n<p><span style=\"font-weight: 400;\">\u201cA droga engana. Ela confunde, ilude e destr\u00f3i em sil\u00eancio. Faz o dependente acreditar que est\u00e1 no controle, que n\u00e3o precisa de ajuda, que pode parar quando quiser. Mas a verdade \u00e9 dura: pouco a pouco, ela rouba tudo \u2014 at\u00e9 a capacidade de escolher\u201d, afirmou a institui\u00e7\u00e3o.<\/span><\/p>\n<p><span style=\"font-weight: 400;\">Segundo eles, os familiares costumam perceber as mudan\u00e7as primeiro, relatando altera\u00e7\u00f5es de comportamento, perda de v\u00ednculos e valores, mudan\u00e7as no olhar e no modo de viver.\u00a0<\/span><\/p>\n<blockquote class=\"instagram-media\" style=\"background: #FFF; border: 0; border-radius: 3px; box-shadow: 0 0 1px 0 rgba(0,0,0,0.5),0 1px 10px 0 rgba(0,0,0,0.15); margin: 1px; max-width: 540px; min-width: 326px; padding: 0; width: calc(100% - 2px);\" data-instgrm-permalink=\"https:\/\/www.instagram.com\/reel\/DTxMS83jkAf\/?utm_source=ig_embed&amp;utm_campaign=loading\" data-instgrm-version=\"14\"><p>&#13;<br \/>\n&#13;\n<\/p><\/blockquote>\n<p><span style=\"font-weight: 400;\">Diante desse cen\u00e1rio, sentimentos como medo, culpa e d\u00favida passam a fazer parte da rotina de quem convive com os viciados.<\/span><\/p>\n<p><span style=\"font-weight: 400;\">De acordo com o grupo, em est\u00e1gios mais avan\u00e7ados da depend\u00eancia, a recusa em buscar ajuda pode estar ligada ao pr\u00f3prio comprometimento mental causado pela doen\u00e7a:\u00a0<\/span><\/p>\n<p><span style=\"font-weight: 400;\">\u201cQuando a droga domina, a recusa por ajuda n\u00e3o \u00e9 escolha. \u00c9 a doen\u00e7a falando. A depend\u00eancia qu\u00edmica toma a mente, confunde o cora\u00e7\u00e3o e tira o poder de decis\u00e3o\u201d.<\/span><\/p>\n<p><span style=\"font-weight: 400;\">Nesses casos, a fam\u00edlia pode solicitar a interna\u00e7\u00e3o involunt\u00e1ria: \u201cN\u00e3o \u00e9 frieza, n\u00e3o \u00e9 castigo. \u00c9 coragem. \u00c9 agir quando esperar se torna perigoso. \u00c9 proteger quando a vida est\u00e1 por um fio\u201d.<\/span><\/p>\n<p><span style=\"font-weight: 400;\">E continuou: \u201cO caminho \u00e9 dif\u00edcil. H\u00e1 dor, resist\u00eancia e l\u00e1grimas. Mas h\u00e1 tamb\u00e9m cuidado, tratamento e tempo. Tempo para o corpo descansar, para a mente clarear e para a esperan\u00e7a voltar a respirar\u201d.<\/span><\/p>\n<p><span style=\"font-weight: 400;\">Por fim, eles alertaram as fam\u00edlias: \u201cSe hoje essa decis\u00e3o pesa no seu cora\u00e7\u00e3o, saiba: escolher pela vida n\u00e3o \u00e9 abandonar quem voc\u00ea ama. \u00c0s vezes, amar \u00e9 decidir por ele quando a droga j\u00e1 decidiu demais. Muitas vidas s\u00e3o salvas exatamente nesse momento \u2014 quando algu\u00e9m escolhe n\u00e3o desistir. Cada vida salva come\u00e7a com algu\u00e9m que decidiu ajudar\u201d.<\/span><\/p>\n<\/div>\n<p><script async src=\"\/\/www.instagram.com\/embed.js\"><\/script><br \/>\n<br \/><br \/>\n<br \/>Fonte: Guiame <\/p>\n","protected":false},"excerpt":{"rendered":"<p>Uma iniciativa crist\u00e3 voltada ao combate da depend\u00eancia qu\u00edmica tem chamado aten\u00e7\u00e3o nas redes sociais ao compartilhar v\u00eddeos de resgates de pessoas em situa\u00e7\u00e3o de vulnerabilidade nas ruas e relatos de transforma\u00e7\u00e3o de vida ap\u00f3s o in\u00edcio do tratamento.\u00a0 O Grupo Novo Come\u00e7o, que atua no apoio a dependentes qu\u00edmicos e familiares, compartilhou o testemunho [&hellip;]<\/p>\n","protected":false},"author":1,"featured_media":3423,"comment_status":"","ping_status":"open","sticky":false,"template":"","format":"standard","meta":{"footnotes":""},"categories":[43],"tags":[],"class_list":["post-3422","post","type-post","status-publish","format-standard","has-post-thumbnail","hentry","category-destaques"],"yoast_head":"<!-- This site is optimized with the Yoast SEO plugin v26.8 - https:\/\/yoast.com\/product\/yoast-seo-wordpress\/ -->\n<title>Ex-viciada resgatada das ruas choca ap\u00f3s restaura\u00e7\u00e3o: \u201cDeus colocou a m\u00e3o sobre ela\u201d - R\u00e1dio Porto Seguro<\/title>\n<meta name=\"robots\" content=\"index, follow, max-snippet:-1, max-image-preview:large, max-video-preview:-1\" \/>\n<link rel=\"canonical\" href=\"https:\/\/radioportoseguro.com.br\/site\/2026\/01\/24\/ex-viciada-resgatada-das-ruas-choca-apos-restauracao-deus-colocou-a-mao-sobre-ela\/\" \/>\n<meta property=\"og:locale\" content=\"pt_BR\" \/>\n<meta property=\"og:type\" content=\"article\" \/>\n<meta property=\"og:title\" content=\"Ex-viciada resgatada das ruas choca ap\u00f3s restaura\u00e7\u00e3o: \u201cDeus colocou a m\u00e3o sobre ela\u201d - R\u00e1dio Porto Seguro\" \/>\n<meta property=\"og:description\" content=\"Uma iniciativa crist\u00e3 voltada ao combate da depend\u00eancia qu\u00edmica tem chamado aten\u00e7\u00e3o nas redes sociais ao compartilhar v\u00eddeos de resgates de pessoas em situa\u00e7\u00e3o de vulnerabilidade nas ruas e relatos de transforma\u00e7\u00e3o de vida ap\u00f3s o in\u00edcio do tratamento.\u00a0 O Grupo Novo Come\u00e7o, que atua no apoio a dependentes qu\u00edmicos e familiares, compartilhou o testemunho [&hellip;]\" \/>\n<meta property=\"og:url\" content=\"https:\/\/radioportoseguro.com.br\/site\/2026\/01\/24\/ex-viciada-resgatada-das-ruas-choca-apos-restauracao-deus-colocou-a-mao-sobre-ela\/\" \/>\n<meta property=\"og:site_name\" content=\"R\u00e1dio Porto Seguro\" \/>\n<meta property=\"article:published_time\" content=\"2026-01-25T02:25:37+00:00\" \/>\n<meta property=\"og:image\" content=\"https:\/\/media.guiame.com.br\/archives\/2026\/01\/23\/1003066232-jovem-foi-transformada-apos-iniciar-o-tratamento-com-principios-cristaos.jpeg\" \/>\n<meta name=\"author\" content=\"admin\" \/>\n<meta name=\"twitter:card\" content=\"summary_large_image\" \/>\n<meta name=\"twitter:label1\" content=\"Escrito por\" \/>\n\t<meta name=\"twitter:data1\" content=\"admin\" \/>\n\t<meta name=\"twitter:label2\" content=\"Est. tempo de leitura\" \/>\n\t<meta name=\"twitter:data2\" content=\"3 minutos\" \/>\n<script type=\"application\/ld+json\" class=\"yoast-schema-graph\">{\"@context\":\"https:\/\/schema.org\",\"@graph\":[{\"@type\":\"Article\",\"@id\":\"https:\/\/radioportoseguro.com.br\/site\/2026\/01\/24\/ex-viciada-resgatada-das-ruas-choca-apos-restauracao-deus-colocou-a-mao-sobre-ela\/#article\",\"isPartOf\":{\"@id\":\"https:\/\/radioportoseguro.com.br\/site\/2026\/01\/24\/ex-viciada-resgatada-das-ruas-choca-apos-restauracao-deus-colocou-a-mao-sobre-ela\/\"},\"author\":{\"name\":\"admin\",\"@id\":\"https:\/\/radioportoseguro.com.br\/site\/#\/schema\/person\/7630acdc320186f13639d3c067ec089b\"},\"headline\":\"Ex-viciada resgatada das ruas choca ap\u00f3s restaura\u00e7\u00e3o: \u201cDeus colocou a m\u00e3o sobre ela\u201d\",\"datePublished\":\"2026-01-25T02:25:37+00:00\",\"mainEntityOfPage\":{\"@id\":\"https:\/\/radioportoseguro.com.br\/site\/2026\/01\/24\/ex-viciada-resgatada-das-ruas-choca-apos-restauracao-deus-colocou-a-mao-sobre-ela\/\"},\"wordCount\":684,\"image\":{\"@id\":\"https:\/\/radioportoseguro.com.br\/site\/2026\/01\/24\/ex-viciada-resgatada-das-ruas-choca-apos-restauracao-deus-colocou-a-mao-sobre-ela\/#primaryimage\"},\"thumbnailUrl\":\"https:\/\/radioportoseguro.com.br\/site\/wp-content\/uploads\/2026\/01\/1003066232-jovem-foi-transformada-apos-iniciar-o-tratamento-com-principios-cristaos.jpeg\",\"articleSection\":[\"Destaques\"],\"inLanguage\":\"pt-BR\"},{\"@type\":\"WebPage\",\"@id\":\"https:\/\/radioportoseguro.com.br\/site\/2026\/01\/24\/ex-viciada-resgatada-das-ruas-choca-apos-restauracao-deus-colocou-a-mao-sobre-ela\/\",\"url\":\"https:\/\/radioportoseguro.com.br\/site\/2026\/01\/24\/ex-viciada-resgatada-das-ruas-choca-apos-restauracao-deus-colocou-a-mao-sobre-ela\/\",\"name\":\"Ex-viciada resgatada das ruas choca ap\u00f3s restaura\u00e7\u00e3o: \u201cDeus colocou a m\u00e3o sobre ela\u201d - R\u00e1dio Porto Seguro\",\"isPartOf\":{\"@id\":\"https:\/\/radioportoseguro.com.br\/site\/#website\"},\"primaryImageOfPage\":{\"@id\":\"https:\/\/radioportoseguro.com.br\/site\/2026\/01\/24\/ex-viciada-resgatada-das-ruas-choca-apos-restauracao-deus-colocou-a-mao-sobre-ela\/#primaryimage\"},\"image\":{\"@id\":\"https:\/\/radioportoseguro.com.br\/site\/2026\/01\/24\/ex-viciada-resgatada-das-ruas-choca-apos-restauracao-deus-colocou-a-mao-sobre-ela\/#primaryimage\"},\"thumbnailUrl\":\"https:\/\/radioportoseguro.com.br\/site\/wp-content\/uploads\/2026\/01\/1003066232-jovem-foi-transformada-apos-iniciar-o-tratamento-com-principios-cristaos.jpeg\",\"datePublished\":\"2026-01-25T02:25:37+00:00\",\"author\":{\"@id\":\"https:\/\/radioportoseguro.com.br\/site\/#\/schema\/person\/7630acdc320186f13639d3c067ec089b\"},\"breadcrumb\":{\"@id\":\"https:\/\/radioportoseguro.com.br\/site\/2026\/01\/24\/ex-viciada-resgatada-das-ruas-choca-apos-restauracao-deus-colocou-a-mao-sobre-ela\/#breadcrumb\"},\"inLanguage\":\"pt-BR\",\"potentialAction\":[{\"@type\":\"ReadAction\",\"target\":[\"https:\/\/radioportoseguro.com.br\/site\/2026\/01\/24\/ex-viciada-resgatada-das-ruas-choca-apos-restauracao-deus-colocou-a-mao-sobre-ela\/\"]}]},{\"@type\":\"ImageObject\",\"inLanguage\":\"pt-BR\",\"@id\":\"https:\/\/radioportoseguro.com.br\/site\/2026\/01\/24\/ex-viciada-resgatada-das-ruas-choca-apos-restauracao-deus-colocou-a-mao-sobre-ela\/#primaryimage\",\"url\":\"https:\/\/radioportoseguro.com.br\/site\/wp-content\/uploads\/2026\/01\/1003066232-jovem-foi-transformada-apos-iniciar-o-tratamento-com-principios-cristaos.jpeg\",\"contentUrl\":\"https:\/\/radioportoseguro.com.br\/site\/wp-content\/uploads\/2026\/01\/1003066232-jovem-foi-transformada-apos-iniciar-o-tratamento-com-principios-cristaos.jpeg\",\"width\":1200,\"height\":600},{\"@type\":\"BreadcrumbList\",\"@id\":\"https:\/\/radioportoseguro.com.br\/site\/2026\/01\/24\/ex-viciada-resgatada-das-ruas-choca-apos-restauracao-deus-colocou-a-mao-sobre-ela\/#breadcrumb\",\"itemListElement\":[{\"@type\":\"ListItem\",\"position\":1,\"name\":\"In\u00edcio\",\"item\":\"https:\/\/radioportoseguro.com.br\/site\/\"},{\"@type\":\"ListItem\",\"position\":2,\"name\":\"Ex-viciada resgatada das ruas choca ap\u00f3s restaura\u00e7\u00e3o: \u201cDeus colocou a m\u00e3o sobre ela\u201d\"}]},{\"@type\":\"WebSite\",\"@id\":\"https:\/\/radioportoseguro.com.br\/site\/#website\",\"url\":\"https:\/\/radioportoseguro.com.br\/site\/\",\"name\":\"R\u00e1dio Porto Seguro\",\"description\":\"\",\"potentialAction\":[{\"@type\":\"SearchAction\",\"target\":{\"@type\":\"EntryPoint\",\"urlTemplate\":\"https:\/\/radioportoseguro.com.br\/site\/?s={search_term_string}\"},\"query-input\":{\"@type\":\"PropertyValueSpecification\",\"valueRequired\":true,\"valueName\":\"search_term_string\"}}],\"inLanguage\":\"pt-BR\"},{\"@type\":\"Person\",\"@id\":\"https:\/\/radioportoseguro.com.br\/site\/#\/schema\/person\/7630acdc320186f13639d3c067ec089b\",\"name\":\"admin\",\"image\":{\"@type\":\"ImageObject\",\"inLanguage\":\"pt-BR\",\"@id\":\"https:\/\/radioportoseguro.com.br\/site\/#\/schema\/person\/image\/\",\"url\":\"https:\/\/secure.gravatar.com\/avatar\/caacf4dc1eedb68fab0df8e1ed46c448e578b2466351bbcb61e47d2ac0caaef0?s=96&d=mm&r=g\",\"contentUrl\":\"https:\/\/secure.gravatar.com\/avatar\/caacf4dc1eedb68fab0df8e1ed46c448e578b2466351bbcb61e47d2ac0caaef0?s=96&d=mm&r=g\",\"caption\":\"admin\"},\"sameAs\":[\"https:\/\/radioportoseguro.com.br\/site\"],\"url\":\"https:\/\/radioportoseguro.com.br\/site\/author\/hezio\/\"}]}<\/script>\n<!-- \/ Yoast SEO plugin. -->","yoast_head_json":{"title":"Ex-viciada resgatada das ruas choca ap\u00f3s restaura\u00e7\u00e3o: \u201cDeus colocou a m\u00e3o sobre ela\u201d - R\u00e1dio Porto Seguro","robots":{"index":"index","follow":"follow","max-snippet":"max-snippet:-1","max-image-preview":"max-image-preview:large","max-video-preview":"max-video-preview:-1"},"canonical":"https:\/\/radioportoseguro.com.br\/site\/2026\/01\/24\/ex-viciada-resgatada-das-ruas-choca-apos-restauracao-deus-colocou-a-mao-sobre-ela\/","og_locale":"pt_BR","og_type":"article","og_title":"Ex-viciada resgatada das ruas choca ap\u00f3s restaura\u00e7\u00e3o: \u201cDeus colocou a m\u00e3o sobre ela\u201d - R\u00e1dio Porto Seguro","og_description":"Uma iniciativa crist\u00e3 voltada ao combate da depend\u00eancia qu\u00edmica tem chamado aten\u00e7\u00e3o nas redes sociais ao compartilhar v\u00eddeos de resgates de pessoas em situa\u00e7\u00e3o de vulnerabilidade nas ruas e relatos de transforma\u00e7\u00e3o de vida ap\u00f3s o in\u00edcio do tratamento.\u00a0 O Grupo Novo Come\u00e7o, que atua no apoio a dependentes qu\u00edmicos e familiares, compartilhou o testemunho [&hellip;]","og_url":"https:\/\/radioportoseguro.com.br\/site\/2026\/01\/24\/ex-viciada-resgatada-das-ruas-choca-apos-restauracao-deus-colocou-a-mao-sobre-ela\/","og_site_name":"R\u00e1dio Porto Seguro","article_published_time":"2026-01-25T02:25:37+00:00","og_image":[{"url":"https:\/\/media.guiame.com.br\/archives\/2026\/01\/23\/1003066232-jovem-foi-transformada-apos-iniciar-o-tratamento-com-principios-cristaos.jpeg","type":"","width":"","height":""}],"author":"admin","twitter_card":"summary_large_image","twitter_misc":{"Escrito por":"admin","Est. tempo de leitura":"3 minutos"},"schema":{"@context":"https:\/\/schema.org","@graph":[{"@type":"Article","@id":"https:\/\/radioportoseguro.com.br\/site\/2026\/01\/24\/ex-viciada-resgatada-das-ruas-choca-apos-restauracao-deus-colocou-a-mao-sobre-ela\/#article","isPartOf":{"@id":"https:\/\/radioportoseguro.com.br\/site\/2026\/01\/24\/ex-viciada-resgatada-das-ruas-choca-apos-restauracao-deus-colocou-a-mao-sobre-ela\/"},"author":{"name":"admin","@id":"https:\/\/radioportoseguro.com.br\/site\/#\/schema\/person\/7630acdc320186f13639d3c067ec089b"},"headline":"Ex-viciada resgatada das ruas choca ap\u00f3s restaura\u00e7\u00e3o: \u201cDeus colocou a m\u00e3o sobre ela\u201d","datePublished":"2026-01-25T02:25:37+00:00","mainEntityOfPage":{"@id":"https:\/\/radioportoseguro.com.br\/site\/2026\/01\/24\/ex-viciada-resgatada-das-ruas-choca-apos-restauracao-deus-colocou-a-mao-sobre-ela\/"},"wordCount":684,"image":{"@id":"https:\/\/radioportoseguro.com.br\/site\/2026\/01\/24\/ex-viciada-resgatada-das-ruas-choca-apos-restauracao-deus-colocou-a-mao-sobre-ela\/#primaryimage"},"thumbnailUrl":"https:\/\/radioportoseguro.com.br\/site\/wp-content\/uploads\/2026\/01\/1003066232-jovem-foi-transformada-apos-iniciar-o-tratamento-com-principios-cristaos.jpeg","articleSection":["Destaques"],"inLanguage":"pt-BR"},{"@type":"WebPage","@id":"https:\/\/radioportoseguro.com.br\/site\/2026\/01\/24\/ex-viciada-resgatada-das-ruas-choca-apos-restauracao-deus-colocou-a-mao-sobre-ela\/","url":"https:\/\/radioportoseguro.com.br\/site\/2026\/01\/24\/ex-viciada-resgatada-das-ruas-choca-apos-restauracao-deus-colocou-a-mao-sobre-ela\/","name":"Ex-viciada resgatada das ruas choca ap\u00f3s restaura\u00e7\u00e3o: \u201cDeus colocou a m\u00e3o sobre ela\u201d - R\u00e1dio Porto Seguro","isPartOf":{"@id":"https:\/\/radioportoseguro.com.br\/site\/#website"},"primaryImageOfPage":{"@id":"https:\/\/radioportoseguro.com.br\/site\/2026\/01\/24\/ex-viciada-resgatada-das-ruas-choca-apos-restauracao-deus-colocou-a-mao-sobre-ela\/#primaryimage"},"image":{"@id":"https:\/\/radioportoseguro.com.br\/site\/2026\/01\/24\/ex-viciada-resgatada-das-ruas-choca-apos-restauracao-deus-colocou-a-mao-sobre-ela\/#primaryimage"},"thumbnailUrl":"https:\/\/radioportoseguro.com.br\/site\/wp-content\/uploads\/2026\/01\/1003066232-jovem-foi-transformada-apos-iniciar-o-tratamento-com-principios-cristaos.jpeg","datePublished":"2026-01-25T02:25:37+00:00","author":{"@id":"https:\/\/radioportoseguro.com.br\/site\/#\/schema\/person\/7630acdc320186f13639d3c067ec089b"},"breadcrumb":{"@id":"https:\/\/radioportoseguro.com.br\/site\/2026\/01\/24\/ex-viciada-resgatada-das-ruas-choca-apos-restauracao-deus-colocou-a-mao-sobre-ela\/#breadcrumb"},"inLanguage":"pt-BR","potentialAction":[{"@type":"ReadAction","target":["https:\/\/radioportoseguro.com.br\/site\/2026\/01\/24\/ex-viciada-resgatada-das-ruas-choca-apos-restauracao-deus-colocou-a-mao-sobre-ela\/"]}]},{"@type":"ImageObject","inLanguage":"pt-BR","@id":"https:\/\/radioportoseguro.com.br\/site\/2026\/01\/24\/ex-viciada-resgatada-das-ruas-choca-apos-restauracao-deus-colocou-a-mao-sobre-ela\/#primaryimage","url":"https:\/\/radioportoseguro.com.br\/site\/wp-content\/uploads\/2026\/01\/1003066232-jovem-foi-transformada-apos-iniciar-o-tratamento-com-principios-cristaos.jpeg","contentUrl":"https:\/\/radioportoseguro.com.br\/site\/wp-content\/uploads\/2026\/01\/1003066232-jovem-foi-transformada-apos-iniciar-o-tratamento-com-principios-cristaos.jpeg","width":1200,"height":600},{"@type":"BreadcrumbList","@id":"https:\/\/radioportoseguro.com.br\/site\/2026\/01\/24\/ex-viciada-resgatada-das-ruas-choca-apos-restauracao-deus-colocou-a-mao-sobre-ela\/#breadcrumb","itemListElement":[{"@type":"ListItem","position":1,"name":"In\u00edcio","item":"https:\/\/radioportoseguro.com.br\/site\/"},{"@type":"ListItem","position":2,"name":"Ex-viciada resgatada das ruas choca ap\u00f3s restaura\u00e7\u00e3o: \u201cDeus colocou a m\u00e3o sobre ela\u201d"}]},{"@type":"WebSite","@id":"https:\/\/radioportoseguro.com.br\/site\/#website","url":"https:\/\/radioportoseguro.com.br\/site\/","name":"R\u00e1dio Porto Seguro","description":"","potentialAction":[{"@type":"SearchAction","target":{"@type":"EntryPoint","urlTemplate":"https:\/\/radioportoseguro.com.br\/site\/?s={search_term_string}"},"query-input":{"@type":"PropertyValueSpecification","valueRequired":true,"valueName":"search_term_string"}}],"inLanguage":"pt-BR"},{"@type":"Person","@id":"https:\/\/radioportoseguro.com.br\/site\/#\/schema\/person\/7630acdc320186f13639d3c067ec089b","name":"admin","image":{"@type":"ImageObject","inLanguage":"pt-BR","@id":"https:\/\/radioportoseguro.com.br\/site\/#\/schema\/person\/image\/","url":"https:\/\/secure.gravatar.com\/avatar\/caacf4dc1eedb68fab0df8e1ed46c448e578b2466351bbcb61e47d2ac0caaef0?s=96&d=mm&r=g","contentUrl":"https:\/\/secure.gravatar.com\/avatar\/caacf4dc1eedb68fab0df8e1ed46c448e578b2466351bbcb61e47d2ac0caaef0?s=96&d=mm&r=g","caption":"admin"},"sameAs":["https:\/\/radioportoseguro.com.br\/site"],"url":"https:\/\/radioportoseguro.com.br\/site\/author\/hezio\/"}]}},"_links":{"self":[{"href":"https:\/\/radioportoseguro.com.br\/site\/wp-json\/wp\/v2\/posts\/3422","targetHints":{"allow":["GET"]}}],"collection":[{"href":"https:\/\/radioportoseguro.com.br\/site\/wp-json\/wp\/v2\/posts"}],"about":[{"href":"https:\/\/radioportoseguro.com.br\/site\/wp-json\/wp\/v2\/types\/post"}],"author":[{"embeddable":true,"href":"https:\/\/radioportoseguro.com.br\/site\/wp-json\/wp\/v2\/users\/1"}],"replies":[{"embeddable":true,"href":"https:\/\/radioportoseguro.com.br\/site\/wp-json\/wp\/v2\/comments?post=3422"}],"version-history":[{"count":0,"href":"https:\/\/radioportoseguro.com.br\/site\/wp-json\/wp\/v2\/posts\/3422\/revisions"}],"wp:featuredmedia":[{"embeddable":true,"href":"https:\/\/radioportoseguro.com.br\/site\/wp-json\/wp\/v2\/media\/3423"}],"wp:attachment":[{"href":"https:\/\/radioportoseguro.com.br\/site\/wp-json\/wp\/v2\/media?parent=3422"}],"wp:term":[{"taxonomy":"category","embeddable":true,"href":"https:\/\/radioportoseguro.com.br\/site\/wp-json\/wp\/v2\/categories?post=3422"},{"taxonomy":"post_tag","embeddable":true,"href":"https:\/\/radioportoseguro.com.br\/site\/wp-json\/wp\/v2\/tags?post=3422"}],"curies":[{"name":"wp","href":"https:\/\/api.w.org\/{rel}","templated":true}]}}