{"id":3439,"date":"2026-01-25T04:49:15","date_gmt":"2026-01-25T07:49:15","guid":{"rendered":"https:\/\/radioportoseguro.com.br\/site\/2026\/01\/25\/mais-de-90-cristaos-entre-presos-e-sequestrados-por-rebeldes-no-iemen\/"},"modified":"2026-01-25T04:49:15","modified_gmt":"2026-01-25T07:49:15","slug":"mais-de-90-cristaos-entre-presos-e-sequestrados-por-rebeldes-no-iemen","status":"publish","type":"post","link":"https:\/\/radioportoseguro.com.br\/site\/2026\/01\/25\/mais-de-90-cristaos-entre-presos-e-sequestrados-por-rebeldes-no-iemen\/","title":{"rendered":"Mais de 90 crist\u00e3os entre presos e sequestrados por rebeldes no I\u00eamen"},"content":{"rendered":"<p><br \/>\n<br \/><\/p>\n<div>\n<p>No I\u00eamen, <span style=\"color: #800000;\"><strong>rebeldes houthis<\/strong><\/span> prenderam mais de 50 crist\u00e3os e sequestraram outros 43 apenas em janeiro de 2026, segundo informa\u00e7\u00f5es de uma organiza\u00e7\u00e3o crist\u00e3.<\/p>\n<p>A Portas Abertas revelou que os seguidores de Jesus foram retirados das ruas e levados para locais secretos, onde s\u00e3o interrogados e torturados at\u00e9 fornecerem informa\u00e7\u00f5es, supostamente sobre outros crist\u00e3os.<\/p>\n<p>Daniel Hodge, especialista em <span style=\"color: #800000;\"><strong>I\u00eamen<\/strong> <\/span>da Portas Abertas, afirmou que a situa\u00e7\u00e3o gerou \u201cmuito medo\u201d, levando pessoas a fugir da regi\u00e3o por receio de \u201cque os houthis tamb\u00e9m estejam atr\u00e1s delas\u201d.<\/p>\n<p><strong>Alcor\u00e3o<\/strong><\/p>\n<p>Em entrevista ao Premier Christian News, Hodge afirmou que os crist\u00e3os no pa\u00eds n\u00e3o compreendem a motiva\u00e7\u00e3o por tr\u00e1s dos ataques.<\/p>\n<p>Alguns, por\u00e9m, especulam que possa ser uma tentativa dos houthis, apoiados pelo <span style=\"color: #800000;\"><strong>Ir\u00e3<\/strong><\/span>, de refor\u00e7ar sua reputa\u00e7\u00e3o ap\u00f3s os recentes dist\u00farbios ocorridos no pa\u00eds.<\/p>\n<p>\u201cNo Alcor\u00e3o est\u00e1 escrito que qualquer pessoa que vire as costas para seu Deus \u00e9 considerada ap\u00f3stata e pode ser punida com a morte. Ent\u00e3o, pode ser uma convic\u00e7\u00e3o religiosa\u201d, disse ele.<\/p>\n<p>Eles podem querer \u201climpar a terra de qualquer um\u201d que n\u00e3o compartilhe sua <span style=\"color: #800000;\"><strong>ideologia<\/strong><\/span>, acrescentou.<\/p>\n<p><strong>Lista Mundial da Persegui\u00e7\u00e3o<\/strong><\/p>\n<p>O pa\u00eds ocupa a terceira posi\u00e7\u00e3o na <span style=\"color: #800000;\"><strong>Lista Mundial da Persegui\u00e7\u00e3o<\/strong><\/span> e, conforme o relat\u00f3rio de 2026, continua sendo um grande desafio para os crist\u00e3os.<\/p>\n<p>Hodge explicou que n\u00e3o viu nada parecido com isso \u201cnos \u00faltimos 30 anos da hist\u00f3ria da igreja no I\u00eamen\u201d.<\/p>\n<p>Na semana passada, algumas fam\u00edlias relataram finalmente ter not\u00edcias de seus parentes, que conseguiram ligar da pris\u00e3o para pedir comida e roupas.<\/p>\n<p>Hodge afirmou que a \u201cPortas Abertas tem apoiado a igreja\u201d no I\u00eamen, oferecendo assist\u00eancia m\u00e9dica, alimentos e roupas, al\u00e9m de capacitar l\u00edderes locais.<\/p>\n<p><strong>Ora\u00e7\u00f5es<\/strong><\/p>\n<p>Ele pediu que os crist\u00e3os ao redor do mundo intercedam pela na\u00e7\u00e3o em ora\u00e7\u00e3o, afirmando: \u201cA ora\u00e7\u00e3o \u00e9 tudo o que podemos fazer neste momento\u201d.<\/p>\n<p>\u201cOra\u00e7\u00e3o pelas fam\u00edlias, ora\u00e7\u00e3o por aqueles que est\u00e3o na pris\u00e3o. Ore para que eles sejam curados das feridas f\u00edsicas, ora\u00e7\u00e3o por aqueles que est\u00e3o muito temerosos nestes dias e tamb\u00e9m para que Deus levante novos l\u00edderes.\u201d<\/p>\n<p>Acima de tudo, ele pediu ora\u00e7\u00e3o para que \u201cno meio desta situa\u00e7\u00e3o, as b\u00ean\u00e7\u00e3os e a gl\u00f3ria de Cristo sejam reveladas aos iemenitas\u201d.<\/p>\n<\/div>\n<p><br \/>\n<br \/>Fonte: Guiame <\/p>\n","protected":false},"excerpt":{"rendered":"<p>No I\u00eamen, rebeldes houthis prenderam mais de 50 crist\u00e3os e sequestraram outros 43 apenas em janeiro de 2026, segundo informa\u00e7\u00f5es de uma organiza\u00e7\u00e3o crist\u00e3. A Portas Abertas revelou que os seguidores de Jesus foram retirados das ruas e levados para locais secretos, onde s\u00e3o interrogados e torturados at\u00e9 fornecerem informa\u00e7\u00f5es, supostamente sobre outros crist\u00e3os. Daniel [&hellip;]<\/p>\n","protected":false},"author":1,"featured_media":3440,"comment_status":"","ping_status":"open","sticky":false,"template":"","format":"standard","meta":{"footnotes":""},"categories":[43],"tags":[],"class_list":["post-3439","post","type-post","status-publish","format-standard","has-post-thumbnail","hentry","category-destaques"],"yoast_head":"<!-- This site is optimized with the Yoast SEO plugin v26.8 - https:\/\/yoast.com\/product\/yoast-seo-wordpress\/ -->\n<title>Mais de 90 crist\u00e3os entre presos e sequestrados por rebeldes no I\u00eamen - R\u00e1dio Porto Seguro<\/title>\n<meta name=\"robots\" content=\"index, follow, max-snippet:-1, max-image-preview:large, max-video-preview:-1\" \/>\n<link rel=\"canonical\" href=\"https:\/\/radioportoseguro.com.br\/site\/2026\/01\/25\/mais-de-90-cristaos-entre-presos-e-sequestrados-por-rebeldes-no-iemen\/\" \/>\n<meta property=\"og:locale\" content=\"pt_BR\" \/>\n<meta property=\"og:type\" content=\"article\" \/>\n<meta property=\"og:title\" content=\"Mais de 90 crist\u00e3os entre presos e sequestrados por rebeldes no I\u00eamen - R\u00e1dio Porto Seguro\" \/>\n<meta property=\"og:description\" content=\"No I\u00eamen, rebeldes houthis prenderam mais de 50 crist\u00e3os e sequestraram outros 43 apenas em janeiro de 2026, segundo informa\u00e7\u00f5es de uma organiza\u00e7\u00e3o crist\u00e3. A Portas Abertas revelou que os seguidores de Jesus foram retirados das ruas e levados para locais secretos, onde s\u00e3o interrogados e torturados at\u00e9 fornecerem informa\u00e7\u00f5es, supostamente sobre outros crist\u00e3os. Daniel [&hellip;]\" \/>\n<meta property=\"og:url\" content=\"https:\/\/radioportoseguro.com.br\/site\/2026\/01\/25\/mais-de-90-cristaos-entre-presos-e-sequestrados-por-rebeldes-no-iemen\/\" \/>\n<meta property=\"og:site_name\" content=\"R\u00e1dio Porto Seguro\" \/>\n<meta property=\"article:published_time\" content=\"2026-01-25T07:49:15+00:00\" \/>\n<meta property=\"og:image\" content=\"https:\/\/media.guiame.com.br\/archives\/2026\/01\/22\/3970560099-iemen.jpg\" \/>\n<meta name=\"author\" content=\"admin\" \/>\n<meta name=\"twitter:card\" content=\"summary_large_image\" \/>\n<meta name=\"twitter:label1\" content=\"Escrito por\" \/>\n\t<meta name=\"twitter:data1\" content=\"admin\" \/>\n\t<meta name=\"twitter:label2\" content=\"Est. tempo de leitura\" \/>\n\t<meta name=\"twitter:data2\" content=\"2 minutos\" \/>\n<script type=\"application\/ld+json\" class=\"yoast-schema-graph\">{\"@context\":\"https:\/\/schema.org\",\"@graph\":[{\"@type\":\"Article\",\"@id\":\"https:\/\/radioportoseguro.com.br\/site\/2026\/01\/25\/mais-de-90-cristaos-entre-presos-e-sequestrados-por-rebeldes-no-iemen\/#article\",\"isPartOf\":{\"@id\":\"https:\/\/radioportoseguro.com.br\/site\/2026\/01\/25\/mais-de-90-cristaos-entre-presos-e-sequestrados-por-rebeldes-no-iemen\/\"},\"author\":{\"name\":\"admin\",\"@id\":\"https:\/\/radioportoseguro.com.br\/site\/#\/schema\/person\/7630acdc320186f13639d3c067ec089b\"},\"headline\":\"Mais de 90 crist\u00e3os entre presos e sequestrados por rebeldes no I\u00eamen\",\"datePublished\":\"2026-01-25T07:49:15+00:00\",\"mainEntityOfPage\":{\"@id\":\"https:\/\/radioportoseguro.com.br\/site\/2026\/01\/25\/mais-de-90-cristaos-entre-presos-e-sequestrados-por-rebeldes-no-iemen\/\"},\"wordCount\":432,\"image\":{\"@id\":\"https:\/\/radioportoseguro.com.br\/site\/2026\/01\/25\/mais-de-90-cristaos-entre-presos-e-sequestrados-por-rebeldes-no-iemen\/#primaryimage\"},\"thumbnailUrl\":\"https:\/\/radioportoseguro.com.br\/site\/wp-content\/uploads\/2026\/01\/3970560099-iemen.jpg\",\"articleSection\":[\"Destaques\"],\"inLanguage\":\"pt-BR\"},{\"@type\":\"WebPage\",\"@id\":\"https:\/\/radioportoseguro.com.br\/site\/2026\/01\/25\/mais-de-90-cristaos-entre-presos-e-sequestrados-por-rebeldes-no-iemen\/\",\"url\":\"https:\/\/radioportoseguro.com.br\/site\/2026\/01\/25\/mais-de-90-cristaos-entre-presos-e-sequestrados-por-rebeldes-no-iemen\/\",\"name\":\"Mais de 90 crist\u00e3os entre presos e sequestrados por rebeldes no I\u00eamen - R\u00e1dio Porto Seguro\",\"isPartOf\":{\"@id\":\"https:\/\/radioportoseguro.com.br\/site\/#website\"},\"primaryImageOfPage\":{\"@id\":\"https:\/\/radioportoseguro.com.br\/site\/2026\/01\/25\/mais-de-90-cristaos-entre-presos-e-sequestrados-por-rebeldes-no-iemen\/#primaryimage\"},\"image\":{\"@id\":\"https:\/\/radioportoseguro.com.br\/site\/2026\/01\/25\/mais-de-90-cristaos-entre-presos-e-sequestrados-por-rebeldes-no-iemen\/#primaryimage\"},\"thumbnailUrl\":\"https:\/\/radioportoseguro.com.br\/site\/wp-content\/uploads\/2026\/01\/3970560099-iemen.jpg\",\"datePublished\":\"2026-01-25T07:49:15+00:00\",\"author\":{\"@id\":\"https:\/\/radioportoseguro.com.br\/site\/#\/schema\/person\/7630acdc320186f13639d3c067ec089b\"},\"breadcrumb\":{\"@id\":\"https:\/\/radioportoseguro.com.br\/site\/2026\/01\/25\/mais-de-90-cristaos-entre-presos-e-sequestrados-por-rebeldes-no-iemen\/#breadcrumb\"},\"inLanguage\":\"pt-BR\",\"potentialAction\":[{\"@type\":\"ReadAction\",\"target\":[\"https:\/\/radioportoseguro.com.br\/site\/2026\/01\/25\/mais-de-90-cristaos-entre-presos-e-sequestrados-por-rebeldes-no-iemen\/\"]}]},{\"@type\":\"ImageObject\",\"inLanguage\":\"pt-BR\",\"@id\":\"https:\/\/radioportoseguro.com.br\/site\/2026\/01\/25\/mais-de-90-cristaos-entre-presos-e-sequestrados-por-rebeldes-no-iemen\/#primaryimage\",\"url\":\"https:\/\/radioportoseguro.com.br\/site\/wp-content\/uploads\/2026\/01\/3970560099-iemen.jpg\",\"contentUrl\":\"https:\/\/radioportoseguro.com.br\/site\/wp-content\/uploads\/2026\/01\/3970560099-iemen.jpg\",\"width\":1200,\"height\":600},{\"@type\":\"BreadcrumbList\",\"@id\":\"https:\/\/radioportoseguro.com.br\/site\/2026\/01\/25\/mais-de-90-cristaos-entre-presos-e-sequestrados-por-rebeldes-no-iemen\/#breadcrumb\",\"itemListElement\":[{\"@type\":\"ListItem\",\"position\":1,\"name\":\"In\u00edcio\",\"item\":\"https:\/\/radioportoseguro.com.br\/site\/\"},{\"@type\":\"ListItem\",\"position\":2,\"name\":\"Mais de 90 crist\u00e3os entre presos e sequestrados por rebeldes no I\u00eamen\"}]},{\"@type\":\"WebSite\",\"@id\":\"https:\/\/radioportoseguro.com.br\/site\/#website\",\"url\":\"https:\/\/radioportoseguro.com.br\/site\/\",\"name\":\"R\u00e1dio Porto Seguro\",\"description\":\"\",\"potentialAction\":[{\"@type\":\"SearchAction\",\"target\":{\"@type\":\"EntryPoint\",\"urlTemplate\":\"https:\/\/radioportoseguro.com.br\/site\/?s={search_term_string}\"},\"query-input\":{\"@type\":\"PropertyValueSpecification\",\"valueRequired\":true,\"valueName\":\"search_term_string\"}}],\"inLanguage\":\"pt-BR\"},{\"@type\":\"Person\",\"@id\":\"https:\/\/radioportoseguro.com.br\/site\/#\/schema\/person\/7630acdc320186f13639d3c067ec089b\",\"name\":\"admin\",\"image\":{\"@type\":\"ImageObject\",\"inLanguage\":\"pt-BR\",\"@id\":\"https:\/\/radioportoseguro.com.br\/site\/#\/schema\/person\/image\/\",\"url\":\"https:\/\/secure.gravatar.com\/avatar\/caacf4dc1eedb68fab0df8e1ed46c448e578b2466351bbcb61e47d2ac0caaef0?s=96&d=mm&r=g\",\"contentUrl\":\"https:\/\/secure.gravatar.com\/avatar\/caacf4dc1eedb68fab0df8e1ed46c448e578b2466351bbcb61e47d2ac0caaef0?s=96&d=mm&r=g\",\"caption\":\"admin\"},\"sameAs\":[\"https:\/\/radioportoseguro.com.br\/site\"],\"url\":\"https:\/\/radioportoseguro.com.br\/site\/author\/hezio\/\"}]}<\/script>\n<!-- \/ Yoast SEO plugin. -->","yoast_head_json":{"title":"Mais de 90 crist\u00e3os entre presos e sequestrados por rebeldes no I\u00eamen - R\u00e1dio Porto Seguro","robots":{"index":"index","follow":"follow","max-snippet":"max-snippet:-1","max-image-preview":"max-image-preview:large","max-video-preview":"max-video-preview:-1"},"canonical":"https:\/\/radioportoseguro.com.br\/site\/2026\/01\/25\/mais-de-90-cristaos-entre-presos-e-sequestrados-por-rebeldes-no-iemen\/","og_locale":"pt_BR","og_type":"article","og_title":"Mais de 90 crist\u00e3os entre presos e sequestrados por rebeldes no I\u00eamen - R\u00e1dio Porto Seguro","og_description":"No I\u00eamen, rebeldes houthis prenderam mais de 50 crist\u00e3os e sequestraram outros 43 apenas em janeiro de 2026, segundo informa\u00e7\u00f5es de uma organiza\u00e7\u00e3o crist\u00e3. A Portas Abertas revelou que os seguidores de Jesus foram retirados das ruas e levados para locais secretos, onde s\u00e3o interrogados e torturados at\u00e9 fornecerem informa\u00e7\u00f5es, supostamente sobre outros crist\u00e3os. Daniel [&hellip;]","og_url":"https:\/\/radioportoseguro.com.br\/site\/2026\/01\/25\/mais-de-90-cristaos-entre-presos-e-sequestrados-por-rebeldes-no-iemen\/","og_site_name":"R\u00e1dio Porto Seguro","article_published_time":"2026-01-25T07:49:15+00:00","og_image":[{"url":"https:\/\/media.guiame.com.br\/archives\/2026\/01\/22\/3970560099-iemen.jpg","type":"","width":"","height":""}],"author":"admin","twitter_card":"summary_large_image","twitter_misc":{"Escrito por":"admin","Est. tempo de leitura":"2 minutos"},"schema":{"@context":"https:\/\/schema.org","@graph":[{"@type":"Article","@id":"https:\/\/radioportoseguro.com.br\/site\/2026\/01\/25\/mais-de-90-cristaos-entre-presos-e-sequestrados-por-rebeldes-no-iemen\/#article","isPartOf":{"@id":"https:\/\/radioportoseguro.com.br\/site\/2026\/01\/25\/mais-de-90-cristaos-entre-presos-e-sequestrados-por-rebeldes-no-iemen\/"},"author":{"name":"admin","@id":"https:\/\/radioportoseguro.com.br\/site\/#\/schema\/person\/7630acdc320186f13639d3c067ec089b"},"headline":"Mais de 90 crist\u00e3os entre presos e sequestrados por rebeldes no I\u00eamen","datePublished":"2026-01-25T07:49:15+00:00","mainEntityOfPage":{"@id":"https:\/\/radioportoseguro.com.br\/site\/2026\/01\/25\/mais-de-90-cristaos-entre-presos-e-sequestrados-por-rebeldes-no-iemen\/"},"wordCount":432,"image":{"@id":"https:\/\/radioportoseguro.com.br\/site\/2026\/01\/25\/mais-de-90-cristaos-entre-presos-e-sequestrados-por-rebeldes-no-iemen\/#primaryimage"},"thumbnailUrl":"https:\/\/radioportoseguro.com.br\/site\/wp-content\/uploads\/2026\/01\/3970560099-iemen.jpg","articleSection":["Destaques"],"inLanguage":"pt-BR"},{"@type":"WebPage","@id":"https:\/\/radioportoseguro.com.br\/site\/2026\/01\/25\/mais-de-90-cristaos-entre-presos-e-sequestrados-por-rebeldes-no-iemen\/","url":"https:\/\/radioportoseguro.com.br\/site\/2026\/01\/25\/mais-de-90-cristaos-entre-presos-e-sequestrados-por-rebeldes-no-iemen\/","name":"Mais de 90 crist\u00e3os entre presos e sequestrados por rebeldes no I\u00eamen - R\u00e1dio Porto Seguro","isPartOf":{"@id":"https:\/\/radioportoseguro.com.br\/site\/#website"},"primaryImageOfPage":{"@id":"https:\/\/radioportoseguro.com.br\/site\/2026\/01\/25\/mais-de-90-cristaos-entre-presos-e-sequestrados-por-rebeldes-no-iemen\/#primaryimage"},"image":{"@id":"https:\/\/radioportoseguro.com.br\/site\/2026\/01\/25\/mais-de-90-cristaos-entre-presos-e-sequestrados-por-rebeldes-no-iemen\/#primaryimage"},"thumbnailUrl":"https:\/\/radioportoseguro.com.br\/site\/wp-content\/uploads\/2026\/01\/3970560099-iemen.jpg","datePublished":"2026-01-25T07:49:15+00:00","author":{"@id":"https:\/\/radioportoseguro.com.br\/site\/#\/schema\/person\/7630acdc320186f13639d3c067ec089b"},"breadcrumb":{"@id":"https:\/\/radioportoseguro.com.br\/site\/2026\/01\/25\/mais-de-90-cristaos-entre-presos-e-sequestrados-por-rebeldes-no-iemen\/#breadcrumb"},"inLanguage":"pt-BR","potentialAction":[{"@type":"ReadAction","target":["https:\/\/radioportoseguro.com.br\/site\/2026\/01\/25\/mais-de-90-cristaos-entre-presos-e-sequestrados-por-rebeldes-no-iemen\/"]}]},{"@type":"ImageObject","inLanguage":"pt-BR","@id":"https:\/\/radioportoseguro.com.br\/site\/2026\/01\/25\/mais-de-90-cristaos-entre-presos-e-sequestrados-por-rebeldes-no-iemen\/#primaryimage","url":"https:\/\/radioportoseguro.com.br\/site\/wp-content\/uploads\/2026\/01\/3970560099-iemen.jpg","contentUrl":"https:\/\/radioportoseguro.com.br\/site\/wp-content\/uploads\/2026\/01\/3970560099-iemen.jpg","width":1200,"height":600},{"@type":"BreadcrumbList","@id":"https:\/\/radioportoseguro.com.br\/site\/2026\/01\/25\/mais-de-90-cristaos-entre-presos-e-sequestrados-por-rebeldes-no-iemen\/#breadcrumb","itemListElement":[{"@type":"ListItem","position":1,"name":"In\u00edcio","item":"https:\/\/radioportoseguro.com.br\/site\/"},{"@type":"ListItem","position":2,"name":"Mais de 90 crist\u00e3os entre presos e sequestrados por rebeldes no I\u00eamen"}]},{"@type":"WebSite","@id":"https:\/\/radioportoseguro.com.br\/site\/#website","url":"https:\/\/radioportoseguro.com.br\/site\/","name":"R\u00e1dio Porto Seguro","description":"","potentialAction":[{"@type":"SearchAction","target":{"@type":"EntryPoint","urlTemplate":"https:\/\/radioportoseguro.com.br\/site\/?s={search_term_string}"},"query-input":{"@type":"PropertyValueSpecification","valueRequired":true,"valueName":"search_term_string"}}],"inLanguage":"pt-BR"},{"@type":"Person","@id":"https:\/\/radioportoseguro.com.br\/site\/#\/schema\/person\/7630acdc320186f13639d3c067ec089b","name":"admin","image":{"@type":"ImageObject","inLanguage":"pt-BR","@id":"https:\/\/radioportoseguro.com.br\/site\/#\/schema\/person\/image\/","url":"https:\/\/secure.gravatar.com\/avatar\/caacf4dc1eedb68fab0df8e1ed46c448e578b2466351bbcb61e47d2ac0caaef0?s=96&d=mm&r=g","contentUrl":"https:\/\/secure.gravatar.com\/avatar\/caacf4dc1eedb68fab0df8e1ed46c448e578b2466351bbcb61e47d2ac0caaef0?s=96&d=mm&r=g","caption":"admin"},"sameAs":["https:\/\/radioportoseguro.com.br\/site"],"url":"https:\/\/radioportoseguro.com.br\/site\/author\/hezio\/"}]}},"_links":{"self":[{"href":"https:\/\/radioportoseguro.com.br\/site\/wp-json\/wp\/v2\/posts\/3439","targetHints":{"allow":["GET"]}}],"collection":[{"href":"https:\/\/radioportoseguro.com.br\/site\/wp-json\/wp\/v2\/posts"}],"about":[{"href":"https:\/\/radioportoseguro.com.br\/site\/wp-json\/wp\/v2\/types\/post"}],"author":[{"embeddable":true,"href":"https:\/\/radioportoseguro.com.br\/site\/wp-json\/wp\/v2\/users\/1"}],"replies":[{"embeddable":true,"href":"https:\/\/radioportoseguro.com.br\/site\/wp-json\/wp\/v2\/comments?post=3439"}],"version-history":[{"count":0,"href":"https:\/\/radioportoseguro.com.br\/site\/wp-json\/wp\/v2\/posts\/3439\/revisions"}],"wp:featuredmedia":[{"embeddable":true,"href":"https:\/\/radioportoseguro.com.br\/site\/wp-json\/wp\/v2\/media\/3440"}],"wp:attachment":[{"href":"https:\/\/radioportoseguro.com.br\/site\/wp-json\/wp\/v2\/media?parent=3439"}],"wp:term":[{"taxonomy":"category","embeddable":true,"href":"https:\/\/radioportoseguro.com.br\/site\/wp-json\/wp\/v2\/categories?post=3439"},{"taxonomy":"post_tag","embeddable":true,"href":"https:\/\/radioportoseguro.com.br\/site\/wp-json\/wp\/v2\/tags?post=3439"}],"curies":[{"name":"wp","href":"https:\/\/api.w.org\/{rel}","templated":true}]}}