{"id":3441,"date":"2026-01-25T07:17:37","date_gmt":"2026-01-25T10:17:37","guid":{"rendered":"https:\/\/radioportoseguro.com.br\/site\/2026\/01\/25\/nick-vujicic-alerta-sobre-cenario-global-devemos-viver-como-se-jesus-voltasse-agora\/"},"modified":"2026-01-25T07:17:37","modified_gmt":"2026-01-25T10:17:37","slug":"nick-vujicic-alerta-sobre-cenario-global-devemos-viver-como-se-jesus-voltasse-agora","status":"publish","type":"post","link":"https:\/\/radioportoseguro.com.br\/site\/2026\/01\/25\/nick-vujicic-alerta-sobre-cenario-global-devemos-viver-como-se-jesus-voltasse-agora\/","title":{"rendered":"Nick Vujicic alerta sobre cen\u00e1rio global: \u201cDevemos viver como se Jesus voltasse agora\u201d"},"content":{"rendered":"<p><br \/>\n<br \/><\/p>\n<div>\n<p><span style=\"font-weight: 400;\">Diante de conflitos internacionais envolvendo pa\u00edses como Israel, Ir\u00e3, Groenl\u00e2ndia e Venezuela, l\u00edderes crist\u00e3os t\u00eam voltado a associar o atual cen\u00e1rio mundial a passagens b\u00edblicas sobre o fim dos tempos. O evangelista <\/span><span style=\"color: #993300;\"><strong>Nick Vujicic<\/strong><\/span><span style=\"font-weight: 400;\"> refletiu sobre o tema e alertou a Igreja a estar preparada.<\/span><\/p>\n<p><span style=\"font-weight: 400;\">Nick falou sobre o livro de Mateus, cap\u00edtulo 24, onde Jesus diz aos disc\u00edpulos os sinais que antecederiam sua segunda vinda. Segundo o texto b\u00edblico, o \u201cprinc\u00edpio das dores\u201d \u00e9 descrito nos vers\u00edculos 7 e 8:<\/span><\/p>\n<p><span style=\"font-weight: 400;\">\u201c<\/span><em><span style=\"font-weight: 400;\">Na\u00e7\u00e3o entrar\u00e1 em guerra contra na\u00e7\u00e3o, e reino contra reino. Haver\u00e1 fomes e terremotos em muitas partes do mundo. Mas tudo isso \u00e9 apenas o come\u00e7o das dores; haver\u00e1 outras mais por vir<\/span><\/em><span style=\"font-weight: 400;\">\u201d.<\/span><\/p>\n<p><span style=\"font-weight: 400;\">Refletindo sobre a afirma\u00e7\u00e3o de Cristo, o evangelista afirmou: \u201cEstamos vivendo o fim dos tempos? Absolutamente\u201d.\u00a0<\/span><\/p>\n<p><span style=\"font-weight: 400;\">Ele citou a funda\u00e7\u00e3o do Estado de Israel, em 1948, como um evento que muitos crist\u00e3os consideram cumprimento de profecias b\u00edblicas.<\/span><\/p>\n<p><span style=\"font-weight: 400;\">\u201cO que precisamos entender \u00e9 que devemos viver hoje como se Jesus fosse voltar agora e estar preparados \u2014 essa \u00e9 a quest\u00e3o fundamental\u201d, alertou ele.<\/span><\/p>\n<p><span style=\"font-weight: 400;\">O evangelista destacou que os crist\u00e3os n\u00e3o devem se limitar a debates sobre o <\/span><span style=\"color: #993300;\"><strong>fim dos tempos<\/strong><\/span><span style=\"font-weight: 400;\"> a ponto de come\u00e7arem a ver a salva\u00e7\u00e3o como um &#8220;seguro de vida&#8221; contra o inferno.<\/span><\/p>\n<p><span style=\"font-weight: 400;\">Segundo ele, a f\u00e9 deve ser tratada como um compromisso di\u00e1rio de se relacionar com Deus.\u00a0<\/span><\/p>\n<p><span style=\"font-weight: 400;\">\u201cO inferno \u00e9 t\u00e3o assustador e Jesus \u00e9 t\u00e3o lindo, e \u00e9 por isso que quero dizer &#8216;sim&#8217; a Ele e confiar Nele de todo o meu cora\u00e7\u00e3o, n\u00e3o me apoiar no meu pr\u00f3prio entendimento e am\u00e1-Lo com tudo o que sou\u201d, disse Nick, fazendo refer\u00eancia ao texto de Prov\u00e9rbios 3:5-6.<\/span><\/p>\n<p><strong>Avivamento<\/strong><\/p>\n<p><span style=\"font-weight: 400;\">Na entrevista, o evangelista tamb\u00e9m comentou sobre o avivamento espiritual nos Estados Unidos\u00a0 \u2014 especialmente ap\u00f3s o assassinato do ativista <\/span><span style=\"color: #993300;\"><strong>Charlie Kirk<\/strong><\/span><span style=\"font-weight: 400;\"> em setembro de 2025.<\/span><\/p>\n<p><span style=\"font-weight: 400;\">\u201cAvivamento significa arrependimento, quando algu\u00e9m se coloca em retid\u00e3o diante do Senhor, o Senhor purifica a casa, limpa essa pessoa da injusti\u00e7a\u201d, disse ele, observando que os EUA precisam se arrepender de seus pecados.\u00a0<\/span><\/p>\n<p><span style=\"font-weight: 400;\">\u201cEstamos nos aproximando do 250\u00ba anivers\u00e1rio do nosso pa\u00eds e, precisamos de arrependimento e \u00e9 por isso que estou orando\u201d, acrescentou.<\/span><\/p>\n<p><span style=\"font-weight: 400;\">Dados recentes do Grupo Barna indicam um aumento na leitura semanal da B\u00edblia. Em 2025, 42% dos americanos relataram estar lendo Escrituras \u2014 crescimento de 12 pontos percentuais em rela\u00e7\u00e3o a 2024, quando foi registrado o menor \u00edndice em 15 anos.\u00a0<\/span><\/p>\n<p><span style=\"font-weight: 400;\">Al\u00e9m disso, em 2025, quase 50% da Gera\u00e7\u00e3o Z afirmou estar lendo a B\u00edblia semanalmente, um aumento em rela\u00e7\u00e3o aos 30% do ano anterior, com destaque para o crescimento entre jovens do sexo masculino.<\/span><\/p>\n<p><span style=\"font-weight: 400;\">Sobre esse despertar espiritual, Nick destacou: \u201cMuitas pessoas est\u00e3o percebendo que precisam saber qual \u00e9 a sua posi\u00e7\u00e3o perante o Senhor e estar prontas para explicar por que creem no que creem, com base nas Escrituras\u201d.<\/span><\/p>\n<p><span style=\"font-weight: 400;\">\u201cH\u00e1 muita coisa acontecendo. E acredito que h\u00e1 pessoas sedentas por um ponto de refer\u00eancia na Verdade, onde elas reconhe\u00e7am: &#8216;Sim, eu preciso ler a B\u00edblia&#8217;, e acredito que foi a\u00ed que tudo come\u00e7ou\u201d, concluiu.<\/span><\/p>\n<\/div>\n<p><br \/>\n<br \/>Fonte: Guiame <\/p>\n","protected":false},"excerpt":{"rendered":"<p>Diante de conflitos internacionais envolvendo pa\u00edses como Israel, Ir\u00e3, Groenl\u00e2ndia e Venezuela, l\u00edderes crist\u00e3os t\u00eam voltado a associar o atual cen\u00e1rio mundial a passagens b\u00edblicas sobre o fim dos tempos. O evangelista Nick Vujicic refletiu sobre o tema e alertou a Igreja a estar preparada. Nick falou sobre o livro de Mateus, cap\u00edtulo 24, onde [&hellip;]<\/p>\n","protected":false},"author":1,"featured_media":3442,"comment_status":"","ping_status":"open","sticky":false,"template":"","format":"standard","meta":{"footnotes":""},"categories":[43],"tags":[],"class_list":["post-3441","post","type-post","status-publish","format-standard","has-post-thumbnail","hentry","category-destaques"],"yoast_head":"<!-- This site is optimized with the Yoast SEO plugin v26.8 - https:\/\/yoast.com\/product\/yoast-seo-wordpress\/ -->\n<title>Nick Vujicic alerta sobre cen\u00e1rio global: \u201cDevemos viver como se Jesus voltasse agora\u201d - R\u00e1dio Porto Seguro<\/title>\n<meta name=\"robots\" content=\"index, follow, max-snippet:-1, max-image-preview:large, max-video-preview:-1\" \/>\n<link rel=\"canonical\" href=\"https:\/\/radioportoseguro.com.br\/site\/2026\/01\/25\/nick-vujicic-alerta-sobre-cenario-global-devemos-viver-como-se-jesus-voltasse-agora\/\" \/>\n<meta property=\"og:locale\" content=\"pt_BR\" \/>\n<meta property=\"og:type\" content=\"article\" \/>\n<meta property=\"og:title\" content=\"Nick Vujicic alerta sobre cen\u00e1rio global: \u201cDevemos viver como se Jesus voltasse agora\u201d - R\u00e1dio Porto Seguro\" \/>\n<meta property=\"og:description\" content=\"Diante de conflitos internacionais envolvendo pa\u00edses como Israel, Ir\u00e3, Groenl\u00e2ndia e Venezuela, l\u00edderes crist\u00e3os t\u00eam voltado a associar o atual cen\u00e1rio mundial a passagens b\u00edblicas sobre o fim dos tempos. O evangelista Nick Vujicic refletiu sobre o tema e alertou a Igreja a estar preparada. Nick falou sobre o livro de Mateus, cap\u00edtulo 24, onde [&hellip;]\" \/>\n<meta property=\"og:url\" content=\"https:\/\/radioportoseguro.com.br\/site\/2026\/01\/25\/nick-vujicic-alerta-sobre-cenario-global-devemos-viver-como-se-jesus-voltasse-agora\/\" \/>\n<meta property=\"og:site_name\" content=\"R\u00e1dio Porto Seguro\" \/>\n<meta property=\"article:published_time\" content=\"2026-01-25T10:17:37+00:00\" \/>\n<meta property=\"og:image\" content=\"https:\/\/media.guiame.com.br\/archives\/2026\/01\/22\/423564214-nick-vujicic.jpeg\" \/>\n<meta name=\"author\" content=\"admin\" \/>\n<meta name=\"twitter:card\" content=\"summary_large_image\" \/>\n<meta name=\"twitter:label1\" content=\"Escrito por\" \/>\n\t<meta name=\"twitter:data1\" content=\"admin\" \/>\n\t<meta name=\"twitter:label2\" content=\"Est. tempo de leitura\" \/>\n\t<meta name=\"twitter:data2\" content=\"3 minutos\" \/>\n<script type=\"application\/ld+json\" class=\"yoast-schema-graph\">{\"@context\":\"https:\/\/schema.org\",\"@graph\":[{\"@type\":\"Article\",\"@id\":\"https:\/\/radioportoseguro.com.br\/site\/2026\/01\/25\/nick-vujicic-alerta-sobre-cenario-global-devemos-viver-como-se-jesus-voltasse-agora\/#article\",\"isPartOf\":{\"@id\":\"https:\/\/radioportoseguro.com.br\/site\/2026\/01\/25\/nick-vujicic-alerta-sobre-cenario-global-devemos-viver-como-se-jesus-voltasse-agora\/\"},\"author\":{\"name\":\"admin\",\"@id\":\"https:\/\/radioportoseguro.com.br\/site\/#\/schema\/person\/7630acdc320186f13639d3c067ec089b\"},\"headline\":\"Nick Vujicic alerta sobre cen\u00e1rio global: \u201cDevemos viver como se Jesus voltasse agora\u201d\",\"datePublished\":\"2026-01-25T10:17:37+00:00\",\"mainEntityOfPage\":{\"@id\":\"https:\/\/radioportoseguro.com.br\/site\/2026\/01\/25\/nick-vujicic-alerta-sobre-cenario-global-devemos-viver-como-se-jesus-voltasse-agora\/\"},\"wordCount\":549,\"image\":{\"@id\":\"https:\/\/radioportoseguro.com.br\/site\/2026\/01\/25\/nick-vujicic-alerta-sobre-cenario-global-devemos-viver-como-se-jesus-voltasse-agora\/#primaryimage\"},\"thumbnailUrl\":\"https:\/\/radioportoseguro.com.br\/site\/wp-content\/uploads\/2026\/01\/423564214-nick-vujicic.jpeg\",\"articleSection\":[\"Destaques\"],\"inLanguage\":\"pt-BR\"},{\"@type\":\"WebPage\",\"@id\":\"https:\/\/radioportoseguro.com.br\/site\/2026\/01\/25\/nick-vujicic-alerta-sobre-cenario-global-devemos-viver-como-se-jesus-voltasse-agora\/\",\"url\":\"https:\/\/radioportoseguro.com.br\/site\/2026\/01\/25\/nick-vujicic-alerta-sobre-cenario-global-devemos-viver-como-se-jesus-voltasse-agora\/\",\"name\":\"Nick Vujicic alerta sobre cen\u00e1rio global: \u201cDevemos viver como se Jesus voltasse agora\u201d - R\u00e1dio Porto Seguro\",\"isPartOf\":{\"@id\":\"https:\/\/radioportoseguro.com.br\/site\/#website\"},\"primaryImageOfPage\":{\"@id\":\"https:\/\/radioportoseguro.com.br\/site\/2026\/01\/25\/nick-vujicic-alerta-sobre-cenario-global-devemos-viver-como-se-jesus-voltasse-agora\/#primaryimage\"},\"image\":{\"@id\":\"https:\/\/radioportoseguro.com.br\/site\/2026\/01\/25\/nick-vujicic-alerta-sobre-cenario-global-devemos-viver-como-se-jesus-voltasse-agora\/#primaryimage\"},\"thumbnailUrl\":\"https:\/\/radioportoseguro.com.br\/site\/wp-content\/uploads\/2026\/01\/423564214-nick-vujicic.jpeg\",\"datePublished\":\"2026-01-25T10:17:37+00:00\",\"author\":{\"@id\":\"https:\/\/radioportoseguro.com.br\/site\/#\/schema\/person\/7630acdc320186f13639d3c067ec089b\"},\"breadcrumb\":{\"@id\":\"https:\/\/radioportoseguro.com.br\/site\/2026\/01\/25\/nick-vujicic-alerta-sobre-cenario-global-devemos-viver-como-se-jesus-voltasse-agora\/#breadcrumb\"},\"inLanguage\":\"pt-BR\",\"potentialAction\":[{\"@type\":\"ReadAction\",\"target\":[\"https:\/\/radioportoseguro.com.br\/site\/2026\/01\/25\/nick-vujicic-alerta-sobre-cenario-global-devemos-viver-como-se-jesus-voltasse-agora\/\"]}]},{\"@type\":\"ImageObject\",\"inLanguage\":\"pt-BR\",\"@id\":\"https:\/\/radioportoseguro.com.br\/site\/2026\/01\/25\/nick-vujicic-alerta-sobre-cenario-global-devemos-viver-como-se-jesus-voltasse-agora\/#primaryimage\",\"url\":\"https:\/\/radioportoseguro.com.br\/site\/wp-content\/uploads\/2026\/01\/423564214-nick-vujicic.jpeg\",\"contentUrl\":\"https:\/\/radioportoseguro.com.br\/site\/wp-content\/uploads\/2026\/01\/423564214-nick-vujicic.jpeg\",\"width\":1200,\"height\":600},{\"@type\":\"BreadcrumbList\",\"@id\":\"https:\/\/radioportoseguro.com.br\/site\/2026\/01\/25\/nick-vujicic-alerta-sobre-cenario-global-devemos-viver-como-se-jesus-voltasse-agora\/#breadcrumb\",\"itemListElement\":[{\"@type\":\"ListItem\",\"position\":1,\"name\":\"In\u00edcio\",\"item\":\"https:\/\/radioportoseguro.com.br\/site\/\"},{\"@type\":\"ListItem\",\"position\":2,\"name\":\"Nick Vujicic alerta sobre cen\u00e1rio global: \u201cDevemos viver como se Jesus voltasse agora\u201d\"}]},{\"@type\":\"WebSite\",\"@id\":\"https:\/\/radioportoseguro.com.br\/site\/#website\",\"url\":\"https:\/\/radioportoseguro.com.br\/site\/\",\"name\":\"R\u00e1dio Porto Seguro\",\"description\":\"\",\"potentialAction\":[{\"@type\":\"SearchAction\",\"target\":{\"@type\":\"EntryPoint\",\"urlTemplate\":\"https:\/\/radioportoseguro.com.br\/site\/?s={search_term_string}\"},\"query-input\":{\"@type\":\"PropertyValueSpecification\",\"valueRequired\":true,\"valueName\":\"search_term_string\"}}],\"inLanguage\":\"pt-BR\"},{\"@type\":\"Person\",\"@id\":\"https:\/\/radioportoseguro.com.br\/site\/#\/schema\/person\/7630acdc320186f13639d3c067ec089b\",\"name\":\"admin\",\"image\":{\"@type\":\"ImageObject\",\"inLanguage\":\"pt-BR\",\"@id\":\"https:\/\/radioportoseguro.com.br\/site\/#\/schema\/person\/image\/\",\"url\":\"https:\/\/secure.gravatar.com\/avatar\/caacf4dc1eedb68fab0df8e1ed46c448e578b2466351bbcb61e47d2ac0caaef0?s=96&d=mm&r=g\",\"contentUrl\":\"https:\/\/secure.gravatar.com\/avatar\/caacf4dc1eedb68fab0df8e1ed46c448e578b2466351bbcb61e47d2ac0caaef0?s=96&d=mm&r=g\",\"caption\":\"admin\"},\"sameAs\":[\"https:\/\/radioportoseguro.com.br\/site\"],\"url\":\"https:\/\/radioportoseguro.com.br\/site\/author\/hezio\/\"}]}<\/script>\n<!-- \/ Yoast SEO plugin. -->","yoast_head_json":{"title":"Nick Vujicic alerta sobre cen\u00e1rio global: \u201cDevemos viver como se Jesus voltasse agora\u201d - R\u00e1dio Porto Seguro","robots":{"index":"index","follow":"follow","max-snippet":"max-snippet:-1","max-image-preview":"max-image-preview:large","max-video-preview":"max-video-preview:-1"},"canonical":"https:\/\/radioportoseguro.com.br\/site\/2026\/01\/25\/nick-vujicic-alerta-sobre-cenario-global-devemos-viver-como-se-jesus-voltasse-agora\/","og_locale":"pt_BR","og_type":"article","og_title":"Nick Vujicic alerta sobre cen\u00e1rio global: \u201cDevemos viver como se Jesus voltasse agora\u201d - R\u00e1dio Porto Seguro","og_description":"Diante de conflitos internacionais envolvendo pa\u00edses como Israel, Ir\u00e3, Groenl\u00e2ndia e Venezuela, l\u00edderes crist\u00e3os t\u00eam voltado a associar o atual cen\u00e1rio mundial a passagens b\u00edblicas sobre o fim dos tempos. O evangelista Nick Vujicic refletiu sobre o tema e alertou a Igreja a estar preparada. Nick falou sobre o livro de Mateus, cap\u00edtulo 24, onde [&hellip;]","og_url":"https:\/\/radioportoseguro.com.br\/site\/2026\/01\/25\/nick-vujicic-alerta-sobre-cenario-global-devemos-viver-como-se-jesus-voltasse-agora\/","og_site_name":"R\u00e1dio Porto Seguro","article_published_time":"2026-01-25T10:17:37+00:00","og_image":[{"url":"https:\/\/media.guiame.com.br\/archives\/2026\/01\/22\/423564214-nick-vujicic.jpeg","type":"","width":"","height":""}],"author":"admin","twitter_card":"summary_large_image","twitter_misc":{"Escrito por":"admin","Est. tempo de leitura":"3 minutos"},"schema":{"@context":"https:\/\/schema.org","@graph":[{"@type":"Article","@id":"https:\/\/radioportoseguro.com.br\/site\/2026\/01\/25\/nick-vujicic-alerta-sobre-cenario-global-devemos-viver-como-se-jesus-voltasse-agora\/#article","isPartOf":{"@id":"https:\/\/radioportoseguro.com.br\/site\/2026\/01\/25\/nick-vujicic-alerta-sobre-cenario-global-devemos-viver-como-se-jesus-voltasse-agora\/"},"author":{"name":"admin","@id":"https:\/\/radioportoseguro.com.br\/site\/#\/schema\/person\/7630acdc320186f13639d3c067ec089b"},"headline":"Nick Vujicic alerta sobre cen\u00e1rio global: \u201cDevemos viver como se Jesus voltasse agora\u201d","datePublished":"2026-01-25T10:17:37+00:00","mainEntityOfPage":{"@id":"https:\/\/radioportoseguro.com.br\/site\/2026\/01\/25\/nick-vujicic-alerta-sobre-cenario-global-devemos-viver-como-se-jesus-voltasse-agora\/"},"wordCount":549,"image":{"@id":"https:\/\/radioportoseguro.com.br\/site\/2026\/01\/25\/nick-vujicic-alerta-sobre-cenario-global-devemos-viver-como-se-jesus-voltasse-agora\/#primaryimage"},"thumbnailUrl":"https:\/\/radioportoseguro.com.br\/site\/wp-content\/uploads\/2026\/01\/423564214-nick-vujicic.jpeg","articleSection":["Destaques"],"inLanguage":"pt-BR"},{"@type":"WebPage","@id":"https:\/\/radioportoseguro.com.br\/site\/2026\/01\/25\/nick-vujicic-alerta-sobre-cenario-global-devemos-viver-como-se-jesus-voltasse-agora\/","url":"https:\/\/radioportoseguro.com.br\/site\/2026\/01\/25\/nick-vujicic-alerta-sobre-cenario-global-devemos-viver-como-se-jesus-voltasse-agora\/","name":"Nick Vujicic alerta sobre cen\u00e1rio global: \u201cDevemos viver como se Jesus voltasse agora\u201d - R\u00e1dio Porto Seguro","isPartOf":{"@id":"https:\/\/radioportoseguro.com.br\/site\/#website"},"primaryImageOfPage":{"@id":"https:\/\/radioportoseguro.com.br\/site\/2026\/01\/25\/nick-vujicic-alerta-sobre-cenario-global-devemos-viver-como-se-jesus-voltasse-agora\/#primaryimage"},"image":{"@id":"https:\/\/radioportoseguro.com.br\/site\/2026\/01\/25\/nick-vujicic-alerta-sobre-cenario-global-devemos-viver-como-se-jesus-voltasse-agora\/#primaryimage"},"thumbnailUrl":"https:\/\/radioportoseguro.com.br\/site\/wp-content\/uploads\/2026\/01\/423564214-nick-vujicic.jpeg","datePublished":"2026-01-25T10:17:37+00:00","author":{"@id":"https:\/\/radioportoseguro.com.br\/site\/#\/schema\/person\/7630acdc320186f13639d3c067ec089b"},"breadcrumb":{"@id":"https:\/\/radioportoseguro.com.br\/site\/2026\/01\/25\/nick-vujicic-alerta-sobre-cenario-global-devemos-viver-como-se-jesus-voltasse-agora\/#breadcrumb"},"inLanguage":"pt-BR","potentialAction":[{"@type":"ReadAction","target":["https:\/\/radioportoseguro.com.br\/site\/2026\/01\/25\/nick-vujicic-alerta-sobre-cenario-global-devemos-viver-como-se-jesus-voltasse-agora\/"]}]},{"@type":"ImageObject","inLanguage":"pt-BR","@id":"https:\/\/radioportoseguro.com.br\/site\/2026\/01\/25\/nick-vujicic-alerta-sobre-cenario-global-devemos-viver-como-se-jesus-voltasse-agora\/#primaryimage","url":"https:\/\/radioportoseguro.com.br\/site\/wp-content\/uploads\/2026\/01\/423564214-nick-vujicic.jpeg","contentUrl":"https:\/\/radioportoseguro.com.br\/site\/wp-content\/uploads\/2026\/01\/423564214-nick-vujicic.jpeg","width":1200,"height":600},{"@type":"BreadcrumbList","@id":"https:\/\/radioportoseguro.com.br\/site\/2026\/01\/25\/nick-vujicic-alerta-sobre-cenario-global-devemos-viver-como-se-jesus-voltasse-agora\/#breadcrumb","itemListElement":[{"@type":"ListItem","position":1,"name":"In\u00edcio","item":"https:\/\/radioportoseguro.com.br\/site\/"},{"@type":"ListItem","position":2,"name":"Nick Vujicic alerta sobre cen\u00e1rio global: \u201cDevemos viver como se Jesus voltasse agora\u201d"}]},{"@type":"WebSite","@id":"https:\/\/radioportoseguro.com.br\/site\/#website","url":"https:\/\/radioportoseguro.com.br\/site\/","name":"R\u00e1dio Porto Seguro","description":"","potentialAction":[{"@type":"SearchAction","target":{"@type":"EntryPoint","urlTemplate":"https:\/\/radioportoseguro.com.br\/site\/?s={search_term_string}"},"query-input":{"@type":"PropertyValueSpecification","valueRequired":true,"valueName":"search_term_string"}}],"inLanguage":"pt-BR"},{"@type":"Person","@id":"https:\/\/radioportoseguro.com.br\/site\/#\/schema\/person\/7630acdc320186f13639d3c067ec089b","name":"admin","image":{"@type":"ImageObject","inLanguage":"pt-BR","@id":"https:\/\/radioportoseguro.com.br\/site\/#\/schema\/person\/image\/","url":"https:\/\/secure.gravatar.com\/avatar\/caacf4dc1eedb68fab0df8e1ed46c448e578b2466351bbcb61e47d2ac0caaef0?s=96&d=mm&r=g","contentUrl":"https:\/\/secure.gravatar.com\/avatar\/caacf4dc1eedb68fab0df8e1ed46c448e578b2466351bbcb61e47d2ac0caaef0?s=96&d=mm&r=g","caption":"admin"},"sameAs":["https:\/\/radioportoseguro.com.br\/site"],"url":"https:\/\/radioportoseguro.com.br\/site\/author\/hezio\/"}]}},"_links":{"self":[{"href":"https:\/\/radioportoseguro.com.br\/site\/wp-json\/wp\/v2\/posts\/3441","targetHints":{"allow":["GET"]}}],"collection":[{"href":"https:\/\/radioportoseguro.com.br\/site\/wp-json\/wp\/v2\/posts"}],"about":[{"href":"https:\/\/radioportoseguro.com.br\/site\/wp-json\/wp\/v2\/types\/post"}],"author":[{"embeddable":true,"href":"https:\/\/radioportoseguro.com.br\/site\/wp-json\/wp\/v2\/users\/1"}],"replies":[{"embeddable":true,"href":"https:\/\/radioportoseguro.com.br\/site\/wp-json\/wp\/v2\/comments?post=3441"}],"version-history":[{"count":0,"href":"https:\/\/radioportoseguro.com.br\/site\/wp-json\/wp\/v2\/posts\/3441\/revisions"}],"wp:featuredmedia":[{"embeddable":true,"href":"https:\/\/radioportoseguro.com.br\/site\/wp-json\/wp\/v2\/media\/3442"}],"wp:attachment":[{"href":"https:\/\/radioportoseguro.com.br\/site\/wp-json\/wp\/v2\/media?parent=3441"}],"wp:term":[{"taxonomy":"category","embeddable":true,"href":"https:\/\/radioportoseguro.com.br\/site\/wp-json\/wp\/v2\/categories?post=3441"},{"taxonomy":"post_tag","embeddable":true,"href":"https:\/\/radioportoseguro.com.br\/site\/wp-json\/wp\/v2\/tags?post=3441"}],"curies":[{"name":"wp","href":"https:\/\/api.w.org\/{rel}","templated":true}]}}