{"id":3449,"date":"2026-01-25T09:19:55","date_gmt":"2026-01-25T12:19:55","guid":{"rendered":"https:\/\/radioportoseguro.com.br\/site\/2026\/01\/25\/forum-economico-mundial-milei-pede-retorno-aos-valores-judaico-cristaos-ao-ocidente\/"},"modified":"2026-01-25T09:19:55","modified_gmt":"2026-01-25T12:19:55","slug":"forum-economico-mundial-milei-pede-retorno-aos-valores-judaico-cristaos-ao-ocidente","status":"publish","type":"post","link":"https:\/\/radioportoseguro.com.br\/site\/2026\/01\/25\/forum-economico-mundial-milei-pede-retorno-aos-valores-judaico-cristaos-ao-ocidente\/","title":{"rendered":"F\u00f3rum Econ\u00f4mico Mundial: Milei pede retorno aos valores judaico-crist\u00e3os ao Ocidente"},"content":{"rendered":"<p><br \/>\n<br \/><\/p>\n<div>\n<p>Durante discurso na reuni\u00e3o anual do F\u00f3rum Econ\u00f4mico Mundial, nesta quarta-feira (21) em Davos, o presidente da Argentina, <span style=\"color: #800000;\"><strong>Javier Milei<\/strong><\/span>, fez um apelo direto aos l\u00edderes ocidentais para que retomem os valores crist\u00e3os como fundamento moral e civilizacional.<\/p>\n<p>Em uma fala marcada por cr\u00edticas ao <span style=\"color: #800000;\"><strong>socialismo<\/strong><\/span> e ao que chamou de \u201cdegrada\u00e7\u00e3o \u00e9tica do Ocidente\u201d, Milei afirmou que a sobreviv\u00eancia da civiliza\u00e7\u00e3o ocidental depende de um retorno \u00e0s suas ra\u00edzes espirituais.<\/p>\n<p>\u201cSe quisermos sair do nosso presente sombrio, devemos nos reinspirar na filosofia grega, abra\u00e7ar o direito romano e retornar aos valores judaico-crist\u00e3os, que nos permitir\u00e3o salvar o Ocidente\u201d, declarou Milei \u00e0 plateia reunida na <span style=\"color: #800000;\"><strong>Su\u00ed\u00e7a<\/strong><\/span>.<\/p>\n<p>Embora o discurso tenha abordado extensamente temas econ\u00f4micos, Milei deu destaque \u00e0 dimens\u00e3o moral e espiritual da crise atual.<\/p>\n<p>Para ele, a ruptura com os valores crist\u00e3os levou o Ocidente a um esvaziamento \u00e9tico, abrindo espa\u00e7o para ideologias que, segundo afirmou, resultam em injusti\u00e7a, pobreza e perda de liberdade.<\/p>\n<p>Ao citar pensadores liberais e economistas da Escola Austr\u00edaca, Milei sustentou que n\u00e3o existe oposi\u00e7\u00e3o entre efici\u00eancia econ\u00f4mica e moralidade, defendendo que pol\u00edticas p\u00fablicas s\u00f3 s\u00e3o verdadeiramente eficazes quando fundamentadas em princ\u00edpios \u00e9ticos.<\/p>\n<p>Nesse contexto, afirmou que os valores judaico-crist\u00e3os oferecem o alicerce necess\u00e1rio para a justi\u00e7a, o respeito \u00e0 vida, \u00e0 liberdade e \u00e0 propriedade.<\/p>\n<p><strong>Cr\u00edtica ao socialismo e alerta \u00e0 Venezuela<\/strong><\/p>\n<p>O presidente argentino voltou a criticar duramente o socialismo, classificando a ideologia como um sistema que \u201csoa bem na teoria, mas sempre termina mal\u201d.<\/p>\n<p>Como exemplo, citou a crise humanit\u00e1ria e pol\u00edtica da <span style=\"color: #800000;\"><strong>Venezuela<\/strong><\/span>, descrevendo o pa\u00eds como v\u00edtima de uma \u201cnarcoditadura\u201d e apontando o colapso econ\u00f4mico e social como consequ\u00eancia direta da rejei\u00e7\u00e3o a princ\u00edpios morais e de liberdade.<\/p>\n<p>Segundo Milei, abandonar valores \u00e9ticos em nome de agendas ideol\u00f3gicas n\u00e3o produz apenas falhas econ\u00f4micas, mas amea\u00e7a a pr\u00f3pria coes\u00e3o social e a continuidade da civiliza\u00e7\u00e3o ocidental.<\/p>\n<p><strong>Refer\u00eancias b\u00edblicas e alerta espiritual<\/strong><\/p>\n<p>Na parte final de sua fala, Milei voltou a alertar para o que chamou de \u201ccrise moral do Ocidente\u201d, afirmando que sociedades que abandonam os valores que sustentaram sua forma\u00e7\u00e3o hist\u00f3rica acabam perdendo clareza \u00e9tica, capacidade de decis\u00e3o e respeito \u00e0 liberdade individual.<\/p>\n<p>Segundo ele, esse processo n\u00e3o \u00e9 apenas econ\u00f4mico ou pol\u00edtico, mas profundamente moral e civilizacional, o que chamou de \u201cboas not\u00edcias\u201d.<\/p>\n<p>\u201c2026 \u00e9 o ano em que trago boas not\u00edcias para voc\u00eas. O mundo come\u00e7ou a despertar. A melhor prova disso \u00e9 o que est\u00e1 acontecendo na Am\u00e9rica com o renascimento das ideias de liberdade.\u201d<\/p>\n<p>Apesar do tom cr\u00edtico, Milei encerrou o discurso com uma mensagem de esperan\u00e7a.<\/p>\n<p>De acordo com o presidente argentino, h\u00e1 sinais de um renascimento das ideias de liberdade, especialmente nas Am\u00e9ricas, o que poderia reacender o Ocidente como um \u201cfarol de luz\u201d para o mundo.<\/p>\n<p>\u201cA Am\u00e9rica ser\u00e1 o farol de luz que reacender\u00e1 todo o Ocidente e, com ela, pagar\u00e1 sua d\u00edvida civilizacional com sinais de gratid\u00e3o \u00e0s suas bases na filosofia grega, no direito romano e nos valores judaico-crist\u00e3os\u201d, declarou.<\/p>\n<p>E concluiu: \u201cTemos um futuro melhor pela frente, mas esse futuro melhor existe se retornarmos \u00e0s ra\u00edzes do Ocidente, ou seja, retornando \u00e0s ideias de liberdade.\u201d<\/p>\n<\/div>\n<p><br \/>\n<br \/>Fonte: Guiame <\/p>\n","protected":false},"excerpt":{"rendered":"<p>Durante discurso na reuni\u00e3o anual do F\u00f3rum Econ\u00f4mico Mundial, nesta quarta-feira (21) em Davos, o presidente da Argentina, Javier Milei, fez um apelo direto aos l\u00edderes ocidentais para que retomem os valores crist\u00e3os como fundamento moral e civilizacional. Em uma fala marcada por cr\u00edticas ao socialismo e ao que chamou de \u201cdegrada\u00e7\u00e3o \u00e9tica do Ocidente\u201d, [&hellip;]<\/p>\n","protected":false},"author":1,"featured_media":3450,"comment_status":"","ping_status":"open","sticky":false,"template":"","format":"standard","meta":{"footnotes":""},"categories":[43],"tags":[],"class_list":["post-3449","post","type-post","status-publish","format-standard","has-post-thumbnail","hentry","category-destaques"],"yoast_head":"<!-- This site is optimized with the Yoast SEO plugin v26.8 - https:\/\/yoast.com\/product\/yoast-seo-wordpress\/ -->\n<title>F\u00f3rum Econ\u00f4mico Mundial: Milei pede retorno aos valores judaico-crist\u00e3os ao Ocidente - R\u00e1dio Porto Seguro<\/title>\n<meta name=\"robots\" content=\"index, follow, max-snippet:-1, max-image-preview:large, max-video-preview:-1\" \/>\n<link rel=\"canonical\" href=\"https:\/\/radioportoseguro.com.br\/site\/2026\/01\/25\/forum-economico-mundial-milei-pede-retorno-aos-valores-judaico-cristaos-ao-ocidente\/\" \/>\n<meta property=\"og:locale\" content=\"pt_BR\" \/>\n<meta property=\"og:type\" content=\"article\" \/>\n<meta property=\"og:title\" content=\"F\u00f3rum Econ\u00f4mico Mundial: Milei pede retorno aos valores judaico-crist\u00e3os ao Ocidente - R\u00e1dio Porto Seguro\" \/>\n<meta property=\"og:description\" content=\"Durante discurso na reuni\u00e3o anual do F\u00f3rum Econ\u00f4mico Mundial, nesta quarta-feira (21) em Davos, o presidente da Argentina, Javier Milei, fez um apelo direto aos l\u00edderes ocidentais para que retomem os valores crist\u00e3os como fundamento moral e civilizacional. Em uma fala marcada por cr\u00edticas ao socialismo e ao que chamou de \u201cdegrada\u00e7\u00e3o \u00e9tica do Ocidente\u201d, [&hellip;]\" \/>\n<meta property=\"og:url\" content=\"https:\/\/radioportoseguro.com.br\/site\/2026\/01\/25\/forum-economico-mundial-milei-pede-retorno-aos-valores-judaico-cristaos-ao-ocidente\/\" \/>\n<meta property=\"og:site_name\" content=\"R\u00e1dio Porto Seguro\" \/>\n<meta property=\"article:published_time\" content=\"2026-01-25T12:19:55+00:00\" \/>\n<meta property=\"og:image\" content=\"https:\/\/media.guiame.com.br\/archives\/2026\/01\/22\/2438925048-javier-milei.jpeg\" \/>\n<meta name=\"author\" content=\"admin\" \/>\n<meta name=\"twitter:card\" content=\"summary_large_image\" \/>\n<meta name=\"twitter:label1\" content=\"Escrito por\" \/>\n\t<meta name=\"twitter:data1\" content=\"admin\" \/>\n\t<meta name=\"twitter:label2\" content=\"Est. tempo de leitura\" \/>\n\t<meta name=\"twitter:data2\" content=\"3 minutos\" \/>\n<script type=\"application\/ld+json\" class=\"yoast-schema-graph\">{\"@context\":\"https:\/\/schema.org\",\"@graph\":[{\"@type\":\"Article\",\"@id\":\"https:\/\/radioportoseguro.com.br\/site\/2026\/01\/25\/forum-economico-mundial-milei-pede-retorno-aos-valores-judaico-cristaos-ao-ocidente\/#article\",\"isPartOf\":{\"@id\":\"https:\/\/radioportoseguro.com.br\/site\/2026\/01\/25\/forum-economico-mundial-milei-pede-retorno-aos-valores-judaico-cristaos-ao-ocidente\/\"},\"author\":{\"name\":\"admin\",\"@id\":\"https:\/\/radioportoseguro.com.br\/site\/#\/schema\/person\/7630acdc320186f13639d3c067ec089b\"},\"headline\":\"F\u00f3rum Econ\u00f4mico Mundial: Milei pede retorno aos valores judaico-crist\u00e3os ao Ocidente\",\"datePublished\":\"2026-01-25T12:19:55+00:00\",\"mainEntityOfPage\":{\"@id\":\"https:\/\/radioportoseguro.com.br\/site\/2026\/01\/25\/forum-economico-mundial-milei-pede-retorno-aos-valores-judaico-cristaos-ao-ocidente\/\"},\"wordCount\":590,\"image\":{\"@id\":\"https:\/\/radioportoseguro.com.br\/site\/2026\/01\/25\/forum-economico-mundial-milei-pede-retorno-aos-valores-judaico-cristaos-ao-ocidente\/#primaryimage\"},\"thumbnailUrl\":\"https:\/\/radioportoseguro.com.br\/site\/wp-content\/uploads\/2026\/01\/2438925048-javier-milei.jpeg\",\"articleSection\":[\"Destaques\"],\"inLanguage\":\"pt-BR\"},{\"@type\":\"WebPage\",\"@id\":\"https:\/\/radioportoseguro.com.br\/site\/2026\/01\/25\/forum-economico-mundial-milei-pede-retorno-aos-valores-judaico-cristaos-ao-ocidente\/\",\"url\":\"https:\/\/radioportoseguro.com.br\/site\/2026\/01\/25\/forum-economico-mundial-milei-pede-retorno-aos-valores-judaico-cristaos-ao-ocidente\/\",\"name\":\"F\u00f3rum Econ\u00f4mico Mundial: Milei pede retorno aos valores judaico-crist\u00e3os ao Ocidente - R\u00e1dio Porto Seguro\",\"isPartOf\":{\"@id\":\"https:\/\/radioportoseguro.com.br\/site\/#website\"},\"primaryImageOfPage\":{\"@id\":\"https:\/\/radioportoseguro.com.br\/site\/2026\/01\/25\/forum-economico-mundial-milei-pede-retorno-aos-valores-judaico-cristaos-ao-ocidente\/#primaryimage\"},\"image\":{\"@id\":\"https:\/\/radioportoseguro.com.br\/site\/2026\/01\/25\/forum-economico-mundial-milei-pede-retorno-aos-valores-judaico-cristaos-ao-ocidente\/#primaryimage\"},\"thumbnailUrl\":\"https:\/\/radioportoseguro.com.br\/site\/wp-content\/uploads\/2026\/01\/2438925048-javier-milei.jpeg\",\"datePublished\":\"2026-01-25T12:19:55+00:00\",\"author\":{\"@id\":\"https:\/\/radioportoseguro.com.br\/site\/#\/schema\/person\/7630acdc320186f13639d3c067ec089b\"},\"breadcrumb\":{\"@id\":\"https:\/\/radioportoseguro.com.br\/site\/2026\/01\/25\/forum-economico-mundial-milei-pede-retorno-aos-valores-judaico-cristaos-ao-ocidente\/#breadcrumb\"},\"inLanguage\":\"pt-BR\",\"potentialAction\":[{\"@type\":\"ReadAction\",\"target\":[\"https:\/\/radioportoseguro.com.br\/site\/2026\/01\/25\/forum-economico-mundial-milei-pede-retorno-aos-valores-judaico-cristaos-ao-ocidente\/\"]}]},{\"@type\":\"ImageObject\",\"inLanguage\":\"pt-BR\",\"@id\":\"https:\/\/radioportoseguro.com.br\/site\/2026\/01\/25\/forum-economico-mundial-milei-pede-retorno-aos-valores-judaico-cristaos-ao-ocidente\/#primaryimage\",\"url\":\"https:\/\/radioportoseguro.com.br\/site\/wp-content\/uploads\/2026\/01\/2438925048-javier-milei.jpeg\",\"contentUrl\":\"https:\/\/radioportoseguro.com.br\/site\/wp-content\/uploads\/2026\/01\/2438925048-javier-milei.jpeg\",\"width\":1200,\"height\":600},{\"@type\":\"BreadcrumbList\",\"@id\":\"https:\/\/radioportoseguro.com.br\/site\/2026\/01\/25\/forum-economico-mundial-milei-pede-retorno-aos-valores-judaico-cristaos-ao-ocidente\/#breadcrumb\",\"itemListElement\":[{\"@type\":\"ListItem\",\"position\":1,\"name\":\"In\u00edcio\",\"item\":\"https:\/\/radioportoseguro.com.br\/site\/\"},{\"@type\":\"ListItem\",\"position\":2,\"name\":\"F\u00f3rum Econ\u00f4mico Mundial: Milei pede retorno aos valores judaico-crist\u00e3os ao Ocidente\"}]},{\"@type\":\"WebSite\",\"@id\":\"https:\/\/radioportoseguro.com.br\/site\/#website\",\"url\":\"https:\/\/radioportoseguro.com.br\/site\/\",\"name\":\"R\u00e1dio Porto Seguro\",\"description\":\"\",\"potentialAction\":[{\"@type\":\"SearchAction\",\"target\":{\"@type\":\"EntryPoint\",\"urlTemplate\":\"https:\/\/radioportoseguro.com.br\/site\/?s={search_term_string}\"},\"query-input\":{\"@type\":\"PropertyValueSpecification\",\"valueRequired\":true,\"valueName\":\"search_term_string\"}}],\"inLanguage\":\"pt-BR\"},{\"@type\":\"Person\",\"@id\":\"https:\/\/radioportoseguro.com.br\/site\/#\/schema\/person\/7630acdc320186f13639d3c067ec089b\",\"name\":\"admin\",\"image\":{\"@type\":\"ImageObject\",\"inLanguage\":\"pt-BR\",\"@id\":\"https:\/\/radioportoseguro.com.br\/site\/#\/schema\/person\/image\/\",\"url\":\"https:\/\/secure.gravatar.com\/avatar\/caacf4dc1eedb68fab0df8e1ed46c448e578b2466351bbcb61e47d2ac0caaef0?s=96&d=mm&r=g\",\"contentUrl\":\"https:\/\/secure.gravatar.com\/avatar\/caacf4dc1eedb68fab0df8e1ed46c448e578b2466351bbcb61e47d2ac0caaef0?s=96&d=mm&r=g\",\"caption\":\"admin\"},\"sameAs\":[\"https:\/\/radioportoseguro.com.br\/site\"],\"url\":\"https:\/\/radioportoseguro.com.br\/site\/author\/hezio\/\"}]}<\/script>\n<!-- \/ Yoast SEO plugin. -->","yoast_head_json":{"title":"F\u00f3rum Econ\u00f4mico Mundial: Milei pede retorno aos valores judaico-crist\u00e3os ao Ocidente - R\u00e1dio Porto Seguro","robots":{"index":"index","follow":"follow","max-snippet":"max-snippet:-1","max-image-preview":"max-image-preview:large","max-video-preview":"max-video-preview:-1"},"canonical":"https:\/\/radioportoseguro.com.br\/site\/2026\/01\/25\/forum-economico-mundial-milei-pede-retorno-aos-valores-judaico-cristaos-ao-ocidente\/","og_locale":"pt_BR","og_type":"article","og_title":"F\u00f3rum Econ\u00f4mico Mundial: Milei pede retorno aos valores judaico-crist\u00e3os ao Ocidente - R\u00e1dio Porto Seguro","og_description":"Durante discurso na reuni\u00e3o anual do F\u00f3rum Econ\u00f4mico Mundial, nesta quarta-feira (21) em Davos, o presidente da Argentina, Javier Milei, fez um apelo direto aos l\u00edderes ocidentais para que retomem os valores crist\u00e3os como fundamento moral e civilizacional. Em uma fala marcada por cr\u00edticas ao socialismo e ao que chamou de \u201cdegrada\u00e7\u00e3o \u00e9tica do Ocidente\u201d, [&hellip;]","og_url":"https:\/\/radioportoseguro.com.br\/site\/2026\/01\/25\/forum-economico-mundial-milei-pede-retorno-aos-valores-judaico-cristaos-ao-ocidente\/","og_site_name":"R\u00e1dio Porto Seguro","article_published_time":"2026-01-25T12:19:55+00:00","og_image":[{"url":"https:\/\/media.guiame.com.br\/archives\/2026\/01\/22\/2438925048-javier-milei.jpeg","type":"","width":"","height":""}],"author":"admin","twitter_card":"summary_large_image","twitter_misc":{"Escrito por":"admin","Est. tempo de leitura":"3 minutos"},"schema":{"@context":"https:\/\/schema.org","@graph":[{"@type":"Article","@id":"https:\/\/radioportoseguro.com.br\/site\/2026\/01\/25\/forum-economico-mundial-milei-pede-retorno-aos-valores-judaico-cristaos-ao-ocidente\/#article","isPartOf":{"@id":"https:\/\/radioportoseguro.com.br\/site\/2026\/01\/25\/forum-economico-mundial-milei-pede-retorno-aos-valores-judaico-cristaos-ao-ocidente\/"},"author":{"name":"admin","@id":"https:\/\/radioportoseguro.com.br\/site\/#\/schema\/person\/7630acdc320186f13639d3c067ec089b"},"headline":"F\u00f3rum Econ\u00f4mico Mundial: Milei pede retorno aos valores judaico-crist\u00e3os ao Ocidente","datePublished":"2026-01-25T12:19:55+00:00","mainEntityOfPage":{"@id":"https:\/\/radioportoseguro.com.br\/site\/2026\/01\/25\/forum-economico-mundial-milei-pede-retorno-aos-valores-judaico-cristaos-ao-ocidente\/"},"wordCount":590,"image":{"@id":"https:\/\/radioportoseguro.com.br\/site\/2026\/01\/25\/forum-economico-mundial-milei-pede-retorno-aos-valores-judaico-cristaos-ao-ocidente\/#primaryimage"},"thumbnailUrl":"https:\/\/radioportoseguro.com.br\/site\/wp-content\/uploads\/2026\/01\/2438925048-javier-milei.jpeg","articleSection":["Destaques"],"inLanguage":"pt-BR"},{"@type":"WebPage","@id":"https:\/\/radioportoseguro.com.br\/site\/2026\/01\/25\/forum-economico-mundial-milei-pede-retorno-aos-valores-judaico-cristaos-ao-ocidente\/","url":"https:\/\/radioportoseguro.com.br\/site\/2026\/01\/25\/forum-economico-mundial-milei-pede-retorno-aos-valores-judaico-cristaos-ao-ocidente\/","name":"F\u00f3rum Econ\u00f4mico Mundial: Milei pede retorno aos valores judaico-crist\u00e3os ao Ocidente - R\u00e1dio Porto Seguro","isPartOf":{"@id":"https:\/\/radioportoseguro.com.br\/site\/#website"},"primaryImageOfPage":{"@id":"https:\/\/radioportoseguro.com.br\/site\/2026\/01\/25\/forum-economico-mundial-milei-pede-retorno-aos-valores-judaico-cristaos-ao-ocidente\/#primaryimage"},"image":{"@id":"https:\/\/radioportoseguro.com.br\/site\/2026\/01\/25\/forum-economico-mundial-milei-pede-retorno-aos-valores-judaico-cristaos-ao-ocidente\/#primaryimage"},"thumbnailUrl":"https:\/\/radioportoseguro.com.br\/site\/wp-content\/uploads\/2026\/01\/2438925048-javier-milei.jpeg","datePublished":"2026-01-25T12:19:55+00:00","author":{"@id":"https:\/\/radioportoseguro.com.br\/site\/#\/schema\/person\/7630acdc320186f13639d3c067ec089b"},"breadcrumb":{"@id":"https:\/\/radioportoseguro.com.br\/site\/2026\/01\/25\/forum-economico-mundial-milei-pede-retorno-aos-valores-judaico-cristaos-ao-ocidente\/#breadcrumb"},"inLanguage":"pt-BR","potentialAction":[{"@type":"ReadAction","target":["https:\/\/radioportoseguro.com.br\/site\/2026\/01\/25\/forum-economico-mundial-milei-pede-retorno-aos-valores-judaico-cristaos-ao-ocidente\/"]}]},{"@type":"ImageObject","inLanguage":"pt-BR","@id":"https:\/\/radioportoseguro.com.br\/site\/2026\/01\/25\/forum-economico-mundial-milei-pede-retorno-aos-valores-judaico-cristaos-ao-ocidente\/#primaryimage","url":"https:\/\/radioportoseguro.com.br\/site\/wp-content\/uploads\/2026\/01\/2438925048-javier-milei.jpeg","contentUrl":"https:\/\/radioportoseguro.com.br\/site\/wp-content\/uploads\/2026\/01\/2438925048-javier-milei.jpeg","width":1200,"height":600},{"@type":"BreadcrumbList","@id":"https:\/\/radioportoseguro.com.br\/site\/2026\/01\/25\/forum-economico-mundial-milei-pede-retorno-aos-valores-judaico-cristaos-ao-ocidente\/#breadcrumb","itemListElement":[{"@type":"ListItem","position":1,"name":"In\u00edcio","item":"https:\/\/radioportoseguro.com.br\/site\/"},{"@type":"ListItem","position":2,"name":"F\u00f3rum Econ\u00f4mico Mundial: Milei pede retorno aos valores judaico-crist\u00e3os ao Ocidente"}]},{"@type":"WebSite","@id":"https:\/\/radioportoseguro.com.br\/site\/#website","url":"https:\/\/radioportoseguro.com.br\/site\/","name":"R\u00e1dio Porto Seguro","description":"","potentialAction":[{"@type":"SearchAction","target":{"@type":"EntryPoint","urlTemplate":"https:\/\/radioportoseguro.com.br\/site\/?s={search_term_string}"},"query-input":{"@type":"PropertyValueSpecification","valueRequired":true,"valueName":"search_term_string"}}],"inLanguage":"pt-BR"},{"@type":"Person","@id":"https:\/\/radioportoseguro.com.br\/site\/#\/schema\/person\/7630acdc320186f13639d3c067ec089b","name":"admin","image":{"@type":"ImageObject","inLanguage":"pt-BR","@id":"https:\/\/radioportoseguro.com.br\/site\/#\/schema\/person\/image\/","url":"https:\/\/secure.gravatar.com\/avatar\/caacf4dc1eedb68fab0df8e1ed46c448e578b2466351bbcb61e47d2ac0caaef0?s=96&d=mm&r=g","contentUrl":"https:\/\/secure.gravatar.com\/avatar\/caacf4dc1eedb68fab0df8e1ed46c448e578b2466351bbcb61e47d2ac0caaef0?s=96&d=mm&r=g","caption":"admin"},"sameAs":["https:\/\/radioportoseguro.com.br\/site"],"url":"https:\/\/radioportoseguro.com.br\/site\/author\/hezio\/"}]}},"_links":{"self":[{"href":"https:\/\/radioportoseguro.com.br\/site\/wp-json\/wp\/v2\/posts\/3449","targetHints":{"allow":["GET"]}}],"collection":[{"href":"https:\/\/radioportoseguro.com.br\/site\/wp-json\/wp\/v2\/posts"}],"about":[{"href":"https:\/\/radioportoseguro.com.br\/site\/wp-json\/wp\/v2\/types\/post"}],"author":[{"embeddable":true,"href":"https:\/\/radioportoseguro.com.br\/site\/wp-json\/wp\/v2\/users\/1"}],"replies":[{"embeddable":true,"href":"https:\/\/radioportoseguro.com.br\/site\/wp-json\/wp\/v2\/comments?post=3449"}],"version-history":[{"count":0,"href":"https:\/\/radioportoseguro.com.br\/site\/wp-json\/wp\/v2\/posts\/3449\/revisions"}],"wp:featuredmedia":[{"embeddable":true,"href":"https:\/\/radioportoseguro.com.br\/site\/wp-json\/wp\/v2\/media\/3450"}],"wp:attachment":[{"href":"https:\/\/radioportoseguro.com.br\/site\/wp-json\/wp\/v2\/media?parent=3449"}],"wp:term":[{"taxonomy":"category","embeddable":true,"href":"https:\/\/radioportoseguro.com.br\/site\/wp-json\/wp\/v2\/categories?post=3449"},{"taxonomy":"post_tag","embeddable":true,"href":"https:\/\/radioportoseguro.com.br\/site\/wp-json\/wp\/v2\/tags?post=3449"}],"curies":[{"name":"wp","href":"https:\/\/api.w.org\/{rel}","templated":true}]}}