{"id":3463,"date":"2026-01-25T13:28:29","date_gmt":"2026-01-25T16:28:29","guid":{"rendered":"https:\/\/radioportoseguro.com.br\/site\/2026\/01\/25\/pastor-e-banido-por-se-recusar-a-se-ajoelhar-diante-de-imagem-no-mexico\/"},"modified":"2026-01-25T13:28:29","modified_gmt":"2026-01-25T16:28:29","slug":"pastor-e-banido-por-se-recusar-a-se-ajoelhar-diante-de-imagem-no-mexico","status":"publish","type":"post","link":"https:\/\/radioportoseguro.com.br\/site\/2026\/01\/25\/pastor-e-banido-por-se-recusar-a-se-ajoelhar-diante-de-imagem-no-mexico\/","title":{"rendered":"Pastor \u00e9 banido por se recusar a se ajoelhar diante de imagem no M\u00e9xico"},"content":{"rendered":"<p><br \/>\n<br \/><\/p>\n<div>\n<p><span style=\"font-weight: 400;\">Um pastor foi preso por mais de 48 horas, multado e expulso de sua comunidade ap\u00f3s se recusar a se ajoelhar diante de uma imagem durante uma <\/span><span style=\"color: #993300;\"><strong>festa cat\u00f3lica no M\u00e9xico<\/strong><\/span><span style=\"font-weight: 400;\">.<\/span><\/p>\n<p><span style=\"font-weight: 400;\">Mariano Vel\u00e1squez Mart\u00ednez \u2014 no minist\u00e9rio desde 2015 \u2014 foi preso ap\u00f3s se recusar a se ajoelhar e rezar diante de uma imagem em Santiago Malacatepec, cidade do munic\u00edpio de San Juan Mazatl\u00e1n Mixe, no estado de Oaxaca.\u00a0<\/span><\/p>\n<p><span style=\"font-weight: 400;\">Segundo o Evang\u00e9lico Digital, antes da pris\u00e3o, o pastor j\u00e1 havia sido obrigado a aceitar o cargo de respons\u00e1vel pela celebra\u00e7\u00e3o da Festa de S\u00e3o Tiago Ap\u00f3stolo.<\/span><\/p>\n<p><span style=\"font-weight: 400;\">Apesar de concordar em pagar a multa, mesmo sem recursos suficientes, o pastor teve a proposta rejeitada pela assembleia geral, que exigia o cumprimento completo do protocolo religioso. Ent\u00e3o, ele foi preso no \u00faltimo s\u00e1bado (17).<\/span><\/p>\n<p><span style=\"font-weight: 400;\">\u201cSua pris\u00e3o ocorreu depois que ele se recusou a se ajoelhar e rezar diante da imagem religiosa, citando suas convic\u00e7\u00f5es crist\u00e3s\u201d, disse o advogado do pastor Porfirio Flores Z\u00fa\u00f1iga \u00e0 imprensa.<\/span><\/p>\n<p><strong>O pastor foi banido juntamente com sua fam\u00edlia<\/strong><\/p>\n<p><span style=\"font-weight: 400;\">Ap\u00f3s quatro dias detido, Mariano foi levado \u00e0 assembleia comunit\u00e1ria, na presen\u00e7a das autoridades municipais, com as m\u00e3os atadas. Na ocasi\u00e3o, foi informado de que seria expulso da cidade com sua esposa e a filha de tr\u00eas meses, por se recusar a cumprir as tradi\u00e7\u00f5es cat\u00f3licas da comunidade.<\/span><\/p>\n<p><span style=\"font-weight: 400;\">A liberta\u00e7\u00e3o do pastor ocorreu sob press\u00e3o, irregularidades e atos de ass\u00e9dio que resultaram na sa\u00edda for\u00e7ada dele e de sua fam\u00edlia da comunidade.<\/span><\/p>\n<p><span style=\"font-weight: 400;\">Mariano contou que foi for\u00e7ado a assinar um documento em branco, que poderia ser usado para simular que ele deixou a comunidade por vontade pr\u00f3pria, quando, na verdade, foi expulso \u00e0 for\u00e7a.<\/span><\/p>\n<p><span style=\"font-weight: 400;\">&#8220;Portanto, trata-se, na realidade, de uma expuls\u00e3o for\u00e7ada, que agora \u00e9 classificada como crime grave&#8221;, afirmou o advogado.<\/span><\/p>\n<p><strong>\u2018Grave epis\u00f3dio de intoler\u00e2ncia religiosa\u2019<\/strong><\/p>\n<p><span style=\"font-weight: 400;\">O advogado destacou que o caso representa um grave epis\u00f3dio de <\/span><span style=\"color: #993300;\"><strong>intoler\u00e2ncia religiosa<\/strong><\/span><span style=\"font-weight: 400;\"> em um novo contexto legal no estado de Oaxaca.\u00a0<\/span><\/p>\n<p><span style=\"font-weight: 400;\">Segundo ele, em setembro de 2025 o Congresso estadual aprovou a Lei para Prevenir, Abordar e Reparar Integralmente o Deslocamento For\u00e7ado Interno, que reconhece conflitos ligados \u00e0 liberdade religiosa como causa de deslocamento for\u00e7ado \u2014 crime que pode resultar em penas de at\u00e9 18 anos de pris\u00e3o.<\/span><\/p>\n<p><span style=\"font-weight: 400;\">Conforme o portal mexicano El Universal Oaxaca, Flores exigiu que a Procuradoria-Geral de Justi\u00e7a de Oaxaca e a Secretaria de Governo apliquem imediatamente essa lei para responsabilizar as autoridades municipais envolvidas na expuls\u00e3o e no deslocamento for\u00e7ado do pastor.\u00a0<\/span><\/p>\n<p><span style=\"font-weight: 400;\">\u201cOs respons\u00e1veis \u200b\u200bpelo deslocamento da fam\u00edlia Vel\u00e1squez Mart\u00ednez podem enfrentar penas de pris\u00e3o de 10 a 18 anos, al\u00e9m de multas de at\u00e9 dois mil dias de UMA\u201d, explicou ele.<\/span><\/p>\n<p><span style=\"font-weight: 400;\">Segundo o advogado, o caso \u00e9 ainda mais grave porque a lei prev\u00ea aumento de pena quando o crime \u00e9 cometido por autoridades locais ou funcion\u00e1rios p\u00fablicos, especialmente em situa\u00e7\u00f5es marcadas por viol\u00eancia e ass\u00e9dio contra a fam\u00edlia.<\/span><\/p>\n<p><strong>\u2018A atua\u00e7\u00e3o do Estado \u00e9 insuficiente\u2019<\/strong><\/p>\n<p><span style=\"font-weight: 400;\">Flores tamb\u00e9m lembrou que o munic\u00edpio de San Juan Mazatl\u00e1n Mixe possui um hist\u00f3rico de intoler\u00e2ncia religiosa. Em 2023, seis fam\u00edlias foram expulsas da comunidade de San Pedro Chimaltepec por motivos semelhantes.\u00a0<\/span><\/p>\n<p><span style=\"font-weight: 400;\">\u201cNo entanto, com a nova legisla\u00e7\u00e3o em vigor, as autoridades estaduais t\u00eam a obriga\u00e7\u00e3o de tomar medidas legais contra os respons\u00e1veis \u200b\u200bem Santiago Malacatepec\u201d, observou.<\/span><\/p>\n<blockquote class=\"twitter-tweet\"><p>&#13;<\/p>\n<p dir=\"ltr\" lang=\"es\">El pastor evang\u00e9lico Mariano Vel\u00e1squez Mart\u00ednez fue desterrado junto con su familia de Santiago Malacatepec, perteneciente al municipio de San Juan Mazatl\u00e1n, Oaxaca.https:\/\/t.co\/RYcflsoeyi<\/p>\n<p>&#13;<br \/>\n\u2014 Exc\u00e9lsior (@Excelsior) <a href=\"https:\/\/twitter.com\/Excelsior\/status\/2013456448726958398?ref_src=twsrc%5Etfw\">January 20, 2026<\/a><\/p><\/blockquote>\n<p><span style=\"font-weight: 400;\">Al\u00e9m da responsabiliza\u00e7\u00e3o criminal, o advogado pediu medidas de prote\u00e7\u00e3o e repara\u00e7\u00e3o integral para o pastor e sua fam\u00edlia, incluindo garantias de seguran\u00e7a fora da comunidade e a interven\u00e7\u00e3o das autoridades no munic\u00edpio de San Juan Mazatl\u00e1n para interromper a persegui\u00e7\u00e3o religiosa sistem\u00e1tica.<\/span><\/p>\n<p><span style=\"font-weight: 400;\">Porfirio Flores tamb\u00e9m cobrou que autoridades estaduais e federais assegurem os direitos humanos e a liberdade religiosa dos moradores da regi\u00e3o.\u00a0<\/span><\/p>\n<p><span style=\"font-weight: 400;\">\u201cA liberdade de culto n\u00e3o \u00e9 uma concess\u00e3o das autoridades comunit\u00e1rias, mas um direito humano inalien\u00e1vel que o Estado deve proteger\u201d, declarou o advogado.<\/span><\/p>\n<p><span style=\"font-weight: 400;\">Apesar das den\u00fancias apresentadas e do pedido de medidas cautelares \u00e0 Procuradoria de Oaxaca, Flores informou que, at\u00e9 o momento, n\u00e3o houve resposta efetiva das autoridades, classificando a atua\u00e7\u00e3o do Estado mexicano como insuficiente diante dos casos de intoler\u00e2ncia religiosa ocorridos no estado.<\/span><\/p>\n<\/div>\n<p><script async src=\"\/\/platform.twitter.com\/widgets.js\" charset=\"utf-8\"><\/script><br \/>\n<br \/><br \/>\n<br \/>Fonte: Guiame <\/p>\n","protected":false},"excerpt":{"rendered":"<p>Um pastor foi preso por mais de 48 horas, multado e expulso de sua comunidade ap\u00f3s se recusar a se ajoelhar diante de uma imagem durante uma festa cat\u00f3lica no M\u00e9xico. Mariano Vel\u00e1squez Mart\u00ednez \u2014 no minist\u00e9rio desde 2015 \u2014 foi preso ap\u00f3s se recusar a se ajoelhar e rezar diante de uma imagem em [&hellip;]<\/p>\n","protected":false},"author":1,"featured_media":3464,"comment_status":"","ping_status":"open","sticky":false,"template":"","format":"standard","meta":{"footnotes":""},"categories":[43],"tags":[],"class_list":["post-3463","post","type-post","status-publish","format-standard","has-post-thumbnail","hentry","category-destaques"],"yoast_head":"<!-- This site is optimized with the Yoast SEO plugin v26.8 - https:\/\/yoast.com\/product\/yoast-seo-wordpress\/ -->\n<title>Pastor \u00e9 banido por se recusar a se ajoelhar diante de imagem no M\u00e9xico - R\u00e1dio Porto Seguro<\/title>\n<meta name=\"robots\" content=\"index, follow, max-snippet:-1, max-image-preview:large, max-video-preview:-1\" \/>\n<link rel=\"canonical\" href=\"https:\/\/radioportoseguro.com.br\/site\/2026\/01\/25\/pastor-e-banido-por-se-recusar-a-se-ajoelhar-diante-de-imagem-no-mexico\/\" \/>\n<meta property=\"og:locale\" content=\"pt_BR\" \/>\n<meta property=\"og:type\" content=\"article\" \/>\n<meta property=\"og:title\" content=\"Pastor \u00e9 banido por se recusar a se ajoelhar diante de imagem no M\u00e9xico - R\u00e1dio Porto Seguro\" \/>\n<meta property=\"og:description\" content=\"Um pastor foi preso por mais de 48 horas, multado e expulso de sua comunidade ap\u00f3s se recusar a se ajoelhar diante de uma imagem durante uma festa cat\u00f3lica no M\u00e9xico. Mariano Vel\u00e1squez Mart\u00ednez \u2014 no minist\u00e9rio desde 2015 \u2014 foi preso ap\u00f3s se recusar a se ajoelhar e rezar diante de uma imagem em [&hellip;]\" \/>\n<meta property=\"og:url\" content=\"https:\/\/radioportoseguro.com.br\/site\/2026\/01\/25\/pastor-e-banido-por-se-recusar-a-se-ajoelhar-diante-de-imagem-no-mexico\/\" \/>\n<meta property=\"og:site_name\" content=\"R\u00e1dio Porto Seguro\" \/>\n<meta property=\"article:published_time\" content=\"2026-01-25T16:28:29+00:00\" \/>\n<meta property=\"og:image\" content=\"https:\/\/media.guiame.com.br\/archives\/2026\/01\/22\/25390144-o-pastor-mariano-velasquez-martinez.jpeg\" \/>\n<meta name=\"author\" content=\"admin\" \/>\n<meta name=\"twitter:card\" content=\"summary_large_image\" \/>\n<meta name=\"twitter:label1\" content=\"Escrito por\" \/>\n\t<meta name=\"twitter:data1\" content=\"admin\" \/>\n\t<meta name=\"twitter:label2\" content=\"Est. tempo de leitura\" \/>\n\t<meta name=\"twitter:data2\" content=\"4 minutos\" \/>\n<script type=\"application\/ld+json\" class=\"yoast-schema-graph\">{\"@context\":\"https:\/\/schema.org\",\"@graph\":[{\"@type\":\"Article\",\"@id\":\"https:\/\/radioportoseguro.com.br\/site\/2026\/01\/25\/pastor-e-banido-por-se-recusar-a-se-ajoelhar-diante-de-imagem-no-mexico\/#article\",\"isPartOf\":{\"@id\":\"https:\/\/radioportoseguro.com.br\/site\/2026\/01\/25\/pastor-e-banido-por-se-recusar-a-se-ajoelhar-diante-de-imagem-no-mexico\/\"},\"author\":{\"name\":\"admin\",\"@id\":\"https:\/\/radioportoseguro.com.br\/site\/#\/schema\/person\/7630acdc320186f13639d3c067ec089b\"},\"headline\":\"Pastor \u00e9 banido por se recusar a se ajoelhar diante de imagem no M\u00e9xico\",\"datePublished\":\"2026-01-25T16:28:29+00:00\",\"mainEntityOfPage\":{\"@id\":\"https:\/\/radioportoseguro.com.br\/site\/2026\/01\/25\/pastor-e-banido-por-se-recusar-a-se-ajoelhar-diante-de-imagem-no-mexico\/\"},\"wordCount\":795,\"image\":{\"@id\":\"https:\/\/radioportoseguro.com.br\/site\/2026\/01\/25\/pastor-e-banido-por-se-recusar-a-se-ajoelhar-diante-de-imagem-no-mexico\/#primaryimage\"},\"thumbnailUrl\":\"https:\/\/radioportoseguro.com.br\/site\/wp-content\/uploads\/2026\/01\/25390144-o-pastor-mariano-velasquez-martinez.jpeg\",\"articleSection\":[\"Destaques\"],\"inLanguage\":\"pt-BR\"},{\"@type\":\"WebPage\",\"@id\":\"https:\/\/radioportoseguro.com.br\/site\/2026\/01\/25\/pastor-e-banido-por-se-recusar-a-se-ajoelhar-diante-de-imagem-no-mexico\/\",\"url\":\"https:\/\/radioportoseguro.com.br\/site\/2026\/01\/25\/pastor-e-banido-por-se-recusar-a-se-ajoelhar-diante-de-imagem-no-mexico\/\",\"name\":\"Pastor \u00e9 banido por se recusar a se ajoelhar diante de imagem no M\u00e9xico - R\u00e1dio Porto Seguro\",\"isPartOf\":{\"@id\":\"https:\/\/radioportoseguro.com.br\/site\/#website\"},\"primaryImageOfPage\":{\"@id\":\"https:\/\/radioportoseguro.com.br\/site\/2026\/01\/25\/pastor-e-banido-por-se-recusar-a-se-ajoelhar-diante-de-imagem-no-mexico\/#primaryimage\"},\"image\":{\"@id\":\"https:\/\/radioportoseguro.com.br\/site\/2026\/01\/25\/pastor-e-banido-por-se-recusar-a-se-ajoelhar-diante-de-imagem-no-mexico\/#primaryimage\"},\"thumbnailUrl\":\"https:\/\/radioportoseguro.com.br\/site\/wp-content\/uploads\/2026\/01\/25390144-o-pastor-mariano-velasquez-martinez.jpeg\",\"datePublished\":\"2026-01-25T16:28:29+00:00\",\"author\":{\"@id\":\"https:\/\/radioportoseguro.com.br\/site\/#\/schema\/person\/7630acdc320186f13639d3c067ec089b\"},\"breadcrumb\":{\"@id\":\"https:\/\/radioportoseguro.com.br\/site\/2026\/01\/25\/pastor-e-banido-por-se-recusar-a-se-ajoelhar-diante-de-imagem-no-mexico\/#breadcrumb\"},\"inLanguage\":\"pt-BR\",\"potentialAction\":[{\"@type\":\"ReadAction\",\"target\":[\"https:\/\/radioportoseguro.com.br\/site\/2026\/01\/25\/pastor-e-banido-por-se-recusar-a-se-ajoelhar-diante-de-imagem-no-mexico\/\"]}]},{\"@type\":\"ImageObject\",\"inLanguage\":\"pt-BR\",\"@id\":\"https:\/\/radioportoseguro.com.br\/site\/2026\/01\/25\/pastor-e-banido-por-se-recusar-a-se-ajoelhar-diante-de-imagem-no-mexico\/#primaryimage\",\"url\":\"https:\/\/radioportoseguro.com.br\/site\/wp-content\/uploads\/2026\/01\/25390144-o-pastor-mariano-velasquez-martinez.jpeg\",\"contentUrl\":\"https:\/\/radioportoseguro.com.br\/site\/wp-content\/uploads\/2026\/01\/25390144-o-pastor-mariano-velasquez-martinez.jpeg\",\"width\":1200,\"height\":600},{\"@type\":\"BreadcrumbList\",\"@id\":\"https:\/\/radioportoseguro.com.br\/site\/2026\/01\/25\/pastor-e-banido-por-se-recusar-a-se-ajoelhar-diante-de-imagem-no-mexico\/#breadcrumb\",\"itemListElement\":[{\"@type\":\"ListItem\",\"position\":1,\"name\":\"In\u00edcio\",\"item\":\"https:\/\/radioportoseguro.com.br\/site\/\"},{\"@type\":\"ListItem\",\"position\":2,\"name\":\"Pastor \u00e9 banido por se recusar a se ajoelhar diante de imagem no M\u00e9xico\"}]},{\"@type\":\"WebSite\",\"@id\":\"https:\/\/radioportoseguro.com.br\/site\/#website\",\"url\":\"https:\/\/radioportoseguro.com.br\/site\/\",\"name\":\"R\u00e1dio Porto Seguro\",\"description\":\"\",\"potentialAction\":[{\"@type\":\"SearchAction\",\"target\":{\"@type\":\"EntryPoint\",\"urlTemplate\":\"https:\/\/radioportoseguro.com.br\/site\/?s={search_term_string}\"},\"query-input\":{\"@type\":\"PropertyValueSpecification\",\"valueRequired\":true,\"valueName\":\"search_term_string\"}}],\"inLanguage\":\"pt-BR\"},{\"@type\":\"Person\",\"@id\":\"https:\/\/radioportoseguro.com.br\/site\/#\/schema\/person\/7630acdc320186f13639d3c067ec089b\",\"name\":\"admin\",\"image\":{\"@type\":\"ImageObject\",\"inLanguage\":\"pt-BR\",\"@id\":\"https:\/\/radioportoseguro.com.br\/site\/#\/schema\/person\/image\/\",\"url\":\"https:\/\/secure.gravatar.com\/avatar\/caacf4dc1eedb68fab0df8e1ed46c448e578b2466351bbcb61e47d2ac0caaef0?s=96&d=mm&r=g\",\"contentUrl\":\"https:\/\/secure.gravatar.com\/avatar\/caacf4dc1eedb68fab0df8e1ed46c448e578b2466351bbcb61e47d2ac0caaef0?s=96&d=mm&r=g\",\"caption\":\"admin\"},\"sameAs\":[\"https:\/\/radioportoseguro.com.br\/site\"],\"url\":\"https:\/\/radioportoseguro.com.br\/site\/author\/hezio\/\"}]}<\/script>\n<!-- \/ Yoast SEO plugin. -->","yoast_head_json":{"title":"Pastor \u00e9 banido por se recusar a se ajoelhar diante de imagem no M\u00e9xico - R\u00e1dio Porto Seguro","robots":{"index":"index","follow":"follow","max-snippet":"max-snippet:-1","max-image-preview":"max-image-preview:large","max-video-preview":"max-video-preview:-1"},"canonical":"https:\/\/radioportoseguro.com.br\/site\/2026\/01\/25\/pastor-e-banido-por-se-recusar-a-se-ajoelhar-diante-de-imagem-no-mexico\/","og_locale":"pt_BR","og_type":"article","og_title":"Pastor \u00e9 banido por se recusar a se ajoelhar diante de imagem no M\u00e9xico - R\u00e1dio Porto Seguro","og_description":"Um pastor foi preso por mais de 48 horas, multado e expulso de sua comunidade ap\u00f3s se recusar a se ajoelhar diante de uma imagem durante uma festa cat\u00f3lica no M\u00e9xico. Mariano Vel\u00e1squez Mart\u00ednez \u2014 no minist\u00e9rio desde 2015 \u2014 foi preso ap\u00f3s se recusar a se ajoelhar e rezar diante de uma imagem em [&hellip;]","og_url":"https:\/\/radioportoseguro.com.br\/site\/2026\/01\/25\/pastor-e-banido-por-se-recusar-a-se-ajoelhar-diante-de-imagem-no-mexico\/","og_site_name":"R\u00e1dio Porto Seguro","article_published_time":"2026-01-25T16:28:29+00:00","og_image":[{"url":"https:\/\/media.guiame.com.br\/archives\/2026\/01\/22\/25390144-o-pastor-mariano-velasquez-martinez.jpeg","type":"","width":"","height":""}],"author":"admin","twitter_card":"summary_large_image","twitter_misc":{"Escrito por":"admin","Est. tempo de leitura":"4 minutos"},"schema":{"@context":"https:\/\/schema.org","@graph":[{"@type":"Article","@id":"https:\/\/radioportoseguro.com.br\/site\/2026\/01\/25\/pastor-e-banido-por-se-recusar-a-se-ajoelhar-diante-de-imagem-no-mexico\/#article","isPartOf":{"@id":"https:\/\/radioportoseguro.com.br\/site\/2026\/01\/25\/pastor-e-banido-por-se-recusar-a-se-ajoelhar-diante-de-imagem-no-mexico\/"},"author":{"name":"admin","@id":"https:\/\/radioportoseguro.com.br\/site\/#\/schema\/person\/7630acdc320186f13639d3c067ec089b"},"headline":"Pastor \u00e9 banido por se recusar a se ajoelhar diante de imagem no M\u00e9xico","datePublished":"2026-01-25T16:28:29+00:00","mainEntityOfPage":{"@id":"https:\/\/radioportoseguro.com.br\/site\/2026\/01\/25\/pastor-e-banido-por-se-recusar-a-se-ajoelhar-diante-de-imagem-no-mexico\/"},"wordCount":795,"image":{"@id":"https:\/\/radioportoseguro.com.br\/site\/2026\/01\/25\/pastor-e-banido-por-se-recusar-a-se-ajoelhar-diante-de-imagem-no-mexico\/#primaryimage"},"thumbnailUrl":"https:\/\/radioportoseguro.com.br\/site\/wp-content\/uploads\/2026\/01\/25390144-o-pastor-mariano-velasquez-martinez.jpeg","articleSection":["Destaques"],"inLanguage":"pt-BR"},{"@type":"WebPage","@id":"https:\/\/radioportoseguro.com.br\/site\/2026\/01\/25\/pastor-e-banido-por-se-recusar-a-se-ajoelhar-diante-de-imagem-no-mexico\/","url":"https:\/\/radioportoseguro.com.br\/site\/2026\/01\/25\/pastor-e-banido-por-se-recusar-a-se-ajoelhar-diante-de-imagem-no-mexico\/","name":"Pastor \u00e9 banido por se recusar a se ajoelhar diante de imagem no M\u00e9xico - R\u00e1dio Porto Seguro","isPartOf":{"@id":"https:\/\/radioportoseguro.com.br\/site\/#website"},"primaryImageOfPage":{"@id":"https:\/\/radioportoseguro.com.br\/site\/2026\/01\/25\/pastor-e-banido-por-se-recusar-a-se-ajoelhar-diante-de-imagem-no-mexico\/#primaryimage"},"image":{"@id":"https:\/\/radioportoseguro.com.br\/site\/2026\/01\/25\/pastor-e-banido-por-se-recusar-a-se-ajoelhar-diante-de-imagem-no-mexico\/#primaryimage"},"thumbnailUrl":"https:\/\/radioportoseguro.com.br\/site\/wp-content\/uploads\/2026\/01\/25390144-o-pastor-mariano-velasquez-martinez.jpeg","datePublished":"2026-01-25T16:28:29+00:00","author":{"@id":"https:\/\/radioportoseguro.com.br\/site\/#\/schema\/person\/7630acdc320186f13639d3c067ec089b"},"breadcrumb":{"@id":"https:\/\/radioportoseguro.com.br\/site\/2026\/01\/25\/pastor-e-banido-por-se-recusar-a-se-ajoelhar-diante-de-imagem-no-mexico\/#breadcrumb"},"inLanguage":"pt-BR","potentialAction":[{"@type":"ReadAction","target":["https:\/\/radioportoseguro.com.br\/site\/2026\/01\/25\/pastor-e-banido-por-se-recusar-a-se-ajoelhar-diante-de-imagem-no-mexico\/"]}]},{"@type":"ImageObject","inLanguage":"pt-BR","@id":"https:\/\/radioportoseguro.com.br\/site\/2026\/01\/25\/pastor-e-banido-por-se-recusar-a-se-ajoelhar-diante-de-imagem-no-mexico\/#primaryimage","url":"https:\/\/radioportoseguro.com.br\/site\/wp-content\/uploads\/2026\/01\/25390144-o-pastor-mariano-velasquez-martinez.jpeg","contentUrl":"https:\/\/radioportoseguro.com.br\/site\/wp-content\/uploads\/2026\/01\/25390144-o-pastor-mariano-velasquez-martinez.jpeg","width":1200,"height":600},{"@type":"BreadcrumbList","@id":"https:\/\/radioportoseguro.com.br\/site\/2026\/01\/25\/pastor-e-banido-por-se-recusar-a-se-ajoelhar-diante-de-imagem-no-mexico\/#breadcrumb","itemListElement":[{"@type":"ListItem","position":1,"name":"In\u00edcio","item":"https:\/\/radioportoseguro.com.br\/site\/"},{"@type":"ListItem","position":2,"name":"Pastor \u00e9 banido por se recusar a se ajoelhar diante de imagem no M\u00e9xico"}]},{"@type":"WebSite","@id":"https:\/\/radioportoseguro.com.br\/site\/#website","url":"https:\/\/radioportoseguro.com.br\/site\/","name":"R\u00e1dio Porto Seguro","description":"","potentialAction":[{"@type":"SearchAction","target":{"@type":"EntryPoint","urlTemplate":"https:\/\/radioportoseguro.com.br\/site\/?s={search_term_string}"},"query-input":{"@type":"PropertyValueSpecification","valueRequired":true,"valueName":"search_term_string"}}],"inLanguage":"pt-BR"},{"@type":"Person","@id":"https:\/\/radioportoseguro.com.br\/site\/#\/schema\/person\/7630acdc320186f13639d3c067ec089b","name":"admin","image":{"@type":"ImageObject","inLanguage":"pt-BR","@id":"https:\/\/radioportoseguro.com.br\/site\/#\/schema\/person\/image\/","url":"https:\/\/secure.gravatar.com\/avatar\/caacf4dc1eedb68fab0df8e1ed46c448e578b2466351bbcb61e47d2ac0caaef0?s=96&d=mm&r=g","contentUrl":"https:\/\/secure.gravatar.com\/avatar\/caacf4dc1eedb68fab0df8e1ed46c448e578b2466351bbcb61e47d2ac0caaef0?s=96&d=mm&r=g","caption":"admin"},"sameAs":["https:\/\/radioportoseguro.com.br\/site"],"url":"https:\/\/radioportoseguro.com.br\/site\/author\/hezio\/"}]}},"_links":{"self":[{"href":"https:\/\/radioportoseguro.com.br\/site\/wp-json\/wp\/v2\/posts\/3463","targetHints":{"allow":["GET"]}}],"collection":[{"href":"https:\/\/radioportoseguro.com.br\/site\/wp-json\/wp\/v2\/posts"}],"about":[{"href":"https:\/\/radioportoseguro.com.br\/site\/wp-json\/wp\/v2\/types\/post"}],"author":[{"embeddable":true,"href":"https:\/\/radioportoseguro.com.br\/site\/wp-json\/wp\/v2\/users\/1"}],"replies":[{"embeddable":true,"href":"https:\/\/radioportoseguro.com.br\/site\/wp-json\/wp\/v2\/comments?post=3463"}],"version-history":[{"count":0,"href":"https:\/\/radioportoseguro.com.br\/site\/wp-json\/wp\/v2\/posts\/3463\/revisions"}],"wp:featuredmedia":[{"embeddable":true,"href":"https:\/\/radioportoseguro.com.br\/site\/wp-json\/wp\/v2\/media\/3464"}],"wp:attachment":[{"href":"https:\/\/radioportoseguro.com.br\/site\/wp-json\/wp\/v2\/media?parent=3463"}],"wp:term":[{"taxonomy":"category","embeddable":true,"href":"https:\/\/radioportoseguro.com.br\/site\/wp-json\/wp\/v2\/categories?post=3463"},{"taxonomy":"post_tag","embeddable":true,"href":"https:\/\/radioportoseguro.com.br\/site\/wp-json\/wp\/v2\/tags?post=3463"}],"curies":[{"name":"wp","href":"https:\/\/api.w.org\/{rel}","templated":true}]}}