{"id":3479,"date":"2026-01-26T16:24:38","date_gmt":"2026-01-26T19:24:38","guid":{"rendered":"https:\/\/radioportoseguro.com.br\/site\/2026\/01\/26\/a-caminhada-de-nikolas-ferreira-quando-deus-move-um-homem-uma-nacao-desperta\/"},"modified":"2026-01-26T16:24:38","modified_gmt":"2026-01-26T19:24:38","slug":"a-caminhada-de-nikolas-ferreira-quando-deus-move-um-homem-uma-nacao-desperta","status":"publish","type":"post","link":"https:\/\/radioportoseguro.com.br\/site\/2026\/01\/26\/a-caminhada-de-nikolas-ferreira-quando-deus-move-um-homem-uma-nacao-desperta\/","title":{"rendered":"A Caminhada de Nikolas Ferreira: quando Deus move um homem, uma na\u00e7\u00e3o desperta"},"content":{"rendered":"<p><br \/>\n<br \/><\/p>\n<div>\n<p>A caminhada de Nikolas Ferreira, de Minas Gerais at\u00e9 Bras\u00edlia, n\u00e3o \u00e9 apenas um deslocamento f\u00edsico. \u00c9 um ato prof\u00e9tico em movimento, um sinal vis\u00edvel de que h\u00e1 momentos em que Deus chama homens a colocarem os p\u00e9s no caminho para que uma na\u00e7\u00e3o volte a lembrar de seus valores. Quando o corpo caminha em obedi\u00eancia, a esperan\u00e7a acompanha.<\/p>\n<p>Na B\u00edblia, caminhar sempre foi linguagem espiritual. Deus disse a Abra\u00e3o: \u201cSai da tua terra\u201d. Josu\u00e9 precisou marchar ao redor de Jeric\u00f3. Jesus percorreu vilas e cidades anunciando o Reino. Caminhar, no contexto b\u00edblico, \u00e9 sinal de prop\u00f3sito, perseveran\u00e7a e alinhamento com um chamado. A jornada de Nikolas ecoa esse princ\u00edpio: n\u00e3o \u00e9 conforto, \u00e9 miss\u00e3o.<\/p>\n<p>Ao longo do percurso, algo espiritual acontece no coletivo. Pessoas que estavam cansadas, desacreditadas e silenciosas come\u00e7am a se levantar. Psicologicamente e espiritualmente, h\u00e1 um despertar: o sentimento de impot\u00eancia d\u00e1 lugar ao pertencimento; o medo cede espa\u00e7o \u00e0 coragem; a solid\u00e3o se transforma em comunh\u00e3o. N\u00e3o houve convoca\u00e7\u00e3o institucional houve conex\u00e3o de esp\u00edrito. Cora\u00e7\u00f5es reconheceram o sinal.<\/p>\n<p>A ades\u00e3o espont\u00e2nea revela um princ\u00edpio b\u00edblico claro: \u201cPelos frutos se conhece a \u00e1rvore\u201d. Quando h\u00e1 coer\u00eancia entre palavra e atitude, Deus gera confian\u00e7a no povo. Caminhar sob sol, cansa\u00e7o e exposi\u00e7\u00e3o n\u00e3o \u00e9 marketing \u00e9 testemunho. N\u00e3o \u00e9 performance \u00e9 entrega. \u00c9 o corpo pagando o pre\u00e7o da convic\u00e7\u00e3o que a boca professa.<\/p>\n<p>Essa caminhada fala mais alto do que discursos. Ela comunica que ainda existem l\u00edderes dispostos a sofrer o desgaste do caminho, a carregar o peso da responsabilidade p\u00fablica e a n\u00e3o negociar princ\u00edpios. Isso reacende valores fundamentais: liberdade com responsabilidade, verdade, justi\u00e7a e participa\u00e7\u00e3o consciente.<\/p>\n<p>Mais do que chegar a Bras\u00edlia, essa caminhada j\u00e1 alcan\u00e7ou almas. E quando consci\u00eancias despertam, estruturas se movem. A B\u00edblia nos ensina que Deus transforma na\u00e7\u00f5es quando encontra pessoas dispostas a andar, mesmo sem ver o fim do caminho.<\/p>\n<p>Porque quando Deus levanta algu\u00e9m para caminhar, n\u00e3o \u00e9 apenas um homem que se move, \u00e9 uma na\u00e7\u00e3o que come\u00e7a a se levantar.<\/p>\n<p>\u00a0<\/p>\n<p><strong>Marisa Lobo<\/strong> (CRP 08\/07512) \u00e9 psic\u00f3loga, mission\u00e1ria,\u00a0ativista pelos direitos da inf\u00e2ncia e da fam\u00edlia e autora de livros sobre sa\u00fade mental, educa\u00e7\u00e3o de filhos e autoestima\u00a0infantil, entre eles &#8220;Por que as pessoas Mentem?&#8221;, &#8220;A Ideologia de G\u00eanero na Educa\u00e7\u00e3o&#8221; e &#8220;Fam\u00edlias em Perigo&#8221;. Especialista em Direitos Humanos, preside o movimento Pr\u00f3-Mulher.<\/p>\n<p><em>* O conte\u00fado do texto acima \u00e9 uma colabora\u00e7\u00e3o volunt\u00e1ria, de total responsabilidade do autor e n\u00e3o reflete necessariamente a opini\u00e3o do Portal Guiame.<\/em><\/p>\n<p>Leia o artigo anterior: <span style=\"color: #800000;\"><strong>O sofrimento silencioso dos adolescentes: Um alerta e um chamado ao cuidado<\/strong><\/span><\/p>\n<p>\u00a0<\/p>\n<\/div>\n<p><br \/>\n<br \/>Fonte: Guiame <\/p>\n","protected":false},"excerpt":{"rendered":"<p>A caminhada de Nikolas Ferreira, de Minas Gerais at\u00e9 Bras\u00edlia, n\u00e3o \u00e9 apenas um deslocamento f\u00edsico. \u00c9 um ato prof\u00e9tico em movimento, um sinal vis\u00edvel de que h\u00e1 momentos em que Deus chama homens a colocarem os p\u00e9s no caminho para que uma na\u00e7\u00e3o volte a lembrar de seus valores. Quando o corpo caminha em [&hellip;]<\/p>\n","protected":false},"author":1,"featured_media":3480,"comment_status":"","ping_status":"open","sticky":false,"template":"","format":"standard","meta":{"footnotes":""},"categories":[43],"tags":[],"class_list":["post-3479","post","type-post","status-publish","format-standard","has-post-thumbnail","hentry","category-destaques"],"yoast_head":"<!-- This site is optimized with the Yoast SEO plugin v26.8 - https:\/\/yoast.com\/product\/yoast-seo-wordpress\/ -->\n<title>A Caminhada de Nikolas Ferreira: quando Deus move um homem, uma na\u00e7\u00e3o desperta - R\u00e1dio Porto Seguro<\/title>\n<meta name=\"robots\" content=\"index, follow, max-snippet:-1, max-image-preview:large, max-video-preview:-1\" \/>\n<link rel=\"canonical\" href=\"https:\/\/radioportoseguro.com.br\/site\/2026\/01\/26\/a-caminhada-de-nikolas-ferreira-quando-deus-move-um-homem-uma-nacao-desperta\/\" \/>\n<meta property=\"og:locale\" content=\"pt_BR\" \/>\n<meta property=\"og:type\" content=\"article\" \/>\n<meta property=\"og:title\" content=\"A Caminhada de Nikolas Ferreira: quando Deus move um homem, uma na\u00e7\u00e3o desperta - R\u00e1dio Porto Seguro\" \/>\n<meta property=\"og:description\" content=\"A caminhada de Nikolas Ferreira, de Minas Gerais at\u00e9 Bras\u00edlia, n\u00e3o \u00e9 apenas um deslocamento f\u00edsico. \u00c9 um ato prof\u00e9tico em movimento, um sinal vis\u00edvel de que h\u00e1 momentos em que Deus chama homens a colocarem os p\u00e9s no caminho para que uma na\u00e7\u00e3o volte a lembrar de seus valores. Quando o corpo caminha em [&hellip;]\" \/>\n<meta property=\"og:url\" content=\"https:\/\/radioportoseguro.com.br\/site\/2026\/01\/26\/a-caminhada-de-nikolas-ferreira-quando-deus-move-um-homem-uma-nacao-desperta\/\" \/>\n<meta property=\"og:site_name\" content=\"R\u00e1dio Porto Seguro\" \/>\n<meta property=\"article:published_time\" content=\"2026-01-26T19:24:38+00:00\" \/>\n<meta property=\"og:image\" content=\"https:\/\/media.guiame.com.br\/archives\/2026\/01\/26\/1835115628-nikolas-ferreira.jpg\" \/>\n<meta name=\"author\" content=\"admin\" \/>\n<meta name=\"twitter:card\" content=\"summary_large_image\" \/>\n<meta name=\"twitter:label1\" content=\"Escrito por\" \/>\n\t<meta name=\"twitter:data1\" content=\"admin\" \/>\n\t<meta name=\"twitter:label2\" content=\"Est. tempo de leitura\" \/>\n\t<meta name=\"twitter:data2\" content=\"2 minutos\" \/>\n<script type=\"application\/ld+json\" class=\"yoast-schema-graph\">{\"@context\":\"https:\/\/schema.org\",\"@graph\":[{\"@type\":\"Article\",\"@id\":\"https:\/\/radioportoseguro.com.br\/site\/2026\/01\/26\/a-caminhada-de-nikolas-ferreira-quando-deus-move-um-homem-uma-nacao-desperta\/#article\",\"isPartOf\":{\"@id\":\"https:\/\/radioportoseguro.com.br\/site\/2026\/01\/26\/a-caminhada-de-nikolas-ferreira-quando-deus-move-um-homem-uma-nacao-desperta\/\"},\"author\":{\"name\":\"admin\",\"@id\":\"https:\/\/radioportoseguro.com.br\/site\/#\/schema\/person\/7630acdc320186f13639d3c067ec089b\"},\"headline\":\"A Caminhada de Nikolas Ferreira: quando Deus move um homem, uma na\u00e7\u00e3o desperta\",\"datePublished\":\"2026-01-26T19:24:38+00:00\",\"mainEntityOfPage\":{\"@id\":\"https:\/\/radioportoseguro.com.br\/site\/2026\/01\/26\/a-caminhada-de-nikolas-ferreira-quando-deus-move-um-homem-uma-nacao-desperta\/\"},\"wordCount\":497,\"image\":{\"@id\":\"https:\/\/radioportoseguro.com.br\/site\/2026\/01\/26\/a-caminhada-de-nikolas-ferreira-quando-deus-move-um-homem-uma-nacao-desperta\/#primaryimage\"},\"thumbnailUrl\":\"https:\/\/radioportoseguro.com.br\/site\/wp-content\/uploads\/2026\/01\/1835115628-nikolas-ferreira.jpg\",\"articleSection\":[\"Destaques\"],\"inLanguage\":\"pt-BR\"},{\"@type\":\"WebPage\",\"@id\":\"https:\/\/radioportoseguro.com.br\/site\/2026\/01\/26\/a-caminhada-de-nikolas-ferreira-quando-deus-move-um-homem-uma-nacao-desperta\/\",\"url\":\"https:\/\/radioportoseguro.com.br\/site\/2026\/01\/26\/a-caminhada-de-nikolas-ferreira-quando-deus-move-um-homem-uma-nacao-desperta\/\",\"name\":\"A Caminhada de Nikolas Ferreira: quando Deus move um homem, uma na\u00e7\u00e3o desperta - R\u00e1dio Porto Seguro\",\"isPartOf\":{\"@id\":\"https:\/\/radioportoseguro.com.br\/site\/#website\"},\"primaryImageOfPage\":{\"@id\":\"https:\/\/radioportoseguro.com.br\/site\/2026\/01\/26\/a-caminhada-de-nikolas-ferreira-quando-deus-move-um-homem-uma-nacao-desperta\/#primaryimage\"},\"image\":{\"@id\":\"https:\/\/radioportoseguro.com.br\/site\/2026\/01\/26\/a-caminhada-de-nikolas-ferreira-quando-deus-move-um-homem-uma-nacao-desperta\/#primaryimage\"},\"thumbnailUrl\":\"https:\/\/radioportoseguro.com.br\/site\/wp-content\/uploads\/2026\/01\/1835115628-nikolas-ferreira.jpg\",\"datePublished\":\"2026-01-26T19:24:38+00:00\",\"author\":{\"@id\":\"https:\/\/radioportoseguro.com.br\/site\/#\/schema\/person\/7630acdc320186f13639d3c067ec089b\"},\"breadcrumb\":{\"@id\":\"https:\/\/radioportoseguro.com.br\/site\/2026\/01\/26\/a-caminhada-de-nikolas-ferreira-quando-deus-move-um-homem-uma-nacao-desperta\/#breadcrumb\"},\"inLanguage\":\"pt-BR\",\"potentialAction\":[{\"@type\":\"ReadAction\",\"target\":[\"https:\/\/radioportoseguro.com.br\/site\/2026\/01\/26\/a-caminhada-de-nikolas-ferreira-quando-deus-move-um-homem-uma-nacao-desperta\/\"]}]},{\"@type\":\"ImageObject\",\"inLanguage\":\"pt-BR\",\"@id\":\"https:\/\/radioportoseguro.com.br\/site\/2026\/01\/26\/a-caminhada-de-nikolas-ferreira-quando-deus-move-um-homem-uma-nacao-desperta\/#primaryimage\",\"url\":\"https:\/\/radioportoseguro.com.br\/site\/wp-content\/uploads\/2026\/01\/1835115628-nikolas-ferreira.jpg\",\"contentUrl\":\"https:\/\/radioportoseguro.com.br\/site\/wp-content\/uploads\/2026\/01\/1835115628-nikolas-ferreira.jpg\",\"width\":1200,\"height\":600},{\"@type\":\"BreadcrumbList\",\"@id\":\"https:\/\/radioportoseguro.com.br\/site\/2026\/01\/26\/a-caminhada-de-nikolas-ferreira-quando-deus-move-um-homem-uma-nacao-desperta\/#breadcrumb\",\"itemListElement\":[{\"@type\":\"ListItem\",\"position\":1,\"name\":\"In\u00edcio\",\"item\":\"https:\/\/radioportoseguro.com.br\/site\/\"},{\"@type\":\"ListItem\",\"position\":2,\"name\":\"A Caminhada de Nikolas Ferreira: quando Deus move um homem, uma na\u00e7\u00e3o desperta\"}]},{\"@type\":\"WebSite\",\"@id\":\"https:\/\/radioportoseguro.com.br\/site\/#website\",\"url\":\"https:\/\/radioportoseguro.com.br\/site\/\",\"name\":\"R\u00e1dio Porto Seguro\",\"description\":\"\",\"potentialAction\":[{\"@type\":\"SearchAction\",\"target\":{\"@type\":\"EntryPoint\",\"urlTemplate\":\"https:\/\/radioportoseguro.com.br\/site\/?s={search_term_string}\"},\"query-input\":{\"@type\":\"PropertyValueSpecification\",\"valueRequired\":true,\"valueName\":\"search_term_string\"}}],\"inLanguage\":\"pt-BR\"},{\"@type\":\"Person\",\"@id\":\"https:\/\/radioportoseguro.com.br\/site\/#\/schema\/person\/7630acdc320186f13639d3c067ec089b\",\"name\":\"admin\",\"image\":{\"@type\":\"ImageObject\",\"inLanguage\":\"pt-BR\",\"@id\":\"https:\/\/radioportoseguro.com.br\/site\/#\/schema\/person\/image\/\",\"url\":\"https:\/\/secure.gravatar.com\/avatar\/caacf4dc1eedb68fab0df8e1ed46c448e578b2466351bbcb61e47d2ac0caaef0?s=96&d=mm&r=g\",\"contentUrl\":\"https:\/\/secure.gravatar.com\/avatar\/caacf4dc1eedb68fab0df8e1ed46c448e578b2466351bbcb61e47d2ac0caaef0?s=96&d=mm&r=g\",\"caption\":\"admin\"},\"sameAs\":[\"https:\/\/radioportoseguro.com.br\/site\"],\"url\":\"https:\/\/radioportoseguro.com.br\/site\/author\/hezio\/\"}]}<\/script>\n<!-- \/ Yoast SEO plugin. -->","yoast_head_json":{"title":"A Caminhada de Nikolas Ferreira: quando Deus move um homem, uma na\u00e7\u00e3o desperta - R\u00e1dio Porto Seguro","robots":{"index":"index","follow":"follow","max-snippet":"max-snippet:-1","max-image-preview":"max-image-preview:large","max-video-preview":"max-video-preview:-1"},"canonical":"https:\/\/radioportoseguro.com.br\/site\/2026\/01\/26\/a-caminhada-de-nikolas-ferreira-quando-deus-move-um-homem-uma-nacao-desperta\/","og_locale":"pt_BR","og_type":"article","og_title":"A Caminhada de Nikolas Ferreira: quando Deus move um homem, uma na\u00e7\u00e3o desperta - R\u00e1dio Porto Seguro","og_description":"A caminhada de Nikolas Ferreira, de Minas Gerais at\u00e9 Bras\u00edlia, n\u00e3o \u00e9 apenas um deslocamento f\u00edsico. \u00c9 um ato prof\u00e9tico em movimento, um sinal vis\u00edvel de que h\u00e1 momentos em que Deus chama homens a colocarem os p\u00e9s no caminho para que uma na\u00e7\u00e3o volte a lembrar de seus valores. Quando o corpo caminha em [&hellip;]","og_url":"https:\/\/radioportoseguro.com.br\/site\/2026\/01\/26\/a-caminhada-de-nikolas-ferreira-quando-deus-move-um-homem-uma-nacao-desperta\/","og_site_name":"R\u00e1dio Porto Seguro","article_published_time":"2026-01-26T19:24:38+00:00","og_image":[{"url":"https:\/\/media.guiame.com.br\/archives\/2026\/01\/26\/1835115628-nikolas-ferreira.jpg","type":"","width":"","height":""}],"author":"admin","twitter_card":"summary_large_image","twitter_misc":{"Escrito por":"admin","Est. tempo de leitura":"2 minutos"},"schema":{"@context":"https:\/\/schema.org","@graph":[{"@type":"Article","@id":"https:\/\/radioportoseguro.com.br\/site\/2026\/01\/26\/a-caminhada-de-nikolas-ferreira-quando-deus-move-um-homem-uma-nacao-desperta\/#article","isPartOf":{"@id":"https:\/\/radioportoseguro.com.br\/site\/2026\/01\/26\/a-caminhada-de-nikolas-ferreira-quando-deus-move-um-homem-uma-nacao-desperta\/"},"author":{"name":"admin","@id":"https:\/\/radioportoseguro.com.br\/site\/#\/schema\/person\/7630acdc320186f13639d3c067ec089b"},"headline":"A Caminhada de Nikolas Ferreira: quando Deus move um homem, uma na\u00e7\u00e3o desperta","datePublished":"2026-01-26T19:24:38+00:00","mainEntityOfPage":{"@id":"https:\/\/radioportoseguro.com.br\/site\/2026\/01\/26\/a-caminhada-de-nikolas-ferreira-quando-deus-move-um-homem-uma-nacao-desperta\/"},"wordCount":497,"image":{"@id":"https:\/\/radioportoseguro.com.br\/site\/2026\/01\/26\/a-caminhada-de-nikolas-ferreira-quando-deus-move-um-homem-uma-nacao-desperta\/#primaryimage"},"thumbnailUrl":"https:\/\/radioportoseguro.com.br\/site\/wp-content\/uploads\/2026\/01\/1835115628-nikolas-ferreira.jpg","articleSection":["Destaques"],"inLanguage":"pt-BR"},{"@type":"WebPage","@id":"https:\/\/radioportoseguro.com.br\/site\/2026\/01\/26\/a-caminhada-de-nikolas-ferreira-quando-deus-move-um-homem-uma-nacao-desperta\/","url":"https:\/\/radioportoseguro.com.br\/site\/2026\/01\/26\/a-caminhada-de-nikolas-ferreira-quando-deus-move-um-homem-uma-nacao-desperta\/","name":"A Caminhada de Nikolas Ferreira: quando Deus move um homem, uma na\u00e7\u00e3o desperta - R\u00e1dio Porto Seguro","isPartOf":{"@id":"https:\/\/radioportoseguro.com.br\/site\/#website"},"primaryImageOfPage":{"@id":"https:\/\/radioportoseguro.com.br\/site\/2026\/01\/26\/a-caminhada-de-nikolas-ferreira-quando-deus-move-um-homem-uma-nacao-desperta\/#primaryimage"},"image":{"@id":"https:\/\/radioportoseguro.com.br\/site\/2026\/01\/26\/a-caminhada-de-nikolas-ferreira-quando-deus-move-um-homem-uma-nacao-desperta\/#primaryimage"},"thumbnailUrl":"https:\/\/radioportoseguro.com.br\/site\/wp-content\/uploads\/2026\/01\/1835115628-nikolas-ferreira.jpg","datePublished":"2026-01-26T19:24:38+00:00","author":{"@id":"https:\/\/radioportoseguro.com.br\/site\/#\/schema\/person\/7630acdc320186f13639d3c067ec089b"},"breadcrumb":{"@id":"https:\/\/radioportoseguro.com.br\/site\/2026\/01\/26\/a-caminhada-de-nikolas-ferreira-quando-deus-move-um-homem-uma-nacao-desperta\/#breadcrumb"},"inLanguage":"pt-BR","potentialAction":[{"@type":"ReadAction","target":["https:\/\/radioportoseguro.com.br\/site\/2026\/01\/26\/a-caminhada-de-nikolas-ferreira-quando-deus-move-um-homem-uma-nacao-desperta\/"]}]},{"@type":"ImageObject","inLanguage":"pt-BR","@id":"https:\/\/radioportoseguro.com.br\/site\/2026\/01\/26\/a-caminhada-de-nikolas-ferreira-quando-deus-move-um-homem-uma-nacao-desperta\/#primaryimage","url":"https:\/\/radioportoseguro.com.br\/site\/wp-content\/uploads\/2026\/01\/1835115628-nikolas-ferreira.jpg","contentUrl":"https:\/\/radioportoseguro.com.br\/site\/wp-content\/uploads\/2026\/01\/1835115628-nikolas-ferreira.jpg","width":1200,"height":600},{"@type":"BreadcrumbList","@id":"https:\/\/radioportoseguro.com.br\/site\/2026\/01\/26\/a-caminhada-de-nikolas-ferreira-quando-deus-move-um-homem-uma-nacao-desperta\/#breadcrumb","itemListElement":[{"@type":"ListItem","position":1,"name":"In\u00edcio","item":"https:\/\/radioportoseguro.com.br\/site\/"},{"@type":"ListItem","position":2,"name":"A Caminhada de Nikolas Ferreira: quando Deus move um homem, uma na\u00e7\u00e3o desperta"}]},{"@type":"WebSite","@id":"https:\/\/radioportoseguro.com.br\/site\/#website","url":"https:\/\/radioportoseguro.com.br\/site\/","name":"R\u00e1dio Porto Seguro","description":"","potentialAction":[{"@type":"SearchAction","target":{"@type":"EntryPoint","urlTemplate":"https:\/\/radioportoseguro.com.br\/site\/?s={search_term_string}"},"query-input":{"@type":"PropertyValueSpecification","valueRequired":true,"valueName":"search_term_string"}}],"inLanguage":"pt-BR"},{"@type":"Person","@id":"https:\/\/radioportoseguro.com.br\/site\/#\/schema\/person\/7630acdc320186f13639d3c067ec089b","name":"admin","image":{"@type":"ImageObject","inLanguage":"pt-BR","@id":"https:\/\/radioportoseguro.com.br\/site\/#\/schema\/person\/image\/","url":"https:\/\/secure.gravatar.com\/avatar\/caacf4dc1eedb68fab0df8e1ed46c448e578b2466351bbcb61e47d2ac0caaef0?s=96&d=mm&r=g","contentUrl":"https:\/\/secure.gravatar.com\/avatar\/caacf4dc1eedb68fab0df8e1ed46c448e578b2466351bbcb61e47d2ac0caaef0?s=96&d=mm&r=g","caption":"admin"},"sameAs":["https:\/\/radioportoseguro.com.br\/site"],"url":"https:\/\/radioportoseguro.com.br\/site\/author\/hezio\/"}]}},"_links":{"self":[{"href":"https:\/\/radioportoseguro.com.br\/site\/wp-json\/wp\/v2\/posts\/3479","targetHints":{"allow":["GET"]}}],"collection":[{"href":"https:\/\/radioportoseguro.com.br\/site\/wp-json\/wp\/v2\/posts"}],"about":[{"href":"https:\/\/radioportoseguro.com.br\/site\/wp-json\/wp\/v2\/types\/post"}],"author":[{"embeddable":true,"href":"https:\/\/radioportoseguro.com.br\/site\/wp-json\/wp\/v2\/users\/1"}],"replies":[{"embeddable":true,"href":"https:\/\/radioportoseguro.com.br\/site\/wp-json\/wp\/v2\/comments?post=3479"}],"version-history":[{"count":0,"href":"https:\/\/radioportoseguro.com.br\/site\/wp-json\/wp\/v2\/posts\/3479\/revisions"}],"wp:featuredmedia":[{"embeddable":true,"href":"https:\/\/radioportoseguro.com.br\/site\/wp-json\/wp\/v2\/media\/3480"}],"wp:attachment":[{"href":"https:\/\/radioportoseguro.com.br\/site\/wp-json\/wp\/v2\/media?parent=3479"}],"wp:term":[{"taxonomy":"category","embeddable":true,"href":"https:\/\/radioportoseguro.com.br\/site\/wp-json\/wp\/v2\/categories?post=3479"},{"taxonomy":"post_tag","embeddable":true,"href":"https:\/\/radioportoseguro.com.br\/site\/wp-json\/wp\/v2\/tags?post=3479"}],"curies":[{"name":"wp","href":"https:\/\/api.w.org\/{rel}","templated":true}]}}