{"id":3496,"date":"2026-01-27T13:22:43","date_gmt":"2026-01-27T16:22:43","guid":{"rendered":"https:\/\/radioportoseguro.com.br\/site\/2026\/01\/27\/quarto-de-guerra-e-a-nova-musica-de-lauriete\/"},"modified":"2026-01-27T13:22:43","modified_gmt":"2026-01-27T16:22:43","slug":"quarto-de-guerra-e-a-nova-musica-de-lauriete","status":"publish","type":"post","link":"https:\/\/radioportoseguro.com.br\/site\/2026\/01\/27\/quarto-de-guerra-e-a-nova-musica-de-lauriete\/","title":{"rendered":"&#8220;Quarto de Guerra&#8221; \u00e9 a nova m\u00fasica de Lauriete"},"content":{"rendered":"<p><br \/>\n<\/p>\n<div id=\"post-body-2972998458390783228\" itemprop=\"articleBody\">\n<meta content=\"A cantora Lauriete come\u00e7ou o ano de 2026 com for\u00e7a total e acaba de lan\u00e7ar ao p\u00fablico sua nova can\u00e7\u00e3o, \u201cQuarto de Guerra\u201d, j\u00e1 dispon\u00edvel em ...\" name=\"twitter:description\"\/><\/p>\n<p><!-- Postagens --><\/p>\n<div class=\"separator\" style=\"clear: both; text-align: center;\"><\/div>\n<p><span style=\"font-family: helvetica;\"><br \/>A cantora Lauriete come\u00e7ou o ano de 2026 com for\u00e7a total e acaba de lan\u00e7ar ao p\u00fablico sua nova can\u00e7\u00e3o, \u201cQuarto de Guerra\u201d, j\u00e1 dispon\u00edvel em todas as plataformas de m\u00fasica. <\/p>\n<p>Escrita por Ricardo Alves e produzida pelo maestro Melk Carvalhedo, a faixa sucede as can\u00e7\u00f5es \u201cEu Vou Prosseguir\u201d e \u201c\u00c9 de Deus\u201d, lan\u00e7adas anteriormente pela cantora. <\/p>\n<p>\u201cQuem conhece o poder da intimidade com Deus em um quarto de ora\u00e7\u00e3o v\u00ea milagres acontecerem em sua casa e na pr\u00f3pria vida. Que essa can\u00e7\u00e3o leve todas as pessoas a descobrirem esse segredo entre Deus e seus filhos\u201d, declarou a artista. <\/p>\n<p>Com uma carreira de quatro d\u00e9cadas, Lauriete se consolidou como um dos maiores nomes da m\u00fasica pentecostal brasileira, sendo reconhecida por sucessos amplamente executados em r\u00e1dios e igrejas de todo o pa\u00eds, como \u201cPalavras\u201d, \u201cDeus dos Deuses\u201d, \u201cDias de Elias\u201d e \u201cSete Trombetas\u201d. <\/p>\n<p>Em sua discografia constam diversos \u00e1lbuns multiplatinados, como \u201cPalavras\u201d, \u201cO Segredo \u00e9 Louvar\u201d, \u201cDeus\u201d e \u201cEnsina-me\u201d, cada um com mais de 200 mil c\u00f3pias vendidas em todo o Brasil. <\/p>\n<p>Assista ao videoclipe de \u201cQuarto de Guerra\u201d e ou\u00e7a a can\u00e7\u00e3o na sua plataforma de m\u00fasica preferida.<\/p>\n<p><\/span><\/p>\n<div><span style=\"font-family: helvetica;\"><br \/><\/span><\/p>\n<div>\n<div class=\"ose-youtube ose-uid-de5aef6ee8b44528aef88f9f83353509 ose-embedpress-responsive\" style=\"width:600px; height:600px; max-height:600px; max-width:100%; display:inline-block;\" data-embed-type=\"Youtube\"><iframe allowFullScreen=\"true\" title=\"Lauriete | Quarto de Guerra (Clipe Oficial)\" width=\"600\" height=\"600\" src=\"https:\/\/www.youtube.com\/embed\/Gz9SRbhU9Lk?feature=oembed&color=red&rel=0&controls=1&start=&end=&fs=0&iv_load_policy=0&autoplay=0&mute=0&modestbranding=0&cc_load_policy=1&playsinline=1\" frameborder=\"0\" allow=\"accelerometer; encrypted-media;accelerometer;autoplay;clipboard-write;gyroscope;picture-in-picture clipboard-write; encrypted-media; gyroscope; picture-in-picture; web-share\" referrerpolicy=\"strict-origin-when-cross-origin\" allowfullscreen><\/iframe><\/div>\n<\/div>\n<\/div>\n<\/div>\n<p><script src=\"https:\/\/connect.facebook.net\/pt_BR\/all.js#xfbml=1\"><\/script><script>\n\/\/<![CDATA[\n(function(d, s, id) {\n  var js, fjs = d.getElementsByTagName(s)[0];\n  if (d.getElementById(id)) return;\n  js = d.createElement(s); js.id = id;\n  js.src = \"\/\/connect.facebook.net\/en_US\/sdk.js#xfbml=1&#038;version=v2.5\";\n  fjs.parentNode.insertBefore(js, fjs);\n}(document, 'script', 'facebook-jssdk'));\n\/\/]]>\ngoogle.com, pub-1504690508349431, DIRECT, f08c47fec0942fa0\n<\/script><br \/>\n<br \/><br \/>\n<br \/>Fonte: News Gospel<\/p>\n","protected":false},"excerpt":{"rendered":"<p>A cantora Lauriete come\u00e7ou o ano de 2026 com for\u00e7a total e acaba de lan\u00e7ar ao p\u00fablico sua nova can\u00e7\u00e3o, \u201cQuarto de Guerra\u201d, j\u00e1 dispon\u00edvel em todas as plataformas de m\u00fasica. Escrita por Ricardo Alves e produzida pelo maestro Melk Carvalhedo, a faixa sucede as can\u00e7\u00f5es \u201cEu Vou Prosseguir\u201d e \u201c\u00c9 de Deus\u201d, lan\u00e7adas anteriormente [&hellip;]<\/p>\n","protected":false},"author":1,"featured_media":3497,"comment_status":"","ping_status":"open","sticky":false,"template":"","format":"standard","meta":{"footnotes":""},"categories":[4],"tags":[],"class_list":["post-3496","post","type-post","status-publish","format-standard","has-post-thumbnail","hentry","category-musica"],"yoast_head":"<!-- This site is optimized with the Yoast SEO plugin v26.8 - https:\/\/yoast.com\/product\/yoast-seo-wordpress\/ -->\n<title>&quot;Quarto de Guerra&quot; \u00e9 a nova m\u00fasica de Lauriete - R\u00e1dio Porto Seguro<\/title>\n<meta name=\"robots\" content=\"index, follow, max-snippet:-1, max-image-preview:large, max-video-preview:-1\" \/>\n<link rel=\"canonical\" href=\"https:\/\/radioportoseguro.com.br\/site\/2026\/01\/27\/quarto-de-guerra-e-a-nova-musica-de-lauriete\/\" \/>\n<meta property=\"og:locale\" content=\"pt_BR\" \/>\n<meta property=\"og:type\" content=\"article\" \/>\n<meta property=\"og:title\" content=\"&quot;Quarto de Guerra&quot; \u00e9 a nova m\u00fasica de Lauriete - R\u00e1dio Porto Seguro\" \/>\n<meta property=\"og:description\" content=\"A cantora Lauriete come\u00e7ou o ano de 2026 com for\u00e7a total e acaba de lan\u00e7ar ao p\u00fablico sua nova can\u00e7\u00e3o, \u201cQuarto de Guerra\u201d, j\u00e1 dispon\u00edvel em todas as plataformas de m\u00fasica. Escrita por Ricardo Alves e produzida pelo maestro Melk Carvalhedo, a faixa sucede as can\u00e7\u00f5es \u201cEu Vou Prosseguir\u201d e \u201c\u00c9 de Deus\u201d, lan\u00e7adas anteriormente [&hellip;]\" \/>\n<meta property=\"og:url\" content=\"https:\/\/radioportoseguro.com.br\/site\/2026\/01\/27\/quarto-de-guerra-e-a-nova-musica-de-lauriete\/\" \/>\n<meta property=\"og:site_name\" content=\"R\u00e1dio Porto Seguro\" \/>\n<meta property=\"article:published_time\" content=\"2026-01-27T16:22:43+00:00\" \/>\n<meta property=\"og:image\" content=\"https:\/\/blogger.googleusercontent.com\/img\/b\/R29vZ2xl\/AVvXsEj5Otw4iHOsmAJPEGRup9ME3PurX6jWp-xFHbep48motJCAnAyq2amD1F3RTEq3ZO9Kd1NcN15dNnWseeUDGajopnLJdiWbeV1OtpDmc6lNAKADcRqiW0U2YqSxyZWCu_f_YnYVX769ODQUYgYoln9QsiCoNLf1e3ekINiGGkHyMGksb5J6-RsZt1Vw26jV\/s16000\/Lauriete01.png\" \/>\n<meta name=\"author\" content=\"admin\" \/>\n<meta name=\"twitter:card\" content=\"summary_large_image\" \/>\n<meta name=\"twitter:label1\" content=\"Escrito por\" \/>\n\t<meta name=\"twitter:data1\" content=\"admin\" \/>\n\t<meta name=\"twitter:label2\" content=\"Est. tempo de leitura\" \/>\n\t<meta name=\"twitter:data2\" content=\"1 minuto\" \/>\n<script type=\"application\/ld+json\" class=\"yoast-schema-graph\">{\"@context\":\"https:\/\/schema.org\",\"@graph\":[{\"@type\":\"Article\",\"@id\":\"https:\/\/radioportoseguro.com.br\/site\/2026\/01\/27\/quarto-de-guerra-e-a-nova-musica-de-lauriete\/#article\",\"isPartOf\":{\"@id\":\"https:\/\/radioportoseguro.com.br\/site\/2026\/01\/27\/quarto-de-guerra-e-a-nova-musica-de-lauriete\/\"},\"author\":{\"name\":\"admin\",\"@id\":\"https:\/\/radioportoseguro.com.br\/site\/#\/schema\/person\/7630acdc320186f13639d3c067ec089b\"},\"headline\":\"&#8220;Quarto de Guerra&#8221; \u00e9 a nova m\u00fasica de Lauriete\",\"datePublished\":\"2026-01-27T16:22:43+00:00\",\"mainEntityOfPage\":{\"@id\":\"https:\/\/radioportoseguro.com.br\/site\/2026\/01\/27\/quarto-de-guerra-e-a-nova-musica-de-lauriete\/\"},\"wordCount\":229,\"image\":{\"@id\":\"https:\/\/radioportoseguro.com.br\/site\/2026\/01\/27\/quarto-de-guerra-e-a-nova-musica-de-lauriete\/#primaryimage\"},\"thumbnailUrl\":\"https:\/\/radioportoseguro.com.br\/site\/wp-content\/uploads\/2026\/01\/Lauriete01.png\",\"articleSection\":[\"M\u00fasica\"],\"inLanguage\":\"pt-BR\"},{\"@type\":\"WebPage\",\"@id\":\"https:\/\/radioportoseguro.com.br\/site\/2026\/01\/27\/quarto-de-guerra-e-a-nova-musica-de-lauriete\/\",\"url\":\"https:\/\/radioportoseguro.com.br\/site\/2026\/01\/27\/quarto-de-guerra-e-a-nova-musica-de-lauriete\/\",\"name\":\"\\\"Quarto de Guerra\\\" \u00e9 a nova m\u00fasica de Lauriete - R\u00e1dio Porto Seguro\",\"isPartOf\":{\"@id\":\"https:\/\/radioportoseguro.com.br\/site\/#website\"},\"primaryImageOfPage\":{\"@id\":\"https:\/\/radioportoseguro.com.br\/site\/2026\/01\/27\/quarto-de-guerra-e-a-nova-musica-de-lauriete\/#primaryimage\"},\"image\":{\"@id\":\"https:\/\/radioportoseguro.com.br\/site\/2026\/01\/27\/quarto-de-guerra-e-a-nova-musica-de-lauriete\/#primaryimage\"},\"thumbnailUrl\":\"https:\/\/radioportoseguro.com.br\/site\/wp-content\/uploads\/2026\/01\/Lauriete01.png\",\"datePublished\":\"2026-01-27T16:22:43+00:00\",\"author\":{\"@id\":\"https:\/\/radioportoseguro.com.br\/site\/#\/schema\/person\/7630acdc320186f13639d3c067ec089b\"},\"breadcrumb\":{\"@id\":\"https:\/\/radioportoseguro.com.br\/site\/2026\/01\/27\/quarto-de-guerra-e-a-nova-musica-de-lauriete\/#breadcrumb\"},\"inLanguage\":\"pt-BR\",\"potentialAction\":[{\"@type\":\"ReadAction\",\"target\":[\"https:\/\/radioportoseguro.com.br\/site\/2026\/01\/27\/quarto-de-guerra-e-a-nova-musica-de-lauriete\/\"]}]},{\"@type\":\"ImageObject\",\"inLanguage\":\"pt-BR\",\"@id\":\"https:\/\/radioportoseguro.com.br\/site\/2026\/01\/27\/quarto-de-guerra-e-a-nova-musica-de-lauriete\/#primaryimage\",\"url\":\"https:\/\/radioportoseguro.com.br\/site\/wp-content\/uploads\/2026\/01\/Lauriete01.png\",\"contentUrl\":\"https:\/\/radioportoseguro.com.br\/site\/wp-content\/uploads\/2026\/01\/Lauriete01.png\",\"width\":998,\"height\":630},{\"@type\":\"BreadcrumbList\",\"@id\":\"https:\/\/radioportoseguro.com.br\/site\/2026\/01\/27\/quarto-de-guerra-e-a-nova-musica-de-lauriete\/#breadcrumb\",\"itemListElement\":[{\"@type\":\"ListItem\",\"position\":1,\"name\":\"In\u00edcio\",\"item\":\"https:\/\/radioportoseguro.com.br\/site\/\"},{\"@type\":\"ListItem\",\"position\":2,\"name\":\"&#8220;Quarto de Guerra&#8221; \u00e9 a nova m\u00fasica de Lauriete\"}]},{\"@type\":\"WebSite\",\"@id\":\"https:\/\/radioportoseguro.com.br\/site\/#website\",\"url\":\"https:\/\/radioportoseguro.com.br\/site\/\",\"name\":\"R\u00e1dio Porto Seguro\",\"description\":\"\",\"potentialAction\":[{\"@type\":\"SearchAction\",\"target\":{\"@type\":\"EntryPoint\",\"urlTemplate\":\"https:\/\/radioportoseguro.com.br\/site\/?s={search_term_string}\"},\"query-input\":{\"@type\":\"PropertyValueSpecification\",\"valueRequired\":true,\"valueName\":\"search_term_string\"}}],\"inLanguage\":\"pt-BR\"},{\"@type\":\"Person\",\"@id\":\"https:\/\/radioportoseguro.com.br\/site\/#\/schema\/person\/7630acdc320186f13639d3c067ec089b\",\"name\":\"admin\",\"image\":{\"@type\":\"ImageObject\",\"inLanguage\":\"pt-BR\",\"@id\":\"https:\/\/radioportoseguro.com.br\/site\/#\/schema\/person\/image\/\",\"url\":\"https:\/\/secure.gravatar.com\/avatar\/caacf4dc1eedb68fab0df8e1ed46c448e578b2466351bbcb61e47d2ac0caaef0?s=96&d=mm&r=g\",\"contentUrl\":\"https:\/\/secure.gravatar.com\/avatar\/caacf4dc1eedb68fab0df8e1ed46c448e578b2466351bbcb61e47d2ac0caaef0?s=96&d=mm&r=g\",\"caption\":\"admin\"},\"sameAs\":[\"https:\/\/radioportoseguro.com.br\/site\"],\"url\":\"https:\/\/radioportoseguro.com.br\/site\/author\/hezio\/\"}]}<\/script>\n<!-- \/ Yoast SEO plugin. -->","yoast_head_json":{"title":"\"Quarto de Guerra\" \u00e9 a nova m\u00fasica de Lauriete - R\u00e1dio Porto Seguro","robots":{"index":"index","follow":"follow","max-snippet":"max-snippet:-1","max-image-preview":"max-image-preview:large","max-video-preview":"max-video-preview:-1"},"canonical":"https:\/\/radioportoseguro.com.br\/site\/2026\/01\/27\/quarto-de-guerra-e-a-nova-musica-de-lauriete\/","og_locale":"pt_BR","og_type":"article","og_title":"\"Quarto de Guerra\" \u00e9 a nova m\u00fasica de Lauriete - R\u00e1dio Porto Seguro","og_description":"A cantora Lauriete come\u00e7ou o ano de 2026 com for\u00e7a total e acaba de lan\u00e7ar ao p\u00fablico sua nova can\u00e7\u00e3o, \u201cQuarto de Guerra\u201d, j\u00e1 dispon\u00edvel em todas as plataformas de m\u00fasica. Escrita por Ricardo Alves e produzida pelo maestro Melk Carvalhedo, a faixa sucede as can\u00e7\u00f5es \u201cEu Vou Prosseguir\u201d e \u201c\u00c9 de Deus\u201d, lan\u00e7adas anteriormente [&hellip;]","og_url":"https:\/\/radioportoseguro.com.br\/site\/2026\/01\/27\/quarto-de-guerra-e-a-nova-musica-de-lauriete\/","og_site_name":"R\u00e1dio Porto Seguro","article_published_time":"2026-01-27T16:22:43+00:00","og_image":[{"url":"https:\/\/blogger.googleusercontent.com\/img\/b\/R29vZ2xl\/AVvXsEj5Otw4iHOsmAJPEGRup9ME3PurX6jWp-xFHbep48motJCAnAyq2amD1F3RTEq3ZO9Kd1NcN15dNnWseeUDGajopnLJdiWbeV1OtpDmc6lNAKADcRqiW0U2YqSxyZWCu_f_YnYVX769ODQUYgYoln9QsiCoNLf1e3ekINiGGkHyMGksb5J6-RsZt1Vw26jV\/s16000\/Lauriete01.png","type":"","width":"","height":""}],"author":"admin","twitter_card":"summary_large_image","twitter_misc":{"Escrito por":"admin","Est. tempo de leitura":"1 minuto"},"schema":{"@context":"https:\/\/schema.org","@graph":[{"@type":"Article","@id":"https:\/\/radioportoseguro.com.br\/site\/2026\/01\/27\/quarto-de-guerra-e-a-nova-musica-de-lauriete\/#article","isPartOf":{"@id":"https:\/\/radioportoseguro.com.br\/site\/2026\/01\/27\/quarto-de-guerra-e-a-nova-musica-de-lauriete\/"},"author":{"name":"admin","@id":"https:\/\/radioportoseguro.com.br\/site\/#\/schema\/person\/7630acdc320186f13639d3c067ec089b"},"headline":"&#8220;Quarto de Guerra&#8221; \u00e9 a nova m\u00fasica de Lauriete","datePublished":"2026-01-27T16:22:43+00:00","mainEntityOfPage":{"@id":"https:\/\/radioportoseguro.com.br\/site\/2026\/01\/27\/quarto-de-guerra-e-a-nova-musica-de-lauriete\/"},"wordCount":229,"image":{"@id":"https:\/\/radioportoseguro.com.br\/site\/2026\/01\/27\/quarto-de-guerra-e-a-nova-musica-de-lauriete\/#primaryimage"},"thumbnailUrl":"https:\/\/radioportoseguro.com.br\/site\/wp-content\/uploads\/2026\/01\/Lauriete01.png","articleSection":["M\u00fasica"],"inLanguage":"pt-BR"},{"@type":"WebPage","@id":"https:\/\/radioportoseguro.com.br\/site\/2026\/01\/27\/quarto-de-guerra-e-a-nova-musica-de-lauriete\/","url":"https:\/\/radioportoseguro.com.br\/site\/2026\/01\/27\/quarto-de-guerra-e-a-nova-musica-de-lauriete\/","name":"\"Quarto de Guerra\" \u00e9 a nova m\u00fasica de Lauriete - R\u00e1dio Porto Seguro","isPartOf":{"@id":"https:\/\/radioportoseguro.com.br\/site\/#website"},"primaryImageOfPage":{"@id":"https:\/\/radioportoseguro.com.br\/site\/2026\/01\/27\/quarto-de-guerra-e-a-nova-musica-de-lauriete\/#primaryimage"},"image":{"@id":"https:\/\/radioportoseguro.com.br\/site\/2026\/01\/27\/quarto-de-guerra-e-a-nova-musica-de-lauriete\/#primaryimage"},"thumbnailUrl":"https:\/\/radioportoseguro.com.br\/site\/wp-content\/uploads\/2026\/01\/Lauriete01.png","datePublished":"2026-01-27T16:22:43+00:00","author":{"@id":"https:\/\/radioportoseguro.com.br\/site\/#\/schema\/person\/7630acdc320186f13639d3c067ec089b"},"breadcrumb":{"@id":"https:\/\/radioportoseguro.com.br\/site\/2026\/01\/27\/quarto-de-guerra-e-a-nova-musica-de-lauriete\/#breadcrumb"},"inLanguage":"pt-BR","potentialAction":[{"@type":"ReadAction","target":["https:\/\/radioportoseguro.com.br\/site\/2026\/01\/27\/quarto-de-guerra-e-a-nova-musica-de-lauriete\/"]}]},{"@type":"ImageObject","inLanguage":"pt-BR","@id":"https:\/\/radioportoseguro.com.br\/site\/2026\/01\/27\/quarto-de-guerra-e-a-nova-musica-de-lauriete\/#primaryimage","url":"https:\/\/radioportoseguro.com.br\/site\/wp-content\/uploads\/2026\/01\/Lauriete01.png","contentUrl":"https:\/\/radioportoseguro.com.br\/site\/wp-content\/uploads\/2026\/01\/Lauriete01.png","width":998,"height":630},{"@type":"BreadcrumbList","@id":"https:\/\/radioportoseguro.com.br\/site\/2026\/01\/27\/quarto-de-guerra-e-a-nova-musica-de-lauriete\/#breadcrumb","itemListElement":[{"@type":"ListItem","position":1,"name":"In\u00edcio","item":"https:\/\/radioportoseguro.com.br\/site\/"},{"@type":"ListItem","position":2,"name":"&#8220;Quarto de Guerra&#8221; \u00e9 a nova m\u00fasica de Lauriete"}]},{"@type":"WebSite","@id":"https:\/\/radioportoseguro.com.br\/site\/#website","url":"https:\/\/radioportoseguro.com.br\/site\/","name":"R\u00e1dio Porto Seguro","description":"","potentialAction":[{"@type":"SearchAction","target":{"@type":"EntryPoint","urlTemplate":"https:\/\/radioportoseguro.com.br\/site\/?s={search_term_string}"},"query-input":{"@type":"PropertyValueSpecification","valueRequired":true,"valueName":"search_term_string"}}],"inLanguage":"pt-BR"},{"@type":"Person","@id":"https:\/\/radioportoseguro.com.br\/site\/#\/schema\/person\/7630acdc320186f13639d3c067ec089b","name":"admin","image":{"@type":"ImageObject","inLanguage":"pt-BR","@id":"https:\/\/radioportoseguro.com.br\/site\/#\/schema\/person\/image\/","url":"https:\/\/secure.gravatar.com\/avatar\/caacf4dc1eedb68fab0df8e1ed46c448e578b2466351bbcb61e47d2ac0caaef0?s=96&d=mm&r=g","contentUrl":"https:\/\/secure.gravatar.com\/avatar\/caacf4dc1eedb68fab0df8e1ed46c448e578b2466351bbcb61e47d2ac0caaef0?s=96&d=mm&r=g","caption":"admin"},"sameAs":["https:\/\/radioportoseguro.com.br\/site"],"url":"https:\/\/radioportoseguro.com.br\/site\/author\/hezio\/"}]}},"_links":{"self":[{"href":"https:\/\/radioportoseguro.com.br\/site\/wp-json\/wp\/v2\/posts\/3496","targetHints":{"allow":["GET"]}}],"collection":[{"href":"https:\/\/radioportoseguro.com.br\/site\/wp-json\/wp\/v2\/posts"}],"about":[{"href":"https:\/\/radioportoseguro.com.br\/site\/wp-json\/wp\/v2\/types\/post"}],"author":[{"embeddable":true,"href":"https:\/\/radioportoseguro.com.br\/site\/wp-json\/wp\/v2\/users\/1"}],"replies":[{"embeddable":true,"href":"https:\/\/radioportoseguro.com.br\/site\/wp-json\/wp\/v2\/comments?post=3496"}],"version-history":[{"count":0,"href":"https:\/\/radioportoseguro.com.br\/site\/wp-json\/wp\/v2\/posts\/3496\/revisions"}],"wp:featuredmedia":[{"embeddable":true,"href":"https:\/\/radioportoseguro.com.br\/site\/wp-json\/wp\/v2\/media\/3497"}],"wp:attachment":[{"href":"https:\/\/radioportoseguro.com.br\/site\/wp-json\/wp\/v2\/media?parent=3496"}],"wp:term":[{"taxonomy":"category","embeddable":true,"href":"https:\/\/radioportoseguro.com.br\/site\/wp-json\/wp\/v2\/categories?post=3496"},{"taxonomy":"post_tag","embeddable":true,"href":"https:\/\/radioportoseguro.com.br\/site\/wp-json\/wp\/v2\/tags?post=3496"}],"curies":[{"name":"wp","href":"https:\/\/api.w.org\/{rel}","templated":true}]}}